{"id":134173,"date":"2022-04-19T14:27:47","date_gmt":"2022-04-19T13:27:47","guid":{"rendered":"https:\/\/radioljubuski.ba\/?p=134173"},"modified":"2022-04-19T14:27:49","modified_gmt":"2022-04-19T13:27:49","slug":"u-sve-nove-aute-u-eu-stize-uredaj-za-blokiranje-prebrze-voznje","status":"publish","type":"post","link":"https:\/\/radioljubuski.ba\/index.php\/2022\/04\/19\/u-sve-nove-aute-u-eu-stize-uredaj-za-blokiranje-prebrze-voznje\/","title":{"rendered":"U sve nove aute u EU sti\u017ee ure\u0111aj za blokiranje prebrze vo\u017enje"},"content":{"rendered":"\n<p>Prema izvje\u0161\u0107u, svi novi automobili trebali bi biti opremljeni limiterima brzine, kako bi bili u skladu s novim propisima Europske unije.<\/p>\n\n\n\n<p>Ministri \u0107e uskoro najaviti brojne nove mjere sigurnosti vozila, od kojih \u0107e neki smanjivati snagu motora ako voza\u010di prije\u0111u odre\u0111enu brzinu, izvje\u0161tava <a href=\"https:\/\/www.telegraph.co.uk\/news\/2022\/04\/15\/eu-style-devices-stop-drivers-speeding-may-fitted-new-cars\/\" target=\"_blank\" rel=\"noreferrer noopener\">Daily Telegraph, <\/a>a prenosi <a href=\"https:\/\/www.jutarnji.hr\/autoklub\/aktualno\/to-je-kampanja-protiv-vozaca-u-sve-nove-aute-u-eu-stize-uredaj-za-blokiranje-prebrze-voznje-15185258\" target=\"_blank\" rel=\"noreferrer noopener\">Jutarnji<\/a>.<\/p>\n\n\n\n<p>Tehnologija, nazvana &#8220;inteligentna pomo\u0107 pri brzini&#8221;, ovisi o GPS pra\u0107enju i kamerama na vozilu, a du\u017enosnici EU su je ranije opisali kao &#8220;veliki korak naprijed&#8221; \u0161to se ti\u010de sigurnosti na prometnicama.<\/p>\n\n\n\n<p>Zastupnik britanskog parlamenta Craig Mackinlay, koji je predsjednik parlamentarne skupine Fiar Fuel UK Motorists and Hauliers, rekao je da prijedlozi zvu\u010de &#8220;vrlo nekonzervativno&#8221;.<\/p>\n\n\n\n<p>\u201cOvo \u0107e potpuno uni\u0161titi tr\u017ei\u0161te luksuznih automobila, a mislim da toliko aspekata kampanje protiv voza\u010da sada dolazi do izra\u017eaja&#8221;, rekao je.<\/p>\n\n\n\n<p>&#8220;Ovo je samo jo\u0161 jedan Big Brother u kokpitu. Vidjet \u0107emo vi\u0161e ovoga ako krenemo u smjeru odre\u0111ivanja cijena cesta. Mislim da ljudi nisu razmi\u0161ljali o aspektima slobode svega ovoga. Samo zvu\u010di vrlo nekonzervativno&#8221;.<\/p>\n\n\n\n<p>Neki proizvo\u0111a\u010di poput Forda i Citroena ve\u0107 su po\u010deli koristiti tehnologiju ograni\u010davanja brzine u svojim vozilima. Edmund King, predsjednik AA-a, rekao je da bi ograni\u010denja brzine na cestama trebala biti vrlo to\u010dna na digitalnom sustavu kako bi se osiguralo da nema problema.<\/p>\n\n\n\n<p>&#8220;Ograni\u010denja brzine moraju biti potpuno to\u010dna jer automobil reagira na ograni\u010denje brzine. Ako imate pogre\u0161no ograni\u010denje brzine u digitalnom sustavu, to bi vas moglo usporiti na pogre\u0161nu brzinu ili vam omogu\u0107iti da ubrzate do pogre\u0161ne brzine&#8221;.<\/p>\n\n\n\n<p>Ministarstvo za promet (DfT) priop\u0107ilo je da nisu donesene odluke o tome koje \u0107e sigurnosne propise UK slijediti. Glasnogovornik je dodao: \u201cOdlazak Ujedinjenog Kraljevstva iz EU-a pru\u017ea nam platformu za kapitaliziranje na\u0161ih regulatornih sloboda.<\/p>\n\n\n\n<p>Izvor:jutarnji.hr<\/p>\n","protected":false},"excerpt":{"rendered":"<p>Prema izvje\u0161\u0107u, svi novi automobili trebali bi biti opremljeni limiterima brzine, kako bi bili u skladu s novim propisima Europske unije. Ministri \u0107e uskoro najaviti brojne nove mjere sigurnosti vozila, od kojih \u0107e neki smanjivati snagu motora ako voza\u010di prije\u0111u odre\u0111enu brzinu, izvje\u0161tava Daily Telegraph, a prenosi Jutarnji. Tehnologija, nazvana &#8220;inteligentna pomo\u0107 pri brzini&#8221;, ovisi [&hellip;]<\/p>\n","protected":false},"author":2,"featured_media":134174,"comment_status":"closed","ping_status":"closed","sticky":false,"template":"","format":"standard","meta":{"h5ap_radio_sources":[],"footnotes":""},"categories":[1],"tags":[],"class_list":["post-134173","post","type-post","status-publish","format-standard","has-post-thumbnail","hentry","category-bihiregija"],"yoast_head":"<!-- This site is optimized with the Yoast SEO plugin v27.4 - https:\/\/yoast.com\/product\/yoast-seo-wordpress\/ -->\n<title>U sve nove aute u EU sti\u017ee ure\u0111aj za blokiranje prebrze vo\u017enje - RADIO LJUBU\u0160KI<\/title>\n<meta name=\"robots\" content=\"index, follow, max-snippet:-1, max-image-preview:large, max-video-preview:-1\" \/>\n<link rel=\"canonical\" href=\"https:\/\/radioljubuski.ba\/index.php\/2022\/04\/19\/u-sve-nove-aute-u-eu-stize-uredaj-za-blokiranje-prebrze-voznje\/\" \/>\n<meta property=\"og:locale\" content=\"hr_HR\" \/>\n<meta property=\"og:type\" content=\"article\" \/>\n<meta property=\"og:title\" content=\"U sve nove aute u EU sti\u017ee ure\u0111aj za blokiranje prebrze vo\u017enje - RADIO LJUBU\u0160KI\" \/>\n<meta property=\"og:description\" content=\"Prema izvje\u0161\u0107u, svi novi automobili trebali bi biti opremljeni limiterima brzine, kako bi bili u skladu s novim propisima Europske unije. Ministri \u0107e uskoro najaviti brojne nove mjere sigurnosti vozila, od kojih \u0107e neki smanjivati snagu motora ako voza\u010di prije\u0111u odre\u0111enu brzinu, izvje\u0161tava Daily Telegraph, a prenosi Jutarnji. Tehnologija, nazvana &#8220;inteligentna pomo\u0107 pri brzini&#8221;, ovisi [&hellip;]\" \/>\n<meta property=\"og:url\" content=\"https:\/\/radioljubuski.ba\/index.php\/2022\/04\/19\/u-sve-nove-aute-u-eu-stize-uredaj-za-blokiranje-prebrze-voznje\/\" \/>\n<meta property=\"og:site_name\" content=\"RADIO LJUBU\u0160KI\" \/>\n<meta property=\"article:publisher\" content=\"https:\/\/www.facebook.com\/Radiio-Ljubuski-1490835324566332\" \/>\n<meta property=\"article:published_time\" content=\"2022-04-19T13:27:47+00:00\" \/>\n<meta property=\"article:modified_time\" content=\"2022-04-19T13:27:49+00:00\" \/>\n<meta property=\"og:image\" content=\"https:\/\/radioljubuski.ba\/wp-content\/uploads\/2022\/04\/8-2022-04-19-14-34-23-LIMITATOR-BRZINE.jpg\" \/>\n\t<meta property=\"og:image:width\" content=\"1000\" \/>\n\t<meta property=\"og:image:height\" content=\"625\" \/>\n\t<meta property=\"og:image:type\" content=\"image\/jpeg\" \/>\n<meta name=\"author\" content=\"Radio Ljubu\u0161ki\" \/>\n<meta name=\"twitter:card\" content=\"summary_large_image\" \/>\n<meta name=\"twitter:creator\" content=\"@radioljubuski\" \/>\n<meta name=\"twitter:site\" content=\"@radioljubuski\" \/>\n<meta name=\"twitter:label1\" content=\"Napisao\/la\" \/>\n\t<meta name=\"twitter:data1\" content=\"Radio Ljubu\u0161ki\" \/>\n\t<meta name=\"twitter:label2\" content=\"Procijenjeno vrijeme \u010ditanja\" \/>\n\t<meta name=\"twitter:data2\" content=\"2 minute\" \/>\n<script type=\"application\/ld+json\" class=\"yoast-schema-graph\">{\"@context\":\"https:\\\/\\\/schema.org\",\"@graph\":[{\"@type\":\"Article\",\"@id\":\"https:\\\/\\\/radioljubuski.ba\\\/index.php\\\/2022\\\/04\\\/19\\\/u-sve-nove-aute-u-eu-stize-uredaj-za-blokiranje-prebrze-voznje\\\/#article\",\"isPartOf\":{\"@id\":\"https:\\\/\\\/radioljubuski.ba\\\/index.php\\\/2022\\\/04\\\/19\\\/u-sve-nove-aute-u-eu-stize-uredaj-za-blokiranje-prebrze-voznje\\\/\"},\"author\":{\"name\":\"Radio Ljubu\u0161ki\",\"@id\":\"https:\\\/\\\/radioljubuski.ba\\\/#\\\/schema\\\/person\\\/19fc700381a780f69665d7956c469e3b\"},\"headline\":\"U sve nove aute u EU sti\u017ee ure\u0111aj za blokiranje prebrze vo\u017enje\",\"datePublished\":\"2022-04-19T13:27:47+00:00\",\"dateModified\":\"2022-04-19T13:27:49+00:00\",\"mainEntityOfPage\":{\"@id\":\"https:\\\/\\\/radioljubuski.ba\\\/index.php\\\/2022\\\/04\\\/19\\\/u-sve-nove-aute-u-eu-stize-uredaj-za-blokiranje-prebrze-voznje\\\/\"},\"wordCount\":322,\"publisher\":{\"@id\":\"https:\\\/\\\/radioljubuski.ba\\\/#organization\"},\"image\":{\"@id\":\"https:\\\/\\\/radioljubuski.ba\\\/index.php\\\/2022\\\/04\\\/19\\\/u-sve-nove-aute-u-eu-stize-uredaj-za-blokiranje-prebrze-voznje\\\/#primaryimage\"},\"thumbnailUrl\":\"https:\\\/\\\/radioljubuski.ba\\\/wp-content\\\/uploads\\\/2022\\\/04\\\/8-2022-04-19-14-34-23-LIMITATOR-BRZINE.jpg\",\"articleSection\":[\"BIH i regija\"],\"inLanguage\":\"hr\"},{\"@type\":\"WebPage\",\"@id\":\"https:\\\/\\\/radioljubuski.ba\\\/index.php\\\/2022\\\/04\\\/19\\\/u-sve-nove-aute-u-eu-stize-uredaj-za-blokiranje-prebrze-voznje\\\/\",\"url\":\"https:\\\/\\\/radioljubuski.ba\\\/index.php\\\/2022\\\/04\\\/19\\\/u-sve-nove-aute-u-eu-stize-uredaj-za-blokiranje-prebrze-voznje\\\/\",\"name\":\"U sve nove aute u EU sti\u017ee ure\u0111aj za blokiranje prebrze vo\u017enje - RADIO LJUBU\u0160KI\",\"isPartOf\":{\"@id\":\"https:\\\/\\\/radioljubuski.ba\\\/#website\"},\"primaryImageOfPage\":{\"@id\":\"https:\\\/\\\/radioljubuski.ba\\\/index.php\\\/2022\\\/04\\\/19\\\/u-sve-nove-aute-u-eu-stize-uredaj-za-blokiranje-prebrze-voznje\\\/#primaryimage\"},\"image\":{\"@id\":\"https:\\\/\\\/radioljubuski.ba\\\/index.php\\\/2022\\\/04\\\/19\\\/u-sve-nove-aute-u-eu-stize-uredaj-za-blokiranje-prebrze-voznje\\\/#primaryimage\"},\"thumbnailUrl\":\"https:\\\/\\\/radioljubuski.ba\\\/wp-content\\\/uploads\\\/2022\\\/04\\\/8-2022-04-19-14-34-23-LIMITATOR-BRZINE.jpg\",\"datePublished\":\"2022-04-19T13:27:47+00:00\",\"dateModified\":\"2022-04-19T13:27:49+00:00\",\"breadcrumb\":{\"@id\":\"https:\\\/\\\/radioljubuski.ba\\\/index.php\\\/2022\\\/04\\\/19\\\/u-sve-nove-aute-u-eu-stize-uredaj-za-blokiranje-prebrze-voznje\\\/#breadcrumb\"},\"inLanguage\":\"hr\",\"potentialAction\":[{\"@type\":\"ReadAction\",\"target\":[\"https:\\\/\\\/radioljubuski.ba\\\/index.php\\\/2022\\\/04\\\/19\\\/u-sve-nove-aute-u-eu-stize-uredaj-za-blokiranje-prebrze-voznje\\\/\"]}]},{\"@type\":\"ImageObject\",\"inLanguage\":\"hr\",\"@id\":\"https:\\\/\\\/radioljubuski.ba\\\/index.php\\\/2022\\\/04\\\/19\\\/u-sve-nove-aute-u-eu-stize-uredaj-za-blokiranje-prebrze-voznje\\\/#primaryimage\",\"url\":\"https:\\\/\\\/radioljubuski.ba\\\/wp-content\\\/uploads\\\/2022\\\/04\\\/8-2022-04-19-14-34-23-LIMITATOR-BRZINE.jpg\",\"contentUrl\":\"https:\\\/\\\/radioljubuski.ba\\\/wp-content\\\/uploads\\\/2022\\\/04\\\/8-2022-04-19-14-34-23-LIMITATOR-BRZINE.jpg\",\"width\":1000,\"height\":625},{\"@type\":\"BreadcrumbList\",\"@id\":\"https:\\\/\\\/radioljubuski.ba\\\/index.php\\\/2022\\\/04\\\/19\\\/u-sve-nove-aute-u-eu-stize-uredaj-za-blokiranje-prebrze-voznje\\\/#breadcrumb\",\"itemListElement\":[{\"@type\":\"ListItem\",\"position\":1,\"name\":\"Po\u010detna stranica\",\"item\":\"https:\\\/\\\/radioljubuski.ba\\\/\"},{\"@type\":\"ListItem\",\"position\":2,\"name\":\"U sve nove aute u EU sti\u017ee ure\u0111aj za blokiranje prebrze vo\u017enje\"}]},{\"@type\":\"WebSite\",\"@id\":\"https:\\\/\\\/radioljubuski.ba\\\/#website\",\"url\":\"https:\\\/\\\/radioljubuski.ba\\\/\",\"name\":\"Radio Ljubu\u0161ki\",\"description\":\"Sun\u010dana frekvencija Hercegovine\",\"publisher\":{\"@id\":\"https:\\\/\\\/radioljubuski.ba\\\/#organization\"},\"potentialAction\":[{\"@type\":\"SearchAction\",\"target\":{\"@type\":\"EntryPoint\",\"urlTemplate\":\"https:\\\/\\\/radioljubuski.ba\\\/?s={search_term_string}\"},\"query-input\":{\"@type\":\"PropertyValueSpecification\",\"valueRequired\":true,\"valueName\":\"search_term_string\"}}],\"inLanguage\":\"hr\"},{\"@type\":\"Organization\",\"@id\":\"https:\\\/\\\/radioljubuski.ba\\\/#organization\",\"name\":\"Radio Ljubu\u0161ki\",\"url\":\"https:\\\/\\\/radioljubuski.ba\\\/\",\"logo\":{\"@type\":\"ImageObject\",\"inLanguage\":\"hr\",\"@id\":\"https:\\\/\\\/radioljubuski.ba\\\/#\\\/schema\\\/logo\\\/image\\\/\",\"url\":\"https:\\\/\\\/radioljubuski.ba\\\/wp-content\\\/uploads\\\/2021\\\/02\\\/cropped-Radio_Ljubuski_logo1.jpg\",\"contentUrl\":\"https:\\\/\\\/radioljubuski.ba\\\/wp-content\\\/uploads\\\/2021\\\/02\\\/cropped-Radio_Ljubuski_logo1.jpg\",\"width\":512,\"height\":512,\"caption\":\"Radio Ljubu\u0161ki\"},\"image\":{\"@id\":\"https:\\\/\\\/radioljubuski.ba\\\/#\\\/schema\\\/logo\\\/image\\\/\"},\"sameAs\":[\"https:\\\/\\\/www.facebook.com\\\/Radiio-Ljubuski-1490835324566332\",\"https:\\\/\\\/x.com\\\/radioljubuski\",\"https:\\\/\\\/hr.linkedin.com\\\/company\\\/radio-ljubuski\",\"https:\\\/\\\/www.youtube.com\\\/channel\\\/UCHYaeO_n0Db3tjNGudGpXyw\"]},{\"@type\":\"Person\",\"@id\":\"https:\\\/\\\/radioljubuski.ba\\\/#\\\/schema\\\/person\\\/19fc700381a780f69665d7956c469e3b\",\"name\":\"Radio Ljubu\u0161ki\"}]}<\/script>\n<!-- \/ Yoast SEO plugin. -->","yoast_head_json":{"title":"U sve nove aute u EU sti\u017ee ure\u0111aj za blokiranje prebrze vo\u017enje - RADIO LJUBU\u0160KI","robots":{"index":"index","follow":"follow","max-snippet":"max-snippet:-1","max-image-preview":"max-image-preview:large","max-video-preview":"max-video-preview:-1"},"canonical":"https:\/\/radioljubuski.ba\/index.php\/2022\/04\/19\/u-sve-nove-aute-u-eu-stize-uredaj-za-blokiranje-prebrze-voznje\/","og_locale":"hr_HR","og_type":"article","og_title":"U sve nove aute u EU sti\u017ee ure\u0111aj za blokiranje prebrze vo\u017enje - RADIO LJUBU\u0160KI","og_description":"Prema izvje\u0161\u0107u, svi novi automobili trebali bi biti opremljeni limiterima brzine, kako bi bili u skladu s novim propisima Europske unije. Ministri \u0107e uskoro najaviti brojne nove mjere sigurnosti vozila, od kojih \u0107e neki smanjivati snagu motora ako voza\u010di prije\u0111u odre\u0111enu brzinu, izvje\u0161tava Daily Telegraph, a prenosi Jutarnji. Tehnologija, nazvana &#8220;inteligentna pomo\u0107 pri brzini&#8221;, ovisi [&hellip;]","og_url":"https:\/\/radioljubuski.ba\/index.php\/2022\/04\/19\/u-sve-nove-aute-u-eu-stize-uredaj-za-blokiranje-prebrze-voznje\/","og_site_name":"RADIO LJUBU\u0160KI","article_publisher":"https:\/\/www.facebook.com\/Radiio-Ljubuski-1490835324566332","article_published_time":"2022-04-19T13:27:47+00:00","article_modified_time":"2022-04-19T13:27:49+00:00","og_image":[{"width":1000,"height":625,"url":"https:\/\/radioljubuski.ba\/wp-content\/uploads\/2022\/04\/8-2022-04-19-14-34-23-LIMITATOR-BRZINE.jpg","type":"image\/jpeg"}],"author":"Radio Ljubu\u0161ki","twitter_card":"summary_large_image","twitter_creator":"@radioljubuski","twitter_site":"@radioljubuski","twitter_misc":{"Napisao\/la":"Radio Ljubu\u0161ki","Procijenjeno vrijeme \u010ditanja":"2 minute"},"schema":{"@context":"https:\/\/schema.org","@graph":[{"@type":"Article","@id":"https:\/\/radioljubuski.ba\/index.php\/2022\/04\/19\/u-sve-nove-aute-u-eu-stize-uredaj-za-blokiranje-prebrze-voznje\/#article","isPartOf":{"@id":"https:\/\/radioljubuski.ba\/index.php\/2022\/04\/19\/u-sve-nove-aute-u-eu-stize-uredaj-za-blokiranje-prebrze-voznje\/"},"author":{"name":"Radio Ljubu\u0161ki","@id":"https:\/\/radioljubuski.ba\/#\/schema\/person\/19fc700381a780f69665d7956c469e3b"},"headline":"U sve nove aute u EU sti\u017ee ure\u0111aj za blokiranje prebrze vo\u017enje","datePublished":"2022-04-19T13:27:47+00:00","dateModified":"2022-04-19T13:27:49+00:00","mainEntityOfPage":{"@id":"https:\/\/radioljubuski.ba\/index.php\/2022\/04\/19\/u-sve-nove-aute-u-eu-stize-uredaj-za-blokiranje-prebrze-voznje\/"},"wordCount":322,"publisher":{"@id":"https:\/\/radioljubuski.ba\/#organization"},"image":{"@id":"https:\/\/radioljubuski.ba\/index.php\/2022\/04\/19\/u-sve-nove-aute-u-eu-stize-uredaj-za-blokiranje-prebrze-voznje\/#primaryimage"},"thumbnailUrl":"https:\/\/radioljubuski.ba\/wp-content\/uploads\/2022\/04\/8-2022-04-19-14-34-23-LIMITATOR-BRZINE.jpg","articleSection":["BIH i regija"],"inLanguage":"hr"},{"@type":"WebPage","@id":"https:\/\/radioljubuski.ba\/index.php\/2022\/04\/19\/u-sve-nove-aute-u-eu-stize-uredaj-za-blokiranje-prebrze-voznje\/","url":"https:\/\/radioljubuski.ba\/index.php\/2022\/04\/19\/u-sve-nove-aute-u-eu-stize-uredaj-za-blokiranje-prebrze-voznje\/","name":"U sve nove aute u EU sti\u017ee ure\u0111aj za blokiranje prebrze vo\u017enje - RADIO LJUBU\u0160KI","isPartOf":{"@id":"https:\/\/radioljubuski.ba\/#website"},"primaryImageOfPage":{"@id":"https:\/\/radioljubuski.ba\/index.php\/2022\/04\/19\/u-sve-nove-aute-u-eu-stize-uredaj-za-blokiranje-prebrze-voznje\/#primaryimage"},"image":{"@id":"https:\/\/radioljubuski.ba\/index.php\/2022\/04\/19\/u-sve-nove-aute-u-eu-stize-uredaj-za-blokiranje-prebrze-voznje\/#primaryimage"},"thumbnailUrl":"https:\/\/radioljubuski.ba\/wp-content\/uploads\/2022\/04\/8-2022-04-19-14-34-23-LIMITATOR-BRZINE.jpg","datePublished":"2022-04-19T13:27:47+00:00","dateModified":"2022-04-19T13:27:49+00:00","breadcrumb":{"@id":"https:\/\/radioljubuski.ba\/index.php\/2022\/04\/19\/u-sve-nove-aute-u-eu-stize-uredaj-za-blokiranje-prebrze-voznje\/#breadcrumb"},"inLanguage":"hr","potentialAction":[{"@type":"ReadAction","target":["https:\/\/radioljubuski.ba\/index.php\/2022\/04\/19\/u-sve-nove-aute-u-eu-stize-uredaj-za-blokiranje-prebrze-voznje\/"]}]},{"@type":"ImageObject","inLanguage":"hr","@id":"https:\/\/radioljubuski.ba\/index.php\/2022\/04\/19\/u-sve-nove-aute-u-eu-stize-uredaj-za-blokiranje-prebrze-voznje\/#primaryimage","url":"https:\/\/radioljubuski.ba\/wp-content\/uploads\/2022\/04\/8-2022-04-19-14-34-23-LIMITATOR-BRZINE.jpg","contentUrl":"https:\/\/radioljubuski.ba\/wp-content\/uploads\/2022\/04\/8-2022-04-19-14-34-23-LIMITATOR-BRZINE.jpg","width":1000,"height":625},{"@type":"BreadcrumbList","@id":"https:\/\/radioljubuski.ba\/index.php\/2022\/04\/19\/u-sve-nove-aute-u-eu-stize-uredaj-za-blokiranje-prebrze-voznje\/#breadcrumb","itemListElement":[{"@type":"ListItem","position":1,"name":"Po\u010detna stranica","item":"https:\/\/radioljubuski.ba\/"},{"@type":"ListItem","position":2,"name":"U sve nove aute u EU sti\u017ee ure\u0111aj za blokiranje prebrze vo\u017enje"}]},{"@type":"WebSite","@id":"https:\/\/radioljubuski.ba\/#website","url":"https:\/\/radioljubuski.ba\/","name":"Radio Ljubu\u0161ki","description":"Sun\u010dana frekvencija Hercegovine","publisher":{"@id":"https:\/\/radioljubuski.ba\/#organization"},"potentialAction":[{"@type":"SearchAction","target":{"@type":"EntryPoint","urlTemplate":"https:\/\/radioljubuski.ba\/?s={search_term_string}"},"query-input":{"@type":"PropertyValueSpecification","valueRequired":true,"valueName":"search_term_string"}}],"inLanguage":"hr"},{"@type":"Organization","@id":"https:\/\/radioljubuski.ba\/#organization","name":"Radio Ljubu\u0161ki","url":"https:\/\/radioljubuski.ba\/","logo":{"@type":"ImageObject","inLanguage":"hr","@id":"https:\/\/radioljubuski.ba\/#\/schema\/logo\/image\/","url":"https:\/\/radioljubuski.ba\/wp-content\/uploads\/2021\/02\/cropped-Radio_Ljubuski_logo1.jpg","contentUrl":"https:\/\/radioljubuski.ba\/wp-content\/uploads\/2021\/02\/cropped-Radio_Ljubuski_logo1.jpg","width":512,"height":512,"caption":"Radio Ljubu\u0161ki"},"image":{"@id":"https:\/\/radioljubuski.ba\/#\/schema\/logo\/image\/"},"sameAs":["https:\/\/www.facebook.com\/Radiio-Ljubuski-1490835324566332","https:\/\/x.com\/radioljubuski","https:\/\/hr.linkedin.com\/company\/radio-ljubuski","https:\/\/www.youtube.com\/channel\/UCHYaeO_n0Db3tjNGudGpXyw"]},{"@type":"Person","@id":"https:\/\/radioljubuski.ba\/#\/schema\/person\/19fc700381a780f69665d7956c469e3b","name":"Radio Ljubu\u0161ki"}]}},"_links":{"self":[{"href":"https:\/\/radioljubuski.ba\/index.php\/wp-json\/wp\/v2\/posts\/134173","targetHints":{"allow":["GET"]}}],"collection":[{"href":"https:\/\/radioljubuski.ba\/index.php\/wp-json\/wp\/v2\/posts"}],"about":[{"href":"https:\/\/radioljubuski.ba\/index.php\/wp-json\/wp\/v2\/types\/post"}],"author":[{"embeddable":true,"href":"https:\/\/radioljubuski.ba\/index.php\/wp-json\/wp\/v2\/users\/2"}],"replies":[{"embeddable":true,"href":"https:\/\/radioljubuski.ba\/index.php\/wp-json\/wp\/v2\/comments?post=134173"}],"version-history":[{"count":1,"href":"https:\/\/radioljubuski.ba\/index.php\/wp-json\/wp\/v2\/posts\/134173\/revisions"}],"predecessor-version":[{"id":134175,"href":"https:\/\/radioljubuski.ba\/index.php\/wp-json\/wp\/v2\/posts\/134173\/revisions\/134175"}],"wp:featuredmedia":[{"embeddable":true,"href":"https:\/\/radioljubuski.ba\/index.php\/wp-json\/wp\/v2\/media\/134174"}],"wp:attachment":[{"href":"https:\/\/radioljubuski.ba\/index.php\/wp-json\/wp\/v2\/media?parent=134173"}],"wp:term":[{"taxonomy":"category","embeddable":true,"href":"https:\/\/radioljubuski.ba\/index.php\/wp-json\/wp\/v2\/categories?post=134173"},{"taxonomy":"post_tag","embeddable":true,"href":"https:\/\/radioljubuski.ba\/index.php\/wp-json\/wp\/v2\/tags?post=134173"}],"curies":[{"name":"wp","href":"https:\/\/api.w.org\/{rel}","templated":true}]}}