{"id":134183,"date":"2022-04-19T14:33:11","date_gmt":"2022-04-19T13:33:11","guid":{"rendered":"https:\/\/radioljubuski.ba\/?p=134183"},"modified":"2022-04-19T14:33:12","modified_gmt":"2022-04-19T13:33:12","slug":"nesic-izetbegovic-salje-poruku-da-ce-bih-uciniti-zemljom-bez-srba-i-hrvata","status":"publish","type":"post","link":"https:\/\/radioljubuski.ba\/index.php\/2022\/04\/19\/nesic-izetbegovic-salje-poruku-da-ce-bih-uciniti-zemljom-bez-srba-i-hrvata\/","title":{"rendered":"Ne\u0161i\u0107: Izetbegovi\u0107 \u0161alje poruku da \u0107e BiH u\u010diniti zemljom bez Srba i Hrvata"},"content":{"rendered":"\n<p>Predsjednik DNS-a Nenad Ne\u0161i\u0107 izjavio je Srni da lider SDA Bakir Izetbegovi\u0107 ulazi u jo\u0161 jednu kampanju sa projektom izmjene povijesti i slanja poruke svom bira\u010dkom tijelu da \u0107e BiH u\u010diniti zemljom bez Srba i Hrvata.<\/p>\n\n\n\n<p>Reagiraju\u0107i na nedavnu Izetbegovi\u0107evu izjavu &#8220;da su Bo\u0161njaci vezivno tkivo BiH i da sve dok su d\u017eamije pune mladih Bo\u0161njaka on nije zabrinut za ovu zemlju&#8221;, Ne\u0161i\u0107 je istakao da povijest&nbsp; ka\u017ee da je kri\u0161\u0107ansko zvono zvonilo ovdje mnogo prije nego \u0161to su se punile d\u017eamije i da je nastanak i temelj BiH k\u0161\u0107anska vjera.<\/p>\n\n\n\n<p>&#8220;U tom smislu, vezivno tkivo BiH sa regijom, Europom i povijesti su vi\u0161e Srbi, pa i Hrvati, nego Bo\u0161njaci. Bo\u0161njaci su bili i jesu dio BiH, ali su to i Srbi i Hrvati. Izetbegovi\u0107ev problem je \u0161to ne mo\u017ee ili ne\u0107e da prihvati tu prostu \u010dinjenicu. To nikako ne zna\u010di da ja mladim Bo\u0161njacima \u017eelim ne\u0161to lo\u0161e&#8221;, rekao je lider DNS-a.<\/p>\n\n\n\n<p>Ne\u0161i\u0107 je naglasio da je pravo svakog \u010dovjeka da vjeruje i da svoju vjeru slobodno izra\u017eava.<\/p>\n\n\n\n<p>&#8220;Nije ni d\u017eamija, ni crkva, ni katedrala po\u010dinila nijedno ubojstvo, ve\u0107 oni koji religiju zloupotrebljavaju. Bakir Izetbegovi\u0107 je najo\u010digledniji primjer nekoga tko vjeru koja propovijeda mir, ljubav i razumijevanje \u017eeli da usmjeri ka mr\u017enji, sukobu, netrpeljivosti&#8221;, smatra Ne\u0161i\u0107.<\/p>\n\n\n\n<p>Predsjednik DNS-a je poru\u010dio da se BiH mo\u017ee graditi zajedno dogovorom tri naroda, prestankom napada na Republiku Srpsku i politi\u010dkim promjenama koje \u0107e u prvi plan staviti razvoj i \u017eivot.<\/p>\n\n\n\n<p>&#8220;Zato \u0161to nema rje\u0161enja za \u017eivot i politi\u010dku krizu u Federaciji BiH predsjednik SDA vam jo\u0161 jednom potura mr\u017enju ka Srbima. U\u010dinit \u0107u sve da Srbi budu jedinstveni u obrani Republike Srpske. Vi mo\u017eete biti jedinstveni u obrani BiH i smijeniti Izetbegovi\u0107a kako bi dali \u0161ansu toj dr\u017eavi. Sa njim na vlasti \u0107e se raspasti sigurno&#8221;, poru\u010dio je Ne\u0161i\u0107, prenosi Srna.<\/p>\n\n\n\n<p>Izvor.pogled.ba<\/p>\n","protected":false},"excerpt":{"rendered":"<p>Predsjednik DNS-a Nenad Ne\u0161i\u0107 izjavio je Srni da lider SDA Bakir Izetbegovi\u0107 ulazi u jo\u0161 jednu kampanju sa projektom izmjene povijesti i slanja poruke svom bira\u010dkom tijelu da \u0107e BiH u\u010diniti zemljom bez Srba i Hrvata. Reagiraju\u0107i na nedavnu Izetbegovi\u0107evu izjavu &#8220;da su Bo\u0161njaci vezivno tkivo BiH i da sve dok su d\u017eamije pune mladih [&hellip;]<\/p>\n","protected":false},"author":2,"featured_media":134184,"comment_status":"closed","ping_status":"closed","sticky":false,"template":"","format":"standard","meta":{"h5ap_radio_sources":[],"footnotes":""},"categories":[1],"tags":[],"class_list":["post-134183","post","type-post","status-publish","format-standard","has-post-thumbnail","hentry","category-bihiregija"],"yoast_head":"<!-- This site is optimized with the Yoast SEO plugin v27.4 - https:\/\/yoast.com\/product\/yoast-seo-wordpress\/ -->\n<title>Ne\u0161i\u0107: Izetbegovi\u0107 \u0161alje poruku da \u0107e BiH u\u010diniti zemljom bez Srba i Hrvata - RADIO LJUBU\u0160KI<\/title>\n<meta name=\"robots\" content=\"index, follow, max-snippet:-1, max-image-preview:large, max-video-preview:-1\" \/>\n<link rel=\"canonical\" href=\"https:\/\/radioljubuski.ba\/index.php\/2022\/04\/19\/nesic-izetbegovic-salje-poruku-da-ce-bih-uciniti-zemljom-bez-srba-i-hrvata\/\" \/>\n<meta property=\"og:locale\" content=\"hr_HR\" \/>\n<meta property=\"og:type\" content=\"article\" \/>\n<meta property=\"og:title\" content=\"Ne\u0161i\u0107: Izetbegovi\u0107 \u0161alje poruku da \u0107e BiH u\u010diniti zemljom bez Srba i Hrvata - RADIO LJUBU\u0160KI\" \/>\n<meta property=\"og:description\" content=\"Predsjednik DNS-a Nenad Ne\u0161i\u0107 izjavio je Srni da lider SDA Bakir Izetbegovi\u0107 ulazi u jo\u0161 jednu kampanju sa projektom izmjene povijesti i slanja poruke svom bira\u010dkom tijelu da \u0107e BiH u\u010diniti zemljom bez Srba i Hrvata. Reagiraju\u0107i na nedavnu Izetbegovi\u0107evu izjavu &#8220;da su Bo\u0161njaci vezivno tkivo BiH i da sve dok su d\u017eamije pune mladih [&hellip;]\" \/>\n<meta property=\"og:url\" content=\"https:\/\/radioljubuski.ba\/index.php\/2022\/04\/19\/nesic-izetbegovic-salje-poruku-da-ce-bih-uciniti-zemljom-bez-srba-i-hrvata\/\" \/>\n<meta property=\"og:site_name\" content=\"RADIO LJUBU\u0160KI\" \/>\n<meta property=\"article:publisher\" content=\"https:\/\/www.facebook.com\/Radiio-Ljubuski-1490835324566332\" \/>\n<meta property=\"article:published_time\" content=\"2022-04-19T13:33:11+00:00\" \/>\n<meta property=\"article:modified_time\" content=\"2022-04-19T13:33:12+00:00\" \/>\n<meta property=\"og:image\" content=\"https:\/\/radioljubuski.ba\/wp-content\/uploads\/2022\/04\/8-2022-04-19-14-51-39-nesic.jpg\" \/>\n\t<meta property=\"og:image:width\" content=\"1000\" \/>\n\t<meta property=\"og:image:height\" content=\"625\" \/>\n\t<meta property=\"og:image:type\" content=\"image\/jpeg\" \/>\n<meta name=\"author\" content=\"Radio Ljubu\u0161ki\" \/>\n<meta name=\"twitter:card\" content=\"summary_large_image\" \/>\n<meta name=\"twitter:creator\" content=\"@radioljubuski\" \/>\n<meta name=\"twitter:site\" content=\"@radioljubuski\" \/>\n<meta name=\"twitter:label1\" content=\"Napisao\/la\" \/>\n\t<meta name=\"twitter:data1\" content=\"Radio Ljubu\u0161ki\" \/>\n\t<meta name=\"twitter:label2\" content=\"Procijenjeno vrijeme \u010ditanja\" \/>\n\t<meta name=\"twitter:data2\" content=\"2 minute\" \/>\n<script type=\"application\/ld+json\" class=\"yoast-schema-graph\">{\"@context\":\"https:\\\/\\\/schema.org\",\"@graph\":[{\"@type\":\"Article\",\"@id\":\"https:\\\/\\\/radioljubuski.ba\\\/index.php\\\/2022\\\/04\\\/19\\\/nesic-izetbegovic-salje-poruku-da-ce-bih-uciniti-zemljom-bez-srba-i-hrvata\\\/#article\",\"isPartOf\":{\"@id\":\"https:\\\/\\\/radioljubuski.ba\\\/index.php\\\/2022\\\/04\\\/19\\\/nesic-izetbegovic-salje-poruku-da-ce-bih-uciniti-zemljom-bez-srba-i-hrvata\\\/\"},\"author\":{\"name\":\"Radio Ljubu\u0161ki\",\"@id\":\"https:\\\/\\\/radioljubuski.ba\\\/#\\\/schema\\\/person\\\/19fc700381a780f69665d7956c469e3b\"},\"headline\":\"Ne\u0161i\u0107: Izetbegovi\u0107 \u0161alje poruku da \u0107e BiH u\u010diniti zemljom bez Srba i Hrvata\",\"datePublished\":\"2022-04-19T13:33:11+00:00\",\"dateModified\":\"2022-04-19T13:33:12+00:00\",\"mainEntityOfPage\":{\"@id\":\"https:\\\/\\\/radioljubuski.ba\\\/index.php\\\/2022\\\/04\\\/19\\\/nesic-izetbegovic-salje-poruku-da-ce-bih-uciniti-zemljom-bez-srba-i-hrvata\\\/\"},\"wordCount\":358,\"publisher\":{\"@id\":\"https:\\\/\\\/radioljubuski.ba\\\/#organization\"},\"image\":{\"@id\":\"https:\\\/\\\/radioljubuski.ba\\\/index.php\\\/2022\\\/04\\\/19\\\/nesic-izetbegovic-salje-poruku-da-ce-bih-uciniti-zemljom-bez-srba-i-hrvata\\\/#primaryimage\"},\"thumbnailUrl\":\"https:\\\/\\\/radioljubuski.ba\\\/wp-content\\\/uploads\\\/2022\\\/04\\\/8-2022-04-19-14-51-39-nesic.jpg\",\"articleSection\":[\"BIH i regija\"],\"inLanguage\":\"hr\"},{\"@type\":\"WebPage\",\"@id\":\"https:\\\/\\\/radioljubuski.ba\\\/index.php\\\/2022\\\/04\\\/19\\\/nesic-izetbegovic-salje-poruku-da-ce-bih-uciniti-zemljom-bez-srba-i-hrvata\\\/\",\"url\":\"https:\\\/\\\/radioljubuski.ba\\\/index.php\\\/2022\\\/04\\\/19\\\/nesic-izetbegovic-salje-poruku-da-ce-bih-uciniti-zemljom-bez-srba-i-hrvata\\\/\",\"name\":\"Ne\u0161i\u0107: Izetbegovi\u0107 \u0161alje poruku da \u0107e BiH u\u010diniti zemljom bez Srba i Hrvata - RADIO LJUBU\u0160KI\",\"isPartOf\":{\"@id\":\"https:\\\/\\\/radioljubuski.ba\\\/#website\"},\"primaryImageOfPage\":{\"@id\":\"https:\\\/\\\/radioljubuski.ba\\\/index.php\\\/2022\\\/04\\\/19\\\/nesic-izetbegovic-salje-poruku-da-ce-bih-uciniti-zemljom-bez-srba-i-hrvata\\\/#primaryimage\"},\"image\":{\"@id\":\"https:\\\/\\\/radioljubuski.ba\\\/index.php\\\/2022\\\/04\\\/19\\\/nesic-izetbegovic-salje-poruku-da-ce-bih-uciniti-zemljom-bez-srba-i-hrvata\\\/#primaryimage\"},\"thumbnailUrl\":\"https:\\\/\\\/radioljubuski.ba\\\/wp-content\\\/uploads\\\/2022\\\/04\\\/8-2022-04-19-14-51-39-nesic.jpg\",\"datePublished\":\"2022-04-19T13:33:11+00:00\",\"dateModified\":\"2022-04-19T13:33:12+00:00\",\"breadcrumb\":{\"@id\":\"https:\\\/\\\/radioljubuski.ba\\\/index.php\\\/2022\\\/04\\\/19\\\/nesic-izetbegovic-salje-poruku-da-ce-bih-uciniti-zemljom-bez-srba-i-hrvata\\\/#breadcrumb\"},\"inLanguage\":\"hr\",\"potentialAction\":[{\"@type\":\"ReadAction\",\"target\":[\"https:\\\/\\\/radioljubuski.ba\\\/index.php\\\/2022\\\/04\\\/19\\\/nesic-izetbegovic-salje-poruku-da-ce-bih-uciniti-zemljom-bez-srba-i-hrvata\\\/\"]}]},{\"@type\":\"ImageObject\",\"inLanguage\":\"hr\",\"@id\":\"https:\\\/\\\/radioljubuski.ba\\\/index.php\\\/2022\\\/04\\\/19\\\/nesic-izetbegovic-salje-poruku-da-ce-bih-uciniti-zemljom-bez-srba-i-hrvata\\\/#primaryimage\",\"url\":\"https:\\\/\\\/radioljubuski.ba\\\/wp-content\\\/uploads\\\/2022\\\/04\\\/8-2022-04-19-14-51-39-nesic.jpg\",\"contentUrl\":\"https:\\\/\\\/radioljubuski.ba\\\/wp-content\\\/uploads\\\/2022\\\/04\\\/8-2022-04-19-14-51-39-nesic.jpg\",\"width\":1000,\"height\":625},{\"@type\":\"BreadcrumbList\",\"@id\":\"https:\\\/\\\/radioljubuski.ba\\\/index.php\\\/2022\\\/04\\\/19\\\/nesic-izetbegovic-salje-poruku-da-ce-bih-uciniti-zemljom-bez-srba-i-hrvata\\\/#breadcrumb\",\"itemListElement\":[{\"@type\":\"ListItem\",\"position\":1,\"name\":\"Po\u010detna stranica\",\"item\":\"https:\\\/\\\/radioljubuski.ba\\\/\"},{\"@type\":\"ListItem\",\"position\":2,\"name\":\"Ne\u0161i\u0107: Izetbegovi\u0107 \u0161alje poruku da \u0107e BiH u\u010diniti zemljom bez Srba i Hrvata\"}]},{\"@type\":\"WebSite\",\"@id\":\"https:\\\/\\\/radioljubuski.ba\\\/#website\",\"url\":\"https:\\\/\\\/radioljubuski.ba\\\/\",\"name\":\"Radio Ljubu\u0161ki\",\"description\":\"Sun\u010dana frekvencija Hercegovine\",\"publisher\":{\"@id\":\"https:\\\/\\\/radioljubuski.ba\\\/#organization\"},\"potentialAction\":[{\"@type\":\"SearchAction\",\"target\":{\"@type\":\"EntryPoint\",\"urlTemplate\":\"https:\\\/\\\/radioljubuski.ba\\\/?s={search_term_string}\"},\"query-input\":{\"@type\":\"PropertyValueSpecification\",\"valueRequired\":true,\"valueName\":\"search_term_string\"}}],\"inLanguage\":\"hr\"},{\"@type\":\"Organization\",\"@id\":\"https:\\\/\\\/radioljubuski.ba\\\/#organization\",\"name\":\"Radio Ljubu\u0161ki\",\"url\":\"https:\\\/\\\/radioljubuski.ba\\\/\",\"logo\":{\"@type\":\"ImageObject\",\"inLanguage\":\"hr\",\"@id\":\"https:\\\/\\\/radioljubuski.ba\\\/#\\\/schema\\\/logo\\\/image\\\/\",\"url\":\"https:\\\/\\\/radioljubuski.ba\\\/wp-content\\\/uploads\\\/2021\\\/02\\\/cropped-Radio_Ljubuski_logo1.jpg\",\"contentUrl\":\"https:\\\/\\\/radioljubuski.ba\\\/wp-content\\\/uploads\\\/2021\\\/02\\\/cropped-Radio_Ljubuski_logo1.jpg\",\"width\":512,\"height\":512,\"caption\":\"Radio Ljubu\u0161ki\"},\"image\":{\"@id\":\"https:\\\/\\\/radioljubuski.ba\\\/#\\\/schema\\\/logo\\\/image\\\/\"},\"sameAs\":[\"https:\\\/\\\/www.facebook.com\\\/Radiio-Ljubuski-1490835324566332\",\"https:\\\/\\\/x.com\\\/radioljubuski\",\"https:\\\/\\\/hr.linkedin.com\\\/company\\\/radio-ljubuski\",\"https:\\\/\\\/www.youtube.com\\\/channel\\\/UCHYaeO_n0Db3tjNGudGpXyw\"]},{\"@type\":\"Person\",\"@id\":\"https:\\\/\\\/radioljubuski.ba\\\/#\\\/schema\\\/person\\\/19fc700381a780f69665d7956c469e3b\",\"name\":\"Radio Ljubu\u0161ki\"}]}<\/script>\n<!-- \/ Yoast SEO plugin. -->","yoast_head_json":{"title":"Ne\u0161i\u0107: Izetbegovi\u0107 \u0161alje poruku da \u0107e BiH u\u010diniti zemljom bez Srba i Hrvata - RADIO LJUBU\u0160KI","robots":{"index":"index","follow":"follow","max-snippet":"max-snippet:-1","max-image-preview":"max-image-preview:large","max-video-preview":"max-video-preview:-1"},"canonical":"https:\/\/radioljubuski.ba\/index.php\/2022\/04\/19\/nesic-izetbegovic-salje-poruku-da-ce-bih-uciniti-zemljom-bez-srba-i-hrvata\/","og_locale":"hr_HR","og_type":"article","og_title":"Ne\u0161i\u0107: Izetbegovi\u0107 \u0161alje poruku da \u0107e BiH u\u010diniti zemljom bez Srba i Hrvata - RADIO LJUBU\u0160KI","og_description":"Predsjednik DNS-a Nenad Ne\u0161i\u0107 izjavio je Srni da lider SDA Bakir Izetbegovi\u0107 ulazi u jo\u0161 jednu kampanju sa projektom izmjene povijesti i slanja poruke svom bira\u010dkom tijelu da \u0107e BiH u\u010diniti zemljom bez Srba i Hrvata. Reagiraju\u0107i na nedavnu Izetbegovi\u0107evu izjavu &#8220;da su Bo\u0161njaci vezivno tkivo BiH i da sve dok su d\u017eamije pune mladih [&hellip;]","og_url":"https:\/\/radioljubuski.ba\/index.php\/2022\/04\/19\/nesic-izetbegovic-salje-poruku-da-ce-bih-uciniti-zemljom-bez-srba-i-hrvata\/","og_site_name":"RADIO LJUBU\u0160KI","article_publisher":"https:\/\/www.facebook.com\/Radiio-Ljubuski-1490835324566332","article_published_time":"2022-04-19T13:33:11+00:00","article_modified_time":"2022-04-19T13:33:12+00:00","og_image":[{"width":1000,"height":625,"url":"https:\/\/radioljubuski.ba\/wp-content\/uploads\/2022\/04\/8-2022-04-19-14-51-39-nesic.jpg","type":"image\/jpeg"}],"author":"Radio Ljubu\u0161ki","twitter_card":"summary_large_image","twitter_creator":"@radioljubuski","twitter_site":"@radioljubuski","twitter_misc":{"Napisao\/la":"Radio Ljubu\u0161ki","Procijenjeno vrijeme \u010ditanja":"2 minute"},"schema":{"@context":"https:\/\/schema.org","@graph":[{"@type":"Article","@id":"https:\/\/radioljubuski.ba\/index.php\/2022\/04\/19\/nesic-izetbegovic-salje-poruku-da-ce-bih-uciniti-zemljom-bez-srba-i-hrvata\/#article","isPartOf":{"@id":"https:\/\/radioljubuski.ba\/index.php\/2022\/04\/19\/nesic-izetbegovic-salje-poruku-da-ce-bih-uciniti-zemljom-bez-srba-i-hrvata\/"},"author":{"name":"Radio Ljubu\u0161ki","@id":"https:\/\/radioljubuski.ba\/#\/schema\/person\/19fc700381a780f69665d7956c469e3b"},"headline":"Ne\u0161i\u0107: Izetbegovi\u0107 \u0161alje poruku da \u0107e BiH u\u010diniti zemljom bez Srba i Hrvata","datePublished":"2022-04-19T13:33:11+00:00","dateModified":"2022-04-19T13:33:12+00:00","mainEntityOfPage":{"@id":"https:\/\/radioljubuski.ba\/index.php\/2022\/04\/19\/nesic-izetbegovic-salje-poruku-da-ce-bih-uciniti-zemljom-bez-srba-i-hrvata\/"},"wordCount":358,"publisher":{"@id":"https:\/\/radioljubuski.ba\/#organization"},"image":{"@id":"https:\/\/radioljubuski.ba\/index.php\/2022\/04\/19\/nesic-izetbegovic-salje-poruku-da-ce-bih-uciniti-zemljom-bez-srba-i-hrvata\/#primaryimage"},"thumbnailUrl":"https:\/\/radioljubuski.ba\/wp-content\/uploads\/2022\/04\/8-2022-04-19-14-51-39-nesic.jpg","articleSection":["BIH i regija"],"inLanguage":"hr"},{"@type":"WebPage","@id":"https:\/\/radioljubuski.ba\/index.php\/2022\/04\/19\/nesic-izetbegovic-salje-poruku-da-ce-bih-uciniti-zemljom-bez-srba-i-hrvata\/","url":"https:\/\/radioljubuski.ba\/index.php\/2022\/04\/19\/nesic-izetbegovic-salje-poruku-da-ce-bih-uciniti-zemljom-bez-srba-i-hrvata\/","name":"Ne\u0161i\u0107: Izetbegovi\u0107 \u0161alje poruku da \u0107e BiH u\u010diniti zemljom bez Srba i Hrvata - RADIO LJUBU\u0160KI","isPartOf":{"@id":"https:\/\/radioljubuski.ba\/#website"},"primaryImageOfPage":{"@id":"https:\/\/radioljubuski.ba\/index.php\/2022\/04\/19\/nesic-izetbegovic-salje-poruku-da-ce-bih-uciniti-zemljom-bez-srba-i-hrvata\/#primaryimage"},"image":{"@id":"https:\/\/radioljubuski.ba\/index.php\/2022\/04\/19\/nesic-izetbegovic-salje-poruku-da-ce-bih-uciniti-zemljom-bez-srba-i-hrvata\/#primaryimage"},"thumbnailUrl":"https:\/\/radioljubuski.ba\/wp-content\/uploads\/2022\/04\/8-2022-04-19-14-51-39-nesic.jpg","datePublished":"2022-04-19T13:33:11+00:00","dateModified":"2022-04-19T13:33:12+00:00","breadcrumb":{"@id":"https:\/\/radioljubuski.ba\/index.php\/2022\/04\/19\/nesic-izetbegovic-salje-poruku-da-ce-bih-uciniti-zemljom-bez-srba-i-hrvata\/#breadcrumb"},"inLanguage":"hr","potentialAction":[{"@type":"ReadAction","target":["https:\/\/radioljubuski.ba\/index.php\/2022\/04\/19\/nesic-izetbegovic-salje-poruku-da-ce-bih-uciniti-zemljom-bez-srba-i-hrvata\/"]}]},{"@type":"ImageObject","inLanguage":"hr","@id":"https:\/\/radioljubuski.ba\/index.php\/2022\/04\/19\/nesic-izetbegovic-salje-poruku-da-ce-bih-uciniti-zemljom-bez-srba-i-hrvata\/#primaryimage","url":"https:\/\/radioljubuski.ba\/wp-content\/uploads\/2022\/04\/8-2022-04-19-14-51-39-nesic.jpg","contentUrl":"https:\/\/radioljubuski.ba\/wp-content\/uploads\/2022\/04\/8-2022-04-19-14-51-39-nesic.jpg","width":1000,"height":625},{"@type":"BreadcrumbList","@id":"https:\/\/radioljubuski.ba\/index.php\/2022\/04\/19\/nesic-izetbegovic-salje-poruku-da-ce-bih-uciniti-zemljom-bez-srba-i-hrvata\/#breadcrumb","itemListElement":[{"@type":"ListItem","position":1,"name":"Po\u010detna stranica","item":"https:\/\/radioljubuski.ba\/"},{"@type":"ListItem","position":2,"name":"Ne\u0161i\u0107: Izetbegovi\u0107 \u0161alje poruku da \u0107e BiH u\u010diniti zemljom bez Srba i Hrvata"}]},{"@type":"WebSite","@id":"https:\/\/radioljubuski.ba\/#website","url":"https:\/\/radioljubuski.ba\/","name":"Radio Ljubu\u0161ki","description":"Sun\u010dana frekvencija Hercegovine","publisher":{"@id":"https:\/\/radioljubuski.ba\/#organization"},"potentialAction":[{"@type":"SearchAction","target":{"@type":"EntryPoint","urlTemplate":"https:\/\/radioljubuski.ba\/?s={search_term_string}"},"query-input":{"@type":"PropertyValueSpecification","valueRequired":true,"valueName":"search_term_string"}}],"inLanguage":"hr"},{"@type":"Organization","@id":"https:\/\/radioljubuski.ba\/#organization","name":"Radio Ljubu\u0161ki","url":"https:\/\/radioljubuski.ba\/","logo":{"@type":"ImageObject","inLanguage":"hr","@id":"https:\/\/radioljubuski.ba\/#\/schema\/logo\/image\/","url":"https:\/\/radioljubuski.ba\/wp-content\/uploads\/2021\/02\/cropped-Radio_Ljubuski_logo1.jpg","contentUrl":"https:\/\/radioljubuski.ba\/wp-content\/uploads\/2021\/02\/cropped-Radio_Ljubuski_logo1.jpg","width":512,"height":512,"caption":"Radio Ljubu\u0161ki"},"image":{"@id":"https:\/\/radioljubuski.ba\/#\/schema\/logo\/image\/"},"sameAs":["https:\/\/www.facebook.com\/Radiio-Ljubuski-1490835324566332","https:\/\/x.com\/radioljubuski","https:\/\/hr.linkedin.com\/company\/radio-ljubuski","https:\/\/www.youtube.com\/channel\/UCHYaeO_n0Db3tjNGudGpXyw"]},{"@type":"Person","@id":"https:\/\/radioljubuski.ba\/#\/schema\/person\/19fc700381a780f69665d7956c469e3b","name":"Radio Ljubu\u0161ki"}]}},"_links":{"self":[{"href":"https:\/\/radioljubuski.ba\/index.php\/wp-json\/wp\/v2\/posts\/134183","targetHints":{"allow":["GET"]}}],"collection":[{"href":"https:\/\/radioljubuski.ba\/index.php\/wp-json\/wp\/v2\/posts"}],"about":[{"href":"https:\/\/radioljubuski.ba\/index.php\/wp-json\/wp\/v2\/types\/post"}],"author":[{"embeddable":true,"href":"https:\/\/radioljubuski.ba\/index.php\/wp-json\/wp\/v2\/users\/2"}],"replies":[{"embeddable":true,"href":"https:\/\/radioljubuski.ba\/index.php\/wp-json\/wp\/v2\/comments?post=134183"}],"version-history":[{"count":1,"href":"https:\/\/radioljubuski.ba\/index.php\/wp-json\/wp\/v2\/posts\/134183\/revisions"}],"predecessor-version":[{"id":134185,"href":"https:\/\/radioljubuski.ba\/index.php\/wp-json\/wp\/v2\/posts\/134183\/revisions\/134185"}],"wp:featuredmedia":[{"embeddable":true,"href":"https:\/\/radioljubuski.ba\/index.php\/wp-json\/wp\/v2\/media\/134184"}],"wp:attachment":[{"href":"https:\/\/radioljubuski.ba\/index.php\/wp-json\/wp\/v2\/media?parent=134183"}],"wp:term":[{"taxonomy":"category","embeddable":true,"href":"https:\/\/radioljubuski.ba\/index.php\/wp-json\/wp\/v2\/categories?post=134183"},{"taxonomy":"post_tag","embeddable":true,"href":"https:\/\/radioljubuski.ba\/index.php\/wp-json\/wp\/v2\/tags?post=134183"}],"curies":[{"name":"wp","href":"https:\/\/api.w.org\/{rel}","templated":true}]}}