{"id":134213,"date":"2022-04-19T22:51:15","date_gmt":"2022-04-19T21:51:15","guid":{"rendered":"https:\/\/radioljubuski.ba\/?p=134213"},"modified":"2022-04-19T22:51:16","modified_gmt":"2022-04-19T21:51:16","slug":"hdz-inicijativa-za-pomilovanjem-nije-potekla-od-generala-nego-od-milanovica","status":"publish","type":"post","link":"https:\/\/radioljubuski.ba\/index.php\/2022\/04\/19\/hdz-inicijativa-za-pomilovanjem-nije-potekla-od-generala-nego-od-milanovica\/","title":{"rendered":"HDZ: Inicijativa za pomilovanjem nije potekla od generala nego od Milanovi\u0107a"},"content":{"rendered":"\n<p><strong>Inicijativa za pomilovanjem jugoslavenskih, a potom hrvatskih obavje\u0161tajaca Josipa Perkovi\u0107a i Zdravka Musta\u010da nije potekla od generala iz Domovinskog rata, ve\u0107 je rije\u010d o inicijativi predsjednika Republike Zorana Milanovi\u0107a, neslu\u017ebeno su reagirali iz HDZ-a.<\/strong><\/p>\n\n\n\n<p>&#8211; Osim \u0161to Milanovi\u0107eva incijativa nepotrebno dijeli dru\u0161tvo i unosi nemir me\u0111u generale i branitelje, ona uvodi i dvostruke kriterije prema sudionicima Domovinskog rata i hrvatskim braniteljima. Osim sada za dokazane nalogodavce udba\u0161kih zlo\u010dina, ni za jednog se branitelja nije zbog doprinosa obrani tra\u017eilo osloba\u0111anje od odgovornosti za kaznena djela, ka\u017ee izvor blizak vrhu vladaju\u0107e stranke.<br><br>U HDZ-u ocjenjuju da teza o zaslugama u stvaranju hrvatske dr\u017eave kao argumentu za izlazak na slobodu nije osobito uvjerljiva, jer su Perkovi\u0107 i Musta\u010d osu\u0111eni za djela koja nemaju veze sa stvaranjem hrvatske dr\u017eave, &#8221;dapa\u010de po\u010dinjeni su u ime slu\u017ebi biv\u0161e SFRJ koja je negirala hrvatsku slobodu i od koje se Hrvatska osamostalila 1991.&#8221;.<br><br>Ministar pravosu\u0111a<strong>&nbsp;Ivan Malenica<\/strong>&nbsp;bio vrlo jasan kada je rekao da bi&nbsp;<strong>Milanovi\u0107<\/strong>, u slu\u010daju da pomiluje&nbsp;<strong>Perkovi\u0107a<\/strong>&nbsp;i&nbsp;<strong>Musta\u010da<\/strong>, napravio presedan jer od stupanja na predsjedni\u010dku du\u017enost nije odgovorio na 274 molbe za pomilovanjima koje mu je uputilo resorno ministarstvo. HDZ-ov izvor sla\u017ee se s Maleni\u010dinom ocjenom da \u0107e Milanovi\u0107 morati &#8220;podosta toga objasniti javnosti&#8221; ako odlu\u010di da njegovo prvo i jedino pomilovanje u mandatu bude ono Perkovi\u0107a i Musta\u010da.<br><br><strong>Pomilovanje Perkovi\u0107a i Musta\u010da bilo bi presedan<br><\/strong><br>&#8211; Ako se to dogodi u slu\u010daju Perkovi\u0107-Musta\u010d, to bi bio presedan. Usto, oni su u vrlo ranoj fazi odslu\u017eivanja kazne zatvora, osu\u0111eni za najte\u017ea kaznena djela, a samu presudu, koja je utvrdila njihovu odgovornost za ubojstvo hrvatskog dr\u017eavljanina u emigraciji, nitko pa ni generali u svom pismu ne osporavaju, ka\u017eu u HDZ-u.<br><br>Na inicijativu za pomilovanjem reagirao je i&nbsp;<strong>Mario Kapulica<\/strong>, predsjednik Zajednice utemeljitelja HDZ-a dr. Franjo Tu\u0111man, koji smatra da je inicijativa &#8221;popra\u0107ena zlo\u0107udnim konstrukcijama u \u010dijoj je osnovi stavljanje Tu\u0111mana, \u0160u\u0161ka, volje hrvatskog naroda te \u017ertve hrvatskih branitelja u drugi plan&#8221;.<br><br>&#8211; Teza kako ne bi bilo ni Tu\u0111mana niti Hrvatske da nije bilo Josipa Perkovi\u0107a, koju iznose neki zagovornici ove pravno upitne i barem zasad politi\u010dki potpuno nejasne inicijative, o\u010dito potaknute od predsjednika Republike Zorana Milanovi\u0107a, nije lansirana prvi put, navodi Kapulica.<br><br>Naslu\u0161ali smo se ve\u0107 raznih analiti\u010dara upornih u plasiranju teze da je suvremena i demokratska Hrvatska zapravo djelo UDBA-e, stoji u priop\u0107enju Zajednice utemeljitelja HDZ-a.<\/p>\n\n\n\n<p><strong>Butkovi\u0107: Pomilovanje ovlast predsjednika, ali nisu dobre odluke koje bude podjele<br><\/strong><br>Ministar mora, prometa i infrastrukture&nbsp;<strong>Oleg Butkovi\u0107<\/strong>&nbsp;izjavio je u Meji vezano za inicijativu za pomilovanje Perkovi\u0107a i Musta\u0107a, kako je rije\u010d o ustavnoj ovlasti predsjednika Republike, no da on osobno ne bi donio odluke koje bude nove ili stare podjele u hrvatskom dru\u0161tvu.<\/p>\n\n\n\n<p>Izvor:hrt.hr<\/p>\n","protected":false},"excerpt":{"rendered":"<p>Inicijativa za pomilovanjem jugoslavenskih, a potom hrvatskih obavje\u0161tajaca Josipa Perkovi\u0107a i Zdravka Musta\u010da nije potekla od generala iz Domovinskog rata, ve\u0107 je rije\u010d o inicijativi predsjednika Republike Zorana Milanovi\u0107a, neslu\u017ebeno su reagirali iz HDZ-a. &#8211; Osim \u0161to Milanovi\u0107eva incijativa nepotrebno dijeli dru\u0161tvo i unosi nemir me\u0111u generale i branitelje, ona uvodi i dvostruke kriterije prema [&hellip;]<\/p>\n","protected":false},"author":2,"featured_media":134214,"comment_status":"closed","ping_status":"closed","sticky":false,"template":"","format":"standard","meta":{"h5ap_radio_sources":[],"footnotes":""},"categories":[1],"tags":[],"class_list":["post-134213","post","type-post","status-publish","format-standard","has-post-thumbnail","hentry","category-bihiregija"],"yoast_head":"<!-- This site is optimized with the Yoast SEO plugin v27.4 - https:\/\/yoast.com\/product\/yoast-seo-wordpress\/ -->\n<title>HDZ: Inicijativa za pomilovanjem nije potekla od generala nego od Milanovi\u0107a - RADIO LJUBU\u0160KI<\/title>\n<meta name=\"robots\" content=\"index, follow, max-snippet:-1, max-image-preview:large, max-video-preview:-1\" \/>\n<link rel=\"canonical\" href=\"https:\/\/radioljubuski.ba\/index.php\/2022\/04\/19\/hdz-inicijativa-za-pomilovanjem-nije-potekla-od-generala-nego-od-milanovica\/\" \/>\n<meta property=\"og:locale\" content=\"hr_HR\" \/>\n<meta property=\"og:type\" content=\"article\" \/>\n<meta property=\"og:title\" content=\"HDZ: Inicijativa za pomilovanjem nije potekla od generala nego od Milanovi\u0107a - RADIO LJUBU\u0160KI\" \/>\n<meta property=\"og:description\" content=\"Inicijativa za pomilovanjem jugoslavenskih, a potom hrvatskih obavje\u0161tajaca Josipa Perkovi\u0107a i Zdravka Musta\u010da nije potekla od generala iz Domovinskog rata, ve\u0107 je rije\u010d o inicijativi predsjednika Republike Zorana Milanovi\u0107a, neslu\u017ebeno su reagirali iz HDZ-a. &#8211; Osim \u0161to Milanovi\u0107eva incijativa nepotrebno dijeli dru\u0161tvo i unosi nemir me\u0111u generale i branitelje, ona uvodi i dvostruke kriterije prema [&hellip;]\" \/>\n<meta property=\"og:url\" content=\"https:\/\/radioljubuski.ba\/index.php\/2022\/04\/19\/hdz-inicijativa-za-pomilovanjem-nije-potekla-od-generala-nego-od-milanovica\/\" \/>\n<meta property=\"og:site_name\" content=\"RADIO LJUBU\u0160KI\" \/>\n<meta property=\"article:publisher\" content=\"https:\/\/www.facebook.com\/Radiio-Ljubuski-1490835324566332\" \/>\n<meta property=\"article:published_time\" content=\"2022-04-19T21:51:15+00:00\" \/>\n<meta property=\"article:modified_time\" content=\"2022-04-19T21:51:16+00:00\" \/>\n<meta property=\"og:image\" content=\"https:\/\/radioljubuski.ba\/wp-content\/uploads\/2022\/04\/preuzmi-3-7.jpg\" \/>\n\t<meta property=\"og:image:width\" content=\"278\" \/>\n\t<meta property=\"og:image:height\" content=\"181\" \/>\n\t<meta property=\"og:image:type\" content=\"image\/jpeg\" \/>\n<meta name=\"author\" content=\"Radio Ljubu\u0161ki\" \/>\n<meta name=\"twitter:card\" content=\"summary_large_image\" \/>\n<meta name=\"twitter:creator\" content=\"@radioljubuski\" \/>\n<meta name=\"twitter:site\" content=\"@radioljubuski\" \/>\n<meta name=\"twitter:label1\" content=\"Napisao\/la\" \/>\n\t<meta name=\"twitter:data1\" content=\"Radio Ljubu\u0161ki\" \/>\n\t<meta name=\"twitter:label2\" content=\"Procijenjeno vrijeme \u010ditanja\" \/>\n\t<meta name=\"twitter:data2\" content=\"2 minute\" \/>\n<script type=\"application\/ld+json\" class=\"yoast-schema-graph\">{\"@context\":\"https:\\\/\\\/schema.org\",\"@graph\":[{\"@type\":\"Article\",\"@id\":\"https:\\\/\\\/radioljubuski.ba\\\/index.php\\\/2022\\\/04\\\/19\\\/hdz-inicijativa-za-pomilovanjem-nije-potekla-od-generala-nego-od-milanovica\\\/#article\",\"isPartOf\":{\"@id\":\"https:\\\/\\\/radioljubuski.ba\\\/index.php\\\/2022\\\/04\\\/19\\\/hdz-inicijativa-za-pomilovanjem-nije-potekla-od-generala-nego-od-milanovica\\\/\"},\"author\":{\"name\":\"Radio Ljubu\u0161ki\",\"@id\":\"https:\\\/\\\/radioljubuski.ba\\\/#\\\/schema\\\/person\\\/19fc700381a780f69665d7956c469e3b\"},\"headline\":\"HDZ: Inicijativa za pomilovanjem nije potekla od generala nego od Milanovi\u0107a\",\"datePublished\":\"2022-04-19T21:51:15+00:00\",\"dateModified\":\"2022-04-19T21:51:16+00:00\",\"mainEntityOfPage\":{\"@id\":\"https:\\\/\\\/radioljubuski.ba\\\/index.php\\\/2022\\\/04\\\/19\\\/hdz-inicijativa-za-pomilovanjem-nije-potekla-od-generala-nego-od-milanovica\\\/\"},\"wordCount\":518,\"publisher\":{\"@id\":\"https:\\\/\\\/radioljubuski.ba\\\/#organization\"},\"image\":{\"@id\":\"https:\\\/\\\/radioljubuski.ba\\\/index.php\\\/2022\\\/04\\\/19\\\/hdz-inicijativa-za-pomilovanjem-nije-potekla-od-generala-nego-od-milanovica\\\/#primaryimage\"},\"thumbnailUrl\":\"https:\\\/\\\/radioljubuski.ba\\\/wp-content\\\/uploads\\\/2022\\\/04\\\/preuzmi-3-7.jpg\",\"articleSection\":[\"BIH i regija\"],\"inLanguage\":\"hr\"},{\"@type\":\"WebPage\",\"@id\":\"https:\\\/\\\/radioljubuski.ba\\\/index.php\\\/2022\\\/04\\\/19\\\/hdz-inicijativa-za-pomilovanjem-nije-potekla-od-generala-nego-od-milanovica\\\/\",\"url\":\"https:\\\/\\\/radioljubuski.ba\\\/index.php\\\/2022\\\/04\\\/19\\\/hdz-inicijativa-za-pomilovanjem-nije-potekla-od-generala-nego-od-milanovica\\\/\",\"name\":\"HDZ: Inicijativa za pomilovanjem nije potekla od generala nego od Milanovi\u0107a - RADIO LJUBU\u0160KI\",\"isPartOf\":{\"@id\":\"https:\\\/\\\/radioljubuski.ba\\\/#website\"},\"primaryImageOfPage\":{\"@id\":\"https:\\\/\\\/radioljubuski.ba\\\/index.php\\\/2022\\\/04\\\/19\\\/hdz-inicijativa-za-pomilovanjem-nije-potekla-od-generala-nego-od-milanovica\\\/#primaryimage\"},\"image\":{\"@id\":\"https:\\\/\\\/radioljubuski.ba\\\/index.php\\\/2022\\\/04\\\/19\\\/hdz-inicijativa-za-pomilovanjem-nije-potekla-od-generala-nego-od-milanovica\\\/#primaryimage\"},\"thumbnailUrl\":\"https:\\\/\\\/radioljubuski.ba\\\/wp-content\\\/uploads\\\/2022\\\/04\\\/preuzmi-3-7.jpg\",\"datePublished\":\"2022-04-19T21:51:15+00:00\",\"dateModified\":\"2022-04-19T21:51:16+00:00\",\"breadcrumb\":{\"@id\":\"https:\\\/\\\/radioljubuski.ba\\\/index.php\\\/2022\\\/04\\\/19\\\/hdz-inicijativa-za-pomilovanjem-nije-potekla-od-generala-nego-od-milanovica\\\/#breadcrumb\"},\"inLanguage\":\"hr\",\"potentialAction\":[{\"@type\":\"ReadAction\",\"target\":[\"https:\\\/\\\/radioljubuski.ba\\\/index.php\\\/2022\\\/04\\\/19\\\/hdz-inicijativa-za-pomilovanjem-nije-potekla-od-generala-nego-od-milanovica\\\/\"]}]},{\"@type\":\"ImageObject\",\"inLanguage\":\"hr\",\"@id\":\"https:\\\/\\\/radioljubuski.ba\\\/index.php\\\/2022\\\/04\\\/19\\\/hdz-inicijativa-za-pomilovanjem-nije-potekla-od-generala-nego-od-milanovica\\\/#primaryimage\",\"url\":\"https:\\\/\\\/radioljubuski.ba\\\/wp-content\\\/uploads\\\/2022\\\/04\\\/preuzmi-3-7.jpg\",\"contentUrl\":\"https:\\\/\\\/radioljubuski.ba\\\/wp-content\\\/uploads\\\/2022\\\/04\\\/preuzmi-3-7.jpg\",\"width\":278,\"height\":181},{\"@type\":\"BreadcrumbList\",\"@id\":\"https:\\\/\\\/radioljubuski.ba\\\/index.php\\\/2022\\\/04\\\/19\\\/hdz-inicijativa-za-pomilovanjem-nije-potekla-od-generala-nego-od-milanovica\\\/#breadcrumb\",\"itemListElement\":[{\"@type\":\"ListItem\",\"position\":1,\"name\":\"Po\u010detna stranica\",\"item\":\"https:\\\/\\\/radioljubuski.ba\\\/\"},{\"@type\":\"ListItem\",\"position\":2,\"name\":\"HDZ: Inicijativa za pomilovanjem nije potekla od generala nego od Milanovi\u0107a\"}]},{\"@type\":\"WebSite\",\"@id\":\"https:\\\/\\\/radioljubuski.ba\\\/#website\",\"url\":\"https:\\\/\\\/radioljubuski.ba\\\/\",\"name\":\"Radio Ljubu\u0161ki\",\"description\":\"Sun\u010dana frekvencija Hercegovine\",\"publisher\":{\"@id\":\"https:\\\/\\\/radioljubuski.ba\\\/#organization\"},\"potentialAction\":[{\"@type\":\"SearchAction\",\"target\":{\"@type\":\"EntryPoint\",\"urlTemplate\":\"https:\\\/\\\/radioljubuski.ba\\\/?s={search_term_string}\"},\"query-input\":{\"@type\":\"PropertyValueSpecification\",\"valueRequired\":true,\"valueName\":\"search_term_string\"}}],\"inLanguage\":\"hr\"},{\"@type\":\"Organization\",\"@id\":\"https:\\\/\\\/radioljubuski.ba\\\/#organization\",\"name\":\"Radio Ljubu\u0161ki\",\"url\":\"https:\\\/\\\/radioljubuski.ba\\\/\",\"logo\":{\"@type\":\"ImageObject\",\"inLanguage\":\"hr\",\"@id\":\"https:\\\/\\\/radioljubuski.ba\\\/#\\\/schema\\\/logo\\\/image\\\/\",\"url\":\"https:\\\/\\\/radioljubuski.ba\\\/wp-content\\\/uploads\\\/2021\\\/02\\\/cropped-Radio_Ljubuski_logo1.jpg\",\"contentUrl\":\"https:\\\/\\\/radioljubuski.ba\\\/wp-content\\\/uploads\\\/2021\\\/02\\\/cropped-Radio_Ljubuski_logo1.jpg\",\"width\":512,\"height\":512,\"caption\":\"Radio Ljubu\u0161ki\"},\"image\":{\"@id\":\"https:\\\/\\\/radioljubuski.ba\\\/#\\\/schema\\\/logo\\\/image\\\/\"},\"sameAs\":[\"https:\\\/\\\/www.facebook.com\\\/Radiio-Ljubuski-1490835324566332\",\"https:\\\/\\\/x.com\\\/radioljubuski\",\"https:\\\/\\\/hr.linkedin.com\\\/company\\\/radio-ljubuski\",\"https:\\\/\\\/www.youtube.com\\\/channel\\\/UCHYaeO_n0Db3tjNGudGpXyw\"]},{\"@type\":\"Person\",\"@id\":\"https:\\\/\\\/radioljubuski.ba\\\/#\\\/schema\\\/person\\\/19fc700381a780f69665d7956c469e3b\",\"name\":\"Radio Ljubu\u0161ki\"}]}<\/script>\n<!-- \/ Yoast SEO plugin. -->","yoast_head_json":{"title":"HDZ: Inicijativa za pomilovanjem nije potekla od generala nego od Milanovi\u0107a - RADIO LJUBU\u0160KI","robots":{"index":"index","follow":"follow","max-snippet":"max-snippet:-1","max-image-preview":"max-image-preview:large","max-video-preview":"max-video-preview:-1"},"canonical":"https:\/\/radioljubuski.ba\/index.php\/2022\/04\/19\/hdz-inicijativa-za-pomilovanjem-nije-potekla-od-generala-nego-od-milanovica\/","og_locale":"hr_HR","og_type":"article","og_title":"HDZ: Inicijativa za pomilovanjem nije potekla od generala nego od Milanovi\u0107a - RADIO LJUBU\u0160KI","og_description":"Inicijativa za pomilovanjem jugoslavenskih, a potom hrvatskih obavje\u0161tajaca Josipa Perkovi\u0107a i Zdravka Musta\u010da nije potekla od generala iz Domovinskog rata, ve\u0107 je rije\u010d o inicijativi predsjednika Republike Zorana Milanovi\u0107a, neslu\u017ebeno su reagirali iz HDZ-a. &#8211; Osim \u0161to Milanovi\u0107eva incijativa nepotrebno dijeli dru\u0161tvo i unosi nemir me\u0111u generale i branitelje, ona uvodi i dvostruke kriterije prema [&hellip;]","og_url":"https:\/\/radioljubuski.ba\/index.php\/2022\/04\/19\/hdz-inicijativa-za-pomilovanjem-nije-potekla-od-generala-nego-od-milanovica\/","og_site_name":"RADIO LJUBU\u0160KI","article_publisher":"https:\/\/www.facebook.com\/Radiio-Ljubuski-1490835324566332","article_published_time":"2022-04-19T21:51:15+00:00","article_modified_time":"2022-04-19T21:51:16+00:00","og_image":[{"width":278,"height":181,"url":"https:\/\/radioljubuski.ba\/wp-content\/uploads\/2022\/04\/preuzmi-3-7.jpg","type":"image\/jpeg"}],"author":"Radio Ljubu\u0161ki","twitter_card":"summary_large_image","twitter_creator":"@radioljubuski","twitter_site":"@radioljubuski","twitter_misc":{"Napisao\/la":"Radio Ljubu\u0161ki","Procijenjeno vrijeme \u010ditanja":"2 minute"},"schema":{"@context":"https:\/\/schema.org","@graph":[{"@type":"Article","@id":"https:\/\/radioljubuski.ba\/index.php\/2022\/04\/19\/hdz-inicijativa-za-pomilovanjem-nije-potekla-od-generala-nego-od-milanovica\/#article","isPartOf":{"@id":"https:\/\/radioljubuski.ba\/index.php\/2022\/04\/19\/hdz-inicijativa-za-pomilovanjem-nije-potekla-od-generala-nego-od-milanovica\/"},"author":{"name":"Radio Ljubu\u0161ki","@id":"https:\/\/radioljubuski.ba\/#\/schema\/person\/19fc700381a780f69665d7956c469e3b"},"headline":"HDZ: Inicijativa za pomilovanjem nije potekla od generala nego od Milanovi\u0107a","datePublished":"2022-04-19T21:51:15+00:00","dateModified":"2022-04-19T21:51:16+00:00","mainEntityOfPage":{"@id":"https:\/\/radioljubuski.ba\/index.php\/2022\/04\/19\/hdz-inicijativa-za-pomilovanjem-nije-potekla-od-generala-nego-od-milanovica\/"},"wordCount":518,"publisher":{"@id":"https:\/\/radioljubuski.ba\/#organization"},"image":{"@id":"https:\/\/radioljubuski.ba\/index.php\/2022\/04\/19\/hdz-inicijativa-za-pomilovanjem-nije-potekla-od-generala-nego-od-milanovica\/#primaryimage"},"thumbnailUrl":"https:\/\/radioljubuski.ba\/wp-content\/uploads\/2022\/04\/preuzmi-3-7.jpg","articleSection":["BIH i regija"],"inLanguage":"hr"},{"@type":"WebPage","@id":"https:\/\/radioljubuski.ba\/index.php\/2022\/04\/19\/hdz-inicijativa-za-pomilovanjem-nije-potekla-od-generala-nego-od-milanovica\/","url":"https:\/\/radioljubuski.ba\/index.php\/2022\/04\/19\/hdz-inicijativa-za-pomilovanjem-nije-potekla-od-generala-nego-od-milanovica\/","name":"HDZ: Inicijativa za pomilovanjem nije potekla od generala nego od Milanovi\u0107a - RADIO LJUBU\u0160KI","isPartOf":{"@id":"https:\/\/radioljubuski.ba\/#website"},"primaryImageOfPage":{"@id":"https:\/\/radioljubuski.ba\/index.php\/2022\/04\/19\/hdz-inicijativa-za-pomilovanjem-nije-potekla-od-generala-nego-od-milanovica\/#primaryimage"},"image":{"@id":"https:\/\/radioljubuski.ba\/index.php\/2022\/04\/19\/hdz-inicijativa-za-pomilovanjem-nije-potekla-od-generala-nego-od-milanovica\/#primaryimage"},"thumbnailUrl":"https:\/\/radioljubuski.ba\/wp-content\/uploads\/2022\/04\/preuzmi-3-7.jpg","datePublished":"2022-04-19T21:51:15+00:00","dateModified":"2022-04-19T21:51:16+00:00","breadcrumb":{"@id":"https:\/\/radioljubuski.ba\/index.php\/2022\/04\/19\/hdz-inicijativa-za-pomilovanjem-nije-potekla-od-generala-nego-od-milanovica\/#breadcrumb"},"inLanguage":"hr","potentialAction":[{"@type":"ReadAction","target":["https:\/\/radioljubuski.ba\/index.php\/2022\/04\/19\/hdz-inicijativa-za-pomilovanjem-nije-potekla-od-generala-nego-od-milanovica\/"]}]},{"@type":"ImageObject","inLanguage":"hr","@id":"https:\/\/radioljubuski.ba\/index.php\/2022\/04\/19\/hdz-inicijativa-za-pomilovanjem-nije-potekla-od-generala-nego-od-milanovica\/#primaryimage","url":"https:\/\/radioljubuski.ba\/wp-content\/uploads\/2022\/04\/preuzmi-3-7.jpg","contentUrl":"https:\/\/radioljubuski.ba\/wp-content\/uploads\/2022\/04\/preuzmi-3-7.jpg","width":278,"height":181},{"@type":"BreadcrumbList","@id":"https:\/\/radioljubuski.ba\/index.php\/2022\/04\/19\/hdz-inicijativa-za-pomilovanjem-nije-potekla-od-generala-nego-od-milanovica\/#breadcrumb","itemListElement":[{"@type":"ListItem","position":1,"name":"Po\u010detna stranica","item":"https:\/\/radioljubuski.ba\/"},{"@type":"ListItem","position":2,"name":"HDZ: Inicijativa za pomilovanjem nije potekla od generala nego od Milanovi\u0107a"}]},{"@type":"WebSite","@id":"https:\/\/radioljubuski.ba\/#website","url":"https:\/\/radioljubuski.ba\/","name":"Radio Ljubu\u0161ki","description":"Sun\u010dana frekvencija Hercegovine","publisher":{"@id":"https:\/\/radioljubuski.ba\/#organization"},"potentialAction":[{"@type":"SearchAction","target":{"@type":"EntryPoint","urlTemplate":"https:\/\/radioljubuski.ba\/?s={search_term_string}"},"query-input":{"@type":"PropertyValueSpecification","valueRequired":true,"valueName":"search_term_string"}}],"inLanguage":"hr"},{"@type":"Organization","@id":"https:\/\/radioljubuski.ba\/#organization","name":"Radio Ljubu\u0161ki","url":"https:\/\/radioljubuski.ba\/","logo":{"@type":"ImageObject","inLanguage":"hr","@id":"https:\/\/radioljubuski.ba\/#\/schema\/logo\/image\/","url":"https:\/\/radioljubuski.ba\/wp-content\/uploads\/2021\/02\/cropped-Radio_Ljubuski_logo1.jpg","contentUrl":"https:\/\/radioljubuski.ba\/wp-content\/uploads\/2021\/02\/cropped-Radio_Ljubuski_logo1.jpg","width":512,"height":512,"caption":"Radio Ljubu\u0161ki"},"image":{"@id":"https:\/\/radioljubuski.ba\/#\/schema\/logo\/image\/"},"sameAs":["https:\/\/www.facebook.com\/Radiio-Ljubuski-1490835324566332","https:\/\/x.com\/radioljubuski","https:\/\/hr.linkedin.com\/company\/radio-ljubuski","https:\/\/www.youtube.com\/channel\/UCHYaeO_n0Db3tjNGudGpXyw"]},{"@type":"Person","@id":"https:\/\/radioljubuski.ba\/#\/schema\/person\/19fc700381a780f69665d7956c469e3b","name":"Radio Ljubu\u0161ki"}]}},"_links":{"self":[{"href":"https:\/\/radioljubuski.ba\/index.php\/wp-json\/wp\/v2\/posts\/134213","targetHints":{"allow":["GET"]}}],"collection":[{"href":"https:\/\/radioljubuski.ba\/index.php\/wp-json\/wp\/v2\/posts"}],"about":[{"href":"https:\/\/radioljubuski.ba\/index.php\/wp-json\/wp\/v2\/types\/post"}],"author":[{"embeddable":true,"href":"https:\/\/radioljubuski.ba\/index.php\/wp-json\/wp\/v2\/users\/2"}],"replies":[{"embeddable":true,"href":"https:\/\/radioljubuski.ba\/index.php\/wp-json\/wp\/v2\/comments?post=134213"}],"version-history":[{"count":1,"href":"https:\/\/radioljubuski.ba\/index.php\/wp-json\/wp\/v2\/posts\/134213\/revisions"}],"predecessor-version":[{"id":134215,"href":"https:\/\/radioljubuski.ba\/index.php\/wp-json\/wp\/v2\/posts\/134213\/revisions\/134215"}],"wp:featuredmedia":[{"embeddable":true,"href":"https:\/\/radioljubuski.ba\/index.php\/wp-json\/wp\/v2\/media\/134214"}],"wp:attachment":[{"href":"https:\/\/radioljubuski.ba\/index.php\/wp-json\/wp\/v2\/media?parent=134213"}],"wp:term":[{"taxonomy":"category","embeddable":true,"href":"https:\/\/radioljubuski.ba\/index.php\/wp-json\/wp\/v2\/categories?post=134213"},{"taxonomy":"post_tag","embeddable":true,"href":"https:\/\/radioljubuski.ba\/index.php\/wp-json\/wp\/v2\/tags?post=134213"}],"curies":[{"name":"wp","href":"https:\/\/api.w.org\/{rel}","templated":true}]}}