{"id":134216,"date":"2022-04-19T22:53:08","date_gmt":"2022-04-19T21:53:08","guid":{"rendered":"https:\/\/radioljubuski.ba\/?p=134216"},"modified":"2022-04-19T22:53:09","modified_gmt":"2022-04-19T21:53:09","slug":"plenkovic-pozvao-na-zuran-dogovor-o-reformi-izbornog-zakona-u-bih","status":"publish","type":"post","link":"https:\/\/radioljubuski.ba\/index.php\/2022\/04\/19\/plenkovic-pozvao-na-zuran-dogovor-o-reformi-izbornog-zakona-u-bih\/","title":{"rendered":"Plenkovi\u0107 pozvao na \u017euran dogovor o reformi izbornog zakona u BiH"},"content":{"rendered":"\n<p><strong>Premijer Andrej Plenkovi\u0107 primio je u utorak predsjedatelja Doma naroda Parlamentarne skup\u0161tine BiH Dragana \u010covi\u0107a u Banskim dvorima te pozvao politi\u010dare u Bosni i Hercegovini na \u017euran dogovor o reformi izbornog zakona i ograni\u010denoj ustavnoj reformi, priop\u0107ila je vlada.<\/strong><\/p>\n\n\n\n<p>Hrvatski premijer i predsjednik HDZ-a BiH razgovarali su o zastoju reforme izbornog zakonodavstva BiH te aktualizaciji navedene problematike na europskoj i globalnoj razini u svjetlu za\u0161tite stabilnosti, mira i napretka BiH.<br><br>Na tragu dokumenata Europske unije, osobito nedavno usvojenog Strate\u0161kog kompasa EU-a i predstoje\u0107eg izvje\u0161\u0107a o BiH, istaknuto je kako je reforma izbornog zakonodavstva jedan od klju\u010dnih koraka za stabilizaciju i funkcionalnost BiH, navodi se u priop\u0107enju.<br><br><strong>Plenkovi\u0107\u00a0<\/strong>je pozvao na nastavak pregovora politi\u010dkih aktera u BiH, poru\u010div\u0161i da se reforma izbornog zakona i ograni\u010dena ustavna reforma, temeljene na provedbi presuda doma\u0107ih i stranih sudova, trebaju \u017eurno dogovoriti.<br><br>Istaknuo je da je neprihvatljiv nastavak postoje\u0107e prakse, po kojoj brojniji konstitutivni narod (Bo\u0161njaci) u Federaciji BiH nadglasava malobrojniji konstitutivni narod (Hrvati), te mu bira predstavnike koji nemaju podr\u0161ku bira\u010da iz redova hrvatskog naroda u BiH, isti\u010de se u priop\u0107enju. Dodao je da Hrvatska \u017eeli konstruktivno pomo\u0107i u postizanju dogovora koji \u0107e osigurati ravnopravnost triju konstitutivnih naroda i ostalih u BiH, a s kojom Hrvatska \u017eeli graditi dobrosusjedske odnose te intenzivirati gospodarsku suradnju.<br><br>&#8211; Opstruiranje i odugovla\u010denje prijeko potrebne izborne reforme ozbiljno \u0107e naru\u0161iti odnose izme\u0111u naroda u Bosni i Hercegovini, ali i put prema Europskoj uniji, istaknuo je<strong>\u00a0\u010covi\u0107<\/strong>.<br><br>Naglasio je da klju\u010dni segmenti izbornog zakona koji omogu\u0107avaju legitimno politi\u010dko predstavljanje triju konstitutivnih naroda moraju biti ugra\u0111eni u kona\u010dno rje\u0161enje po\u0161tuju\u0107i Ustav BiH, dodaje se u priop\u0107enju.\u00a0<\/p>\n\n\n\n<blockquote class=\"twitter-tweet\"><p lang=\"und\" dir=\"ltr\">Susret s <a href=\"https:\/\/twitter.com\/Dragan_Covic?ref_src=twsrc%5Etfw\">@Dragan_Covic<\/a>. Va\u017eno je nastaviti pregovore u BiH i osigurati izmjene Izbornog zakona za ravnopravnost triju konstitutivnih naroda. Izostanak politi\u010dkog dogovora u BiH o izbornoj reformi bio bi \u0161tetan za funkcioniranje i reformski put zemlje. <a href=\"https:\/\/t.co\/aVq2UfhtS3\">pic.twitter.com\/aVq2UfhtS3<\/a><\/p>&mdash; Andrej Plenkovi\u0107 (@AndrejPlenkovic) <a href=\"https:\/\/twitter.com\/AndrejPlenkovic\/status\/1516428413757710348?ref_src=twsrc%5Etfw\">April 19, 2022<\/a><\/blockquote> <script async src=\"https:\/\/platform.twitter.com\/widgets.js\" charset=\"utf-8\"><\/script>\n\n\n\n<p>Izvor:hrt.hr<\/p>\n","protected":false},"excerpt":{"rendered":"<p>Premijer Andrej Plenkovi\u0107 primio je u utorak predsjedatelja Doma naroda Parlamentarne skup\u0161tine BiH Dragana \u010covi\u0107a u Banskim dvorima te pozvao politi\u010dare u Bosni i Hercegovini na \u017euran dogovor o reformi izbornog zakona i ograni\u010denoj ustavnoj reformi, priop\u0107ila je vlada. Hrvatski premijer i predsjednik HDZ-a BiH razgovarali su o zastoju reforme izbornog zakonodavstva BiH te aktualizaciji [&hellip;]<\/p>\n","protected":false},"author":2,"featured_media":126974,"comment_status":"closed","ping_status":"closed","sticky":false,"template":"","format":"standard","meta":{"h5ap_radio_sources":[],"footnotes":""},"categories":[1],"tags":[],"class_list":["post-134216","post","type-post","status-publish","format-standard","has-post-thumbnail","hentry","category-bihiregija"],"yoast_head":"<!-- This site is optimized with the Yoast SEO plugin v27.4 - https:\/\/yoast.com\/product\/yoast-seo-wordpress\/ -->\n<title>Plenkovi\u0107 pozvao na \u017euran dogovor o reformi izbornog zakona u BiH - RADIO LJUBU\u0160KI<\/title>\n<meta name=\"robots\" content=\"index, follow, max-snippet:-1, max-image-preview:large, max-video-preview:-1\" \/>\n<link rel=\"canonical\" href=\"https:\/\/radioljubuski.ba\/index.php\/2022\/04\/19\/plenkovic-pozvao-na-zuran-dogovor-o-reformi-izbornog-zakona-u-bih\/\" \/>\n<meta property=\"og:locale\" content=\"hr_HR\" \/>\n<meta property=\"og:type\" content=\"article\" \/>\n<meta property=\"og:title\" content=\"Plenkovi\u0107 pozvao na \u017euran dogovor o reformi izbornog zakona u BiH - RADIO LJUBU\u0160KI\" \/>\n<meta property=\"og:description\" content=\"Premijer Andrej Plenkovi\u0107 primio je u utorak predsjedatelja Doma naroda Parlamentarne skup\u0161tine BiH Dragana \u010covi\u0107a u Banskim dvorima te pozvao politi\u010dare u Bosni i Hercegovini na \u017euran dogovor o reformi izbornog zakona i ograni\u010denoj ustavnoj reformi, priop\u0107ila je vlada. Hrvatski premijer i predsjednik HDZ-a BiH razgovarali su o zastoju reforme izbornog zakonodavstva BiH te aktualizaciji [&hellip;]\" \/>\n<meta property=\"og:url\" content=\"https:\/\/radioljubuski.ba\/index.php\/2022\/04\/19\/plenkovic-pozvao-na-zuran-dogovor-o-reformi-izbornog-zakona-u-bih\/\" \/>\n<meta property=\"og:site_name\" content=\"RADIO LJUBU\u0160KI\" \/>\n<meta property=\"article:publisher\" content=\"https:\/\/www.facebook.com\/Radiio-Ljubuski-1490835324566332\" \/>\n<meta property=\"article:published_time\" content=\"2022-04-19T21:53:08+00:00\" \/>\n<meta property=\"article:modified_time\" content=\"2022-04-19T21:53:09+00:00\" \/>\n<meta property=\"og:image\" content=\"https:\/\/radioljubuski.ba\/wp-content\/uploads\/2022\/03\/8-2022-03-30-13-46-27-COVIC-PLENKOVIC.jpg\" \/>\n\t<meta property=\"og:image:width\" content=\"1000\" \/>\n\t<meta property=\"og:image:height\" content=\"625\" \/>\n\t<meta property=\"og:image:type\" content=\"image\/jpeg\" \/>\n<meta name=\"author\" content=\"Radio Ljubu\u0161ki\" \/>\n<meta name=\"twitter:card\" content=\"summary_large_image\" \/>\n<meta name=\"twitter:creator\" content=\"@radioljubuski\" \/>\n<meta name=\"twitter:site\" content=\"@radioljubuski\" \/>\n<meta name=\"twitter:label1\" content=\"Napisao\/la\" \/>\n\t<meta name=\"twitter:data1\" content=\"Radio Ljubu\u0161ki\" \/>\n\t<meta name=\"twitter:label2\" content=\"Procijenjeno vrijeme \u010ditanja\" \/>\n\t<meta name=\"twitter:data2\" content=\"2 minute\" \/>\n<script type=\"application\/ld+json\" class=\"yoast-schema-graph\">{\"@context\":\"https:\\\/\\\/schema.org\",\"@graph\":[{\"@type\":\"Article\",\"@id\":\"https:\\\/\\\/radioljubuski.ba\\\/index.php\\\/2022\\\/04\\\/19\\\/plenkovic-pozvao-na-zuran-dogovor-o-reformi-izbornog-zakona-u-bih\\\/#article\",\"isPartOf\":{\"@id\":\"https:\\\/\\\/radioljubuski.ba\\\/index.php\\\/2022\\\/04\\\/19\\\/plenkovic-pozvao-na-zuran-dogovor-o-reformi-izbornog-zakona-u-bih\\\/\"},\"author\":{\"name\":\"Radio Ljubu\u0161ki\",\"@id\":\"https:\\\/\\\/radioljubuski.ba\\\/#\\\/schema\\\/person\\\/19fc700381a780f69665d7956c469e3b\"},\"headline\":\"Plenkovi\u0107 pozvao na \u017euran dogovor o reformi izbornog zakona u BiH\",\"datePublished\":\"2022-04-19T21:53:08+00:00\",\"dateModified\":\"2022-04-19T21:53:09+00:00\",\"mainEntityOfPage\":{\"@id\":\"https:\\\/\\\/radioljubuski.ba\\\/index.php\\\/2022\\\/04\\\/19\\\/plenkovic-pozvao-na-zuran-dogovor-o-reformi-izbornog-zakona-u-bih\\\/\"},\"wordCount\":363,\"publisher\":{\"@id\":\"https:\\\/\\\/radioljubuski.ba\\\/#organization\"},\"image\":{\"@id\":\"https:\\\/\\\/radioljubuski.ba\\\/index.php\\\/2022\\\/04\\\/19\\\/plenkovic-pozvao-na-zuran-dogovor-o-reformi-izbornog-zakona-u-bih\\\/#primaryimage\"},\"thumbnailUrl\":\"https:\\\/\\\/radioljubuski.ba\\\/wp-content\\\/uploads\\\/2022\\\/03\\\/8-2022-03-30-13-46-27-COVIC-PLENKOVIC.jpg\",\"articleSection\":[\"BIH i regija\"],\"inLanguage\":\"hr\"},{\"@type\":\"WebPage\",\"@id\":\"https:\\\/\\\/radioljubuski.ba\\\/index.php\\\/2022\\\/04\\\/19\\\/plenkovic-pozvao-na-zuran-dogovor-o-reformi-izbornog-zakona-u-bih\\\/\",\"url\":\"https:\\\/\\\/radioljubuski.ba\\\/index.php\\\/2022\\\/04\\\/19\\\/plenkovic-pozvao-na-zuran-dogovor-o-reformi-izbornog-zakona-u-bih\\\/\",\"name\":\"Plenkovi\u0107 pozvao na \u017euran dogovor o reformi izbornog zakona u BiH - RADIO LJUBU\u0160KI\",\"isPartOf\":{\"@id\":\"https:\\\/\\\/radioljubuski.ba\\\/#website\"},\"primaryImageOfPage\":{\"@id\":\"https:\\\/\\\/radioljubuski.ba\\\/index.php\\\/2022\\\/04\\\/19\\\/plenkovic-pozvao-na-zuran-dogovor-o-reformi-izbornog-zakona-u-bih\\\/#primaryimage\"},\"image\":{\"@id\":\"https:\\\/\\\/radioljubuski.ba\\\/index.php\\\/2022\\\/04\\\/19\\\/plenkovic-pozvao-na-zuran-dogovor-o-reformi-izbornog-zakona-u-bih\\\/#primaryimage\"},\"thumbnailUrl\":\"https:\\\/\\\/radioljubuski.ba\\\/wp-content\\\/uploads\\\/2022\\\/03\\\/8-2022-03-30-13-46-27-COVIC-PLENKOVIC.jpg\",\"datePublished\":\"2022-04-19T21:53:08+00:00\",\"dateModified\":\"2022-04-19T21:53:09+00:00\",\"breadcrumb\":{\"@id\":\"https:\\\/\\\/radioljubuski.ba\\\/index.php\\\/2022\\\/04\\\/19\\\/plenkovic-pozvao-na-zuran-dogovor-o-reformi-izbornog-zakona-u-bih\\\/#breadcrumb\"},\"inLanguage\":\"hr\",\"potentialAction\":[{\"@type\":\"ReadAction\",\"target\":[\"https:\\\/\\\/radioljubuski.ba\\\/index.php\\\/2022\\\/04\\\/19\\\/plenkovic-pozvao-na-zuran-dogovor-o-reformi-izbornog-zakona-u-bih\\\/\"]}]},{\"@type\":\"ImageObject\",\"inLanguage\":\"hr\",\"@id\":\"https:\\\/\\\/radioljubuski.ba\\\/index.php\\\/2022\\\/04\\\/19\\\/plenkovic-pozvao-na-zuran-dogovor-o-reformi-izbornog-zakona-u-bih\\\/#primaryimage\",\"url\":\"https:\\\/\\\/radioljubuski.ba\\\/wp-content\\\/uploads\\\/2022\\\/03\\\/8-2022-03-30-13-46-27-COVIC-PLENKOVIC.jpg\",\"contentUrl\":\"https:\\\/\\\/radioljubuski.ba\\\/wp-content\\\/uploads\\\/2022\\\/03\\\/8-2022-03-30-13-46-27-COVIC-PLENKOVIC.jpg\",\"width\":1000,\"height\":625},{\"@type\":\"BreadcrumbList\",\"@id\":\"https:\\\/\\\/radioljubuski.ba\\\/index.php\\\/2022\\\/04\\\/19\\\/plenkovic-pozvao-na-zuran-dogovor-o-reformi-izbornog-zakona-u-bih\\\/#breadcrumb\",\"itemListElement\":[{\"@type\":\"ListItem\",\"position\":1,\"name\":\"Po\u010detna stranica\",\"item\":\"https:\\\/\\\/radioljubuski.ba\\\/\"},{\"@type\":\"ListItem\",\"position\":2,\"name\":\"Plenkovi\u0107 pozvao na \u017euran dogovor o reformi izbornog zakona u BiH\"}]},{\"@type\":\"WebSite\",\"@id\":\"https:\\\/\\\/radioljubuski.ba\\\/#website\",\"url\":\"https:\\\/\\\/radioljubuski.ba\\\/\",\"name\":\"Radio Ljubu\u0161ki\",\"description\":\"Sun\u010dana frekvencija Hercegovine\",\"publisher\":{\"@id\":\"https:\\\/\\\/radioljubuski.ba\\\/#organization\"},\"potentialAction\":[{\"@type\":\"SearchAction\",\"target\":{\"@type\":\"EntryPoint\",\"urlTemplate\":\"https:\\\/\\\/radioljubuski.ba\\\/?s={search_term_string}\"},\"query-input\":{\"@type\":\"PropertyValueSpecification\",\"valueRequired\":true,\"valueName\":\"search_term_string\"}}],\"inLanguage\":\"hr\"},{\"@type\":\"Organization\",\"@id\":\"https:\\\/\\\/radioljubuski.ba\\\/#organization\",\"name\":\"Radio Ljubu\u0161ki\",\"url\":\"https:\\\/\\\/radioljubuski.ba\\\/\",\"logo\":{\"@type\":\"ImageObject\",\"inLanguage\":\"hr\",\"@id\":\"https:\\\/\\\/radioljubuski.ba\\\/#\\\/schema\\\/logo\\\/image\\\/\",\"url\":\"https:\\\/\\\/radioljubuski.ba\\\/wp-content\\\/uploads\\\/2021\\\/02\\\/cropped-Radio_Ljubuski_logo1.jpg\",\"contentUrl\":\"https:\\\/\\\/radioljubuski.ba\\\/wp-content\\\/uploads\\\/2021\\\/02\\\/cropped-Radio_Ljubuski_logo1.jpg\",\"width\":512,\"height\":512,\"caption\":\"Radio Ljubu\u0161ki\"},\"image\":{\"@id\":\"https:\\\/\\\/radioljubuski.ba\\\/#\\\/schema\\\/logo\\\/image\\\/\"},\"sameAs\":[\"https:\\\/\\\/www.facebook.com\\\/Radiio-Ljubuski-1490835324566332\",\"https:\\\/\\\/x.com\\\/radioljubuski\",\"https:\\\/\\\/hr.linkedin.com\\\/company\\\/radio-ljubuski\",\"https:\\\/\\\/www.youtube.com\\\/channel\\\/UCHYaeO_n0Db3tjNGudGpXyw\"]},{\"@type\":\"Person\",\"@id\":\"https:\\\/\\\/radioljubuski.ba\\\/#\\\/schema\\\/person\\\/19fc700381a780f69665d7956c469e3b\",\"name\":\"Radio Ljubu\u0161ki\"}]}<\/script>\n<!-- \/ Yoast SEO plugin. -->","yoast_head_json":{"title":"Plenkovi\u0107 pozvao na \u017euran dogovor o reformi izbornog zakona u BiH - RADIO LJUBU\u0160KI","robots":{"index":"index","follow":"follow","max-snippet":"max-snippet:-1","max-image-preview":"max-image-preview:large","max-video-preview":"max-video-preview:-1"},"canonical":"https:\/\/radioljubuski.ba\/index.php\/2022\/04\/19\/plenkovic-pozvao-na-zuran-dogovor-o-reformi-izbornog-zakona-u-bih\/","og_locale":"hr_HR","og_type":"article","og_title":"Plenkovi\u0107 pozvao na \u017euran dogovor o reformi izbornog zakona u BiH - RADIO LJUBU\u0160KI","og_description":"Premijer Andrej Plenkovi\u0107 primio je u utorak predsjedatelja Doma naroda Parlamentarne skup\u0161tine BiH Dragana \u010covi\u0107a u Banskim dvorima te pozvao politi\u010dare u Bosni i Hercegovini na \u017euran dogovor o reformi izbornog zakona i ograni\u010denoj ustavnoj reformi, priop\u0107ila je vlada. Hrvatski premijer i predsjednik HDZ-a BiH razgovarali su o zastoju reforme izbornog zakonodavstva BiH te aktualizaciji [&hellip;]","og_url":"https:\/\/radioljubuski.ba\/index.php\/2022\/04\/19\/plenkovic-pozvao-na-zuran-dogovor-o-reformi-izbornog-zakona-u-bih\/","og_site_name":"RADIO LJUBU\u0160KI","article_publisher":"https:\/\/www.facebook.com\/Radiio-Ljubuski-1490835324566332","article_published_time":"2022-04-19T21:53:08+00:00","article_modified_time":"2022-04-19T21:53:09+00:00","og_image":[{"width":1000,"height":625,"url":"https:\/\/radioljubuski.ba\/wp-content\/uploads\/2022\/03\/8-2022-03-30-13-46-27-COVIC-PLENKOVIC.jpg","type":"image\/jpeg"}],"author":"Radio Ljubu\u0161ki","twitter_card":"summary_large_image","twitter_creator":"@radioljubuski","twitter_site":"@radioljubuski","twitter_misc":{"Napisao\/la":"Radio Ljubu\u0161ki","Procijenjeno vrijeme \u010ditanja":"2 minute"},"schema":{"@context":"https:\/\/schema.org","@graph":[{"@type":"Article","@id":"https:\/\/radioljubuski.ba\/index.php\/2022\/04\/19\/plenkovic-pozvao-na-zuran-dogovor-o-reformi-izbornog-zakona-u-bih\/#article","isPartOf":{"@id":"https:\/\/radioljubuski.ba\/index.php\/2022\/04\/19\/plenkovic-pozvao-na-zuran-dogovor-o-reformi-izbornog-zakona-u-bih\/"},"author":{"name":"Radio Ljubu\u0161ki","@id":"https:\/\/radioljubuski.ba\/#\/schema\/person\/19fc700381a780f69665d7956c469e3b"},"headline":"Plenkovi\u0107 pozvao na \u017euran dogovor o reformi izbornog zakona u BiH","datePublished":"2022-04-19T21:53:08+00:00","dateModified":"2022-04-19T21:53:09+00:00","mainEntityOfPage":{"@id":"https:\/\/radioljubuski.ba\/index.php\/2022\/04\/19\/plenkovic-pozvao-na-zuran-dogovor-o-reformi-izbornog-zakona-u-bih\/"},"wordCount":363,"publisher":{"@id":"https:\/\/radioljubuski.ba\/#organization"},"image":{"@id":"https:\/\/radioljubuski.ba\/index.php\/2022\/04\/19\/plenkovic-pozvao-na-zuran-dogovor-o-reformi-izbornog-zakona-u-bih\/#primaryimage"},"thumbnailUrl":"https:\/\/radioljubuski.ba\/wp-content\/uploads\/2022\/03\/8-2022-03-30-13-46-27-COVIC-PLENKOVIC.jpg","articleSection":["BIH i regija"],"inLanguage":"hr"},{"@type":"WebPage","@id":"https:\/\/radioljubuski.ba\/index.php\/2022\/04\/19\/plenkovic-pozvao-na-zuran-dogovor-o-reformi-izbornog-zakona-u-bih\/","url":"https:\/\/radioljubuski.ba\/index.php\/2022\/04\/19\/plenkovic-pozvao-na-zuran-dogovor-o-reformi-izbornog-zakona-u-bih\/","name":"Plenkovi\u0107 pozvao na \u017euran dogovor o reformi izbornog zakona u BiH - RADIO LJUBU\u0160KI","isPartOf":{"@id":"https:\/\/radioljubuski.ba\/#website"},"primaryImageOfPage":{"@id":"https:\/\/radioljubuski.ba\/index.php\/2022\/04\/19\/plenkovic-pozvao-na-zuran-dogovor-o-reformi-izbornog-zakona-u-bih\/#primaryimage"},"image":{"@id":"https:\/\/radioljubuski.ba\/index.php\/2022\/04\/19\/plenkovic-pozvao-na-zuran-dogovor-o-reformi-izbornog-zakona-u-bih\/#primaryimage"},"thumbnailUrl":"https:\/\/radioljubuski.ba\/wp-content\/uploads\/2022\/03\/8-2022-03-30-13-46-27-COVIC-PLENKOVIC.jpg","datePublished":"2022-04-19T21:53:08+00:00","dateModified":"2022-04-19T21:53:09+00:00","breadcrumb":{"@id":"https:\/\/radioljubuski.ba\/index.php\/2022\/04\/19\/plenkovic-pozvao-na-zuran-dogovor-o-reformi-izbornog-zakona-u-bih\/#breadcrumb"},"inLanguage":"hr","potentialAction":[{"@type":"ReadAction","target":["https:\/\/radioljubuski.ba\/index.php\/2022\/04\/19\/plenkovic-pozvao-na-zuran-dogovor-o-reformi-izbornog-zakona-u-bih\/"]}]},{"@type":"ImageObject","inLanguage":"hr","@id":"https:\/\/radioljubuski.ba\/index.php\/2022\/04\/19\/plenkovic-pozvao-na-zuran-dogovor-o-reformi-izbornog-zakona-u-bih\/#primaryimage","url":"https:\/\/radioljubuski.ba\/wp-content\/uploads\/2022\/03\/8-2022-03-30-13-46-27-COVIC-PLENKOVIC.jpg","contentUrl":"https:\/\/radioljubuski.ba\/wp-content\/uploads\/2022\/03\/8-2022-03-30-13-46-27-COVIC-PLENKOVIC.jpg","width":1000,"height":625},{"@type":"BreadcrumbList","@id":"https:\/\/radioljubuski.ba\/index.php\/2022\/04\/19\/plenkovic-pozvao-na-zuran-dogovor-o-reformi-izbornog-zakona-u-bih\/#breadcrumb","itemListElement":[{"@type":"ListItem","position":1,"name":"Po\u010detna stranica","item":"https:\/\/radioljubuski.ba\/"},{"@type":"ListItem","position":2,"name":"Plenkovi\u0107 pozvao na \u017euran dogovor o reformi izbornog zakona u BiH"}]},{"@type":"WebSite","@id":"https:\/\/radioljubuski.ba\/#website","url":"https:\/\/radioljubuski.ba\/","name":"Radio Ljubu\u0161ki","description":"Sun\u010dana frekvencija Hercegovine","publisher":{"@id":"https:\/\/radioljubuski.ba\/#organization"},"potentialAction":[{"@type":"SearchAction","target":{"@type":"EntryPoint","urlTemplate":"https:\/\/radioljubuski.ba\/?s={search_term_string}"},"query-input":{"@type":"PropertyValueSpecification","valueRequired":true,"valueName":"search_term_string"}}],"inLanguage":"hr"},{"@type":"Organization","@id":"https:\/\/radioljubuski.ba\/#organization","name":"Radio Ljubu\u0161ki","url":"https:\/\/radioljubuski.ba\/","logo":{"@type":"ImageObject","inLanguage":"hr","@id":"https:\/\/radioljubuski.ba\/#\/schema\/logo\/image\/","url":"https:\/\/radioljubuski.ba\/wp-content\/uploads\/2021\/02\/cropped-Radio_Ljubuski_logo1.jpg","contentUrl":"https:\/\/radioljubuski.ba\/wp-content\/uploads\/2021\/02\/cropped-Radio_Ljubuski_logo1.jpg","width":512,"height":512,"caption":"Radio Ljubu\u0161ki"},"image":{"@id":"https:\/\/radioljubuski.ba\/#\/schema\/logo\/image\/"},"sameAs":["https:\/\/www.facebook.com\/Radiio-Ljubuski-1490835324566332","https:\/\/x.com\/radioljubuski","https:\/\/hr.linkedin.com\/company\/radio-ljubuski","https:\/\/www.youtube.com\/channel\/UCHYaeO_n0Db3tjNGudGpXyw"]},{"@type":"Person","@id":"https:\/\/radioljubuski.ba\/#\/schema\/person\/19fc700381a780f69665d7956c469e3b","name":"Radio Ljubu\u0161ki"}]}},"_links":{"self":[{"href":"https:\/\/radioljubuski.ba\/index.php\/wp-json\/wp\/v2\/posts\/134216","targetHints":{"allow":["GET"]}}],"collection":[{"href":"https:\/\/radioljubuski.ba\/index.php\/wp-json\/wp\/v2\/posts"}],"about":[{"href":"https:\/\/radioljubuski.ba\/index.php\/wp-json\/wp\/v2\/types\/post"}],"author":[{"embeddable":true,"href":"https:\/\/radioljubuski.ba\/index.php\/wp-json\/wp\/v2\/users\/2"}],"replies":[{"embeddable":true,"href":"https:\/\/radioljubuski.ba\/index.php\/wp-json\/wp\/v2\/comments?post=134216"}],"version-history":[{"count":1,"href":"https:\/\/radioljubuski.ba\/index.php\/wp-json\/wp\/v2\/posts\/134216\/revisions"}],"predecessor-version":[{"id":134217,"href":"https:\/\/radioljubuski.ba\/index.php\/wp-json\/wp\/v2\/posts\/134216\/revisions\/134217"}],"wp:featuredmedia":[{"embeddable":true,"href":"https:\/\/radioljubuski.ba\/index.php\/wp-json\/wp\/v2\/media\/126974"}],"wp:attachment":[{"href":"https:\/\/radioljubuski.ba\/index.php\/wp-json\/wp\/v2\/media?parent=134216"}],"wp:term":[{"taxonomy":"category","embeddable":true,"href":"https:\/\/radioljubuski.ba\/index.php\/wp-json\/wp\/v2\/categories?post=134216"},{"taxonomy":"post_tag","embeddable":true,"href":"https:\/\/radioljubuski.ba\/index.php\/wp-json\/wp\/v2\/tags?post=134216"}],"curies":[{"name":"wp","href":"https:\/\/api.w.org\/{rel}","templated":true}]}}