{"id":134218,"date":"2022-04-19T22:54:36","date_gmt":"2022-04-19T21:54:36","guid":{"rendered":"https:\/\/radioljubuski.ba\/?p=134218"},"modified":"2022-04-19T22:54:37","modified_gmt":"2022-04-19T21:54:37","slug":"gotovina-potpisao-sam-pismo-podrske-perkovicu-i-mustacu","status":"publish","type":"post","link":"https:\/\/radioljubuski.ba\/index.php\/2022\/04\/19\/gotovina-potpisao-sam-pismo-podrske-perkovicu-i-mustacu\/","title":{"rendered":"Gotovina: Potpisao sam pismo podr\u0161ke Perkovi\u0107u i Musta\u010du"},"content":{"rendered":"\n<p><strong>General Ante Gotovina potvrdio je da je potpisao pismo podr\u0161ke Josipu Perkovi\u0107u i Zdravku Musta\u010du koji su uputili molbu za pomilovanjem Ministarstvu pravosu\u0111a, nakon \u0161to su u kolovozu 2016. u M\u00fcnchenu osu\u0111eni na do\u017eivotni zatvor zbog pomaganja u ubojstvu emigranta Stjepana \u0110urekovi\u0107a.<\/strong><\/p>\n\n\n\n<p>&#8211; Da! Potpisao sam pismo podr\u0161ke brigadirima Hrvatske vojske<strong>&nbsp;Josipu Perkovi\u0107u<\/strong>&nbsp;i&nbsp;<strong>Zdravku Musta\u010du<\/strong>, koji su uputili molbu za pomilovanjem mjerodavnoj dr\u017eavnoj instituciji, stoji u<strong>&nbsp;Gotovininom<\/strong>&nbsp;obra\u0107anju koje prenose mediji.<br><br>Gotovina je istaknuo kako nije poznavao niti jednog od njih prije 1991. i da stoga ne osporava valjanost njihovih osuda, ali nagla\u0161ava da je njegov \u010din podr\u0161ke u skladu s njegovim \u017eivotnim na\u010delima. Savjest nala\u017ee djelovati u okviru ljudskih i zakonskih mogu\u0107nosti, kako bi ljude vratili njihovim obiteljima, priop\u0107io je. Dodao je da je upoznao Perkovi\u0107a po\u010detkom Domovinskog rata te da su kroz sve godine rata imali korektnu profesionalnu suradnju.<br><br>&#8211; Kao pomo\u0107nik ministra obrane, zaslu\u017ean je za izgradnju i ustroj Sigurnosno-informativne slu\u017ebe. Danas su ovih dvoje ljudi poodmakle \u017eivotne dobi i naru\u0161enog zdravstvenog stanja, stoji u Gotovininom obra\u0107anju.<br><br>Gotovina je u obra\u0107anju javnosti podsjetio na branitelje &#8221;koji sjede u zatvorima diljem Europe koji tako\u0111er tra\u017ee ili \u0107e tra\u017eiti pomilovanje&#8221;, a nadodao je da &#8221;pamtimo sve procese, osude i optu\u017ebe me\u0111unarodnog kaznenog suda pod sintagmom Udru\u017eeni zlo\u010dina\u010dki pothvat na \u010delu sa predsjednikom hrvatske dr\u017eave&nbsp;<strong>Franjom Tu\u0111manom<\/strong>, ratnim ministrom obrane&nbsp;<strong>Gojkom \u0160u\u0161kom<\/strong>, na\u010delnicima Glavnog sto\u017eera, zapovjednicima i svim znanim i neznanim sudionicima&#8221;.<br><br>General je ocijenio da &#8221;pamtimo optu\u017ebe utemeljene na la\u017eima, manipuliranim dokazima i namje\u0161tenim, iznu\u0111enim svjedo\u010denjima&#8221;. Gotovina je istaknuo da su &#8221;nasuprot nedostatku osje\u0107aja za pravdu, manipulaciji, la\u017ei, bahatosti i pohlepi, koji su uzroci sukoba i ratova me\u0111u ljudima i narodima, stoje oprost i osje\u0107aj za milost, koji na razini \u010dovje\u010dnosti nisu odraz slabosti, nego snage&#8221;. O gladi, ka\u017ee, mo\u017ee govoriti siromah, o ratu onaj koji ga je pro\u017eivio bilo kao civil, bilo kao vojnik. O slobodi onaj, koji ju je jednom izgubio, bio u okovima i \u017eivio u tamnici, o pravdi oni, koji su otrpjeli nepravdu.<br><br>&#8211; I pod pretpostavkom da su Josip Perkovi\u0107 i Zdravko Musta\u010d ispravno osu\u0111eni, moj je stav da pravda i ljudskost zahtijevaju od nas da pru\u017eimo milosr\u0111e. Podr\u017eao sam zahtjev za pomilovanjem ovoj dvojici hrvatskih branitelja, kao \u0161to sam ve\u0107 tra\u017eio i tra\u017eit \u0107u i dalje da se milost pru\u017ei i drugim hrvatskim braniteljima koji sjede u zatvorima u Hrvatskoj i diljem Europe, stoji na kraju Gotovininog priop\u0107enja.<\/p>\n\n\n\n<p>Izvor:hrt.hr<\/p>\n","protected":false},"excerpt":{"rendered":"<p>General Ante Gotovina potvrdio je da je potpisao pismo podr\u0161ke Josipu Perkovi\u0107u i Zdravku Musta\u010du koji su uputili molbu za pomilovanjem Ministarstvu pravosu\u0111a, nakon \u0161to su u kolovozu 2016. u M\u00fcnchenu osu\u0111eni na do\u017eivotni zatvor zbog pomaganja u ubojstvu emigranta Stjepana \u0110urekovi\u0107a. &#8211; Da! Potpisao sam pismo podr\u0161ke brigadirima Hrvatske vojske&nbsp;Josipu Perkovi\u0107u&nbsp;i&nbsp;Zdravku Musta\u010du, koji su [&hellip;]<\/p>\n","protected":false},"author":2,"featured_media":134219,"comment_status":"closed","ping_status":"closed","sticky":false,"template":"","format":"standard","meta":{"h5ap_radio_sources":[],"footnotes":""},"categories":[1],"tags":[],"class_list":["post-134218","post","type-post","status-publish","format-standard","has-post-thumbnail","hentry","category-bihiregija"],"yoast_head":"<!-- This site is optimized with the Yoast SEO plugin v27.4 - https:\/\/yoast.com\/product\/yoast-seo-wordpress\/ -->\n<title>Gotovina: Potpisao sam pismo podr\u0161ke Perkovi\u0107u i Musta\u010du - RADIO LJUBU\u0160KI<\/title>\n<meta name=\"robots\" content=\"index, follow, max-snippet:-1, max-image-preview:large, max-video-preview:-1\" \/>\n<link rel=\"canonical\" href=\"https:\/\/radioljubuski.ba\/index.php\/2022\/04\/19\/gotovina-potpisao-sam-pismo-podrske-perkovicu-i-mustacu\/\" \/>\n<meta property=\"og:locale\" content=\"hr_HR\" \/>\n<meta property=\"og:type\" content=\"article\" \/>\n<meta property=\"og:title\" content=\"Gotovina: Potpisao sam pismo podr\u0161ke Perkovi\u0107u i Musta\u010du - RADIO LJUBU\u0160KI\" \/>\n<meta property=\"og:description\" content=\"General Ante Gotovina potvrdio je da je potpisao pismo podr\u0161ke Josipu Perkovi\u0107u i Zdravku Musta\u010du koji su uputili molbu za pomilovanjem Ministarstvu pravosu\u0111a, nakon \u0161to su u kolovozu 2016. u M\u00fcnchenu osu\u0111eni na do\u017eivotni zatvor zbog pomaganja u ubojstvu emigranta Stjepana \u0110urekovi\u0107a. &#8211; Da! Potpisao sam pismo podr\u0161ke brigadirima Hrvatske vojske&nbsp;Josipu Perkovi\u0107u&nbsp;i&nbsp;Zdravku Musta\u010du, koji su [&hellip;]\" \/>\n<meta property=\"og:url\" content=\"https:\/\/radioljubuski.ba\/index.php\/2022\/04\/19\/gotovina-potpisao-sam-pismo-podrske-perkovicu-i-mustacu\/\" \/>\n<meta property=\"og:site_name\" content=\"RADIO LJUBU\u0160KI\" \/>\n<meta property=\"article:publisher\" content=\"https:\/\/www.facebook.com\/Radiio-Ljubuski-1490835324566332\" \/>\n<meta property=\"article:published_time\" content=\"2022-04-19T21:54:36+00:00\" \/>\n<meta property=\"article:modified_time\" content=\"2022-04-19T21:54:37+00:00\" \/>\n<meta property=\"og:image\" content=\"https:\/\/radioljubuski.ba\/wp-content\/uploads\/2022\/04\/HN20220121355850-1150x620-1.jpg\" \/>\n\t<meta property=\"og:image:width\" content=\"1150\" \/>\n\t<meta property=\"og:image:height\" content=\"620\" \/>\n\t<meta property=\"og:image:type\" content=\"image\/jpeg\" \/>\n<meta name=\"author\" content=\"Radio Ljubu\u0161ki\" \/>\n<meta name=\"twitter:card\" content=\"summary_large_image\" \/>\n<meta name=\"twitter:creator\" content=\"@radioljubuski\" \/>\n<meta name=\"twitter:site\" content=\"@radioljubuski\" \/>\n<meta name=\"twitter:label1\" content=\"Napisao\/la\" \/>\n\t<meta name=\"twitter:data1\" content=\"Radio Ljubu\u0161ki\" \/>\n\t<meta name=\"twitter:label2\" content=\"Procijenjeno vrijeme \u010ditanja\" \/>\n\t<meta name=\"twitter:data2\" content=\"2 minute\" \/>\n<script type=\"application\/ld+json\" class=\"yoast-schema-graph\">{\"@context\":\"https:\\\/\\\/schema.org\",\"@graph\":[{\"@type\":\"Article\",\"@id\":\"https:\\\/\\\/radioljubuski.ba\\\/index.php\\\/2022\\\/04\\\/19\\\/gotovina-potpisao-sam-pismo-podrske-perkovicu-i-mustacu\\\/#article\",\"isPartOf\":{\"@id\":\"https:\\\/\\\/radioljubuski.ba\\\/index.php\\\/2022\\\/04\\\/19\\\/gotovina-potpisao-sam-pismo-podrske-perkovicu-i-mustacu\\\/\"},\"author\":{\"name\":\"Radio Ljubu\u0161ki\",\"@id\":\"https:\\\/\\\/radioljubuski.ba\\\/#\\\/schema\\\/person\\\/19fc700381a780f69665d7956c469e3b\"},\"headline\":\"Gotovina: Potpisao sam pismo podr\u0161ke Perkovi\u0107u i Musta\u010du\",\"datePublished\":\"2022-04-19T21:54:36+00:00\",\"dateModified\":\"2022-04-19T21:54:37+00:00\",\"mainEntityOfPage\":{\"@id\":\"https:\\\/\\\/radioljubuski.ba\\\/index.php\\\/2022\\\/04\\\/19\\\/gotovina-potpisao-sam-pismo-podrske-perkovicu-i-mustacu\\\/\"},\"wordCount\":476,\"publisher\":{\"@id\":\"https:\\\/\\\/radioljubuski.ba\\\/#organization\"},\"image\":{\"@id\":\"https:\\\/\\\/radioljubuski.ba\\\/index.php\\\/2022\\\/04\\\/19\\\/gotovina-potpisao-sam-pismo-podrske-perkovicu-i-mustacu\\\/#primaryimage\"},\"thumbnailUrl\":\"https:\\\/\\\/radioljubuski.ba\\\/wp-content\\\/uploads\\\/2022\\\/04\\\/HN20220121355850-1150x620-1.jpg\",\"articleSection\":[\"BIH i regija\"],\"inLanguage\":\"hr\"},{\"@type\":\"WebPage\",\"@id\":\"https:\\\/\\\/radioljubuski.ba\\\/index.php\\\/2022\\\/04\\\/19\\\/gotovina-potpisao-sam-pismo-podrske-perkovicu-i-mustacu\\\/\",\"url\":\"https:\\\/\\\/radioljubuski.ba\\\/index.php\\\/2022\\\/04\\\/19\\\/gotovina-potpisao-sam-pismo-podrske-perkovicu-i-mustacu\\\/\",\"name\":\"Gotovina: Potpisao sam pismo podr\u0161ke Perkovi\u0107u i Musta\u010du - RADIO LJUBU\u0160KI\",\"isPartOf\":{\"@id\":\"https:\\\/\\\/radioljubuski.ba\\\/#website\"},\"primaryImageOfPage\":{\"@id\":\"https:\\\/\\\/radioljubuski.ba\\\/index.php\\\/2022\\\/04\\\/19\\\/gotovina-potpisao-sam-pismo-podrske-perkovicu-i-mustacu\\\/#primaryimage\"},\"image\":{\"@id\":\"https:\\\/\\\/radioljubuski.ba\\\/index.php\\\/2022\\\/04\\\/19\\\/gotovina-potpisao-sam-pismo-podrske-perkovicu-i-mustacu\\\/#primaryimage\"},\"thumbnailUrl\":\"https:\\\/\\\/radioljubuski.ba\\\/wp-content\\\/uploads\\\/2022\\\/04\\\/HN20220121355850-1150x620-1.jpg\",\"datePublished\":\"2022-04-19T21:54:36+00:00\",\"dateModified\":\"2022-04-19T21:54:37+00:00\",\"breadcrumb\":{\"@id\":\"https:\\\/\\\/radioljubuski.ba\\\/index.php\\\/2022\\\/04\\\/19\\\/gotovina-potpisao-sam-pismo-podrske-perkovicu-i-mustacu\\\/#breadcrumb\"},\"inLanguage\":\"hr\",\"potentialAction\":[{\"@type\":\"ReadAction\",\"target\":[\"https:\\\/\\\/radioljubuski.ba\\\/index.php\\\/2022\\\/04\\\/19\\\/gotovina-potpisao-sam-pismo-podrske-perkovicu-i-mustacu\\\/\"]}]},{\"@type\":\"ImageObject\",\"inLanguage\":\"hr\",\"@id\":\"https:\\\/\\\/radioljubuski.ba\\\/index.php\\\/2022\\\/04\\\/19\\\/gotovina-potpisao-sam-pismo-podrske-perkovicu-i-mustacu\\\/#primaryimage\",\"url\":\"https:\\\/\\\/radioljubuski.ba\\\/wp-content\\\/uploads\\\/2022\\\/04\\\/HN20220121355850-1150x620-1.jpg\",\"contentUrl\":\"https:\\\/\\\/radioljubuski.ba\\\/wp-content\\\/uploads\\\/2022\\\/04\\\/HN20220121355850-1150x620-1.jpg\",\"width\":1150,\"height\":620},{\"@type\":\"BreadcrumbList\",\"@id\":\"https:\\\/\\\/radioljubuski.ba\\\/index.php\\\/2022\\\/04\\\/19\\\/gotovina-potpisao-sam-pismo-podrske-perkovicu-i-mustacu\\\/#breadcrumb\",\"itemListElement\":[{\"@type\":\"ListItem\",\"position\":1,\"name\":\"Po\u010detna stranica\",\"item\":\"https:\\\/\\\/radioljubuski.ba\\\/\"},{\"@type\":\"ListItem\",\"position\":2,\"name\":\"Gotovina: Potpisao sam pismo podr\u0161ke Perkovi\u0107u i Musta\u010du\"}]},{\"@type\":\"WebSite\",\"@id\":\"https:\\\/\\\/radioljubuski.ba\\\/#website\",\"url\":\"https:\\\/\\\/radioljubuski.ba\\\/\",\"name\":\"Radio Ljubu\u0161ki\",\"description\":\"Sun\u010dana frekvencija Hercegovine\",\"publisher\":{\"@id\":\"https:\\\/\\\/radioljubuski.ba\\\/#organization\"},\"potentialAction\":[{\"@type\":\"SearchAction\",\"target\":{\"@type\":\"EntryPoint\",\"urlTemplate\":\"https:\\\/\\\/radioljubuski.ba\\\/?s={search_term_string}\"},\"query-input\":{\"@type\":\"PropertyValueSpecification\",\"valueRequired\":true,\"valueName\":\"search_term_string\"}}],\"inLanguage\":\"hr\"},{\"@type\":\"Organization\",\"@id\":\"https:\\\/\\\/radioljubuski.ba\\\/#organization\",\"name\":\"Radio Ljubu\u0161ki\",\"url\":\"https:\\\/\\\/radioljubuski.ba\\\/\",\"logo\":{\"@type\":\"ImageObject\",\"inLanguage\":\"hr\",\"@id\":\"https:\\\/\\\/radioljubuski.ba\\\/#\\\/schema\\\/logo\\\/image\\\/\",\"url\":\"https:\\\/\\\/radioljubuski.ba\\\/wp-content\\\/uploads\\\/2021\\\/02\\\/cropped-Radio_Ljubuski_logo1.jpg\",\"contentUrl\":\"https:\\\/\\\/radioljubuski.ba\\\/wp-content\\\/uploads\\\/2021\\\/02\\\/cropped-Radio_Ljubuski_logo1.jpg\",\"width\":512,\"height\":512,\"caption\":\"Radio Ljubu\u0161ki\"},\"image\":{\"@id\":\"https:\\\/\\\/radioljubuski.ba\\\/#\\\/schema\\\/logo\\\/image\\\/\"},\"sameAs\":[\"https:\\\/\\\/www.facebook.com\\\/Radiio-Ljubuski-1490835324566332\",\"https:\\\/\\\/x.com\\\/radioljubuski\",\"https:\\\/\\\/hr.linkedin.com\\\/company\\\/radio-ljubuski\",\"https:\\\/\\\/www.youtube.com\\\/channel\\\/UCHYaeO_n0Db3tjNGudGpXyw\"]},{\"@type\":\"Person\",\"@id\":\"https:\\\/\\\/radioljubuski.ba\\\/#\\\/schema\\\/person\\\/19fc700381a780f69665d7956c469e3b\",\"name\":\"Radio Ljubu\u0161ki\"}]}<\/script>\n<!-- \/ Yoast SEO plugin. -->","yoast_head_json":{"title":"Gotovina: Potpisao sam pismo podr\u0161ke Perkovi\u0107u i Musta\u010du - RADIO LJUBU\u0160KI","robots":{"index":"index","follow":"follow","max-snippet":"max-snippet:-1","max-image-preview":"max-image-preview:large","max-video-preview":"max-video-preview:-1"},"canonical":"https:\/\/radioljubuski.ba\/index.php\/2022\/04\/19\/gotovina-potpisao-sam-pismo-podrske-perkovicu-i-mustacu\/","og_locale":"hr_HR","og_type":"article","og_title":"Gotovina: Potpisao sam pismo podr\u0161ke Perkovi\u0107u i Musta\u010du - RADIO LJUBU\u0160KI","og_description":"General Ante Gotovina potvrdio je da je potpisao pismo podr\u0161ke Josipu Perkovi\u0107u i Zdravku Musta\u010du koji su uputili molbu za pomilovanjem Ministarstvu pravosu\u0111a, nakon \u0161to su u kolovozu 2016. u M\u00fcnchenu osu\u0111eni na do\u017eivotni zatvor zbog pomaganja u ubojstvu emigranta Stjepana \u0110urekovi\u0107a. &#8211; Da! Potpisao sam pismo podr\u0161ke brigadirima Hrvatske vojske&nbsp;Josipu Perkovi\u0107u&nbsp;i&nbsp;Zdravku Musta\u010du, koji su [&hellip;]","og_url":"https:\/\/radioljubuski.ba\/index.php\/2022\/04\/19\/gotovina-potpisao-sam-pismo-podrske-perkovicu-i-mustacu\/","og_site_name":"RADIO LJUBU\u0160KI","article_publisher":"https:\/\/www.facebook.com\/Radiio-Ljubuski-1490835324566332","article_published_time":"2022-04-19T21:54:36+00:00","article_modified_time":"2022-04-19T21:54:37+00:00","og_image":[{"width":1150,"height":620,"url":"https:\/\/radioljubuski.ba\/wp-content\/uploads\/2022\/04\/HN20220121355850-1150x620-1.jpg","type":"image\/jpeg"}],"author":"Radio Ljubu\u0161ki","twitter_card":"summary_large_image","twitter_creator":"@radioljubuski","twitter_site":"@radioljubuski","twitter_misc":{"Napisao\/la":"Radio Ljubu\u0161ki","Procijenjeno vrijeme \u010ditanja":"2 minute"},"schema":{"@context":"https:\/\/schema.org","@graph":[{"@type":"Article","@id":"https:\/\/radioljubuski.ba\/index.php\/2022\/04\/19\/gotovina-potpisao-sam-pismo-podrske-perkovicu-i-mustacu\/#article","isPartOf":{"@id":"https:\/\/radioljubuski.ba\/index.php\/2022\/04\/19\/gotovina-potpisao-sam-pismo-podrske-perkovicu-i-mustacu\/"},"author":{"name":"Radio Ljubu\u0161ki","@id":"https:\/\/radioljubuski.ba\/#\/schema\/person\/19fc700381a780f69665d7956c469e3b"},"headline":"Gotovina: Potpisao sam pismo podr\u0161ke Perkovi\u0107u i Musta\u010du","datePublished":"2022-04-19T21:54:36+00:00","dateModified":"2022-04-19T21:54:37+00:00","mainEntityOfPage":{"@id":"https:\/\/radioljubuski.ba\/index.php\/2022\/04\/19\/gotovina-potpisao-sam-pismo-podrske-perkovicu-i-mustacu\/"},"wordCount":476,"publisher":{"@id":"https:\/\/radioljubuski.ba\/#organization"},"image":{"@id":"https:\/\/radioljubuski.ba\/index.php\/2022\/04\/19\/gotovina-potpisao-sam-pismo-podrske-perkovicu-i-mustacu\/#primaryimage"},"thumbnailUrl":"https:\/\/radioljubuski.ba\/wp-content\/uploads\/2022\/04\/HN20220121355850-1150x620-1.jpg","articleSection":["BIH i regija"],"inLanguage":"hr"},{"@type":"WebPage","@id":"https:\/\/radioljubuski.ba\/index.php\/2022\/04\/19\/gotovina-potpisao-sam-pismo-podrske-perkovicu-i-mustacu\/","url":"https:\/\/radioljubuski.ba\/index.php\/2022\/04\/19\/gotovina-potpisao-sam-pismo-podrske-perkovicu-i-mustacu\/","name":"Gotovina: Potpisao sam pismo podr\u0161ke Perkovi\u0107u i Musta\u010du - RADIO LJUBU\u0160KI","isPartOf":{"@id":"https:\/\/radioljubuski.ba\/#website"},"primaryImageOfPage":{"@id":"https:\/\/radioljubuski.ba\/index.php\/2022\/04\/19\/gotovina-potpisao-sam-pismo-podrske-perkovicu-i-mustacu\/#primaryimage"},"image":{"@id":"https:\/\/radioljubuski.ba\/index.php\/2022\/04\/19\/gotovina-potpisao-sam-pismo-podrske-perkovicu-i-mustacu\/#primaryimage"},"thumbnailUrl":"https:\/\/radioljubuski.ba\/wp-content\/uploads\/2022\/04\/HN20220121355850-1150x620-1.jpg","datePublished":"2022-04-19T21:54:36+00:00","dateModified":"2022-04-19T21:54:37+00:00","breadcrumb":{"@id":"https:\/\/radioljubuski.ba\/index.php\/2022\/04\/19\/gotovina-potpisao-sam-pismo-podrske-perkovicu-i-mustacu\/#breadcrumb"},"inLanguage":"hr","potentialAction":[{"@type":"ReadAction","target":["https:\/\/radioljubuski.ba\/index.php\/2022\/04\/19\/gotovina-potpisao-sam-pismo-podrske-perkovicu-i-mustacu\/"]}]},{"@type":"ImageObject","inLanguage":"hr","@id":"https:\/\/radioljubuski.ba\/index.php\/2022\/04\/19\/gotovina-potpisao-sam-pismo-podrske-perkovicu-i-mustacu\/#primaryimage","url":"https:\/\/radioljubuski.ba\/wp-content\/uploads\/2022\/04\/HN20220121355850-1150x620-1.jpg","contentUrl":"https:\/\/radioljubuski.ba\/wp-content\/uploads\/2022\/04\/HN20220121355850-1150x620-1.jpg","width":1150,"height":620},{"@type":"BreadcrumbList","@id":"https:\/\/radioljubuski.ba\/index.php\/2022\/04\/19\/gotovina-potpisao-sam-pismo-podrske-perkovicu-i-mustacu\/#breadcrumb","itemListElement":[{"@type":"ListItem","position":1,"name":"Po\u010detna stranica","item":"https:\/\/radioljubuski.ba\/"},{"@type":"ListItem","position":2,"name":"Gotovina: Potpisao sam pismo podr\u0161ke Perkovi\u0107u i Musta\u010du"}]},{"@type":"WebSite","@id":"https:\/\/radioljubuski.ba\/#website","url":"https:\/\/radioljubuski.ba\/","name":"Radio Ljubu\u0161ki","description":"Sun\u010dana frekvencija Hercegovine","publisher":{"@id":"https:\/\/radioljubuski.ba\/#organization"},"potentialAction":[{"@type":"SearchAction","target":{"@type":"EntryPoint","urlTemplate":"https:\/\/radioljubuski.ba\/?s={search_term_string}"},"query-input":{"@type":"PropertyValueSpecification","valueRequired":true,"valueName":"search_term_string"}}],"inLanguage":"hr"},{"@type":"Organization","@id":"https:\/\/radioljubuski.ba\/#organization","name":"Radio Ljubu\u0161ki","url":"https:\/\/radioljubuski.ba\/","logo":{"@type":"ImageObject","inLanguage":"hr","@id":"https:\/\/radioljubuski.ba\/#\/schema\/logo\/image\/","url":"https:\/\/radioljubuski.ba\/wp-content\/uploads\/2021\/02\/cropped-Radio_Ljubuski_logo1.jpg","contentUrl":"https:\/\/radioljubuski.ba\/wp-content\/uploads\/2021\/02\/cropped-Radio_Ljubuski_logo1.jpg","width":512,"height":512,"caption":"Radio Ljubu\u0161ki"},"image":{"@id":"https:\/\/radioljubuski.ba\/#\/schema\/logo\/image\/"},"sameAs":["https:\/\/www.facebook.com\/Radiio-Ljubuski-1490835324566332","https:\/\/x.com\/radioljubuski","https:\/\/hr.linkedin.com\/company\/radio-ljubuski","https:\/\/www.youtube.com\/channel\/UCHYaeO_n0Db3tjNGudGpXyw"]},{"@type":"Person","@id":"https:\/\/radioljubuski.ba\/#\/schema\/person\/19fc700381a780f69665d7956c469e3b","name":"Radio Ljubu\u0161ki"}]}},"_links":{"self":[{"href":"https:\/\/radioljubuski.ba\/index.php\/wp-json\/wp\/v2\/posts\/134218","targetHints":{"allow":["GET"]}}],"collection":[{"href":"https:\/\/radioljubuski.ba\/index.php\/wp-json\/wp\/v2\/posts"}],"about":[{"href":"https:\/\/radioljubuski.ba\/index.php\/wp-json\/wp\/v2\/types\/post"}],"author":[{"embeddable":true,"href":"https:\/\/radioljubuski.ba\/index.php\/wp-json\/wp\/v2\/users\/2"}],"replies":[{"embeddable":true,"href":"https:\/\/radioljubuski.ba\/index.php\/wp-json\/wp\/v2\/comments?post=134218"}],"version-history":[{"count":1,"href":"https:\/\/radioljubuski.ba\/index.php\/wp-json\/wp\/v2\/posts\/134218\/revisions"}],"predecessor-version":[{"id":134220,"href":"https:\/\/radioljubuski.ba\/index.php\/wp-json\/wp\/v2\/posts\/134218\/revisions\/134220"}],"wp:featuredmedia":[{"embeddable":true,"href":"https:\/\/radioljubuski.ba\/index.php\/wp-json\/wp\/v2\/media\/134219"}],"wp:attachment":[{"href":"https:\/\/radioljubuski.ba\/index.php\/wp-json\/wp\/v2\/media?parent=134218"}],"wp:term":[{"taxonomy":"category","embeddable":true,"href":"https:\/\/radioljubuski.ba\/index.php\/wp-json\/wp\/v2\/categories?post=134218"},{"taxonomy":"post_tag","embeddable":true,"href":"https:\/\/radioljubuski.ba\/index.php\/wp-json\/wp\/v2\/tags?post=134218"}],"curies":[{"name":"wp","href":"https:\/\/api.w.org\/{rel}","templated":true}]}}