{"id":134227,"date":"2022-04-19T23:00:17","date_gmt":"2022-04-19T22:00:17","guid":{"rendered":"https:\/\/radioljubuski.ba\/?p=134227"},"modified":"2022-04-19T23:00:18","modified_gmt":"2022-04-19T22:00:18","slug":"plenkovic-o-zahtjevu-za-pomilovanje-neka-se-ocituje-predsjednik-republike","status":"publish","type":"post","link":"https:\/\/radioljubuski.ba\/index.php\/2022\/04\/19\/plenkovic-o-zahtjevu-za-pomilovanje-neka-se-ocituje-predsjednik-republike\/","title":{"rendered":"Plenkovi\u0107: O zahtjevu za pomilovanje neka se o\u010dituje predsjednik Republike"},"content":{"rendered":"\n<p><strong>Premijer Andrej Plenkovi\u0107 nakon sjednice Predsjedni\u0161tva i Nacionalnog vije\u0107a HDZ-a rekao je da su razmotrili sva aktualna pitanja.\u00a0<\/strong><\/p>\n\n\n\n<iframe loading=\"lazy\" src=\"https:\/\/www.facebook.com\/plugins\/video.php?height=314&#038;href=https%3A%2F%2Fwww.facebook.com%2FHRTvijesti%2Fvideos%2F4993936617308837%2F&#038;show_text=false&#038;width=560&#038;t=0\" width=\"560\" height=\"314\" style=\"border:none;overflow:hidden\" scrolling=\"no\" frameborder=\"0\" allowfullscreen=\"true\" allow=\"autoplay; clipboard-write; encrypted-media; picture-in-picture; web-share\" allowFullScreen=\"true\"><\/iframe>\n\n\n\n<p>Istaknuo je da je izvijestio o sino\u0107njem razgovoru s ukrajinskim predsjednikom&nbsp;<strong>Volodimirom Zelenskim<\/strong>.<br><br>&#8211; Drago mi je da Ukrajina cijeni konzistentan stav hrvatske Vlade i podr\u0161ku ukrajinskom narodu. Tu smo pokazali \u010dvrstinu i da smo na pravoj strani i povijesti i pravde u ovako te\u0161kim trenucima za ukrajinski narod. Dogovorili smo daljnju potporu, a i razgovarali smo o tome kako \u0107emo, kada ta tema do\u0111e na red u lipnju na Europskom vije\u0107u, podr\u017eati njihove ambicije za pribli\u017eavanje EU-u, rekao je Plenkovi\u0107.&nbsp;&nbsp;<br><br>&#8211; Ideja je da Europska komisija pripremi jednu vrstu stava, mi\u0161ljenja. Rasprava je predvi\u0111ena u lipnju. Moj stav je jasan. Hrvatska je potpisala Deklaraciju o podr\u0161ci europskom putu Ukrajine. Mi \u017eelimo njima i politi\u010dki pomo\u0107i &#8211; savjetom i stru\u010dno i vjerujem da Ukrajina zavre\u0111uje neku vrstu posebnog statusa. Ne treba o\u010dekivati da \u0107e netko preko no\u0107i postati \u010dlanica EU-a. Realna je &#8220;jedna vrsta tje\u0161nje institucionalne poveznice s intenzivnijim odnosima&#8221;, kazao je Plenkovi\u0107. rekao je.<br><br>A kad je rije\u010d o potpori, rekao je da je ona cjelovita.<br><br>&#8211; Ona je politi\u010dka, diplomatska, humanitarna, tehni\u010dka, vojna. Ukrajina to jako cijeni i nastavit \u0107emo to i u budu\u0107nosti.<\/p>\n\n\n\n<p>Kad je rije\u010d o BiH, rekao je da su mjesecima trajali razgovori o ograni\u010denim ustavnim promjenama izbornog zakona.<br><br>&#8211; Na\u0161 stav je jasan. Smatramo da je za dobro funkcioniranje BiH klju\u010dno da se svi konstitutivni narodi ne samo osje\u0107aju ravnopravno ve\u0107 da su i kroz zakon ravnopravni. Zato smatramo da praksa koju smo gledali zadnjih 16 godina, gdje jedan brojniji konstitutivni narod bira manjem konstitutivnom narodu nije dobar i ne postavlja temelje niti za unutarnje funkcioniranje, niti reformske procese, niti europski put, istaknuo je, te apelirao na sve da se nastave razgovori na tragu podr\u0161ke i poruka koje su upu\u0107ivali.&nbsp;<\/p>\n\n\n\n<p>Osvrnuo se i na pomilovanje&nbsp;<strong>Zdravka Musta\u010da<\/strong>&nbsp;i&nbsp;<strong>Josipa Perkovi\u0107a<\/strong>, osu\u0111ene biv\u0161e djelatnike UDBA-e.<br><br>&#8211; Bitan je taj formalnopravni zahtjev koji je upu\u0107en od strane pravnog zastupnika ministru Malenici, slijedi procedura. Neka se o toj temi o\u010dituje predsjednik, to je zahtjev upu\u0107en njemu, rekao je Plenkovi\u0107.<br><br>Upitan kakav je njegov osobni stav o tome, odgovorio je &#8211; neka se predsjednik RH prvo o\u010dituje. Kazao je i kako nema potrebe komentirati je li ga iznenadila potpora generala&nbsp;<strong>Ante Gotovine<\/strong>&nbsp;tom zahtjevu te da nije vidio njegovo priop\u0107enje. Naglasio je kako je bitno samo ono \u0161to pi\u0161e u pravnom zahtjevu.<br><br>Odgovaraju\u0107i na novinarski upit s obzirom na povijesni kontekst, Plenkovi\u0107 je podsjetio kako je prvi hrvatski predsjednik dr.&nbsp;<strong>Franjo Tu\u0111man<\/strong>&nbsp;vodio politiku pomirbe u trenucima stvaranja hrvatske dr\u017eave na jedinstvu domovinske i iseljene Hrvatske i razli\u010ditih ideolo\u0161kih strana u hrvatskom dru\u0161tvu i uspio ostvariti vi\u0161estoljetni san hrvatskog naroda. No tema o kojoj se ovdje radi ima sasvim drugu pozadinu, to su bili zlo\u010dini po\u010dinjeni nad Hrvatima u emigraciji tijekom komunisti\u010dkog sustava.<\/p>\n\n\n\n<p>Na pitanje o rekonstrukciji Vlade odgovorio je da se o tome nije razgovaralo. Na pitanje za\u0161to su je najavili, a sada se toliko \u010deka s provo\u0111enjem, rekao je kako nisu dali nikakav rok.<br><br>&#8211; Mi imamo \u201ccarte blanche\u201d strana\u010dkih tijela i koalicije. Kada procijenimo da je moment, re\u0107i \u0107emo vam. \u0160to je \u017eurno? Najavili smo je jer smo imali politi\u010dki razlog da to u\u010dinimo, rekao je.<\/p>\n\n\n\n<p>Dodao je i da su razgovarali o kandidatu HDZ-a za gradona\u010delnika Splita.<br><br>&#8211; Rije\u010d je o&nbsp;<strong>Zoranu \u0110oga\u0161u<\/strong>&nbsp;s respektabilnim ugledom u Splitu i akademskoj zajednici. Drago mi je da je prihvatio tu du\u017enost i vjerujem da je on sjajno rje\u0161enje za budu\u0107nost Splita, za razliku od onih koji&nbsp;bespotrebno vode Spli\u0107ane i Spli\u0107anke na izbore, na kraju \u0107e biti u politi\u010dkom smislu ka\u017enjeni. Uvjeren sam da je Zoran \u0110oga\u0161 budu\u0107nost Splita, rekao je.<\/p>\n\n\n\n<p>Plenkovi\u0107 je, na novinarski upit vezan uz komemoraciju u Jasenovcu i zakonsku zabranu pozdrava &#8220;Za dom spremni&#8221;, odgovorio da \u0107e u Jasenovcu biti kao i svake godine podsjetiv\u0161i kako je jasan politi\u010dki stav u odnosu na NDH rekao na pro\u0161loj sjednici Vlade. Vezano uz pozdrav &#8220;Za dom spremni&#8221; podsjetio je i da je i ranije kazao kako je taj pozdrav i danas zabranjen te samo treba provoditi ono \u0161to je i sada na snazi.&nbsp;&nbsp;<br><br>Hrvatski premijer komentirao je i mogu\u0107nost zabrane uvoza ruskih energenata na europskoj razini.<br><br>&#8211; Takva dalekose\u017ena i strate\u0161ka odluka ne mo\u017ee i ne\u0107e biti provedena preko no\u0107i zato \u0161to je stupanj ovisnosti pojedinih zemalja o ruskim energentima bitno razli\u010dit, istaknuo je.<br><br>&#8211; Hrvatska je tu manje ovisna nego drugi, naglasio je Plenkovi\u0107.<\/p>\n\n\n\n<p>Izvor:hrt.hr<\/p>\n","protected":false},"excerpt":{"rendered":"<p>Premijer Andrej Plenkovi\u0107 nakon sjednice Predsjedni\u0161tva i Nacionalnog vije\u0107a HDZ-a rekao je da su razmotrili sva aktualna pitanja.\u00a0 Istaknuo je da je izvijestio o sino\u0107njem razgovoru s ukrajinskim predsjednikom&nbsp;Volodimirom Zelenskim. &#8211; Drago mi je da Ukrajina cijeni konzistentan stav hrvatske Vlade i podr\u0161ku ukrajinskom narodu. Tu smo pokazali \u010dvrstinu i da smo na pravoj strani [&hellip;]<\/p>\n","protected":false},"author":2,"featured_media":108022,"comment_status":"closed","ping_status":"closed","sticky":false,"template":"","format":"standard","meta":{"h5ap_radio_sources":[],"footnotes":""},"categories":[1],"tags":[],"class_list":["post-134227","post","type-post","status-publish","format-standard","has-post-thumbnail","hentry","category-bihiregija"],"yoast_head":"<!-- This site is optimized with the Yoast SEO plugin v27.4 - https:\/\/yoast.com\/product\/yoast-seo-wordpress\/ -->\n<title>Plenkovi\u0107: O zahtjevu za pomilovanje neka se o\u010dituje predsjednik Republike - RADIO LJUBU\u0160KI<\/title>\n<meta name=\"robots\" content=\"index, follow, max-snippet:-1, max-image-preview:large, max-video-preview:-1\" \/>\n<link rel=\"canonical\" href=\"https:\/\/radioljubuski.ba\/index.php\/2022\/04\/19\/plenkovic-o-zahtjevu-za-pomilovanje-neka-se-ocituje-predsjednik-republike\/\" \/>\n<meta property=\"og:locale\" content=\"hr_HR\" \/>\n<meta property=\"og:type\" content=\"article\" \/>\n<meta property=\"og:title\" content=\"Plenkovi\u0107: O zahtjevu za pomilovanje neka se o\u010dituje predsjednik Republike - RADIO LJUBU\u0160KI\" \/>\n<meta property=\"og:description\" content=\"Premijer Andrej Plenkovi\u0107 nakon sjednice Predsjedni\u0161tva i Nacionalnog vije\u0107a HDZ-a rekao je da su razmotrili sva aktualna pitanja.\u00a0 Istaknuo je da je izvijestio o sino\u0107njem razgovoru s ukrajinskim predsjednikom&nbsp;Volodimirom Zelenskim. &#8211; Drago mi je da Ukrajina cijeni konzistentan stav hrvatske Vlade i podr\u0161ku ukrajinskom narodu. Tu smo pokazali \u010dvrstinu i da smo na pravoj strani [&hellip;]\" \/>\n<meta property=\"og:url\" content=\"https:\/\/radioljubuski.ba\/index.php\/2022\/04\/19\/plenkovic-o-zahtjevu-za-pomilovanje-neka-se-ocituje-predsjednik-republike\/\" \/>\n<meta property=\"og:site_name\" content=\"RADIO LJUBU\u0160KI\" \/>\n<meta property=\"article:publisher\" content=\"https:\/\/www.facebook.com\/Radiio-Ljubuski-1490835324566332\" \/>\n<meta property=\"article:published_time\" content=\"2022-04-19T22:00:17+00:00\" \/>\n<meta property=\"article:modified_time\" content=\"2022-04-19T22:00:18+00:00\" \/>\n<meta property=\"og:image\" content=\"https:\/\/radioljubuski.ba\/wp-content\/uploads\/2022\/01\/2-2022-01-18-19-04-29-plenkovic.jpg\" \/>\n\t<meta property=\"og:image:width\" content=\"1000\" \/>\n\t<meta property=\"og:image:height\" content=\"625\" \/>\n\t<meta property=\"og:image:type\" content=\"image\/jpeg\" \/>\n<meta name=\"author\" content=\"Radio Ljubu\u0161ki\" \/>\n<meta name=\"twitter:card\" content=\"summary_large_image\" \/>\n<meta name=\"twitter:creator\" content=\"@radioljubuski\" \/>\n<meta name=\"twitter:site\" content=\"@radioljubuski\" \/>\n<meta name=\"twitter:label1\" content=\"Napisao\/la\" \/>\n\t<meta name=\"twitter:data1\" content=\"Radio Ljubu\u0161ki\" \/>\n\t<meta name=\"twitter:label2\" content=\"Procijenjeno vrijeme \u010ditanja\" \/>\n\t<meta name=\"twitter:data2\" content=\"4 minute\" \/>\n<script type=\"application\/ld+json\" class=\"yoast-schema-graph\">{\"@context\":\"https:\\\/\\\/schema.org\",\"@graph\":[{\"@type\":\"Article\",\"@id\":\"https:\\\/\\\/radioljubuski.ba\\\/index.php\\\/2022\\\/04\\\/19\\\/plenkovic-o-zahtjevu-za-pomilovanje-neka-se-ocituje-predsjednik-republike\\\/#article\",\"isPartOf\":{\"@id\":\"https:\\\/\\\/radioljubuski.ba\\\/index.php\\\/2022\\\/04\\\/19\\\/plenkovic-o-zahtjevu-za-pomilovanje-neka-se-ocituje-predsjednik-republike\\\/\"},\"author\":{\"name\":\"Radio Ljubu\u0161ki\",\"@id\":\"https:\\\/\\\/radioljubuski.ba\\\/#\\\/schema\\\/person\\\/19fc700381a780f69665d7956c469e3b\"},\"headline\":\"Plenkovi\u0107: O zahtjevu za pomilovanje neka se o\u010dituje predsjednik Republike\",\"datePublished\":\"2022-04-19T22:00:17+00:00\",\"dateModified\":\"2022-04-19T22:00:18+00:00\",\"mainEntityOfPage\":{\"@id\":\"https:\\\/\\\/radioljubuski.ba\\\/index.php\\\/2022\\\/04\\\/19\\\/plenkovic-o-zahtjevu-za-pomilovanje-neka-se-ocituje-predsjednik-republike\\\/\"},\"wordCount\":841,\"publisher\":{\"@id\":\"https:\\\/\\\/radioljubuski.ba\\\/#organization\"},\"image\":{\"@id\":\"https:\\\/\\\/radioljubuski.ba\\\/index.php\\\/2022\\\/04\\\/19\\\/plenkovic-o-zahtjevu-za-pomilovanje-neka-se-ocituje-predsjednik-republike\\\/#primaryimage\"},\"thumbnailUrl\":\"https:\\\/\\\/radioljubuski.ba\\\/wp-content\\\/uploads\\\/2022\\\/01\\\/2-2022-01-18-19-04-29-plenkovic.jpg\",\"articleSection\":[\"BIH i regija\"],\"inLanguage\":\"hr\"},{\"@type\":\"WebPage\",\"@id\":\"https:\\\/\\\/radioljubuski.ba\\\/index.php\\\/2022\\\/04\\\/19\\\/plenkovic-o-zahtjevu-za-pomilovanje-neka-se-ocituje-predsjednik-republike\\\/\",\"url\":\"https:\\\/\\\/radioljubuski.ba\\\/index.php\\\/2022\\\/04\\\/19\\\/plenkovic-o-zahtjevu-za-pomilovanje-neka-se-ocituje-predsjednik-republike\\\/\",\"name\":\"Plenkovi\u0107: O zahtjevu za pomilovanje neka se o\u010dituje predsjednik Republike - RADIO LJUBU\u0160KI\",\"isPartOf\":{\"@id\":\"https:\\\/\\\/radioljubuski.ba\\\/#website\"},\"primaryImageOfPage\":{\"@id\":\"https:\\\/\\\/radioljubuski.ba\\\/index.php\\\/2022\\\/04\\\/19\\\/plenkovic-o-zahtjevu-za-pomilovanje-neka-se-ocituje-predsjednik-republike\\\/#primaryimage\"},\"image\":{\"@id\":\"https:\\\/\\\/radioljubuski.ba\\\/index.php\\\/2022\\\/04\\\/19\\\/plenkovic-o-zahtjevu-za-pomilovanje-neka-se-ocituje-predsjednik-republike\\\/#primaryimage\"},\"thumbnailUrl\":\"https:\\\/\\\/radioljubuski.ba\\\/wp-content\\\/uploads\\\/2022\\\/01\\\/2-2022-01-18-19-04-29-plenkovic.jpg\",\"datePublished\":\"2022-04-19T22:00:17+00:00\",\"dateModified\":\"2022-04-19T22:00:18+00:00\",\"breadcrumb\":{\"@id\":\"https:\\\/\\\/radioljubuski.ba\\\/index.php\\\/2022\\\/04\\\/19\\\/plenkovic-o-zahtjevu-za-pomilovanje-neka-se-ocituje-predsjednik-republike\\\/#breadcrumb\"},\"inLanguage\":\"hr\",\"potentialAction\":[{\"@type\":\"ReadAction\",\"target\":[\"https:\\\/\\\/radioljubuski.ba\\\/index.php\\\/2022\\\/04\\\/19\\\/plenkovic-o-zahtjevu-za-pomilovanje-neka-se-ocituje-predsjednik-republike\\\/\"]}]},{\"@type\":\"ImageObject\",\"inLanguage\":\"hr\",\"@id\":\"https:\\\/\\\/radioljubuski.ba\\\/index.php\\\/2022\\\/04\\\/19\\\/plenkovic-o-zahtjevu-za-pomilovanje-neka-se-ocituje-predsjednik-republike\\\/#primaryimage\",\"url\":\"https:\\\/\\\/radioljubuski.ba\\\/wp-content\\\/uploads\\\/2022\\\/01\\\/2-2022-01-18-19-04-29-plenkovic.jpg\",\"contentUrl\":\"https:\\\/\\\/radioljubuski.ba\\\/wp-content\\\/uploads\\\/2022\\\/01\\\/2-2022-01-18-19-04-29-plenkovic.jpg\",\"width\":1000,\"height\":625},{\"@type\":\"BreadcrumbList\",\"@id\":\"https:\\\/\\\/radioljubuski.ba\\\/index.php\\\/2022\\\/04\\\/19\\\/plenkovic-o-zahtjevu-za-pomilovanje-neka-se-ocituje-predsjednik-republike\\\/#breadcrumb\",\"itemListElement\":[{\"@type\":\"ListItem\",\"position\":1,\"name\":\"Po\u010detna stranica\",\"item\":\"https:\\\/\\\/radioljubuski.ba\\\/\"},{\"@type\":\"ListItem\",\"position\":2,\"name\":\"Plenkovi\u0107: O zahtjevu za pomilovanje neka se o\u010dituje predsjednik Republike\"}]},{\"@type\":\"WebSite\",\"@id\":\"https:\\\/\\\/radioljubuski.ba\\\/#website\",\"url\":\"https:\\\/\\\/radioljubuski.ba\\\/\",\"name\":\"Radio Ljubu\u0161ki\",\"description\":\"Sun\u010dana frekvencija Hercegovine\",\"publisher\":{\"@id\":\"https:\\\/\\\/radioljubuski.ba\\\/#organization\"},\"potentialAction\":[{\"@type\":\"SearchAction\",\"target\":{\"@type\":\"EntryPoint\",\"urlTemplate\":\"https:\\\/\\\/radioljubuski.ba\\\/?s={search_term_string}\"},\"query-input\":{\"@type\":\"PropertyValueSpecification\",\"valueRequired\":true,\"valueName\":\"search_term_string\"}}],\"inLanguage\":\"hr\"},{\"@type\":\"Organization\",\"@id\":\"https:\\\/\\\/radioljubuski.ba\\\/#organization\",\"name\":\"Radio Ljubu\u0161ki\",\"url\":\"https:\\\/\\\/radioljubuski.ba\\\/\",\"logo\":{\"@type\":\"ImageObject\",\"inLanguage\":\"hr\",\"@id\":\"https:\\\/\\\/radioljubuski.ba\\\/#\\\/schema\\\/logo\\\/image\\\/\",\"url\":\"https:\\\/\\\/radioljubuski.ba\\\/wp-content\\\/uploads\\\/2021\\\/02\\\/cropped-Radio_Ljubuski_logo1.jpg\",\"contentUrl\":\"https:\\\/\\\/radioljubuski.ba\\\/wp-content\\\/uploads\\\/2021\\\/02\\\/cropped-Radio_Ljubuski_logo1.jpg\",\"width\":512,\"height\":512,\"caption\":\"Radio Ljubu\u0161ki\"},\"image\":{\"@id\":\"https:\\\/\\\/radioljubuski.ba\\\/#\\\/schema\\\/logo\\\/image\\\/\"},\"sameAs\":[\"https:\\\/\\\/www.facebook.com\\\/Radiio-Ljubuski-1490835324566332\",\"https:\\\/\\\/x.com\\\/radioljubuski\",\"https:\\\/\\\/hr.linkedin.com\\\/company\\\/radio-ljubuski\",\"https:\\\/\\\/www.youtube.com\\\/channel\\\/UCHYaeO_n0Db3tjNGudGpXyw\"]},{\"@type\":\"Person\",\"@id\":\"https:\\\/\\\/radioljubuski.ba\\\/#\\\/schema\\\/person\\\/19fc700381a780f69665d7956c469e3b\",\"name\":\"Radio Ljubu\u0161ki\"}]}<\/script>\n<!-- \/ Yoast SEO plugin. -->","yoast_head_json":{"title":"Plenkovi\u0107: O zahtjevu za pomilovanje neka se o\u010dituje predsjednik Republike - RADIO LJUBU\u0160KI","robots":{"index":"index","follow":"follow","max-snippet":"max-snippet:-1","max-image-preview":"max-image-preview:large","max-video-preview":"max-video-preview:-1"},"canonical":"https:\/\/radioljubuski.ba\/index.php\/2022\/04\/19\/plenkovic-o-zahtjevu-za-pomilovanje-neka-se-ocituje-predsjednik-republike\/","og_locale":"hr_HR","og_type":"article","og_title":"Plenkovi\u0107: O zahtjevu za pomilovanje neka se o\u010dituje predsjednik Republike - RADIO LJUBU\u0160KI","og_description":"Premijer Andrej Plenkovi\u0107 nakon sjednice Predsjedni\u0161tva i Nacionalnog vije\u0107a HDZ-a rekao je da su razmotrili sva aktualna pitanja.\u00a0 Istaknuo je da je izvijestio o sino\u0107njem razgovoru s ukrajinskim predsjednikom&nbsp;Volodimirom Zelenskim. &#8211; Drago mi je da Ukrajina cijeni konzistentan stav hrvatske Vlade i podr\u0161ku ukrajinskom narodu. Tu smo pokazali \u010dvrstinu i da smo na pravoj strani [&hellip;]","og_url":"https:\/\/radioljubuski.ba\/index.php\/2022\/04\/19\/plenkovic-o-zahtjevu-za-pomilovanje-neka-se-ocituje-predsjednik-republike\/","og_site_name":"RADIO LJUBU\u0160KI","article_publisher":"https:\/\/www.facebook.com\/Radiio-Ljubuski-1490835324566332","article_published_time":"2022-04-19T22:00:17+00:00","article_modified_time":"2022-04-19T22:00:18+00:00","og_image":[{"width":1000,"height":625,"url":"https:\/\/radioljubuski.ba\/wp-content\/uploads\/2022\/01\/2-2022-01-18-19-04-29-plenkovic.jpg","type":"image\/jpeg"}],"author":"Radio Ljubu\u0161ki","twitter_card":"summary_large_image","twitter_creator":"@radioljubuski","twitter_site":"@radioljubuski","twitter_misc":{"Napisao\/la":"Radio Ljubu\u0161ki","Procijenjeno vrijeme \u010ditanja":"4 minute"},"schema":{"@context":"https:\/\/schema.org","@graph":[{"@type":"Article","@id":"https:\/\/radioljubuski.ba\/index.php\/2022\/04\/19\/plenkovic-o-zahtjevu-za-pomilovanje-neka-se-ocituje-predsjednik-republike\/#article","isPartOf":{"@id":"https:\/\/radioljubuski.ba\/index.php\/2022\/04\/19\/plenkovic-o-zahtjevu-za-pomilovanje-neka-se-ocituje-predsjednik-republike\/"},"author":{"name":"Radio Ljubu\u0161ki","@id":"https:\/\/radioljubuski.ba\/#\/schema\/person\/19fc700381a780f69665d7956c469e3b"},"headline":"Plenkovi\u0107: O zahtjevu za pomilovanje neka se o\u010dituje predsjednik Republike","datePublished":"2022-04-19T22:00:17+00:00","dateModified":"2022-04-19T22:00:18+00:00","mainEntityOfPage":{"@id":"https:\/\/radioljubuski.ba\/index.php\/2022\/04\/19\/plenkovic-o-zahtjevu-za-pomilovanje-neka-se-ocituje-predsjednik-republike\/"},"wordCount":841,"publisher":{"@id":"https:\/\/radioljubuski.ba\/#organization"},"image":{"@id":"https:\/\/radioljubuski.ba\/index.php\/2022\/04\/19\/plenkovic-o-zahtjevu-za-pomilovanje-neka-se-ocituje-predsjednik-republike\/#primaryimage"},"thumbnailUrl":"https:\/\/radioljubuski.ba\/wp-content\/uploads\/2022\/01\/2-2022-01-18-19-04-29-plenkovic.jpg","articleSection":["BIH i regija"],"inLanguage":"hr"},{"@type":"WebPage","@id":"https:\/\/radioljubuski.ba\/index.php\/2022\/04\/19\/plenkovic-o-zahtjevu-za-pomilovanje-neka-se-ocituje-predsjednik-republike\/","url":"https:\/\/radioljubuski.ba\/index.php\/2022\/04\/19\/plenkovic-o-zahtjevu-za-pomilovanje-neka-se-ocituje-predsjednik-republike\/","name":"Plenkovi\u0107: O zahtjevu za pomilovanje neka se o\u010dituje predsjednik Republike - RADIO LJUBU\u0160KI","isPartOf":{"@id":"https:\/\/radioljubuski.ba\/#website"},"primaryImageOfPage":{"@id":"https:\/\/radioljubuski.ba\/index.php\/2022\/04\/19\/plenkovic-o-zahtjevu-za-pomilovanje-neka-se-ocituje-predsjednik-republike\/#primaryimage"},"image":{"@id":"https:\/\/radioljubuski.ba\/index.php\/2022\/04\/19\/plenkovic-o-zahtjevu-za-pomilovanje-neka-se-ocituje-predsjednik-republike\/#primaryimage"},"thumbnailUrl":"https:\/\/radioljubuski.ba\/wp-content\/uploads\/2022\/01\/2-2022-01-18-19-04-29-plenkovic.jpg","datePublished":"2022-04-19T22:00:17+00:00","dateModified":"2022-04-19T22:00:18+00:00","breadcrumb":{"@id":"https:\/\/radioljubuski.ba\/index.php\/2022\/04\/19\/plenkovic-o-zahtjevu-za-pomilovanje-neka-se-ocituje-predsjednik-republike\/#breadcrumb"},"inLanguage":"hr","potentialAction":[{"@type":"ReadAction","target":["https:\/\/radioljubuski.ba\/index.php\/2022\/04\/19\/plenkovic-o-zahtjevu-za-pomilovanje-neka-se-ocituje-predsjednik-republike\/"]}]},{"@type":"ImageObject","inLanguage":"hr","@id":"https:\/\/radioljubuski.ba\/index.php\/2022\/04\/19\/plenkovic-o-zahtjevu-za-pomilovanje-neka-se-ocituje-predsjednik-republike\/#primaryimage","url":"https:\/\/radioljubuski.ba\/wp-content\/uploads\/2022\/01\/2-2022-01-18-19-04-29-plenkovic.jpg","contentUrl":"https:\/\/radioljubuski.ba\/wp-content\/uploads\/2022\/01\/2-2022-01-18-19-04-29-plenkovic.jpg","width":1000,"height":625},{"@type":"BreadcrumbList","@id":"https:\/\/radioljubuski.ba\/index.php\/2022\/04\/19\/plenkovic-o-zahtjevu-za-pomilovanje-neka-se-ocituje-predsjednik-republike\/#breadcrumb","itemListElement":[{"@type":"ListItem","position":1,"name":"Po\u010detna stranica","item":"https:\/\/radioljubuski.ba\/"},{"@type":"ListItem","position":2,"name":"Plenkovi\u0107: O zahtjevu za pomilovanje neka se o\u010dituje predsjednik Republike"}]},{"@type":"WebSite","@id":"https:\/\/radioljubuski.ba\/#website","url":"https:\/\/radioljubuski.ba\/","name":"Radio Ljubu\u0161ki","description":"Sun\u010dana frekvencija Hercegovine","publisher":{"@id":"https:\/\/radioljubuski.ba\/#organization"},"potentialAction":[{"@type":"SearchAction","target":{"@type":"EntryPoint","urlTemplate":"https:\/\/radioljubuski.ba\/?s={search_term_string}"},"query-input":{"@type":"PropertyValueSpecification","valueRequired":true,"valueName":"search_term_string"}}],"inLanguage":"hr"},{"@type":"Organization","@id":"https:\/\/radioljubuski.ba\/#organization","name":"Radio Ljubu\u0161ki","url":"https:\/\/radioljubuski.ba\/","logo":{"@type":"ImageObject","inLanguage":"hr","@id":"https:\/\/radioljubuski.ba\/#\/schema\/logo\/image\/","url":"https:\/\/radioljubuski.ba\/wp-content\/uploads\/2021\/02\/cropped-Radio_Ljubuski_logo1.jpg","contentUrl":"https:\/\/radioljubuski.ba\/wp-content\/uploads\/2021\/02\/cropped-Radio_Ljubuski_logo1.jpg","width":512,"height":512,"caption":"Radio Ljubu\u0161ki"},"image":{"@id":"https:\/\/radioljubuski.ba\/#\/schema\/logo\/image\/"},"sameAs":["https:\/\/www.facebook.com\/Radiio-Ljubuski-1490835324566332","https:\/\/x.com\/radioljubuski","https:\/\/hr.linkedin.com\/company\/radio-ljubuski","https:\/\/www.youtube.com\/channel\/UCHYaeO_n0Db3tjNGudGpXyw"]},{"@type":"Person","@id":"https:\/\/radioljubuski.ba\/#\/schema\/person\/19fc700381a780f69665d7956c469e3b","name":"Radio Ljubu\u0161ki"}]}},"_links":{"self":[{"href":"https:\/\/radioljubuski.ba\/index.php\/wp-json\/wp\/v2\/posts\/134227","targetHints":{"allow":["GET"]}}],"collection":[{"href":"https:\/\/radioljubuski.ba\/index.php\/wp-json\/wp\/v2\/posts"}],"about":[{"href":"https:\/\/radioljubuski.ba\/index.php\/wp-json\/wp\/v2\/types\/post"}],"author":[{"embeddable":true,"href":"https:\/\/radioljubuski.ba\/index.php\/wp-json\/wp\/v2\/users\/2"}],"replies":[{"embeddable":true,"href":"https:\/\/radioljubuski.ba\/index.php\/wp-json\/wp\/v2\/comments?post=134227"}],"version-history":[{"count":1,"href":"https:\/\/radioljubuski.ba\/index.php\/wp-json\/wp\/v2\/posts\/134227\/revisions"}],"predecessor-version":[{"id":134228,"href":"https:\/\/radioljubuski.ba\/index.php\/wp-json\/wp\/v2\/posts\/134227\/revisions\/134228"}],"wp:featuredmedia":[{"embeddable":true,"href":"https:\/\/radioljubuski.ba\/index.php\/wp-json\/wp\/v2\/media\/108022"}],"wp:attachment":[{"href":"https:\/\/radioljubuski.ba\/index.php\/wp-json\/wp\/v2\/media?parent=134227"}],"wp:term":[{"taxonomy":"category","embeddable":true,"href":"https:\/\/radioljubuski.ba\/index.php\/wp-json\/wp\/v2\/categories?post=134227"},{"taxonomy":"post_tag","embeddable":true,"href":"https:\/\/radioljubuski.ba\/index.php\/wp-json\/wp\/v2\/tags?post=134227"}],"curies":[{"name":"wp","href":"https:\/\/api.w.org\/{rel}","templated":true}]}}