{"id":134229,"date":"2022-04-19T23:02:28","date_gmt":"2022-04-19T22:02:28","guid":{"rendered":"https:\/\/radioljubuski.ba\/?p=134229"},"modified":"2022-04-19T23:02:29","modified_gmt":"2022-04-19T22:02:29","slug":"anusic-o-pomilovanju-takve-teme-dijele-hrvatsko-drustvo-vec-pune-32-godine","status":"publish","type":"post","link":"https:\/\/radioljubuski.ba\/index.php\/2022\/04\/19\/anusic-o-pomilovanju-takve-teme-dijele-hrvatsko-drustvo-vec-pune-32-godine\/","title":{"rendered":"Anu\u0161i\u0107 o pomilovanju: Takve teme dijele hrvatsko dru\u0161tvo ve\u0107 pune 32 godine"},"content":{"rendered":"\n<p><strong>Osje\u010dko-baranjski \u017eupan i potpredsjednik HDZ-a Ivan Anu\u0161i\u0107 gostovao je u sredi\u0161njem Dnevniku HTV-a. Komentirao je teme koje su raspravljene na dana\u0161njoj sjednici Predsjedni\u0161tva i Nacionalnog vije\u0107a HDZ-a.<\/strong><\/p>\n\n\n\n<p>O rekonstrukciji Vlade se nije raspravljalo, a na pitanje ho\u0107e li ministrica&nbsp;<strong>Nata\u0161a Trami\u0161ak&nbsp;<\/strong>oti\u0107i rekao je kako \u0107e kada do\u0111e trenutak premijer&nbsp;<strong>Andrej Plenkovi\u0107&nbsp;<\/strong>predlo\u017eiti rekonstrukciju te da \u0107e se tada znati ostaje li ministrica ili ne. Me\u0111utim, istaknuo je kako nada da \u0107e ministrica ostati.&nbsp;<br><br>Osvrnuo se i na zahtjev za pomilovanjem&nbsp;<strong>Zdravka Musta\u010da&nbsp;<\/strong>i&nbsp;<strong>Josipa Perkovi\u0107a<\/strong>.<br><br>&#8211; Bio bi presedan da predsjednik&nbsp;<strong>Zoran Milanovi\u0107<\/strong>&nbsp;to u\u010dini, ali bilo bi nevjerodostojno. Ne bi bio kontinuitet onoga \u0161to predsjednik Milanovi\u0107 govori. On je sam u predsjedni\u010dkoj kampanji rekao da \u0107e institut pomilovanja odmaknuti od sebe, da \u0107e se sam rije\u0161iti te ovlasti i mogu\u0107nosti, rekao je, te istaknuo da ovakve teme dijele hrvatsko dru\u0161tvo ve\u0107 pune 32 godine, te da bi ih trebali zatvoriti i ne vaditi ih vi\u0161e iz arhiva.<\/p>\n\n\n\n<p>Prokomentirao je izjavu odvjetnika&nbsp;<strong>Ante Nobila<\/strong>&nbsp;koji je rekao kako je siguran da bi predsjednik Tu\u0111man, da je \u017eiv, potpisao pomilovanja.<br><br>&#8211; Politi\u010dki stavovi Ante Nobila su poznati i te izjave me ne \u010dude. Ali bitno je re\u0107i da on ima pravo re\u0107i i neistinu, jer je branitelj onih za koje poku\u0161ava pridobiti pomilovanje pa je na neki na\u010din opravdano to \u0161to izgovori neistinu jer je u funkciji branitelja, rekao je Anu\u0161i\u0107.<\/p>\n\n\n\n<p>Pismo podr\u0161ke Perkovi\u0107u i Musta\u010du potpisao je i general\u00a0<strong>Ante Gotovina<\/strong>.<br><br>&#8211; General Gotovina je toliko zaslu\u017ean za stvaranje RH, uzor svih nas hrvatskih branitelja, \u010dovjek koji je dao jako puno i na kraju krajeva potpuno neopravdano osu\u0111en na slu\u017eenje kazne u Hagu. On zaslu\u017euje da sam to iskomentira, da sam ka\u017ee za\u0161to je dao potpis i priop\u0107enje. zaklju\u010dio je Anu\u0161i\u0107.<\/p>\n\n\n\n<div style=\"width: 640px;\" class=\"wp-video\"><video class=\"wp-video-shortcode\" id=\"video-134229-1\" width=\"640\" height=\"360\" preload=\"metadata\" controls=\"controls\"><source type=\"video\/mp4\" src=\"https:\/\/api.hrt.hr\/media\/ca\/cc\/tvd2-d-hdz-1904-20220419173908.mp4?_=1\" \/><a href=\"https:\/\/api.hrt.hr\/media\/ca\/cc\/tvd2-d-hdz-1904-20220419173908.mp4\">https:\/\/api.hrt.hr\/media\/ca\/cc\/tvd2-d-hdz-1904-20220419173908.mp4<\/a><\/video><\/div>\n\n\n\n<p>Izvor:hrt.hr<\/p>\n","protected":false},"excerpt":{"rendered":"<p>Osje\u010dko-baranjski \u017eupan i potpredsjednik HDZ-a Ivan Anu\u0161i\u0107 gostovao je u sredi\u0161njem Dnevniku HTV-a. Komentirao je teme koje su raspravljene na dana\u0161njoj sjednici Predsjedni\u0161tva i Nacionalnog vije\u0107a HDZ-a. O rekonstrukciji Vlade se nije raspravljalo, a na pitanje ho\u0107e li ministrica&nbsp;Nata\u0161a Trami\u0161ak&nbsp;oti\u0107i rekao je kako \u0107e kada do\u0111e trenutak premijer&nbsp;Andrej Plenkovi\u0107&nbsp;predlo\u017eiti rekonstrukciju te da \u0107e se tada [&hellip;]<\/p>\n","protected":false},"author":2,"featured_media":134230,"comment_status":"closed","ping_status":"closed","sticky":false,"template":"","format":"standard","meta":{"h5ap_radio_sources":[],"footnotes":""},"categories":[1],"tags":[],"class_list":["post-134229","post","type-post","status-publish","format-standard","has-post-thumbnail","hentry","category-bihiregija"],"yoast_head":"<!-- This site is optimized with the Yoast SEO plugin v27.4 - https:\/\/yoast.com\/product\/yoast-seo-wordpress\/ -->\n<title>Anu\u0161i\u0107 o pomilovanju: Takve teme dijele hrvatsko dru\u0161tvo ve\u0107 pune 32 godine - RADIO LJUBU\u0160KI<\/title>\n<meta name=\"robots\" content=\"index, follow, max-snippet:-1, max-image-preview:large, max-video-preview:-1\" \/>\n<link rel=\"canonical\" href=\"https:\/\/radioljubuski.ba\/index.php\/2022\/04\/19\/anusic-o-pomilovanju-takve-teme-dijele-hrvatsko-drustvo-vec-pune-32-godine\/\" \/>\n<meta property=\"og:locale\" content=\"hr_HR\" \/>\n<meta property=\"og:type\" content=\"article\" \/>\n<meta property=\"og:title\" content=\"Anu\u0161i\u0107 o pomilovanju: Takve teme dijele hrvatsko dru\u0161tvo ve\u0107 pune 32 godine - RADIO LJUBU\u0160KI\" \/>\n<meta property=\"og:description\" content=\"Osje\u010dko-baranjski \u017eupan i potpredsjednik HDZ-a Ivan Anu\u0161i\u0107 gostovao je u sredi\u0161njem Dnevniku HTV-a. Komentirao je teme koje su raspravljene na dana\u0161njoj sjednici Predsjedni\u0161tva i Nacionalnog vije\u0107a HDZ-a. O rekonstrukciji Vlade se nije raspravljalo, a na pitanje ho\u0107e li ministrica&nbsp;Nata\u0161a Trami\u0161ak&nbsp;oti\u0107i rekao je kako \u0107e kada do\u0111e trenutak premijer&nbsp;Andrej Plenkovi\u0107&nbsp;predlo\u017eiti rekonstrukciju te da \u0107e se tada [&hellip;]\" \/>\n<meta property=\"og:url\" content=\"https:\/\/radioljubuski.ba\/index.php\/2022\/04\/19\/anusic-o-pomilovanju-takve-teme-dijele-hrvatsko-drustvo-vec-pune-32-godine\/\" \/>\n<meta property=\"og:site_name\" content=\"RADIO LJUBU\u0160KI\" \/>\n<meta property=\"article:publisher\" content=\"https:\/\/www.facebook.com\/Radiio-Ljubuski-1490835324566332\" \/>\n<meta property=\"article:published_time\" content=\"2022-04-19T22:02:28+00:00\" \/>\n<meta property=\"article:modified_time\" content=\"2022-04-19T22:02:29+00:00\" \/>\n<meta property=\"og:image\" content=\"https:\/\/radioljubuski.ba\/wp-content\/uploads\/2022\/04\/anusic.png\" \/>\n\t<meta property=\"og:image:width\" content=\"1920\" \/>\n\t<meta property=\"og:image:height\" content=\"1080\" \/>\n\t<meta property=\"og:image:type\" content=\"image\/png\" \/>\n<meta name=\"author\" content=\"Radio Ljubu\u0161ki\" \/>\n<meta name=\"twitter:card\" content=\"summary_large_image\" \/>\n<meta name=\"twitter:creator\" content=\"@radioljubuski\" \/>\n<meta name=\"twitter:site\" content=\"@radioljubuski\" \/>\n<meta name=\"twitter:label1\" content=\"Napisao\/la\" \/>\n\t<meta name=\"twitter:data1\" content=\"Radio Ljubu\u0161ki\" \/>\n\t<meta name=\"twitter:label2\" content=\"Procijenjeno vrijeme \u010ditanja\" \/>\n\t<meta name=\"twitter:data2\" content=\"2 minute\" \/>\n<script type=\"application\/ld+json\" class=\"yoast-schema-graph\">{\"@context\":\"https:\\\/\\\/schema.org\",\"@graph\":[{\"@type\":\"Article\",\"@id\":\"https:\\\/\\\/radioljubuski.ba\\\/index.php\\\/2022\\\/04\\\/19\\\/anusic-o-pomilovanju-takve-teme-dijele-hrvatsko-drustvo-vec-pune-32-godine\\\/#article\",\"isPartOf\":{\"@id\":\"https:\\\/\\\/radioljubuski.ba\\\/index.php\\\/2022\\\/04\\\/19\\\/anusic-o-pomilovanju-takve-teme-dijele-hrvatsko-drustvo-vec-pune-32-godine\\\/\"},\"author\":{\"name\":\"Radio Ljubu\u0161ki\",\"@id\":\"https:\\\/\\\/radioljubuski.ba\\\/#\\\/schema\\\/person\\\/19fc700381a780f69665d7956c469e3b\"},\"headline\":\"Anu\u0161i\u0107 o pomilovanju: Takve teme dijele hrvatsko dru\u0161tvo ve\u0107 pune 32 godine\",\"datePublished\":\"2022-04-19T22:02:28+00:00\",\"dateModified\":\"2022-04-19T22:02:29+00:00\",\"mainEntityOfPage\":{\"@id\":\"https:\\\/\\\/radioljubuski.ba\\\/index.php\\\/2022\\\/04\\\/19\\\/anusic-o-pomilovanju-takve-teme-dijele-hrvatsko-drustvo-vec-pune-32-godine\\\/\"},\"wordCount\":370,\"publisher\":{\"@id\":\"https:\\\/\\\/radioljubuski.ba\\\/#organization\"},\"image\":{\"@id\":\"https:\\\/\\\/radioljubuski.ba\\\/index.php\\\/2022\\\/04\\\/19\\\/anusic-o-pomilovanju-takve-teme-dijele-hrvatsko-drustvo-vec-pune-32-godine\\\/#primaryimage\"},\"thumbnailUrl\":\"https:\\\/\\\/radioljubuski.ba\\\/wp-content\\\/uploads\\\/2022\\\/04\\\/anusic.png\",\"articleSection\":[\"BIH i regija\"],\"inLanguage\":\"hr\"},{\"@type\":\"WebPage\",\"@id\":\"https:\\\/\\\/radioljubuski.ba\\\/index.php\\\/2022\\\/04\\\/19\\\/anusic-o-pomilovanju-takve-teme-dijele-hrvatsko-drustvo-vec-pune-32-godine\\\/\",\"url\":\"https:\\\/\\\/radioljubuski.ba\\\/index.php\\\/2022\\\/04\\\/19\\\/anusic-o-pomilovanju-takve-teme-dijele-hrvatsko-drustvo-vec-pune-32-godine\\\/\",\"name\":\"Anu\u0161i\u0107 o pomilovanju: Takve teme dijele hrvatsko dru\u0161tvo ve\u0107 pune 32 godine - RADIO LJUBU\u0160KI\",\"isPartOf\":{\"@id\":\"https:\\\/\\\/radioljubuski.ba\\\/#website\"},\"primaryImageOfPage\":{\"@id\":\"https:\\\/\\\/radioljubuski.ba\\\/index.php\\\/2022\\\/04\\\/19\\\/anusic-o-pomilovanju-takve-teme-dijele-hrvatsko-drustvo-vec-pune-32-godine\\\/#primaryimage\"},\"image\":{\"@id\":\"https:\\\/\\\/radioljubuski.ba\\\/index.php\\\/2022\\\/04\\\/19\\\/anusic-o-pomilovanju-takve-teme-dijele-hrvatsko-drustvo-vec-pune-32-godine\\\/#primaryimage\"},\"thumbnailUrl\":\"https:\\\/\\\/radioljubuski.ba\\\/wp-content\\\/uploads\\\/2022\\\/04\\\/anusic.png\",\"datePublished\":\"2022-04-19T22:02:28+00:00\",\"dateModified\":\"2022-04-19T22:02:29+00:00\",\"breadcrumb\":{\"@id\":\"https:\\\/\\\/radioljubuski.ba\\\/index.php\\\/2022\\\/04\\\/19\\\/anusic-o-pomilovanju-takve-teme-dijele-hrvatsko-drustvo-vec-pune-32-godine\\\/#breadcrumb\"},\"inLanguage\":\"hr\",\"potentialAction\":[{\"@type\":\"ReadAction\",\"target\":[\"https:\\\/\\\/radioljubuski.ba\\\/index.php\\\/2022\\\/04\\\/19\\\/anusic-o-pomilovanju-takve-teme-dijele-hrvatsko-drustvo-vec-pune-32-godine\\\/\"]}]},{\"@type\":\"ImageObject\",\"inLanguage\":\"hr\",\"@id\":\"https:\\\/\\\/radioljubuski.ba\\\/index.php\\\/2022\\\/04\\\/19\\\/anusic-o-pomilovanju-takve-teme-dijele-hrvatsko-drustvo-vec-pune-32-godine\\\/#primaryimage\",\"url\":\"https:\\\/\\\/radioljubuski.ba\\\/wp-content\\\/uploads\\\/2022\\\/04\\\/anusic.png\",\"contentUrl\":\"https:\\\/\\\/radioljubuski.ba\\\/wp-content\\\/uploads\\\/2022\\\/04\\\/anusic.png\",\"width\":1920,\"height\":1080},{\"@type\":\"BreadcrumbList\",\"@id\":\"https:\\\/\\\/radioljubuski.ba\\\/index.php\\\/2022\\\/04\\\/19\\\/anusic-o-pomilovanju-takve-teme-dijele-hrvatsko-drustvo-vec-pune-32-godine\\\/#breadcrumb\",\"itemListElement\":[{\"@type\":\"ListItem\",\"position\":1,\"name\":\"Po\u010detna stranica\",\"item\":\"https:\\\/\\\/radioljubuski.ba\\\/\"},{\"@type\":\"ListItem\",\"position\":2,\"name\":\"Anu\u0161i\u0107 o pomilovanju: Takve teme dijele hrvatsko dru\u0161tvo ve\u0107 pune 32 godine\"}]},{\"@type\":\"WebSite\",\"@id\":\"https:\\\/\\\/radioljubuski.ba\\\/#website\",\"url\":\"https:\\\/\\\/radioljubuski.ba\\\/\",\"name\":\"Radio Ljubu\u0161ki\",\"description\":\"Sun\u010dana frekvencija Hercegovine\",\"publisher\":{\"@id\":\"https:\\\/\\\/radioljubuski.ba\\\/#organization\"},\"potentialAction\":[{\"@type\":\"SearchAction\",\"target\":{\"@type\":\"EntryPoint\",\"urlTemplate\":\"https:\\\/\\\/radioljubuski.ba\\\/?s={search_term_string}\"},\"query-input\":{\"@type\":\"PropertyValueSpecification\",\"valueRequired\":true,\"valueName\":\"search_term_string\"}}],\"inLanguage\":\"hr\"},{\"@type\":\"Organization\",\"@id\":\"https:\\\/\\\/radioljubuski.ba\\\/#organization\",\"name\":\"Radio Ljubu\u0161ki\",\"url\":\"https:\\\/\\\/radioljubuski.ba\\\/\",\"logo\":{\"@type\":\"ImageObject\",\"inLanguage\":\"hr\",\"@id\":\"https:\\\/\\\/radioljubuski.ba\\\/#\\\/schema\\\/logo\\\/image\\\/\",\"url\":\"https:\\\/\\\/radioljubuski.ba\\\/wp-content\\\/uploads\\\/2021\\\/02\\\/cropped-Radio_Ljubuski_logo1.jpg\",\"contentUrl\":\"https:\\\/\\\/radioljubuski.ba\\\/wp-content\\\/uploads\\\/2021\\\/02\\\/cropped-Radio_Ljubuski_logo1.jpg\",\"width\":512,\"height\":512,\"caption\":\"Radio Ljubu\u0161ki\"},\"image\":{\"@id\":\"https:\\\/\\\/radioljubuski.ba\\\/#\\\/schema\\\/logo\\\/image\\\/\"},\"sameAs\":[\"https:\\\/\\\/www.facebook.com\\\/Radiio-Ljubuski-1490835324566332\",\"https:\\\/\\\/x.com\\\/radioljubuski\",\"https:\\\/\\\/hr.linkedin.com\\\/company\\\/radio-ljubuski\",\"https:\\\/\\\/www.youtube.com\\\/channel\\\/UCHYaeO_n0Db3tjNGudGpXyw\"]},{\"@type\":\"Person\",\"@id\":\"https:\\\/\\\/radioljubuski.ba\\\/#\\\/schema\\\/person\\\/19fc700381a780f69665d7956c469e3b\",\"name\":\"Radio Ljubu\u0161ki\"}]}<\/script>\n<!-- \/ Yoast SEO plugin. -->","yoast_head_json":{"title":"Anu\u0161i\u0107 o pomilovanju: Takve teme dijele hrvatsko dru\u0161tvo ve\u0107 pune 32 godine - RADIO LJUBU\u0160KI","robots":{"index":"index","follow":"follow","max-snippet":"max-snippet:-1","max-image-preview":"max-image-preview:large","max-video-preview":"max-video-preview:-1"},"canonical":"https:\/\/radioljubuski.ba\/index.php\/2022\/04\/19\/anusic-o-pomilovanju-takve-teme-dijele-hrvatsko-drustvo-vec-pune-32-godine\/","og_locale":"hr_HR","og_type":"article","og_title":"Anu\u0161i\u0107 o pomilovanju: Takve teme dijele hrvatsko dru\u0161tvo ve\u0107 pune 32 godine - RADIO LJUBU\u0160KI","og_description":"Osje\u010dko-baranjski \u017eupan i potpredsjednik HDZ-a Ivan Anu\u0161i\u0107 gostovao je u sredi\u0161njem Dnevniku HTV-a. Komentirao je teme koje su raspravljene na dana\u0161njoj sjednici Predsjedni\u0161tva i Nacionalnog vije\u0107a HDZ-a. O rekonstrukciji Vlade se nije raspravljalo, a na pitanje ho\u0107e li ministrica&nbsp;Nata\u0161a Trami\u0161ak&nbsp;oti\u0107i rekao je kako \u0107e kada do\u0111e trenutak premijer&nbsp;Andrej Plenkovi\u0107&nbsp;predlo\u017eiti rekonstrukciju te da \u0107e se tada [&hellip;]","og_url":"https:\/\/radioljubuski.ba\/index.php\/2022\/04\/19\/anusic-o-pomilovanju-takve-teme-dijele-hrvatsko-drustvo-vec-pune-32-godine\/","og_site_name":"RADIO LJUBU\u0160KI","article_publisher":"https:\/\/www.facebook.com\/Radiio-Ljubuski-1490835324566332","article_published_time":"2022-04-19T22:02:28+00:00","article_modified_time":"2022-04-19T22:02:29+00:00","og_image":[{"width":1920,"height":1080,"url":"https:\/\/radioljubuski.ba\/wp-content\/uploads\/2022\/04\/anusic.png","type":"image\/png"}],"author":"Radio Ljubu\u0161ki","twitter_card":"summary_large_image","twitter_creator":"@radioljubuski","twitter_site":"@radioljubuski","twitter_misc":{"Napisao\/la":"Radio Ljubu\u0161ki","Procijenjeno vrijeme \u010ditanja":"2 minute"},"schema":{"@context":"https:\/\/schema.org","@graph":[{"@type":"Article","@id":"https:\/\/radioljubuski.ba\/index.php\/2022\/04\/19\/anusic-o-pomilovanju-takve-teme-dijele-hrvatsko-drustvo-vec-pune-32-godine\/#article","isPartOf":{"@id":"https:\/\/radioljubuski.ba\/index.php\/2022\/04\/19\/anusic-o-pomilovanju-takve-teme-dijele-hrvatsko-drustvo-vec-pune-32-godine\/"},"author":{"name":"Radio Ljubu\u0161ki","@id":"https:\/\/radioljubuski.ba\/#\/schema\/person\/19fc700381a780f69665d7956c469e3b"},"headline":"Anu\u0161i\u0107 o pomilovanju: Takve teme dijele hrvatsko dru\u0161tvo ve\u0107 pune 32 godine","datePublished":"2022-04-19T22:02:28+00:00","dateModified":"2022-04-19T22:02:29+00:00","mainEntityOfPage":{"@id":"https:\/\/radioljubuski.ba\/index.php\/2022\/04\/19\/anusic-o-pomilovanju-takve-teme-dijele-hrvatsko-drustvo-vec-pune-32-godine\/"},"wordCount":370,"publisher":{"@id":"https:\/\/radioljubuski.ba\/#organization"},"image":{"@id":"https:\/\/radioljubuski.ba\/index.php\/2022\/04\/19\/anusic-o-pomilovanju-takve-teme-dijele-hrvatsko-drustvo-vec-pune-32-godine\/#primaryimage"},"thumbnailUrl":"https:\/\/radioljubuski.ba\/wp-content\/uploads\/2022\/04\/anusic.png","articleSection":["BIH i regija"],"inLanguage":"hr"},{"@type":"WebPage","@id":"https:\/\/radioljubuski.ba\/index.php\/2022\/04\/19\/anusic-o-pomilovanju-takve-teme-dijele-hrvatsko-drustvo-vec-pune-32-godine\/","url":"https:\/\/radioljubuski.ba\/index.php\/2022\/04\/19\/anusic-o-pomilovanju-takve-teme-dijele-hrvatsko-drustvo-vec-pune-32-godine\/","name":"Anu\u0161i\u0107 o pomilovanju: Takve teme dijele hrvatsko dru\u0161tvo ve\u0107 pune 32 godine - RADIO LJUBU\u0160KI","isPartOf":{"@id":"https:\/\/radioljubuski.ba\/#website"},"primaryImageOfPage":{"@id":"https:\/\/radioljubuski.ba\/index.php\/2022\/04\/19\/anusic-o-pomilovanju-takve-teme-dijele-hrvatsko-drustvo-vec-pune-32-godine\/#primaryimage"},"image":{"@id":"https:\/\/radioljubuski.ba\/index.php\/2022\/04\/19\/anusic-o-pomilovanju-takve-teme-dijele-hrvatsko-drustvo-vec-pune-32-godine\/#primaryimage"},"thumbnailUrl":"https:\/\/radioljubuski.ba\/wp-content\/uploads\/2022\/04\/anusic.png","datePublished":"2022-04-19T22:02:28+00:00","dateModified":"2022-04-19T22:02:29+00:00","breadcrumb":{"@id":"https:\/\/radioljubuski.ba\/index.php\/2022\/04\/19\/anusic-o-pomilovanju-takve-teme-dijele-hrvatsko-drustvo-vec-pune-32-godine\/#breadcrumb"},"inLanguage":"hr","potentialAction":[{"@type":"ReadAction","target":["https:\/\/radioljubuski.ba\/index.php\/2022\/04\/19\/anusic-o-pomilovanju-takve-teme-dijele-hrvatsko-drustvo-vec-pune-32-godine\/"]}]},{"@type":"ImageObject","inLanguage":"hr","@id":"https:\/\/radioljubuski.ba\/index.php\/2022\/04\/19\/anusic-o-pomilovanju-takve-teme-dijele-hrvatsko-drustvo-vec-pune-32-godine\/#primaryimage","url":"https:\/\/radioljubuski.ba\/wp-content\/uploads\/2022\/04\/anusic.png","contentUrl":"https:\/\/radioljubuski.ba\/wp-content\/uploads\/2022\/04\/anusic.png","width":1920,"height":1080},{"@type":"BreadcrumbList","@id":"https:\/\/radioljubuski.ba\/index.php\/2022\/04\/19\/anusic-o-pomilovanju-takve-teme-dijele-hrvatsko-drustvo-vec-pune-32-godine\/#breadcrumb","itemListElement":[{"@type":"ListItem","position":1,"name":"Po\u010detna stranica","item":"https:\/\/radioljubuski.ba\/"},{"@type":"ListItem","position":2,"name":"Anu\u0161i\u0107 o pomilovanju: Takve teme dijele hrvatsko dru\u0161tvo ve\u0107 pune 32 godine"}]},{"@type":"WebSite","@id":"https:\/\/radioljubuski.ba\/#website","url":"https:\/\/radioljubuski.ba\/","name":"Radio Ljubu\u0161ki","description":"Sun\u010dana frekvencija Hercegovine","publisher":{"@id":"https:\/\/radioljubuski.ba\/#organization"},"potentialAction":[{"@type":"SearchAction","target":{"@type":"EntryPoint","urlTemplate":"https:\/\/radioljubuski.ba\/?s={search_term_string}"},"query-input":{"@type":"PropertyValueSpecification","valueRequired":true,"valueName":"search_term_string"}}],"inLanguage":"hr"},{"@type":"Organization","@id":"https:\/\/radioljubuski.ba\/#organization","name":"Radio Ljubu\u0161ki","url":"https:\/\/radioljubuski.ba\/","logo":{"@type":"ImageObject","inLanguage":"hr","@id":"https:\/\/radioljubuski.ba\/#\/schema\/logo\/image\/","url":"https:\/\/radioljubuski.ba\/wp-content\/uploads\/2021\/02\/cropped-Radio_Ljubuski_logo1.jpg","contentUrl":"https:\/\/radioljubuski.ba\/wp-content\/uploads\/2021\/02\/cropped-Radio_Ljubuski_logo1.jpg","width":512,"height":512,"caption":"Radio Ljubu\u0161ki"},"image":{"@id":"https:\/\/radioljubuski.ba\/#\/schema\/logo\/image\/"},"sameAs":["https:\/\/www.facebook.com\/Radiio-Ljubuski-1490835324566332","https:\/\/x.com\/radioljubuski","https:\/\/hr.linkedin.com\/company\/radio-ljubuski","https:\/\/www.youtube.com\/channel\/UCHYaeO_n0Db3tjNGudGpXyw"]},{"@type":"Person","@id":"https:\/\/radioljubuski.ba\/#\/schema\/person\/19fc700381a780f69665d7956c469e3b","name":"Radio Ljubu\u0161ki"}]}},"_links":{"self":[{"href":"https:\/\/radioljubuski.ba\/index.php\/wp-json\/wp\/v2\/posts\/134229","targetHints":{"allow":["GET"]}}],"collection":[{"href":"https:\/\/radioljubuski.ba\/index.php\/wp-json\/wp\/v2\/posts"}],"about":[{"href":"https:\/\/radioljubuski.ba\/index.php\/wp-json\/wp\/v2\/types\/post"}],"author":[{"embeddable":true,"href":"https:\/\/radioljubuski.ba\/index.php\/wp-json\/wp\/v2\/users\/2"}],"replies":[{"embeddable":true,"href":"https:\/\/radioljubuski.ba\/index.php\/wp-json\/wp\/v2\/comments?post=134229"}],"version-history":[{"count":1,"href":"https:\/\/radioljubuski.ba\/index.php\/wp-json\/wp\/v2\/posts\/134229\/revisions"}],"predecessor-version":[{"id":134231,"href":"https:\/\/radioljubuski.ba\/index.php\/wp-json\/wp\/v2\/posts\/134229\/revisions\/134231"}],"wp:featuredmedia":[{"embeddable":true,"href":"https:\/\/radioljubuski.ba\/index.php\/wp-json\/wp\/v2\/media\/134230"}],"wp:attachment":[{"href":"https:\/\/radioljubuski.ba\/index.php\/wp-json\/wp\/v2\/media?parent=134229"}],"wp:term":[{"taxonomy":"category","embeddable":true,"href":"https:\/\/radioljubuski.ba\/index.php\/wp-json\/wp\/v2\/categories?post=134229"},{"taxonomy":"post_tag","embeddable":true,"href":"https:\/\/radioljubuski.ba\/index.php\/wp-json\/wp\/v2\/tags?post=134229"}],"curies":[{"name":"wp","href":"https:\/\/api.w.org\/{rel}","templated":true}]}}