{"id":134235,"date":"2022-04-19T23:08:21","date_gmt":"2022-04-19T22:08:21","guid":{"rendered":"https:\/\/radioljubuski.ba\/?p=134235"},"modified":"2022-04-19T23:08:22","modified_gmt":"2022-04-19T22:08:22","slug":"otvoreno-o-zahtjevu-za-pomilovanje-perkovica-i-mustaca","status":"publish","type":"post","link":"https:\/\/radioljubuski.ba\/index.php\/2022\/04\/19\/otvoreno-o-zahtjevu-za-pomilovanje-perkovica-i-mustaca\/","title":{"rendered":"Otvoreno o zahtjevu za pomilovanje Perkovi\u0107a i Musta\u010da"},"content":{"rendered":"\n<p><strong>Odvjetnik Anto Nobilo predao je zahtjev za pomilovanje Zdravka Musta\u010da i Josipa Perkovi\u0107a, osu\u0111ene biv\u0161e djelatnike UDBE. Sada je sve na predsjedniku Republike Zoranu Milanovi\u0107u, koji mo\u017ee donijeti odluku ho\u0107e li ih ili ne\u0107e pomilovati. U predsjedni\u010dkom madatu Milanovi\u0107 dosad nije iskoristio svoju izravnu ustavnu ovlast i pomilovao nekoga. \u0160to o svemu ka\u017eu predstavnici politi\u010dkih stranaka?&nbsp;<\/strong><\/p>\n\n\n\n<p><strong>Kapulica: Inicijativa je vrlo \u0161tetna, dovela je do podjela<br><br>Mario Kapulica<\/strong>\u00a0iz HDZ-a rekao je u HTV-ovoj emisiji &#8220;Otvoreno&#8221; kako je danas na sjednici Predsjedni\u0161tva i Nacionalnog vije\u0107a HDZ-a bilo govora o zahtjevu za pomilovanje Musta\u010da i Perkovi\u0107a.<br><br>&#8211; Ona je bitna za dana\u0161nji trenutak u Hrvatskoj, kao \u0161to smo ve\u0107 danima upozoravali,ve\u010deras mo\u017eemo re\u0107i da se pokazalo to\u010dnim, da je ova inicijativa, za koju mislim da nitko u Hrvatskoj vi\u0161e ne dvoji, da je napravljena Ad hoc, preko no\u0107i, bila je detaljno pripremljena, ali na pogre\u0161nim premisama, te je dovela do vrlo \u0161tetnih, lo\u0161ih i nesretnih posljedica. Na te posljedice smo upozoravali od samog po\u010detka, rekao je Kapulica.<br><br>Kapulica je naglasio kako je do\u0161lo do podjele unutar braniteljske populacije, ali i unutar hrvatskih \u010dasnika i generala.<br><br>Poru\u010dio je kako se inicijativa nije zadr\u017eala u pravnim okvirima, te je u toj akciji, vjerojatno, sudjelovao i predsjednik Republike Hrvatske\u00a0<strong>Zoran Milanovi\u0107<\/strong>.<br><br>Kapulica je kazao kako HDZ ne podr\u017eava tu inicijativu, a posebice njezin politi\u010dki kontekst.\u00a0<\/p>\n\n\n\n<iframe loading=\"lazy\" src=\"https:\/\/www.facebook.com\/plugins\/video.php?height=476&#038;href=https%3A%2F%2Fwww.facebook.com%2Fotvoreno%2Fvideos%2F2546463448824224%2F&#038;show_text=false&#038;width=476&#038;t=0\" width=\"476\" height=\"476\" style=\"border:none;overflow:hidden\" scrolling=\"no\" frameborder=\"0\" allowfullscreen=\"true\" allow=\"autoplay; clipboard-write; encrypted-media; picture-in-picture; web-share\" allowFullScreen=\"true\"><\/iframe>\n\n\n\n<p><strong>Jak\u0161i\u0107: Pri\u010dekajmo \u0161to \u0107e re\u0107i Zoran Milanovi\u0107<br><br>Mi\u0161el Jak\u0161i\u0107<\/strong>&nbsp;iz SDP-a istaknuo je kako se danas \u010desto spominje Zoran Milanovi\u0107, a on do sada ni\u0161ta nije rekao o toj temi.<br><br>&#8211; Ja za sada ne vidim, gdje se on mije\u0161a, i gdje on stoji iza toga. Osim \u0161to nam povijest govori da niti Perkovi\u0107, a niti Musta\u010d, nisu bili suradnici niti prvi suradnici Zorana Milanovi\u0107a. Bili su kako nam povijest govori, bili su suradnici dr. Franje Tu\u0111mana, kazao je Jak\u0161i\u0107.<br><br>Rekao je da generali koji su potpisali pismo bili su u nekim fazama \u017eivota u HDZ-ovim vladama ili su bili HDZ-ovi predstavnicu u Hrvatskom saboru.<br><br>&#8211; Pri\u010dekajmo \u0161to \u0107e re\u0107i Zoran Milanovi\u0107, prije nego ga proglasimo krivim i za ovo, dodao je Jak\u0161i\u0107.<br><br>Istaknuo je da on nosi krimen zbog &#8220;lex Perkovi\u0107a&#8221;.<\/p>\n\n\n\n<p>Dodao je da se Musta\u010du i Perkovi\u0107u trebalo suditi s obzirom na te\u017einu kaznenog djela koja im se stavljala na teret, ali im se trebalo suditi u Hrvatskoj.<br><br>Ovoj temi treba pristupati oprezno, jer izaziva podjele.&nbsp;<\/p>\n\n\n\n<p><strong>Vidovi\u0107: Ljudi koji su potpisali inicijativu su ljudi jakoga integriteta<\/strong><br><br><strong>Franko Vidovi\u0107<\/strong>, Socijaldemokrati, naglasio je kako je ova tema vrlo vru\u0107 politi\u010dki krumpir, te da ovaj slu\u010daj ne mo\u017eemo gledati jednozna\u010dno.<br><br>&#8211; Nisu ti ljudi samo napravili zlo\u010dine za koje su osu\u0111eni, vjerujem u skladu sa zakonom i vjerujem u skladu s dokazima. Dakle, oni su pravomo\u0107no osu\u0111eni za ne\u0161to i odslu\u017eili su kaznu oko sedam godina. Ali oni su se stavili na raspolaganje prvom hrvatskom predsjedniku, dr. Franji Tu\u0111manu, u obrani Hrvatske. Ova inicijativa je apsolutno zakonska. To nije oprost, to nije oprost djela, jer oprost ne mo\u017ee ni biti, oni su pravomo\u0107no osu\u0111eni. Radi se prakti\u010dki o \u010dinu milosr\u0111a prema tim ljudima, poru\u010dio je Vidovi\u0107.<br><br>Dodao je da ljudi koji su potpisali tu inicijativu su ljudi jakoga integriteta.<br><br>Vidovi\u0107 je kazao kako ti ljudi imaju svoje razloge za\u0161to su potpisali tu inicijativu, te oni to svakodnevno obrazla\u017eu.<br><br>Perkovi\u0107u i Musta\u010du trebalo je suditi u Hrvatskoj smatra Vidovi\u0107.\u00a0<\/p>\n\n\n\n<div style=\"width: 640px;\" class=\"wp-video\"><video class=\"wp-video-shortcode\" id=\"video-134235-1\" width=\"640\" height=\"360\" preload=\"metadata\" controls=\"controls\"><source type=\"video\/mp4\" src=\"https:\/\/api.hrt.hr\/media\/fc\/90\/otvoreno19422a-20220419202118.mp4?_=1\" \/><a href=\"https:\/\/api.hrt.hr\/media\/fc\/90\/otvoreno19422a-20220419202118.mp4\">https:\/\/api.hrt.hr\/media\/fc\/90\/otvoreno19422a-20220419202118.mp4<\/a><\/video><\/div>\n\n\n\n<p><strong>Bulj: Ako se Milanovi\u0107 krije iza ovih potpisa, onda je on kukavica<\/strong><br><br><strong>Miro Bulj<\/strong>&nbsp;iz Mosta rekao je kako je tema o Perkovi\u0107u i Musta\u010du nametnuta od strane<strong>&nbsp;Ante Nobila.<br><\/strong><br>&#8211; Name\u0107e se neka tema da su biv\u0161i Udba\u0161i stvorili Republiku Hrvatsku, a Hrvatsku je stvorilo veliko srce hrvatskih ljudi, hrvatskog vojnika i naroda. Ja sam reagirao odmah, ve\u0107 u Veliki petak. To je sramota na generalima, koja \u0107e ostati do petog, desetog, petnaestog koljena. Jer za najve\u0107e likvidatore se tra\u017ei oprost. Za ljude koji su sjekirama ubijali. Hrvatsku nije stvorila UDBA. \u0160to treba oprostiti? Je li to nekakva misija? Za\u0161to se nije tra\u017eio oprost za Mirka Norca ili Tomislava Mer\u010depa?, pita se Bulj.<br><br>Dodao je kako Plenkovi\u0107 nije rekao svoj stav.<br><br>&#8211; Perkovi\u0107u i Musta\u010du ne treba dati oprost, rekao je Bulj.<br><br>&#8211; Ako se Milanovi\u0107 krije iza ovih potpisa, onda je on kukavica, dodao je.&nbsp;<\/p>\n\n\n\n<p><strong>Jur\u010devi\u0107: Ljudi su ogor\u010deni, posebice branitelji<br><\/strong><br><strong>Josip Jur\u010devi\u0107<\/strong>, Domovinski pokret, istaknuo je kako Perkovi\u0107a i Musta\u010da ne treba pomilovati.<br><br>&#8211; No, klju\u010dni je problem, za\u0161to je do\u0161lo do ovoga svega, gore dru\u0161tvene mre\u017ee, eksplozija je nezadovoljstva i ne bih rekao da postoji neslaganje na dru\u0161tvenim mre\u017eama. Veliki broj ljudi je ogor\u010den, posebice hrvatski branitelji. Pogotovo jer su to potpisali hrvatski generali. I vidjet \u0107e se za\u0161to su to potpisali, rekao je Jur\u010devi\u0107.<br><br>&#8211; Ni Perkovi\u0107u ni Musta\u010du nisu oduzeti \u010dinovi, a&nbsp;<strong>Glava\u0161u<\/strong>&nbsp;i Norcu su oduzeti, dodao je.<br><br>Hrvatska je trebala provesti lustraciju, smatra Jur\u010devi\u0107.&nbsp;&nbsp;<\/p>\n\n\n\n<p><strong>Zekanovi\u0107: Generali su iskori\u0161teni kao topovsko meso<\/strong><br><br><strong>Hrvoje Zekanovi\u0107,&nbsp;<\/strong>nezavisni, poru\u010dio je kako je klju\u010dno pitanje tko stoji iza svega ovoga, jer to nisu generali koji su potpisali zahtjev.<br><br>&#8211; To je Zoran Milanovi\u0107. I to kolega Jak\u0161i\u0107 iz SDP-a ne \u017eeli re\u0107i, dodao je.<br><br>Istaknuo je da su generali iskori\u0161teni kao topovsko meso.<br><br>Rekao je kako \u0107e se dogoditi velike podjele u dru\u0161tvu, a to Hrvatskoj ne odgovara.<br><br>&#8211; To mo\u017ee odgovarati nekome na istoku Europe. Nije slu\u010dajno da je Zoran Milanovi\u0107 dobio nadimak da je glasnogovornik Kremlja, poru\u010dio je Zekanovi\u0107.<br><br>Naglasio je kako treba zbrojiti dva i dva.<br><br>&#8211; Iza ovoga ne stoji Nobilo, ve\u0107 Zoran Milanovi\u0107. Potpisnike je netko nazvao i okupio ih je, rekao je.&nbsp;<\/p>\n\n\n\n<p><strong>&#8220;Hrvatski generali pljuju po \u017ertvama najte\u017eih udba\u0161kih likvidatora&#8221;<\/strong><br><br>&#8211; Ovo je najsramotniji dan kada hrvatski generali pljuju po \u017ertvama najte\u017eih udba\u0161kih likvidatora, poru\u010dio je Bulj.<br><br>Vidovi\u0107 je rekao da su svi potpisnici ljudi velikog integriteta. Dodao je kako je skandalozno da netko proziva generale da su se dali na ne\u0161to nagovoriti.<br><br>Jak\u0161i\u0107 je istaknuo kako treba pri\u010dekati Milanovi\u0107a \u0161to \u0107e re\u0107i.<br><br>Kapulica je ponovio kako ova tema izaziva velike podjele u dru\u0161tvu.&nbsp;<\/p>\n\n\n\n<p>Izvor:hrt.hr<\/p>\n","protected":false},"excerpt":{"rendered":"<p>Odvjetnik Anto Nobilo predao je zahtjev za pomilovanje Zdravka Musta\u010da i Josipa Perkovi\u0107a, osu\u0111ene biv\u0161e djelatnike UDBE. Sada je sve na predsjedniku Republike Zoranu Milanovi\u0107u, koji mo\u017ee donijeti odluku ho\u0107e li ih ili ne\u0107e pomilovati. U predsjedni\u010dkom madatu Milanovi\u0107 dosad nije iskoristio svoju izravnu ustavnu ovlast i pomilovao nekoga. \u0160to o svemu ka\u017eu predstavnici politi\u010dkih [&hellip;]<\/p>\n","protected":false},"author":2,"featured_media":134236,"comment_status":"closed","ping_status":"closed","sticky":false,"template":"","format":"standard","meta":{"h5ap_radio_sources":[],"footnotes":""},"categories":[1],"tags":[],"class_list":["post-134235","post","type-post","status-publish","format-standard","has-post-thumbnail","hentry","category-bihiregija"],"yoast_head":"<!-- This site is optimized with the Yoast SEO plugin v27.4 - https:\/\/yoast.com\/product\/yoast-seo-wordpress\/ -->\n<title>Otvoreno o zahtjevu za pomilovanje Perkovi\u0107a i Musta\u010da - RADIO LJUBU\u0160KI<\/title>\n<meta name=\"robots\" content=\"index, follow, max-snippet:-1, max-image-preview:large, max-video-preview:-1\" \/>\n<link rel=\"canonical\" href=\"https:\/\/radioljubuski.ba\/index.php\/2022\/04\/19\/otvoreno-o-zahtjevu-za-pomilovanje-perkovica-i-mustaca\/\" \/>\n<meta property=\"og:locale\" content=\"hr_HR\" \/>\n<meta property=\"og:type\" content=\"article\" \/>\n<meta property=\"og:title\" content=\"Otvoreno o zahtjevu za pomilovanje Perkovi\u0107a i Musta\u010da - RADIO LJUBU\u0160KI\" \/>\n<meta property=\"og:description\" content=\"Odvjetnik Anto Nobilo predao je zahtjev za pomilovanje Zdravka Musta\u010da i Josipa Perkovi\u0107a, osu\u0111ene biv\u0161e djelatnike UDBE. Sada je sve na predsjedniku Republike Zoranu Milanovi\u0107u, koji mo\u017ee donijeti odluku ho\u0107e li ih ili ne\u0107e pomilovati. U predsjedni\u010dkom madatu Milanovi\u0107 dosad nije iskoristio svoju izravnu ustavnu ovlast i pomilovao nekoga. \u0160to o svemu ka\u017eu predstavnici politi\u010dkih [&hellip;]\" \/>\n<meta property=\"og:url\" content=\"https:\/\/radioljubuski.ba\/index.php\/2022\/04\/19\/otvoreno-o-zahtjevu-za-pomilovanje-perkovica-i-mustaca\/\" \/>\n<meta property=\"og:site_name\" content=\"RADIO LJUBU\u0160KI\" \/>\n<meta property=\"article:publisher\" content=\"https:\/\/www.facebook.com\/Radiio-Ljubuski-1490835324566332\" \/>\n<meta property=\"article:published_time\" content=\"2022-04-19T22:08:21+00:00\" \/>\n<meta property=\"article:modified_time\" content=\"2022-04-19T22:08:22+00:00\" \/>\n<meta property=\"og:image\" content=\"https:\/\/radioljubuski.ba\/wp-content\/uploads\/2022\/04\/otvoreno-frame-22625-20220419201153-1024x576.png\" \/>\n\t<meta property=\"og:image:width\" content=\"1024\" \/>\n\t<meta property=\"og:image:height\" content=\"576\" \/>\n\t<meta property=\"og:image:type\" content=\"image\/png\" \/>\n<meta name=\"author\" content=\"Radio Ljubu\u0161ki\" \/>\n<meta name=\"twitter:card\" content=\"summary_large_image\" \/>\n<meta name=\"twitter:creator\" content=\"@radioljubuski\" \/>\n<meta name=\"twitter:site\" content=\"@radioljubuski\" \/>\n<meta name=\"twitter:label1\" content=\"Napisao\/la\" \/>\n\t<meta name=\"twitter:data1\" content=\"Radio Ljubu\u0161ki\" \/>\n\t<meta name=\"twitter:label2\" content=\"Procijenjeno vrijeme \u010ditanja\" \/>\n\t<meta name=\"twitter:data2\" content=\"5 minuta\" \/>\n<script type=\"application\/ld+json\" class=\"yoast-schema-graph\">{\"@context\":\"https:\\\/\\\/schema.org\",\"@graph\":[{\"@type\":\"Article\",\"@id\":\"https:\\\/\\\/radioljubuski.ba\\\/index.php\\\/2022\\\/04\\\/19\\\/otvoreno-o-zahtjevu-za-pomilovanje-perkovica-i-mustaca\\\/#article\",\"isPartOf\":{\"@id\":\"https:\\\/\\\/radioljubuski.ba\\\/index.php\\\/2022\\\/04\\\/19\\\/otvoreno-o-zahtjevu-za-pomilovanje-perkovica-i-mustaca\\\/\"},\"author\":{\"name\":\"Radio Ljubu\u0161ki\",\"@id\":\"https:\\\/\\\/radioljubuski.ba\\\/#\\\/schema\\\/person\\\/19fc700381a780f69665d7956c469e3b\"},\"headline\":\"Otvoreno o zahtjevu za pomilovanje Perkovi\u0107a i Musta\u010da\",\"datePublished\":\"2022-04-19T22:08:21+00:00\",\"dateModified\":\"2022-04-19T22:08:22+00:00\",\"mainEntityOfPage\":{\"@id\":\"https:\\\/\\\/radioljubuski.ba\\\/index.php\\\/2022\\\/04\\\/19\\\/otvoreno-o-zahtjevu-za-pomilovanje-perkovica-i-mustaca\\\/\"},\"wordCount\":1136,\"publisher\":{\"@id\":\"https:\\\/\\\/radioljubuski.ba\\\/#organization\"},\"image\":{\"@id\":\"https:\\\/\\\/radioljubuski.ba\\\/index.php\\\/2022\\\/04\\\/19\\\/otvoreno-o-zahtjevu-za-pomilovanje-perkovica-i-mustaca\\\/#primaryimage\"},\"thumbnailUrl\":\"https:\\\/\\\/radioljubuski.ba\\\/wp-content\\\/uploads\\\/2022\\\/04\\\/otvoreno-frame-22625-20220419201153.png\",\"articleSection\":[\"BIH i regija\"],\"inLanguage\":\"hr\"},{\"@type\":\"WebPage\",\"@id\":\"https:\\\/\\\/radioljubuski.ba\\\/index.php\\\/2022\\\/04\\\/19\\\/otvoreno-o-zahtjevu-za-pomilovanje-perkovica-i-mustaca\\\/\",\"url\":\"https:\\\/\\\/radioljubuski.ba\\\/index.php\\\/2022\\\/04\\\/19\\\/otvoreno-o-zahtjevu-za-pomilovanje-perkovica-i-mustaca\\\/\",\"name\":\"Otvoreno o zahtjevu za pomilovanje Perkovi\u0107a i Musta\u010da - RADIO LJUBU\u0160KI\",\"isPartOf\":{\"@id\":\"https:\\\/\\\/radioljubuski.ba\\\/#website\"},\"primaryImageOfPage\":{\"@id\":\"https:\\\/\\\/radioljubuski.ba\\\/index.php\\\/2022\\\/04\\\/19\\\/otvoreno-o-zahtjevu-za-pomilovanje-perkovica-i-mustaca\\\/#primaryimage\"},\"image\":{\"@id\":\"https:\\\/\\\/radioljubuski.ba\\\/index.php\\\/2022\\\/04\\\/19\\\/otvoreno-o-zahtjevu-za-pomilovanje-perkovica-i-mustaca\\\/#primaryimage\"},\"thumbnailUrl\":\"https:\\\/\\\/radioljubuski.ba\\\/wp-content\\\/uploads\\\/2022\\\/04\\\/otvoreno-frame-22625-20220419201153.png\",\"datePublished\":\"2022-04-19T22:08:21+00:00\",\"dateModified\":\"2022-04-19T22:08:22+00:00\",\"breadcrumb\":{\"@id\":\"https:\\\/\\\/radioljubuski.ba\\\/index.php\\\/2022\\\/04\\\/19\\\/otvoreno-o-zahtjevu-za-pomilovanje-perkovica-i-mustaca\\\/#breadcrumb\"},\"inLanguage\":\"hr\",\"potentialAction\":[{\"@type\":\"ReadAction\",\"target\":[\"https:\\\/\\\/radioljubuski.ba\\\/index.php\\\/2022\\\/04\\\/19\\\/otvoreno-o-zahtjevu-za-pomilovanje-perkovica-i-mustaca\\\/\"]}]},{\"@type\":\"ImageObject\",\"inLanguage\":\"hr\",\"@id\":\"https:\\\/\\\/radioljubuski.ba\\\/index.php\\\/2022\\\/04\\\/19\\\/otvoreno-o-zahtjevu-za-pomilovanje-perkovica-i-mustaca\\\/#primaryimage\",\"url\":\"https:\\\/\\\/radioljubuski.ba\\\/wp-content\\\/uploads\\\/2022\\\/04\\\/otvoreno-frame-22625-20220419201153.png\",\"contentUrl\":\"https:\\\/\\\/radioljubuski.ba\\\/wp-content\\\/uploads\\\/2022\\\/04\\\/otvoreno-frame-22625-20220419201153.png\",\"width\":1920,\"height\":1080},{\"@type\":\"BreadcrumbList\",\"@id\":\"https:\\\/\\\/radioljubuski.ba\\\/index.php\\\/2022\\\/04\\\/19\\\/otvoreno-o-zahtjevu-za-pomilovanje-perkovica-i-mustaca\\\/#breadcrumb\",\"itemListElement\":[{\"@type\":\"ListItem\",\"position\":1,\"name\":\"Po\u010detna stranica\",\"item\":\"https:\\\/\\\/radioljubuski.ba\\\/\"},{\"@type\":\"ListItem\",\"position\":2,\"name\":\"Otvoreno o zahtjevu za pomilovanje Perkovi\u0107a i Musta\u010da\"}]},{\"@type\":\"WebSite\",\"@id\":\"https:\\\/\\\/radioljubuski.ba\\\/#website\",\"url\":\"https:\\\/\\\/radioljubuski.ba\\\/\",\"name\":\"Radio Ljubu\u0161ki\",\"description\":\"Sun\u010dana frekvencija Hercegovine\",\"publisher\":{\"@id\":\"https:\\\/\\\/radioljubuski.ba\\\/#organization\"},\"potentialAction\":[{\"@type\":\"SearchAction\",\"target\":{\"@type\":\"EntryPoint\",\"urlTemplate\":\"https:\\\/\\\/radioljubuski.ba\\\/?s={search_term_string}\"},\"query-input\":{\"@type\":\"PropertyValueSpecification\",\"valueRequired\":true,\"valueName\":\"search_term_string\"}}],\"inLanguage\":\"hr\"},{\"@type\":\"Organization\",\"@id\":\"https:\\\/\\\/radioljubuski.ba\\\/#organization\",\"name\":\"Radio Ljubu\u0161ki\",\"url\":\"https:\\\/\\\/radioljubuski.ba\\\/\",\"logo\":{\"@type\":\"ImageObject\",\"inLanguage\":\"hr\",\"@id\":\"https:\\\/\\\/radioljubuski.ba\\\/#\\\/schema\\\/logo\\\/image\\\/\",\"url\":\"https:\\\/\\\/radioljubuski.ba\\\/wp-content\\\/uploads\\\/2021\\\/02\\\/cropped-Radio_Ljubuski_logo1.jpg\",\"contentUrl\":\"https:\\\/\\\/radioljubuski.ba\\\/wp-content\\\/uploads\\\/2021\\\/02\\\/cropped-Radio_Ljubuski_logo1.jpg\",\"width\":512,\"height\":512,\"caption\":\"Radio Ljubu\u0161ki\"},\"image\":{\"@id\":\"https:\\\/\\\/radioljubuski.ba\\\/#\\\/schema\\\/logo\\\/image\\\/\"},\"sameAs\":[\"https:\\\/\\\/www.facebook.com\\\/Radiio-Ljubuski-1490835324566332\",\"https:\\\/\\\/x.com\\\/radioljubuski\",\"https:\\\/\\\/hr.linkedin.com\\\/company\\\/radio-ljubuski\",\"https:\\\/\\\/www.youtube.com\\\/channel\\\/UCHYaeO_n0Db3tjNGudGpXyw\"]},{\"@type\":\"Person\",\"@id\":\"https:\\\/\\\/radioljubuski.ba\\\/#\\\/schema\\\/person\\\/19fc700381a780f69665d7956c469e3b\",\"name\":\"Radio Ljubu\u0161ki\"}]}<\/script>\n<!-- \/ Yoast SEO plugin. -->","yoast_head_json":{"title":"Otvoreno o zahtjevu za pomilovanje Perkovi\u0107a i Musta\u010da - RADIO LJUBU\u0160KI","robots":{"index":"index","follow":"follow","max-snippet":"max-snippet:-1","max-image-preview":"max-image-preview:large","max-video-preview":"max-video-preview:-1"},"canonical":"https:\/\/radioljubuski.ba\/index.php\/2022\/04\/19\/otvoreno-o-zahtjevu-za-pomilovanje-perkovica-i-mustaca\/","og_locale":"hr_HR","og_type":"article","og_title":"Otvoreno o zahtjevu za pomilovanje Perkovi\u0107a i Musta\u010da - RADIO LJUBU\u0160KI","og_description":"Odvjetnik Anto Nobilo predao je zahtjev za pomilovanje Zdravka Musta\u010da i Josipa Perkovi\u0107a, osu\u0111ene biv\u0161e djelatnike UDBE. Sada je sve na predsjedniku Republike Zoranu Milanovi\u0107u, koji mo\u017ee donijeti odluku ho\u0107e li ih ili ne\u0107e pomilovati. U predsjedni\u010dkom madatu Milanovi\u0107 dosad nije iskoristio svoju izravnu ustavnu ovlast i pomilovao nekoga. \u0160to o svemu ka\u017eu predstavnici politi\u010dkih [&hellip;]","og_url":"https:\/\/radioljubuski.ba\/index.php\/2022\/04\/19\/otvoreno-o-zahtjevu-za-pomilovanje-perkovica-i-mustaca\/","og_site_name":"RADIO LJUBU\u0160KI","article_publisher":"https:\/\/www.facebook.com\/Radiio-Ljubuski-1490835324566332","article_published_time":"2022-04-19T22:08:21+00:00","article_modified_time":"2022-04-19T22:08:22+00:00","og_image":[{"width":1024,"height":576,"url":"https:\/\/radioljubuski.ba\/wp-content\/uploads\/2022\/04\/otvoreno-frame-22625-20220419201153-1024x576.png","type":"image\/png"}],"author":"Radio Ljubu\u0161ki","twitter_card":"summary_large_image","twitter_creator":"@radioljubuski","twitter_site":"@radioljubuski","twitter_misc":{"Napisao\/la":"Radio Ljubu\u0161ki","Procijenjeno vrijeme \u010ditanja":"5 minuta"},"schema":{"@context":"https:\/\/schema.org","@graph":[{"@type":"Article","@id":"https:\/\/radioljubuski.ba\/index.php\/2022\/04\/19\/otvoreno-o-zahtjevu-za-pomilovanje-perkovica-i-mustaca\/#article","isPartOf":{"@id":"https:\/\/radioljubuski.ba\/index.php\/2022\/04\/19\/otvoreno-o-zahtjevu-za-pomilovanje-perkovica-i-mustaca\/"},"author":{"name":"Radio Ljubu\u0161ki","@id":"https:\/\/radioljubuski.ba\/#\/schema\/person\/19fc700381a780f69665d7956c469e3b"},"headline":"Otvoreno o zahtjevu za pomilovanje Perkovi\u0107a i Musta\u010da","datePublished":"2022-04-19T22:08:21+00:00","dateModified":"2022-04-19T22:08:22+00:00","mainEntityOfPage":{"@id":"https:\/\/radioljubuski.ba\/index.php\/2022\/04\/19\/otvoreno-o-zahtjevu-za-pomilovanje-perkovica-i-mustaca\/"},"wordCount":1136,"publisher":{"@id":"https:\/\/radioljubuski.ba\/#organization"},"image":{"@id":"https:\/\/radioljubuski.ba\/index.php\/2022\/04\/19\/otvoreno-o-zahtjevu-za-pomilovanje-perkovica-i-mustaca\/#primaryimage"},"thumbnailUrl":"https:\/\/radioljubuski.ba\/wp-content\/uploads\/2022\/04\/otvoreno-frame-22625-20220419201153.png","articleSection":["BIH i regija"],"inLanguage":"hr"},{"@type":"WebPage","@id":"https:\/\/radioljubuski.ba\/index.php\/2022\/04\/19\/otvoreno-o-zahtjevu-za-pomilovanje-perkovica-i-mustaca\/","url":"https:\/\/radioljubuski.ba\/index.php\/2022\/04\/19\/otvoreno-o-zahtjevu-za-pomilovanje-perkovica-i-mustaca\/","name":"Otvoreno o zahtjevu za pomilovanje Perkovi\u0107a i Musta\u010da - RADIO LJUBU\u0160KI","isPartOf":{"@id":"https:\/\/radioljubuski.ba\/#website"},"primaryImageOfPage":{"@id":"https:\/\/radioljubuski.ba\/index.php\/2022\/04\/19\/otvoreno-o-zahtjevu-za-pomilovanje-perkovica-i-mustaca\/#primaryimage"},"image":{"@id":"https:\/\/radioljubuski.ba\/index.php\/2022\/04\/19\/otvoreno-o-zahtjevu-za-pomilovanje-perkovica-i-mustaca\/#primaryimage"},"thumbnailUrl":"https:\/\/radioljubuski.ba\/wp-content\/uploads\/2022\/04\/otvoreno-frame-22625-20220419201153.png","datePublished":"2022-04-19T22:08:21+00:00","dateModified":"2022-04-19T22:08:22+00:00","breadcrumb":{"@id":"https:\/\/radioljubuski.ba\/index.php\/2022\/04\/19\/otvoreno-o-zahtjevu-za-pomilovanje-perkovica-i-mustaca\/#breadcrumb"},"inLanguage":"hr","potentialAction":[{"@type":"ReadAction","target":["https:\/\/radioljubuski.ba\/index.php\/2022\/04\/19\/otvoreno-o-zahtjevu-za-pomilovanje-perkovica-i-mustaca\/"]}]},{"@type":"ImageObject","inLanguage":"hr","@id":"https:\/\/radioljubuski.ba\/index.php\/2022\/04\/19\/otvoreno-o-zahtjevu-za-pomilovanje-perkovica-i-mustaca\/#primaryimage","url":"https:\/\/radioljubuski.ba\/wp-content\/uploads\/2022\/04\/otvoreno-frame-22625-20220419201153.png","contentUrl":"https:\/\/radioljubuski.ba\/wp-content\/uploads\/2022\/04\/otvoreno-frame-22625-20220419201153.png","width":1920,"height":1080},{"@type":"BreadcrumbList","@id":"https:\/\/radioljubuski.ba\/index.php\/2022\/04\/19\/otvoreno-o-zahtjevu-za-pomilovanje-perkovica-i-mustaca\/#breadcrumb","itemListElement":[{"@type":"ListItem","position":1,"name":"Po\u010detna stranica","item":"https:\/\/radioljubuski.ba\/"},{"@type":"ListItem","position":2,"name":"Otvoreno o zahtjevu za pomilovanje Perkovi\u0107a i Musta\u010da"}]},{"@type":"WebSite","@id":"https:\/\/radioljubuski.ba\/#website","url":"https:\/\/radioljubuski.ba\/","name":"Radio Ljubu\u0161ki","description":"Sun\u010dana frekvencija Hercegovine","publisher":{"@id":"https:\/\/radioljubuski.ba\/#organization"},"potentialAction":[{"@type":"SearchAction","target":{"@type":"EntryPoint","urlTemplate":"https:\/\/radioljubuski.ba\/?s={search_term_string}"},"query-input":{"@type":"PropertyValueSpecification","valueRequired":true,"valueName":"search_term_string"}}],"inLanguage":"hr"},{"@type":"Organization","@id":"https:\/\/radioljubuski.ba\/#organization","name":"Radio Ljubu\u0161ki","url":"https:\/\/radioljubuski.ba\/","logo":{"@type":"ImageObject","inLanguage":"hr","@id":"https:\/\/radioljubuski.ba\/#\/schema\/logo\/image\/","url":"https:\/\/radioljubuski.ba\/wp-content\/uploads\/2021\/02\/cropped-Radio_Ljubuski_logo1.jpg","contentUrl":"https:\/\/radioljubuski.ba\/wp-content\/uploads\/2021\/02\/cropped-Radio_Ljubuski_logo1.jpg","width":512,"height":512,"caption":"Radio Ljubu\u0161ki"},"image":{"@id":"https:\/\/radioljubuski.ba\/#\/schema\/logo\/image\/"},"sameAs":["https:\/\/www.facebook.com\/Radiio-Ljubuski-1490835324566332","https:\/\/x.com\/radioljubuski","https:\/\/hr.linkedin.com\/company\/radio-ljubuski","https:\/\/www.youtube.com\/channel\/UCHYaeO_n0Db3tjNGudGpXyw"]},{"@type":"Person","@id":"https:\/\/radioljubuski.ba\/#\/schema\/person\/19fc700381a780f69665d7956c469e3b","name":"Radio Ljubu\u0161ki"}]}},"_links":{"self":[{"href":"https:\/\/radioljubuski.ba\/index.php\/wp-json\/wp\/v2\/posts\/134235","targetHints":{"allow":["GET"]}}],"collection":[{"href":"https:\/\/radioljubuski.ba\/index.php\/wp-json\/wp\/v2\/posts"}],"about":[{"href":"https:\/\/radioljubuski.ba\/index.php\/wp-json\/wp\/v2\/types\/post"}],"author":[{"embeddable":true,"href":"https:\/\/radioljubuski.ba\/index.php\/wp-json\/wp\/v2\/users\/2"}],"replies":[{"embeddable":true,"href":"https:\/\/radioljubuski.ba\/index.php\/wp-json\/wp\/v2\/comments?post=134235"}],"version-history":[{"count":1,"href":"https:\/\/radioljubuski.ba\/index.php\/wp-json\/wp\/v2\/posts\/134235\/revisions"}],"predecessor-version":[{"id":134237,"href":"https:\/\/radioljubuski.ba\/index.php\/wp-json\/wp\/v2\/posts\/134235\/revisions\/134237"}],"wp:featuredmedia":[{"embeddable":true,"href":"https:\/\/radioljubuski.ba\/index.php\/wp-json\/wp\/v2\/media\/134236"}],"wp:attachment":[{"href":"https:\/\/radioljubuski.ba\/index.php\/wp-json\/wp\/v2\/media?parent=134235"}],"wp:term":[{"taxonomy":"category","embeddable":true,"href":"https:\/\/radioljubuski.ba\/index.php\/wp-json\/wp\/v2\/categories?post=134235"},{"taxonomy":"post_tag","embeddable":true,"href":"https:\/\/radioljubuski.ba\/index.php\/wp-json\/wp\/v2\/tags?post=134235"}],"curies":[{"name":"wp","href":"https:\/\/api.w.org\/{rel}","templated":true}]}}