{"id":134241,"date":"2022-04-19T23:13:18","date_gmt":"2022-04-19T22:13:18","guid":{"rendered":"https:\/\/radioljubuski.ba\/?p=134241"},"modified":"2022-04-19T23:13:19","modified_gmt":"2022-04-19T22:13:19","slug":"hoce-li-bitka-za-istok-ukrajine-biti-krvavija-i-dugotrajnija-od-one-na-sjeveru","status":"publish","type":"post","link":"https:\/\/radioljubuski.ba\/index.php\/2022\/04\/19\/hoce-li-bitka-za-istok-ukrajine-biti-krvavija-i-dugotrajnija-od-one-na-sjeveru\/","title":{"rendered":"Ho\u0107e li bitka za istok Ukrajine biti krvavija i dugotrajnija od one na sjeveru?"},"content":{"rendered":"\n<p><strong>Rusi su krenuli u osvajanje Donbasa, regije na istoku Ukrajine, kako bi ostvarili jedan od klju\u010dnih ciljeva invazije, stvaranje kopnenog koridora do poluotoka Krima, koji su anektirali jo\u0161 prije osam godina. Time je po\u010dela druga faza rata u Ukrajini u kojemu, kako je rekao ruski ministar vanjskih poslova Sergej Lavrov, Moskva ne namjerava upotrijebiti nuklearno oru\u017eje. No Ukrajinci, \u010dije su elitne jedinice ukopane upravo na crti razdvajanja u Donbasu, namjeravaju braniti svaki pedalj svoje zemlje.&nbsp;Istodobno, jedna od najte\u017eih bitaka od po\u010detka rata, ona za lu\u010dki grad na Azovskom moru, Mariupolj, jo\u0161 nije zavr\u0161ena, iako su Rusi grad od pola milijuna stanovnika sravnili sa zemljom. Unato\u010d jo\u0161 jednom ultimatumu Rusa da se predaju ako \u017eele ostati \u017eivi, preostali branitelji Mariupolja, koji se nalaze u \u010deli\u010dani Azovstalj, u kojoj su, prema ukrajinskim izvorima, i stotine civila, odbijaju polo\u017eiti oru\u017eje.<\/strong><\/p>\n\n\n\n<p>Gotovo cijeli grad pod nadzorom je Rusa, ali Mariupolj jo\u0161 nije pao. Marinci i bataljun Azov oglu\u0161ili su se na novi ruski ultimatum u kojem se od njih ponovno tra\u017eilo da polo\u017ee oru\u017eje. Uz branitelje grada, u \u010deli\u010dani Azovstalj, zaklon su na\u0161le i stotine civila.<\/p>\n\n\n\n<p>&#8211; Ruski osvaja\u010di i njihovi suradnici iz samoprogla\u0161enih republika, svjesni su da ovdje ima civila. Svejedno bacaju bombe, ga\u0111aju grad svim raspolo\u017eivim sredstvima, uklju\u010duju\u0107i i s pomorske brodove. Izvucite nas odavde, molimo vas. Isplakali smo sve suze koje smo imali. Vi\u0161e ne mogu ni plakati, rekao je&nbsp;<strong>Denis Prokopenko<\/strong>, zapovjednik pukovnije Azov.<\/p>\n\n\n\n<p>Ispred \u010deli\u010dane Ilji\u010d, koja je ve\u0107 nekoliko dana u pobunjeni\u010dkim rukama, tijela i spaljeni automobili.<\/p>\n\n\n\n<p>&#8211; Ovdje gdje stojimo vodile su se borbe. Snajperisti Azova bili su u pogonu Ilji\u010d. Do prije 3, 4 dana nitko nije ovuda prolazio jer smo bili svjesni opasnosti, rekao je&nbsp;<strong>Oleg Kirpi\u010djov<\/strong>, stanovnik Mariupolja.<\/p>\n\n\n\n<p>Osvajanjem Mariupolja, Rusi bi dobili kopneni most do anektiranog Krima. Na istoku zemlje raspore\u0111ene su nove vojne jedinice, ali i one koje su ve\u0107 sudjelovale u borbama oko Kijeva. Po\u010dela je bitka za Donbas.<\/p>\n\n\n\n<p>&#8211; Vrlo velik dio ruske vojske sada je uklju\u010den u ovu ofenzivu. Bez obzira na to koliko ruskih vojnika do\u0111e, mi \u0107emo se boriti. Branit \u0107emo sve \u0161to je ukrajinsko, a tu\u0111e nam ne treba, ka\u017ee ukrajinski predsjednik&nbsp;<strong>Volodimir Zelenski<\/strong>.<\/p>\n\n\n\n<p>Da je rat u\u0161ao u novu fazu, potvr\u0111uje i ruski \u0161ef diplomacije.<\/p>\n\n\n\n<p>&#8211; Cilj operacije na istoku Ukrajine, kao \u0161to najavljujemo od samog po\u010detka, jest oslobo\u0111enje Donecke i Luhanske republike. Na istoku zemlje po\u010dinje nova faza na\u0161e operacije i siguran sam da \u0107e ovo biti vrlo va\u017ean trenutak, rekao je&nbsp;<strong>Sergej Lavrov.<\/strong><\/p>\n\n\n\n<p>U novoj ofenzivi na istok, u ruske je ruke pao grad Kremina u Luhanskoj oblasti. Rusi \u0107e istok zemlje napadati s boji\u0161nice duge gotovo 500 kilometara. Rusi se hvale da su samo tijekom protekle no\u0107i pogodili vi\u0161e od 1200 ciljeva diljem zemlje. Ukrajinski vojnici u rovovima pripremaju se na susret s neprijateljem.&nbsp;<\/p>\n\n\n\n<p>&#8211; Kro\u010de li na na\u0161 teritorij, ostat \u0107e ovdje zauvijek. Zemlje ima dovoljno da ih sve pokopamo. \u010cak i da samo pro\u0161etaju metar i pol, dobit \u0107e \u0161to zaslu\u017euju bez ikakvih pitanja, kazao je&nbsp;<strong>ukrajinski vojnik<\/strong>.<\/p>\n\n\n\n<p>Ruska nacionalna televizija emitirala je snimku sastanka ministra obrane&nbsp;<strong>Sergeja \u0160ojgua<\/strong>&nbsp;i najvi\u0161ih vojnih du\u017enosnika. \u0160ojgu za kojeg se naga\u0111alo da je te\u0161ko bolestan, pojavio se nakon medijskog izbivanja i prozvao Zapad.<\/p>\n\n\n\n<p>&#8211; SAD i zapadne dr\u017eave koje su pod ameri\u010dkom kontrolom \u010dine sve da produlje specijalnu vojnu operaciju \u0161to je vi\u0161e mogu\u0107e. Sve ve\u0107i broj stranih isporuka oru\u017eja jasno pokazuje njihovu namjeru, da \u017eele re\u017eim u Kijevu isprovocirati na borbu do posljednjeg Ukrajinca, rekao je \u0160ojgu.<\/p>\n\n\n\n<p>Prema procjenama ameri\u010dkih slu\u017ebenika, u Donbasu je raspore\u0111eno oko 70 000 ruskih vojnika. Strahuje se da \u0107e bitka za istok biti krvavija i dugotrajnija od one koja se vodila na sjeveru zemlje.<\/p>\n\n\n\n<div style=\"width: 640px;\" class=\"wp-video\"><video class=\"wp-video-shortcode\" id=\"video-134241-1\" width=\"640\" height=\"360\" preload=\"metadata\" controls=\"controls\"><source type=\"video\/mp4\" src=\"https:\/\/api.hrt.hr\/media\/14\/d6\/tvd2-ukr-1904-20220419171204.mp4?_=1\" \/><a href=\"https:\/\/api.hrt.hr\/media\/14\/d6\/tvd2-ukr-1904-20220419171204.mp4\">https:\/\/api.hrt.hr\/media\/14\/d6\/tvd2-ukr-1904-20220419171204.mp4<\/a><\/video><\/div>\n\n\n\n<p>Izvor:hrt.hr<\/p>\n","protected":false},"excerpt":{"rendered":"<p>Rusi su krenuli u osvajanje Donbasa, regije na istoku Ukrajine, kako bi ostvarili jedan od klju\u010dnih ciljeva invazije, stvaranje kopnenog koridora do poluotoka Krima, koji su anektirali jo\u0161 prije osam godina. Time je po\u010dela druga faza rata u Ukrajini u kojemu, kako je rekao ruski ministar vanjskih poslova Sergej Lavrov, Moskva ne namjerava upotrijebiti nuklearno [&hellip;]<\/p>\n","protected":false},"author":2,"featured_media":134242,"comment_status":"closed","ping_status":"closed","sticky":false,"template":"","format":"standard","meta":{"h5ap_radio_sources":[],"footnotes":""},"categories":[1],"tags":[],"class_list":["post-134241","post","type-post","status-publish","format-standard","has-post-thumbnail","hentry","category-bihiregija"],"yoast_head":"<!-- This site is optimized with the Yoast SEO plugin v27.4 - https:\/\/yoast.com\/product\/yoast-seo-wordpress\/ -->\n<title>Ho\u0107e li bitka za istok Ukrajine biti krvavija i dugotrajnija od one na sjeveru? - RADIO LJUBU\u0160KI<\/title>\n<meta name=\"robots\" content=\"index, follow, max-snippet:-1, max-image-preview:large, max-video-preview:-1\" \/>\n<link rel=\"canonical\" href=\"https:\/\/radioljubuski.ba\/index.php\/2022\/04\/19\/hoce-li-bitka-za-istok-ukrajine-biti-krvavija-i-dugotrajnija-od-one-na-sjeveru\/\" \/>\n<meta property=\"og:locale\" content=\"hr_HR\" \/>\n<meta property=\"og:type\" content=\"article\" \/>\n<meta property=\"og:title\" content=\"Ho\u0107e li bitka za istok Ukrajine biti krvavija i dugotrajnija od one na sjeveru? - RADIO LJUBU\u0160KI\" \/>\n<meta property=\"og:description\" content=\"Rusi su krenuli u osvajanje Donbasa, regije na istoku Ukrajine, kako bi ostvarili jedan od klju\u010dnih ciljeva invazije, stvaranje kopnenog koridora do poluotoka Krima, koji su anektirali jo\u0161 prije osam godina. Time je po\u010dela druga faza rata u Ukrajini u kojemu, kako je rekao ruski ministar vanjskih poslova Sergej Lavrov, Moskva ne namjerava upotrijebiti nuklearno [&hellip;]\" \/>\n<meta property=\"og:url\" content=\"https:\/\/radioljubuski.ba\/index.php\/2022\/04\/19\/hoce-li-bitka-za-istok-ukrajine-biti-krvavija-i-dugotrajnija-od-one-na-sjeveru\/\" \/>\n<meta property=\"og:site_name\" content=\"RADIO LJUBU\u0160KI\" \/>\n<meta property=\"article:publisher\" content=\"https:\/\/www.facebook.com\/Radiio-Ljubuski-1490835324566332\" \/>\n<meta property=\"article:published_time\" content=\"2022-04-19T22:13:18+00:00\" \/>\n<meta property=\"article:modified_time\" content=\"2022-04-19T22:13:19+00:00\" \/>\n<meta property=\"og:image\" content=\"https:\/\/radioljubuski.ba\/wp-content\/uploads\/2022\/04\/preuzmi-4-4.jpg\" \/>\n\t<meta property=\"og:image:width\" content=\"275\" \/>\n\t<meta property=\"og:image:height\" content=\"183\" \/>\n\t<meta property=\"og:image:type\" content=\"image\/jpeg\" \/>\n<meta name=\"author\" content=\"Radio Ljubu\u0161ki\" \/>\n<meta name=\"twitter:card\" content=\"summary_large_image\" \/>\n<meta name=\"twitter:creator\" content=\"@radioljubuski\" \/>\n<meta name=\"twitter:site\" content=\"@radioljubuski\" \/>\n<meta name=\"twitter:label1\" content=\"Napisao\/la\" \/>\n\t<meta name=\"twitter:data1\" content=\"Radio Ljubu\u0161ki\" \/>\n\t<meta name=\"twitter:label2\" content=\"Procijenjeno vrijeme \u010ditanja\" \/>\n\t<meta name=\"twitter:data2\" content=\"3 minute\" \/>\n<script type=\"application\/ld+json\" class=\"yoast-schema-graph\">{\"@context\":\"https:\\\/\\\/schema.org\",\"@graph\":[{\"@type\":\"Article\",\"@id\":\"https:\\\/\\\/radioljubuski.ba\\\/index.php\\\/2022\\\/04\\\/19\\\/hoce-li-bitka-za-istok-ukrajine-biti-krvavija-i-dugotrajnija-od-one-na-sjeveru\\\/#article\",\"isPartOf\":{\"@id\":\"https:\\\/\\\/radioljubuski.ba\\\/index.php\\\/2022\\\/04\\\/19\\\/hoce-li-bitka-za-istok-ukrajine-biti-krvavija-i-dugotrajnija-od-one-na-sjeveru\\\/\"},\"author\":{\"name\":\"Radio Ljubu\u0161ki\",\"@id\":\"https:\\\/\\\/radioljubuski.ba\\\/#\\\/schema\\\/person\\\/19fc700381a780f69665d7956c469e3b\"},\"headline\":\"Ho\u0107e li bitka za istok Ukrajine biti krvavija i dugotrajnija od one na sjeveru?\",\"datePublished\":\"2022-04-19T22:13:18+00:00\",\"dateModified\":\"2022-04-19T22:13:19+00:00\",\"mainEntityOfPage\":{\"@id\":\"https:\\\/\\\/radioljubuski.ba\\\/index.php\\\/2022\\\/04\\\/19\\\/hoce-li-bitka-za-istok-ukrajine-biti-krvavija-i-dugotrajnija-od-one-na-sjeveru\\\/\"},\"wordCount\":698,\"publisher\":{\"@id\":\"https:\\\/\\\/radioljubuski.ba\\\/#organization\"},\"image\":{\"@id\":\"https:\\\/\\\/radioljubuski.ba\\\/index.php\\\/2022\\\/04\\\/19\\\/hoce-li-bitka-za-istok-ukrajine-biti-krvavija-i-dugotrajnija-od-one-na-sjeveru\\\/#primaryimage\"},\"thumbnailUrl\":\"https:\\\/\\\/radioljubuski.ba\\\/wp-content\\\/uploads\\\/2022\\\/04\\\/preuzmi-4-4.jpg\",\"articleSection\":[\"BIH i regija\"],\"inLanguage\":\"hr\"},{\"@type\":\"WebPage\",\"@id\":\"https:\\\/\\\/radioljubuski.ba\\\/index.php\\\/2022\\\/04\\\/19\\\/hoce-li-bitka-za-istok-ukrajine-biti-krvavija-i-dugotrajnija-od-one-na-sjeveru\\\/\",\"url\":\"https:\\\/\\\/radioljubuski.ba\\\/index.php\\\/2022\\\/04\\\/19\\\/hoce-li-bitka-za-istok-ukrajine-biti-krvavija-i-dugotrajnija-od-one-na-sjeveru\\\/\",\"name\":\"Ho\u0107e li bitka za istok Ukrajine biti krvavija i dugotrajnija od one na sjeveru? - RADIO LJUBU\u0160KI\",\"isPartOf\":{\"@id\":\"https:\\\/\\\/radioljubuski.ba\\\/#website\"},\"primaryImageOfPage\":{\"@id\":\"https:\\\/\\\/radioljubuski.ba\\\/index.php\\\/2022\\\/04\\\/19\\\/hoce-li-bitka-za-istok-ukrajine-biti-krvavija-i-dugotrajnija-od-one-na-sjeveru\\\/#primaryimage\"},\"image\":{\"@id\":\"https:\\\/\\\/radioljubuski.ba\\\/index.php\\\/2022\\\/04\\\/19\\\/hoce-li-bitka-za-istok-ukrajine-biti-krvavija-i-dugotrajnija-od-one-na-sjeveru\\\/#primaryimage\"},\"thumbnailUrl\":\"https:\\\/\\\/radioljubuski.ba\\\/wp-content\\\/uploads\\\/2022\\\/04\\\/preuzmi-4-4.jpg\",\"datePublished\":\"2022-04-19T22:13:18+00:00\",\"dateModified\":\"2022-04-19T22:13:19+00:00\",\"breadcrumb\":{\"@id\":\"https:\\\/\\\/radioljubuski.ba\\\/index.php\\\/2022\\\/04\\\/19\\\/hoce-li-bitka-za-istok-ukrajine-biti-krvavija-i-dugotrajnija-od-one-na-sjeveru\\\/#breadcrumb\"},\"inLanguage\":\"hr\",\"potentialAction\":[{\"@type\":\"ReadAction\",\"target\":[\"https:\\\/\\\/radioljubuski.ba\\\/index.php\\\/2022\\\/04\\\/19\\\/hoce-li-bitka-za-istok-ukrajine-biti-krvavija-i-dugotrajnija-od-one-na-sjeveru\\\/\"]}]},{\"@type\":\"ImageObject\",\"inLanguage\":\"hr\",\"@id\":\"https:\\\/\\\/radioljubuski.ba\\\/index.php\\\/2022\\\/04\\\/19\\\/hoce-li-bitka-za-istok-ukrajine-biti-krvavija-i-dugotrajnija-od-one-na-sjeveru\\\/#primaryimage\",\"url\":\"https:\\\/\\\/radioljubuski.ba\\\/wp-content\\\/uploads\\\/2022\\\/04\\\/preuzmi-4-4.jpg\",\"contentUrl\":\"https:\\\/\\\/radioljubuski.ba\\\/wp-content\\\/uploads\\\/2022\\\/04\\\/preuzmi-4-4.jpg\",\"width\":275,\"height\":183},{\"@type\":\"BreadcrumbList\",\"@id\":\"https:\\\/\\\/radioljubuski.ba\\\/index.php\\\/2022\\\/04\\\/19\\\/hoce-li-bitka-za-istok-ukrajine-biti-krvavija-i-dugotrajnija-od-one-na-sjeveru\\\/#breadcrumb\",\"itemListElement\":[{\"@type\":\"ListItem\",\"position\":1,\"name\":\"Po\u010detna stranica\",\"item\":\"https:\\\/\\\/radioljubuski.ba\\\/\"},{\"@type\":\"ListItem\",\"position\":2,\"name\":\"Ho\u0107e li bitka za istok Ukrajine biti krvavija i dugotrajnija od one na sjeveru?\"}]},{\"@type\":\"WebSite\",\"@id\":\"https:\\\/\\\/radioljubuski.ba\\\/#website\",\"url\":\"https:\\\/\\\/radioljubuski.ba\\\/\",\"name\":\"Radio Ljubu\u0161ki\",\"description\":\"Sun\u010dana frekvencija Hercegovine\",\"publisher\":{\"@id\":\"https:\\\/\\\/radioljubuski.ba\\\/#organization\"},\"potentialAction\":[{\"@type\":\"SearchAction\",\"target\":{\"@type\":\"EntryPoint\",\"urlTemplate\":\"https:\\\/\\\/radioljubuski.ba\\\/?s={search_term_string}\"},\"query-input\":{\"@type\":\"PropertyValueSpecification\",\"valueRequired\":true,\"valueName\":\"search_term_string\"}}],\"inLanguage\":\"hr\"},{\"@type\":\"Organization\",\"@id\":\"https:\\\/\\\/radioljubuski.ba\\\/#organization\",\"name\":\"Radio Ljubu\u0161ki\",\"url\":\"https:\\\/\\\/radioljubuski.ba\\\/\",\"logo\":{\"@type\":\"ImageObject\",\"inLanguage\":\"hr\",\"@id\":\"https:\\\/\\\/radioljubuski.ba\\\/#\\\/schema\\\/logo\\\/image\\\/\",\"url\":\"https:\\\/\\\/radioljubuski.ba\\\/wp-content\\\/uploads\\\/2021\\\/02\\\/cropped-Radio_Ljubuski_logo1.jpg\",\"contentUrl\":\"https:\\\/\\\/radioljubuski.ba\\\/wp-content\\\/uploads\\\/2021\\\/02\\\/cropped-Radio_Ljubuski_logo1.jpg\",\"width\":512,\"height\":512,\"caption\":\"Radio Ljubu\u0161ki\"},\"image\":{\"@id\":\"https:\\\/\\\/radioljubuski.ba\\\/#\\\/schema\\\/logo\\\/image\\\/\"},\"sameAs\":[\"https:\\\/\\\/www.facebook.com\\\/Radiio-Ljubuski-1490835324566332\",\"https:\\\/\\\/x.com\\\/radioljubuski\",\"https:\\\/\\\/hr.linkedin.com\\\/company\\\/radio-ljubuski\",\"https:\\\/\\\/www.youtube.com\\\/channel\\\/UCHYaeO_n0Db3tjNGudGpXyw\"]},{\"@type\":\"Person\",\"@id\":\"https:\\\/\\\/radioljubuski.ba\\\/#\\\/schema\\\/person\\\/19fc700381a780f69665d7956c469e3b\",\"name\":\"Radio Ljubu\u0161ki\"}]}<\/script>\n<!-- \/ Yoast SEO plugin. -->","yoast_head_json":{"title":"Ho\u0107e li bitka za istok Ukrajine biti krvavija i dugotrajnija od one na sjeveru? - RADIO LJUBU\u0160KI","robots":{"index":"index","follow":"follow","max-snippet":"max-snippet:-1","max-image-preview":"max-image-preview:large","max-video-preview":"max-video-preview:-1"},"canonical":"https:\/\/radioljubuski.ba\/index.php\/2022\/04\/19\/hoce-li-bitka-za-istok-ukrajine-biti-krvavija-i-dugotrajnija-od-one-na-sjeveru\/","og_locale":"hr_HR","og_type":"article","og_title":"Ho\u0107e li bitka za istok Ukrajine biti krvavija i dugotrajnija od one na sjeveru? - RADIO LJUBU\u0160KI","og_description":"Rusi su krenuli u osvajanje Donbasa, regije na istoku Ukrajine, kako bi ostvarili jedan od klju\u010dnih ciljeva invazije, stvaranje kopnenog koridora do poluotoka Krima, koji su anektirali jo\u0161 prije osam godina. Time je po\u010dela druga faza rata u Ukrajini u kojemu, kako je rekao ruski ministar vanjskih poslova Sergej Lavrov, Moskva ne namjerava upotrijebiti nuklearno [&hellip;]","og_url":"https:\/\/radioljubuski.ba\/index.php\/2022\/04\/19\/hoce-li-bitka-za-istok-ukrajine-biti-krvavija-i-dugotrajnija-od-one-na-sjeveru\/","og_site_name":"RADIO LJUBU\u0160KI","article_publisher":"https:\/\/www.facebook.com\/Radiio-Ljubuski-1490835324566332","article_published_time":"2022-04-19T22:13:18+00:00","article_modified_time":"2022-04-19T22:13:19+00:00","og_image":[{"width":275,"height":183,"url":"https:\/\/radioljubuski.ba\/wp-content\/uploads\/2022\/04\/preuzmi-4-4.jpg","type":"image\/jpeg"}],"author":"Radio Ljubu\u0161ki","twitter_card":"summary_large_image","twitter_creator":"@radioljubuski","twitter_site":"@radioljubuski","twitter_misc":{"Napisao\/la":"Radio Ljubu\u0161ki","Procijenjeno vrijeme \u010ditanja":"3 minute"},"schema":{"@context":"https:\/\/schema.org","@graph":[{"@type":"Article","@id":"https:\/\/radioljubuski.ba\/index.php\/2022\/04\/19\/hoce-li-bitka-za-istok-ukrajine-biti-krvavija-i-dugotrajnija-od-one-na-sjeveru\/#article","isPartOf":{"@id":"https:\/\/radioljubuski.ba\/index.php\/2022\/04\/19\/hoce-li-bitka-za-istok-ukrajine-biti-krvavija-i-dugotrajnija-od-one-na-sjeveru\/"},"author":{"name":"Radio Ljubu\u0161ki","@id":"https:\/\/radioljubuski.ba\/#\/schema\/person\/19fc700381a780f69665d7956c469e3b"},"headline":"Ho\u0107e li bitka za istok Ukrajine biti krvavija i dugotrajnija od one na sjeveru?","datePublished":"2022-04-19T22:13:18+00:00","dateModified":"2022-04-19T22:13:19+00:00","mainEntityOfPage":{"@id":"https:\/\/radioljubuski.ba\/index.php\/2022\/04\/19\/hoce-li-bitka-za-istok-ukrajine-biti-krvavija-i-dugotrajnija-od-one-na-sjeveru\/"},"wordCount":698,"publisher":{"@id":"https:\/\/radioljubuski.ba\/#organization"},"image":{"@id":"https:\/\/radioljubuski.ba\/index.php\/2022\/04\/19\/hoce-li-bitka-za-istok-ukrajine-biti-krvavija-i-dugotrajnija-od-one-na-sjeveru\/#primaryimage"},"thumbnailUrl":"https:\/\/radioljubuski.ba\/wp-content\/uploads\/2022\/04\/preuzmi-4-4.jpg","articleSection":["BIH i regija"],"inLanguage":"hr"},{"@type":"WebPage","@id":"https:\/\/radioljubuski.ba\/index.php\/2022\/04\/19\/hoce-li-bitka-za-istok-ukrajine-biti-krvavija-i-dugotrajnija-od-one-na-sjeveru\/","url":"https:\/\/radioljubuski.ba\/index.php\/2022\/04\/19\/hoce-li-bitka-za-istok-ukrajine-biti-krvavija-i-dugotrajnija-od-one-na-sjeveru\/","name":"Ho\u0107e li bitka za istok Ukrajine biti krvavija i dugotrajnija od one na sjeveru? - RADIO LJUBU\u0160KI","isPartOf":{"@id":"https:\/\/radioljubuski.ba\/#website"},"primaryImageOfPage":{"@id":"https:\/\/radioljubuski.ba\/index.php\/2022\/04\/19\/hoce-li-bitka-za-istok-ukrajine-biti-krvavija-i-dugotrajnija-od-one-na-sjeveru\/#primaryimage"},"image":{"@id":"https:\/\/radioljubuski.ba\/index.php\/2022\/04\/19\/hoce-li-bitka-za-istok-ukrajine-biti-krvavija-i-dugotrajnija-od-one-na-sjeveru\/#primaryimage"},"thumbnailUrl":"https:\/\/radioljubuski.ba\/wp-content\/uploads\/2022\/04\/preuzmi-4-4.jpg","datePublished":"2022-04-19T22:13:18+00:00","dateModified":"2022-04-19T22:13:19+00:00","breadcrumb":{"@id":"https:\/\/radioljubuski.ba\/index.php\/2022\/04\/19\/hoce-li-bitka-za-istok-ukrajine-biti-krvavija-i-dugotrajnija-od-one-na-sjeveru\/#breadcrumb"},"inLanguage":"hr","potentialAction":[{"@type":"ReadAction","target":["https:\/\/radioljubuski.ba\/index.php\/2022\/04\/19\/hoce-li-bitka-za-istok-ukrajine-biti-krvavija-i-dugotrajnija-od-one-na-sjeveru\/"]}]},{"@type":"ImageObject","inLanguage":"hr","@id":"https:\/\/radioljubuski.ba\/index.php\/2022\/04\/19\/hoce-li-bitka-za-istok-ukrajine-biti-krvavija-i-dugotrajnija-od-one-na-sjeveru\/#primaryimage","url":"https:\/\/radioljubuski.ba\/wp-content\/uploads\/2022\/04\/preuzmi-4-4.jpg","contentUrl":"https:\/\/radioljubuski.ba\/wp-content\/uploads\/2022\/04\/preuzmi-4-4.jpg","width":275,"height":183},{"@type":"BreadcrumbList","@id":"https:\/\/radioljubuski.ba\/index.php\/2022\/04\/19\/hoce-li-bitka-za-istok-ukrajine-biti-krvavija-i-dugotrajnija-od-one-na-sjeveru\/#breadcrumb","itemListElement":[{"@type":"ListItem","position":1,"name":"Po\u010detna stranica","item":"https:\/\/radioljubuski.ba\/"},{"@type":"ListItem","position":2,"name":"Ho\u0107e li bitka za istok Ukrajine biti krvavija i dugotrajnija od one na sjeveru?"}]},{"@type":"WebSite","@id":"https:\/\/radioljubuski.ba\/#website","url":"https:\/\/radioljubuski.ba\/","name":"Radio Ljubu\u0161ki","description":"Sun\u010dana frekvencija Hercegovine","publisher":{"@id":"https:\/\/radioljubuski.ba\/#organization"},"potentialAction":[{"@type":"SearchAction","target":{"@type":"EntryPoint","urlTemplate":"https:\/\/radioljubuski.ba\/?s={search_term_string}"},"query-input":{"@type":"PropertyValueSpecification","valueRequired":true,"valueName":"search_term_string"}}],"inLanguage":"hr"},{"@type":"Organization","@id":"https:\/\/radioljubuski.ba\/#organization","name":"Radio Ljubu\u0161ki","url":"https:\/\/radioljubuski.ba\/","logo":{"@type":"ImageObject","inLanguage":"hr","@id":"https:\/\/radioljubuski.ba\/#\/schema\/logo\/image\/","url":"https:\/\/radioljubuski.ba\/wp-content\/uploads\/2021\/02\/cropped-Radio_Ljubuski_logo1.jpg","contentUrl":"https:\/\/radioljubuski.ba\/wp-content\/uploads\/2021\/02\/cropped-Radio_Ljubuski_logo1.jpg","width":512,"height":512,"caption":"Radio Ljubu\u0161ki"},"image":{"@id":"https:\/\/radioljubuski.ba\/#\/schema\/logo\/image\/"},"sameAs":["https:\/\/www.facebook.com\/Radiio-Ljubuski-1490835324566332","https:\/\/x.com\/radioljubuski","https:\/\/hr.linkedin.com\/company\/radio-ljubuski","https:\/\/www.youtube.com\/channel\/UCHYaeO_n0Db3tjNGudGpXyw"]},{"@type":"Person","@id":"https:\/\/radioljubuski.ba\/#\/schema\/person\/19fc700381a780f69665d7956c469e3b","name":"Radio Ljubu\u0161ki"}]}},"_links":{"self":[{"href":"https:\/\/radioljubuski.ba\/index.php\/wp-json\/wp\/v2\/posts\/134241","targetHints":{"allow":["GET"]}}],"collection":[{"href":"https:\/\/radioljubuski.ba\/index.php\/wp-json\/wp\/v2\/posts"}],"about":[{"href":"https:\/\/radioljubuski.ba\/index.php\/wp-json\/wp\/v2\/types\/post"}],"author":[{"embeddable":true,"href":"https:\/\/radioljubuski.ba\/index.php\/wp-json\/wp\/v2\/users\/2"}],"replies":[{"embeddable":true,"href":"https:\/\/radioljubuski.ba\/index.php\/wp-json\/wp\/v2\/comments?post=134241"}],"version-history":[{"count":1,"href":"https:\/\/radioljubuski.ba\/index.php\/wp-json\/wp\/v2\/posts\/134241\/revisions"}],"predecessor-version":[{"id":134243,"href":"https:\/\/radioljubuski.ba\/index.php\/wp-json\/wp\/v2\/posts\/134241\/revisions\/134243"}],"wp:featuredmedia":[{"embeddable":true,"href":"https:\/\/radioljubuski.ba\/index.php\/wp-json\/wp\/v2\/media\/134242"}],"wp:attachment":[{"href":"https:\/\/radioljubuski.ba\/index.php\/wp-json\/wp\/v2\/media?parent=134241"}],"wp:term":[{"taxonomy":"category","embeddable":true,"href":"https:\/\/radioljubuski.ba\/index.php\/wp-json\/wp\/v2\/categories?post=134241"},{"taxonomy":"post_tag","embeddable":true,"href":"https:\/\/radioljubuski.ba\/index.php\/wp-json\/wp\/v2\/tags?post=134241"}],"curies":[{"name":"wp","href":"https:\/\/api.w.org\/{rel}","templated":true}]}}