{"id":134244,"date":"2022-04-19T23:15:35","date_gmt":"2022-04-19T22:15:35","guid":{"rendered":"https:\/\/radioljubuski.ba\/?p=134244"},"modified":"2022-04-19T23:15:37","modified_gmt":"2022-04-19T22:15:37","slug":"gordan-akrap-mariupolj-je-simbol-obrane-ukrajine","status":"publish","type":"post","link":"https:\/\/radioljubuski.ba\/index.php\/2022\/04\/19\/gordan-akrap-mariupolj-je-simbol-obrane-ukrajine\/","title":{"rendered":"Gordan Akrap: Mariupolj je simbol obrane Ukrajine"},"content":{"rendered":"\n<p><strong>Vojni analiti\u010dar Gordan Akrap gostovao je u Dnevniku HTV-a i analizirao po\u010detak bitke za Donbas i ulazak u drugu fazu rata u Ukrajini.<\/strong><\/p>\n\n\n\n<p><strong>Gordan Akrap<\/strong>\u00a0je istaknuo da otpor u Mariupolju pokazuje od prvog dana da ukrajinske snage krasi visoka razina odanosti, privr\u017eenosti domovini, da je obrane od ruskog agresora.<br><br>&#8211; Ruski agresor granatira i napada naseljena mjesta u Mariupolju i gradove \u0161irom Ukrajine. Imati \u0107e ozbiljne izazove kod preuzimanja Mariupolja, dodao je u uvodu.<br><br>Naglasio je da u strate\u0161kom smislu ne bi previ\u0161e zna\u010dio pad Mariupolja.<br><br>&#8211; Ionako postoji ve\u0107 \u0161iroki koridor kojim se podru\u010dje Krima spaja s prethodno okupiranim podru\u010djima Donbasa i Luhanska. Mariupolj je pojam obrane, simbol obrane Ukrajine koji \u0107e biti kao \u0161to je Vukovar kod nas, rekao je.<br><strong><br>Ofenziva prema Donbasu i Donjecku<br><\/strong><br>O podru\u010dju Donbasa rekao je da je teren sli\u010dan onome koji je bio na sjeveroistoku Ukrajine.<br><br>&#8211; On je relativno ravan i s jedne strane odgovara braniteljima, ali odgovora i ruskim oru\u017eanim snagama koje mogu dalekometnim topni\u0161tvom i raketama granatirati polo\u017eaje branitelja. Vidljivo je da su se Rusi odlu\u010dili na ofenzivu prema Donbasu i Donjecku kako bi sprije\u010dili da ukrajinske oru\u017eane snage dobiju te\u0161ko naoru\u017eanje koje je potrebno, a koje se trenutno nalazi u ukrajinskoj blizini gdje se ukrajinske vojne snage obu\u010davaju i koriste, koje \u0107e im u odre\u0111enom trenutku biti upu\u0107eno prema boji\u0161nicama te biti od sna\u017ene i ozbiljne pomo\u0107i u obrani tog teritorija, rekao je.\u00a0 \u00a0 \u00a0<br><br>Istaknuo je kako svaki vojni strateg koji planira rat, mora u odre\u0111enom trenutku misliti o logisti\u010dkoj potpori svojim postrojbama.<br><br>&#8211; Govorimo o trenutku, danima i tjednima. Morate rotirati vojsku svaki dan, opskrbiti ih odre\u0111enim sredstvima kojima oni trebaju raspolagati. U tom kontekstu \u017eeljeznice su najbolji, najbr\u017ei i najkvalitetniji na\u010din prijevoza svih potrebnih sredstava. Ako ukrajinske obrambene snage uspiju osloboditi sjeverozapadni dio oko Harkiva, mo\u017ee se o\u010dekivati diverzantski udar na \u017eeljezni\u010dke pruge, rekao je.<br><strong><br>&#8220;Nije nemogu\u0107e da u skoroj budu\u0107nosti Rusi proglase da su postigli svoj cilj&#8221;<br><\/strong><br>Dodao je da nije nemogu\u0107a situacija da Rusija u dogledno vrijeme uspije zaokru\u017eiti odre\u0111eni teritorij pod svojom kontrolom na istoku Ukrajine jer je koncentrirala svoje sna\u017ene snage na tom podru\u010dju.<br><br>&#8211; Ukrajinske vojne snage sna\u017eno napadaju na podru\u010dje Hersona tako da \u0107e to izazvati odre\u0111ene probleme Rusima u napadima. Nije nemogu\u0107e da u skoroj budu\u0107nosti Rusi proglase da su postigli svoj cilj, zaustave napadna djelovanja, postave se u obrambenu situaciju i u tom trenutku \u0107e Ukrajincima biti znatno te\u017ee. Jo\u0161 uvijek nisu osposobili dovoljan broj svojih pripadnika oru\u017eanih snaga za napadna djelovanja na tom podru\u010dju, rekao je.<br><br><strong>O pregovorima Ukrajine i Rusije<br><br><\/strong>Smatra da \u0107e se pregovori pokrenuti, samo je pitanje vremena.<br><br>&#8211; Rusi ako ocijene da su dosegli svoj cilj aktivnosti koji mogu zadr\u017eati okupiranjem odre\u0111enog dijela teritorija na istoku Ukrajine, oni \u0107e sigurno probati ponovno inicirati pregovore. Ukrajinska strana \u0107e vrlo vjerojatno biti zainteresirana za nastavak pregovora jer su oni to pokazali od samog po\u010detka. Me\u0111utim, Ukrajinci ne\u0107e biti zainteresirani za prihva\u0107anje &#8220;statusa quo&#8221;, nego \u0107e tra\u017eiti da se granice okupiranog podru\u010dja Ukrajine vrate na pozicije iz 2014. godine, povrat svih podru\u010dja koje je Rusija u ovom ratu okupirala, zaklju\u010dio je.\u00a0<\/p>\n\n\n\n<div style=\"width: 640px;\" class=\"wp-video\"><video class=\"wp-video-shortcode\" id=\"video-134244-1\" width=\"640\" height=\"360\" preload=\"metadata\" controls=\"controls\"><source type=\"video\/mp4\" src=\"https:\/\/api.hrt.hr\/media\/07\/dd\/tvd2-akrap-1904-20220419172419.mp4?_=1\" \/><a href=\"https:\/\/api.hrt.hr\/media\/07\/dd\/tvd2-akrap-1904-20220419172419.mp4\">https:\/\/api.hrt.hr\/media\/07\/dd\/tvd2-akrap-1904-20220419172419.mp4<\/a><\/video><\/div>\n\n\n\n<p>Izvor:hrt.hr<\/p>\n","protected":false},"excerpt":{"rendered":"<p>Vojni analiti\u010dar Gordan Akrap gostovao je u Dnevniku HTV-a i analizirao po\u010detak bitke za Donbas i ulazak u drugu fazu rata u Ukrajini. Gordan Akrap\u00a0je istaknuo da otpor u Mariupolju pokazuje od prvog dana da ukrajinske snage krasi visoka razina odanosti, privr\u017eenosti domovini, da je obrane od ruskog agresora. &#8211; Ruski agresor granatira i napada [&hellip;]<\/p>\n","protected":false},"author":2,"featured_media":134245,"comment_status":"closed","ping_status":"closed","sticky":false,"template":"","format":"standard","meta":{"h5ap_radio_sources":[],"footnotes":""},"categories":[1],"tags":[],"class_list":["post-134244","post","type-post","status-publish","format-standard","has-post-thumbnail","hentry","category-bihiregija"],"yoast_head":"<!-- This site is optimized with the Yoast SEO plugin v27.4 - https:\/\/yoast.com\/product\/yoast-seo-wordpress\/ -->\n<title>Gordan Akrap: Mariupolj je simbol obrane Ukrajine - RADIO LJUBU\u0160KI<\/title>\n<meta name=\"robots\" content=\"index, follow, max-snippet:-1, max-image-preview:large, max-video-preview:-1\" \/>\n<link rel=\"canonical\" href=\"https:\/\/radioljubuski.ba\/index.php\/2022\/04\/19\/gordan-akrap-mariupolj-je-simbol-obrane-ukrajine\/\" \/>\n<meta property=\"og:locale\" content=\"hr_HR\" \/>\n<meta property=\"og:type\" content=\"article\" \/>\n<meta property=\"og:title\" content=\"Gordan Akrap: Mariupolj je simbol obrane Ukrajine - RADIO LJUBU\u0160KI\" \/>\n<meta property=\"og:description\" content=\"Vojni analiti\u010dar Gordan Akrap gostovao je u Dnevniku HTV-a i analizirao po\u010detak bitke za Donbas i ulazak u drugu fazu rata u Ukrajini. Gordan Akrap\u00a0je istaknuo da otpor u Mariupolju pokazuje od prvog dana da ukrajinske snage krasi visoka razina odanosti, privr\u017eenosti domovini, da je obrane od ruskog agresora. &#8211; Ruski agresor granatira i napada [&hellip;]\" \/>\n<meta property=\"og:url\" content=\"https:\/\/radioljubuski.ba\/index.php\/2022\/04\/19\/gordan-akrap-mariupolj-je-simbol-obrane-ukrajine\/\" \/>\n<meta property=\"og:site_name\" content=\"RADIO LJUBU\u0160KI\" \/>\n<meta property=\"article:publisher\" content=\"https:\/\/www.facebook.com\/Radiio-Ljubuski-1490835324566332\" \/>\n<meta property=\"article:published_time\" content=\"2022-04-19T22:15:35+00:00\" \/>\n<meta property=\"article:modified_time\" content=\"2022-04-19T22:15:37+00:00\" \/>\n<meta property=\"og:image\" content=\"https:\/\/radioljubuski.ba\/wp-content\/uploads\/2022\/04\/tvd2-s-potpisima-frame-15124-20220419171521.png\" \/>\n\t<meta property=\"og:image:width\" content=\"1920\" \/>\n\t<meta property=\"og:image:height\" content=\"1080\" \/>\n\t<meta property=\"og:image:type\" content=\"image\/png\" \/>\n<meta name=\"author\" content=\"Radio Ljubu\u0161ki\" \/>\n<meta name=\"twitter:card\" content=\"summary_large_image\" \/>\n<meta name=\"twitter:creator\" content=\"@radioljubuski\" \/>\n<meta name=\"twitter:site\" content=\"@radioljubuski\" \/>\n<meta name=\"twitter:label1\" content=\"Napisao\/la\" \/>\n\t<meta name=\"twitter:data1\" content=\"Radio Ljubu\u0161ki\" \/>\n\t<meta name=\"twitter:label2\" content=\"Procijenjeno vrijeme \u010ditanja\" \/>\n\t<meta name=\"twitter:data2\" content=\"3 minute\" \/>\n<script type=\"application\/ld+json\" class=\"yoast-schema-graph\">{\"@context\":\"https:\\\/\\\/schema.org\",\"@graph\":[{\"@type\":\"Article\",\"@id\":\"https:\\\/\\\/radioljubuski.ba\\\/index.php\\\/2022\\\/04\\\/19\\\/gordan-akrap-mariupolj-je-simbol-obrane-ukrajine\\\/#article\",\"isPartOf\":{\"@id\":\"https:\\\/\\\/radioljubuski.ba\\\/index.php\\\/2022\\\/04\\\/19\\\/gordan-akrap-mariupolj-je-simbol-obrane-ukrajine\\\/\"},\"author\":{\"name\":\"Radio Ljubu\u0161ki\",\"@id\":\"https:\\\/\\\/radioljubuski.ba\\\/#\\\/schema\\\/person\\\/19fc700381a780f69665d7956c469e3b\"},\"headline\":\"Gordan Akrap: Mariupolj je simbol obrane Ukrajine\",\"datePublished\":\"2022-04-19T22:15:35+00:00\",\"dateModified\":\"2022-04-19T22:15:37+00:00\",\"mainEntityOfPage\":{\"@id\":\"https:\\\/\\\/radioljubuski.ba\\\/index.php\\\/2022\\\/04\\\/19\\\/gordan-akrap-mariupolj-je-simbol-obrane-ukrajine\\\/\"},\"wordCount\":590,\"publisher\":{\"@id\":\"https:\\\/\\\/radioljubuski.ba\\\/#organization\"},\"image\":{\"@id\":\"https:\\\/\\\/radioljubuski.ba\\\/index.php\\\/2022\\\/04\\\/19\\\/gordan-akrap-mariupolj-je-simbol-obrane-ukrajine\\\/#primaryimage\"},\"thumbnailUrl\":\"https:\\\/\\\/radioljubuski.ba\\\/wp-content\\\/uploads\\\/2022\\\/04\\\/tvd2-s-potpisima-frame-15124-20220419171521.png\",\"articleSection\":[\"BIH i regija\"],\"inLanguage\":\"hr\"},{\"@type\":\"WebPage\",\"@id\":\"https:\\\/\\\/radioljubuski.ba\\\/index.php\\\/2022\\\/04\\\/19\\\/gordan-akrap-mariupolj-je-simbol-obrane-ukrajine\\\/\",\"url\":\"https:\\\/\\\/radioljubuski.ba\\\/index.php\\\/2022\\\/04\\\/19\\\/gordan-akrap-mariupolj-je-simbol-obrane-ukrajine\\\/\",\"name\":\"Gordan Akrap: Mariupolj je simbol obrane Ukrajine - RADIO LJUBU\u0160KI\",\"isPartOf\":{\"@id\":\"https:\\\/\\\/radioljubuski.ba\\\/#website\"},\"primaryImageOfPage\":{\"@id\":\"https:\\\/\\\/radioljubuski.ba\\\/index.php\\\/2022\\\/04\\\/19\\\/gordan-akrap-mariupolj-je-simbol-obrane-ukrajine\\\/#primaryimage\"},\"image\":{\"@id\":\"https:\\\/\\\/radioljubuski.ba\\\/index.php\\\/2022\\\/04\\\/19\\\/gordan-akrap-mariupolj-je-simbol-obrane-ukrajine\\\/#primaryimage\"},\"thumbnailUrl\":\"https:\\\/\\\/radioljubuski.ba\\\/wp-content\\\/uploads\\\/2022\\\/04\\\/tvd2-s-potpisima-frame-15124-20220419171521.png\",\"datePublished\":\"2022-04-19T22:15:35+00:00\",\"dateModified\":\"2022-04-19T22:15:37+00:00\",\"breadcrumb\":{\"@id\":\"https:\\\/\\\/radioljubuski.ba\\\/index.php\\\/2022\\\/04\\\/19\\\/gordan-akrap-mariupolj-je-simbol-obrane-ukrajine\\\/#breadcrumb\"},\"inLanguage\":\"hr\",\"potentialAction\":[{\"@type\":\"ReadAction\",\"target\":[\"https:\\\/\\\/radioljubuski.ba\\\/index.php\\\/2022\\\/04\\\/19\\\/gordan-akrap-mariupolj-je-simbol-obrane-ukrajine\\\/\"]}]},{\"@type\":\"ImageObject\",\"inLanguage\":\"hr\",\"@id\":\"https:\\\/\\\/radioljubuski.ba\\\/index.php\\\/2022\\\/04\\\/19\\\/gordan-akrap-mariupolj-je-simbol-obrane-ukrajine\\\/#primaryimage\",\"url\":\"https:\\\/\\\/radioljubuski.ba\\\/wp-content\\\/uploads\\\/2022\\\/04\\\/tvd2-s-potpisima-frame-15124-20220419171521.png\",\"contentUrl\":\"https:\\\/\\\/radioljubuski.ba\\\/wp-content\\\/uploads\\\/2022\\\/04\\\/tvd2-s-potpisima-frame-15124-20220419171521.png\",\"width\":1920,\"height\":1080},{\"@type\":\"BreadcrumbList\",\"@id\":\"https:\\\/\\\/radioljubuski.ba\\\/index.php\\\/2022\\\/04\\\/19\\\/gordan-akrap-mariupolj-je-simbol-obrane-ukrajine\\\/#breadcrumb\",\"itemListElement\":[{\"@type\":\"ListItem\",\"position\":1,\"name\":\"Po\u010detna stranica\",\"item\":\"https:\\\/\\\/radioljubuski.ba\\\/\"},{\"@type\":\"ListItem\",\"position\":2,\"name\":\"Gordan Akrap: Mariupolj je simbol obrane Ukrajine\"}]},{\"@type\":\"WebSite\",\"@id\":\"https:\\\/\\\/radioljubuski.ba\\\/#website\",\"url\":\"https:\\\/\\\/radioljubuski.ba\\\/\",\"name\":\"Radio Ljubu\u0161ki\",\"description\":\"Sun\u010dana frekvencija Hercegovine\",\"publisher\":{\"@id\":\"https:\\\/\\\/radioljubuski.ba\\\/#organization\"},\"potentialAction\":[{\"@type\":\"SearchAction\",\"target\":{\"@type\":\"EntryPoint\",\"urlTemplate\":\"https:\\\/\\\/radioljubuski.ba\\\/?s={search_term_string}\"},\"query-input\":{\"@type\":\"PropertyValueSpecification\",\"valueRequired\":true,\"valueName\":\"search_term_string\"}}],\"inLanguage\":\"hr\"},{\"@type\":\"Organization\",\"@id\":\"https:\\\/\\\/radioljubuski.ba\\\/#organization\",\"name\":\"Radio Ljubu\u0161ki\",\"url\":\"https:\\\/\\\/radioljubuski.ba\\\/\",\"logo\":{\"@type\":\"ImageObject\",\"inLanguage\":\"hr\",\"@id\":\"https:\\\/\\\/radioljubuski.ba\\\/#\\\/schema\\\/logo\\\/image\\\/\",\"url\":\"https:\\\/\\\/radioljubuski.ba\\\/wp-content\\\/uploads\\\/2021\\\/02\\\/cropped-Radio_Ljubuski_logo1.jpg\",\"contentUrl\":\"https:\\\/\\\/radioljubuski.ba\\\/wp-content\\\/uploads\\\/2021\\\/02\\\/cropped-Radio_Ljubuski_logo1.jpg\",\"width\":512,\"height\":512,\"caption\":\"Radio Ljubu\u0161ki\"},\"image\":{\"@id\":\"https:\\\/\\\/radioljubuski.ba\\\/#\\\/schema\\\/logo\\\/image\\\/\"},\"sameAs\":[\"https:\\\/\\\/www.facebook.com\\\/Radiio-Ljubuski-1490835324566332\",\"https:\\\/\\\/x.com\\\/radioljubuski\",\"https:\\\/\\\/hr.linkedin.com\\\/company\\\/radio-ljubuski\",\"https:\\\/\\\/www.youtube.com\\\/channel\\\/UCHYaeO_n0Db3tjNGudGpXyw\"]},{\"@type\":\"Person\",\"@id\":\"https:\\\/\\\/radioljubuski.ba\\\/#\\\/schema\\\/person\\\/19fc700381a780f69665d7956c469e3b\",\"name\":\"Radio Ljubu\u0161ki\"}]}<\/script>\n<!-- \/ Yoast SEO plugin. -->","yoast_head_json":{"title":"Gordan Akrap: Mariupolj je simbol obrane Ukrajine - RADIO LJUBU\u0160KI","robots":{"index":"index","follow":"follow","max-snippet":"max-snippet:-1","max-image-preview":"max-image-preview:large","max-video-preview":"max-video-preview:-1"},"canonical":"https:\/\/radioljubuski.ba\/index.php\/2022\/04\/19\/gordan-akrap-mariupolj-je-simbol-obrane-ukrajine\/","og_locale":"hr_HR","og_type":"article","og_title":"Gordan Akrap: Mariupolj je simbol obrane Ukrajine - RADIO LJUBU\u0160KI","og_description":"Vojni analiti\u010dar Gordan Akrap gostovao je u Dnevniku HTV-a i analizirao po\u010detak bitke za Donbas i ulazak u drugu fazu rata u Ukrajini. Gordan Akrap\u00a0je istaknuo da otpor u Mariupolju pokazuje od prvog dana da ukrajinske snage krasi visoka razina odanosti, privr\u017eenosti domovini, da je obrane od ruskog agresora. &#8211; Ruski agresor granatira i napada [&hellip;]","og_url":"https:\/\/radioljubuski.ba\/index.php\/2022\/04\/19\/gordan-akrap-mariupolj-je-simbol-obrane-ukrajine\/","og_site_name":"RADIO LJUBU\u0160KI","article_publisher":"https:\/\/www.facebook.com\/Radiio-Ljubuski-1490835324566332","article_published_time":"2022-04-19T22:15:35+00:00","article_modified_time":"2022-04-19T22:15:37+00:00","og_image":[{"width":1920,"height":1080,"url":"https:\/\/radioljubuski.ba\/wp-content\/uploads\/2022\/04\/tvd2-s-potpisima-frame-15124-20220419171521.png","type":"image\/png"}],"author":"Radio Ljubu\u0161ki","twitter_card":"summary_large_image","twitter_creator":"@radioljubuski","twitter_site":"@radioljubuski","twitter_misc":{"Napisao\/la":"Radio Ljubu\u0161ki","Procijenjeno vrijeme \u010ditanja":"3 minute"},"schema":{"@context":"https:\/\/schema.org","@graph":[{"@type":"Article","@id":"https:\/\/radioljubuski.ba\/index.php\/2022\/04\/19\/gordan-akrap-mariupolj-je-simbol-obrane-ukrajine\/#article","isPartOf":{"@id":"https:\/\/radioljubuski.ba\/index.php\/2022\/04\/19\/gordan-akrap-mariupolj-je-simbol-obrane-ukrajine\/"},"author":{"name":"Radio Ljubu\u0161ki","@id":"https:\/\/radioljubuski.ba\/#\/schema\/person\/19fc700381a780f69665d7956c469e3b"},"headline":"Gordan Akrap: Mariupolj je simbol obrane Ukrajine","datePublished":"2022-04-19T22:15:35+00:00","dateModified":"2022-04-19T22:15:37+00:00","mainEntityOfPage":{"@id":"https:\/\/radioljubuski.ba\/index.php\/2022\/04\/19\/gordan-akrap-mariupolj-je-simbol-obrane-ukrajine\/"},"wordCount":590,"publisher":{"@id":"https:\/\/radioljubuski.ba\/#organization"},"image":{"@id":"https:\/\/radioljubuski.ba\/index.php\/2022\/04\/19\/gordan-akrap-mariupolj-je-simbol-obrane-ukrajine\/#primaryimage"},"thumbnailUrl":"https:\/\/radioljubuski.ba\/wp-content\/uploads\/2022\/04\/tvd2-s-potpisima-frame-15124-20220419171521.png","articleSection":["BIH i regija"],"inLanguage":"hr"},{"@type":"WebPage","@id":"https:\/\/radioljubuski.ba\/index.php\/2022\/04\/19\/gordan-akrap-mariupolj-je-simbol-obrane-ukrajine\/","url":"https:\/\/radioljubuski.ba\/index.php\/2022\/04\/19\/gordan-akrap-mariupolj-je-simbol-obrane-ukrajine\/","name":"Gordan Akrap: Mariupolj je simbol obrane Ukrajine - RADIO LJUBU\u0160KI","isPartOf":{"@id":"https:\/\/radioljubuski.ba\/#website"},"primaryImageOfPage":{"@id":"https:\/\/radioljubuski.ba\/index.php\/2022\/04\/19\/gordan-akrap-mariupolj-je-simbol-obrane-ukrajine\/#primaryimage"},"image":{"@id":"https:\/\/radioljubuski.ba\/index.php\/2022\/04\/19\/gordan-akrap-mariupolj-je-simbol-obrane-ukrajine\/#primaryimage"},"thumbnailUrl":"https:\/\/radioljubuski.ba\/wp-content\/uploads\/2022\/04\/tvd2-s-potpisima-frame-15124-20220419171521.png","datePublished":"2022-04-19T22:15:35+00:00","dateModified":"2022-04-19T22:15:37+00:00","breadcrumb":{"@id":"https:\/\/radioljubuski.ba\/index.php\/2022\/04\/19\/gordan-akrap-mariupolj-je-simbol-obrane-ukrajine\/#breadcrumb"},"inLanguage":"hr","potentialAction":[{"@type":"ReadAction","target":["https:\/\/radioljubuski.ba\/index.php\/2022\/04\/19\/gordan-akrap-mariupolj-je-simbol-obrane-ukrajine\/"]}]},{"@type":"ImageObject","inLanguage":"hr","@id":"https:\/\/radioljubuski.ba\/index.php\/2022\/04\/19\/gordan-akrap-mariupolj-je-simbol-obrane-ukrajine\/#primaryimage","url":"https:\/\/radioljubuski.ba\/wp-content\/uploads\/2022\/04\/tvd2-s-potpisima-frame-15124-20220419171521.png","contentUrl":"https:\/\/radioljubuski.ba\/wp-content\/uploads\/2022\/04\/tvd2-s-potpisima-frame-15124-20220419171521.png","width":1920,"height":1080},{"@type":"BreadcrumbList","@id":"https:\/\/radioljubuski.ba\/index.php\/2022\/04\/19\/gordan-akrap-mariupolj-je-simbol-obrane-ukrajine\/#breadcrumb","itemListElement":[{"@type":"ListItem","position":1,"name":"Po\u010detna stranica","item":"https:\/\/radioljubuski.ba\/"},{"@type":"ListItem","position":2,"name":"Gordan Akrap: Mariupolj je simbol obrane Ukrajine"}]},{"@type":"WebSite","@id":"https:\/\/radioljubuski.ba\/#website","url":"https:\/\/radioljubuski.ba\/","name":"Radio Ljubu\u0161ki","description":"Sun\u010dana frekvencija Hercegovine","publisher":{"@id":"https:\/\/radioljubuski.ba\/#organization"},"potentialAction":[{"@type":"SearchAction","target":{"@type":"EntryPoint","urlTemplate":"https:\/\/radioljubuski.ba\/?s={search_term_string}"},"query-input":{"@type":"PropertyValueSpecification","valueRequired":true,"valueName":"search_term_string"}}],"inLanguage":"hr"},{"@type":"Organization","@id":"https:\/\/radioljubuski.ba\/#organization","name":"Radio Ljubu\u0161ki","url":"https:\/\/radioljubuski.ba\/","logo":{"@type":"ImageObject","inLanguage":"hr","@id":"https:\/\/radioljubuski.ba\/#\/schema\/logo\/image\/","url":"https:\/\/radioljubuski.ba\/wp-content\/uploads\/2021\/02\/cropped-Radio_Ljubuski_logo1.jpg","contentUrl":"https:\/\/radioljubuski.ba\/wp-content\/uploads\/2021\/02\/cropped-Radio_Ljubuski_logo1.jpg","width":512,"height":512,"caption":"Radio Ljubu\u0161ki"},"image":{"@id":"https:\/\/radioljubuski.ba\/#\/schema\/logo\/image\/"},"sameAs":["https:\/\/www.facebook.com\/Radiio-Ljubuski-1490835324566332","https:\/\/x.com\/radioljubuski","https:\/\/hr.linkedin.com\/company\/radio-ljubuski","https:\/\/www.youtube.com\/channel\/UCHYaeO_n0Db3tjNGudGpXyw"]},{"@type":"Person","@id":"https:\/\/radioljubuski.ba\/#\/schema\/person\/19fc700381a780f69665d7956c469e3b","name":"Radio Ljubu\u0161ki"}]}},"_links":{"self":[{"href":"https:\/\/radioljubuski.ba\/index.php\/wp-json\/wp\/v2\/posts\/134244","targetHints":{"allow":["GET"]}}],"collection":[{"href":"https:\/\/radioljubuski.ba\/index.php\/wp-json\/wp\/v2\/posts"}],"about":[{"href":"https:\/\/radioljubuski.ba\/index.php\/wp-json\/wp\/v2\/types\/post"}],"author":[{"embeddable":true,"href":"https:\/\/radioljubuski.ba\/index.php\/wp-json\/wp\/v2\/users\/2"}],"replies":[{"embeddable":true,"href":"https:\/\/radioljubuski.ba\/index.php\/wp-json\/wp\/v2\/comments?post=134244"}],"version-history":[{"count":1,"href":"https:\/\/radioljubuski.ba\/index.php\/wp-json\/wp\/v2\/posts\/134244\/revisions"}],"predecessor-version":[{"id":134246,"href":"https:\/\/radioljubuski.ba\/index.php\/wp-json\/wp\/v2\/posts\/134244\/revisions\/134246"}],"wp:featuredmedia":[{"embeddable":true,"href":"https:\/\/radioljubuski.ba\/index.php\/wp-json\/wp\/v2\/media\/134245"}],"wp:attachment":[{"href":"https:\/\/radioljubuski.ba\/index.php\/wp-json\/wp\/v2\/media?parent=134244"}],"wp:term":[{"taxonomy":"category","embeddable":true,"href":"https:\/\/radioljubuski.ba\/index.php\/wp-json\/wp\/v2\/categories?post=134244"},{"taxonomy":"post_tag","embeddable":true,"href":"https:\/\/radioljubuski.ba\/index.php\/wp-json\/wp\/v2\/tags?post=134244"}],"curies":[{"name":"wp","href":"https:\/\/api.w.org\/{rel}","templated":true}]}}