{"id":134250,"date":"2022-04-19T23:18:42","date_gmt":"2022-04-19T22:18:42","guid":{"rendered":"https:\/\/radioljubuski.ba\/?p=134250"},"modified":"2022-04-19T23:18:43","modified_gmt":"2022-04-19T22:18:43","slug":"johnson-se-ispricao-parlamentu-zbog-krsenja-lockdowna-njegov-zastupnik-trazi-ostavku","status":"publish","type":"post","link":"https:\/\/radioljubuski.ba\/index.php\/2022\/04\/19\/johnson-se-ispricao-parlamentu-zbog-krsenja-lockdowna-njegov-zastupnik-trazi-ostavku\/","title":{"rendered":"Johnson se ispri\u010dao parlamentu zbog kr\u0161enja lockdowna, njegov zastupnik tra\u017ei ostavku"},"content":{"rendered":"\n<p><strong>Britanski premijer Boris Johnson danas se ispri\u010dao parlamentarcima zbog kr\u0161enja lockdowna organiziranjem zabave za svoj ro\u0111endan u Downing Streetu zbog \u010dega ga je policija kaznila pro\u0161loga tjedna.<\/strong><\/p>\n\n\n\n<p>Johnson i ministar financija&nbsp;<strong>Rishi Sunak<\/strong>&nbsp;ka\u017enjeni su dok je parlament bio na uskrsnoj stanci.<br><br>Zastupnici \u0107e glasati u \u010detvrtak treba li pokrenuti istragu protiv Johnsona jer je parlamentu ranije govorio da je po\u0161tivao epidemiolo\u0161ke mjere.<br><br>&#8211; Koristim ovu priliku prvog dana zasjedanja da ponovim svoju svesrdnu ispriku Donjem domu. \u010cim sam primio obavijest, shvatio sam opravdanost povrije\u0111enosti i bijesa te sam poru\u010dio da ljudi imaju pravo o\u010dekivati vi\u0161e od svog premijera, kazao je Johnson zastupnicima.<br><br>Johnson je dodao da u po\u010detku nije shvatio kako je okupljanjem prekr\u0161io restrikcije koje su bile na snazi.<br><br>&#8211; Ni tada, a ni naknadno, nije mi palo na pamet da bi okupljanje u kabinetu neposredno prije vitalnog sastanka o Covid-19 strategiji moglo predstavljati kr\u0161enje pravila. Ponavljam da je to bila moja pogre\u0161ka i bezrezervno se ispri\u010davam, dodao je.<br><br>Me\u0111utim, istaknuti zastupnik vladaju\u0107e Konzervativne stranke pozvao je Johnsona da podnese ostavku, istaknuv\u0161i kako ne vjeruje da je &#8220;dostojan du\u017enosti koju obna\u0161a&#8221;.<br><br><strong>Mark Harper<\/strong>, biv\u0161i \u0161ef konzervativnog kluba zastupnika, zatra\u017eio je u Donjem domu Johnsonovu ostavku jer ne vjeruje da je Johnson &#8220;dostojan velike du\u017enosti koju obna\u0161a&#8221;.<br><br>\u010celnik oporbenih laburista&nbsp;<strong>Keir Starmer<\/strong>&nbsp;ocijenio je danas da je konzervativni lider &#8220;nepo\u0161ten i nesposoban promijeniti se&#8221;.<br><br>&#8211; Johnson je &#8220;\u010dovjek bez srama&#8221;, ustvrdio je Starmer i pozvao konzervativce da se rije\u0161e \u0161efa kako bi se u britansku politiku vratila &#8220;pristojnost, po\u0161tenje i integritet&#8221;.<\/p>\n\n\n\n<p><strong>La\u017eljivac<br><br><\/strong>Premijera jo\u0161 o\u010dekuju, zasad se jo\u0161 ne zna kada, objava zaklju\u010daka istrage koju je vodila visoka du\u017enosnica&nbsp;<strong>Sue Gray<\/strong>, a ona je ve\u0107 u preliminarnom izvje\u0161\u0107u upozorila na &#8220;pogre\u0161ke u vodstvu i prosudbi&#8221;.<br><br>Johnsona o\u010dekuje i test na lokalnim izborima 5. svibnja.<br><br>Mediji navode da Johnsona o\u010dekuju i nove kazne i to za najmanje pet drugih pogre\u0161nih postupaka.<br><br>Prema studiji objavljenoj ju\u010der, 72 posto ispitanika ima negativno mi\u0161ljenje o Johnsonu uz kojeg naj\u010de\u0161\u0107e lijepe etiketu &#8220;la\u017eljivca&#8221;.<br><br>&#8211; Bijes se nije sti\u0161ao, napisao je anketar&nbsp;<strong>James Johnson&nbsp;<\/strong>koji je proveo studiju i rekao &#8220;Mnoge negativne komentare dali su ljudi koji su prethodno voljeli Johnsona no promijenili su mi\u0161ljenje&#8221;, prenosi agencija France presse.<\/p>\n\n\n\n<p>Izvor:hrt.hr<\/p>\n","protected":false},"excerpt":{"rendered":"<p>Britanski premijer Boris Johnson danas se ispri\u010dao parlamentarcima zbog kr\u0161enja lockdowna organiziranjem zabave za svoj ro\u0111endan u Downing Streetu zbog \u010dega ga je policija kaznila pro\u0161loga tjedna. Johnson i ministar financija&nbsp;Rishi Sunak&nbsp;ka\u017enjeni su dok je parlament bio na uskrsnoj stanci. Zastupnici \u0107e glasati u \u010detvrtak treba li pokrenuti istragu protiv Johnsona jer je parlamentu ranije [&hellip;]<\/p>\n","protected":false},"author":2,"featured_media":107781,"comment_status":"closed","ping_status":"closed","sticky":false,"template":"","format":"standard","meta":{"h5ap_radio_sources":[],"footnotes":""},"categories":[1],"tags":[],"class_list":["post-134250","post","type-post","status-publish","format-standard","has-post-thumbnail","hentry","category-bihiregija"],"yoast_head":"<!-- This site is optimized with the Yoast SEO plugin v27.4 - https:\/\/yoast.com\/product\/yoast-seo-wordpress\/ -->\n<title>Johnson se ispri\u010dao parlamentu zbog kr\u0161enja lockdowna, njegov zastupnik tra\u017ei ostavku - RADIO LJUBU\u0160KI<\/title>\n<meta name=\"robots\" content=\"index, follow, max-snippet:-1, max-image-preview:large, max-video-preview:-1\" \/>\n<link rel=\"canonical\" href=\"https:\/\/radioljubuski.ba\/index.php\/2022\/04\/19\/johnson-se-ispricao-parlamentu-zbog-krsenja-lockdowna-njegov-zastupnik-trazi-ostavku\/\" \/>\n<meta property=\"og:locale\" content=\"hr_HR\" \/>\n<meta property=\"og:type\" content=\"article\" \/>\n<meta property=\"og:title\" content=\"Johnson se ispri\u010dao parlamentu zbog kr\u0161enja lockdowna, njegov zastupnik tra\u017ei ostavku - RADIO LJUBU\u0160KI\" \/>\n<meta property=\"og:description\" content=\"Britanski premijer Boris Johnson danas se ispri\u010dao parlamentarcima zbog kr\u0161enja lockdowna organiziranjem zabave za svoj ro\u0111endan u Downing Streetu zbog \u010dega ga je policija kaznila pro\u0161loga tjedna. Johnson i ministar financija&nbsp;Rishi Sunak&nbsp;ka\u017enjeni su dok je parlament bio na uskrsnoj stanci. Zastupnici \u0107e glasati u \u010detvrtak treba li pokrenuti istragu protiv Johnsona jer je parlamentu ranije [&hellip;]\" \/>\n<meta property=\"og:url\" content=\"https:\/\/radioljubuski.ba\/index.php\/2022\/04\/19\/johnson-se-ispricao-parlamentu-zbog-krsenja-lockdowna-njegov-zastupnik-trazi-ostavku\/\" \/>\n<meta property=\"og:site_name\" content=\"RADIO LJUBU\u0160KI\" \/>\n<meta property=\"article:publisher\" content=\"https:\/\/www.facebook.com\/Radiio-Ljubuski-1490835324566332\" \/>\n<meta property=\"article:published_time\" content=\"2022-04-19T22:18:42+00:00\" \/>\n<meta property=\"article:modified_time\" content=\"2022-04-19T22:18:43+00:00\" \/>\n<meta property=\"og:image\" content=\"https:\/\/radioljubuski.ba\/wp-content\/uploads\/2022\/01\/johnson.jpg\" \/>\n\t<meta property=\"og:image:width\" content=\"1000\" \/>\n\t<meta property=\"og:image:height\" content=\"625\" \/>\n\t<meta property=\"og:image:type\" content=\"image\/jpeg\" \/>\n<meta name=\"author\" content=\"Radio Ljubu\u0161ki\" \/>\n<meta name=\"twitter:card\" content=\"summary_large_image\" \/>\n<meta name=\"twitter:creator\" content=\"@radioljubuski\" \/>\n<meta name=\"twitter:site\" content=\"@radioljubuski\" \/>\n<meta name=\"twitter:label1\" content=\"Napisao\/la\" \/>\n\t<meta name=\"twitter:data1\" content=\"Radio Ljubu\u0161ki\" \/>\n\t<meta name=\"twitter:label2\" content=\"Procijenjeno vrijeme \u010ditanja\" \/>\n\t<meta name=\"twitter:data2\" content=\"2 minute\" \/>\n<script type=\"application\/ld+json\" class=\"yoast-schema-graph\">{\"@context\":\"https:\\\/\\\/schema.org\",\"@graph\":[{\"@type\":\"Article\",\"@id\":\"https:\\\/\\\/radioljubuski.ba\\\/index.php\\\/2022\\\/04\\\/19\\\/johnson-se-ispricao-parlamentu-zbog-krsenja-lockdowna-njegov-zastupnik-trazi-ostavku\\\/#article\",\"isPartOf\":{\"@id\":\"https:\\\/\\\/radioljubuski.ba\\\/index.php\\\/2022\\\/04\\\/19\\\/johnson-se-ispricao-parlamentu-zbog-krsenja-lockdowna-njegov-zastupnik-trazi-ostavku\\\/\"},\"author\":{\"name\":\"Radio Ljubu\u0161ki\",\"@id\":\"https:\\\/\\\/radioljubuski.ba\\\/#\\\/schema\\\/person\\\/19fc700381a780f69665d7956c469e3b\"},\"headline\":\"Johnson se ispri\u010dao parlamentu zbog kr\u0161enja lockdowna, njegov zastupnik tra\u017ei ostavku\",\"datePublished\":\"2022-04-19T22:18:42+00:00\",\"dateModified\":\"2022-04-19T22:18:43+00:00\",\"mainEntityOfPage\":{\"@id\":\"https:\\\/\\\/radioljubuski.ba\\\/index.php\\\/2022\\\/04\\\/19\\\/johnson-se-ispricao-parlamentu-zbog-krsenja-lockdowna-njegov-zastupnik-trazi-ostavku\\\/\"},\"wordCount\":430,\"publisher\":{\"@id\":\"https:\\\/\\\/radioljubuski.ba\\\/#organization\"},\"image\":{\"@id\":\"https:\\\/\\\/radioljubuski.ba\\\/index.php\\\/2022\\\/04\\\/19\\\/johnson-se-ispricao-parlamentu-zbog-krsenja-lockdowna-njegov-zastupnik-trazi-ostavku\\\/#primaryimage\"},\"thumbnailUrl\":\"https:\\\/\\\/radioljubuski.ba\\\/wp-content\\\/uploads\\\/2022\\\/01\\\/johnson.jpg\",\"articleSection\":[\"BIH i regija\"],\"inLanguage\":\"hr\"},{\"@type\":\"WebPage\",\"@id\":\"https:\\\/\\\/radioljubuski.ba\\\/index.php\\\/2022\\\/04\\\/19\\\/johnson-se-ispricao-parlamentu-zbog-krsenja-lockdowna-njegov-zastupnik-trazi-ostavku\\\/\",\"url\":\"https:\\\/\\\/radioljubuski.ba\\\/index.php\\\/2022\\\/04\\\/19\\\/johnson-se-ispricao-parlamentu-zbog-krsenja-lockdowna-njegov-zastupnik-trazi-ostavku\\\/\",\"name\":\"Johnson se ispri\u010dao parlamentu zbog kr\u0161enja lockdowna, njegov zastupnik tra\u017ei ostavku - RADIO LJUBU\u0160KI\",\"isPartOf\":{\"@id\":\"https:\\\/\\\/radioljubuski.ba\\\/#website\"},\"primaryImageOfPage\":{\"@id\":\"https:\\\/\\\/radioljubuski.ba\\\/index.php\\\/2022\\\/04\\\/19\\\/johnson-se-ispricao-parlamentu-zbog-krsenja-lockdowna-njegov-zastupnik-trazi-ostavku\\\/#primaryimage\"},\"image\":{\"@id\":\"https:\\\/\\\/radioljubuski.ba\\\/index.php\\\/2022\\\/04\\\/19\\\/johnson-se-ispricao-parlamentu-zbog-krsenja-lockdowna-njegov-zastupnik-trazi-ostavku\\\/#primaryimage\"},\"thumbnailUrl\":\"https:\\\/\\\/radioljubuski.ba\\\/wp-content\\\/uploads\\\/2022\\\/01\\\/johnson.jpg\",\"datePublished\":\"2022-04-19T22:18:42+00:00\",\"dateModified\":\"2022-04-19T22:18:43+00:00\",\"breadcrumb\":{\"@id\":\"https:\\\/\\\/radioljubuski.ba\\\/index.php\\\/2022\\\/04\\\/19\\\/johnson-se-ispricao-parlamentu-zbog-krsenja-lockdowna-njegov-zastupnik-trazi-ostavku\\\/#breadcrumb\"},\"inLanguage\":\"hr\",\"potentialAction\":[{\"@type\":\"ReadAction\",\"target\":[\"https:\\\/\\\/radioljubuski.ba\\\/index.php\\\/2022\\\/04\\\/19\\\/johnson-se-ispricao-parlamentu-zbog-krsenja-lockdowna-njegov-zastupnik-trazi-ostavku\\\/\"]}]},{\"@type\":\"ImageObject\",\"inLanguage\":\"hr\",\"@id\":\"https:\\\/\\\/radioljubuski.ba\\\/index.php\\\/2022\\\/04\\\/19\\\/johnson-se-ispricao-parlamentu-zbog-krsenja-lockdowna-njegov-zastupnik-trazi-ostavku\\\/#primaryimage\",\"url\":\"https:\\\/\\\/radioljubuski.ba\\\/wp-content\\\/uploads\\\/2022\\\/01\\\/johnson.jpg\",\"contentUrl\":\"https:\\\/\\\/radioljubuski.ba\\\/wp-content\\\/uploads\\\/2022\\\/01\\\/johnson.jpg\",\"width\":1000,\"height\":625},{\"@type\":\"BreadcrumbList\",\"@id\":\"https:\\\/\\\/radioljubuski.ba\\\/index.php\\\/2022\\\/04\\\/19\\\/johnson-se-ispricao-parlamentu-zbog-krsenja-lockdowna-njegov-zastupnik-trazi-ostavku\\\/#breadcrumb\",\"itemListElement\":[{\"@type\":\"ListItem\",\"position\":1,\"name\":\"Po\u010detna stranica\",\"item\":\"https:\\\/\\\/radioljubuski.ba\\\/\"},{\"@type\":\"ListItem\",\"position\":2,\"name\":\"Johnson se ispri\u010dao parlamentu zbog kr\u0161enja lockdowna, njegov zastupnik tra\u017ei ostavku\"}]},{\"@type\":\"WebSite\",\"@id\":\"https:\\\/\\\/radioljubuski.ba\\\/#website\",\"url\":\"https:\\\/\\\/radioljubuski.ba\\\/\",\"name\":\"Radio Ljubu\u0161ki\",\"description\":\"Sun\u010dana frekvencija Hercegovine\",\"publisher\":{\"@id\":\"https:\\\/\\\/radioljubuski.ba\\\/#organization\"},\"potentialAction\":[{\"@type\":\"SearchAction\",\"target\":{\"@type\":\"EntryPoint\",\"urlTemplate\":\"https:\\\/\\\/radioljubuski.ba\\\/?s={search_term_string}\"},\"query-input\":{\"@type\":\"PropertyValueSpecification\",\"valueRequired\":true,\"valueName\":\"search_term_string\"}}],\"inLanguage\":\"hr\"},{\"@type\":\"Organization\",\"@id\":\"https:\\\/\\\/radioljubuski.ba\\\/#organization\",\"name\":\"Radio Ljubu\u0161ki\",\"url\":\"https:\\\/\\\/radioljubuski.ba\\\/\",\"logo\":{\"@type\":\"ImageObject\",\"inLanguage\":\"hr\",\"@id\":\"https:\\\/\\\/radioljubuski.ba\\\/#\\\/schema\\\/logo\\\/image\\\/\",\"url\":\"https:\\\/\\\/radioljubuski.ba\\\/wp-content\\\/uploads\\\/2021\\\/02\\\/cropped-Radio_Ljubuski_logo1.jpg\",\"contentUrl\":\"https:\\\/\\\/radioljubuski.ba\\\/wp-content\\\/uploads\\\/2021\\\/02\\\/cropped-Radio_Ljubuski_logo1.jpg\",\"width\":512,\"height\":512,\"caption\":\"Radio Ljubu\u0161ki\"},\"image\":{\"@id\":\"https:\\\/\\\/radioljubuski.ba\\\/#\\\/schema\\\/logo\\\/image\\\/\"},\"sameAs\":[\"https:\\\/\\\/www.facebook.com\\\/Radiio-Ljubuski-1490835324566332\",\"https:\\\/\\\/x.com\\\/radioljubuski\",\"https:\\\/\\\/hr.linkedin.com\\\/company\\\/radio-ljubuski\",\"https:\\\/\\\/www.youtube.com\\\/channel\\\/UCHYaeO_n0Db3tjNGudGpXyw\"]},{\"@type\":\"Person\",\"@id\":\"https:\\\/\\\/radioljubuski.ba\\\/#\\\/schema\\\/person\\\/19fc700381a780f69665d7956c469e3b\",\"name\":\"Radio Ljubu\u0161ki\"}]}<\/script>\n<!-- \/ Yoast SEO plugin. -->","yoast_head_json":{"title":"Johnson se ispri\u010dao parlamentu zbog kr\u0161enja lockdowna, njegov zastupnik tra\u017ei ostavku - RADIO LJUBU\u0160KI","robots":{"index":"index","follow":"follow","max-snippet":"max-snippet:-1","max-image-preview":"max-image-preview:large","max-video-preview":"max-video-preview:-1"},"canonical":"https:\/\/radioljubuski.ba\/index.php\/2022\/04\/19\/johnson-se-ispricao-parlamentu-zbog-krsenja-lockdowna-njegov-zastupnik-trazi-ostavku\/","og_locale":"hr_HR","og_type":"article","og_title":"Johnson se ispri\u010dao parlamentu zbog kr\u0161enja lockdowna, njegov zastupnik tra\u017ei ostavku - RADIO LJUBU\u0160KI","og_description":"Britanski premijer Boris Johnson danas se ispri\u010dao parlamentarcima zbog kr\u0161enja lockdowna organiziranjem zabave za svoj ro\u0111endan u Downing Streetu zbog \u010dega ga je policija kaznila pro\u0161loga tjedna. Johnson i ministar financija&nbsp;Rishi Sunak&nbsp;ka\u017enjeni su dok je parlament bio na uskrsnoj stanci. Zastupnici \u0107e glasati u \u010detvrtak treba li pokrenuti istragu protiv Johnsona jer je parlamentu ranije [&hellip;]","og_url":"https:\/\/radioljubuski.ba\/index.php\/2022\/04\/19\/johnson-se-ispricao-parlamentu-zbog-krsenja-lockdowna-njegov-zastupnik-trazi-ostavku\/","og_site_name":"RADIO LJUBU\u0160KI","article_publisher":"https:\/\/www.facebook.com\/Radiio-Ljubuski-1490835324566332","article_published_time":"2022-04-19T22:18:42+00:00","article_modified_time":"2022-04-19T22:18:43+00:00","og_image":[{"width":1000,"height":625,"url":"https:\/\/radioljubuski.ba\/wp-content\/uploads\/2022\/01\/johnson.jpg","type":"image\/jpeg"}],"author":"Radio Ljubu\u0161ki","twitter_card":"summary_large_image","twitter_creator":"@radioljubuski","twitter_site":"@radioljubuski","twitter_misc":{"Napisao\/la":"Radio Ljubu\u0161ki","Procijenjeno vrijeme \u010ditanja":"2 minute"},"schema":{"@context":"https:\/\/schema.org","@graph":[{"@type":"Article","@id":"https:\/\/radioljubuski.ba\/index.php\/2022\/04\/19\/johnson-se-ispricao-parlamentu-zbog-krsenja-lockdowna-njegov-zastupnik-trazi-ostavku\/#article","isPartOf":{"@id":"https:\/\/radioljubuski.ba\/index.php\/2022\/04\/19\/johnson-se-ispricao-parlamentu-zbog-krsenja-lockdowna-njegov-zastupnik-trazi-ostavku\/"},"author":{"name":"Radio Ljubu\u0161ki","@id":"https:\/\/radioljubuski.ba\/#\/schema\/person\/19fc700381a780f69665d7956c469e3b"},"headline":"Johnson se ispri\u010dao parlamentu zbog kr\u0161enja lockdowna, njegov zastupnik tra\u017ei ostavku","datePublished":"2022-04-19T22:18:42+00:00","dateModified":"2022-04-19T22:18:43+00:00","mainEntityOfPage":{"@id":"https:\/\/radioljubuski.ba\/index.php\/2022\/04\/19\/johnson-se-ispricao-parlamentu-zbog-krsenja-lockdowna-njegov-zastupnik-trazi-ostavku\/"},"wordCount":430,"publisher":{"@id":"https:\/\/radioljubuski.ba\/#organization"},"image":{"@id":"https:\/\/radioljubuski.ba\/index.php\/2022\/04\/19\/johnson-se-ispricao-parlamentu-zbog-krsenja-lockdowna-njegov-zastupnik-trazi-ostavku\/#primaryimage"},"thumbnailUrl":"https:\/\/radioljubuski.ba\/wp-content\/uploads\/2022\/01\/johnson.jpg","articleSection":["BIH i regija"],"inLanguage":"hr"},{"@type":"WebPage","@id":"https:\/\/radioljubuski.ba\/index.php\/2022\/04\/19\/johnson-se-ispricao-parlamentu-zbog-krsenja-lockdowna-njegov-zastupnik-trazi-ostavku\/","url":"https:\/\/radioljubuski.ba\/index.php\/2022\/04\/19\/johnson-se-ispricao-parlamentu-zbog-krsenja-lockdowna-njegov-zastupnik-trazi-ostavku\/","name":"Johnson se ispri\u010dao parlamentu zbog kr\u0161enja lockdowna, njegov zastupnik tra\u017ei ostavku - RADIO LJUBU\u0160KI","isPartOf":{"@id":"https:\/\/radioljubuski.ba\/#website"},"primaryImageOfPage":{"@id":"https:\/\/radioljubuski.ba\/index.php\/2022\/04\/19\/johnson-se-ispricao-parlamentu-zbog-krsenja-lockdowna-njegov-zastupnik-trazi-ostavku\/#primaryimage"},"image":{"@id":"https:\/\/radioljubuski.ba\/index.php\/2022\/04\/19\/johnson-se-ispricao-parlamentu-zbog-krsenja-lockdowna-njegov-zastupnik-trazi-ostavku\/#primaryimage"},"thumbnailUrl":"https:\/\/radioljubuski.ba\/wp-content\/uploads\/2022\/01\/johnson.jpg","datePublished":"2022-04-19T22:18:42+00:00","dateModified":"2022-04-19T22:18:43+00:00","breadcrumb":{"@id":"https:\/\/radioljubuski.ba\/index.php\/2022\/04\/19\/johnson-se-ispricao-parlamentu-zbog-krsenja-lockdowna-njegov-zastupnik-trazi-ostavku\/#breadcrumb"},"inLanguage":"hr","potentialAction":[{"@type":"ReadAction","target":["https:\/\/radioljubuski.ba\/index.php\/2022\/04\/19\/johnson-se-ispricao-parlamentu-zbog-krsenja-lockdowna-njegov-zastupnik-trazi-ostavku\/"]}]},{"@type":"ImageObject","inLanguage":"hr","@id":"https:\/\/radioljubuski.ba\/index.php\/2022\/04\/19\/johnson-se-ispricao-parlamentu-zbog-krsenja-lockdowna-njegov-zastupnik-trazi-ostavku\/#primaryimage","url":"https:\/\/radioljubuski.ba\/wp-content\/uploads\/2022\/01\/johnson.jpg","contentUrl":"https:\/\/radioljubuski.ba\/wp-content\/uploads\/2022\/01\/johnson.jpg","width":1000,"height":625},{"@type":"BreadcrumbList","@id":"https:\/\/radioljubuski.ba\/index.php\/2022\/04\/19\/johnson-se-ispricao-parlamentu-zbog-krsenja-lockdowna-njegov-zastupnik-trazi-ostavku\/#breadcrumb","itemListElement":[{"@type":"ListItem","position":1,"name":"Po\u010detna stranica","item":"https:\/\/radioljubuski.ba\/"},{"@type":"ListItem","position":2,"name":"Johnson se ispri\u010dao parlamentu zbog kr\u0161enja lockdowna, njegov zastupnik tra\u017ei ostavku"}]},{"@type":"WebSite","@id":"https:\/\/radioljubuski.ba\/#website","url":"https:\/\/radioljubuski.ba\/","name":"Radio Ljubu\u0161ki","description":"Sun\u010dana frekvencija Hercegovine","publisher":{"@id":"https:\/\/radioljubuski.ba\/#organization"},"potentialAction":[{"@type":"SearchAction","target":{"@type":"EntryPoint","urlTemplate":"https:\/\/radioljubuski.ba\/?s={search_term_string}"},"query-input":{"@type":"PropertyValueSpecification","valueRequired":true,"valueName":"search_term_string"}}],"inLanguage":"hr"},{"@type":"Organization","@id":"https:\/\/radioljubuski.ba\/#organization","name":"Radio Ljubu\u0161ki","url":"https:\/\/radioljubuski.ba\/","logo":{"@type":"ImageObject","inLanguage":"hr","@id":"https:\/\/radioljubuski.ba\/#\/schema\/logo\/image\/","url":"https:\/\/radioljubuski.ba\/wp-content\/uploads\/2021\/02\/cropped-Radio_Ljubuski_logo1.jpg","contentUrl":"https:\/\/radioljubuski.ba\/wp-content\/uploads\/2021\/02\/cropped-Radio_Ljubuski_logo1.jpg","width":512,"height":512,"caption":"Radio Ljubu\u0161ki"},"image":{"@id":"https:\/\/radioljubuski.ba\/#\/schema\/logo\/image\/"},"sameAs":["https:\/\/www.facebook.com\/Radiio-Ljubuski-1490835324566332","https:\/\/x.com\/radioljubuski","https:\/\/hr.linkedin.com\/company\/radio-ljubuski","https:\/\/www.youtube.com\/channel\/UCHYaeO_n0Db3tjNGudGpXyw"]},{"@type":"Person","@id":"https:\/\/radioljubuski.ba\/#\/schema\/person\/19fc700381a780f69665d7956c469e3b","name":"Radio Ljubu\u0161ki"}]}},"_links":{"self":[{"href":"https:\/\/radioljubuski.ba\/index.php\/wp-json\/wp\/v2\/posts\/134250","targetHints":{"allow":["GET"]}}],"collection":[{"href":"https:\/\/radioljubuski.ba\/index.php\/wp-json\/wp\/v2\/posts"}],"about":[{"href":"https:\/\/radioljubuski.ba\/index.php\/wp-json\/wp\/v2\/types\/post"}],"author":[{"embeddable":true,"href":"https:\/\/radioljubuski.ba\/index.php\/wp-json\/wp\/v2\/users\/2"}],"replies":[{"embeddable":true,"href":"https:\/\/radioljubuski.ba\/index.php\/wp-json\/wp\/v2\/comments?post=134250"}],"version-history":[{"count":1,"href":"https:\/\/radioljubuski.ba\/index.php\/wp-json\/wp\/v2\/posts\/134250\/revisions"}],"predecessor-version":[{"id":134251,"href":"https:\/\/radioljubuski.ba\/index.php\/wp-json\/wp\/v2\/posts\/134250\/revisions\/134251"}],"wp:featuredmedia":[{"embeddable":true,"href":"https:\/\/radioljubuski.ba\/index.php\/wp-json\/wp\/v2\/media\/107781"}],"wp:attachment":[{"href":"https:\/\/radioljubuski.ba\/index.php\/wp-json\/wp\/v2\/media?parent=134250"}],"wp:term":[{"taxonomy":"category","embeddable":true,"href":"https:\/\/radioljubuski.ba\/index.php\/wp-json\/wp\/v2\/categories?post=134250"},{"taxonomy":"post_tag","embeddable":true,"href":"https:\/\/radioljubuski.ba\/index.php\/wp-json\/wp\/v2\/tags?post=134250"}],"curies":[{"name":"wp","href":"https:\/\/api.w.org\/{rel}","templated":true}]}}