{"id":134263,"date":"2022-04-19T23:28:17","date_gmt":"2022-04-19T22:28:17","guid":{"rendered":"https:\/\/radioljubuski.ba\/?p=134263"},"modified":"2022-04-19T23:28:17","modified_gmt":"2022-04-19T22:28:17","slug":"nelegalni-sip-trazi-novac-od-vijeca-ministara-za-provedbu-izbora-prema-protuustavnim-izbornom-zakonu","status":"publish","type":"post","link":"https:\/\/radioljubuski.ba\/index.php\/2022\/04\/19\/nelegalni-sip-trazi-novac-od-vijeca-ministara-za-provedbu-izbora-prema-protuustavnim-izbornom-zakonu\/","title":{"rendered":"Nelegalni SIP tra\u017ei novac od Vije\u0107a ministara za provedbu izbora prema protuustavnim Izbornom zakonu"},"content":{"rendered":"\n<p><strong>Sredi\u0161nje izborno povjerenstvo (SIP) Bosne i Hercegovine uputilo je ju\u010der Prijedlog odluke i popratne akte kojima se od Vije\u0107a ministra BiH tra\u017ei da se osiguraju sredstva za organizaciju ovogodi\u0161njih op\u0107ih izbora.<\/strong><\/p>\n\n\n\n<p>Potvrdio je to danas za Fenu \u010dlan Sredi\u0161njeg izbornog povjerenstva BiH \u017deljko Bakalar koji je pojasnio da popratni akti zna\u010de mi\u0161ljenje Ministarstva financija i riznice i Ureda za zakonodavstvo Vije\u0107a ministara.<\/p>\n\n\n\n<p>\u2013 U petak smo dobili akt glavnog tajnika Vije\u0107a ministara Roberta Vidovi\u0107a za korekciju Prijedloga u nekim tehni\u010dkim detaljima i obrazlo\u017eenje u kojem dijelu smo korigirali prijedlog teksta odluke u skladu s negativnom mi\u0161ljenjem Ministarstva financija i riznice BiH \u2013 dodao je Bakalar.<\/p>\n\n\n\n<p>On ka\u017ee da je sve tra\u017eeno ju\u010der dostavljeno Vije\u0107u ministara te da \u0107e se \u201cu skladu s voljom predsjedatelja Vije\u0107a ministara Zorana Tegeltije to na\u0107i na sjednici koja je zakazana za sutra, 20. travnja\u201d.<\/p>\n\n\n\n<p>Prijedlog te odluke nije na predlo\u017eenom dnevnom redu sjednice Vije\u0107a ministara BiH koji je objavljen na njihovoj slu\u017ebenoj web stranici, ali postoji mogu\u0107nost pro\u0161irenja dnevnog reda na samoj sjednici.<\/p>\n\n\n\n<p>\u010cekanje usvajanja prora\u010duna stavilo je SIP, napominje Bakalar, u problem za organizaciju op\u0107ih izbora i dono\u0161enje hitne odluke Vije\u0107a ministara bit \u0107e pokazatelj ima li ili nema politi\u010dke volje za organizaciju i provedbu op\u0107ih izbora 2022. godine na datum 2. listopada kako je propisano Izbornim zakonom BiH.<\/p>\n\n\n\n<p>HMS podsje\u0107a da SIP inzistirao na odr\u017eavanju Op\u0107ih izbora iako je dio Izbornog zakona BiH, koji se odnosi na izbor izaslanika u Dom naroda PFBiH, protuustavan. Tako\u0111er, valja podsjetiti da je Ustavni sud BiH, nakon \u0161to PSBIH u propisanom roku nije izmijenio Izborni zakon BiH, iz Izbornog zakona izbrisano protuustavne odredbe. Tako se slobodno mo\u017ee kazati da BiH u ovom trenutku ima invalidan Izborni zakon.<\/p>\n\n\n\n<p>Ta \u010dinjenica ne sprje\u010dava SIP, koji je tako\u0111er izabran bez po\u0161tivanja natje\u010dajne procedure te \u010dija je legalnost i legitimnost krajnje upitna, da poku\u0161ava provoditi pripreme za odr\u017eavanje izbora u listopadu kao da se ni\u0161ta ne doga\u0111a.<\/p>\n\n\n\n<p>U tome im poma\u017eu neki istaknuti i diplomati zapadnih zemalja akreditirani u BiH koji propagiraju odr\u017eavanje izbora s protuustavnim Izbornim zakonom.<\/p>\n\n\n\n<p>Tako\u0111er, valja podsjetiti na to da su pregovori o izmjenama i dopunama Izbornog zakona BiH propali. Razlog njihove propasti le\u017ei u \u010dinjenici da su politi\u010dki predstavnici bo\u0161nja\u010dkog naroda, na \u010delu sa SDA, odbili podr\u017eati institucionalne mehanizme koji bi Hrvatima osigurali nesmetan izbor legitimnih politi\u010dkih predstavnika bez straha od bo\u0161nja\u010dkog preglasavanja.<\/p>\n\n\n\n<p>\/R. I.\/HMS\/<\/p>\n","protected":false},"excerpt":{"rendered":"<p>Sredi\u0161nje izborno povjerenstvo (SIP) Bosne i Hercegovine uputilo je ju\u010der Prijedlog odluke i popratne akte kojima se od Vije\u0107a ministra BiH tra\u017ei da se osiguraju sredstva za organizaciju ovogodi\u0161njih op\u0107ih izbora. Potvrdio je to danas za Fenu \u010dlan Sredi\u0161njeg izbornog povjerenstva BiH \u017deljko Bakalar koji je pojasnio da popratni akti zna\u010de mi\u0161ljenje Ministarstva financija i [&hellip;]<\/p>\n","protected":false},"author":2,"featured_media":134264,"comment_status":"closed","ping_status":"closed","sticky":false,"template":"","format":"standard","meta":{"h5ap_radio_sources":[],"footnotes":""},"categories":[1],"tags":[],"class_list":["post-134263","post","type-post","status-publish","format-standard","has-post-thumbnail","hentry","category-bihiregija"],"yoast_head":"<!-- This site is optimized with the Yoast SEO plugin v27.4 - https:\/\/yoast.com\/product\/yoast-seo-wordpress\/ -->\n<title>Nelegalni SIP tra\u017ei novac od Vije\u0107a ministara za provedbu izbora prema protuustavnim Izbornom zakonu - RADIO LJUBU\u0160KI<\/title>\n<meta name=\"robots\" content=\"index, follow, max-snippet:-1, max-image-preview:large, max-video-preview:-1\" \/>\n<link rel=\"canonical\" href=\"https:\/\/radioljubuski.ba\/index.php\/2022\/04\/19\/nelegalni-sip-trazi-novac-od-vijeca-ministara-za-provedbu-izbora-prema-protuustavnim-izbornom-zakonu\/\" \/>\n<meta property=\"og:locale\" content=\"hr_HR\" \/>\n<meta property=\"og:type\" content=\"article\" \/>\n<meta property=\"og:title\" content=\"Nelegalni SIP tra\u017ei novac od Vije\u0107a ministara za provedbu izbora prema protuustavnim Izbornom zakonu - RADIO LJUBU\u0160KI\" \/>\n<meta property=\"og:description\" content=\"Sredi\u0161nje izborno povjerenstvo (SIP) Bosne i Hercegovine uputilo je ju\u010der Prijedlog odluke i popratne akte kojima se od Vije\u0107a ministra BiH tra\u017ei da se osiguraju sredstva za organizaciju ovogodi\u0161njih op\u0107ih izbora. Potvrdio je to danas za Fenu \u010dlan Sredi\u0161njeg izbornog povjerenstva BiH \u017deljko Bakalar koji je pojasnio da popratni akti zna\u010de mi\u0161ljenje Ministarstva financija i [&hellip;]\" \/>\n<meta property=\"og:url\" content=\"https:\/\/radioljubuski.ba\/index.php\/2022\/04\/19\/nelegalni-sip-trazi-novac-od-vijeca-ministara-za-provedbu-izbora-prema-protuustavnim-izbornom-zakonu\/\" \/>\n<meta property=\"og:site_name\" content=\"RADIO LJUBU\u0160KI\" \/>\n<meta property=\"article:publisher\" content=\"https:\/\/www.facebook.com\/Radiio-Ljubuski-1490835324566332\" \/>\n<meta property=\"article:published_time\" content=\"2022-04-19T22:28:17+00:00\" \/>\n<meta property=\"og:image\" content=\"https:\/\/radioljubuski.ba\/wp-content\/uploads\/2022\/04\/bakalar_sip.jpg\" \/>\n\t<meta property=\"og:image:width\" content=\"840\" \/>\n\t<meta property=\"og:image:height\" content=\"470\" \/>\n\t<meta property=\"og:image:type\" content=\"image\/jpeg\" \/>\n<meta name=\"author\" content=\"Radio Ljubu\u0161ki\" \/>\n<meta name=\"twitter:card\" content=\"summary_large_image\" \/>\n<meta name=\"twitter:creator\" content=\"@radioljubuski\" \/>\n<meta name=\"twitter:site\" content=\"@radioljubuski\" \/>\n<meta name=\"twitter:label1\" content=\"Napisao\/la\" \/>\n\t<meta name=\"twitter:data1\" content=\"Radio Ljubu\u0161ki\" \/>\n\t<meta name=\"twitter:label2\" content=\"Procijenjeno vrijeme \u010ditanja\" \/>\n\t<meta name=\"twitter:data2\" content=\"2 minute\" \/>\n<script type=\"application\/ld+json\" class=\"yoast-schema-graph\">{\"@context\":\"https:\\\/\\\/schema.org\",\"@graph\":[{\"@type\":\"Article\",\"@id\":\"https:\\\/\\\/radioljubuski.ba\\\/index.php\\\/2022\\\/04\\\/19\\\/nelegalni-sip-trazi-novac-od-vijeca-ministara-za-provedbu-izbora-prema-protuustavnim-izbornom-zakonu\\\/#article\",\"isPartOf\":{\"@id\":\"https:\\\/\\\/radioljubuski.ba\\\/index.php\\\/2022\\\/04\\\/19\\\/nelegalni-sip-trazi-novac-od-vijeca-ministara-za-provedbu-izbora-prema-protuustavnim-izbornom-zakonu\\\/\"},\"author\":{\"name\":\"Radio Ljubu\u0161ki\",\"@id\":\"https:\\\/\\\/radioljubuski.ba\\\/#\\\/schema\\\/person\\\/19fc700381a780f69665d7956c469e3b\"},\"headline\":\"Nelegalni SIP tra\u017ei novac od Vije\u0107a ministara za provedbu izbora prema protuustavnim Izbornom zakonu\",\"datePublished\":\"2022-04-19T22:28:17+00:00\",\"mainEntityOfPage\":{\"@id\":\"https:\\\/\\\/radioljubuski.ba\\\/index.php\\\/2022\\\/04\\\/19\\\/nelegalni-sip-trazi-novac-od-vijeca-ministara-za-provedbu-izbora-prema-protuustavnim-izbornom-zakonu\\\/\"},\"wordCount\":457,\"publisher\":{\"@id\":\"https:\\\/\\\/radioljubuski.ba\\\/#organization\"},\"image\":{\"@id\":\"https:\\\/\\\/radioljubuski.ba\\\/index.php\\\/2022\\\/04\\\/19\\\/nelegalni-sip-trazi-novac-od-vijeca-ministara-za-provedbu-izbora-prema-protuustavnim-izbornom-zakonu\\\/#primaryimage\"},\"thumbnailUrl\":\"https:\\\/\\\/radioljubuski.ba\\\/wp-content\\\/uploads\\\/2022\\\/04\\\/bakalar_sip.jpg\",\"articleSection\":[\"BIH i regija\"],\"inLanguage\":\"hr\"},{\"@type\":\"WebPage\",\"@id\":\"https:\\\/\\\/radioljubuski.ba\\\/index.php\\\/2022\\\/04\\\/19\\\/nelegalni-sip-trazi-novac-od-vijeca-ministara-za-provedbu-izbora-prema-protuustavnim-izbornom-zakonu\\\/\",\"url\":\"https:\\\/\\\/radioljubuski.ba\\\/index.php\\\/2022\\\/04\\\/19\\\/nelegalni-sip-trazi-novac-od-vijeca-ministara-za-provedbu-izbora-prema-protuustavnim-izbornom-zakonu\\\/\",\"name\":\"Nelegalni SIP tra\u017ei novac od Vije\u0107a ministara za provedbu izbora prema protuustavnim Izbornom zakonu - RADIO LJUBU\u0160KI\",\"isPartOf\":{\"@id\":\"https:\\\/\\\/radioljubuski.ba\\\/#website\"},\"primaryImageOfPage\":{\"@id\":\"https:\\\/\\\/radioljubuski.ba\\\/index.php\\\/2022\\\/04\\\/19\\\/nelegalni-sip-trazi-novac-od-vijeca-ministara-za-provedbu-izbora-prema-protuustavnim-izbornom-zakonu\\\/#primaryimage\"},\"image\":{\"@id\":\"https:\\\/\\\/radioljubuski.ba\\\/index.php\\\/2022\\\/04\\\/19\\\/nelegalni-sip-trazi-novac-od-vijeca-ministara-za-provedbu-izbora-prema-protuustavnim-izbornom-zakonu\\\/#primaryimage\"},\"thumbnailUrl\":\"https:\\\/\\\/radioljubuski.ba\\\/wp-content\\\/uploads\\\/2022\\\/04\\\/bakalar_sip.jpg\",\"datePublished\":\"2022-04-19T22:28:17+00:00\",\"breadcrumb\":{\"@id\":\"https:\\\/\\\/radioljubuski.ba\\\/index.php\\\/2022\\\/04\\\/19\\\/nelegalni-sip-trazi-novac-od-vijeca-ministara-za-provedbu-izbora-prema-protuustavnim-izbornom-zakonu\\\/#breadcrumb\"},\"inLanguage\":\"hr\",\"potentialAction\":[{\"@type\":\"ReadAction\",\"target\":[\"https:\\\/\\\/radioljubuski.ba\\\/index.php\\\/2022\\\/04\\\/19\\\/nelegalni-sip-trazi-novac-od-vijeca-ministara-za-provedbu-izbora-prema-protuustavnim-izbornom-zakonu\\\/\"]}]},{\"@type\":\"ImageObject\",\"inLanguage\":\"hr\",\"@id\":\"https:\\\/\\\/radioljubuski.ba\\\/index.php\\\/2022\\\/04\\\/19\\\/nelegalni-sip-trazi-novac-od-vijeca-ministara-za-provedbu-izbora-prema-protuustavnim-izbornom-zakonu\\\/#primaryimage\",\"url\":\"https:\\\/\\\/radioljubuski.ba\\\/wp-content\\\/uploads\\\/2022\\\/04\\\/bakalar_sip.jpg\",\"contentUrl\":\"https:\\\/\\\/radioljubuski.ba\\\/wp-content\\\/uploads\\\/2022\\\/04\\\/bakalar_sip.jpg\",\"width\":840,\"height\":470},{\"@type\":\"BreadcrumbList\",\"@id\":\"https:\\\/\\\/radioljubuski.ba\\\/index.php\\\/2022\\\/04\\\/19\\\/nelegalni-sip-trazi-novac-od-vijeca-ministara-za-provedbu-izbora-prema-protuustavnim-izbornom-zakonu\\\/#breadcrumb\",\"itemListElement\":[{\"@type\":\"ListItem\",\"position\":1,\"name\":\"Po\u010detna stranica\",\"item\":\"https:\\\/\\\/radioljubuski.ba\\\/\"},{\"@type\":\"ListItem\",\"position\":2,\"name\":\"Nelegalni SIP tra\u017ei novac od Vije\u0107a ministara za provedbu izbora prema protuustavnim Izbornom zakonu\"}]},{\"@type\":\"WebSite\",\"@id\":\"https:\\\/\\\/radioljubuski.ba\\\/#website\",\"url\":\"https:\\\/\\\/radioljubuski.ba\\\/\",\"name\":\"Radio Ljubu\u0161ki\",\"description\":\"Sun\u010dana frekvencija Hercegovine\",\"publisher\":{\"@id\":\"https:\\\/\\\/radioljubuski.ba\\\/#organization\"},\"potentialAction\":[{\"@type\":\"SearchAction\",\"target\":{\"@type\":\"EntryPoint\",\"urlTemplate\":\"https:\\\/\\\/radioljubuski.ba\\\/?s={search_term_string}\"},\"query-input\":{\"@type\":\"PropertyValueSpecification\",\"valueRequired\":true,\"valueName\":\"search_term_string\"}}],\"inLanguage\":\"hr\"},{\"@type\":\"Organization\",\"@id\":\"https:\\\/\\\/radioljubuski.ba\\\/#organization\",\"name\":\"Radio Ljubu\u0161ki\",\"url\":\"https:\\\/\\\/radioljubuski.ba\\\/\",\"logo\":{\"@type\":\"ImageObject\",\"inLanguage\":\"hr\",\"@id\":\"https:\\\/\\\/radioljubuski.ba\\\/#\\\/schema\\\/logo\\\/image\\\/\",\"url\":\"https:\\\/\\\/radioljubuski.ba\\\/wp-content\\\/uploads\\\/2021\\\/02\\\/cropped-Radio_Ljubuski_logo1.jpg\",\"contentUrl\":\"https:\\\/\\\/radioljubuski.ba\\\/wp-content\\\/uploads\\\/2021\\\/02\\\/cropped-Radio_Ljubuski_logo1.jpg\",\"width\":512,\"height\":512,\"caption\":\"Radio Ljubu\u0161ki\"},\"image\":{\"@id\":\"https:\\\/\\\/radioljubuski.ba\\\/#\\\/schema\\\/logo\\\/image\\\/\"},\"sameAs\":[\"https:\\\/\\\/www.facebook.com\\\/Radiio-Ljubuski-1490835324566332\",\"https:\\\/\\\/x.com\\\/radioljubuski\",\"https:\\\/\\\/hr.linkedin.com\\\/company\\\/radio-ljubuski\",\"https:\\\/\\\/www.youtube.com\\\/channel\\\/UCHYaeO_n0Db3tjNGudGpXyw\"]},{\"@type\":\"Person\",\"@id\":\"https:\\\/\\\/radioljubuski.ba\\\/#\\\/schema\\\/person\\\/19fc700381a780f69665d7956c469e3b\",\"name\":\"Radio Ljubu\u0161ki\"}]}<\/script>\n<!-- \/ Yoast SEO plugin. -->","yoast_head_json":{"title":"Nelegalni SIP tra\u017ei novac od Vije\u0107a ministara za provedbu izbora prema protuustavnim Izbornom zakonu - RADIO LJUBU\u0160KI","robots":{"index":"index","follow":"follow","max-snippet":"max-snippet:-1","max-image-preview":"max-image-preview:large","max-video-preview":"max-video-preview:-1"},"canonical":"https:\/\/radioljubuski.ba\/index.php\/2022\/04\/19\/nelegalni-sip-trazi-novac-od-vijeca-ministara-za-provedbu-izbora-prema-protuustavnim-izbornom-zakonu\/","og_locale":"hr_HR","og_type":"article","og_title":"Nelegalni SIP tra\u017ei novac od Vije\u0107a ministara za provedbu izbora prema protuustavnim Izbornom zakonu - RADIO LJUBU\u0160KI","og_description":"Sredi\u0161nje izborno povjerenstvo (SIP) Bosne i Hercegovine uputilo je ju\u010der Prijedlog odluke i popratne akte kojima se od Vije\u0107a ministra BiH tra\u017ei da se osiguraju sredstva za organizaciju ovogodi\u0161njih op\u0107ih izbora. Potvrdio je to danas za Fenu \u010dlan Sredi\u0161njeg izbornog povjerenstva BiH \u017deljko Bakalar koji je pojasnio da popratni akti zna\u010de mi\u0161ljenje Ministarstva financija i [&hellip;]","og_url":"https:\/\/radioljubuski.ba\/index.php\/2022\/04\/19\/nelegalni-sip-trazi-novac-od-vijeca-ministara-za-provedbu-izbora-prema-protuustavnim-izbornom-zakonu\/","og_site_name":"RADIO LJUBU\u0160KI","article_publisher":"https:\/\/www.facebook.com\/Radiio-Ljubuski-1490835324566332","article_published_time":"2022-04-19T22:28:17+00:00","og_image":[{"width":840,"height":470,"url":"https:\/\/radioljubuski.ba\/wp-content\/uploads\/2022\/04\/bakalar_sip.jpg","type":"image\/jpeg"}],"author":"Radio Ljubu\u0161ki","twitter_card":"summary_large_image","twitter_creator":"@radioljubuski","twitter_site":"@radioljubuski","twitter_misc":{"Napisao\/la":"Radio Ljubu\u0161ki","Procijenjeno vrijeme \u010ditanja":"2 minute"},"schema":{"@context":"https:\/\/schema.org","@graph":[{"@type":"Article","@id":"https:\/\/radioljubuski.ba\/index.php\/2022\/04\/19\/nelegalni-sip-trazi-novac-od-vijeca-ministara-za-provedbu-izbora-prema-protuustavnim-izbornom-zakonu\/#article","isPartOf":{"@id":"https:\/\/radioljubuski.ba\/index.php\/2022\/04\/19\/nelegalni-sip-trazi-novac-od-vijeca-ministara-za-provedbu-izbora-prema-protuustavnim-izbornom-zakonu\/"},"author":{"name":"Radio Ljubu\u0161ki","@id":"https:\/\/radioljubuski.ba\/#\/schema\/person\/19fc700381a780f69665d7956c469e3b"},"headline":"Nelegalni SIP tra\u017ei novac od Vije\u0107a ministara za provedbu izbora prema protuustavnim Izbornom zakonu","datePublished":"2022-04-19T22:28:17+00:00","mainEntityOfPage":{"@id":"https:\/\/radioljubuski.ba\/index.php\/2022\/04\/19\/nelegalni-sip-trazi-novac-od-vijeca-ministara-za-provedbu-izbora-prema-protuustavnim-izbornom-zakonu\/"},"wordCount":457,"publisher":{"@id":"https:\/\/radioljubuski.ba\/#organization"},"image":{"@id":"https:\/\/radioljubuski.ba\/index.php\/2022\/04\/19\/nelegalni-sip-trazi-novac-od-vijeca-ministara-za-provedbu-izbora-prema-protuustavnim-izbornom-zakonu\/#primaryimage"},"thumbnailUrl":"https:\/\/radioljubuski.ba\/wp-content\/uploads\/2022\/04\/bakalar_sip.jpg","articleSection":["BIH i regija"],"inLanguage":"hr"},{"@type":"WebPage","@id":"https:\/\/radioljubuski.ba\/index.php\/2022\/04\/19\/nelegalni-sip-trazi-novac-od-vijeca-ministara-za-provedbu-izbora-prema-protuustavnim-izbornom-zakonu\/","url":"https:\/\/radioljubuski.ba\/index.php\/2022\/04\/19\/nelegalni-sip-trazi-novac-od-vijeca-ministara-za-provedbu-izbora-prema-protuustavnim-izbornom-zakonu\/","name":"Nelegalni SIP tra\u017ei novac od Vije\u0107a ministara za provedbu izbora prema protuustavnim Izbornom zakonu - RADIO LJUBU\u0160KI","isPartOf":{"@id":"https:\/\/radioljubuski.ba\/#website"},"primaryImageOfPage":{"@id":"https:\/\/radioljubuski.ba\/index.php\/2022\/04\/19\/nelegalni-sip-trazi-novac-od-vijeca-ministara-za-provedbu-izbora-prema-protuustavnim-izbornom-zakonu\/#primaryimage"},"image":{"@id":"https:\/\/radioljubuski.ba\/index.php\/2022\/04\/19\/nelegalni-sip-trazi-novac-od-vijeca-ministara-za-provedbu-izbora-prema-protuustavnim-izbornom-zakonu\/#primaryimage"},"thumbnailUrl":"https:\/\/radioljubuski.ba\/wp-content\/uploads\/2022\/04\/bakalar_sip.jpg","datePublished":"2022-04-19T22:28:17+00:00","breadcrumb":{"@id":"https:\/\/radioljubuski.ba\/index.php\/2022\/04\/19\/nelegalni-sip-trazi-novac-od-vijeca-ministara-za-provedbu-izbora-prema-protuustavnim-izbornom-zakonu\/#breadcrumb"},"inLanguage":"hr","potentialAction":[{"@type":"ReadAction","target":["https:\/\/radioljubuski.ba\/index.php\/2022\/04\/19\/nelegalni-sip-trazi-novac-od-vijeca-ministara-za-provedbu-izbora-prema-protuustavnim-izbornom-zakonu\/"]}]},{"@type":"ImageObject","inLanguage":"hr","@id":"https:\/\/radioljubuski.ba\/index.php\/2022\/04\/19\/nelegalni-sip-trazi-novac-od-vijeca-ministara-za-provedbu-izbora-prema-protuustavnim-izbornom-zakonu\/#primaryimage","url":"https:\/\/radioljubuski.ba\/wp-content\/uploads\/2022\/04\/bakalar_sip.jpg","contentUrl":"https:\/\/radioljubuski.ba\/wp-content\/uploads\/2022\/04\/bakalar_sip.jpg","width":840,"height":470},{"@type":"BreadcrumbList","@id":"https:\/\/radioljubuski.ba\/index.php\/2022\/04\/19\/nelegalni-sip-trazi-novac-od-vijeca-ministara-za-provedbu-izbora-prema-protuustavnim-izbornom-zakonu\/#breadcrumb","itemListElement":[{"@type":"ListItem","position":1,"name":"Po\u010detna stranica","item":"https:\/\/radioljubuski.ba\/"},{"@type":"ListItem","position":2,"name":"Nelegalni SIP tra\u017ei novac od Vije\u0107a ministara za provedbu izbora prema protuustavnim Izbornom zakonu"}]},{"@type":"WebSite","@id":"https:\/\/radioljubuski.ba\/#website","url":"https:\/\/radioljubuski.ba\/","name":"Radio Ljubu\u0161ki","description":"Sun\u010dana frekvencija Hercegovine","publisher":{"@id":"https:\/\/radioljubuski.ba\/#organization"},"potentialAction":[{"@type":"SearchAction","target":{"@type":"EntryPoint","urlTemplate":"https:\/\/radioljubuski.ba\/?s={search_term_string}"},"query-input":{"@type":"PropertyValueSpecification","valueRequired":true,"valueName":"search_term_string"}}],"inLanguage":"hr"},{"@type":"Organization","@id":"https:\/\/radioljubuski.ba\/#organization","name":"Radio Ljubu\u0161ki","url":"https:\/\/radioljubuski.ba\/","logo":{"@type":"ImageObject","inLanguage":"hr","@id":"https:\/\/radioljubuski.ba\/#\/schema\/logo\/image\/","url":"https:\/\/radioljubuski.ba\/wp-content\/uploads\/2021\/02\/cropped-Radio_Ljubuski_logo1.jpg","contentUrl":"https:\/\/radioljubuski.ba\/wp-content\/uploads\/2021\/02\/cropped-Radio_Ljubuski_logo1.jpg","width":512,"height":512,"caption":"Radio Ljubu\u0161ki"},"image":{"@id":"https:\/\/radioljubuski.ba\/#\/schema\/logo\/image\/"},"sameAs":["https:\/\/www.facebook.com\/Radiio-Ljubuski-1490835324566332","https:\/\/x.com\/radioljubuski","https:\/\/hr.linkedin.com\/company\/radio-ljubuski","https:\/\/www.youtube.com\/channel\/UCHYaeO_n0Db3tjNGudGpXyw"]},{"@type":"Person","@id":"https:\/\/radioljubuski.ba\/#\/schema\/person\/19fc700381a780f69665d7956c469e3b","name":"Radio Ljubu\u0161ki"}]}},"_links":{"self":[{"href":"https:\/\/radioljubuski.ba\/index.php\/wp-json\/wp\/v2\/posts\/134263","targetHints":{"allow":["GET"]}}],"collection":[{"href":"https:\/\/radioljubuski.ba\/index.php\/wp-json\/wp\/v2\/posts"}],"about":[{"href":"https:\/\/radioljubuski.ba\/index.php\/wp-json\/wp\/v2\/types\/post"}],"author":[{"embeddable":true,"href":"https:\/\/radioljubuski.ba\/index.php\/wp-json\/wp\/v2\/users\/2"}],"replies":[{"embeddable":true,"href":"https:\/\/radioljubuski.ba\/index.php\/wp-json\/wp\/v2\/comments?post=134263"}],"version-history":[{"count":1,"href":"https:\/\/radioljubuski.ba\/index.php\/wp-json\/wp\/v2\/posts\/134263\/revisions"}],"predecessor-version":[{"id":134265,"href":"https:\/\/radioljubuski.ba\/index.php\/wp-json\/wp\/v2\/posts\/134263\/revisions\/134265"}],"wp:featuredmedia":[{"embeddable":true,"href":"https:\/\/radioljubuski.ba\/index.php\/wp-json\/wp\/v2\/media\/134264"}],"wp:attachment":[{"href":"https:\/\/radioljubuski.ba\/index.php\/wp-json\/wp\/v2\/media?parent=134263"}],"wp:term":[{"taxonomy":"category","embeddable":true,"href":"https:\/\/radioljubuski.ba\/index.php\/wp-json\/wp\/v2\/categories?post=134263"},{"taxonomy":"post_tag","embeddable":true,"href":"https:\/\/radioljubuski.ba\/index.php\/wp-json\/wp\/v2\/tags?post=134263"}],"curies":[{"name":"wp","href":"https:\/\/api.w.org\/{rel}","templated":true}]}}