{"id":134268,"date":"2022-04-19T23:33:33","date_gmt":"2022-04-19T22:33:33","guid":{"rendered":"https:\/\/radioljubuski.ba\/?p=134268"},"modified":"2022-04-19T23:33:35","modified_gmt":"2022-04-19T22:33:35","slug":"vukovar-pronadena-nova-masovna-grobnica","status":"publish","type":"post","link":"https:\/\/radioljubuski.ba\/index.php\/2022\/04\/19\/vukovar-pronadena-nova-masovna-grobnica\/","title":{"rendered":"Vukovar: Prona\u0111ena nova masovna grobnica?"},"content":{"rendered":"\n<p><strong>Na vukovarskom odlagali\u0161tu otpada \u2018Petrova\u010dka dola\u2019, koje se nalazi na izlazu iz Vukovara prema naselju Petrovci, 25. travnja \u0107e zapo\u010deti probna iskapanja u potrazi za nestalima iz Domovinskog rata.<\/strong><\/p>\n\n\n\n<p>Prema neslu\u017ebenim informacijama na \u2018Petrova\u010dkoj doli\u2019 utvr\u0111eno je postojanje jo\u0161 jedne masovne grobnice koja krije vi\u0161e tijela. Spominje se mogu\u0107nost kako je tamo pokopano i 20-ak tijela.<\/p>\n\n\n\n<p>Navodno kako se o postojanju masovne grobnice zna ve\u0107 neko vrijeme te da je ovo samo nastavak istrage u koju su uklju\u010deni MUP RH i SOA, pi\u0161e Ve\u010dernji list<\/p>\n\n\n\n<p>\u2013 Tek \u0107e iskapanja nam potvrditi o \u010demu je rije\u010d, jesu li tamo pokopana neka tijela i ako jesu koliko njih.<\/p>\n\n\n\n<p>Prema informacijama s kojima sada raspola\u017eemo uskoro \u0107emo imati jo\u0161 jednu masovnu grobnicu na podru\u010dju Vukovara. Sada \u0107emo pretra\u017eiti cijelu \u201ePetrova\u010dku dolu\u201c \u2013 rekla je Ve\u010dernjku jedna osoba uklju\u010dena u potragu za nestalima, a koja je \u017eeljela ostati anonimna. Ina\u010de, odlagali\u0161te \u201ePetrova\u010dka dola\u201c trebalo je biti zatvoreno jo\u0161 prije Domovinskog rata jer su njegovi kapaciteti odavno popunjeni.<\/p>\n\n\n\n<p>U potrazi za nestalima u neposrednoj blizini odlagali\u0161ta su prije nekoliko godina prona\u0111eni posmrtni ostaci \u010detiri osobe za koje se poslije utvrdilo da su prvo bili pokopani na odlagali\u0161tu, a onda njihovi posmrtni ostaci preba\u010deni.<\/p>\n\n\n\n<p>Skori po\u010detak probnih iskapanja na podru\u010dju Vukovara nedavno je najavila i ravnateljica Uprave za zato\u010dene i nestale Ministarstva hrvatskih branitelja Ivona Paltrinieri ne navode\u0107i lokacije gdje \u0107e se ekshumacije odvijati. S podru\u010dja Vukovara danas se traga za 386 osoba.<\/p>\n\n\n\n<p>\/HMS\/<\/p>\n","protected":false},"excerpt":{"rendered":"<p>Na vukovarskom odlagali\u0161tu otpada \u2018Petrova\u010dka dola\u2019, koje se nalazi na izlazu iz Vukovara prema naselju Petrovci, 25. travnja \u0107e zapo\u010deti probna iskapanja u potrazi za nestalima iz Domovinskog rata. Prema neslu\u017ebenim informacijama na \u2018Petrova\u010dkoj doli\u2019 utvr\u0111eno je postojanje jo\u0161 jedne masovne grobnice koja krije vi\u0161e tijela. Spominje se mogu\u0107nost kako je tamo pokopano i 20-ak [&hellip;]<\/p>\n","protected":false},"author":2,"featured_media":134269,"comment_status":"closed","ping_status":"closed","sticky":false,"template":"","format":"standard","meta":{"h5ap_radio_sources":[],"footnotes":""},"categories":[1],"tags":[],"class_list":["post-134268","post","type-post","status-publish","format-standard","has-post-thumbnail","hentry","category-bihiregija"],"yoast_head":"<!-- This site is optimized with the Yoast SEO plugin v27.4 - https:\/\/yoast.com\/product\/yoast-seo-wordpress\/ -->\n<title>Vukovar: Prona\u0111ena nova masovna grobnica? - RADIO LJUBU\u0160KI<\/title>\n<meta name=\"robots\" content=\"index, follow, max-snippet:-1, max-image-preview:large, max-video-preview:-1\" \/>\n<link rel=\"canonical\" href=\"https:\/\/radioljubuski.ba\/index.php\/2022\/04\/19\/vukovar-pronadena-nova-masovna-grobnica\/\" \/>\n<meta property=\"og:locale\" content=\"hr_HR\" \/>\n<meta property=\"og:type\" content=\"article\" \/>\n<meta property=\"og:title\" content=\"Vukovar: Prona\u0111ena nova masovna grobnica? - RADIO LJUBU\u0160KI\" \/>\n<meta property=\"og:description\" content=\"Na vukovarskom odlagali\u0161tu otpada \u2018Petrova\u010dka dola\u2019, koje se nalazi na izlazu iz Vukovara prema naselju Petrovci, 25. travnja \u0107e zapo\u010deti probna iskapanja u potrazi za nestalima iz Domovinskog rata. Prema neslu\u017ebenim informacijama na \u2018Petrova\u010dkoj doli\u2019 utvr\u0111eno je postojanje jo\u0161 jedne masovne grobnice koja krije vi\u0161e tijela. Spominje se mogu\u0107nost kako je tamo pokopano i 20-ak [&hellip;]\" \/>\n<meta property=\"og:url\" content=\"https:\/\/radioljubuski.ba\/index.php\/2022\/04\/19\/vukovar-pronadena-nova-masovna-grobnica\/\" \/>\n<meta property=\"og:site_name\" content=\"RADIO LJUBU\u0160KI\" \/>\n<meta property=\"article:publisher\" content=\"https:\/\/www.facebook.com\/Radiio-Ljubuski-1490835324566332\" \/>\n<meta property=\"article:published_time\" content=\"2022-04-19T22:33:33+00:00\" \/>\n<meta property=\"article:modified_time\" content=\"2022-04-19T22:33:35+00:00\" \/>\n<meta property=\"og:image\" content=\"https:\/\/radioljubuski.ba\/wp-content\/uploads\/2022\/04\/vukovar_spomenik_ci_100_197333883.jpg\" \/>\n\t<meta property=\"og:image:width\" content=\"604\" \/>\n\t<meta property=\"og:image:height\" content=\"345\" \/>\n\t<meta property=\"og:image:type\" content=\"image\/jpeg\" \/>\n<meta name=\"author\" content=\"Radio Ljubu\u0161ki\" \/>\n<meta name=\"twitter:card\" content=\"summary_large_image\" \/>\n<meta name=\"twitter:creator\" content=\"@radioljubuski\" \/>\n<meta name=\"twitter:site\" content=\"@radioljubuski\" \/>\n<meta name=\"twitter:label1\" content=\"Napisao\/la\" \/>\n\t<meta name=\"twitter:data1\" content=\"Radio Ljubu\u0161ki\" \/>\n\t<meta name=\"twitter:label2\" content=\"Procijenjeno vrijeme \u010ditanja\" \/>\n\t<meta name=\"twitter:data2\" content=\"2 minute\" \/>\n<script type=\"application\/ld+json\" class=\"yoast-schema-graph\">{\"@context\":\"https:\\\/\\\/schema.org\",\"@graph\":[{\"@type\":\"Article\",\"@id\":\"https:\\\/\\\/radioljubuski.ba\\\/index.php\\\/2022\\\/04\\\/19\\\/vukovar-pronadena-nova-masovna-grobnica\\\/#article\",\"isPartOf\":{\"@id\":\"https:\\\/\\\/radioljubuski.ba\\\/index.php\\\/2022\\\/04\\\/19\\\/vukovar-pronadena-nova-masovna-grobnica\\\/\"},\"author\":{\"name\":\"Radio Ljubu\u0161ki\",\"@id\":\"https:\\\/\\\/radioljubuski.ba\\\/#\\\/schema\\\/person\\\/19fc700381a780f69665d7956c469e3b\"},\"headline\":\"Vukovar: Prona\u0111ena nova masovna grobnica?\",\"datePublished\":\"2022-04-19T22:33:33+00:00\",\"dateModified\":\"2022-04-19T22:33:35+00:00\",\"mainEntityOfPage\":{\"@id\":\"https:\\\/\\\/radioljubuski.ba\\\/index.php\\\/2022\\\/04\\\/19\\\/vukovar-pronadena-nova-masovna-grobnica\\\/\"},\"wordCount\":269,\"publisher\":{\"@id\":\"https:\\\/\\\/radioljubuski.ba\\\/#organization\"},\"image\":{\"@id\":\"https:\\\/\\\/radioljubuski.ba\\\/index.php\\\/2022\\\/04\\\/19\\\/vukovar-pronadena-nova-masovna-grobnica\\\/#primaryimage\"},\"thumbnailUrl\":\"https:\\\/\\\/radioljubuski.ba\\\/wp-content\\\/uploads\\\/2022\\\/04\\\/vukovar_spomenik_ci_100_197333883.jpg\",\"articleSection\":[\"BIH i regija\"],\"inLanguage\":\"hr\"},{\"@type\":\"WebPage\",\"@id\":\"https:\\\/\\\/radioljubuski.ba\\\/index.php\\\/2022\\\/04\\\/19\\\/vukovar-pronadena-nova-masovna-grobnica\\\/\",\"url\":\"https:\\\/\\\/radioljubuski.ba\\\/index.php\\\/2022\\\/04\\\/19\\\/vukovar-pronadena-nova-masovna-grobnica\\\/\",\"name\":\"Vukovar: Prona\u0111ena nova masovna grobnica? - RADIO LJUBU\u0160KI\",\"isPartOf\":{\"@id\":\"https:\\\/\\\/radioljubuski.ba\\\/#website\"},\"primaryImageOfPage\":{\"@id\":\"https:\\\/\\\/radioljubuski.ba\\\/index.php\\\/2022\\\/04\\\/19\\\/vukovar-pronadena-nova-masovna-grobnica\\\/#primaryimage\"},\"image\":{\"@id\":\"https:\\\/\\\/radioljubuski.ba\\\/index.php\\\/2022\\\/04\\\/19\\\/vukovar-pronadena-nova-masovna-grobnica\\\/#primaryimage\"},\"thumbnailUrl\":\"https:\\\/\\\/radioljubuski.ba\\\/wp-content\\\/uploads\\\/2022\\\/04\\\/vukovar_spomenik_ci_100_197333883.jpg\",\"datePublished\":\"2022-04-19T22:33:33+00:00\",\"dateModified\":\"2022-04-19T22:33:35+00:00\",\"breadcrumb\":{\"@id\":\"https:\\\/\\\/radioljubuski.ba\\\/index.php\\\/2022\\\/04\\\/19\\\/vukovar-pronadena-nova-masovna-grobnica\\\/#breadcrumb\"},\"inLanguage\":\"hr\",\"potentialAction\":[{\"@type\":\"ReadAction\",\"target\":[\"https:\\\/\\\/radioljubuski.ba\\\/index.php\\\/2022\\\/04\\\/19\\\/vukovar-pronadena-nova-masovna-grobnica\\\/\"]}]},{\"@type\":\"ImageObject\",\"inLanguage\":\"hr\",\"@id\":\"https:\\\/\\\/radioljubuski.ba\\\/index.php\\\/2022\\\/04\\\/19\\\/vukovar-pronadena-nova-masovna-grobnica\\\/#primaryimage\",\"url\":\"https:\\\/\\\/radioljubuski.ba\\\/wp-content\\\/uploads\\\/2022\\\/04\\\/vukovar_spomenik_ci_100_197333883.jpg\",\"contentUrl\":\"https:\\\/\\\/radioljubuski.ba\\\/wp-content\\\/uploads\\\/2022\\\/04\\\/vukovar_spomenik_ci_100_197333883.jpg\",\"width\":604,\"height\":345},{\"@type\":\"BreadcrumbList\",\"@id\":\"https:\\\/\\\/radioljubuski.ba\\\/index.php\\\/2022\\\/04\\\/19\\\/vukovar-pronadena-nova-masovna-grobnica\\\/#breadcrumb\",\"itemListElement\":[{\"@type\":\"ListItem\",\"position\":1,\"name\":\"Po\u010detna stranica\",\"item\":\"https:\\\/\\\/radioljubuski.ba\\\/\"},{\"@type\":\"ListItem\",\"position\":2,\"name\":\"Vukovar: Prona\u0111ena nova masovna grobnica?\"}]},{\"@type\":\"WebSite\",\"@id\":\"https:\\\/\\\/radioljubuski.ba\\\/#website\",\"url\":\"https:\\\/\\\/radioljubuski.ba\\\/\",\"name\":\"Radio Ljubu\u0161ki\",\"description\":\"Sun\u010dana frekvencija Hercegovine\",\"publisher\":{\"@id\":\"https:\\\/\\\/radioljubuski.ba\\\/#organization\"},\"potentialAction\":[{\"@type\":\"SearchAction\",\"target\":{\"@type\":\"EntryPoint\",\"urlTemplate\":\"https:\\\/\\\/radioljubuski.ba\\\/?s={search_term_string}\"},\"query-input\":{\"@type\":\"PropertyValueSpecification\",\"valueRequired\":true,\"valueName\":\"search_term_string\"}}],\"inLanguage\":\"hr\"},{\"@type\":\"Organization\",\"@id\":\"https:\\\/\\\/radioljubuski.ba\\\/#organization\",\"name\":\"Radio Ljubu\u0161ki\",\"url\":\"https:\\\/\\\/radioljubuski.ba\\\/\",\"logo\":{\"@type\":\"ImageObject\",\"inLanguage\":\"hr\",\"@id\":\"https:\\\/\\\/radioljubuski.ba\\\/#\\\/schema\\\/logo\\\/image\\\/\",\"url\":\"https:\\\/\\\/radioljubuski.ba\\\/wp-content\\\/uploads\\\/2021\\\/02\\\/cropped-Radio_Ljubuski_logo1.jpg\",\"contentUrl\":\"https:\\\/\\\/radioljubuski.ba\\\/wp-content\\\/uploads\\\/2021\\\/02\\\/cropped-Radio_Ljubuski_logo1.jpg\",\"width\":512,\"height\":512,\"caption\":\"Radio Ljubu\u0161ki\"},\"image\":{\"@id\":\"https:\\\/\\\/radioljubuski.ba\\\/#\\\/schema\\\/logo\\\/image\\\/\"},\"sameAs\":[\"https:\\\/\\\/www.facebook.com\\\/Radiio-Ljubuski-1490835324566332\",\"https:\\\/\\\/x.com\\\/radioljubuski\",\"https:\\\/\\\/hr.linkedin.com\\\/company\\\/radio-ljubuski\",\"https:\\\/\\\/www.youtube.com\\\/channel\\\/UCHYaeO_n0Db3tjNGudGpXyw\"]},{\"@type\":\"Person\",\"@id\":\"https:\\\/\\\/radioljubuski.ba\\\/#\\\/schema\\\/person\\\/19fc700381a780f69665d7956c469e3b\",\"name\":\"Radio Ljubu\u0161ki\"}]}<\/script>\n<!-- \/ Yoast SEO plugin. -->","yoast_head_json":{"title":"Vukovar: Prona\u0111ena nova masovna grobnica? - RADIO LJUBU\u0160KI","robots":{"index":"index","follow":"follow","max-snippet":"max-snippet:-1","max-image-preview":"max-image-preview:large","max-video-preview":"max-video-preview:-1"},"canonical":"https:\/\/radioljubuski.ba\/index.php\/2022\/04\/19\/vukovar-pronadena-nova-masovna-grobnica\/","og_locale":"hr_HR","og_type":"article","og_title":"Vukovar: Prona\u0111ena nova masovna grobnica? - RADIO LJUBU\u0160KI","og_description":"Na vukovarskom odlagali\u0161tu otpada \u2018Petrova\u010dka dola\u2019, koje se nalazi na izlazu iz Vukovara prema naselju Petrovci, 25. travnja \u0107e zapo\u010deti probna iskapanja u potrazi za nestalima iz Domovinskog rata. Prema neslu\u017ebenim informacijama na \u2018Petrova\u010dkoj doli\u2019 utvr\u0111eno je postojanje jo\u0161 jedne masovne grobnice koja krije vi\u0161e tijela. Spominje se mogu\u0107nost kako je tamo pokopano i 20-ak [&hellip;]","og_url":"https:\/\/radioljubuski.ba\/index.php\/2022\/04\/19\/vukovar-pronadena-nova-masovna-grobnica\/","og_site_name":"RADIO LJUBU\u0160KI","article_publisher":"https:\/\/www.facebook.com\/Radiio-Ljubuski-1490835324566332","article_published_time":"2022-04-19T22:33:33+00:00","article_modified_time":"2022-04-19T22:33:35+00:00","og_image":[{"width":604,"height":345,"url":"https:\/\/radioljubuski.ba\/wp-content\/uploads\/2022\/04\/vukovar_spomenik_ci_100_197333883.jpg","type":"image\/jpeg"}],"author":"Radio Ljubu\u0161ki","twitter_card":"summary_large_image","twitter_creator":"@radioljubuski","twitter_site":"@radioljubuski","twitter_misc":{"Napisao\/la":"Radio Ljubu\u0161ki","Procijenjeno vrijeme \u010ditanja":"2 minute"},"schema":{"@context":"https:\/\/schema.org","@graph":[{"@type":"Article","@id":"https:\/\/radioljubuski.ba\/index.php\/2022\/04\/19\/vukovar-pronadena-nova-masovna-grobnica\/#article","isPartOf":{"@id":"https:\/\/radioljubuski.ba\/index.php\/2022\/04\/19\/vukovar-pronadena-nova-masovna-grobnica\/"},"author":{"name":"Radio Ljubu\u0161ki","@id":"https:\/\/radioljubuski.ba\/#\/schema\/person\/19fc700381a780f69665d7956c469e3b"},"headline":"Vukovar: Prona\u0111ena nova masovna grobnica?","datePublished":"2022-04-19T22:33:33+00:00","dateModified":"2022-04-19T22:33:35+00:00","mainEntityOfPage":{"@id":"https:\/\/radioljubuski.ba\/index.php\/2022\/04\/19\/vukovar-pronadena-nova-masovna-grobnica\/"},"wordCount":269,"publisher":{"@id":"https:\/\/radioljubuski.ba\/#organization"},"image":{"@id":"https:\/\/radioljubuski.ba\/index.php\/2022\/04\/19\/vukovar-pronadena-nova-masovna-grobnica\/#primaryimage"},"thumbnailUrl":"https:\/\/radioljubuski.ba\/wp-content\/uploads\/2022\/04\/vukovar_spomenik_ci_100_197333883.jpg","articleSection":["BIH i regija"],"inLanguage":"hr"},{"@type":"WebPage","@id":"https:\/\/radioljubuski.ba\/index.php\/2022\/04\/19\/vukovar-pronadena-nova-masovna-grobnica\/","url":"https:\/\/radioljubuski.ba\/index.php\/2022\/04\/19\/vukovar-pronadena-nova-masovna-grobnica\/","name":"Vukovar: Prona\u0111ena nova masovna grobnica? - RADIO LJUBU\u0160KI","isPartOf":{"@id":"https:\/\/radioljubuski.ba\/#website"},"primaryImageOfPage":{"@id":"https:\/\/radioljubuski.ba\/index.php\/2022\/04\/19\/vukovar-pronadena-nova-masovna-grobnica\/#primaryimage"},"image":{"@id":"https:\/\/radioljubuski.ba\/index.php\/2022\/04\/19\/vukovar-pronadena-nova-masovna-grobnica\/#primaryimage"},"thumbnailUrl":"https:\/\/radioljubuski.ba\/wp-content\/uploads\/2022\/04\/vukovar_spomenik_ci_100_197333883.jpg","datePublished":"2022-04-19T22:33:33+00:00","dateModified":"2022-04-19T22:33:35+00:00","breadcrumb":{"@id":"https:\/\/radioljubuski.ba\/index.php\/2022\/04\/19\/vukovar-pronadena-nova-masovna-grobnica\/#breadcrumb"},"inLanguage":"hr","potentialAction":[{"@type":"ReadAction","target":["https:\/\/radioljubuski.ba\/index.php\/2022\/04\/19\/vukovar-pronadena-nova-masovna-grobnica\/"]}]},{"@type":"ImageObject","inLanguage":"hr","@id":"https:\/\/radioljubuski.ba\/index.php\/2022\/04\/19\/vukovar-pronadena-nova-masovna-grobnica\/#primaryimage","url":"https:\/\/radioljubuski.ba\/wp-content\/uploads\/2022\/04\/vukovar_spomenik_ci_100_197333883.jpg","contentUrl":"https:\/\/radioljubuski.ba\/wp-content\/uploads\/2022\/04\/vukovar_spomenik_ci_100_197333883.jpg","width":604,"height":345},{"@type":"BreadcrumbList","@id":"https:\/\/radioljubuski.ba\/index.php\/2022\/04\/19\/vukovar-pronadena-nova-masovna-grobnica\/#breadcrumb","itemListElement":[{"@type":"ListItem","position":1,"name":"Po\u010detna stranica","item":"https:\/\/radioljubuski.ba\/"},{"@type":"ListItem","position":2,"name":"Vukovar: Prona\u0111ena nova masovna grobnica?"}]},{"@type":"WebSite","@id":"https:\/\/radioljubuski.ba\/#website","url":"https:\/\/radioljubuski.ba\/","name":"Radio Ljubu\u0161ki","description":"Sun\u010dana frekvencija Hercegovine","publisher":{"@id":"https:\/\/radioljubuski.ba\/#organization"},"potentialAction":[{"@type":"SearchAction","target":{"@type":"EntryPoint","urlTemplate":"https:\/\/radioljubuski.ba\/?s={search_term_string}"},"query-input":{"@type":"PropertyValueSpecification","valueRequired":true,"valueName":"search_term_string"}}],"inLanguage":"hr"},{"@type":"Organization","@id":"https:\/\/radioljubuski.ba\/#organization","name":"Radio Ljubu\u0161ki","url":"https:\/\/radioljubuski.ba\/","logo":{"@type":"ImageObject","inLanguage":"hr","@id":"https:\/\/radioljubuski.ba\/#\/schema\/logo\/image\/","url":"https:\/\/radioljubuski.ba\/wp-content\/uploads\/2021\/02\/cropped-Radio_Ljubuski_logo1.jpg","contentUrl":"https:\/\/radioljubuski.ba\/wp-content\/uploads\/2021\/02\/cropped-Radio_Ljubuski_logo1.jpg","width":512,"height":512,"caption":"Radio Ljubu\u0161ki"},"image":{"@id":"https:\/\/radioljubuski.ba\/#\/schema\/logo\/image\/"},"sameAs":["https:\/\/www.facebook.com\/Radiio-Ljubuski-1490835324566332","https:\/\/x.com\/radioljubuski","https:\/\/hr.linkedin.com\/company\/radio-ljubuski","https:\/\/www.youtube.com\/channel\/UCHYaeO_n0Db3tjNGudGpXyw"]},{"@type":"Person","@id":"https:\/\/radioljubuski.ba\/#\/schema\/person\/19fc700381a780f69665d7956c469e3b","name":"Radio Ljubu\u0161ki"}]}},"_links":{"self":[{"href":"https:\/\/radioljubuski.ba\/index.php\/wp-json\/wp\/v2\/posts\/134268","targetHints":{"allow":["GET"]}}],"collection":[{"href":"https:\/\/radioljubuski.ba\/index.php\/wp-json\/wp\/v2\/posts"}],"about":[{"href":"https:\/\/radioljubuski.ba\/index.php\/wp-json\/wp\/v2\/types\/post"}],"author":[{"embeddable":true,"href":"https:\/\/radioljubuski.ba\/index.php\/wp-json\/wp\/v2\/users\/2"}],"replies":[{"embeddable":true,"href":"https:\/\/radioljubuski.ba\/index.php\/wp-json\/wp\/v2\/comments?post=134268"}],"version-history":[{"count":1,"href":"https:\/\/radioljubuski.ba\/index.php\/wp-json\/wp\/v2\/posts\/134268\/revisions"}],"predecessor-version":[{"id":134270,"href":"https:\/\/radioljubuski.ba\/index.php\/wp-json\/wp\/v2\/posts\/134268\/revisions\/134270"}],"wp:featuredmedia":[{"embeddable":true,"href":"https:\/\/radioljubuski.ba\/index.php\/wp-json\/wp\/v2\/media\/134269"}],"wp:attachment":[{"href":"https:\/\/radioljubuski.ba\/index.php\/wp-json\/wp\/v2\/media?parent=134268"}],"wp:term":[{"taxonomy":"category","embeddable":true,"href":"https:\/\/radioljubuski.ba\/index.php\/wp-json\/wp\/v2\/categories?post=134268"},{"taxonomy":"post_tag","embeddable":true,"href":"https:\/\/radioljubuski.ba\/index.php\/wp-json\/wp\/v2\/tags?post=134268"}],"curies":[{"name":"wp","href":"https:\/\/api.w.org\/{rel}","templated":true}]}}