{"id":134271,"date":"2022-04-19T23:35:31","date_gmt":"2022-04-19T22:35:31","guid":{"rendered":"https:\/\/radioljubuski.ba\/?p=134271"},"modified":"2022-04-19T23:35:32","modified_gmt":"2022-04-19T22:35:32","slug":"djamic-moral-ukrajinskih-vojnika-je-visok-ponovo-osvajaju-teritorije","status":"publish","type":"post","link":"https:\/\/radioljubuski.ba\/index.php\/2022\/04\/19\/djamic-moral-ukrajinskih-vojnika-je-visok-ponovo-osvajaju-teritorije\/","title":{"rendered":"Djami\u0107: Moral ukrajinskih vojnika je visok, ponovo osvajaju teritorije"},"content":{"rendered":"\n<p><strong>Hrvatska veleposlanica u Ukrajini Anica Djami\u0107 javila je za RTL kakvo je stanje u Lavovu.<\/strong><\/p>\n\n\n\n<p>Rusi sada \u017eestoko napadaju istok Ukrajine, no njihove rakete lete i prema zapadu te se mogu \u010duti i u Lavovu. Djami\u0107 se kao i mnogi drugi diplomati iz Kijeva preselila u Lavov.<\/p>\n\n\n\n<p>\u201cOd po\u010detka govorim da nigdje u Ukrajini nije sigurno. To se potvrdilo svih ovih dana, a posebno ju\u010der kada je bilo granatiranje Lavova. To je tre\u0107e granatiranje otkad sam ja ovdje. Ljudi su, mogu re\u0107i, ve\u0107 spremni na odlaske u skloni\u0161ta. Svi se pona\u0161aju odgovorno, to je ono \u0161to je dobro\u201d, rekla je Djami\u0107 za RTL.<\/p>\n\n\n\n<p><strong>\u201cMoral je visok u Ukrajini\u201d<\/strong><\/p>\n\n\n\n<p>Djami\u0107 ka\u017ee da \u0107e sigurno morati napustiti Lavov te da je u kontaktu s Ministarstvom vanjskih i europskih poslova Hrvatske. Ka\u017ee da dogovaraju daljnju strategiju jer Zagreb nije opcija, nego povratak u Kijev.<\/p>\n\n\n\n<p>Hrvatska veleposlanica navodi da \u0107e u narednim danima do\u0107i do toga. Odgovaraju\u0107i na pitanje \u0161to bi pad Mariupolja zna\u010dio za Ukrajinu i moral cijele nacije, Djami\u0107 ka\u017ee da je moral u Ukrajini zasad visok.<\/p>\n\n\n\n<p>\u201cBorci se bore i ponovno osvajaju teritorije. Svi se nekako nadaju da \u0107e se to dogoditi, to je strate\u0161ki va\u017ean grad, ne samo za Rusku Federaciju ve\u0107 i za Ukrajinu\u201d, govori Djami\u0107.<\/p>\n\n\n\n<p><strong>Hrvati u Ukrajini<\/strong><\/p>\n\n\n\n<p>Upitana koliko je jo\u0161 Hrvata u Ukrajini i planira li se njihovo izvla\u010denje, Djami\u0107 odgovara da ih je vrlo malo.<\/p>\n\n\n\n<p>\u201cKad govorimo o evakuaciji Hrvata, govorimo i o evakuaciji i njihovih obitelji. Oni koji su \u017eeljeli napustiti Ukrajinu, ve\u0107 su je napustili. Bilo je jo\u0161 nekoliko Hrvata koje smo uspjeli izvu\u0107i. Svi koji su tu ne kane oti\u0107i ili jo\u0161 uvijek nisu odlu\u010dili oti\u0107i. Mi smo i njima na raspolaganju\u201d, navodi veleposlanica.<\/p>\n\n\n\n<p>Na pitanje postoji li \u0161ansa da ovaj rat zavr\u0161i diplomacijom i za stolom, Djami\u0107 odgovara da misli da \u0107e do\u0107i do pregovora.<\/p>\n\n\n\n<p>\u201cKada \u0107e to biti, vjerujem nakon zavr\u0161etka ozbiljnih ratnih operacija, a onda \u0107e opet slijediti put diplomatskog rje\u0161avanja i poslagivanja svega onoga \u0161to se na terenu dogodilo\u201d, rekla je Ana Djami\u0107 za RTL.<\/p>\n\n\n\n<p>\/HMS\/<\/p>\n","protected":false},"excerpt":{"rendered":"<p>Hrvatska veleposlanica u Ukrajini Anica Djami\u0107 javila je za RTL kakvo je stanje u Lavovu. Rusi sada \u017eestoko napadaju istok Ukrajine, no njihove rakete lete i prema zapadu te se mogu \u010duti i u Lavovu. Djami\u0107 se kao i mnogi drugi diplomati iz Kijeva preselila u Lavov. \u201cOd po\u010detka govorim da nigdje u Ukrajini nije [&hellip;]<\/p>\n","protected":false},"author":2,"featured_media":134272,"comment_status":"closed","ping_status":"closed","sticky":false,"template":"","format":"standard","meta":{"h5ap_radio_sources":[],"footnotes":""},"categories":[1],"tags":[],"class_list":["post-134271","post","type-post","status-publish","format-standard","has-post-thumbnail","hentry","category-bihiregija"],"yoast_head":"<!-- This site is optimized with the Yoast SEO plugin v27.4 - https:\/\/yoast.com\/product\/yoast-seo-wordpress\/ -->\n<title>Djami\u0107: Moral ukrajinskih vojnika je visok, ponovo osvajaju teritorije - RADIO LJUBU\u0160KI<\/title>\n<meta name=\"robots\" content=\"index, follow, max-snippet:-1, max-image-preview:large, max-video-preview:-1\" \/>\n<link rel=\"canonical\" href=\"https:\/\/radioljubuski.ba\/index.php\/2022\/04\/19\/djamic-moral-ukrajinskih-vojnika-je-visok-ponovo-osvajaju-teritorije\/\" \/>\n<meta property=\"og:locale\" content=\"hr_HR\" \/>\n<meta property=\"og:type\" content=\"article\" \/>\n<meta property=\"og:title\" content=\"Djami\u0107: Moral ukrajinskih vojnika je visok, ponovo osvajaju teritorije - RADIO LJUBU\u0160KI\" \/>\n<meta property=\"og:description\" content=\"Hrvatska veleposlanica u Ukrajini Anica Djami\u0107 javila je za RTL kakvo je stanje u Lavovu. Rusi sada \u017eestoko napadaju istok Ukrajine, no njihove rakete lete i prema zapadu te se mogu \u010duti i u Lavovu. Djami\u0107 se kao i mnogi drugi diplomati iz Kijeva preselila u Lavov. \u201cOd po\u010detka govorim da nigdje u Ukrajini nije [&hellip;]\" \/>\n<meta property=\"og:url\" content=\"https:\/\/radioljubuski.ba\/index.php\/2022\/04\/19\/djamic-moral-ukrajinskih-vojnika-je-visok-ponovo-osvajaju-teritorije\/\" \/>\n<meta property=\"og:site_name\" content=\"RADIO LJUBU\u0160KI\" \/>\n<meta property=\"article:publisher\" content=\"https:\/\/www.facebook.com\/Radiio-Ljubuski-1490835324566332\" \/>\n<meta property=\"article:published_time\" content=\"2022-04-19T22:35:31+00:00\" \/>\n<meta property=\"article:modified_time\" content=\"2022-04-19T22:35:32+00:00\" \/>\n<meta property=\"og:image\" content=\"https:\/\/radioljubuski.ba\/wp-content\/uploads\/2022\/04\/anica-djamic.jpg\" \/>\n\t<meta property=\"og:image:width\" content=\"765\" \/>\n\t<meta property=\"og:image:height\" content=\"455\" \/>\n\t<meta property=\"og:image:type\" content=\"image\/jpeg\" \/>\n<meta name=\"author\" content=\"Radio Ljubu\u0161ki\" \/>\n<meta name=\"twitter:card\" content=\"summary_large_image\" \/>\n<meta name=\"twitter:creator\" content=\"@radioljubuski\" \/>\n<meta name=\"twitter:site\" content=\"@radioljubuski\" \/>\n<meta name=\"twitter:label1\" content=\"Napisao\/la\" \/>\n\t<meta name=\"twitter:data1\" content=\"Radio Ljubu\u0161ki\" \/>\n\t<meta name=\"twitter:label2\" content=\"Procijenjeno vrijeme \u010ditanja\" \/>\n\t<meta name=\"twitter:data2\" content=\"2 minute\" \/>\n<script type=\"application\/ld+json\" class=\"yoast-schema-graph\">{\"@context\":\"https:\\\/\\\/schema.org\",\"@graph\":[{\"@type\":\"Article\",\"@id\":\"https:\\\/\\\/radioljubuski.ba\\\/index.php\\\/2022\\\/04\\\/19\\\/djamic-moral-ukrajinskih-vojnika-je-visok-ponovo-osvajaju-teritorije\\\/#article\",\"isPartOf\":{\"@id\":\"https:\\\/\\\/radioljubuski.ba\\\/index.php\\\/2022\\\/04\\\/19\\\/djamic-moral-ukrajinskih-vojnika-je-visok-ponovo-osvajaju-teritorije\\\/\"},\"author\":{\"name\":\"Radio Ljubu\u0161ki\",\"@id\":\"https:\\\/\\\/radioljubuski.ba\\\/#\\\/schema\\\/person\\\/19fc700381a780f69665d7956c469e3b\"},\"headline\":\"Djami\u0107: Moral ukrajinskih vojnika je visok, ponovo osvajaju teritorije\",\"datePublished\":\"2022-04-19T22:35:31+00:00\",\"dateModified\":\"2022-04-19T22:35:32+00:00\",\"mainEntityOfPage\":{\"@id\":\"https:\\\/\\\/radioljubuski.ba\\\/index.php\\\/2022\\\/04\\\/19\\\/djamic-moral-ukrajinskih-vojnika-je-visok-ponovo-osvajaju-teritorije\\\/\"},\"wordCount\":370,\"publisher\":{\"@id\":\"https:\\\/\\\/radioljubuski.ba\\\/#organization\"},\"image\":{\"@id\":\"https:\\\/\\\/radioljubuski.ba\\\/index.php\\\/2022\\\/04\\\/19\\\/djamic-moral-ukrajinskih-vojnika-je-visok-ponovo-osvajaju-teritorije\\\/#primaryimage\"},\"thumbnailUrl\":\"https:\\\/\\\/radioljubuski.ba\\\/wp-content\\\/uploads\\\/2022\\\/04\\\/anica-djamic.jpg\",\"articleSection\":[\"BIH i regija\"],\"inLanguage\":\"hr\"},{\"@type\":\"WebPage\",\"@id\":\"https:\\\/\\\/radioljubuski.ba\\\/index.php\\\/2022\\\/04\\\/19\\\/djamic-moral-ukrajinskih-vojnika-je-visok-ponovo-osvajaju-teritorije\\\/\",\"url\":\"https:\\\/\\\/radioljubuski.ba\\\/index.php\\\/2022\\\/04\\\/19\\\/djamic-moral-ukrajinskih-vojnika-je-visok-ponovo-osvajaju-teritorije\\\/\",\"name\":\"Djami\u0107: Moral ukrajinskih vojnika je visok, ponovo osvajaju teritorije - RADIO LJUBU\u0160KI\",\"isPartOf\":{\"@id\":\"https:\\\/\\\/radioljubuski.ba\\\/#website\"},\"primaryImageOfPage\":{\"@id\":\"https:\\\/\\\/radioljubuski.ba\\\/index.php\\\/2022\\\/04\\\/19\\\/djamic-moral-ukrajinskih-vojnika-je-visok-ponovo-osvajaju-teritorije\\\/#primaryimage\"},\"image\":{\"@id\":\"https:\\\/\\\/radioljubuski.ba\\\/index.php\\\/2022\\\/04\\\/19\\\/djamic-moral-ukrajinskih-vojnika-je-visok-ponovo-osvajaju-teritorije\\\/#primaryimage\"},\"thumbnailUrl\":\"https:\\\/\\\/radioljubuski.ba\\\/wp-content\\\/uploads\\\/2022\\\/04\\\/anica-djamic.jpg\",\"datePublished\":\"2022-04-19T22:35:31+00:00\",\"dateModified\":\"2022-04-19T22:35:32+00:00\",\"breadcrumb\":{\"@id\":\"https:\\\/\\\/radioljubuski.ba\\\/index.php\\\/2022\\\/04\\\/19\\\/djamic-moral-ukrajinskih-vojnika-je-visok-ponovo-osvajaju-teritorije\\\/#breadcrumb\"},\"inLanguage\":\"hr\",\"potentialAction\":[{\"@type\":\"ReadAction\",\"target\":[\"https:\\\/\\\/radioljubuski.ba\\\/index.php\\\/2022\\\/04\\\/19\\\/djamic-moral-ukrajinskih-vojnika-je-visok-ponovo-osvajaju-teritorije\\\/\"]}]},{\"@type\":\"ImageObject\",\"inLanguage\":\"hr\",\"@id\":\"https:\\\/\\\/radioljubuski.ba\\\/index.php\\\/2022\\\/04\\\/19\\\/djamic-moral-ukrajinskih-vojnika-je-visok-ponovo-osvajaju-teritorije\\\/#primaryimage\",\"url\":\"https:\\\/\\\/radioljubuski.ba\\\/wp-content\\\/uploads\\\/2022\\\/04\\\/anica-djamic.jpg\",\"contentUrl\":\"https:\\\/\\\/radioljubuski.ba\\\/wp-content\\\/uploads\\\/2022\\\/04\\\/anica-djamic.jpg\",\"width\":765,\"height\":455},{\"@type\":\"BreadcrumbList\",\"@id\":\"https:\\\/\\\/radioljubuski.ba\\\/index.php\\\/2022\\\/04\\\/19\\\/djamic-moral-ukrajinskih-vojnika-je-visok-ponovo-osvajaju-teritorije\\\/#breadcrumb\",\"itemListElement\":[{\"@type\":\"ListItem\",\"position\":1,\"name\":\"Po\u010detna stranica\",\"item\":\"https:\\\/\\\/radioljubuski.ba\\\/\"},{\"@type\":\"ListItem\",\"position\":2,\"name\":\"Djami\u0107: Moral ukrajinskih vojnika je visok, ponovo osvajaju teritorije\"}]},{\"@type\":\"WebSite\",\"@id\":\"https:\\\/\\\/radioljubuski.ba\\\/#website\",\"url\":\"https:\\\/\\\/radioljubuski.ba\\\/\",\"name\":\"Radio Ljubu\u0161ki\",\"description\":\"Sun\u010dana frekvencija Hercegovine\",\"publisher\":{\"@id\":\"https:\\\/\\\/radioljubuski.ba\\\/#organization\"},\"potentialAction\":[{\"@type\":\"SearchAction\",\"target\":{\"@type\":\"EntryPoint\",\"urlTemplate\":\"https:\\\/\\\/radioljubuski.ba\\\/?s={search_term_string}\"},\"query-input\":{\"@type\":\"PropertyValueSpecification\",\"valueRequired\":true,\"valueName\":\"search_term_string\"}}],\"inLanguage\":\"hr\"},{\"@type\":\"Organization\",\"@id\":\"https:\\\/\\\/radioljubuski.ba\\\/#organization\",\"name\":\"Radio Ljubu\u0161ki\",\"url\":\"https:\\\/\\\/radioljubuski.ba\\\/\",\"logo\":{\"@type\":\"ImageObject\",\"inLanguage\":\"hr\",\"@id\":\"https:\\\/\\\/radioljubuski.ba\\\/#\\\/schema\\\/logo\\\/image\\\/\",\"url\":\"https:\\\/\\\/radioljubuski.ba\\\/wp-content\\\/uploads\\\/2021\\\/02\\\/cropped-Radio_Ljubuski_logo1.jpg\",\"contentUrl\":\"https:\\\/\\\/radioljubuski.ba\\\/wp-content\\\/uploads\\\/2021\\\/02\\\/cropped-Radio_Ljubuski_logo1.jpg\",\"width\":512,\"height\":512,\"caption\":\"Radio Ljubu\u0161ki\"},\"image\":{\"@id\":\"https:\\\/\\\/radioljubuski.ba\\\/#\\\/schema\\\/logo\\\/image\\\/\"},\"sameAs\":[\"https:\\\/\\\/www.facebook.com\\\/Radiio-Ljubuski-1490835324566332\",\"https:\\\/\\\/x.com\\\/radioljubuski\",\"https:\\\/\\\/hr.linkedin.com\\\/company\\\/radio-ljubuski\",\"https:\\\/\\\/www.youtube.com\\\/channel\\\/UCHYaeO_n0Db3tjNGudGpXyw\"]},{\"@type\":\"Person\",\"@id\":\"https:\\\/\\\/radioljubuski.ba\\\/#\\\/schema\\\/person\\\/19fc700381a780f69665d7956c469e3b\",\"name\":\"Radio Ljubu\u0161ki\"}]}<\/script>\n<!-- \/ Yoast SEO plugin. -->","yoast_head_json":{"title":"Djami\u0107: Moral ukrajinskih vojnika je visok, ponovo osvajaju teritorije - RADIO LJUBU\u0160KI","robots":{"index":"index","follow":"follow","max-snippet":"max-snippet:-1","max-image-preview":"max-image-preview:large","max-video-preview":"max-video-preview:-1"},"canonical":"https:\/\/radioljubuski.ba\/index.php\/2022\/04\/19\/djamic-moral-ukrajinskih-vojnika-je-visok-ponovo-osvajaju-teritorije\/","og_locale":"hr_HR","og_type":"article","og_title":"Djami\u0107: Moral ukrajinskih vojnika je visok, ponovo osvajaju teritorije - RADIO LJUBU\u0160KI","og_description":"Hrvatska veleposlanica u Ukrajini Anica Djami\u0107 javila je za RTL kakvo je stanje u Lavovu. Rusi sada \u017eestoko napadaju istok Ukrajine, no njihove rakete lete i prema zapadu te se mogu \u010duti i u Lavovu. Djami\u0107 se kao i mnogi drugi diplomati iz Kijeva preselila u Lavov. \u201cOd po\u010detka govorim da nigdje u Ukrajini nije [&hellip;]","og_url":"https:\/\/radioljubuski.ba\/index.php\/2022\/04\/19\/djamic-moral-ukrajinskih-vojnika-je-visok-ponovo-osvajaju-teritorije\/","og_site_name":"RADIO LJUBU\u0160KI","article_publisher":"https:\/\/www.facebook.com\/Radiio-Ljubuski-1490835324566332","article_published_time":"2022-04-19T22:35:31+00:00","article_modified_time":"2022-04-19T22:35:32+00:00","og_image":[{"width":765,"height":455,"url":"https:\/\/radioljubuski.ba\/wp-content\/uploads\/2022\/04\/anica-djamic.jpg","type":"image\/jpeg"}],"author":"Radio Ljubu\u0161ki","twitter_card":"summary_large_image","twitter_creator":"@radioljubuski","twitter_site":"@radioljubuski","twitter_misc":{"Napisao\/la":"Radio Ljubu\u0161ki","Procijenjeno vrijeme \u010ditanja":"2 minute"},"schema":{"@context":"https:\/\/schema.org","@graph":[{"@type":"Article","@id":"https:\/\/radioljubuski.ba\/index.php\/2022\/04\/19\/djamic-moral-ukrajinskih-vojnika-je-visok-ponovo-osvajaju-teritorije\/#article","isPartOf":{"@id":"https:\/\/radioljubuski.ba\/index.php\/2022\/04\/19\/djamic-moral-ukrajinskih-vojnika-je-visok-ponovo-osvajaju-teritorije\/"},"author":{"name":"Radio Ljubu\u0161ki","@id":"https:\/\/radioljubuski.ba\/#\/schema\/person\/19fc700381a780f69665d7956c469e3b"},"headline":"Djami\u0107: Moral ukrajinskih vojnika je visok, ponovo osvajaju teritorije","datePublished":"2022-04-19T22:35:31+00:00","dateModified":"2022-04-19T22:35:32+00:00","mainEntityOfPage":{"@id":"https:\/\/radioljubuski.ba\/index.php\/2022\/04\/19\/djamic-moral-ukrajinskih-vojnika-je-visok-ponovo-osvajaju-teritorije\/"},"wordCount":370,"publisher":{"@id":"https:\/\/radioljubuski.ba\/#organization"},"image":{"@id":"https:\/\/radioljubuski.ba\/index.php\/2022\/04\/19\/djamic-moral-ukrajinskih-vojnika-je-visok-ponovo-osvajaju-teritorije\/#primaryimage"},"thumbnailUrl":"https:\/\/radioljubuski.ba\/wp-content\/uploads\/2022\/04\/anica-djamic.jpg","articleSection":["BIH i regija"],"inLanguage":"hr"},{"@type":"WebPage","@id":"https:\/\/radioljubuski.ba\/index.php\/2022\/04\/19\/djamic-moral-ukrajinskih-vojnika-je-visok-ponovo-osvajaju-teritorije\/","url":"https:\/\/radioljubuski.ba\/index.php\/2022\/04\/19\/djamic-moral-ukrajinskih-vojnika-je-visok-ponovo-osvajaju-teritorije\/","name":"Djami\u0107: Moral ukrajinskih vojnika je visok, ponovo osvajaju teritorije - RADIO LJUBU\u0160KI","isPartOf":{"@id":"https:\/\/radioljubuski.ba\/#website"},"primaryImageOfPage":{"@id":"https:\/\/radioljubuski.ba\/index.php\/2022\/04\/19\/djamic-moral-ukrajinskih-vojnika-je-visok-ponovo-osvajaju-teritorije\/#primaryimage"},"image":{"@id":"https:\/\/radioljubuski.ba\/index.php\/2022\/04\/19\/djamic-moral-ukrajinskih-vojnika-je-visok-ponovo-osvajaju-teritorije\/#primaryimage"},"thumbnailUrl":"https:\/\/radioljubuski.ba\/wp-content\/uploads\/2022\/04\/anica-djamic.jpg","datePublished":"2022-04-19T22:35:31+00:00","dateModified":"2022-04-19T22:35:32+00:00","breadcrumb":{"@id":"https:\/\/radioljubuski.ba\/index.php\/2022\/04\/19\/djamic-moral-ukrajinskih-vojnika-je-visok-ponovo-osvajaju-teritorije\/#breadcrumb"},"inLanguage":"hr","potentialAction":[{"@type":"ReadAction","target":["https:\/\/radioljubuski.ba\/index.php\/2022\/04\/19\/djamic-moral-ukrajinskih-vojnika-je-visok-ponovo-osvajaju-teritorije\/"]}]},{"@type":"ImageObject","inLanguage":"hr","@id":"https:\/\/radioljubuski.ba\/index.php\/2022\/04\/19\/djamic-moral-ukrajinskih-vojnika-je-visok-ponovo-osvajaju-teritorije\/#primaryimage","url":"https:\/\/radioljubuski.ba\/wp-content\/uploads\/2022\/04\/anica-djamic.jpg","contentUrl":"https:\/\/radioljubuski.ba\/wp-content\/uploads\/2022\/04\/anica-djamic.jpg","width":765,"height":455},{"@type":"BreadcrumbList","@id":"https:\/\/radioljubuski.ba\/index.php\/2022\/04\/19\/djamic-moral-ukrajinskih-vojnika-je-visok-ponovo-osvajaju-teritorije\/#breadcrumb","itemListElement":[{"@type":"ListItem","position":1,"name":"Po\u010detna stranica","item":"https:\/\/radioljubuski.ba\/"},{"@type":"ListItem","position":2,"name":"Djami\u0107: Moral ukrajinskih vojnika je visok, ponovo osvajaju teritorije"}]},{"@type":"WebSite","@id":"https:\/\/radioljubuski.ba\/#website","url":"https:\/\/radioljubuski.ba\/","name":"Radio Ljubu\u0161ki","description":"Sun\u010dana frekvencija Hercegovine","publisher":{"@id":"https:\/\/radioljubuski.ba\/#organization"},"potentialAction":[{"@type":"SearchAction","target":{"@type":"EntryPoint","urlTemplate":"https:\/\/radioljubuski.ba\/?s={search_term_string}"},"query-input":{"@type":"PropertyValueSpecification","valueRequired":true,"valueName":"search_term_string"}}],"inLanguage":"hr"},{"@type":"Organization","@id":"https:\/\/radioljubuski.ba\/#organization","name":"Radio Ljubu\u0161ki","url":"https:\/\/radioljubuski.ba\/","logo":{"@type":"ImageObject","inLanguage":"hr","@id":"https:\/\/radioljubuski.ba\/#\/schema\/logo\/image\/","url":"https:\/\/radioljubuski.ba\/wp-content\/uploads\/2021\/02\/cropped-Radio_Ljubuski_logo1.jpg","contentUrl":"https:\/\/radioljubuski.ba\/wp-content\/uploads\/2021\/02\/cropped-Radio_Ljubuski_logo1.jpg","width":512,"height":512,"caption":"Radio Ljubu\u0161ki"},"image":{"@id":"https:\/\/radioljubuski.ba\/#\/schema\/logo\/image\/"},"sameAs":["https:\/\/www.facebook.com\/Radiio-Ljubuski-1490835324566332","https:\/\/x.com\/radioljubuski","https:\/\/hr.linkedin.com\/company\/radio-ljubuski","https:\/\/www.youtube.com\/channel\/UCHYaeO_n0Db3tjNGudGpXyw"]},{"@type":"Person","@id":"https:\/\/radioljubuski.ba\/#\/schema\/person\/19fc700381a780f69665d7956c469e3b","name":"Radio Ljubu\u0161ki"}]}},"_links":{"self":[{"href":"https:\/\/radioljubuski.ba\/index.php\/wp-json\/wp\/v2\/posts\/134271","targetHints":{"allow":["GET"]}}],"collection":[{"href":"https:\/\/radioljubuski.ba\/index.php\/wp-json\/wp\/v2\/posts"}],"about":[{"href":"https:\/\/radioljubuski.ba\/index.php\/wp-json\/wp\/v2\/types\/post"}],"author":[{"embeddable":true,"href":"https:\/\/radioljubuski.ba\/index.php\/wp-json\/wp\/v2\/users\/2"}],"replies":[{"embeddable":true,"href":"https:\/\/radioljubuski.ba\/index.php\/wp-json\/wp\/v2\/comments?post=134271"}],"version-history":[{"count":1,"href":"https:\/\/radioljubuski.ba\/index.php\/wp-json\/wp\/v2\/posts\/134271\/revisions"}],"predecessor-version":[{"id":134273,"href":"https:\/\/radioljubuski.ba\/index.php\/wp-json\/wp\/v2\/posts\/134271\/revisions\/134273"}],"wp:featuredmedia":[{"embeddable":true,"href":"https:\/\/radioljubuski.ba\/index.php\/wp-json\/wp\/v2\/media\/134272"}],"wp:attachment":[{"href":"https:\/\/radioljubuski.ba\/index.php\/wp-json\/wp\/v2\/media?parent=134271"}],"wp:term":[{"taxonomy":"category","embeddable":true,"href":"https:\/\/radioljubuski.ba\/index.php\/wp-json\/wp\/v2\/categories?post=134271"},{"taxonomy":"post_tag","embeddable":true,"href":"https:\/\/radioljubuski.ba\/index.php\/wp-json\/wp\/v2\/tags?post=134271"}],"curies":[{"name":"wp","href":"https:\/\/api.w.org\/{rel}","templated":true}]}}