{"id":134274,"date":"2022-04-19T23:37:07","date_gmt":"2022-04-19T22:37:07","guid":{"rendered":"https:\/\/radioljubuski.ba\/?p=134274"},"modified":"2022-04-19T23:37:08","modified_gmt":"2022-04-19T22:37:08","slug":"alen-babic-za-mjesec-dana-borim-se-za-pojas-u-novoj-kategoriji","status":"publish","type":"post","link":"https:\/\/radioljubuski.ba\/index.php\/2022\/04\/19\/alen-babic-za-mjesec-dana-borim-se-za-pojas-u-novoj-kategoriji\/","title":{"rendered":"Alen Babi\u0107: Za mjesec dana borim se za pojas u novoj kategoriji"},"content":{"rendered":"\n<p><strong>Pro\u0161la su \u010detiri mjeseca od posljednje borbe Alena Babi\u0107a, a sada je ekskluzivno za Index otkrio da se u ring vra\u0107a za mjesec dana, i to u novoj kategoriji bridgerweight, u kojoj \u0107e se 21. svibnja u Engleskoj boriti za priliku za pojas svjetskog prvaka.&nbsp;<\/strong><\/p>\n\n\n\n<p>\u201cNe odlazim iz te\u0161ka\u0161ke kategorije, boksat \u0107u u obje, ali tamo ne bih skoro dobio priliku za naslov. Ovo \u0107e biti borba za WBC-ov Silver pojas, \u0161to zna\u010di da pobjednik postaje obavezni izaziva\u010d za naslov prvaka\u201d, rekao nam je Babi\u0107, koji u profesionalnoj karijeri ima 10 pobjeda nokautom iz 10 me\u010deva me\u0111u te\u0161ka\u0161ima, pi\u0161e Index.hr.<\/p>\n\n\n\n<h3 class=\"wp-block-heading\"><strong>Borba u O2 Areni?<\/strong><\/h3>\n\n\n\n<p>\u201cMeni to ni\u0161ta ne mijenja, ja \u0107u boksati na istoj kila\u017ei kao u te\u0161koj, samo \u0107e protivnici biti manji. Falit \u0107e mi to, u\u017eivam u tome kad je protivnik 30 kila te\u017ei od mene. Ali ovdje \u0107u puno br\u017ee dobiti borbu za pojas\u201d, objasnio je Savage, koji putuje u London na subotnju borbu Tysona Furyja i svojeg menad\u017eera i prijatelja Dilliana Whytea.<\/p>\n\n\n\n<p>Ondje \u0107e dogovoriti detalje, ali ka\u017ee da bi se borba trebala odr\u017eati 21. svibnja na Matchroomovom eventu, a ta \u0107e se priredba odr\u017eati u londonskoj O2 Areni, s naslovnom borbom izme\u0111u Joshue Buatsija i Craiga Richardsa.<\/p>\n\n\n\n<h3 class=\"wp-block-heading\"><strong>Protiv Poljaka koji ima 16-1<\/strong><\/h3>\n\n\n\n<p>Savageov protivnik trebao bi biti Adam Balski, 31-godi\u0161nji 188 cm visoki Poljak s omjerom 16-1 (devet nokauta), uglavnom u kategoriji cruiser. Jedini poraz karijere do\u017eivio je u svibnju pro\u0161le godine od Mateusza Masternaka jednoglasnom odlukom sudaca, a nakon toga je u prosincu na isti na\u010din svladao Vadima Novopa\u0161ina.<\/p>\n\n\n\n<p>Babi\u0107 se posljednji put borio 18. prosinca u Manchesteru, gdje je Francuza Davida Spilmonta pobijedio nokautom u \u0161estoj rundi, u me\u010du u kojem je ostao u ringu najdulje u karijeri i u kojem je prvi put bio ozbiljno uzdrman.<\/p>\n\n\n\n<p>\/HMS\/<\/p>\n","protected":false},"excerpt":{"rendered":"<p>Pro\u0161la su \u010detiri mjeseca od posljednje borbe Alena Babi\u0107a, a sada je ekskluzivno za Index otkrio da se u ring vra\u0107a za mjesec dana, i to u novoj kategoriji bridgerweight, u kojoj \u0107e se 21. svibnja u Engleskoj boriti za priliku za pojas svjetskog prvaka.&nbsp; \u201cNe odlazim iz te\u0161ka\u0161ke kategorije, boksat \u0107u u obje, ali [&hellip;]<\/p>\n","protected":false},"author":2,"featured_media":134275,"comment_status":"closed","ping_status":"closed","sticky":false,"template":"","format":"standard","meta":{"h5ap_radio_sources":[],"footnotes":""},"categories":[7],"tags":[],"class_list":["post-134274","post","type-post","status-publish","format-standard","has-post-thumbnail","hentry","category-sport"],"yoast_head":"<!-- This site is optimized with the Yoast SEO plugin v27.4 - https:\/\/yoast.com\/product\/yoast-seo-wordpress\/ -->\n<title>Alen Babi\u0107: Za mjesec dana borim se za pojas u novoj kategoriji - RADIO LJUBU\u0160KI<\/title>\n<meta name=\"robots\" content=\"index, follow, max-snippet:-1, max-image-preview:large, max-video-preview:-1\" \/>\n<link rel=\"canonical\" href=\"https:\/\/radioljubuski.ba\/index.php\/2022\/04\/19\/alen-babic-za-mjesec-dana-borim-se-za-pojas-u-novoj-kategoriji\/\" \/>\n<meta property=\"og:locale\" content=\"hr_HR\" \/>\n<meta property=\"og:type\" content=\"article\" \/>\n<meta property=\"og:title\" content=\"Alen Babi\u0107: Za mjesec dana borim se za pojas u novoj kategoriji - RADIO LJUBU\u0160KI\" \/>\n<meta property=\"og:description\" content=\"Pro\u0161la su \u010detiri mjeseca od posljednje borbe Alena Babi\u0107a, a sada je ekskluzivno za Index otkrio da se u ring vra\u0107a za mjesec dana, i to u novoj kategoriji bridgerweight, u kojoj \u0107e se 21. svibnja u Engleskoj boriti za priliku za pojas svjetskog prvaka.&nbsp; \u201cNe odlazim iz te\u0161ka\u0161ke kategorije, boksat \u0107u u obje, ali [&hellip;]\" \/>\n<meta property=\"og:url\" content=\"https:\/\/radioljubuski.ba\/index.php\/2022\/04\/19\/alen-babic-za-mjesec-dana-borim-se-za-pojas-u-novoj-kategoriji\/\" \/>\n<meta property=\"og:site_name\" content=\"RADIO LJUBU\u0160KI\" \/>\n<meta property=\"article:publisher\" content=\"https:\/\/www.facebook.com\/Radiio-Ljubuski-1490835324566332\" \/>\n<meta property=\"article:published_time\" content=\"2022-04-19T22:37:07+00:00\" \/>\n<meta property=\"article:modified_time\" content=\"2022-04-19T22:37:08+00:00\" \/>\n<meta property=\"og:image\" content=\"https:\/\/radioljubuski.ba\/wp-content\/uploads\/2022\/04\/babic.jpg\" \/>\n\t<meta property=\"og:image:width\" content=\"765\" \/>\n\t<meta property=\"og:image:height\" content=\"402\" \/>\n\t<meta property=\"og:image:type\" content=\"image\/jpeg\" \/>\n<meta name=\"author\" content=\"Radio Ljubu\u0161ki\" \/>\n<meta name=\"twitter:card\" content=\"summary_large_image\" \/>\n<meta name=\"twitter:creator\" content=\"@radioljubuski\" \/>\n<meta name=\"twitter:site\" content=\"@radioljubuski\" \/>\n<meta name=\"twitter:label1\" content=\"Napisao\/la\" \/>\n\t<meta name=\"twitter:data1\" content=\"Radio Ljubu\u0161ki\" \/>\n\t<meta name=\"twitter:label2\" content=\"Procijenjeno vrijeme \u010ditanja\" \/>\n\t<meta name=\"twitter:data2\" content=\"2 minute\" \/>\n<script type=\"application\/ld+json\" class=\"yoast-schema-graph\">{\"@context\":\"https:\\\/\\\/schema.org\",\"@graph\":[{\"@type\":\"Article\",\"@id\":\"https:\\\/\\\/radioljubuski.ba\\\/index.php\\\/2022\\\/04\\\/19\\\/alen-babic-za-mjesec-dana-borim-se-za-pojas-u-novoj-kategoriji\\\/#article\",\"isPartOf\":{\"@id\":\"https:\\\/\\\/radioljubuski.ba\\\/index.php\\\/2022\\\/04\\\/19\\\/alen-babic-za-mjesec-dana-borim-se-za-pojas-u-novoj-kategoriji\\\/\"},\"author\":{\"name\":\"Radio Ljubu\u0161ki\",\"@id\":\"https:\\\/\\\/radioljubuski.ba\\\/#\\\/schema\\\/person\\\/19fc700381a780f69665d7956c469e3b\"},\"headline\":\"Alen Babi\u0107: Za mjesec dana borim se za pojas u novoj kategoriji\",\"datePublished\":\"2022-04-19T22:37:07+00:00\",\"dateModified\":\"2022-04-19T22:37:08+00:00\",\"mainEntityOfPage\":{\"@id\":\"https:\\\/\\\/radioljubuski.ba\\\/index.php\\\/2022\\\/04\\\/19\\\/alen-babic-za-mjesec-dana-borim-se-za-pojas-u-novoj-kategoriji\\\/\"},\"wordCount\":330,\"publisher\":{\"@id\":\"https:\\\/\\\/radioljubuski.ba\\\/#organization\"},\"image\":{\"@id\":\"https:\\\/\\\/radioljubuski.ba\\\/index.php\\\/2022\\\/04\\\/19\\\/alen-babic-za-mjesec-dana-borim-se-za-pojas-u-novoj-kategoriji\\\/#primaryimage\"},\"thumbnailUrl\":\"https:\\\/\\\/radioljubuski.ba\\\/wp-content\\\/uploads\\\/2022\\\/04\\\/babic.jpg\",\"articleSection\":[\"\u0160port\"],\"inLanguage\":\"hr\"},{\"@type\":\"WebPage\",\"@id\":\"https:\\\/\\\/radioljubuski.ba\\\/index.php\\\/2022\\\/04\\\/19\\\/alen-babic-za-mjesec-dana-borim-se-za-pojas-u-novoj-kategoriji\\\/\",\"url\":\"https:\\\/\\\/radioljubuski.ba\\\/index.php\\\/2022\\\/04\\\/19\\\/alen-babic-za-mjesec-dana-borim-se-za-pojas-u-novoj-kategoriji\\\/\",\"name\":\"Alen Babi\u0107: Za mjesec dana borim se za pojas u novoj kategoriji - RADIO LJUBU\u0160KI\",\"isPartOf\":{\"@id\":\"https:\\\/\\\/radioljubuski.ba\\\/#website\"},\"primaryImageOfPage\":{\"@id\":\"https:\\\/\\\/radioljubuski.ba\\\/index.php\\\/2022\\\/04\\\/19\\\/alen-babic-za-mjesec-dana-borim-se-za-pojas-u-novoj-kategoriji\\\/#primaryimage\"},\"image\":{\"@id\":\"https:\\\/\\\/radioljubuski.ba\\\/index.php\\\/2022\\\/04\\\/19\\\/alen-babic-za-mjesec-dana-borim-se-za-pojas-u-novoj-kategoriji\\\/#primaryimage\"},\"thumbnailUrl\":\"https:\\\/\\\/radioljubuski.ba\\\/wp-content\\\/uploads\\\/2022\\\/04\\\/babic.jpg\",\"datePublished\":\"2022-04-19T22:37:07+00:00\",\"dateModified\":\"2022-04-19T22:37:08+00:00\",\"breadcrumb\":{\"@id\":\"https:\\\/\\\/radioljubuski.ba\\\/index.php\\\/2022\\\/04\\\/19\\\/alen-babic-za-mjesec-dana-borim-se-za-pojas-u-novoj-kategoriji\\\/#breadcrumb\"},\"inLanguage\":\"hr\",\"potentialAction\":[{\"@type\":\"ReadAction\",\"target\":[\"https:\\\/\\\/radioljubuski.ba\\\/index.php\\\/2022\\\/04\\\/19\\\/alen-babic-za-mjesec-dana-borim-se-za-pojas-u-novoj-kategoriji\\\/\"]}]},{\"@type\":\"ImageObject\",\"inLanguage\":\"hr\",\"@id\":\"https:\\\/\\\/radioljubuski.ba\\\/index.php\\\/2022\\\/04\\\/19\\\/alen-babic-za-mjesec-dana-borim-se-za-pojas-u-novoj-kategoriji\\\/#primaryimage\",\"url\":\"https:\\\/\\\/radioljubuski.ba\\\/wp-content\\\/uploads\\\/2022\\\/04\\\/babic.jpg\",\"contentUrl\":\"https:\\\/\\\/radioljubuski.ba\\\/wp-content\\\/uploads\\\/2022\\\/04\\\/babic.jpg\",\"width\":765,\"height\":402},{\"@type\":\"BreadcrumbList\",\"@id\":\"https:\\\/\\\/radioljubuski.ba\\\/index.php\\\/2022\\\/04\\\/19\\\/alen-babic-za-mjesec-dana-borim-se-za-pojas-u-novoj-kategoriji\\\/#breadcrumb\",\"itemListElement\":[{\"@type\":\"ListItem\",\"position\":1,\"name\":\"Po\u010detna stranica\",\"item\":\"https:\\\/\\\/radioljubuski.ba\\\/\"},{\"@type\":\"ListItem\",\"position\":2,\"name\":\"Alen Babi\u0107: Za mjesec dana borim se za pojas u novoj kategoriji\"}]},{\"@type\":\"WebSite\",\"@id\":\"https:\\\/\\\/radioljubuski.ba\\\/#website\",\"url\":\"https:\\\/\\\/radioljubuski.ba\\\/\",\"name\":\"Radio Ljubu\u0161ki\",\"description\":\"Sun\u010dana frekvencija Hercegovine\",\"publisher\":{\"@id\":\"https:\\\/\\\/radioljubuski.ba\\\/#organization\"},\"potentialAction\":[{\"@type\":\"SearchAction\",\"target\":{\"@type\":\"EntryPoint\",\"urlTemplate\":\"https:\\\/\\\/radioljubuski.ba\\\/?s={search_term_string}\"},\"query-input\":{\"@type\":\"PropertyValueSpecification\",\"valueRequired\":true,\"valueName\":\"search_term_string\"}}],\"inLanguage\":\"hr\"},{\"@type\":\"Organization\",\"@id\":\"https:\\\/\\\/radioljubuski.ba\\\/#organization\",\"name\":\"Radio Ljubu\u0161ki\",\"url\":\"https:\\\/\\\/radioljubuski.ba\\\/\",\"logo\":{\"@type\":\"ImageObject\",\"inLanguage\":\"hr\",\"@id\":\"https:\\\/\\\/radioljubuski.ba\\\/#\\\/schema\\\/logo\\\/image\\\/\",\"url\":\"https:\\\/\\\/radioljubuski.ba\\\/wp-content\\\/uploads\\\/2021\\\/02\\\/cropped-Radio_Ljubuski_logo1.jpg\",\"contentUrl\":\"https:\\\/\\\/radioljubuski.ba\\\/wp-content\\\/uploads\\\/2021\\\/02\\\/cropped-Radio_Ljubuski_logo1.jpg\",\"width\":512,\"height\":512,\"caption\":\"Radio Ljubu\u0161ki\"},\"image\":{\"@id\":\"https:\\\/\\\/radioljubuski.ba\\\/#\\\/schema\\\/logo\\\/image\\\/\"},\"sameAs\":[\"https:\\\/\\\/www.facebook.com\\\/Radiio-Ljubuski-1490835324566332\",\"https:\\\/\\\/x.com\\\/radioljubuski\",\"https:\\\/\\\/hr.linkedin.com\\\/company\\\/radio-ljubuski\",\"https:\\\/\\\/www.youtube.com\\\/channel\\\/UCHYaeO_n0Db3tjNGudGpXyw\"]},{\"@type\":\"Person\",\"@id\":\"https:\\\/\\\/radioljubuski.ba\\\/#\\\/schema\\\/person\\\/19fc700381a780f69665d7956c469e3b\",\"name\":\"Radio Ljubu\u0161ki\"}]}<\/script>\n<!-- \/ Yoast SEO plugin. -->","yoast_head_json":{"title":"Alen Babi\u0107: Za mjesec dana borim se za pojas u novoj kategoriji - RADIO LJUBU\u0160KI","robots":{"index":"index","follow":"follow","max-snippet":"max-snippet:-1","max-image-preview":"max-image-preview:large","max-video-preview":"max-video-preview:-1"},"canonical":"https:\/\/radioljubuski.ba\/index.php\/2022\/04\/19\/alen-babic-za-mjesec-dana-borim-se-za-pojas-u-novoj-kategoriji\/","og_locale":"hr_HR","og_type":"article","og_title":"Alen Babi\u0107: Za mjesec dana borim se za pojas u novoj kategoriji - RADIO LJUBU\u0160KI","og_description":"Pro\u0161la su \u010detiri mjeseca od posljednje borbe Alena Babi\u0107a, a sada je ekskluzivno za Index otkrio da se u ring vra\u0107a za mjesec dana, i to u novoj kategoriji bridgerweight, u kojoj \u0107e se 21. svibnja u Engleskoj boriti za priliku za pojas svjetskog prvaka.&nbsp; \u201cNe odlazim iz te\u0161ka\u0161ke kategorije, boksat \u0107u u obje, ali [&hellip;]","og_url":"https:\/\/radioljubuski.ba\/index.php\/2022\/04\/19\/alen-babic-za-mjesec-dana-borim-se-za-pojas-u-novoj-kategoriji\/","og_site_name":"RADIO LJUBU\u0160KI","article_publisher":"https:\/\/www.facebook.com\/Radiio-Ljubuski-1490835324566332","article_published_time":"2022-04-19T22:37:07+00:00","article_modified_time":"2022-04-19T22:37:08+00:00","og_image":[{"width":765,"height":402,"url":"https:\/\/radioljubuski.ba\/wp-content\/uploads\/2022\/04\/babic.jpg","type":"image\/jpeg"}],"author":"Radio Ljubu\u0161ki","twitter_card":"summary_large_image","twitter_creator":"@radioljubuski","twitter_site":"@radioljubuski","twitter_misc":{"Napisao\/la":"Radio Ljubu\u0161ki","Procijenjeno vrijeme \u010ditanja":"2 minute"},"schema":{"@context":"https:\/\/schema.org","@graph":[{"@type":"Article","@id":"https:\/\/radioljubuski.ba\/index.php\/2022\/04\/19\/alen-babic-za-mjesec-dana-borim-se-za-pojas-u-novoj-kategoriji\/#article","isPartOf":{"@id":"https:\/\/radioljubuski.ba\/index.php\/2022\/04\/19\/alen-babic-za-mjesec-dana-borim-se-za-pojas-u-novoj-kategoriji\/"},"author":{"name":"Radio Ljubu\u0161ki","@id":"https:\/\/radioljubuski.ba\/#\/schema\/person\/19fc700381a780f69665d7956c469e3b"},"headline":"Alen Babi\u0107: Za mjesec dana borim se za pojas u novoj kategoriji","datePublished":"2022-04-19T22:37:07+00:00","dateModified":"2022-04-19T22:37:08+00:00","mainEntityOfPage":{"@id":"https:\/\/radioljubuski.ba\/index.php\/2022\/04\/19\/alen-babic-za-mjesec-dana-borim-se-za-pojas-u-novoj-kategoriji\/"},"wordCount":330,"publisher":{"@id":"https:\/\/radioljubuski.ba\/#organization"},"image":{"@id":"https:\/\/radioljubuski.ba\/index.php\/2022\/04\/19\/alen-babic-za-mjesec-dana-borim-se-za-pojas-u-novoj-kategoriji\/#primaryimage"},"thumbnailUrl":"https:\/\/radioljubuski.ba\/wp-content\/uploads\/2022\/04\/babic.jpg","articleSection":["\u0160port"],"inLanguage":"hr"},{"@type":"WebPage","@id":"https:\/\/radioljubuski.ba\/index.php\/2022\/04\/19\/alen-babic-za-mjesec-dana-borim-se-za-pojas-u-novoj-kategoriji\/","url":"https:\/\/radioljubuski.ba\/index.php\/2022\/04\/19\/alen-babic-za-mjesec-dana-borim-se-za-pojas-u-novoj-kategoriji\/","name":"Alen Babi\u0107: Za mjesec dana borim se za pojas u novoj kategoriji - RADIO LJUBU\u0160KI","isPartOf":{"@id":"https:\/\/radioljubuski.ba\/#website"},"primaryImageOfPage":{"@id":"https:\/\/radioljubuski.ba\/index.php\/2022\/04\/19\/alen-babic-za-mjesec-dana-borim-se-za-pojas-u-novoj-kategoriji\/#primaryimage"},"image":{"@id":"https:\/\/radioljubuski.ba\/index.php\/2022\/04\/19\/alen-babic-za-mjesec-dana-borim-se-za-pojas-u-novoj-kategoriji\/#primaryimage"},"thumbnailUrl":"https:\/\/radioljubuski.ba\/wp-content\/uploads\/2022\/04\/babic.jpg","datePublished":"2022-04-19T22:37:07+00:00","dateModified":"2022-04-19T22:37:08+00:00","breadcrumb":{"@id":"https:\/\/radioljubuski.ba\/index.php\/2022\/04\/19\/alen-babic-za-mjesec-dana-borim-se-za-pojas-u-novoj-kategoriji\/#breadcrumb"},"inLanguage":"hr","potentialAction":[{"@type":"ReadAction","target":["https:\/\/radioljubuski.ba\/index.php\/2022\/04\/19\/alen-babic-za-mjesec-dana-borim-se-za-pojas-u-novoj-kategoriji\/"]}]},{"@type":"ImageObject","inLanguage":"hr","@id":"https:\/\/radioljubuski.ba\/index.php\/2022\/04\/19\/alen-babic-za-mjesec-dana-borim-se-za-pojas-u-novoj-kategoriji\/#primaryimage","url":"https:\/\/radioljubuski.ba\/wp-content\/uploads\/2022\/04\/babic.jpg","contentUrl":"https:\/\/radioljubuski.ba\/wp-content\/uploads\/2022\/04\/babic.jpg","width":765,"height":402},{"@type":"BreadcrumbList","@id":"https:\/\/radioljubuski.ba\/index.php\/2022\/04\/19\/alen-babic-za-mjesec-dana-borim-se-za-pojas-u-novoj-kategoriji\/#breadcrumb","itemListElement":[{"@type":"ListItem","position":1,"name":"Po\u010detna stranica","item":"https:\/\/radioljubuski.ba\/"},{"@type":"ListItem","position":2,"name":"Alen Babi\u0107: Za mjesec dana borim se za pojas u novoj kategoriji"}]},{"@type":"WebSite","@id":"https:\/\/radioljubuski.ba\/#website","url":"https:\/\/radioljubuski.ba\/","name":"Radio Ljubu\u0161ki","description":"Sun\u010dana frekvencija Hercegovine","publisher":{"@id":"https:\/\/radioljubuski.ba\/#organization"},"potentialAction":[{"@type":"SearchAction","target":{"@type":"EntryPoint","urlTemplate":"https:\/\/radioljubuski.ba\/?s={search_term_string}"},"query-input":{"@type":"PropertyValueSpecification","valueRequired":true,"valueName":"search_term_string"}}],"inLanguage":"hr"},{"@type":"Organization","@id":"https:\/\/radioljubuski.ba\/#organization","name":"Radio Ljubu\u0161ki","url":"https:\/\/radioljubuski.ba\/","logo":{"@type":"ImageObject","inLanguage":"hr","@id":"https:\/\/radioljubuski.ba\/#\/schema\/logo\/image\/","url":"https:\/\/radioljubuski.ba\/wp-content\/uploads\/2021\/02\/cropped-Radio_Ljubuski_logo1.jpg","contentUrl":"https:\/\/radioljubuski.ba\/wp-content\/uploads\/2021\/02\/cropped-Radio_Ljubuski_logo1.jpg","width":512,"height":512,"caption":"Radio Ljubu\u0161ki"},"image":{"@id":"https:\/\/radioljubuski.ba\/#\/schema\/logo\/image\/"},"sameAs":["https:\/\/www.facebook.com\/Radiio-Ljubuski-1490835324566332","https:\/\/x.com\/radioljubuski","https:\/\/hr.linkedin.com\/company\/radio-ljubuski","https:\/\/www.youtube.com\/channel\/UCHYaeO_n0Db3tjNGudGpXyw"]},{"@type":"Person","@id":"https:\/\/radioljubuski.ba\/#\/schema\/person\/19fc700381a780f69665d7956c469e3b","name":"Radio Ljubu\u0161ki"}]}},"_links":{"self":[{"href":"https:\/\/radioljubuski.ba\/index.php\/wp-json\/wp\/v2\/posts\/134274","targetHints":{"allow":["GET"]}}],"collection":[{"href":"https:\/\/radioljubuski.ba\/index.php\/wp-json\/wp\/v2\/posts"}],"about":[{"href":"https:\/\/radioljubuski.ba\/index.php\/wp-json\/wp\/v2\/types\/post"}],"author":[{"embeddable":true,"href":"https:\/\/radioljubuski.ba\/index.php\/wp-json\/wp\/v2\/users\/2"}],"replies":[{"embeddable":true,"href":"https:\/\/radioljubuski.ba\/index.php\/wp-json\/wp\/v2\/comments?post=134274"}],"version-history":[{"count":1,"href":"https:\/\/radioljubuski.ba\/index.php\/wp-json\/wp\/v2\/posts\/134274\/revisions"}],"predecessor-version":[{"id":134276,"href":"https:\/\/radioljubuski.ba\/index.php\/wp-json\/wp\/v2\/posts\/134274\/revisions\/134276"}],"wp:featuredmedia":[{"embeddable":true,"href":"https:\/\/radioljubuski.ba\/index.php\/wp-json\/wp\/v2\/media\/134275"}],"wp:attachment":[{"href":"https:\/\/radioljubuski.ba\/index.php\/wp-json\/wp\/v2\/media?parent=134274"}],"wp:term":[{"taxonomy":"category","embeddable":true,"href":"https:\/\/radioljubuski.ba\/index.php\/wp-json\/wp\/v2\/categories?post=134274"},{"taxonomy":"post_tag","embeddable":true,"href":"https:\/\/radioljubuski.ba\/index.php\/wp-json\/wp\/v2\/tags?post=134274"}],"curies":[{"name":"wp","href":"https:\/\/api.w.org\/{rel}","templated":true}]}}