{"id":134280,"date":"2022-04-19T23:40:13","date_gmt":"2022-04-19T22:40:13","guid":{"rendered":"https:\/\/radioljubuski.ba\/?p=134280"},"modified":"2022-04-19T23:40:15","modified_gmt":"2022-04-19T22:40:15","slug":"lavrov-o-zelenskom-puno-prica-ovisno-o-tome-sto-pije-ili-pusi","status":"publish","type":"post","link":"https:\/\/radioljubuski.ba\/index.php\/2022\/04\/19\/lavrov-o-zelenskom-puno-prica-ovisno-o-tome-sto-pije-ili-pusi\/","title":{"rendered":"Lavrov o Zelenskom: Puno pri\u010da, ovisno o tome \u0161to pije ili pu\u0161i"},"content":{"rendered":"\n<p><strong>Ruski ministar vanjskih poslova Sergej Lavrov je za Times of India dao veliki intervju.<\/strong><\/p>\n\n\n\n<p>U njemu je, izme\u0111u ostalog, najavio kako Rusija u Ukrajini ne\u0107e koristiti nuklearno oru\u017eje, ali i da je \u201cspecijalna vojna operacija\u201d u\u0161la u svoju drugu fazu.<\/p>\n\n\n\n<p>Komentirao je i ukrajinskog predsjednika Volodimira Zelenskog. \u201cPuno pri\u010da. Ovisno o tome \u0161to pije ili pu\u0161i\u201d, rekao je Lavrov u vezi izjave Zelenskog da Rusija namjerava koristiti nuklearno oru\u017eje.<\/p>\n\n\n\n<blockquote class=\"twitter-tweet\"><p lang=\"en\" dir=\"ltr\">Journalist: <a href=\"https:\/\/twitter.com\/hashtag\/Zelensky?src=hash&amp;ref_src=twsrc%5Etfw\">#Zelensky<\/a> said <a href=\"https:\/\/twitter.com\/hashtag\/Russia?src=hash&amp;ref_src=twsrc%5Etfw\">#Russia<\/a> plans to use chemical weapons in Ukraine<a href=\"https:\/\/twitter.com\/hashtag\/Lavrov?src=hash&amp;ref_src=twsrc%5Etfw\">#Lavrov<\/a>: &quot;Zelensky says many things, depends on what he drinks or smokes&quot;. Ask you boss, Sergey, on what does he consume? <a href=\"https:\/\/t.co\/PfY9kjLmUG\">pic.twitter.com\/PfY9kjLmUG<\/a><\/p>&mdash; Giorgi Revishvili (@revishvilig) <a href=\"https:\/\/twitter.com\/revishvilig\/status\/1516346938895044616?ref_src=twsrc%5Etfw\">April 19, 2022<\/a><\/blockquote> <script async src=\"https:\/\/platform.twitter.com\/widgets.js\" charset=\"utf-8\"><\/script>\n\n\n\n<p>Naveo je i da je struktura teritorija Ukrajine slo\u017eena. \u201cNeto\u010dno je tvrditi da Ukrajina mo\u017ee biti samo unitarna dr\u017eava, da ni jednom dijelu ne\u0107e biti dodijeljen poseban status, \u010dak i ako Vije\u0107e sigurnosti UN-a to zahtijeva. Mislim da to nije ba\u0161 dobro smi\u0161ljeno\u201d, rekao je Lavrov<\/p>\n\n\n\n<p>Ka\u017ee da bi kriza bila gotova da je Zelenskij sura\u0111ivao. \u201cDa je Zelenskij u\u010dinio ono \u0161to je obe\u0107ao svom bira\u010dkom tijelu kada je izabran za predsjednika, da je sura\u0111ivao i nastojao provesti sporazume iz Minska, onda bi kriza u Donbasu bila odavno rije\u0161ena\u201d, rekao je.<\/p>\n\n\n\n<p>\/HMS\/<\/p>\n","protected":false},"excerpt":{"rendered":"<p>Ruski ministar vanjskih poslova Sergej Lavrov je za Times of India dao veliki intervju. U njemu je, izme\u0111u ostalog, najavio kako Rusija u Ukrajini ne\u0107e koristiti nuklearno oru\u017eje, ali i da je \u201cspecijalna vojna operacija\u201d u\u0161la u svoju drugu fazu. Komentirao je i ukrajinskog predsjednika Volodimira Zelenskog. \u201cPuno pri\u010da. Ovisno o tome \u0161to pije ili [&hellip;]<\/p>\n","protected":false},"author":2,"featured_media":68025,"comment_status":"closed","ping_status":"closed","sticky":false,"template":"","format":"standard","meta":{"h5ap_radio_sources":[],"footnotes":""},"categories":[1],"tags":[],"class_list":["post-134280","post","type-post","status-publish","format-standard","has-post-thumbnail","hentry","category-bihiregija"],"yoast_head":"<!-- This site is optimized with the Yoast SEO plugin v27.4 - https:\/\/yoast.com\/product\/yoast-seo-wordpress\/ -->\n<title>Lavrov o Zelenskom: Puno pri\u010da, ovisno o tome \u0161to pije ili pu\u0161i - RADIO LJUBU\u0160KI<\/title>\n<meta name=\"robots\" content=\"index, follow, max-snippet:-1, max-image-preview:large, max-video-preview:-1\" \/>\n<link rel=\"canonical\" href=\"https:\/\/radioljubuski.ba\/index.php\/2022\/04\/19\/lavrov-o-zelenskom-puno-prica-ovisno-o-tome-sto-pije-ili-pusi\/\" \/>\n<meta property=\"og:locale\" content=\"hr_HR\" \/>\n<meta property=\"og:type\" content=\"article\" \/>\n<meta property=\"og:title\" content=\"Lavrov o Zelenskom: Puno pri\u010da, ovisno o tome \u0161to pije ili pu\u0161i - RADIO LJUBU\u0160KI\" \/>\n<meta property=\"og:description\" content=\"Ruski ministar vanjskih poslova Sergej Lavrov je za Times of India dao veliki intervju. U njemu je, izme\u0111u ostalog, najavio kako Rusija u Ukrajini ne\u0107e koristiti nuklearno oru\u017eje, ali i da je \u201cspecijalna vojna operacija\u201d u\u0161la u svoju drugu fazu. Komentirao je i ukrajinskog predsjednika Volodimira Zelenskog. \u201cPuno pri\u010da. Ovisno o tome \u0161to pije ili [&hellip;]\" \/>\n<meta property=\"og:url\" content=\"https:\/\/radioljubuski.ba\/index.php\/2022\/04\/19\/lavrov-o-zelenskom-puno-prica-ovisno-o-tome-sto-pije-ili-pusi\/\" \/>\n<meta property=\"og:site_name\" content=\"RADIO LJUBU\u0160KI\" \/>\n<meta property=\"article:publisher\" content=\"https:\/\/www.facebook.com\/Radiio-Ljubuski-1490835324566332\" \/>\n<meta property=\"article:published_time\" content=\"2022-04-19T22:40:13+00:00\" \/>\n<meta property=\"article:modified_time\" content=\"2022-04-19T22:40:15+00:00\" \/>\n<meta property=\"og:image\" content=\"https:\/\/radioljubuski.ba\/wp-content\/uploads\/2021\/09\/lavrov.jpg\" \/>\n\t<meta property=\"og:image:width\" content=\"277\" \/>\n\t<meta property=\"og:image:height\" content=\"182\" \/>\n\t<meta property=\"og:image:type\" content=\"image\/jpeg\" \/>\n<meta name=\"author\" content=\"Radio Ljubu\u0161ki\" \/>\n<meta name=\"twitter:card\" content=\"summary_large_image\" \/>\n<meta name=\"twitter:creator\" content=\"@radioljubuski\" \/>\n<meta name=\"twitter:site\" content=\"@radioljubuski\" \/>\n<meta name=\"twitter:label1\" content=\"Napisao\/la\" \/>\n\t<meta name=\"twitter:data1\" content=\"Radio Ljubu\u0161ki\" \/>\n\t<meta name=\"twitter:label2\" content=\"Procijenjeno vrijeme \u010ditanja\" \/>\n\t<meta name=\"twitter:data2\" content=\"1 minuta\" \/>\n<script type=\"application\/ld+json\" class=\"yoast-schema-graph\">{\"@context\":\"https:\\\/\\\/schema.org\",\"@graph\":[{\"@type\":\"Article\",\"@id\":\"https:\\\/\\\/radioljubuski.ba\\\/index.php\\\/2022\\\/04\\\/19\\\/lavrov-o-zelenskom-puno-prica-ovisno-o-tome-sto-pije-ili-pusi\\\/#article\",\"isPartOf\":{\"@id\":\"https:\\\/\\\/radioljubuski.ba\\\/index.php\\\/2022\\\/04\\\/19\\\/lavrov-o-zelenskom-puno-prica-ovisno-o-tome-sto-pije-ili-pusi\\\/\"},\"author\":{\"name\":\"Radio Ljubu\u0161ki\",\"@id\":\"https:\\\/\\\/radioljubuski.ba\\\/#\\\/schema\\\/person\\\/19fc700381a780f69665d7956c469e3b\"},\"headline\":\"Lavrov o Zelenskom: Puno pri\u010da, ovisno o tome \u0161to pije ili pu\u0161i\",\"datePublished\":\"2022-04-19T22:40:13+00:00\",\"dateModified\":\"2022-04-19T22:40:15+00:00\",\"mainEntityOfPage\":{\"@id\":\"https:\\\/\\\/radioljubuski.ba\\\/index.php\\\/2022\\\/04\\\/19\\\/lavrov-o-zelenskom-puno-prica-ovisno-o-tome-sto-pije-ili-pusi\\\/\"},\"wordCount\":240,\"publisher\":{\"@id\":\"https:\\\/\\\/radioljubuski.ba\\\/#organization\"},\"image\":{\"@id\":\"https:\\\/\\\/radioljubuski.ba\\\/index.php\\\/2022\\\/04\\\/19\\\/lavrov-o-zelenskom-puno-prica-ovisno-o-tome-sto-pije-ili-pusi\\\/#primaryimage\"},\"thumbnailUrl\":\"https:\\\/\\\/radioljubuski.ba\\\/wp-content\\\/uploads\\\/2021\\\/09\\\/lavrov.jpg\",\"articleSection\":[\"BIH i regija\"],\"inLanguage\":\"hr\"},{\"@type\":\"WebPage\",\"@id\":\"https:\\\/\\\/radioljubuski.ba\\\/index.php\\\/2022\\\/04\\\/19\\\/lavrov-o-zelenskom-puno-prica-ovisno-o-tome-sto-pije-ili-pusi\\\/\",\"url\":\"https:\\\/\\\/radioljubuski.ba\\\/index.php\\\/2022\\\/04\\\/19\\\/lavrov-o-zelenskom-puno-prica-ovisno-o-tome-sto-pije-ili-pusi\\\/\",\"name\":\"Lavrov o Zelenskom: Puno pri\u010da, ovisno o tome \u0161to pije ili pu\u0161i - RADIO LJUBU\u0160KI\",\"isPartOf\":{\"@id\":\"https:\\\/\\\/radioljubuski.ba\\\/#website\"},\"primaryImageOfPage\":{\"@id\":\"https:\\\/\\\/radioljubuski.ba\\\/index.php\\\/2022\\\/04\\\/19\\\/lavrov-o-zelenskom-puno-prica-ovisno-o-tome-sto-pije-ili-pusi\\\/#primaryimage\"},\"image\":{\"@id\":\"https:\\\/\\\/radioljubuski.ba\\\/index.php\\\/2022\\\/04\\\/19\\\/lavrov-o-zelenskom-puno-prica-ovisno-o-tome-sto-pije-ili-pusi\\\/#primaryimage\"},\"thumbnailUrl\":\"https:\\\/\\\/radioljubuski.ba\\\/wp-content\\\/uploads\\\/2021\\\/09\\\/lavrov.jpg\",\"datePublished\":\"2022-04-19T22:40:13+00:00\",\"dateModified\":\"2022-04-19T22:40:15+00:00\",\"breadcrumb\":{\"@id\":\"https:\\\/\\\/radioljubuski.ba\\\/index.php\\\/2022\\\/04\\\/19\\\/lavrov-o-zelenskom-puno-prica-ovisno-o-tome-sto-pije-ili-pusi\\\/#breadcrumb\"},\"inLanguage\":\"hr\",\"potentialAction\":[{\"@type\":\"ReadAction\",\"target\":[\"https:\\\/\\\/radioljubuski.ba\\\/index.php\\\/2022\\\/04\\\/19\\\/lavrov-o-zelenskom-puno-prica-ovisno-o-tome-sto-pije-ili-pusi\\\/\"]}]},{\"@type\":\"ImageObject\",\"inLanguage\":\"hr\",\"@id\":\"https:\\\/\\\/radioljubuski.ba\\\/index.php\\\/2022\\\/04\\\/19\\\/lavrov-o-zelenskom-puno-prica-ovisno-o-tome-sto-pije-ili-pusi\\\/#primaryimage\",\"url\":\"https:\\\/\\\/radioljubuski.ba\\\/wp-content\\\/uploads\\\/2021\\\/09\\\/lavrov.jpg\",\"contentUrl\":\"https:\\\/\\\/radioljubuski.ba\\\/wp-content\\\/uploads\\\/2021\\\/09\\\/lavrov.jpg\",\"width\":277,\"height\":182},{\"@type\":\"BreadcrumbList\",\"@id\":\"https:\\\/\\\/radioljubuski.ba\\\/index.php\\\/2022\\\/04\\\/19\\\/lavrov-o-zelenskom-puno-prica-ovisno-o-tome-sto-pije-ili-pusi\\\/#breadcrumb\",\"itemListElement\":[{\"@type\":\"ListItem\",\"position\":1,\"name\":\"Po\u010detna stranica\",\"item\":\"https:\\\/\\\/radioljubuski.ba\\\/\"},{\"@type\":\"ListItem\",\"position\":2,\"name\":\"Lavrov o Zelenskom: Puno pri\u010da, ovisno o tome \u0161to pije ili pu\u0161i\"}]},{\"@type\":\"WebSite\",\"@id\":\"https:\\\/\\\/radioljubuski.ba\\\/#website\",\"url\":\"https:\\\/\\\/radioljubuski.ba\\\/\",\"name\":\"Radio Ljubu\u0161ki\",\"description\":\"Sun\u010dana frekvencija Hercegovine\",\"publisher\":{\"@id\":\"https:\\\/\\\/radioljubuski.ba\\\/#organization\"},\"potentialAction\":[{\"@type\":\"SearchAction\",\"target\":{\"@type\":\"EntryPoint\",\"urlTemplate\":\"https:\\\/\\\/radioljubuski.ba\\\/?s={search_term_string}\"},\"query-input\":{\"@type\":\"PropertyValueSpecification\",\"valueRequired\":true,\"valueName\":\"search_term_string\"}}],\"inLanguage\":\"hr\"},{\"@type\":\"Organization\",\"@id\":\"https:\\\/\\\/radioljubuski.ba\\\/#organization\",\"name\":\"Radio Ljubu\u0161ki\",\"url\":\"https:\\\/\\\/radioljubuski.ba\\\/\",\"logo\":{\"@type\":\"ImageObject\",\"inLanguage\":\"hr\",\"@id\":\"https:\\\/\\\/radioljubuski.ba\\\/#\\\/schema\\\/logo\\\/image\\\/\",\"url\":\"https:\\\/\\\/radioljubuski.ba\\\/wp-content\\\/uploads\\\/2021\\\/02\\\/cropped-Radio_Ljubuski_logo1.jpg\",\"contentUrl\":\"https:\\\/\\\/radioljubuski.ba\\\/wp-content\\\/uploads\\\/2021\\\/02\\\/cropped-Radio_Ljubuski_logo1.jpg\",\"width\":512,\"height\":512,\"caption\":\"Radio Ljubu\u0161ki\"},\"image\":{\"@id\":\"https:\\\/\\\/radioljubuski.ba\\\/#\\\/schema\\\/logo\\\/image\\\/\"},\"sameAs\":[\"https:\\\/\\\/www.facebook.com\\\/Radiio-Ljubuski-1490835324566332\",\"https:\\\/\\\/x.com\\\/radioljubuski\",\"https:\\\/\\\/hr.linkedin.com\\\/company\\\/radio-ljubuski\",\"https:\\\/\\\/www.youtube.com\\\/channel\\\/UCHYaeO_n0Db3tjNGudGpXyw\"]},{\"@type\":\"Person\",\"@id\":\"https:\\\/\\\/radioljubuski.ba\\\/#\\\/schema\\\/person\\\/19fc700381a780f69665d7956c469e3b\",\"name\":\"Radio Ljubu\u0161ki\"}]}<\/script>\n<!-- \/ Yoast SEO plugin. -->","yoast_head_json":{"title":"Lavrov o Zelenskom: Puno pri\u010da, ovisno o tome \u0161to pije ili pu\u0161i - RADIO LJUBU\u0160KI","robots":{"index":"index","follow":"follow","max-snippet":"max-snippet:-1","max-image-preview":"max-image-preview:large","max-video-preview":"max-video-preview:-1"},"canonical":"https:\/\/radioljubuski.ba\/index.php\/2022\/04\/19\/lavrov-o-zelenskom-puno-prica-ovisno-o-tome-sto-pije-ili-pusi\/","og_locale":"hr_HR","og_type":"article","og_title":"Lavrov o Zelenskom: Puno pri\u010da, ovisno o tome \u0161to pije ili pu\u0161i - RADIO LJUBU\u0160KI","og_description":"Ruski ministar vanjskih poslova Sergej Lavrov je za Times of India dao veliki intervju. U njemu je, izme\u0111u ostalog, najavio kako Rusija u Ukrajini ne\u0107e koristiti nuklearno oru\u017eje, ali i da je \u201cspecijalna vojna operacija\u201d u\u0161la u svoju drugu fazu. Komentirao je i ukrajinskog predsjednika Volodimira Zelenskog. \u201cPuno pri\u010da. Ovisno o tome \u0161to pije ili [&hellip;]","og_url":"https:\/\/radioljubuski.ba\/index.php\/2022\/04\/19\/lavrov-o-zelenskom-puno-prica-ovisno-o-tome-sto-pije-ili-pusi\/","og_site_name":"RADIO LJUBU\u0160KI","article_publisher":"https:\/\/www.facebook.com\/Radiio-Ljubuski-1490835324566332","article_published_time":"2022-04-19T22:40:13+00:00","article_modified_time":"2022-04-19T22:40:15+00:00","og_image":[{"width":277,"height":182,"url":"https:\/\/radioljubuski.ba\/wp-content\/uploads\/2021\/09\/lavrov.jpg","type":"image\/jpeg"}],"author":"Radio Ljubu\u0161ki","twitter_card":"summary_large_image","twitter_creator":"@radioljubuski","twitter_site":"@radioljubuski","twitter_misc":{"Napisao\/la":"Radio Ljubu\u0161ki","Procijenjeno vrijeme \u010ditanja":"1 minuta"},"schema":{"@context":"https:\/\/schema.org","@graph":[{"@type":"Article","@id":"https:\/\/radioljubuski.ba\/index.php\/2022\/04\/19\/lavrov-o-zelenskom-puno-prica-ovisno-o-tome-sto-pije-ili-pusi\/#article","isPartOf":{"@id":"https:\/\/radioljubuski.ba\/index.php\/2022\/04\/19\/lavrov-o-zelenskom-puno-prica-ovisno-o-tome-sto-pije-ili-pusi\/"},"author":{"name":"Radio Ljubu\u0161ki","@id":"https:\/\/radioljubuski.ba\/#\/schema\/person\/19fc700381a780f69665d7956c469e3b"},"headline":"Lavrov o Zelenskom: Puno pri\u010da, ovisno o tome \u0161to pije ili pu\u0161i","datePublished":"2022-04-19T22:40:13+00:00","dateModified":"2022-04-19T22:40:15+00:00","mainEntityOfPage":{"@id":"https:\/\/radioljubuski.ba\/index.php\/2022\/04\/19\/lavrov-o-zelenskom-puno-prica-ovisno-o-tome-sto-pije-ili-pusi\/"},"wordCount":240,"publisher":{"@id":"https:\/\/radioljubuski.ba\/#organization"},"image":{"@id":"https:\/\/radioljubuski.ba\/index.php\/2022\/04\/19\/lavrov-o-zelenskom-puno-prica-ovisno-o-tome-sto-pije-ili-pusi\/#primaryimage"},"thumbnailUrl":"https:\/\/radioljubuski.ba\/wp-content\/uploads\/2021\/09\/lavrov.jpg","articleSection":["BIH i regija"],"inLanguage":"hr"},{"@type":"WebPage","@id":"https:\/\/radioljubuski.ba\/index.php\/2022\/04\/19\/lavrov-o-zelenskom-puno-prica-ovisno-o-tome-sto-pije-ili-pusi\/","url":"https:\/\/radioljubuski.ba\/index.php\/2022\/04\/19\/lavrov-o-zelenskom-puno-prica-ovisno-o-tome-sto-pije-ili-pusi\/","name":"Lavrov o Zelenskom: Puno pri\u010da, ovisno o tome \u0161to pije ili pu\u0161i - RADIO LJUBU\u0160KI","isPartOf":{"@id":"https:\/\/radioljubuski.ba\/#website"},"primaryImageOfPage":{"@id":"https:\/\/radioljubuski.ba\/index.php\/2022\/04\/19\/lavrov-o-zelenskom-puno-prica-ovisno-o-tome-sto-pije-ili-pusi\/#primaryimage"},"image":{"@id":"https:\/\/radioljubuski.ba\/index.php\/2022\/04\/19\/lavrov-o-zelenskom-puno-prica-ovisno-o-tome-sto-pije-ili-pusi\/#primaryimage"},"thumbnailUrl":"https:\/\/radioljubuski.ba\/wp-content\/uploads\/2021\/09\/lavrov.jpg","datePublished":"2022-04-19T22:40:13+00:00","dateModified":"2022-04-19T22:40:15+00:00","breadcrumb":{"@id":"https:\/\/radioljubuski.ba\/index.php\/2022\/04\/19\/lavrov-o-zelenskom-puno-prica-ovisno-o-tome-sto-pije-ili-pusi\/#breadcrumb"},"inLanguage":"hr","potentialAction":[{"@type":"ReadAction","target":["https:\/\/radioljubuski.ba\/index.php\/2022\/04\/19\/lavrov-o-zelenskom-puno-prica-ovisno-o-tome-sto-pije-ili-pusi\/"]}]},{"@type":"ImageObject","inLanguage":"hr","@id":"https:\/\/radioljubuski.ba\/index.php\/2022\/04\/19\/lavrov-o-zelenskom-puno-prica-ovisno-o-tome-sto-pije-ili-pusi\/#primaryimage","url":"https:\/\/radioljubuski.ba\/wp-content\/uploads\/2021\/09\/lavrov.jpg","contentUrl":"https:\/\/radioljubuski.ba\/wp-content\/uploads\/2021\/09\/lavrov.jpg","width":277,"height":182},{"@type":"BreadcrumbList","@id":"https:\/\/radioljubuski.ba\/index.php\/2022\/04\/19\/lavrov-o-zelenskom-puno-prica-ovisno-o-tome-sto-pije-ili-pusi\/#breadcrumb","itemListElement":[{"@type":"ListItem","position":1,"name":"Po\u010detna stranica","item":"https:\/\/radioljubuski.ba\/"},{"@type":"ListItem","position":2,"name":"Lavrov o Zelenskom: Puno pri\u010da, ovisno o tome \u0161to pije ili pu\u0161i"}]},{"@type":"WebSite","@id":"https:\/\/radioljubuski.ba\/#website","url":"https:\/\/radioljubuski.ba\/","name":"Radio Ljubu\u0161ki","description":"Sun\u010dana frekvencija Hercegovine","publisher":{"@id":"https:\/\/radioljubuski.ba\/#organization"},"potentialAction":[{"@type":"SearchAction","target":{"@type":"EntryPoint","urlTemplate":"https:\/\/radioljubuski.ba\/?s={search_term_string}"},"query-input":{"@type":"PropertyValueSpecification","valueRequired":true,"valueName":"search_term_string"}}],"inLanguage":"hr"},{"@type":"Organization","@id":"https:\/\/radioljubuski.ba\/#organization","name":"Radio Ljubu\u0161ki","url":"https:\/\/radioljubuski.ba\/","logo":{"@type":"ImageObject","inLanguage":"hr","@id":"https:\/\/radioljubuski.ba\/#\/schema\/logo\/image\/","url":"https:\/\/radioljubuski.ba\/wp-content\/uploads\/2021\/02\/cropped-Radio_Ljubuski_logo1.jpg","contentUrl":"https:\/\/radioljubuski.ba\/wp-content\/uploads\/2021\/02\/cropped-Radio_Ljubuski_logo1.jpg","width":512,"height":512,"caption":"Radio Ljubu\u0161ki"},"image":{"@id":"https:\/\/radioljubuski.ba\/#\/schema\/logo\/image\/"},"sameAs":["https:\/\/www.facebook.com\/Radiio-Ljubuski-1490835324566332","https:\/\/x.com\/radioljubuski","https:\/\/hr.linkedin.com\/company\/radio-ljubuski","https:\/\/www.youtube.com\/channel\/UCHYaeO_n0Db3tjNGudGpXyw"]},{"@type":"Person","@id":"https:\/\/radioljubuski.ba\/#\/schema\/person\/19fc700381a780f69665d7956c469e3b","name":"Radio Ljubu\u0161ki"}]}},"_links":{"self":[{"href":"https:\/\/radioljubuski.ba\/index.php\/wp-json\/wp\/v2\/posts\/134280","targetHints":{"allow":["GET"]}}],"collection":[{"href":"https:\/\/radioljubuski.ba\/index.php\/wp-json\/wp\/v2\/posts"}],"about":[{"href":"https:\/\/radioljubuski.ba\/index.php\/wp-json\/wp\/v2\/types\/post"}],"author":[{"embeddable":true,"href":"https:\/\/radioljubuski.ba\/index.php\/wp-json\/wp\/v2\/users\/2"}],"replies":[{"embeddable":true,"href":"https:\/\/radioljubuski.ba\/index.php\/wp-json\/wp\/v2\/comments?post=134280"}],"version-history":[{"count":1,"href":"https:\/\/radioljubuski.ba\/index.php\/wp-json\/wp\/v2\/posts\/134280\/revisions"}],"predecessor-version":[{"id":134281,"href":"https:\/\/radioljubuski.ba\/index.php\/wp-json\/wp\/v2\/posts\/134280\/revisions\/134281"}],"wp:featuredmedia":[{"embeddable":true,"href":"https:\/\/radioljubuski.ba\/index.php\/wp-json\/wp\/v2\/media\/68025"}],"wp:attachment":[{"href":"https:\/\/radioljubuski.ba\/index.php\/wp-json\/wp\/v2\/media?parent=134280"}],"wp:term":[{"taxonomy":"category","embeddable":true,"href":"https:\/\/radioljubuski.ba\/index.php\/wp-json\/wp\/v2\/categories?post=134280"},{"taxonomy":"post_tag","embeddable":true,"href":"https:\/\/radioljubuski.ba\/index.php\/wp-json\/wp\/v2\/tags?post=134280"}],"curies":[{"name":"wp","href":"https:\/\/api.w.org\/{rel}","templated":true}]}}