{"id":134309,"date":"2022-04-20T08:13:51","date_gmt":"2022-04-20T07:13:51","guid":{"rendered":"https:\/\/radioljubuski.ba\/?p=134309"},"modified":"2022-04-20T08:13:52","modified_gmt":"2022-04-20T07:13:52","slug":"freiburg-prvi-put-u-povijesti-u-finalu-njemackog-kupa","status":"publish","type":"post","link":"https:\/\/radioljubuski.ba\/index.php\/2022\/04\/20\/freiburg-prvi-put-u-povijesti-u-finalu-njemackog-kupa\/","title":{"rendered":"Freiburg prvi put u povijesti u finalu Njema\u010dkog kupa"},"content":{"rendered":"\n<p>Nogometa\u0161i Freiburga plasirali su se u finale ovosezonskog izdanja Njema\u010dkog kupa. Oni su u prvom polufinalnom dvoboju kao gosti svladali Hamburger SV sa 3-1 (3-0).<\/p>\n\n\n\n<p>Gosti su sve rije\u0161ili ve\u0107 u prvom poluvremenu kada su golovima\u00a0<strong>Petersena\u00a0<\/strong>(11),\u00a0<strong>Hoeflera\u00a0<\/strong>(17) i\u00a0<strong>Grifa\u00a0<\/strong>(35-11m) ostvarili nedosti\u017enu prednost, da bi pred sam kraj dvoboja\u00a0<strong>Glatzel\u00a0<\/strong>(88) ubla\u017eio poraz doma\u0107ih.<br><br>Hrvatski stoper\u00a0<strong>Mario Vu\u0161kovi\u0107<\/strong>\u00a0odigrao je svih 90 minuta za HSV.<\/p>\n\n\n\n<p>Freiburg \u0107e tako po prvi put u klupskoj povijesti zaigrati u finalu Kupa, a suparnik \u0107e mu 21. svibnja na Olimpijskom stadionu u Berlinu biti bolji iz dvoboja RB Leipzig &#8211; Union Berlin koji \u0107e se igrati u srijedu.<\/p>\n\n\n\n<p>Dosad je 25 razli\u010ditih klubova osvajalo Njema\u010dki kup, no ove sezone \u0107e na taj popis biti dodano novo ime jer ni RB Leipzig niti Union Berlin kao ni Freiburg nikada nisu podizali pobjedni\u010dki pehar.<\/p>\n\n\n\n<p>Union Berlin je jednom igrao u finalu, 2001. godine i izgubio od Schalkea 04, dok je RB Leipzig posljednjih godina dva puta stizao u zavr\u0161nicu, ali je 2019. izgubio od Bayerna, a pro\u0161le godine od Borussije iz Dortmunda.<\/p>\n\n\n\n<p>izvor: hrt.hr<\/p>\n","protected":false},"excerpt":{"rendered":"<p>Nogometa\u0161i Freiburga plasirali su se u finale ovosezonskog izdanja Njema\u010dkog kupa. Oni su u prvom polufinalnom dvoboju kao gosti svladali Hamburger SV sa 3-1 (3-0). Gosti su sve rije\u0161ili ve\u0107 u prvom poluvremenu kada su golovima\u00a0Petersena\u00a0(11),\u00a0Hoeflera\u00a0(17) i\u00a0Grifa\u00a0(35-11m) ostvarili nedosti\u017enu prednost, da bi pred sam kraj dvoboja\u00a0Glatzel\u00a0(88) ubla\u017eio poraz doma\u0107ih. Hrvatski stoper\u00a0Mario Vu\u0161kovi\u0107\u00a0odigrao je svih 90 [&hellip;]<\/p>\n","protected":false},"author":2,"featured_media":134310,"comment_status":"closed","ping_status":"closed","sticky":false,"template":"","format":"standard","meta":{"h5ap_radio_sources":[],"footnotes":""},"categories":[7],"tags":[],"class_list":["post-134309","post","type-post","status-publish","format-standard","has-post-thumbnail","hentry","category-sport"],"yoast_head":"<!-- This site is optimized with the Yoast SEO plugin v27.4 - https:\/\/yoast.com\/product\/yoast-seo-wordpress\/ -->\n<title>Freiburg prvi put u povijesti u finalu Njema\u010dkog kupa - RADIO LJUBU\u0160KI<\/title>\n<meta name=\"robots\" content=\"index, follow, max-snippet:-1, max-image-preview:large, max-video-preview:-1\" \/>\n<link rel=\"canonical\" href=\"https:\/\/radioljubuski.ba\/index.php\/2022\/04\/20\/freiburg-prvi-put-u-povijesti-u-finalu-njemackog-kupa\/\" \/>\n<meta property=\"og:locale\" content=\"hr_HR\" \/>\n<meta property=\"og:type\" content=\"article\" \/>\n<meta property=\"og:title\" content=\"Freiburg prvi put u povijesti u finalu Njema\u010dkog kupa - RADIO LJUBU\u0160KI\" \/>\n<meta property=\"og:description\" content=\"Nogometa\u0161i Freiburga plasirali su se u finale ovosezonskog izdanja Njema\u010dkog kupa. Oni su u prvom polufinalnom dvoboju kao gosti svladali Hamburger SV sa 3-1 (3-0). Gosti su sve rije\u0161ili ve\u0107 u prvom poluvremenu kada su golovima\u00a0Petersena\u00a0(11),\u00a0Hoeflera\u00a0(17) i\u00a0Grifa\u00a0(35-11m) ostvarili nedosti\u017enu prednost, da bi pred sam kraj dvoboja\u00a0Glatzel\u00a0(88) ubla\u017eio poraz doma\u0107ih. Hrvatski stoper\u00a0Mario Vu\u0161kovi\u0107\u00a0odigrao je svih 90 [&hellip;]\" \/>\n<meta property=\"og:url\" content=\"https:\/\/radioljubuski.ba\/index.php\/2022\/04\/20\/freiburg-prvi-put-u-povijesti-u-finalu-njemackog-kupa\/\" \/>\n<meta property=\"og:site_name\" content=\"RADIO LJUBU\u0160KI\" \/>\n<meta property=\"article:publisher\" content=\"https:\/\/www.facebook.com\/Radiio-Ljubuski-1490835324566332\" \/>\n<meta property=\"article:published_time\" content=\"2022-04-20T07:13:51+00:00\" \/>\n<meta property=\"article:modified_time\" content=\"2022-04-20T07:13:52+00:00\" \/>\n<meta property=\"og:image\" content=\"https:\/\/radioljubuski.ba\/wp-content\/uploads\/2022\/04\/freib.jpg\" \/>\n\t<meta property=\"og:image:width\" content=\"282\" \/>\n\t<meta property=\"og:image:height\" content=\"179\" \/>\n\t<meta property=\"og:image:type\" content=\"image\/jpeg\" \/>\n<meta name=\"author\" content=\"Radio Ljubu\u0161ki\" \/>\n<meta name=\"twitter:card\" content=\"summary_large_image\" \/>\n<meta name=\"twitter:creator\" content=\"@radioljubuski\" \/>\n<meta name=\"twitter:site\" content=\"@radioljubuski\" \/>\n<meta name=\"twitter:label1\" content=\"Napisao\/la\" \/>\n\t<meta name=\"twitter:data1\" content=\"Radio Ljubu\u0161ki\" \/>\n\t<meta name=\"twitter:label2\" content=\"Procijenjeno vrijeme \u010ditanja\" \/>\n\t<meta name=\"twitter:data2\" content=\"1 minuta\" \/>\n<script type=\"application\/ld+json\" class=\"yoast-schema-graph\">{\"@context\":\"https:\\\/\\\/schema.org\",\"@graph\":[{\"@type\":\"Article\",\"@id\":\"https:\\\/\\\/radioljubuski.ba\\\/index.php\\\/2022\\\/04\\\/20\\\/freiburg-prvi-put-u-povijesti-u-finalu-njemackog-kupa\\\/#article\",\"isPartOf\":{\"@id\":\"https:\\\/\\\/radioljubuski.ba\\\/index.php\\\/2022\\\/04\\\/20\\\/freiburg-prvi-put-u-povijesti-u-finalu-njemackog-kupa\\\/\"},\"author\":{\"name\":\"Radio Ljubu\u0161ki\",\"@id\":\"https:\\\/\\\/radioljubuski.ba\\\/#\\\/schema\\\/person\\\/19fc700381a780f69665d7956c469e3b\"},\"headline\":\"Freiburg prvi put u povijesti u finalu Njema\u010dkog kupa\",\"datePublished\":\"2022-04-20T07:13:51+00:00\",\"dateModified\":\"2022-04-20T07:13:52+00:00\",\"mainEntityOfPage\":{\"@id\":\"https:\\\/\\\/radioljubuski.ba\\\/index.php\\\/2022\\\/04\\\/20\\\/freiburg-prvi-put-u-povijesti-u-finalu-njemackog-kupa\\\/\"},\"wordCount\":196,\"publisher\":{\"@id\":\"https:\\\/\\\/radioljubuski.ba\\\/#organization\"},\"image\":{\"@id\":\"https:\\\/\\\/radioljubuski.ba\\\/index.php\\\/2022\\\/04\\\/20\\\/freiburg-prvi-put-u-povijesti-u-finalu-njemackog-kupa\\\/#primaryimage\"},\"thumbnailUrl\":\"https:\\\/\\\/radioljubuski.ba\\\/wp-content\\\/uploads\\\/2022\\\/04\\\/freib.jpg\",\"articleSection\":[\"\u0160port\"],\"inLanguage\":\"hr\"},{\"@type\":\"WebPage\",\"@id\":\"https:\\\/\\\/radioljubuski.ba\\\/index.php\\\/2022\\\/04\\\/20\\\/freiburg-prvi-put-u-povijesti-u-finalu-njemackog-kupa\\\/\",\"url\":\"https:\\\/\\\/radioljubuski.ba\\\/index.php\\\/2022\\\/04\\\/20\\\/freiburg-prvi-put-u-povijesti-u-finalu-njemackog-kupa\\\/\",\"name\":\"Freiburg prvi put u povijesti u finalu Njema\u010dkog kupa - RADIO LJUBU\u0160KI\",\"isPartOf\":{\"@id\":\"https:\\\/\\\/radioljubuski.ba\\\/#website\"},\"primaryImageOfPage\":{\"@id\":\"https:\\\/\\\/radioljubuski.ba\\\/index.php\\\/2022\\\/04\\\/20\\\/freiburg-prvi-put-u-povijesti-u-finalu-njemackog-kupa\\\/#primaryimage\"},\"image\":{\"@id\":\"https:\\\/\\\/radioljubuski.ba\\\/index.php\\\/2022\\\/04\\\/20\\\/freiburg-prvi-put-u-povijesti-u-finalu-njemackog-kupa\\\/#primaryimage\"},\"thumbnailUrl\":\"https:\\\/\\\/radioljubuski.ba\\\/wp-content\\\/uploads\\\/2022\\\/04\\\/freib.jpg\",\"datePublished\":\"2022-04-20T07:13:51+00:00\",\"dateModified\":\"2022-04-20T07:13:52+00:00\",\"breadcrumb\":{\"@id\":\"https:\\\/\\\/radioljubuski.ba\\\/index.php\\\/2022\\\/04\\\/20\\\/freiburg-prvi-put-u-povijesti-u-finalu-njemackog-kupa\\\/#breadcrumb\"},\"inLanguage\":\"hr\",\"potentialAction\":[{\"@type\":\"ReadAction\",\"target\":[\"https:\\\/\\\/radioljubuski.ba\\\/index.php\\\/2022\\\/04\\\/20\\\/freiburg-prvi-put-u-povijesti-u-finalu-njemackog-kupa\\\/\"]}]},{\"@type\":\"ImageObject\",\"inLanguage\":\"hr\",\"@id\":\"https:\\\/\\\/radioljubuski.ba\\\/index.php\\\/2022\\\/04\\\/20\\\/freiburg-prvi-put-u-povijesti-u-finalu-njemackog-kupa\\\/#primaryimage\",\"url\":\"https:\\\/\\\/radioljubuski.ba\\\/wp-content\\\/uploads\\\/2022\\\/04\\\/freib.jpg\",\"contentUrl\":\"https:\\\/\\\/radioljubuski.ba\\\/wp-content\\\/uploads\\\/2022\\\/04\\\/freib.jpg\",\"width\":282,\"height\":179},{\"@type\":\"BreadcrumbList\",\"@id\":\"https:\\\/\\\/radioljubuski.ba\\\/index.php\\\/2022\\\/04\\\/20\\\/freiburg-prvi-put-u-povijesti-u-finalu-njemackog-kupa\\\/#breadcrumb\",\"itemListElement\":[{\"@type\":\"ListItem\",\"position\":1,\"name\":\"Po\u010detna stranica\",\"item\":\"https:\\\/\\\/radioljubuski.ba\\\/\"},{\"@type\":\"ListItem\",\"position\":2,\"name\":\"Freiburg prvi put u povijesti u finalu Njema\u010dkog kupa\"}]},{\"@type\":\"WebSite\",\"@id\":\"https:\\\/\\\/radioljubuski.ba\\\/#website\",\"url\":\"https:\\\/\\\/radioljubuski.ba\\\/\",\"name\":\"Radio Ljubu\u0161ki\",\"description\":\"Sun\u010dana frekvencija Hercegovine\",\"publisher\":{\"@id\":\"https:\\\/\\\/radioljubuski.ba\\\/#organization\"},\"potentialAction\":[{\"@type\":\"SearchAction\",\"target\":{\"@type\":\"EntryPoint\",\"urlTemplate\":\"https:\\\/\\\/radioljubuski.ba\\\/?s={search_term_string}\"},\"query-input\":{\"@type\":\"PropertyValueSpecification\",\"valueRequired\":true,\"valueName\":\"search_term_string\"}}],\"inLanguage\":\"hr\"},{\"@type\":\"Organization\",\"@id\":\"https:\\\/\\\/radioljubuski.ba\\\/#organization\",\"name\":\"Radio Ljubu\u0161ki\",\"url\":\"https:\\\/\\\/radioljubuski.ba\\\/\",\"logo\":{\"@type\":\"ImageObject\",\"inLanguage\":\"hr\",\"@id\":\"https:\\\/\\\/radioljubuski.ba\\\/#\\\/schema\\\/logo\\\/image\\\/\",\"url\":\"https:\\\/\\\/radioljubuski.ba\\\/wp-content\\\/uploads\\\/2021\\\/02\\\/cropped-Radio_Ljubuski_logo1.jpg\",\"contentUrl\":\"https:\\\/\\\/radioljubuski.ba\\\/wp-content\\\/uploads\\\/2021\\\/02\\\/cropped-Radio_Ljubuski_logo1.jpg\",\"width\":512,\"height\":512,\"caption\":\"Radio Ljubu\u0161ki\"},\"image\":{\"@id\":\"https:\\\/\\\/radioljubuski.ba\\\/#\\\/schema\\\/logo\\\/image\\\/\"},\"sameAs\":[\"https:\\\/\\\/www.facebook.com\\\/Radiio-Ljubuski-1490835324566332\",\"https:\\\/\\\/x.com\\\/radioljubuski\",\"https:\\\/\\\/hr.linkedin.com\\\/company\\\/radio-ljubuski\",\"https:\\\/\\\/www.youtube.com\\\/channel\\\/UCHYaeO_n0Db3tjNGudGpXyw\"]},{\"@type\":\"Person\",\"@id\":\"https:\\\/\\\/radioljubuski.ba\\\/#\\\/schema\\\/person\\\/19fc700381a780f69665d7956c469e3b\",\"name\":\"Radio Ljubu\u0161ki\"}]}<\/script>\n<!-- \/ Yoast SEO plugin. -->","yoast_head_json":{"title":"Freiburg prvi put u povijesti u finalu Njema\u010dkog kupa - RADIO LJUBU\u0160KI","robots":{"index":"index","follow":"follow","max-snippet":"max-snippet:-1","max-image-preview":"max-image-preview:large","max-video-preview":"max-video-preview:-1"},"canonical":"https:\/\/radioljubuski.ba\/index.php\/2022\/04\/20\/freiburg-prvi-put-u-povijesti-u-finalu-njemackog-kupa\/","og_locale":"hr_HR","og_type":"article","og_title":"Freiburg prvi put u povijesti u finalu Njema\u010dkog kupa - RADIO LJUBU\u0160KI","og_description":"Nogometa\u0161i Freiburga plasirali su se u finale ovosezonskog izdanja Njema\u010dkog kupa. Oni su u prvom polufinalnom dvoboju kao gosti svladali Hamburger SV sa 3-1 (3-0). Gosti su sve rije\u0161ili ve\u0107 u prvom poluvremenu kada su golovima\u00a0Petersena\u00a0(11),\u00a0Hoeflera\u00a0(17) i\u00a0Grifa\u00a0(35-11m) ostvarili nedosti\u017enu prednost, da bi pred sam kraj dvoboja\u00a0Glatzel\u00a0(88) ubla\u017eio poraz doma\u0107ih. Hrvatski stoper\u00a0Mario Vu\u0161kovi\u0107\u00a0odigrao je svih 90 [&hellip;]","og_url":"https:\/\/radioljubuski.ba\/index.php\/2022\/04\/20\/freiburg-prvi-put-u-povijesti-u-finalu-njemackog-kupa\/","og_site_name":"RADIO LJUBU\u0160KI","article_publisher":"https:\/\/www.facebook.com\/Radiio-Ljubuski-1490835324566332","article_published_time":"2022-04-20T07:13:51+00:00","article_modified_time":"2022-04-20T07:13:52+00:00","og_image":[{"width":282,"height":179,"url":"https:\/\/radioljubuski.ba\/wp-content\/uploads\/2022\/04\/freib.jpg","type":"image\/jpeg"}],"author":"Radio Ljubu\u0161ki","twitter_card":"summary_large_image","twitter_creator":"@radioljubuski","twitter_site":"@radioljubuski","twitter_misc":{"Napisao\/la":"Radio Ljubu\u0161ki","Procijenjeno vrijeme \u010ditanja":"1 minuta"},"schema":{"@context":"https:\/\/schema.org","@graph":[{"@type":"Article","@id":"https:\/\/radioljubuski.ba\/index.php\/2022\/04\/20\/freiburg-prvi-put-u-povijesti-u-finalu-njemackog-kupa\/#article","isPartOf":{"@id":"https:\/\/radioljubuski.ba\/index.php\/2022\/04\/20\/freiburg-prvi-put-u-povijesti-u-finalu-njemackog-kupa\/"},"author":{"name":"Radio Ljubu\u0161ki","@id":"https:\/\/radioljubuski.ba\/#\/schema\/person\/19fc700381a780f69665d7956c469e3b"},"headline":"Freiburg prvi put u povijesti u finalu Njema\u010dkog kupa","datePublished":"2022-04-20T07:13:51+00:00","dateModified":"2022-04-20T07:13:52+00:00","mainEntityOfPage":{"@id":"https:\/\/radioljubuski.ba\/index.php\/2022\/04\/20\/freiburg-prvi-put-u-povijesti-u-finalu-njemackog-kupa\/"},"wordCount":196,"publisher":{"@id":"https:\/\/radioljubuski.ba\/#organization"},"image":{"@id":"https:\/\/radioljubuski.ba\/index.php\/2022\/04\/20\/freiburg-prvi-put-u-povijesti-u-finalu-njemackog-kupa\/#primaryimage"},"thumbnailUrl":"https:\/\/radioljubuski.ba\/wp-content\/uploads\/2022\/04\/freib.jpg","articleSection":["\u0160port"],"inLanguage":"hr"},{"@type":"WebPage","@id":"https:\/\/radioljubuski.ba\/index.php\/2022\/04\/20\/freiburg-prvi-put-u-povijesti-u-finalu-njemackog-kupa\/","url":"https:\/\/radioljubuski.ba\/index.php\/2022\/04\/20\/freiburg-prvi-put-u-povijesti-u-finalu-njemackog-kupa\/","name":"Freiburg prvi put u povijesti u finalu Njema\u010dkog kupa - RADIO LJUBU\u0160KI","isPartOf":{"@id":"https:\/\/radioljubuski.ba\/#website"},"primaryImageOfPage":{"@id":"https:\/\/radioljubuski.ba\/index.php\/2022\/04\/20\/freiburg-prvi-put-u-povijesti-u-finalu-njemackog-kupa\/#primaryimage"},"image":{"@id":"https:\/\/radioljubuski.ba\/index.php\/2022\/04\/20\/freiburg-prvi-put-u-povijesti-u-finalu-njemackog-kupa\/#primaryimage"},"thumbnailUrl":"https:\/\/radioljubuski.ba\/wp-content\/uploads\/2022\/04\/freib.jpg","datePublished":"2022-04-20T07:13:51+00:00","dateModified":"2022-04-20T07:13:52+00:00","breadcrumb":{"@id":"https:\/\/radioljubuski.ba\/index.php\/2022\/04\/20\/freiburg-prvi-put-u-povijesti-u-finalu-njemackog-kupa\/#breadcrumb"},"inLanguage":"hr","potentialAction":[{"@type":"ReadAction","target":["https:\/\/radioljubuski.ba\/index.php\/2022\/04\/20\/freiburg-prvi-put-u-povijesti-u-finalu-njemackog-kupa\/"]}]},{"@type":"ImageObject","inLanguage":"hr","@id":"https:\/\/radioljubuski.ba\/index.php\/2022\/04\/20\/freiburg-prvi-put-u-povijesti-u-finalu-njemackog-kupa\/#primaryimage","url":"https:\/\/radioljubuski.ba\/wp-content\/uploads\/2022\/04\/freib.jpg","contentUrl":"https:\/\/radioljubuski.ba\/wp-content\/uploads\/2022\/04\/freib.jpg","width":282,"height":179},{"@type":"BreadcrumbList","@id":"https:\/\/radioljubuski.ba\/index.php\/2022\/04\/20\/freiburg-prvi-put-u-povijesti-u-finalu-njemackog-kupa\/#breadcrumb","itemListElement":[{"@type":"ListItem","position":1,"name":"Po\u010detna stranica","item":"https:\/\/radioljubuski.ba\/"},{"@type":"ListItem","position":2,"name":"Freiburg prvi put u povijesti u finalu Njema\u010dkog kupa"}]},{"@type":"WebSite","@id":"https:\/\/radioljubuski.ba\/#website","url":"https:\/\/radioljubuski.ba\/","name":"Radio Ljubu\u0161ki","description":"Sun\u010dana frekvencija Hercegovine","publisher":{"@id":"https:\/\/radioljubuski.ba\/#organization"},"potentialAction":[{"@type":"SearchAction","target":{"@type":"EntryPoint","urlTemplate":"https:\/\/radioljubuski.ba\/?s={search_term_string}"},"query-input":{"@type":"PropertyValueSpecification","valueRequired":true,"valueName":"search_term_string"}}],"inLanguage":"hr"},{"@type":"Organization","@id":"https:\/\/radioljubuski.ba\/#organization","name":"Radio Ljubu\u0161ki","url":"https:\/\/radioljubuski.ba\/","logo":{"@type":"ImageObject","inLanguage":"hr","@id":"https:\/\/radioljubuski.ba\/#\/schema\/logo\/image\/","url":"https:\/\/radioljubuski.ba\/wp-content\/uploads\/2021\/02\/cropped-Radio_Ljubuski_logo1.jpg","contentUrl":"https:\/\/radioljubuski.ba\/wp-content\/uploads\/2021\/02\/cropped-Radio_Ljubuski_logo1.jpg","width":512,"height":512,"caption":"Radio Ljubu\u0161ki"},"image":{"@id":"https:\/\/radioljubuski.ba\/#\/schema\/logo\/image\/"},"sameAs":["https:\/\/www.facebook.com\/Radiio-Ljubuski-1490835324566332","https:\/\/x.com\/radioljubuski","https:\/\/hr.linkedin.com\/company\/radio-ljubuski","https:\/\/www.youtube.com\/channel\/UCHYaeO_n0Db3tjNGudGpXyw"]},{"@type":"Person","@id":"https:\/\/radioljubuski.ba\/#\/schema\/person\/19fc700381a780f69665d7956c469e3b","name":"Radio Ljubu\u0161ki"}]}},"_links":{"self":[{"href":"https:\/\/radioljubuski.ba\/index.php\/wp-json\/wp\/v2\/posts\/134309","targetHints":{"allow":["GET"]}}],"collection":[{"href":"https:\/\/radioljubuski.ba\/index.php\/wp-json\/wp\/v2\/posts"}],"about":[{"href":"https:\/\/radioljubuski.ba\/index.php\/wp-json\/wp\/v2\/types\/post"}],"author":[{"embeddable":true,"href":"https:\/\/radioljubuski.ba\/index.php\/wp-json\/wp\/v2\/users\/2"}],"replies":[{"embeddable":true,"href":"https:\/\/radioljubuski.ba\/index.php\/wp-json\/wp\/v2\/comments?post=134309"}],"version-history":[{"count":1,"href":"https:\/\/radioljubuski.ba\/index.php\/wp-json\/wp\/v2\/posts\/134309\/revisions"}],"predecessor-version":[{"id":134311,"href":"https:\/\/radioljubuski.ba\/index.php\/wp-json\/wp\/v2\/posts\/134309\/revisions\/134311"}],"wp:featuredmedia":[{"embeddable":true,"href":"https:\/\/radioljubuski.ba\/index.php\/wp-json\/wp\/v2\/media\/134310"}],"wp:attachment":[{"href":"https:\/\/radioljubuski.ba\/index.php\/wp-json\/wp\/v2\/media?parent=134309"}],"wp:term":[{"taxonomy":"category","embeddable":true,"href":"https:\/\/radioljubuski.ba\/index.php\/wp-json\/wp\/v2\/categories?post=134309"},{"taxonomy":"post_tag","embeddable":true,"href":"https:\/\/radioljubuski.ba\/index.php\/wp-json\/wp\/v2\/tags?post=134309"}],"curies":[{"name":"wp","href":"https:\/\/api.w.org\/{rel}","templated":true}]}}