{"id":134312,"date":"2022-04-20T08:20:17","date_gmt":"2022-04-20T07:20:17","guid":{"rendered":"https:\/\/radioljubuski.ba\/?p=134312"},"modified":"2022-04-21T10:34:15","modified_gmt":"2022-04-21T09:34:15","slug":"skoro-5-i-pol-tisuca-stranaca-doslo-u-bih-studirati-evo-otkud-ih-je-najvise","status":"publish","type":"post","link":"https:\/\/radioljubuski.ba\/index.php\/2022\/04\/20\/skoro-5-i-pol-tisuca-stranaca-doslo-u-bih-studirati-evo-otkud-ih-je-najvise\/","title":{"rendered":"Skoro 5 i pol tisu\u0107a stranaca do\u0161lo u BiH studirati, evo otkud ih je najvi\u0161e"},"content":{"rendered":"\n<p>Gotovo 5 i pol tisu\u0107a inozemnih studenata studiralo je pro\u0161le akademske godine na podru\u010dju Bosne i Hercegovine, objavila je <a href=\"https:\/\/erudera.com\/\">platforma za pretra\u017eivanje visokog obrazovanja Erudera. <\/a><\/p>\n\n\n\n<p>Platforma je, navode iz <a href=\"https:\/\/erudera.com\/\">Erudere<\/a>, prikupila i analizirala zanimljive podatke o me\u0111unarodnim studentima u BiH, njihovoj nacionalnosti, vrhunskim sveu\u010dili\u0161tima u zemlji, kao i tro\u0161kovima \u017eivota. <\/p>\n\n\n\n<p><strong>Najvi\u0161e Hrvata i Srba<\/strong><\/p>\n\n\n\n<p> Kako navode, prema slu\u017ebenim statistikama 2019.\/20., Bosna i Hercegovina je ugostila do 5.454 me\u0111unarodna studenta iz vi\u0161e od 25 razli\u010ditih zemalja. <\/p>\n\n\n\n<p>Najpopularnije nacionalnosti koje biraju BiH za svoju studij su: Hrvatska (2,188 studenata), Srbija (1,593), Crna Gora (711), Turska (584), Njema\u010dka (52), Jordan (25), Sirija (20), Slovenija (20) Sjeverna Makedonija (20), Saudijska Arabija (17), Albanija (17) i Egipat (14). Alma Miftari iz Erudere istaknula je razloge za\u0161to inozemni studenti biraju BiH za studiranje. \u201cSve u svemu, Bosna i Hercegovina je vrlo privla\u010dna i gostoljubiva zemlja za me\u0111unarodne studente. Visok kvalitet studijskih programa, pristupa\u010dni tro\u0161kovi \u017eivota, ugodan studentski \u017eivot, sigurnost i stabilnost zemlje, samo su neke od stvari koje stranci preferiraju u BiH\u201d, rekla je Miftari. <\/p>\n\n\n\n<p><strong>\u0160kolarine do 4 tisu\u0107e KM <\/strong><\/p>\n\n\n\n<p>Platforma navodi da BiH trenutno ima osam javnih sveu\u010dili\u0161ta s vi\u0161e od 90.000 studenata upisanih na redovite i izvanredne programe na bilo kojoj od institucija. <\/p>\n\n\n\n<p>\u201cJavne institucije u zemlji financiraju se i upravljaju od strane vlade, s vrlo visokim standardima nastave. Sukladno tome, u zemlji postoje do 22 privatne visoke institucije, koje podjednako podu\u010davaju zna\u010dajan broj doma\u0107ih i stranih studenata s op\u0107enito visokim standardima koji su dostupni u zemlji\u201d, priop\u0107ili su iz Erudere. <\/p>\n\n\n\n<p>Najbolja sveu\u010dili\u0161ta u BiH prema ljestvici institucija Scimago za 2022. su: Univerzitet u Isto\u010dnom Sarajevu, Univerzitet u Sarajevu, Univerzitet u Banjoj Luci, Univerzitet u Tuzli i Sveu\u010dili\u0161te u Mostaru. Prema tro\u0161kovima, BiH je na 316. mjestu u svijetu kao zemlja koja je vrlo pristupa\u010dna za \u017eivot, studiranje ili rad. Naj\u010de\u0161\u0107a godi\u0161nja \u0161kolarina u prvom ciklusu studiranja iznosi blizu 660 KM. U drugom ciklusu godi\u0161nje naknade variraju od 440 KM do 4.000 KM, priop\u0107ili su iz Erudera. <\/p>\n\n\n\n<p><strong>Izvor: Bljesak.info<\/strong><\/p>\n","protected":false},"excerpt":{"rendered":"<p>Gotovo 5 i pol tisu\u0107a inozemnih studenata studiralo je pro\u0161le akademske godine na podru\u010dju Bosne i Hercegovine, objavila je platforma za pretra\u017eivanje visokog obrazovanja Erudera. Platforma je, navode iz Erudere, prikupila i analizirala zanimljive podatke o me\u0111unarodnim studentima u BiH, njihovoj nacionalnosti, vrhunskim sveu\u010dili\u0161tima u zemlji, kao i tro\u0161kovima \u017eivota. Najvi\u0161e Hrvata i Srba Kako [&hellip;]<\/p>\n","protected":false},"author":2,"featured_media":134314,"comment_status":"closed","ping_status":"closed","sticky":false,"template":"","format":"standard","meta":{"h5ap_radio_sources":[],"footnotes":""},"categories":[1],"tags":[],"class_list":["post-134312","post","type-post","status-publish","format-standard","has-post-thumbnail","hentry","category-bihiregija"],"yoast_head":"<!-- This site is optimized with the Yoast SEO plugin v27.4 - https:\/\/yoast.com\/product\/yoast-seo-wordpress\/ -->\n<title>Skoro 5 i pol tisu\u0107a stranaca do\u0161lo u BiH studirati, evo otkud ih je najvi\u0161e - RADIO LJUBU\u0160KI<\/title>\n<meta name=\"robots\" content=\"index, follow, max-snippet:-1, max-image-preview:large, max-video-preview:-1\" \/>\n<link rel=\"canonical\" href=\"https:\/\/radioljubuski.ba\/index.php\/2022\/04\/20\/skoro-5-i-pol-tisuca-stranaca-doslo-u-bih-studirati-evo-otkud-ih-je-najvise\/\" \/>\n<meta property=\"og:locale\" content=\"hr_HR\" \/>\n<meta property=\"og:type\" content=\"article\" \/>\n<meta property=\"og:title\" content=\"Skoro 5 i pol tisu\u0107a stranaca do\u0161lo u BiH studirati, evo otkud ih je najvi\u0161e - RADIO LJUBU\u0160KI\" \/>\n<meta property=\"og:description\" content=\"Gotovo 5 i pol tisu\u0107a inozemnih studenata studiralo je pro\u0161le akademske godine na podru\u010dju Bosne i Hercegovine, objavila je platforma za pretra\u017eivanje visokog obrazovanja Erudera. Platforma je, navode iz Erudere, prikupila i analizirala zanimljive podatke o me\u0111unarodnim studentima u BiH, njihovoj nacionalnosti, vrhunskim sveu\u010dili\u0161tima u zemlji, kao i tro\u0161kovima \u017eivota. Najvi\u0161e Hrvata i Srba Kako [&hellip;]\" \/>\n<meta property=\"og:url\" content=\"https:\/\/radioljubuski.ba\/index.php\/2022\/04\/20\/skoro-5-i-pol-tisuca-stranaca-doslo-u-bih-studirati-evo-otkud-ih-je-najvise\/\" \/>\n<meta property=\"og:site_name\" content=\"RADIO LJUBU\u0160KI\" \/>\n<meta property=\"article:publisher\" content=\"https:\/\/www.facebook.com\/Radiio-Ljubuski-1490835324566332\" \/>\n<meta property=\"article:published_time\" content=\"2022-04-20T07:20:17+00:00\" \/>\n<meta property=\"article:modified_time\" content=\"2022-04-21T09:34:15+00:00\" \/>\n<meta property=\"og:image\" content=\"https:\/\/radioljubuski.ba\/wp-content\/uploads\/2022\/04\/Studenti-Prosvjed-9.jpg\" \/>\n\t<meta property=\"og:image:width\" content=\"800\" \/>\n\t<meta property=\"og:image:height\" content=\"550\" \/>\n\t<meta property=\"og:image:type\" content=\"image\/jpeg\" \/>\n<meta name=\"author\" content=\"Radio Ljubu\u0161ki\" \/>\n<meta name=\"twitter:card\" content=\"summary_large_image\" \/>\n<meta name=\"twitter:creator\" content=\"@radioljubuski\" \/>\n<meta name=\"twitter:site\" content=\"@radioljubuski\" \/>\n<meta name=\"twitter:label1\" content=\"Napisao\/la\" \/>\n\t<meta name=\"twitter:data1\" content=\"Radio Ljubu\u0161ki\" \/>\n\t<meta name=\"twitter:label2\" content=\"Procijenjeno vrijeme \u010ditanja\" \/>\n\t<meta name=\"twitter:data2\" content=\"2 minute\" \/>\n<script type=\"application\/ld+json\" class=\"yoast-schema-graph\">{\"@context\":\"https:\\\/\\\/schema.org\",\"@graph\":[{\"@type\":\"Article\",\"@id\":\"https:\\\/\\\/radioljubuski.ba\\\/index.php\\\/2022\\\/04\\\/20\\\/skoro-5-i-pol-tisuca-stranaca-doslo-u-bih-studirati-evo-otkud-ih-je-najvise\\\/#article\",\"isPartOf\":{\"@id\":\"https:\\\/\\\/radioljubuski.ba\\\/index.php\\\/2022\\\/04\\\/20\\\/skoro-5-i-pol-tisuca-stranaca-doslo-u-bih-studirati-evo-otkud-ih-je-najvise\\\/\"},\"author\":{\"name\":\"Radio Ljubu\u0161ki\",\"@id\":\"https:\\\/\\\/radioljubuski.ba\\\/#\\\/schema\\\/person\\\/19fc700381a780f69665d7956c469e3b\"},\"headline\":\"Skoro 5 i pol tisu\u0107a stranaca do\u0161lo u BiH studirati, evo otkud ih je najvi\u0161e\",\"datePublished\":\"2022-04-20T07:20:17+00:00\",\"dateModified\":\"2022-04-21T09:34:15+00:00\",\"mainEntityOfPage\":{\"@id\":\"https:\\\/\\\/radioljubuski.ba\\\/index.php\\\/2022\\\/04\\\/20\\\/skoro-5-i-pol-tisuca-stranaca-doslo-u-bih-studirati-evo-otkud-ih-je-najvise\\\/\"},\"wordCount\":359,\"publisher\":{\"@id\":\"https:\\\/\\\/radioljubuski.ba\\\/#organization\"},\"image\":{\"@id\":\"https:\\\/\\\/radioljubuski.ba\\\/index.php\\\/2022\\\/04\\\/20\\\/skoro-5-i-pol-tisuca-stranaca-doslo-u-bih-studirati-evo-otkud-ih-je-najvise\\\/#primaryimage\"},\"thumbnailUrl\":\"https:\\\/\\\/radioljubuski.ba\\\/wp-content\\\/uploads\\\/2022\\\/04\\\/Studenti-Prosvjed-9.jpg\",\"articleSection\":[\"BIH i regija\"],\"inLanguage\":\"hr\"},{\"@type\":\"WebPage\",\"@id\":\"https:\\\/\\\/radioljubuski.ba\\\/index.php\\\/2022\\\/04\\\/20\\\/skoro-5-i-pol-tisuca-stranaca-doslo-u-bih-studirati-evo-otkud-ih-je-najvise\\\/\",\"url\":\"https:\\\/\\\/radioljubuski.ba\\\/index.php\\\/2022\\\/04\\\/20\\\/skoro-5-i-pol-tisuca-stranaca-doslo-u-bih-studirati-evo-otkud-ih-je-najvise\\\/\",\"name\":\"Skoro 5 i pol tisu\u0107a stranaca do\u0161lo u BiH studirati, evo otkud ih je najvi\u0161e - RADIO LJUBU\u0160KI\",\"isPartOf\":{\"@id\":\"https:\\\/\\\/radioljubuski.ba\\\/#website\"},\"primaryImageOfPage\":{\"@id\":\"https:\\\/\\\/radioljubuski.ba\\\/index.php\\\/2022\\\/04\\\/20\\\/skoro-5-i-pol-tisuca-stranaca-doslo-u-bih-studirati-evo-otkud-ih-je-najvise\\\/#primaryimage\"},\"image\":{\"@id\":\"https:\\\/\\\/radioljubuski.ba\\\/index.php\\\/2022\\\/04\\\/20\\\/skoro-5-i-pol-tisuca-stranaca-doslo-u-bih-studirati-evo-otkud-ih-je-najvise\\\/#primaryimage\"},\"thumbnailUrl\":\"https:\\\/\\\/radioljubuski.ba\\\/wp-content\\\/uploads\\\/2022\\\/04\\\/Studenti-Prosvjed-9.jpg\",\"datePublished\":\"2022-04-20T07:20:17+00:00\",\"dateModified\":\"2022-04-21T09:34:15+00:00\",\"breadcrumb\":{\"@id\":\"https:\\\/\\\/radioljubuski.ba\\\/index.php\\\/2022\\\/04\\\/20\\\/skoro-5-i-pol-tisuca-stranaca-doslo-u-bih-studirati-evo-otkud-ih-je-najvise\\\/#breadcrumb\"},\"inLanguage\":\"hr\",\"potentialAction\":[{\"@type\":\"ReadAction\",\"target\":[\"https:\\\/\\\/radioljubuski.ba\\\/index.php\\\/2022\\\/04\\\/20\\\/skoro-5-i-pol-tisuca-stranaca-doslo-u-bih-studirati-evo-otkud-ih-je-najvise\\\/\"]}]},{\"@type\":\"ImageObject\",\"inLanguage\":\"hr\",\"@id\":\"https:\\\/\\\/radioljubuski.ba\\\/index.php\\\/2022\\\/04\\\/20\\\/skoro-5-i-pol-tisuca-stranaca-doslo-u-bih-studirati-evo-otkud-ih-je-najvise\\\/#primaryimage\",\"url\":\"https:\\\/\\\/radioljubuski.ba\\\/wp-content\\\/uploads\\\/2022\\\/04\\\/Studenti-Prosvjed-9.jpg\",\"contentUrl\":\"https:\\\/\\\/radioljubuski.ba\\\/wp-content\\\/uploads\\\/2022\\\/04\\\/Studenti-Prosvjed-9.jpg\",\"width\":800,\"height\":550},{\"@type\":\"BreadcrumbList\",\"@id\":\"https:\\\/\\\/radioljubuski.ba\\\/index.php\\\/2022\\\/04\\\/20\\\/skoro-5-i-pol-tisuca-stranaca-doslo-u-bih-studirati-evo-otkud-ih-je-najvise\\\/#breadcrumb\",\"itemListElement\":[{\"@type\":\"ListItem\",\"position\":1,\"name\":\"Po\u010detna stranica\",\"item\":\"https:\\\/\\\/radioljubuski.ba\\\/\"},{\"@type\":\"ListItem\",\"position\":2,\"name\":\"Skoro 5 i pol tisu\u0107a stranaca do\u0161lo u BiH studirati, evo otkud ih je najvi\u0161e\"}]},{\"@type\":\"WebSite\",\"@id\":\"https:\\\/\\\/radioljubuski.ba\\\/#website\",\"url\":\"https:\\\/\\\/radioljubuski.ba\\\/\",\"name\":\"Radio Ljubu\u0161ki\",\"description\":\"Sun\u010dana frekvencija Hercegovine\",\"publisher\":{\"@id\":\"https:\\\/\\\/radioljubuski.ba\\\/#organization\"},\"potentialAction\":[{\"@type\":\"SearchAction\",\"target\":{\"@type\":\"EntryPoint\",\"urlTemplate\":\"https:\\\/\\\/radioljubuski.ba\\\/?s={search_term_string}\"},\"query-input\":{\"@type\":\"PropertyValueSpecification\",\"valueRequired\":true,\"valueName\":\"search_term_string\"}}],\"inLanguage\":\"hr\"},{\"@type\":\"Organization\",\"@id\":\"https:\\\/\\\/radioljubuski.ba\\\/#organization\",\"name\":\"Radio Ljubu\u0161ki\",\"url\":\"https:\\\/\\\/radioljubuski.ba\\\/\",\"logo\":{\"@type\":\"ImageObject\",\"inLanguage\":\"hr\",\"@id\":\"https:\\\/\\\/radioljubuski.ba\\\/#\\\/schema\\\/logo\\\/image\\\/\",\"url\":\"https:\\\/\\\/radioljubuski.ba\\\/wp-content\\\/uploads\\\/2021\\\/02\\\/cropped-Radio_Ljubuski_logo1.jpg\",\"contentUrl\":\"https:\\\/\\\/radioljubuski.ba\\\/wp-content\\\/uploads\\\/2021\\\/02\\\/cropped-Radio_Ljubuski_logo1.jpg\",\"width\":512,\"height\":512,\"caption\":\"Radio Ljubu\u0161ki\"},\"image\":{\"@id\":\"https:\\\/\\\/radioljubuski.ba\\\/#\\\/schema\\\/logo\\\/image\\\/\"},\"sameAs\":[\"https:\\\/\\\/www.facebook.com\\\/Radiio-Ljubuski-1490835324566332\",\"https:\\\/\\\/x.com\\\/radioljubuski\",\"https:\\\/\\\/hr.linkedin.com\\\/company\\\/radio-ljubuski\",\"https:\\\/\\\/www.youtube.com\\\/channel\\\/UCHYaeO_n0Db3tjNGudGpXyw\"]},{\"@type\":\"Person\",\"@id\":\"https:\\\/\\\/radioljubuski.ba\\\/#\\\/schema\\\/person\\\/19fc700381a780f69665d7956c469e3b\",\"name\":\"Radio Ljubu\u0161ki\"}]}<\/script>\n<!-- \/ Yoast SEO plugin. -->","yoast_head_json":{"title":"Skoro 5 i pol tisu\u0107a stranaca do\u0161lo u BiH studirati, evo otkud ih je najvi\u0161e - RADIO LJUBU\u0160KI","robots":{"index":"index","follow":"follow","max-snippet":"max-snippet:-1","max-image-preview":"max-image-preview:large","max-video-preview":"max-video-preview:-1"},"canonical":"https:\/\/radioljubuski.ba\/index.php\/2022\/04\/20\/skoro-5-i-pol-tisuca-stranaca-doslo-u-bih-studirati-evo-otkud-ih-je-najvise\/","og_locale":"hr_HR","og_type":"article","og_title":"Skoro 5 i pol tisu\u0107a stranaca do\u0161lo u BiH studirati, evo otkud ih je najvi\u0161e - RADIO LJUBU\u0160KI","og_description":"Gotovo 5 i pol tisu\u0107a inozemnih studenata studiralo je pro\u0161le akademske godine na podru\u010dju Bosne i Hercegovine, objavila je platforma za pretra\u017eivanje visokog obrazovanja Erudera. Platforma je, navode iz Erudere, prikupila i analizirala zanimljive podatke o me\u0111unarodnim studentima u BiH, njihovoj nacionalnosti, vrhunskim sveu\u010dili\u0161tima u zemlji, kao i tro\u0161kovima \u017eivota. Najvi\u0161e Hrvata i Srba Kako [&hellip;]","og_url":"https:\/\/radioljubuski.ba\/index.php\/2022\/04\/20\/skoro-5-i-pol-tisuca-stranaca-doslo-u-bih-studirati-evo-otkud-ih-je-najvise\/","og_site_name":"RADIO LJUBU\u0160KI","article_publisher":"https:\/\/www.facebook.com\/Radiio-Ljubuski-1490835324566332","article_published_time":"2022-04-20T07:20:17+00:00","article_modified_time":"2022-04-21T09:34:15+00:00","og_image":[{"width":800,"height":550,"url":"https:\/\/radioljubuski.ba\/wp-content\/uploads\/2022\/04\/Studenti-Prosvjed-9.jpg","type":"image\/jpeg"}],"author":"Radio Ljubu\u0161ki","twitter_card":"summary_large_image","twitter_creator":"@radioljubuski","twitter_site":"@radioljubuski","twitter_misc":{"Napisao\/la":"Radio Ljubu\u0161ki","Procijenjeno vrijeme \u010ditanja":"2 minute"},"schema":{"@context":"https:\/\/schema.org","@graph":[{"@type":"Article","@id":"https:\/\/radioljubuski.ba\/index.php\/2022\/04\/20\/skoro-5-i-pol-tisuca-stranaca-doslo-u-bih-studirati-evo-otkud-ih-je-najvise\/#article","isPartOf":{"@id":"https:\/\/radioljubuski.ba\/index.php\/2022\/04\/20\/skoro-5-i-pol-tisuca-stranaca-doslo-u-bih-studirati-evo-otkud-ih-je-najvise\/"},"author":{"name":"Radio Ljubu\u0161ki","@id":"https:\/\/radioljubuski.ba\/#\/schema\/person\/19fc700381a780f69665d7956c469e3b"},"headline":"Skoro 5 i pol tisu\u0107a stranaca do\u0161lo u BiH studirati, evo otkud ih je najvi\u0161e","datePublished":"2022-04-20T07:20:17+00:00","dateModified":"2022-04-21T09:34:15+00:00","mainEntityOfPage":{"@id":"https:\/\/radioljubuski.ba\/index.php\/2022\/04\/20\/skoro-5-i-pol-tisuca-stranaca-doslo-u-bih-studirati-evo-otkud-ih-je-najvise\/"},"wordCount":359,"publisher":{"@id":"https:\/\/radioljubuski.ba\/#organization"},"image":{"@id":"https:\/\/radioljubuski.ba\/index.php\/2022\/04\/20\/skoro-5-i-pol-tisuca-stranaca-doslo-u-bih-studirati-evo-otkud-ih-je-najvise\/#primaryimage"},"thumbnailUrl":"https:\/\/radioljubuski.ba\/wp-content\/uploads\/2022\/04\/Studenti-Prosvjed-9.jpg","articleSection":["BIH i regija"],"inLanguage":"hr"},{"@type":"WebPage","@id":"https:\/\/radioljubuski.ba\/index.php\/2022\/04\/20\/skoro-5-i-pol-tisuca-stranaca-doslo-u-bih-studirati-evo-otkud-ih-je-najvise\/","url":"https:\/\/radioljubuski.ba\/index.php\/2022\/04\/20\/skoro-5-i-pol-tisuca-stranaca-doslo-u-bih-studirati-evo-otkud-ih-je-najvise\/","name":"Skoro 5 i pol tisu\u0107a stranaca do\u0161lo u BiH studirati, evo otkud ih je najvi\u0161e - RADIO LJUBU\u0160KI","isPartOf":{"@id":"https:\/\/radioljubuski.ba\/#website"},"primaryImageOfPage":{"@id":"https:\/\/radioljubuski.ba\/index.php\/2022\/04\/20\/skoro-5-i-pol-tisuca-stranaca-doslo-u-bih-studirati-evo-otkud-ih-je-najvise\/#primaryimage"},"image":{"@id":"https:\/\/radioljubuski.ba\/index.php\/2022\/04\/20\/skoro-5-i-pol-tisuca-stranaca-doslo-u-bih-studirati-evo-otkud-ih-je-najvise\/#primaryimage"},"thumbnailUrl":"https:\/\/radioljubuski.ba\/wp-content\/uploads\/2022\/04\/Studenti-Prosvjed-9.jpg","datePublished":"2022-04-20T07:20:17+00:00","dateModified":"2022-04-21T09:34:15+00:00","breadcrumb":{"@id":"https:\/\/radioljubuski.ba\/index.php\/2022\/04\/20\/skoro-5-i-pol-tisuca-stranaca-doslo-u-bih-studirati-evo-otkud-ih-je-najvise\/#breadcrumb"},"inLanguage":"hr","potentialAction":[{"@type":"ReadAction","target":["https:\/\/radioljubuski.ba\/index.php\/2022\/04\/20\/skoro-5-i-pol-tisuca-stranaca-doslo-u-bih-studirati-evo-otkud-ih-je-najvise\/"]}]},{"@type":"ImageObject","inLanguage":"hr","@id":"https:\/\/radioljubuski.ba\/index.php\/2022\/04\/20\/skoro-5-i-pol-tisuca-stranaca-doslo-u-bih-studirati-evo-otkud-ih-je-najvise\/#primaryimage","url":"https:\/\/radioljubuski.ba\/wp-content\/uploads\/2022\/04\/Studenti-Prosvjed-9.jpg","contentUrl":"https:\/\/radioljubuski.ba\/wp-content\/uploads\/2022\/04\/Studenti-Prosvjed-9.jpg","width":800,"height":550},{"@type":"BreadcrumbList","@id":"https:\/\/radioljubuski.ba\/index.php\/2022\/04\/20\/skoro-5-i-pol-tisuca-stranaca-doslo-u-bih-studirati-evo-otkud-ih-je-najvise\/#breadcrumb","itemListElement":[{"@type":"ListItem","position":1,"name":"Po\u010detna stranica","item":"https:\/\/radioljubuski.ba\/"},{"@type":"ListItem","position":2,"name":"Skoro 5 i pol tisu\u0107a stranaca do\u0161lo u BiH studirati, evo otkud ih je najvi\u0161e"}]},{"@type":"WebSite","@id":"https:\/\/radioljubuski.ba\/#website","url":"https:\/\/radioljubuski.ba\/","name":"Radio Ljubu\u0161ki","description":"Sun\u010dana frekvencija Hercegovine","publisher":{"@id":"https:\/\/radioljubuski.ba\/#organization"},"potentialAction":[{"@type":"SearchAction","target":{"@type":"EntryPoint","urlTemplate":"https:\/\/radioljubuski.ba\/?s={search_term_string}"},"query-input":{"@type":"PropertyValueSpecification","valueRequired":true,"valueName":"search_term_string"}}],"inLanguage":"hr"},{"@type":"Organization","@id":"https:\/\/radioljubuski.ba\/#organization","name":"Radio Ljubu\u0161ki","url":"https:\/\/radioljubuski.ba\/","logo":{"@type":"ImageObject","inLanguage":"hr","@id":"https:\/\/radioljubuski.ba\/#\/schema\/logo\/image\/","url":"https:\/\/radioljubuski.ba\/wp-content\/uploads\/2021\/02\/cropped-Radio_Ljubuski_logo1.jpg","contentUrl":"https:\/\/radioljubuski.ba\/wp-content\/uploads\/2021\/02\/cropped-Radio_Ljubuski_logo1.jpg","width":512,"height":512,"caption":"Radio Ljubu\u0161ki"},"image":{"@id":"https:\/\/radioljubuski.ba\/#\/schema\/logo\/image\/"},"sameAs":["https:\/\/www.facebook.com\/Radiio-Ljubuski-1490835324566332","https:\/\/x.com\/radioljubuski","https:\/\/hr.linkedin.com\/company\/radio-ljubuski","https:\/\/www.youtube.com\/channel\/UCHYaeO_n0Db3tjNGudGpXyw"]},{"@type":"Person","@id":"https:\/\/radioljubuski.ba\/#\/schema\/person\/19fc700381a780f69665d7956c469e3b","name":"Radio Ljubu\u0161ki"}]}},"_links":{"self":[{"href":"https:\/\/radioljubuski.ba\/index.php\/wp-json\/wp\/v2\/posts\/134312","targetHints":{"allow":["GET"]}}],"collection":[{"href":"https:\/\/radioljubuski.ba\/index.php\/wp-json\/wp\/v2\/posts"}],"about":[{"href":"https:\/\/radioljubuski.ba\/index.php\/wp-json\/wp\/v2\/types\/post"}],"author":[{"embeddable":true,"href":"https:\/\/radioljubuski.ba\/index.php\/wp-json\/wp\/v2\/users\/2"}],"replies":[{"embeddable":true,"href":"https:\/\/radioljubuski.ba\/index.php\/wp-json\/wp\/v2\/comments?post=134312"}],"version-history":[{"count":2,"href":"https:\/\/radioljubuski.ba\/index.php\/wp-json\/wp\/v2\/posts\/134312\/revisions"}],"predecessor-version":[{"id":134741,"href":"https:\/\/radioljubuski.ba\/index.php\/wp-json\/wp\/v2\/posts\/134312\/revisions\/134741"}],"wp:featuredmedia":[{"embeddable":true,"href":"https:\/\/radioljubuski.ba\/index.php\/wp-json\/wp\/v2\/media\/134314"}],"wp:attachment":[{"href":"https:\/\/radioljubuski.ba\/index.php\/wp-json\/wp\/v2\/media?parent=134312"}],"wp:term":[{"taxonomy":"category","embeddable":true,"href":"https:\/\/radioljubuski.ba\/index.php\/wp-json\/wp\/v2\/categories?post=134312"},{"taxonomy":"post_tag","embeddable":true,"href":"https:\/\/radioljubuski.ba\/index.php\/wp-json\/wp\/v2\/tags?post=134312"}],"curies":[{"name":"wp","href":"https:\/\/api.w.org\/{rel}","templated":true}]}}