{"id":134313,"date":"2022-04-20T08:21:33","date_gmt":"2022-04-20T07:21:33","guid":{"rendered":"https:\/\/radioljubuski.ba\/?p=134313"},"modified":"2022-04-20T08:21:34","modified_gmt":"2022-04-20T07:21:34","slug":"rangnick-liverpool-je-neka-druga-razina-za-nas","status":"publish","type":"post","link":"https:\/\/radioljubuski.ba\/index.php\/2022\/04\/20\/rangnick-liverpool-je-neka-druga-razina-za-nas\/","title":{"rendered":"Rangnick: Liverpool je neka druga razina za nas"},"content":{"rendered":"\n<p>Ralf Rangnick, sada je to ve\u0107 svima jasno ne\u0107e spasiti ovu sezonu Manchester Uniteda. Dobro, nije isklju\u010deno da &#8220;Crveni \u0111avoli&#8221; dohvate Ligu prvaka, da izbore mjesto u Europi na kraju me\u0111utim, ono \u0161to je \u010dinjenica jeste da igraju jako lo\u0161e. Kada pogledate posljednjih deset utakmica, \u0161to u prvenstvu, \u0161to u Europi, jako malo dobroga \u0107e te vidjeti. Tri su pobjede, protiv Leedsa, Tottenhama, Norwicha. U naredna dva susreta slijede ima dueli protiv Arsenala i Chelseja. Nije isklju\u010deno da lo\u0161a serija potraje, jer pitanje kada \u0107e recimo zaigrati Ronaldo. Me\u0111utim, Rangnick je svjestan situacije u kojoj se nalazi. Nakon stradanja na Anfiledu je napravio pore\u0111enje sa Liverpoolom. &#8220;Jurgen je do\u0161ao na Otok prije \u0161est godina i kada pogledate mom\u010dad koju je on naslijedio, zavr\u0161io je osmi te sezone, a to je otprilike pozicija u kojoj smo mi sada. U svakom prijelaznom roku nakon toga, stvarali su mom\u010dad kakvu imaju danas. Ne tra\u017eim nikakva opravdanja, ali pogledajte mom\u010dad na koju oni mogu ra\u010dunati, neki od vrhunskih igra\u010da i nisu bili tu ve\u010deras. Firmino, Oxlade-Chamberlain, Minamino, Elliott&#8230; To pokazuje kakvu su kvalitetnu mom\u010dad stvorili. I nije samo stvar kvalitete igra\u010da nego i mentaliteta koji su izgradili. Ja bih rekao da oni imaju 25 bolida Formule 1 u mom\u010dadi&#8221;, bio je jasan Rangnick i potom bio brutalno iskren prema svojoj svla\u010dionici: &#8220;To je jednostavno druga razina. Imaju bolje igra\u010de od na\u0161ih igra\u010da i to se odra\u017eava na rezultatu. To je stra\u0161no poni\u017eavaju\u0107e, ali mi jednostavno moramo priznati da su bolji od nas&#8221;, rekao je Nijemac ne\u0161to \u0161to se rijetko \u010duje u nogometu. Dodao je jo\u0161 i ovo: &#8220;Mi moramo biti kriti\u010dni prema sebi. Na\u010din na koji smo odigrali prvih 45 minuta je ne\u0161to \u0161to vi\u0161e ne \u017eelimo vidjeti&#8221;, zaklju\u010dio je Nijemac. <\/p>\n\n\n\n<p>izvor: bljesak.info<\/p>\n","protected":false},"excerpt":{"rendered":"<p>Ralf Rangnick, sada je to ve\u0107 svima jasno ne\u0107e spasiti ovu sezonu Manchester Uniteda. Dobro, nije isklju\u010deno da &#8220;Crveni \u0111avoli&#8221; dohvate Ligu prvaka, da izbore mjesto u Europi na kraju me\u0111utim, ono \u0161to je \u010dinjenica jeste da igraju jako lo\u0161e. Kada pogledate posljednjih deset utakmica, \u0161to u prvenstvu, \u0161to u Europi, jako malo dobroga \u0107e [&hellip;]<\/p>\n","protected":false},"author":2,"featured_media":134316,"comment_status":"closed","ping_status":"closed","sticky":false,"template":"","format":"standard","meta":{"h5ap_radio_sources":[],"footnotes":""},"categories":[7],"tags":[],"class_list":["post-134313","post","type-post","status-publish","format-standard","has-post-thumbnail","hentry","category-sport"],"yoast_head":"<!-- This site is optimized with the Yoast SEO plugin v27.4 - https:\/\/yoast.com\/product\/yoast-seo-wordpress\/ -->\n<title>Rangnick: Liverpool je neka druga razina za nas - RADIO LJUBU\u0160KI<\/title>\n<meta name=\"robots\" content=\"index, follow, max-snippet:-1, max-image-preview:large, max-video-preview:-1\" \/>\n<link rel=\"canonical\" href=\"https:\/\/radioljubuski.ba\/index.php\/2022\/04\/20\/rangnick-liverpool-je-neka-druga-razina-za-nas\/\" \/>\n<meta property=\"og:locale\" content=\"hr_HR\" \/>\n<meta property=\"og:type\" content=\"article\" \/>\n<meta property=\"og:title\" content=\"Rangnick: Liverpool je neka druga razina za nas - RADIO LJUBU\u0160KI\" \/>\n<meta property=\"og:description\" content=\"Ralf Rangnick, sada je to ve\u0107 svima jasno ne\u0107e spasiti ovu sezonu Manchester Uniteda. Dobro, nije isklju\u010deno da &#8220;Crveni \u0111avoli&#8221; dohvate Ligu prvaka, da izbore mjesto u Europi na kraju me\u0111utim, ono \u0161to je \u010dinjenica jeste da igraju jako lo\u0161e. Kada pogledate posljednjih deset utakmica, \u0161to u prvenstvu, \u0161to u Europi, jako malo dobroga \u0107e [&hellip;]\" \/>\n<meta property=\"og:url\" content=\"https:\/\/radioljubuski.ba\/index.php\/2022\/04\/20\/rangnick-liverpool-je-neka-druga-razina-za-nas\/\" \/>\n<meta property=\"og:site_name\" content=\"RADIO LJUBU\u0160KI\" \/>\n<meta property=\"article:publisher\" content=\"https:\/\/www.facebook.com\/Radiio-Ljubuski-1490835324566332\" \/>\n<meta property=\"article:published_time\" content=\"2022-04-20T07:21:33+00:00\" \/>\n<meta property=\"article:modified_time\" content=\"2022-04-20T07:21:34+00:00\" \/>\n<meta property=\"og:image\" content=\"https:\/\/radioljubuski.ba\/wp-content\/uploads\/2022\/04\/ralf.jpg\" \/>\n\t<meta property=\"og:image:width\" content=\"201\" \/>\n\t<meta property=\"og:image:height\" content=\"251\" \/>\n\t<meta property=\"og:image:type\" content=\"image\/jpeg\" \/>\n<meta name=\"author\" content=\"Radio Ljubu\u0161ki\" \/>\n<meta name=\"twitter:card\" content=\"summary_large_image\" \/>\n<meta name=\"twitter:creator\" content=\"@radioljubuski\" \/>\n<meta name=\"twitter:site\" content=\"@radioljubuski\" \/>\n<meta name=\"twitter:label1\" content=\"Napisao\/la\" \/>\n\t<meta name=\"twitter:data1\" content=\"Radio Ljubu\u0161ki\" \/>\n\t<meta name=\"twitter:label2\" content=\"Procijenjeno vrijeme \u010ditanja\" \/>\n\t<meta name=\"twitter:data2\" content=\"2 minute\" \/>\n<script type=\"application\/ld+json\" class=\"yoast-schema-graph\">{\"@context\":\"https:\\\/\\\/schema.org\",\"@graph\":[{\"@type\":\"Article\",\"@id\":\"https:\\\/\\\/radioljubuski.ba\\\/index.php\\\/2022\\\/04\\\/20\\\/rangnick-liverpool-je-neka-druga-razina-za-nas\\\/#article\",\"isPartOf\":{\"@id\":\"https:\\\/\\\/radioljubuski.ba\\\/index.php\\\/2022\\\/04\\\/20\\\/rangnick-liverpool-je-neka-druga-razina-za-nas\\\/\"},\"author\":{\"name\":\"Radio Ljubu\u0161ki\",\"@id\":\"https:\\\/\\\/radioljubuski.ba\\\/#\\\/schema\\\/person\\\/19fc700381a780f69665d7956c469e3b\"},\"headline\":\"Rangnick: Liverpool je neka druga razina za nas\",\"datePublished\":\"2022-04-20T07:21:33+00:00\",\"dateModified\":\"2022-04-20T07:21:34+00:00\",\"mainEntityOfPage\":{\"@id\":\"https:\\\/\\\/radioljubuski.ba\\\/index.php\\\/2022\\\/04\\\/20\\\/rangnick-liverpool-je-neka-druga-razina-za-nas\\\/\"},\"wordCount\":329,\"publisher\":{\"@id\":\"https:\\\/\\\/radioljubuski.ba\\\/#organization\"},\"image\":{\"@id\":\"https:\\\/\\\/radioljubuski.ba\\\/index.php\\\/2022\\\/04\\\/20\\\/rangnick-liverpool-je-neka-druga-razina-za-nas\\\/#primaryimage\"},\"thumbnailUrl\":\"https:\\\/\\\/radioljubuski.ba\\\/wp-content\\\/uploads\\\/2022\\\/04\\\/ralf.jpg\",\"articleSection\":[\"\u0160port\"],\"inLanguage\":\"hr\"},{\"@type\":\"WebPage\",\"@id\":\"https:\\\/\\\/radioljubuski.ba\\\/index.php\\\/2022\\\/04\\\/20\\\/rangnick-liverpool-je-neka-druga-razina-za-nas\\\/\",\"url\":\"https:\\\/\\\/radioljubuski.ba\\\/index.php\\\/2022\\\/04\\\/20\\\/rangnick-liverpool-je-neka-druga-razina-za-nas\\\/\",\"name\":\"Rangnick: Liverpool je neka druga razina za nas - RADIO LJUBU\u0160KI\",\"isPartOf\":{\"@id\":\"https:\\\/\\\/radioljubuski.ba\\\/#website\"},\"primaryImageOfPage\":{\"@id\":\"https:\\\/\\\/radioljubuski.ba\\\/index.php\\\/2022\\\/04\\\/20\\\/rangnick-liverpool-je-neka-druga-razina-za-nas\\\/#primaryimage\"},\"image\":{\"@id\":\"https:\\\/\\\/radioljubuski.ba\\\/index.php\\\/2022\\\/04\\\/20\\\/rangnick-liverpool-je-neka-druga-razina-za-nas\\\/#primaryimage\"},\"thumbnailUrl\":\"https:\\\/\\\/radioljubuski.ba\\\/wp-content\\\/uploads\\\/2022\\\/04\\\/ralf.jpg\",\"datePublished\":\"2022-04-20T07:21:33+00:00\",\"dateModified\":\"2022-04-20T07:21:34+00:00\",\"breadcrumb\":{\"@id\":\"https:\\\/\\\/radioljubuski.ba\\\/index.php\\\/2022\\\/04\\\/20\\\/rangnick-liverpool-je-neka-druga-razina-za-nas\\\/#breadcrumb\"},\"inLanguage\":\"hr\",\"potentialAction\":[{\"@type\":\"ReadAction\",\"target\":[\"https:\\\/\\\/radioljubuski.ba\\\/index.php\\\/2022\\\/04\\\/20\\\/rangnick-liverpool-je-neka-druga-razina-za-nas\\\/\"]}]},{\"@type\":\"ImageObject\",\"inLanguage\":\"hr\",\"@id\":\"https:\\\/\\\/radioljubuski.ba\\\/index.php\\\/2022\\\/04\\\/20\\\/rangnick-liverpool-je-neka-druga-razina-za-nas\\\/#primaryimage\",\"url\":\"https:\\\/\\\/radioljubuski.ba\\\/wp-content\\\/uploads\\\/2022\\\/04\\\/ralf.jpg\",\"contentUrl\":\"https:\\\/\\\/radioljubuski.ba\\\/wp-content\\\/uploads\\\/2022\\\/04\\\/ralf.jpg\",\"width\":201,\"height\":251},{\"@type\":\"BreadcrumbList\",\"@id\":\"https:\\\/\\\/radioljubuski.ba\\\/index.php\\\/2022\\\/04\\\/20\\\/rangnick-liverpool-je-neka-druga-razina-za-nas\\\/#breadcrumb\",\"itemListElement\":[{\"@type\":\"ListItem\",\"position\":1,\"name\":\"Po\u010detna stranica\",\"item\":\"https:\\\/\\\/radioljubuski.ba\\\/\"},{\"@type\":\"ListItem\",\"position\":2,\"name\":\"Rangnick: Liverpool je neka druga razina za nas\"}]},{\"@type\":\"WebSite\",\"@id\":\"https:\\\/\\\/radioljubuski.ba\\\/#website\",\"url\":\"https:\\\/\\\/radioljubuski.ba\\\/\",\"name\":\"Radio Ljubu\u0161ki\",\"description\":\"Sun\u010dana frekvencija Hercegovine\",\"publisher\":{\"@id\":\"https:\\\/\\\/radioljubuski.ba\\\/#organization\"},\"potentialAction\":[{\"@type\":\"SearchAction\",\"target\":{\"@type\":\"EntryPoint\",\"urlTemplate\":\"https:\\\/\\\/radioljubuski.ba\\\/?s={search_term_string}\"},\"query-input\":{\"@type\":\"PropertyValueSpecification\",\"valueRequired\":true,\"valueName\":\"search_term_string\"}}],\"inLanguage\":\"hr\"},{\"@type\":\"Organization\",\"@id\":\"https:\\\/\\\/radioljubuski.ba\\\/#organization\",\"name\":\"Radio Ljubu\u0161ki\",\"url\":\"https:\\\/\\\/radioljubuski.ba\\\/\",\"logo\":{\"@type\":\"ImageObject\",\"inLanguage\":\"hr\",\"@id\":\"https:\\\/\\\/radioljubuski.ba\\\/#\\\/schema\\\/logo\\\/image\\\/\",\"url\":\"https:\\\/\\\/radioljubuski.ba\\\/wp-content\\\/uploads\\\/2021\\\/02\\\/cropped-Radio_Ljubuski_logo1.jpg\",\"contentUrl\":\"https:\\\/\\\/radioljubuski.ba\\\/wp-content\\\/uploads\\\/2021\\\/02\\\/cropped-Radio_Ljubuski_logo1.jpg\",\"width\":512,\"height\":512,\"caption\":\"Radio Ljubu\u0161ki\"},\"image\":{\"@id\":\"https:\\\/\\\/radioljubuski.ba\\\/#\\\/schema\\\/logo\\\/image\\\/\"},\"sameAs\":[\"https:\\\/\\\/www.facebook.com\\\/Radiio-Ljubuski-1490835324566332\",\"https:\\\/\\\/x.com\\\/radioljubuski\",\"https:\\\/\\\/hr.linkedin.com\\\/company\\\/radio-ljubuski\",\"https:\\\/\\\/www.youtube.com\\\/channel\\\/UCHYaeO_n0Db3tjNGudGpXyw\"]},{\"@type\":\"Person\",\"@id\":\"https:\\\/\\\/radioljubuski.ba\\\/#\\\/schema\\\/person\\\/19fc700381a780f69665d7956c469e3b\",\"name\":\"Radio Ljubu\u0161ki\"}]}<\/script>\n<!-- \/ Yoast SEO plugin. -->","yoast_head_json":{"title":"Rangnick: Liverpool je neka druga razina za nas - RADIO LJUBU\u0160KI","robots":{"index":"index","follow":"follow","max-snippet":"max-snippet:-1","max-image-preview":"max-image-preview:large","max-video-preview":"max-video-preview:-1"},"canonical":"https:\/\/radioljubuski.ba\/index.php\/2022\/04\/20\/rangnick-liverpool-je-neka-druga-razina-za-nas\/","og_locale":"hr_HR","og_type":"article","og_title":"Rangnick: Liverpool je neka druga razina za nas - RADIO LJUBU\u0160KI","og_description":"Ralf Rangnick, sada je to ve\u0107 svima jasno ne\u0107e spasiti ovu sezonu Manchester Uniteda. Dobro, nije isklju\u010deno da &#8220;Crveni \u0111avoli&#8221; dohvate Ligu prvaka, da izbore mjesto u Europi na kraju me\u0111utim, ono \u0161to je \u010dinjenica jeste da igraju jako lo\u0161e. Kada pogledate posljednjih deset utakmica, \u0161to u prvenstvu, \u0161to u Europi, jako malo dobroga \u0107e [&hellip;]","og_url":"https:\/\/radioljubuski.ba\/index.php\/2022\/04\/20\/rangnick-liverpool-je-neka-druga-razina-za-nas\/","og_site_name":"RADIO LJUBU\u0160KI","article_publisher":"https:\/\/www.facebook.com\/Radiio-Ljubuski-1490835324566332","article_published_time":"2022-04-20T07:21:33+00:00","article_modified_time":"2022-04-20T07:21:34+00:00","og_image":[{"width":201,"height":251,"url":"https:\/\/radioljubuski.ba\/wp-content\/uploads\/2022\/04\/ralf.jpg","type":"image\/jpeg"}],"author":"Radio Ljubu\u0161ki","twitter_card":"summary_large_image","twitter_creator":"@radioljubuski","twitter_site":"@radioljubuski","twitter_misc":{"Napisao\/la":"Radio Ljubu\u0161ki","Procijenjeno vrijeme \u010ditanja":"2 minute"},"schema":{"@context":"https:\/\/schema.org","@graph":[{"@type":"Article","@id":"https:\/\/radioljubuski.ba\/index.php\/2022\/04\/20\/rangnick-liverpool-je-neka-druga-razina-za-nas\/#article","isPartOf":{"@id":"https:\/\/radioljubuski.ba\/index.php\/2022\/04\/20\/rangnick-liverpool-je-neka-druga-razina-za-nas\/"},"author":{"name":"Radio Ljubu\u0161ki","@id":"https:\/\/radioljubuski.ba\/#\/schema\/person\/19fc700381a780f69665d7956c469e3b"},"headline":"Rangnick: Liverpool je neka druga razina za nas","datePublished":"2022-04-20T07:21:33+00:00","dateModified":"2022-04-20T07:21:34+00:00","mainEntityOfPage":{"@id":"https:\/\/radioljubuski.ba\/index.php\/2022\/04\/20\/rangnick-liverpool-je-neka-druga-razina-za-nas\/"},"wordCount":329,"publisher":{"@id":"https:\/\/radioljubuski.ba\/#organization"},"image":{"@id":"https:\/\/radioljubuski.ba\/index.php\/2022\/04\/20\/rangnick-liverpool-je-neka-druga-razina-za-nas\/#primaryimage"},"thumbnailUrl":"https:\/\/radioljubuski.ba\/wp-content\/uploads\/2022\/04\/ralf.jpg","articleSection":["\u0160port"],"inLanguage":"hr"},{"@type":"WebPage","@id":"https:\/\/radioljubuski.ba\/index.php\/2022\/04\/20\/rangnick-liverpool-je-neka-druga-razina-za-nas\/","url":"https:\/\/radioljubuski.ba\/index.php\/2022\/04\/20\/rangnick-liverpool-je-neka-druga-razina-za-nas\/","name":"Rangnick: Liverpool je neka druga razina za nas - RADIO LJUBU\u0160KI","isPartOf":{"@id":"https:\/\/radioljubuski.ba\/#website"},"primaryImageOfPage":{"@id":"https:\/\/radioljubuski.ba\/index.php\/2022\/04\/20\/rangnick-liverpool-je-neka-druga-razina-za-nas\/#primaryimage"},"image":{"@id":"https:\/\/radioljubuski.ba\/index.php\/2022\/04\/20\/rangnick-liverpool-je-neka-druga-razina-za-nas\/#primaryimage"},"thumbnailUrl":"https:\/\/radioljubuski.ba\/wp-content\/uploads\/2022\/04\/ralf.jpg","datePublished":"2022-04-20T07:21:33+00:00","dateModified":"2022-04-20T07:21:34+00:00","breadcrumb":{"@id":"https:\/\/radioljubuski.ba\/index.php\/2022\/04\/20\/rangnick-liverpool-je-neka-druga-razina-za-nas\/#breadcrumb"},"inLanguage":"hr","potentialAction":[{"@type":"ReadAction","target":["https:\/\/radioljubuski.ba\/index.php\/2022\/04\/20\/rangnick-liverpool-je-neka-druga-razina-za-nas\/"]}]},{"@type":"ImageObject","inLanguage":"hr","@id":"https:\/\/radioljubuski.ba\/index.php\/2022\/04\/20\/rangnick-liverpool-je-neka-druga-razina-za-nas\/#primaryimage","url":"https:\/\/radioljubuski.ba\/wp-content\/uploads\/2022\/04\/ralf.jpg","contentUrl":"https:\/\/radioljubuski.ba\/wp-content\/uploads\/2022\/04\/ralf.jpg","width":201,"height":251},{"@type":"BreadcrumbList","@id":"https:\/\/radioljubuski.ba\/index.php\/2022\/04\/20\/rangnick-liverpool-je-neka-druga-razina-za-nas\/#breadcrumb","itemListElement":[{"@type":"ListItem","position":1,"name":"Po\u010detna stranica","item":"https:\/\/radioljubuski.ba\/"},{"@type":"ListItem","position":2,"name":"Rangnick: Liverpool je neka druga razina za nas"}]},{"@type":"WebSite","@id":"https:\/\/radioljubuski.ba\/#website","url":"https:\/\/radioljubuski.ba\/","name":"Radio Ljubu\u0161ki","description":"Sun\u010dana frekvencija Hercegovine","publisher":{"@id":"https:\/\/radioljubuski.ba\/#organization"},"potentialAction":[{"@type":"SearchAction","target":{"@type":"EntryPoint","urlTemplate":"https:\/\/radioljubuski.ba\/?s={search_term_string}"},"query-input":{"@type":"PropertyValueSpecification","valueRequired":true,"valueName":"search_term_string"}}],"inLanguage":"hr"},{"@type":"Organization","@id":"https:\/\/radioljubuski.ba\/#organization","name":"Radio Ljubu\u0161ki","url":"https:\/\/radioljubuski.ba\/","logo":{"@type":"ImageObject","inLanguage":"hr","@id":"https:\/\/radioljubuski.ba\/#\/schema\/logo\/image\/","url":"https:\/\/radioljubuski.ba\/wp-content\/uploads\/2021\/02\/cropped-Radio_Ljubuski_logo1.jpg","contentUrl":"https:\/\/radioljubuski.ba\/wp-content\/uploads\/2021\/02\/cropped-Radio_Ljubuski_logo1.jpg","width":512,"height":512,"caption":"Radio Ljubu\u0161ki"},"image":{"@id":"https:\/\/radioljubuski.ba\/#\/schema\/logo\/image\/"},"sameAs":["https:\/\/www.facebook.com\/Radiio-Ljubuski-1490835324566332","https:\/\/x.com\/radioljubuski","https:\/\/hr.linkedin.com\/company\/radio-ljubuski","https:\/\/www.youtube.com\/channel\/UCHYaeO_n0Db3tjNGudGpXyw"]},{"@type":"Person","@id":"https:\/\/radioljubuski.ba\/#\/schema\/person\/19fc700381a780f69665d7956c469e3b","name":"Radio Ljubu\u0161ki"}]}},"_links":{"self":[{"href":"https:\/\/radioljubuski.ba\/index.php\/wp-json\/wp\/v2\/posts\/134313","targetHints":{"allow":["GET"]}}],"collection":[{"href":"https:\/\/radioljubuski.ba\/index.php\/wp-json\/wp\/v2\/posts"}],"about":[{"href":"https:\/\/radioljubuski.ba\/index.php\/wp-json\/wp\/v2\/types\/post"}],"author":[{"embeddable":true,"href":"https:\/\/radioljubuski.ba\/index.php\/wp-json\/wp\/v2\/users\/2"}],"replies":[{"embeddable":true,"href":"https:\/\/radioljubuski.ba\/index.php\/wp-json\/wp\/v2\/comments?post=134313"}],"version-history":[{"count":1,"href":"https:\/\/radioljubuski.ba\/index.php\/wp-json\/wp\/v2\/posts\/134313\/revisions"}],"predecessor-version":[{"id":134317,"href":"https:\/\/radioljubuski.ba\/index.php\/wp-json\/wp\/v2\/posts\/134313\/revisions\/134317"}],"wp:featuredmedia":[{"embeddable":true,"href":"https:\/\/radioljubuski.ba\/index.php\/wp-json\/wp\/v2\/media\/134316"}],"wp:attachment":[{"href":"https:\/\/radioljubuski.ba\/index.php\/wp-json\/wp\/v2\/media?parent=134313"}],"wp:term":[{"taxonomy":"category","embeddable":true,"href":"https:\/\/radioljubuski.ba\/index.php\/wp-json\/wp\/v2\/categories?post=134313"},{"taxonomy":"post_tag","embeddable":true,"href":"https:\/\/radioljubuski.ba\/index.php\/wp-json\/wp\/v2\/tags?post=134313"}],"curies":[{"name":"wp","href":"https:\/\/api.w.org\/{rel}","templated":true}]}}