{"id":134324,"date":"2022-04-20T08:28:31","date_gmt":"2022-04-20T07:28:31","guid":{"rendered":"https:\/\/radioljubuski.ba\/?p=134324"},"modified":"2022-04-20T08:28:33","modified_gmt":"2022-04-20T07:28:33","slug":"ekonomski-krah-sve-su-prouzrocili-brojni-lockdowni-inflacija-je-prijetnja-brojnim-zemljama","status":"publish","type":"post","link":"https:\/\/radioljubuski.ba\/index.php\/2022\/04\/20\/ekonomski-krah-sve-su-prouzrocili-brojni-lockdowni-inflacija-je-prijetnja-brojnim-zemljama\/","title":{"rendered":"Ekonomski krah: &#8220;Sve su prouzro\u010dili brojni lockdowni, inflacija je prijetnja brojnim zemljama&#8221;"},"content":{"rendered":"\n<p>Rat u Ukrajini i sankcije Rusiji znatno su pogor\u0161ali izglede za svjetsko gospodarstvo, koje se jo\u0161 nije oporavilo od koronakrize, upozorio je u utorak Me\u0111unarodni monetarni fond, sniziv\u0161i prognoze rasta i upozoriv\u0161i na prijetnju inflacije i dubokih podjela.<\/p>\n\n\n\n<p>Svjetsko gospodarstvo porast \u0107e ove godine 3,6 posto, prognozirao je MMF u redovnom proljetnom izvje\u0161\u0107u, sniziv\u0161i zimsku procjenu za 0,8 postotnih bodova.<\/p>\n\n\n\n<p>Istu stopu rasta o\u010dekuju i u idu\u0107oj godini.<\/p>\n\n\n\n<p>&#8220;Ruska invazija na Ukrajinu izazvala je krizu u svjetskom gospodarstvu koje se jo\u0161 nije u potpunosti oporavilo ni od posljedica pandemije covida 19&#8221;,&nbsp; upozorio je MMF, a prenosi Jutarnji.<\/p>\n\n\n\n<p>&#8220;U tom kontestu, rat \u0107e, pored izravnih i tragi\u010dnih humanitarnih posljedica, zako\u010diti gospodarski rast i poja\u010dati inflaciju&#8221;, isti\u010de MMF-ov Pierre-Olivier Gourinchas u blogu objavljenom povodom proljetnih prognoza (WEO).<\/p>\n\n\n\n<p>Prognoza za ovu godinu odra\u017eava izravne posljedice rata u Ukrajini i sankcija Rusiji, zaklju\u010duje Gourinchas, dodav\u0161i da bi aktivnosti u Ukrajini i Rusiji trebale sna\u017eno pasti u ovoj godini.<\/p>\n\n\n\n<p><strong>&#8220;Seizmi\u010dki valovi&#8221;<br><\/strong><br>Rat se nadovezuje na niz \u0161okova u opskrbi koji su pogodili svjetsko gospodarstvo u proteklim godinama, nagla\u0161avaju u MMF-u.<\/p>\n\n\n\n<p>&#8220;Njegove \u0107e posljedice, poput seizmi\u010dkih valova, doprijeti daleko, preko tr\u017ei\u0161ta sirovina, trgovine i financijskih veza&#8221;, poru\u010duje du\u017enosnik MMF-a.<\/p>\n\n\n\n<p>Rusija je zna\u010dajan dobavlja\u010d nafte, plina i metala, a zajedno s Ukrajinom opskrbljuje zna\u010dajan dio svijeta i p\u0161enicom i kukuruzom, podsje\u0107a, naglasiv\u0161i da je smanjena opskrba tim sirovinama ve\u0107 podigla cijene \u0161irom svijeta.<\/p>\n\n\n\n<p>Najte\u017ee su pogo\u0111eni uvoznici sirovina u Europi, na Kavkazu i na Bliskom istoku i sjevernoj i supsaharskoj Africi, ali nagli rast cijena hrane i goriva pogodit \u0107e siroma\u0161na ku\u0107anstva u cijelom svijetu.<\/p>\n\n\n\n<p>&#8220;Inflacija je u mnogim zemljama ja\u010dala i prije rata, zbog neravnte\u017ee ponude i potra\u017enje i dr\u017eavnih mjera potpore u pandemiji, \u0161to je potaknulo zao\u0161travanje monetarne politike&#8221;, konstatira.<\/p>\n\n\n\n<p><strong>Nemiri i geopoliti\u010dki blokovi<br><\/strong><br>&#8220;Inflacija je postala neposredna i jasna prijetnja brojnim zemljama&#8221;, isti\u010du u MMF-u, procjenjuju\u010di da \u0107e ostati povi\u0161ena i u idu\u0107im godinama.<\/p>\n\n\n\n<p>U takvim uvjetima prijeti opasnost da \u0107e sredi\u0161nje banke ubrzati zao\u0161travanje monetarne politike, a vlade ostati bez ono malo preostalog fiskalnog prostora koji ve\u0107 nije &#8220;progutala&#8221; pandemija.<\/p>\n\n\n\n<p>Naglasili su i da bi inflacija mogla izazvati nemire i da rat poja\u010dava rizik trajnije podjele svjetskog gospodarstva na geopoliti\u010dke blokove, s odvojenim tehnolo\u0161kim standardima, prekograni\u010dnim sustavima pla\u0107anja i rezervnim valutama.<\/p>\n\n\n\n<p>Najnovije prognoze uklju\u010duju i zna\u010dajnu razinu neizvjesnosti, &#8220;znatno ve\u0107u no \u0161to je uobi\u010dajeno&#8221;.<\/p>\n\n\n\n<p>Rast bi mogao biti jo\u0161 slabiji, a inflacija jo\u0161 ja\u010da, ako, primjerice rat obuhvati i ruski izvoz energije, poru\u010duju iz MMF-a.<\/p>\n\n\n\n<p><strong>&#8220;Zaustaviti rat&#8221;<br><\/strong><br>Nagla\u0161avaju i da bi kontinuirano \u0161irenje koronavirusa moglo iznjedriti jo\u0161 opasnije varijante virusa koje ne bi reagirale na cjepiva, \u0161to bi zna\u010dilo opetovani lockdown i poreme\u0107aje u proizvodnji.<\/p>\n\n\n\n<p>&#8220;U aktualnom te\u0161kom okru\u017eenju va\u017enu ulogu igraju mjere na razini dr\u017eava i multilateralna nastojanja&#8221; dodaju.<\/p>\n\n\n\n<p>Sredi\u0161nje banke moraju prilagoditi monetarnu politiku kako bi kontrolirale o\u010dekivanja inflacije, neke zemlje morat \u0107e konsolidirati dr\u017eavne financije, ali to vlade ne bi smjelo omesti u pru\u017eanju podr\u0161ke ranjivoj populaciji, posebno s obzirom na visoke cijene hrane i energije, isti\u010du.<\/p>\n\n\n\n<p>&#8220;Uklju\u010divanje takvih nastojanja u srednjoro\u010dni okvir, s jasnim i vjerodostojnim itinerarom za stabilizaciju javnog duga mogao bi otvoriti prostor za pru\u017eanje potrebne podr\u0161ke&#8221;, nagla\u0161avaju.<\/p>\n\n\n\n<p>Ipak, prva je zada\u0107a okon\u010dati rat, poru\u010duju.<\/p>\n\n\n\n<p><strong>Izvor: Hercegovina.info<\/strong><\/p>\n","protected":false},"excerpt":{"rendered":"<p>Rat u Ukrajini i sankcije Rusiji znatno su pogor\u0161ali izglede za svjetsko gospodarstvo, koje se jo\u0161 nije oporavilo od koronakrize, upozorio je u utorak Me\u0111unarodni monetarni fond, sniziv\u0161i prognoze rasta i upozoriv\u0161i na prijetnju inflacije i dubokih podjela. Svjetsko gospodarstvo porast \u0107e ove godine 3,6 posto, prognozirao je MMF u redovnom proljetnom izvje\u0161\u0107u, sniziv\u0161i zimsku [&hellip;]<\/p>\n","protected":false},"author":2,"featured_media":43894,"comment_status":"closed","ping_status":"closed","sticky":false,"template":"","format":"standard","meta":{"h5ap_radio_sources":[],"footnotes":""},"categories":[1],"tags":[],"class_list":["post-134324","post","type-post","status-publish","format-standard","has-post-thumbnail","hentry","category-bihiregija"],"yoast_head":"<!-- This site is optimized with the Yoast SEO plugin v27.4 - https:\/\/yoast.com\/product\/yoast-seo-wordpress\/ -->\n<title>Ekonomski krah: &quot;Sve su prouzro\u010dili brojni lockdowni, inflacija je prijetnja brojnim zemljama&quot; - RADIO LJUBU\u0160KI<\/title>\n<meta name=\"robots\" content=\"index, follow, max-snippet:-1, max-image-preview:large, max-video-preview:-1\" \/>\n<link rel=\"canonical\" href=\"https:\/\/radioljubuski.ba\/index.php\/2022\/04\/20\/ekonomski-krah-sve-su-prouzrocili-brojni-lockdowni-inflacija-je-prijetnja-brojnim-zemljama\/\" \/>\n<meta property=\"og:locale\" content=\"hr_HR\" \/>\n<meta property=\"og:type\" content=\"article\" \/>\n<meta property=\"og:title\" content=\"Ekonomski krah: &quot;Sve su prouzro\u010dili brojni lockdowni, inflacija je prijetnja brojnim zemljama&quot; - RADIO LJUBU\u0160KI\" \/>\n<meta property=\"og:description\" content=\"Rat u Ukrajini i sankcije Rusiji znatno su pogor\u0161ali izglede za svjetsko gospodarstvo, koje se jo\u0161 nije oporavilo od koronakrize, upozorio je u utorak Me\u0111unarodni monetarni fond, sniziv\u0161i prognoze rasta i upozoriv\u0161i na prijetnju inflacije i dubokih podjela. Svjetsko gospodarstvo porast \u0107e ove godine 3,6 posto, prognozirao je MMF u redovnom proljetnom izvje\u0161\u0107u, sniziv\u0161i zimsku [&hellip;]\" \/>\n<meta property=\"og:url\" content=\"https:\/\/radioljubuski.ba\/index.php\/2022\/04\/20\/ekonomski-krah-sve-su-prouzrocili-brojni-lockdowni-inflacija-je-prijetnja-brojnim-zemljama\/\" \/>\n<meta property=\"og:site_name\" content=\"RADIO LJUBU\u0160KI\" \/>\n<meta property=\"article:publisher\" content=\"https:\/\/www.facebook.com\/Radiio-Ljubuski-1490835324566332\" \/>\n<meta property=\"article:published_time\" content=\"2022-04-20T07:28:31+00:00\" \/>\n<meta property=\"article:modified_time\" content=\"2022-04-20T07:28:33+00:00\" \/>\n<meta property=\"og:image\" content=\"https:\/\/radioljubuski.ba\/wp-content\/uploads\/2021\/07\/HeFRivDt_burze.jpg\" \/>\n\t<meta property=\"og:image:width\" content=\"1000\" \/>\n\t<meta property=\"og:image:height\" content=\"625\" \/>\n\t<meta property=\"og:image:type\" content=\"image\/jpeg\" \/>\n<meta name=\"author\" content=\"Radio Ljubu\u0161ki\" \/>\n<meta name=\"twitter:card\" content=\"summary_large_image\" \/>\n<meta name=\"twitter:creator\" content=\"@radioljubuski\" \/>\n<meta name=\"twitter:site\" content=\"@radioljubuski\" \/>\n<meta name=\"twitter:label1\" content=\"Napisao\/la\" \/>\n\t<meta name=\"twitter:data1\" content=\"Radio Ljubu\u0161ki\" \/>\n\t<meta name=\"twitter:label2\" content=\"Procijenjeno vrijeme \u010ditanja\" \/>\n\t<meta name=\"twitter:data2\" content=\"3 minute\" \/>\n<script type=\"application\/ld+json\" class=\"yoast-schema-graph\">{\"@context\":\"https:\\\/\\\/schema.org\",\"@graph\":[{\"@type\":\"Article\",\"@id\":\"https:\\\/\\\/radioljubuski.ba\\\/index.php\\\/2022\\\/04\\\/20\\\/ekonomski-krah-sve-su-prouzrocili-brojni-lockdowni-inflacija-je-prijetnja-brojnim-zemljama\\\/#article\",\"isPartOf\":{\"@id\":\"https:\\\/\\\/radioljubuski.ba\\\/index.php\\\/2022\\\/04\\\/20\\\/ekonomski-krah-sve-su-prouzrocili-brojni-lockdowni-inflacija-je-prijetnja-brojnim-zemljama\\\/\"},\"author\":{\"name\":\"Radio Ljubu\u0161ki\",\"@id\":\"https:\\\/\\\/radioljubuski.ba\\\/#\\\/schema\\\/person\\\/19fc700381a780f69665d7956c469e3b\"},\"headline\":\"Ekonomski krah: &#8220;Sve su prouzro\u010dili brojni lockdowni, inflacija je prijetnja brojnim zemljama&#8221;\",\"datePublished\":\"2022-04-20T07:28:31+00:00\",\"dateModified\":\"2022-04-20T07:28:33+00:00\",\"mainEntityOfPage\":{\"@id\":\"https:\\\/\\\/radioljubuski.ba\\\/index.php\\\/2022\\\/04\\\/20\\\/ekonomski-krah-sve-su-prouzrocili-brojni-lockdowni-inflacija-je-prijetnja-brojnim-zemljama\\\/\"},\"wordCount\":608,\"publisher\":{\"@id\":\"https:\\\/\\\/radioljubuski.ba\\\/#organization\"},\"image\":{\"@id\":\"https:\\\/\\\/radioljubuski.ba\\\/index.php\\\/2022\\\/04\\\/20\\\/ekonomski-krah-sve-su-prouzrocili-brojni-lockdowni-inflacija-je-prijetnja-brojnim-zemljama\\\/#primaryimage\"},\"thumbnailUrl\":\"https:\\\/\\\/radioljubuski.ba\\\/wp-content\\\/uploads\\\/2021\\\/07\\\/HeFRivDt_burze.jpg\",\"articleSection\":[\"BIH i regija\"],\"inLanguage\":\"hr\"},{\"@type\":\"WebPage\",\"@id\":\"https:\\\/\\\/radioljubuski.ba\\\/index.php\\\/2022\\\/04\\\/20\\\/ekonomski-krah-sve-su-prouzrocili-brojni-lockdowni-inflacija-je-prijetnja-brojnim-zemljama\\\/\",\"url\":\"https:\\\/\\\/radioljubuski.ba\\\/index.php\\\/2022\\\/04\\\/20\\\/ekonomski-krah-sve-su-prouzrocili-brojni-lockdowni-inflacija-je-prijetnja-brojnim-zemljama\\\/\",\"name\":\"Ekonomski krah: \\\"Sve su prouzro\u010dili brojni lockdowni, inflacija je prijetnja brojnim zemljama\\\" - RADIO LJUBU\u0160KI\",\"isPartOf\":{\"@id\":\"https:\\\/\\\/radioljubuski.ba\\\/#website\"},\"primaryImageOfPage\":{\"@id\":\"https:\\\/\\\/radioljubuski.ba\\\/index.php\\\/2022\\\/04\\\/20\\\/ekonomski-krah-sve-su-prouzrocili-brojni-lockdowni-inflacija-je-prijetnja-brojnim-zemljama\\\/#primaryimage\"},\"image\":{\"@id\":\"https:\\\/\\\/radioljubuski.ba\\\/index.php\\\/2022\\\/04\\\/20\\\/ekonomski-krah-sve-su-prouzrocili-brojni-lockdowni-inflacija-je-prijetnja-brojnim-zemljama\\\/#primaryimage\"},\"thumbnailUrl\":\"https:\\\/\\\/radioljubuski.ba\\\/wp-content\\\/uploads\\\/2021\\\/07\\\/HeFRivDt_burze.jpg\",\"datePublished\":\"2022-04-20T07:28:31+00:00\",\"dateModified\":\"2022-04-20T07:28:33+00:00\",\"breadcrumb\":{\"@id\":\"https:\\\/\\\/radioljubuski.ba\\\/index.php\\\/2022\\\/04\\\/20\\\/ekonomski-krah-sve-su-prouzrocili-brojni-lockdowni-inflacija-je-prijetnja-brojnim-zemljama\\\/#breadcrumb\"},\"inLanguage\":\"hr\",\"potentialAction\":[{\"@type\":\"ReadAction\",\"target\":[\"https:\\\/\\\/radioljubuski.ba\\\/index.php\\\/2022\\\/04\\\/20\\\/ekonomski-krah-sve-su-prouzrocili-brojni-lockdowni-inflacija-je-prijetnja-brojnim-zemljama\\\/\"]}]},{\"@type\":\"ImageObject\",\"inLanguage\":\"hr\",\"@id\":\"https:\\\/\\\/radioljubuski.ba\\\/index.php\\\/2022\\\/04\\\/20\\\/ekonomski-krah-sve-su-prouzrocili-brojni-lockdowni-inflacija-je-prijetnja-brojnim-zemljama\\\/#primaryimage\",\"url\":\"https:\\\/\\\/radioljubuski.ba\\\/wp-content\\\/uploads\\\/2021\\\/07\\\/HeFRivDt_burze.jpg\",\"contentUrl\":\"https:\\\/\\\/radioljubuski.ba\\\/wp-content\\\/uploads\\\/2021\\\/07\\\/HeFRivDt_burze.jpg\",\"width\":1000,\"height\":625},{\"@type\":\"BreadcrumbList\",\"@id\":\"https:\\\/\\\/radioljubuski.ba\\\/index.php\\\/2022\\\/04\\\/20\\\/ekonomski-krah-sve-su-prouzrocili-brojni-lockdowni-inflacija-je-prijetnja-brojnim-zemljama\\\/#breadcrumb\",\"itemListElement\":[{\"@type\":\"ListItem\",\"position\":1,\"name\":\"Po\u010detna stranica\",\"item\":\"https:\\\/\\\/radioljubuski.ba\\\/\"},{\"@type\":\"ListItem\",\"position\":2,\"name\":\"Ekonomski krah: &#8220;Sve su prouzro\u010dili brojni lockdowni, inflacija je prijetnja brojnim zemljama&#8221;\"}]},{\"@type\":\"WebSite\",\"@id\":\"https:\\\/\\\/radioljubuski.ba\\\/#website\",\"url\":\"https:\\\/\\\/radioljubuski.ba\\\/\",\"name\":\"Radio Ljubu\u0161ki\",\"description\":\"Sun\u010dana frekvencija Hercegovine\",\"publisher\":{\"@id\":\"https:\\\/\\\/radioljubuski.ba\\\/#organization\"},\"potentialAction\":[{\"@type\":\"SearchAction\",\"target\":{\"@type\":\"EntryPoint\",\"urlTemplate\":\"https:\\\/\\\/radioljubuski.ba\\\/?s={search_term_string}\"},\"query-input\":{\"@type\":\"PropertyValueSpecification\",\"valueRequired\":true,\"valueName\":\"search_term_string\"}}],\"inLanguage\":\"hr\"},{\"@type\":\"Organization\",\"@id\":\"https:\\\/\\\/radioljubuski.ba\\\/#organization\",\"name\":\"Radio Ljubu\u0161ki\",\"url\":\"https:\\\/\\\/radioljubuski.ba\\\/\",\"logo\":{\"@type\":\"ImageObject\",\"inLanguage\":\"hr\",\"@id\":\"https:\\\/\\\/radioljubuski.ba\\\/#\\\/schema\\\/logo\\\/image\\\/\",\"url\":\"https:\\\/\\\/radioljubuski.ba\\\/wp-content\\\/uploads\\\/2021\\\/02\\\/cropped-Radio_Ljubuski_logo1.jpg\",\"contentUrl\":\"https:\\\/\\\/radioljubuski.ba\\\/wp-content\\\/uploads\\\/2021\\\/02\\\/cropped-Radio_Ljubuski_logo1.jpg\",\"width\":512,\"height\":512,\"caption\":\"Radio Ljubu\u0161ki\"},\"image\":{\"@id\":\"https:\\\/\\\/radioljubuski.ba\\\/#\\\/schema\\\/logo\\\/image\\\/\"},\"sameAs\":[\"https:\\\/\\\/www.facebook.com\\\/Radiio-Ljubuski-1490835324566332\",\"https:\\\/\\\/x.com\\\/radioljubuski\",\"https:\\\/\\\/hr.linkedin.com\\\/company\\\/radio-ljubuski\",\"https:\\\/\\\/www.youtube.com\\\/channel\\\/UCHYaeO_n0Db3tjNGudGpXyw\"]},{\"@type\":\"Person\",\"@id\":\"https:\\\/\\\/radioljubuski.ba\\\/#\\\/schema\\\/person\\\/19fc700381a780f69665d7956c469e3b\",\"name\":\"Radio Ljubu\u0161ki\"}]}<\/script>\n<!-- \/ Yoast SEO plugin. -->","yoast_head_json":{"title":"Ekonomski krah: \"Sve su prouzro\u010dili brojni lockdowni, inflacija je prijetnja brojnim zemljama\" - RADIO LJUBU\u0160KI","robots":{"index":"index","follow":"follow","max-snippet":"max-snippet:-1","max-image-preview":"max-image-preview:large","max-video-preview":"max-video-preview:-1"},"canonical":"https:\/\/radioljubuski.ba\/index.php\/2022\/04\/20\/ekonomski-krah-sve-su-prouzrocili-brojni-lockdowni-inflacija-je-prijetnja-brojnim-zemljama\/","og_locale":"hr_HR","og_type":"article","og_title":"Ekonomski krah: \"Sve su prouzro\u010dili brojni lockdowni, inflacija je prijetnja brojnim zemljama\" - RADIO LJUBU\u0160KI","og_description":"Rat u Ukrajini i sankcije Rusiji znatno su pogor\u0161ali izglede za svjetsko gospodarstvo, koje se jo\u0161 nije oporavilo od koronakrize, upozorio je u utorak Me\u0111unarodni monetarni fond, sniziv\u0161i prognoze rasta i upozoriv\u0161i na prijetnju inflacije i dubokih podjela. Svjetsko gospodarstvo porast \u0107e ove godine 3,6 posto, prognozirao je MMF u redovnom proljetnom izvje\u0161\u0107u, sniziv\u0161i zimsku [&hellip;]","og_url":"https:\/\/radioljubuski.ba\/index.php\/2022\/04\/20\/ekonomski-krah-sve-su-prouzrocili-brojni-lockdowni-inflacija-je-prijetnja-brojnim-zemljama\/","og_site_name":"RADIO LJUBU\u0160KI","article_publisher":"https:\/\/www.facebook.com\/Radiio-Ljubuski-1490835324566332","article_published_time":"2022-04-20T07:28:31+00:00","article_modified_time":"2022-04-20T07:28:33+00:00","og_image":[{"width":1000,"height":625,"url":"https:\/\/radioljubuski.ba\/wp-content\/uploads\/2021\/07\/HeFRivDt_burze.jpg","type":"image\/jpeg"}],"author":"Radio Ljubu\u0161ki","twitter_card":"summary_large_image","twitter_creator":"@radioljubuski","twitter_site":"@radioljubuski","twitter_misc":{"Napisao\/la":"Radio Ljubu\u0161ki","Procijenjeno vrijeme \u010ditanja":"3 minute"},"schema":{"@context":"https:\/\/schema.org","@graph":[{"@type":"Article","@id":"https:\/\/radioljubuski.ba\/index.php\/2022\/04\/20\/ekonomski-krah-sve-su-prouzrocili-brojni-lockdowni-inflacija-je-prijetnja-brojnim-zemljama\/#article","isPartOf":{"@id":"https:\/\/radioljubuski.ba\/index.php\/2022\/04\/20\/ekonomski-krah-sve-su-prouzrocili-brojni-lockdowni-inflacija-je-prijetnja-brojnim-zemljama\/"},"author":{"name":"Radio Ljubu\u0161ki","@id":"https:\/\/radioljubuski.ba\/#\/schema\/person\/19fc700381a780f69665d7956c469e3b"},"headline":"Ekonomski krah: &#8220;Sve su prouzro\u010dili brojni lockdowni, inflacija je prijetnja brojnim zemljama&#8221;","datePublished":"2022-04-20T07:28:31+00:00","dateModified":"2022-04-20T07:28:33+00:00","mainEntityOfPage":{"@id":"https:\/\/radioljubuski.ba\/index.php\/2022\/04\/20\/ekonomski-krah-sve-su-prouzrocili-brojni-lockdowni-inflacija-je-prijetnja-brojnim-zemljama\/"},"wordCount":608,"publisher":{"@id":"https:\/\/radioljubuski.ba\/#organization"},"image":{"@id":"https:\/\/radioljubuski.ba\/index.php\/2022\/04\/20\/ekonomski-krah-sve-su-prouzrocili-brojni-lockdowni-inflacija-je-prijetnja-brojnim-zemljama\/#primaryimage"},"thumbnailUrl":"https:\/\/radioljubuski.ba\/wp-content\/uploads\/2021\/07\/HeFRivDt_burze.jpg","articleSection":["BIH i regija"],"inLanguage":"hr"},{"@type":"WebPage","@id":"https:\/\/radioljubuski.ba\/index.php\/2022\/04\/20\/ekonomski-krah-sve-su-prouzrocili-brojni-lockdowni-inflacija-je-prijetnja-brojnim-zemljama\/","url":"https:\/\/radioljubuski.ba\/index.php\/2022\/04\/20\/ekonomski-krah-sve-su-prouzrocili-brojni-lockdowni-inflacija-je-prijetnja-brojnim-zemljama\/","name":"Ekonomski krah: \"Sve su prouzro\u010dili brojni lockdowni, inflacija je prijetnja brojnim zemljama\" - RADIO LJUBU\u0160KI","isPartOf":{"@id":"https:\/\/radioljubuski.ba\/#website"},"primaryImageOfPage":{"@id":"https:\/\/radioljubuski.ba\/index.php\/2022\/04\/20\/ekonomski-krah-sve-su-prouzrocili-brojni-lockdowni-inflacija-je-prijetnja-brojnim-zemljama\/#primaryimage"},"image":{"@id":"https:\/\/radioljubuski.ba\/index.php\/2022\/04\/20\/ekonomski-krah-sve-su-prouzrocili-brojni-lockdowni-inflacija-je-prijetnja-brojnim-zemljama\/#primaryimage"},"thumbnailUrl":"https:\/\/radioljubuski.ba\/wp-content\/uploads\/2021\/07\/HeFRivDt_burze.jpg","datePublished":"2022-04-20T07:28:31+00:00","dateModified":"2022-04-20T07:28:33+00:00","breadcrumb":{"@id":"https:\/\/radioljubuski.ba\/index.php\/2022\/04\/20\/ekonomski-krah-sve-su-prouzrocili-brojni-lockdowni-inflacija-je-prijetnja-brojnim-zemljama\/#breadcrumb"},"inLanguage":"hr","potentialAction":[{"@type":"ReadAction","target":["https:\/\/radioljubuski.ba\/index.php\/2022\/04\/20\/ekonomski-krah-sve-su-prouzrocili-brojni-lockdowni-inflacija-je-prijetnja-brojnim-zemljama\/"]}]},{"@type":"ImageObject","inLanguage":"hr","@id":"https:\/\/radioljubuski.ba\/index.php\/2022\/04\/20\/ekonomski-krah-sve-su-prouzrocili-brojni-lockdowni-inflacija-je-prijetnja-brojnim-zemljama\/#primaryimage","url":"https:\/\/radioljubuski.ba\/wp-content\/uploads\/2021\/07\/HeFRivDt_burze.jpg","contentUrl":"https:\/\/radioljubuski.ba\/wp-content\/uploads\/2021\/07\/HeFRivDt_burze.jpg","width":1000,"height":625},{"@type":"BreadcrumbList","@id":"https:\/\/radioljubuski.ba\/index.php\/2022\/04\/20\/ekonomski-krah-sve-su-prouzrocili-brojni-lockdowni-inflacija-je-prijetnja-brojnim-zemljama\/#breadcrumb","itemListElement":[{"@type":"ListItem","position":1,"name":"Po\u010detna stranica","item":"https:\/\/radioljubuski.ba\/"},{"@type":"ListItem","position":2,"name":"Ekonomski krah: &#8220;Sve su prouzro\u010dili brojni lockdowni, inflacija je prijetnja brojnim zemljama&#8221;"}]},{"@type":"WebSite","@id":"https:\/\/radioljubuski.ba\/#website","url":"https:\/\/radioljubuski.ba\/","name":"Radio Ljubu\u0161ki","description":"Sun\u010dana frekvencija Hercegovine","publisher":{"@id":"https:\/\/radioljubuski.ba\/#organization"},"potentialAction":[{"@type":"SearchAction","target":{"@type":"EntryPoint","urlTemplate":"https:\/\/radioljubuski.ba\/?s={search_term_string}"},"query-input":{"@type":"PropertyValueSpecification","valueRequired":true,"valueName":"search_term_string"}}],"inLanguage":"hr"},{"@type":"Organization","@id":"https:\/\/radioljubuski.ba\/#organization","name":"Radio Ljubu\u0161ki","url":"https:\/\/radioljubuski.ba\/","logo":{"@type":"ImageObject","inLanguage":"hr","@id":"https:\/\/radioljubuski.ba\/#\/schema\/logo\/image\/","url":"https:\/\/radioljubuski.ba\/wp-content\/uploads\/2021\/02\/cropped-Radio_Ljubuski_logo1.jpg","contentUrl":"https:\/\/radioljubuski.ba\/wp-content\/uploads\/2021\/02\/cropped-Radio_Ljubuski_logo1.jpg","width":512,"height":512,"caption":"Radio Ljubu\u0161ki"},"image":{"@id":"https:\/\/radioljubuski.ba\/#\/schema\/logo\/image\/"},"sameAs":["https:\/\/www.facebook.com\/Radiio-Ljubuski-1490835324566332","https:\/\/x.com\/radioljubuski","https:\/\/hr.linkedin.com\/company\/radio-ljubuski","https:\/\/www.youtube.com\/channel\/UCHYaeO_n0Db3tjNGudGpXyw"]},{"@type":"Person","@id":"https:\/\/radioljubuski.ba\/#\/schema\/person\/19fc700381a780f69665d7956c469e3b","name":"Radio Ljubu\u0161ki"}]}},"_links":{"self":[{"href":"https:\/\/radioljubuski.ba\/index.php\/wp-json\/wp\/v2\/posts\/134324","targetHints":{"allow":["GET"]}}],"collection":[{"href":"https:\/\/radioljubuski.ba\/index.php\/wp-json\/wp\/v2\/posts"}],"about":[{"href":"https:\/\/radioljubuski.ba\/index.php\/wp-json\/wp\/v2\/types\/post"}],"author":[{"embeddable":true,"href":"https:\/\/radioljubuski.ba\/index.php\/wp-json\/wp\/v2\/users\/2"}],"replies":[{"embeddable":true,"href":"https:\/\/radioljubuski.ba\/index.php\/wp-json\/wp\/v2\/comments?post=134324"}],"version-history":[{"count":1,"href":"https:\/\/radioljubuski.ba\/index.php\/wp-json\/wp\/v2\/posts\/134324\/revisions"}],"predecessor-version":[{"id":134325,"href":"https:\/\/radioljubuski.ba\/index.php\/wp-json\/wp\/v2\/posts\/134324\/revisions\/134325"}],"wp:featuredmedia":[{"embeddable":true,"href":"https:\/\/radioljubuski.ba\/index.php\/wp-json\/wp\/v2\/media\/43894"}],"wp:attachment":[{"href":"https:\/\/radioljubuski.ba\/index.php\/wp-json\/wp\/v2\/media?parent=134324"}],"wp:term":[{"taxonomy":"category","embeddable":true,"href":"https:\/\/radioljubuski.ba\/index.php\/wp-json\/wp\/v2\/categories?post=134324"},{"taxonomy":"post_tag","embeddable":true,"href":"https:\/\/radioljubuski.ba\/index.php\/wp-json\/wp\/v2\/tags?post=134324"}],"curies":[{"name":"wp","href":"https:\/\/api.w.org\/{rel}","templated":true}]}}