{"id":134371,"date":"2022-04-20T10:28:29","date_gmt":"2022-04-20T09:28:29","guid":{"rendered":"https:\/\/radioljubuski.ba\/?p=134371"},"modified":"2022-04-20T10:28:30","modified_gmt":"2022-04-20T09:28:30","slug":"puni-anfield-ustao-zaustavio-pjesmu-i-zapljeskao-ronaldu","status":"publish","type":"post","link":"https:\/\/radioljubuski.ba\/index.php\/2022\/04\/20\/puni-anfield-ustao-zaustavio-pjesmu-i-zapljeskao-ronaldu\/","title":{"rendered":"Puni Anfield ustao, zaustavio pjesmu i zapljeskao Ronaldu"},"content":{"rendered":"\n<p>Rivalstvo Liverpoola i Manchester Uniteda se\u017ee u povijest, ne treba se ni spominjati koliko se ove dvije strane ne podnose, ali neke stvari su iznad neprijateljstva. Nakon \u0161to su otpjevali &#8216;You&#8217;ll never walk alone&#8217; sedam su minuta navijali okupljeni na Anfieldu, proslavili gol, a onda &#8211; ti\u0161ina. Ustali su, zapljeskali i odali po\u010dast napada\u010du rivala koji je do\u017eivio obiteljsku tragediju.<\/p>\n\n\n\n<p>Cristiano Ronaldo (37) objavio je na svom Instagramu kako je njegov sin umro pri porodu, a nakon toga, logi\u010dno, nije s mom\u010dadi u Liverpoolu. Velika je to tragedija i te\u0161ka \u017eivotna situacija, a navija\u010di Liverpoola pokazali su empatiju u tom te\u0161kom trenutku te se stadionom prolomilo i portugal\u010devo ime.<\/p>\n\n\n\n<p>Podsjetimo, sa svojom partnericom Georginom Rodriguez i\u0161\u010dekivao je blizance, no na svijet je stigla samo k\u0107erkica. Gubitak djeteta je ne\u0161to najgore \u0161to se mo\u017ee dogoditi roditelju, a Ronaldu su poruke podr\u0161ke odmah poslali mnogi.<\/p>\n\n\n\n<p>&#8211; S neizmjernom tugom moramo objaviti kako je na\u0161 dje\u010dak preminuo. Ovo je najte\u017ea bol s kojom se jedan roditelj mo\u017ee susresti. Samo ro\u0111enje na\u0161e k\u0107erkice nam mo\u017ee dati snagu da pre\u017eivimo ovaj trenutak. \u017delimo zahvaliti lije\u010dnicima i medicinskim sestrama na svemu. \u0160okirani smo nakon ovog gubitka i molimo sve za privatnost u ovim te\u0161kim vremenima. Na\u0161 dje\u010dak, ti si na\u0161 an\u0111eo. Uvijek \u0107emo te voljeti &#8211; napisao je CR na Instagramu.<\/p>\n\n\n\n<p>Iako ni\u0161ta ne mo\u017ee nadomjestiti gubitak djeteta, a te\u0161ko \u0107e i umanjiti tugu, ovakve geste pokazuju zajedni\u0161tvo bez obzira na sve. <\/p>\n\n\n\nhttps:\/\/www.youtube.com\/watch?v=s-l6Ac0IIEg\n\n\n\n<p>Izvor:pogled.ba<\/p>\n","protected":false},"excerpt":{"rendered":"<p>Rivalstvo Liverpoola i Manchester Uniteda se\u017ee u povijest, ne treba se ni spominjati koliko se ove dvije strane ne podnose, ali neke stvari su iznad neprijateljstva. Nakon \u0161to su otpjevali &#8216;You&#8217;ll never walk alone&#8217; sedam su minuta navijali okupljeni na Anfieldu, proslavili gol, a onda &#8211; ti\u0161ina. Ustali su, zapljeskali i odali po\u010dast napada\u010du rivala [&hellip;]<\/p>\n","protected":false},"author":2,"featured_media":134372,"comment_status":"closed","ping_status":"closed","sticky":false,"template":"","format":"standard","meta":{"h5ap_radio_sources":[],"footnotes":""},"categories":[7],"tags":[],"class_list":["post-134371","post","type-post","status-publish","format-standard","has-post-thumbnail","hentry","category-sport"],"yoast_head":"<!-- This site is optimized with the Yoast SEO plugin v27.4 - https:\/\/yoast.com\/product\/yoast-seo-wordpress\/ -->\n<title>Puni Anfield ustao, zaustavio pjesmu i zapljeskao Ronaldu - RADIO LJUBU\u0160KI<\/title>\n<meta name=\"robots\" content=\"index, follow, max-snippet:-1, max-image-preview:large, max-video-preview:-1\" \/>\n<link rel=\"canonical\" href=\"https:\/\/radioljubuski.ba\/index.php\/2022\/04\/20\/puni-anfield-ustao-zaustavio-pjesmu-i-zapljeskao-ronaldu\/\" \/>\n<meta property=\"og:locale\" content=\"hr_HR\" \/>\n<meta property=\"og:type\" content=\"article\" \/>\n<meta property=\"og:title\" content=\"Puni Anfield ustao, zaustavio pjesmu i zapljeskao Ronaldu - RADIO LJUBU\u0160KI\" \/>\n<meta property=\"og:description\" content=\"Rivalstvo Liverpoola i Manchester Uniteda se\u017ee u povijest, ne treba se ni spominjati koliko se ove dvije strane ne podnose, ali neke stvari su iznad neprijateljstva. Nakon \u0161to su otpjevali &#8216;You&#8217;ll never walk alone&#8217; sedam su minuta navijali okupljeni na Anfieldu, proslavili gol, a onda &#8211; ti\u0161ina. Ustali su, zapljeskali i odali po\u010dast napada\u010du rivala [&hellip;]\" \/>\n<meta property=\"og:url\" content=\"https:\/\/radioljubuski.ba\/index.php\/2022\/04\/20\/puni-anfield-ustao-zaustavio-pjesmu-i-zapljeskao-ronaldu\/\" \/>\n<meta property=\"og:site_name\" content=\"RADIO LJUBU\u0160KI\" \/>\n<meta property=\"article:publisher\" content=\"https:\/\/www.facebook.com\/Radiio-Ljubuski-1490835324566332\" \/>\n<meta property=\"article:published_time\" content=\"2022-04-20T09:28:29+00:00\" \/>\n<meta property=\"article:modified_time\" content=\"2022-04-20T09:28:30+00:00\" \/>\n<meta property=\"og:image\" content=\"https:\/\/radioljubuski.ba\/wp-content\/uploads\/2022\/04\/2-2022-04-20-10-14-33-ronaldo.jpg\" \/>\n\t<meta property=\"og:image:width\" content=\"1000\" \/>\n\t<meta property=\"og:image:height\" content=\"625\" \/>\n\t<meta property=\"og:image:type\" content=\"image\/jpeg\" \/>\n<meta name=\"author\" content=\"Radio Ljubu\u0161ki\" \/>\n<meta name=\"twitter:card\" content=\"summary_large_image\" \/>\n<meta name=\"twitter:creator\" content=\"@radioljubuski\" \/>\n<meta name=\"twitter:site\" content=\"@radioljubuski\" \/>\n<meta name=\"twitter:label1\" content=\"Napisao\/la\" \/>\n\t<meta name=\"twitter:data1\" content=\"Radio Ljubu\u0161ki\" \/>\n\t<meta name=\"twitter:label2\" content=\"Procijenjeno vrijeme \u010ditanja\" \/>\n\t<meta name=\"twitter:data2\" content=\"2 minute\" \/>\n<script type=\"application\/ld+json\" class=\"yoast-schema-graph\">{\"@context\":\"https:\\\/\\\/schema.org\",\"@graph\":[{\"@type\":\"Article\",\"@id\":\"https:\\\/\\\/radioljubuski.ba\\\/index.php\\\/2022\\\/04\\\/20\\\/puni-anfield-ustao-zaustavio-pjesmu-i-zapljeskao-ronaldu\\\/#article\",\"isPartOf\":{\"@id\":\"https:\\\/\\\/radioljubuski.ba\\\/index.php\\\/2022\\\/04\\\/20\\\/puni-anfield-ustao-zaustavio-pjesmu-i-zapljeskao-ronaldu\\\/\"},\"author\":{\"name\":\"Radio Ljubu\u0161ki\",\"@id\":\"https:\\\/\\\/radioljubuski.ba\\\/#\\\/schema\\\/person\\\/19fc700381a780f69665d7956c469e3b\"},\"headline\":\"Puni Anfield ustao, zaustavio pjesmu i zapljeskao Ronaldu\",\"datePublished\":\"2022-04-20T09:28:29+00:00\",\"dateModified\":\"2022-04-20T09:28:30+00:00\",\"mainEntityOfPage\":{\"@id\":\"https:\\\/\\\/radioljubuski.ba\\\/index.php\\\/2022\\\/04\\\/20\\\/puni-anfield-ustao-zaustavio-pjesmu-i-zapljeskao-ronaldu\\\/\"},\"wordCount\":288,\"publisher\":{\"@id\":\"https:\\\/\\\/radioljubuski.ba\\\/#organization\"},\"image\":{\"@id\":\"https:\\\/\\\/radioljubuski.ba\\\/index.php\\\/2022\\\/04\\\/20\\\/puni-anfield-ustao-zaustavio-pjesmu-i-zapljeskao-ronaldu\\\/#primaryimage\"},\"thumbnailUrl\":\"https:\\\/\\\/radioljubuski.ba\\\/wp-content\\\/uploads\\\/2022\\\/04\\\/2-2022-04-20-10-14-33-ronaldo.jpg\",\"articleSection\":[\"\u0160port\"],\"inLanguage\":\"hr\"},{\"@type\":\"WebPage\",\"@id\":\"https:\\\/\\\/radioljubuski.ba\\\/index.php\\\/2022\\\/04\\\/20\\\/puni-anfield-ustao-zaustavio-pjesmu-i-zapljeskao-ronaldu\\\/\",\"url\":\"https:\\\/\\\/radioljubuski.ba\\\/index.php\\\/2022\\\/04\\\/20\\\/puni-anfield-ustao-zaustavio-pjesmu-i-zapljeskao-ronaldu\\\/\",\"name\":\"Puni Anfield ustao, zaustavio pjesmu i zapljeskao Ronaldu - RADIO LJUBU\u0160KI\",\"isPartOf\":{\"@id\":\"https:\\\/\\\/radioljubuski.ba\\\/#website\"},\"primaryImageOfPage\":{\"@id\":\"https:\\\/\\\/radioljubuski.ba\\\/index.php\\\/2022\\\/04\\\/20\\\/puni-anfield-ustao-zaustavio-pjesmu-i-zapljeskao-ronaldu\\\/#primaryimage\"},\"image\":{\"@id\":\"https:\\\/\\\/radioljubuski.ba\\\/index.php\\\/2022\\\/04\\\/20\\\/puni-anfield-ustao-zaustavio-pjesmu-i-zapljeskao-ronaldu\\\/#primaryimage\"},\"thumbnailUrl\":\"https:\\\/\\\/radioljubuski.ba\\\/wp-content\\\/uploads\\\/2022\\\/04\\\/2-2022-04-20-10-14-33-ronaldo.jpg\",\"datePublished\":\"2022-04-20T09:28:29+00:00\",\"dateModified\":\"2022-04-20T09:28:30+00:00\",\"breadcrumb\":{\"@id\":\"https:\\\/\\\/radioljubuski.ba\\\/index.php\\\/2022\\\/04\\\/20\\\/puni-anfield-ustao-zaustavio-pjesmu-i-zapljeskao-ronaldu\\\/#breadcrumb\"},\"inLanguage\":\"hr\",\"potentialAction\":[{\"@type\":\"ReadAction\",\"target\":[\"https:\\\/\\\/radioljubuski.ba\\\/index.php\\\/2022\\\/04\\\/20\\\/puni-anfield-ustao-zaustavio-pjesmu-i-zapljeskao-ronaldu\\\/\"]}]},{\"@type\":\"ImageObject\",\"inLanguage\":\"hr\",\"@id\":\"https:\\\/\\\/radioljubuski.ba\\\/index.php\\\/2022\\\/04\\\/20\\\/puni-anfield-ustao-zaustavio-pjesmu-i-zapljeskao-ronaldu\\\/#primaryimage\",\"url\":\"https:\\\/\\\/radioljubuski.ba\\\/wp-content\\\/uploads\\\/2022\\\/04\\\/2-2022-04-20-10-14-33-ronaldo.jpg\",\"contentUrl\":\"https:\\\/\\\/radioljubuski.ba\\\/wp-content\\\/uploads\\\/2022\\\/04\\\/2-2022-04-20-10-14-33-ronaldo.jpg\",\"width\":1000,\"height\":625},{\"@type\":\"BreadcrumbList\",\"@id\":\"https:\\\/\\\/radioljubuski.ba\\\/index.php\\\/2022\\\/04\\\/20\\\/puni-anfield-ustao-zaustavio-pjesmu-i-zapljeskao-ronaldu\\\/#breadcrumb\",\"itemListElement\":[{\"@type\":\"ListItem\",\"position\":1,\"name\":\"Po\u010detna stranica\",\"item\":\"https:\\\/\\\/radioljubuski.ba\\\/\"},{\"@type\":\"ListItem\",\"position\":2,\"name\":\"Puni Anfield ustao, zaustavio pjesmu i zapljeskao Ronaldu\"}]},{\"@type\":\"WebSite\",\"@id\":\"https:\\\/\\\/radioljubuski.ba\\\/#website\",\"url\":\"https:\\\/\\\/radioljubuski.ba\\\/\",\"name\":\"Radio Ljubu\u0161ki\",\"description\":\"Sun\u010dana frekvencija Hercegovine\",\"publisher\":{\"@id\":\"https:\\\/\\\/radioljubuski.ba\\\/#organization\"},\"potentialAction\":[{\"@type\":\"SearchAction\",\"target\":{\"@type\":\"EntryPoint\",\"urlTemplate\":\"https:\\\/\\\/radioljubuski.ba\\\/?s={search_term_string}\"},\"query-input\":{\"@type\":\"PropertyValueSpecification\",\"valueRequired\":true,\"valueName\":\"search_term_string\"}}],\"inLanguage\":\"hr\"},{\"@type\":\"Organization\",\"@id\":\"https:\\\/\\\/radioljubuski.ba\\\/#organization\",\"name\":\"Radio Ljubu\u0161ki\",\"url\":\"https:\\\/\\\/radioljubuski.ba\\\/\",\"logo\":{\"@type\":\"ImageObject\",\"inLanguage\":\"hr\",\"@id\":\"https:\\\/\\\/radioljubuski.ba\\\/#\\\/schema\\\/logo\\\/image\\\/\",\"url\":\"https:\\\/\\\/radioljubuski.ba\\\/wp-content\\\/uploads\\\/2021\\\/02\\\/cropped-Radio_Ljubuski_logo1.jpg\",\"contentUrl\":\"https:\\\/\\\/radioljubuski.ba\\\/wp-content\\\/uploads\\\/2021\\\/02\\\/cropped-Radio_Ljubuski_logo1.jpg\",\"width\":512,\"height\":512,\"caption\":\"Radio Ljubu\u0161ki\"},\"image\":{\"@id\":\"https:\\\/\\\/radioljubuski.ba\\\/#\\\/schema\\\/logo\\\/image\\\/\"},\"sameAs\":[\"https:\\\/\\\/www.facebook.com\\\/Radiio-Ljubuski-1490835324566332\",\"https:\\\/\\\/x.com\\\/radioljubuski\",\"https:\\\/\\\/hr.linkedin.com\\\/company\\\/radio-ljubuski\",\"https:\\\/\\\/www.youtube.com\\\/channel\\\/UCHYaeO_n0Db3tjNGudGpXyw\"]},{\"@type\":\"Person\",\"@id\":\"https:\\\/\\\/radioljubuski.ba\\\/#\\\/schema\\\/person\\\/19fc700381a780f69665d7956c469e3b\",\"name\":\"Radio Ljubu\u0161ki\"}]}<\/script>\n<!-- \/ Yoast SEO plugin. -->","yoast_head_json":{"title":"Puni Anfield ustao, zaustavio pjesmu i zapljeskao Ronaldu - RADIO LJUBU\u0160KI","robots":{"index":"index","follow":"follow","max-snippet":"max-snippet:-1","max-image-preview":"max-image-preview:large","max-video-preview":"max-video-preview:-1"},"canonical":"https:\/\/radioljubuski.ba\/index.php\/2022\/04\/20\/puni-anfield-ustao-zaustavio-pjesmu-i-zapljeskao-ronaldu\/","og_locale":"hr_HR","og_type":"article","og_title":"Puni Anfield ustao, zaustavio pjesmu i zapljeskao Ronaldu - RADIO LJUBU\u0160KI","og_description":"Rivalstvo Liverpoola i Manchester Uniteda se\u017ee u povijest, ne treba se ni spominjati koliko se ove dvije strane ne podnose, ali neke stvari su iznad neprijateljstva. Nakon \u0161to su otpjevali &#8216;You&#8217;ll never walk alone&#8217; sedam su minuta navijali okupljeni na Anfieldu, proslavili gol, a onda &#8211; ti\u0161ina. Ustali su, zapljeskali i odali po\u010dast napada\u010du rivala [&hellip;]","og_url":"https:\/\/radioljubuski.ba\/index.php\/2022\/04\/20\/puni-anfield-ustao-zaustavio-pjesmu-i-zapljeskao-ronaldu\/","og_site_name":"RADIO LJUBU\u0160KI","article_publisher":"https:\/\/www.facebook.com\/Radiio-Ljubuski-1490835324566332","article_published_time":"2022-04-20T09:28:29+00:00","article_modified_time":"2022-04-20T09:28:30+00:00","og_image":[{"width":1000,"height":625,"url":"https:\/\/radioljubuski.ba\/wp-content\/uploads\/2022\/04\/2-2022-04-20-10-14-33-ronaldo.jpg","type":"image\/jpeg"}],"author":"Radio Ljubu\u0161ki","twitter_card":"summary_large_image","twitter_creator":"@radioljubuski","twitter_site":"@radioljubuski","twitter_misc":{"Napisao\/la":"Radio Ljubu\u0161ki","Procijenjeno vrijeme \u010ditanja":"2 minute"},"schema":{"@context":"https:\/\/schema.org","@graph":[{"@type":"Article","@id":"https:\/\/radioljubuski.ba\/index.php\/2022\/04\/20\/puni-anfield-ustao-zaustavio-pjesmu-i-zapljeskao-ronaldu\/#article","isPartOf":{"@id":"https:\/\/radioljubuski.ba\/index.php\/2022\/04\/20\/puni-anfield-ustao-zaustavio-pjesmu-i-zapljeskao-ronaldu\/"},"author":{"name":"Radio Ljubu\u0161ki","@id":"https:\/\/radioljubuski.ba\/#\/schema\/person\/19fc700381a780f69665d7956c469e3b"},"headline":"Puni Anfield ustao, zaustavio pjesmu i zapljeskao Ronaldu","datePublished":"2022-04-20T09:28:29+00:00","dateModified":"2022-04-20T09:28:30+00:00","mainEntityOfPage":{"@id":"https:\/\/radioljubuski.ba\/index.php\/2022\/04\/20\/puni-anfield-ustao-zaustavio-pjesmu-i-zapljeskao-ronaldu\/"},"wordCount":288,"publisher":{"@id":"https:\/\/radioljubuski.ba\/#organization"},"image":{"@id":"https:\/\/radioljubuski.ba\/index.php\/2022\/04\/20\/puni-anfield-ustao-zaustavio-pjesmu-i-zapljeskao-ronaldu\/#primaryimage"},"thumbnailUrl":"https:\/\/radioljubuski.ba\/wp-content\/uploads\/2022\/04\/2-2022-04-20-10-14-33-ronaldo.jpg","articleSection":["\u0160port"],"inLanguage":"hr"},{"@type":"WebPage","@id":"https:\/\/radioljubuski.ba\/index.php\/2022\/04\/20\/puni-anfield-ustao-zaustavio-pjesmu-i-zapljeskao-ronaldu\/","url":"https:\/\/radioljubuski.ba\/index.php\/2022\/04\/20\/puni-anfield-ustao-zaustavio-pjesmu-i-zapljeskao-ronaldu\/","name":"Puni Anfield ustao, zaustavio pjesmu i zapljeskao Ronaldu - RADIO LJUBU\u0160KI","isPartOf":{"@id":"https:\/\/radioljubuski.ba\/#website"},"primaryImageOfPage":{"@id":"https:\/\/radioljubuski.ba\/index.php\/2022\/04\/20\/puni-anfield-ustao-zaustavio-pjesmu-i-zapljeskao-ronaldu\/#primaryimage"},"image":{"@id":"https:\/\/radioljubuski.ba\/index.php\/2022\/04\/20\/puni-anfield-ustao-zaustavio-pjesmu-i-zapljeskao-ronaldu\/#primaryimage"},"thumbnailUrl":"https:\/\/radioljubuski.ba\/wp-content\/uploads\/2022\/04\/2-2022-04-20-10-14-33-ronaldo.jpg","datePublished":"2022-04-20T09:28:29+00:00","dateModified":"2022-04-20T09:28:30+00:00","breadcrumb":{"@id":"https:\/\/radioljubuski.ba\/index.php\/2022\/04\/20\/puni-anfield-ustao-zaustavio-pjesmu-i-zapljeskao-ronaldu\/#breadcrumb"},"inLanguage":"hr","potentialAction":[{"@type":"ReadAction","target":["https:\/\/radioljubuski.ba\/index.php\/2022\/04\/20\/puni-anfield-ustao-zaustavio-pjesmu-i-zapljeskao-ronaldu\/"]}]},{"@type":"ImageObject","inLanguage":"hr","@id":"https:\/\/radioljubuski.ba\/index.php\/2022\/04\/20\/puni-anfield-ustao-zaustavio-pjesmu-i-zapljeskao-ronaldu\/#primaryimage","url":"https:\/\/radioljubuski.ba\/wp-content\/uploads\/2022\/04\/2-2022-04-20-10-14-33-ronaldo.jpg","contentUrl":"https:\/\/radioljubuski.ba\/wp-content\/uploads\/2022\/04\/2-2022-04-20-10-14-33-ronaldo.jpg","width":1000,"height":625},{"@type":"BreadcrumbList","@id":"https:\/\/radioljubuski.ba\/index.php\/2022\/04\/20\/puni-anfield-ustao-zaustavio-pjesmu-i-zapljeskao-ronaldu\/#breadcrumb","itemListElement":[{"@type":"ListItem","position":1,"name":"Po\u010detna stranica","item":"https:\/\/radioljubuski.ba\/"},{"@type":"ListItem","position":2,"name":"Puni Anfield ustao, zaustavio pjesmu i zapljeskao Ronaldu"}]},{"@type":"WebSite","@id":"https:\/\/radioljubuski.ba\/#website","url":"https:\/\/radioljubuski.ba\/","name":"Radio Ljubu\u0161ki","description":"Sun\u010dana frekvencija Hercegovine","publisher":{"@id":"https:\/\/radioljubuski.ba\/#organization"},"potentialAction":[{"@type":"SearchAction","target":{"@type":"EntryPoint","urlTemplate":"https:\/\/radioljubuski.ba\/?s={search_term_string}"},"query-input":{"@type":"PropertyValueSpecification","valueRequired":true,"valueName":"search_term_string"}}],"inLanguage":"hr"},{"@type":"Organization","@id":"https:\/\/radioljubuski.ba\/#organization","name":"Radio Ljubu\u0161ki","url":"https:\/\/radioljubuski.ba\/","logo":{"@type":"ImageObject","inLanguage":"hr","@id":"https:\/\/radioljubuski.ba\/#\/schema\/logo\/image\/","url":"https:\/\/radioljubuski.ba\/wp-content\/uploads\/2021\/02\/cropped-Radio_Ljubuski_logo1.jpg","contentUrl":"https:\/\/radioljubuski.ba\/wp-content\/uploads\/2021\/02\/cropped-Radio_Ljubuski_logo1.jpg","width":512,"height":512,"caption":"Radio Ljubu\u0161ki"},"image":{"@id":"https:\/\/radioljubuski.ba\/#\/schema\/logo\/image\/"},"sameAs":["https:\/\/www.facebook.com\/Radiio-Ljubuski-1490835324566332","https:\/\/x.com\/radioljubuski","https:\/\/hr.linkedin.com\/company\/radio-ljubuski","https:\/\/www.youtube.com\/channel\/UCHYaeO_n0Db3tjNGudGpXyw"]},{"@type":"Person","@id":"https:\/\/radioljubuski.ba\/#\/schema\/person\/19fc700381a780f69665d7956c469e3b","name":"Radio Ljubu\u0161ki"}]}},"_links":{"self":[{"href":"https:\/\/radioljubuski.ba\/index.php\/wp-json\/wp\/v2\/posts\/134371","targetHints":{"allow":["GET"]}}],"collection":[{"href":"https:\/\/radioljubuski.ba\/index.php\/wp-json\/wp\/v2\/posts"}],"about":[{"href":"https:\/\/radioljubuski.ba\/index.php\/wp-json\/wp\/v2\/types\/post"}],"author":[{"embeddable":true,"href":"https:\/\/radioljubuski.ba\/index.php\/wp-json\/wp\/v2\/users\/2"}],"replies":[{"embeddable":true,"href":"https:\/\/radioljubuski.ba\/index.php\/wp-json\/wp\/v2\/comments?post=134371"}],"version-history":[{"count":1,"href":"https:\/\/radioljubuski.ba\/index.php\/wp-json\/wp\/v2\/posts\/134371\/revisions"}],"predecessor-version":[{"id":134373,"href":"https:\/\/radioljubuski.ba\/index.php\/wp-json\/wp\/v2\/posts\/134371\/revisions\/134373"}],"wp:featuredmedia":[{"embeddable":true,"href":"https:\/\/radioljubuski.ba\/index.php\/wp-json\/wp\/v2\/media\/134372"}],"wp:attachment":[{"href":"https:\/\/radioljubuski.ba\/index.php\/wp-json\/wp\/v2\/media?parent=134371"}],"wp:term":[{"taxonomy":"category","embeddable":true,"href":"https:\/\/radioljubuski.ba\/index.php\/wp-json\/wp\/v2\/categories?post=134371"},{"taxonomy":"post_tag","embeddable":true,"href":"https:\/\/radioljubuski.ba\/index.php\/wp-json\/wp\/v2\/tags?post=134371"}],"curies":[{"name":"wp","href":"https:\/\/api.w.org\/{rel}","templated":true}]}}