{"id":134386,"date":"2022-04-20T10:40:09","date_gmt":"2022-04-20T09:40:09","guid":{"rendered":"https:\/\/radioljubuski.ba\/?p=134386"},"modified":"2022-04-20T10:40:10","modified_gmt":"2022-04-20T09:40:10","slug":"najezda-kuna-u-tomislavgradu-uselile-u-potkrovlje-obiteljske-kuce-i-unistile-krovnu-izolaciju","status":"publish","type":"post","link":"https:\/\/radioljubuski.ba\/index.php\/2022\/04\/20\/najezda-kuna-u-tomislavgradu-uselile-u-potkrovlje-obiteljske-kuce-i-unistile-krovnu-izolaciju\/","title":{"rendered":"Najezda kuna u Tomislavgradu, &#8220;uselile&#8221; u potkrovlje obiteljske ku\u0107e i uni\u0161tile krovnu izolaciju"},"content":{"rendered":"\n<p>Stanovnici op\u0107ine Tomislavgrad ovoga prolje\u0107a imaju velikih problema s najezdom malih \u0161umskih \u017eivotinja, poput kuna i lasica.<\/p>\n\n\n\n<p>Pojava sve ve\u0107eg broja lasica, kuna, puhova, \u017eivotinja koje su u narodu poznate pod nazivom &#8220;d\u017eud\u017ean&#8221;, u blizini stambenih objekata u gradskim \u010detvrtima ili seoskim gazdinstvima je upozoravaju\u0107i faktor prilagodbe tih \u017eivotinja novim \u017eivotnim uvjetima, za Fenu je kazao direktor Veterinarske stanice u Tomislavgradu Jozo Jur\u010devi\u0107.<\/p>\n\n\n\n<p>Mje\u0161tani sela op\u0107ine Tomislavgrad, ali i samog grada, \u017eale se na najezdu ovih \u017eivotinja, posebice kuna, koje nanose velike \u0161tete ku\u0107anstvima.<\/p>\n\n\n\n<p>U samom centru Tomislavgrada \u017eivotinje su se &#8220;uselile&#8221; u potkrovlje obiteljske ku\u0107e i uni\u0161tile krovnu izolaciju.<\/p>\n\n\n\n<p>&#8220;Poku\u0161avamo se na sve mogu\u0107e na\u010dine rije\u0161iti tih napasti. Morali smo nanovo stavljati toplinsku izolaciju, a gore od toga je konstanta buka koja dolazi iz potkrovlje gdje su \u017eivotinje vjerojatno napravile svoje leglo&#8221;, kazala je vlasnica obiteljske ku\u0107e.<\/p>\n\n\n\n<p>U seoskim naseljima prema Blidinju (Lipa, Kongora, Mandino Selo) kune u potrazi za hranom napadaju perad na obiteljskim gazdinstvima, a mje\u0161tani ka\u017eu kako je prakti\u010dno nemogu\u0107e za\u0161tititi doma\u0107e \u017eivotinje.<\/p>\n\n\n\n<p>&#8220;Jedan poljoprivrednik iz Lipe postavljao je zamke, vibriraju\u0107a ultrazvu\u010dna sredstva, ljepila, otrove, ali gotovo bez ikakvog u\u010dinka. Naj\u010de\u0161\u0107e se u te zamke uhvate doma\u0107e ma\u010dke&#8221;, kazala je jedna mje\u0161tanka Lipe.<\/p>\n\n\n\n<p>Veterinari isti\u010du da je kuna vrlo srame\u017eljiva i no\u0107na lovica, a danju se povla\u010di u svoju jazbinu, koja se naj\u010de\u0161\u0107e nalazi u stajama, gara\u017eama ili tavanima.<\/p>\n\n\n\n<p>Mogu vrlo dobro penjati i imaju vrlo tanka tijela, lako se mogu popeti na tavan te im je dovoljno da se probiju kroz najmanji otvor i prodiru u potkrovlje. One vi\u0161e vole meso a hranu tra\u017ee u kantama za sme\u0107e, ali i mali sisavci, ptice i \u017eabe dio su njihovog jelovniku.<\/p>\n\n\n\n<p>Veterinari preporu\u010duju mje\u0161tanima da zatvore sve male otvore za koje se pretpostavlja da ih koriste kune, da poku\u0161aju utvrditi rutu kretanja \u017eivotinje oko ku\u0107e te da na osnovu toga odaberu pogodne lokacije za postavljanje zamki ili ljepila.<\/p>\n\n\n\n<p>Izvor:pogled.ba<\/p>\n","protected":false},"excerpt":{"rendered":"<p>Stanovnici op\u0107ine Tomislavgrad ovoga prolje\u0107a imaju velikih problema s najezdom malih \u0161umskih \u017eivotinja, poput kuna i lasica. Pojava sve ve\u0107eg broja lasica, kuna, puhova, \u017eivotinja koje su u narodu poznate pod nazivom &#8220;d\u017eud\u017ean&#8221;, u blizini stambenih objekata u gradskim \u010detvrtima ili seoskim gazdinstvima je upozoravaju\u0107i faktor prilagodbe tih \u017eivotinja novim \u017eivotnim uvjetima, za Fenu je [&hellip;]<\/p>\n","protected":false},"author":2,"featured_media":134387,"comment_status":"closed","ping_status":"closed","sticky":false,"template":"","format":"standard","meta":{"h5ap_radio_sources":[],"footnotes":""},"categories":[1],"tags":[],"class_list":["post-134386","post","type-post","status-publish","format-standard","has-post-thumbnail","hentry","category-bihiregija"],"yoast_head":"<!-- This site is optimized with the Yoast SEO plugin v27.4 - https:\/\/yoast.com\/product\/yoast-seo-wordpress\/ -->\n<title>Najezda kuna u Tomislavgradu, &quot;uselile&quot; u potkrovlje obiteljske ku\u0107e i uni\u0161tile krovnu izolaciju - RADIO LJUBU\u0160KI<\/title>\n<meta name=\"robots\" content=\"index, follow, max-snippet:-1, max-image-preview:large, max-video-preview:-1\" \/>\n<link rel=\"canonical\" href=\"https:\/\/radioljubuski.ba\/index.php\/2022\/04\/20\/najezda-kuna-u-tomislavgradu-uselile-u-potkrovlje-obiteljske-kuce-i-unistile-krovnu-izolaciju\/\" \/>\n<meta property=\"og:locale\" content=\"hr_HR\" \/>\n<meta property=\"og:type\" content=\"article\" \/>\n<meta property=\"og:title\" content=\"Najezda kuna u Tomislavgradu, &quot;uselile&quot; u potkrovlje obiteljske ku\u0107e i uni\u0161tile krovnu izolaciju - RADIO LJUBU\u0160KI\" \/>\n<meta property=\"og:description\" content=\"Stanovnici op\u0107ine Tomislavgrad ovoga prolje\u0107a imaju velikih problema s najezdom malih \u0161umskih \u017eivotinja, poput kuna i lasica. Pojava sve ve\u0107eg broja lasica, kuna, puhova, \u017eivotinja koje su u narodu poznate pod nazivom &#8220;d\u017eud\u017ean&#8221;, u blizini stambenih objekata u gradskim \u010detvrtima ili seoskim gazdinstvima je upozoravaju\u0107i faktor prilagodbe tih \u017eivotinja novim \u017eivotnim uvjetima, za Fenu je [&hellip;]\" \/>\n<meta property=\"og:url\" content=\"https:\/\/radioljubuski.ba\/index.php\/2022\/04\/20\/najezda-kuna-u-tomislavgradu-uselile-u-potkrovlje-obiteljske-kuce-i-unistile-krovnu-izolaciju\/\" \/>\n<meta property=\"og:site_name\" content=\"RADIO LJUBU\u0160KI\" \/>\n<meta property=\"article:publisher\" content=\"https:\/\/www.facebook.com\/Radiio-Ljubuski-1490835324566332\" \/>\n<meta property=\"article:published_time\" content=\"2022-04-20T09:40:09+00:00\" \/>\n<meta property=\"article:modified_time\" content=\"2022-04-20T09:40:10+00:00\" \/>\n<meta property=\"og:image\" content=\"https:\/\/radioljubuski.ba\/wp-content\/uploads\/2022\/04\/554F21E0-086A-409D-81E7-CA3BE6474F11.jpeg\" \/>\n\t<meta property=\"og:image:width\" content=\"810\" \/>\n\t<meta property=\"og:image:height\" content=\"540\" \/>\n\t<meta property=\"og:image:type\" content=\"image\/jpeg\" \/>\n<meta name=\"author\" content=\"Radio Ljubu\u0161ki\" \/>\n<meta name=\"twitter:card\" content=\"summary_large_image\" \/>\n<meta name=\"twitter:creator\" content=\"@radioljubuski\" \/>\n<meta name=\"twitter:site\" content=\"@radioljubuski\" \/>\n<meta name=\"twitter:label1\" content=\"Napisao\/la\" \/>\n\t<meta name=\"twitter:data1\" content=\"Radio Ljubu\u0161ki\" \/>\n\t<meta name=\"twitter:label2\" content=\"Procijenjeno vrijeme \u010ditanja\" \/>\n\t<meta name=\"twitter:data2\" content=\"2 minute\" \/>\n<script type=\"application\/ld+json\" class=\"yoast-schema-graph\">{\"@context\":\"https:\\\/\\\/schema.org\",\"@graph\":[{\"@type\":\"Article\",\"@id\":\"https:\\\/\\\/radioljubuski.ba\\\/index.php\\\/2022\\\/04\\\/20\\\/najezda-kuna-u-tomislavgradu-uselile-u-potkrovlje-obiteljske-kuce-i-unistile-krovnu-izolaciju\\\/#article\",\"isPartOf\":{\"@id\":\"https:\\\/\\\/radioljubuski.ba\\\/index.php\\\/2022\\\/04\\\/20\\\/najezda-kuna-u-tomislavgradu-uselile-u-potkrovlje-obiteljske-kuce-i-unistile-krovnu-izolaciju\\\/\"},\"author\":{\"name\":\"Radio Ljubu\u0161ki\",\"@id\":\"https:\\\/\\\/radioljubuski.ba\\\/#\\\/schema\\\/person\\\/19fc700381a780f69665d7956c469e3b\"},\"headline\":\"Najezda kuna u Tomislavgradu, &#8220;uselile&#8221; u potkrovlje obiteljske ku\u0107e i uni\u0161tile krovnu izolaciju\",\"datePublished\":\"2022-04-20T09:40:09+00:00\",\"dateModified\":\"2022-04-20T09:40:10+00:00\",\"mainEntityOfPage\":{\"@id\":\"https:\\\/\\\/radioljubuski.ba\\\/index.php\\\/2022\\\/04\\\/20\\\/najezda-kuna-u-tomislavgradu-uselile-u-potkrovlje-obiteljske-kuce-i-unistile-krovnu-izolaciju\\\/\"},\"wordCount\":374,\"publisher\":{\"@id\":\"https:\\\/\\\/radioljubuski.ba\\\/#organization\"},\"image\":{\"@id\":\"https:\\\/\\\/radioljubuski.ba\\\/index.php\\\/2022\\\/04\\\/20\\\/najezda-kuna-u-tomislavgradu-uselile-u-potkrovlje-obiteljske-kuce-i-unistile-krovnu-izolaciju\\\/#primaryimage\"},\"thumbnailUrl\":\"https:\\\/\\\/radioljubuski.ba\\\/wp-content\\\/uploads\\\/2022\\\/04\\\/554F21E0-086A-409D-81E7-CA3BE6474F11.jpeg\",\"articleSection\":[\"BIH i regija\"],\"inLanguage\":\"hr\"},{\"@type\":\"WebPage\",\"@id\":\"https:\\\/\\\/radioljubuski.ba\\\/index.php\\\/2022\\\/04\\\/20\\\/najezda-kuna-u-tomislavgradu-uselile-u-potkrovlje-obiteljske-kuce-i-unistile-krovnu-izolaciju\\\/\",\"url\":\"https:\\\/\\\/radioljubuski.ba\\\/index.php\\\/2022\\\/04\\\/20\\\/najezda-kuna-u-tomislavgradu-uselile-u-potkrovlje-obiteljske-kuce-i-unistile-krovnu-izolaciju\\\/\",\"name\":\"Najezda kuna u Tomislavgradu, \\\"uselile\\\" u potkrovlje obiteljske ku\u0107e i uni\u0161tile krovnu izolaciju - RADIO LJUBU\u0160KI\",\"isPartOf\":{\"@id\":\"https:\\\/\\\/radioljubuski.ba\\\/#website\"},\"primaryImageOfPage\":{\"@id\":\"https:\\\/\\\/radioljubuski.ba\\\/index.php\\\/2022\\\/04\\\/20\\\/najezda-kuna-u-tomislavgradu-uselile-u-potkrovlje-obiteljske-kuce-i-unistile-krovnu-izolaciju\\\/#primaryimage\"},\"image\":{\"@id\":\"https:\\\/\\\/radioljubuski.ba\\\/index.php\\\/2022\\\/04\\\/20\\\/najezda-kuna-u-tomislavgradu-uselile-u-potkrovlje-obiteljske-kuce-i-unistile-krovnu-izolaciju\\\/#primaryimage\"},\"thumbnailUrl\":\"https:\\\/\\\/radioljubuski.ba\\\/wp-content\\\/uploads\\\/2022\\\/04\\\/554F21E0-086A-409D-81E7-CA3BE6474F11.jpeg\",\"datePublished\":\"2022-04-20T09:40:09+00:00\",\"dateModified\":\"2022-04-20T09:40:10+00:00\",\"breadcrumb\":{\"@id\":\"https:\\\/\\\/radioljubuski.ba\\\/index.php\\\/2022\\\/04\\\/20\\\/najezda-kuna-u-tomislavgradu-uselile-u-potkrovlje-obiteljske-kuce-i-unistile-krovnu-izolaciju\\\/#breadcrumb\"},\"inLanguage\":\"hr\",\"potentialAction\":[{\"@type\":\"ReadAction\",\"target\":[\"https:\\\/\\\/radioljubuski.ba\\\/index.php\\\/2022\\\/04\\\/20\\\/najezda-kuna-u-tomislavgradu-uselile-u-potkrovlje-obiteljske-kuce-i-unistile-krovnu-izolaciju\\\/\"]}]},{\"@type\":\"ImageObject\",\"inLanguage\":\"hr\",\"@id\":\"https:\\\/\\\/radioljubuski.ba\\\/index.php\\\/2022\\\/04\\\/20\\\/najezda-kuna-u-tomislavgradu-uselile-u-potkrovlje-obiteljske-kuce-i-unistile-krovnu-izolaciju\\\/#primaryimage\",\"url\":\"https:\\\/\\\/radioljubuski.ba\\\/wp-content\\\/uploads\\\/2022\\\/04\\\/554F21E0-086A-409D-81E7-CA3BE6474F11.jpeg\",\"contentUrl\":\"https:\\\/\\\/radioljubuski.ba\\\/wp-content\\\/uploads\\\/2022\\\/04\\\/554F21E0-086A-409D-81E7-CA3BE6474F11.jpeg\",\"width\":810,\"height\":540},{\"@type\":\"BreadcrumbList\",\"@id\":\"https:\\\/\\\/radioljubuski.ba\\\/index.php\\\/2022\\\/04\\\/20\\\/najezda-kuna-u-tomislavgradu-uselile-u-potkrovlje-obiteljske-kuce-i-unistile-krovnu-izolaciju\\\/#breadcrumb\",\"itemListElement\":[{\"@type\":\"ListItem\",\"position\":1,\"name\":\"Po\u010detna stranica\",\"item\":\"https:\\\/\\\/radioljubuski.ba\\\/\"},{\"@type\":\"ListItem\",\"position\":2,\"name\":\"Najezda kuna u Tomislavgradu, &#8220;uselile&#8221; u potkrovlje obiteljske ku\u0107e i uni\u0161tile krovnu izolaciju\"}]},{\"@type\":\"WebSite\",\"@id\":\"https:\\\/\\\/radioljubuski.ba\\\/#website\",\"url\":\"https:\\\/\\\/radioljubuski.ba\\\/\",\"name\":\"Radio Ljubu\u0161ki\",\"description\":\"Sun\u010dana frekvencija Hercegovine\",\"publisher\":{\"@id\":\"https:\\\/\\\/radioljubuski.ba\\\/#organization\"},\"potentialAction\":[{\"@type\":\"SearchAction\",\"target\":{\"@type\":\"EntryPoint\",\"urlTemplate\":\"https:\\\/\\\/radioljubuski.ba\\\/?s={search_term_string}\"},\"query-input\":{\"@type\":\"PropertyValueSpecification\",\"valueRequired\":true,\"valueName\":\"search_term_string\"}}],\"inLanguage\":\"hr\"},{\"@type\":\"Organization\",\"@id\":\"https:\\\/\\\/radioljubuski.ba\\\/#organization\",\"name\":\"Radio Ljubu\u0161ki\",\"url\":\"https:\\\/\\\/radioljubuski.ba\\\/\",\"logo\":{\"@type\":\"ImageObject\",\"inLanguage\":\"hr\",\"@id\":\"https:\\\/\\\/radioljubuski.ba\\\/#\\\/schema\\\/logo\\\/image\\\/\",\"url\":\"https:\\\/\\\/radioljubuski.ba\\\/wp-content\\\/uploads\\\/2021\\\/02\\\/cropped-Radio_Ljubuski_logo1.jpg\",\"contentUrl\":\"https:\\\/\\\/radioljubuski.ba\\\/wp-content\\\/uploads\\\/2021\\\/02\\\/cropped-Radio_Ljubuski_logo1.jpg\",\"width\":512,\"height\":512,\"caption\":\"Radio Ljubu\u0161ki\"},\"image\":{\"@id\":\"https:\\\/\\\/radioljubuski.ba\\\/#\\\/schema\\\/logo\\\/image\\\/\"},\"sameAs\":[\"https:\\\/\\\/www.facebook.com\\\/Radiio-Ljubuski-1490835324566332\",\"https:\\\/\\\/x.com\\\/radioljubuski\",\"https:\\\/\\\/hr.linkedin.com\\\/company\\\/radio-ljubuski\",\"https:\\\/\\\/www.youtube.com\\\/channel\\\/UCHYaeO_n0Db3tjNGudGpXyw\"]},{\"@type\":\"Person\",\"@id\":\"https:\\\/\\\/radioljubuski.ba\\\/#\\\/schema\\\/person\\\/19fc700381a780f69665d7956c469e3b\",\"name\":\"Radio Ljubu\u0161ki\"}]}<\/script>\n<!-- \/ Yoast SEO plugin. -->","yoast_head_json":{"title":"Najezda kuna u Tomislavgradu, \"uselile\" u potkrovlje obiteljske ku\u0107e i uni\u0161tile krovnu izolaciju - RADIO LJUBU\u0160KI","robots":{"index":"index","follow":"follow","max-snippet":"max-snippet:-1","max-image-preview":"max-image-preview:large","max-video-preview":"max-video-preview:-1"},"canonical":"https:\/\/radioljubuski.ba\/index.php\/2022\/04\/20\/najezda-kuna-u-tomislavgradu-uselile-u-potkrovlje-obiteljske-kuce-i-unistile-krovnu-izolaciju\/","og_locale":"hr_HR","og_type":"article","og_title":"Najezda kuna u Tomislavgradu, \"uselile\" u potkrovlje obiteljske ku\u0107e i uni\u0161tile krovnu izolaciju - RADIO LJUBU\u0160KI","og_description":"Stanovnici op\u0107ine Tomislavgrad ovoga prolje\u0107a imaju velikih problema s najezdom malih \u0161umskih \u017eivotinja, poput kuna i lasica. Pojava sve ve\u0107eg broja lasica, kuna, puhova, \u017eivotinja koje su u narodu poznate pod nazivom &#8220;d\u017eud\u017ean&#8221;, u blizini stambenih objekata u gradskim \u010detvrtima ili seoskim gazdinstvima je upozoravaju\u0107i faktor prilagodbe tih \u017eivotinja novim \u017eivotnim uvjetima, za Fenu je [&hellip;]","og_url":"https:\/\/radioljubuski.ba\/index.php\/2022\/04\/20\/najezda-kuna-u-tomislavgradu-uselile-u-potkrovlje-obiteljske-kuce-i-unistile-krovnu-izolaciju\/","og_site_name":"RADIO LJUBU\u0160KI","article_publisher":"https:\/\/www.facebook.com\/Radiio-Ljubuski-1490835324566332","article_published_time":"2022-04-20T09:40:09+00:00","article_modified_time":"2022-04-20T09:40:10+00:00","og_image":[{"width":810,"height":540,"url":"https:\/\/radioljubuski.ba\/wp-content\/uploads\/2022\/04\/554F21E0-086A-409D-81E7-CA3BE6474F11.jpeg","type":"image\/jpeg"}],"author":"Radio Ljubu\u0161ki","twitter_card":"summary_large_image","twitter_creator":"@radioljubuski","twitter_site":"@radioljubuski","twitter_misc":{"Napisao\/la":"Radio Ljubu\u0161ki","Procijenjeno vrijeme \u010ditanja":"2 minute"},"schema":{"@context":"https:\/\/schema.org","@graph":[{"@type":"Article","@id":"https:\/\/radioljubuski.ba\/index.php\/2022\/04\/20\/najezda-kuna-u-tomislavgradu-uselile-u-potkrovlje-obiteljske-kuce-i-unistile-krovnu-izolaciju\/#article","isPartOf":{"@id":"https:\/\/radioljubuski.ba\/index.php\/2022\/04\/20\/najezda-kuna-u-tomislavgradu-uselile-u-potkrovlje-obiteljske-kuce-i-unistile-krovnu-izolaciju\/"},"author":{"name":"Radio Ljubu\u0161ki","@id":"https:\/\/radioljubuski.ba\/#\/schema\/person\/19fc700381a780f69665d7956c469e3b"},"headline":"Najezda kuna u Tomislavgradu, &#8220;uselile&#8221; u potkrovlje obiteljske ku\u0107e i uni\u0161tile krovnu izolaciju","datePublished":"2022-04-20T09:40:09+00:00","dateModified":"2022-04-20T09:40:10+00:00","mainEntityOfPage":{"@id":"https:\/\/radioljubuski.ba\/index.php\/2022\/04\/20\/najezda-kuna-u-tomislavgradu-uselile-u-potkrovlje-obiteljske-kuce-i-unistile-krovnu-izolaciju\/"},"wordCount":374,"publisher":{"@id":"https:\/\/radioljubuski.ba\/#organization"},"image":{"@id":"https:\/\/radioljubuski.ba\/index.php\/2022\/04\/20\/najezda-kuna-u-tomislavgradu-uselile-u-potkrovlje-obiteljske-kuce-i-unistile-krovnu-izolaciju\/#primaryimage"},"thumbnailUrl":"https:\/\/radioljubuski.ba\/wp-content\/uploads\/2022\/04\/554F21E0-086A-409D-81E7-CA3BE6474F11.jpeg","articleSection":["BIH i regija"],"inLanguage":"hr"},{"@type":"WebPage","@id":"https:\/\/radioljubuski.ba\/index.php\/2022\/04\/20\/najezda-kuna-u-tomislavgradu-uselile-u-potkrovlje-obiteljske-kuce-i-unistile-krovnu-izolaciju\/","url":"https:\/\/radioljubuski.ba\/index.php\/2022\/04\/20\/najezda-kuna-u-tomislavgradu-uselile-u-potkrovlje-obiteljske-kuce-i-unistile-krovnu-izolaciju\/","name":"Najezda kuna u Tomislavgradu, \"uselile\" u potkrovlje obiteljske ku\u0107e i uni\u0161tile krovnu izolaciju - RADIO LJUBU\u0160KI","isPartOf":{"@id":"https:\/\/radioljubuski.ba\/#website"},"primaryImageOfPage":{"@id":"https:\/\/radioljubuski.ba\/index.php\/2022\/04\/20\/najezda-kuna-u-tomislavgradu-uselile-u-potkrovlje-obiteljske-kuce-i-unistile-krovnu-izolaciju\/#primaryimage"},"image":{"@id":"https:\/\/radioljubuski.ba\/index.php\/2022\/04\/20\/najezda-kuna-u-tomislavgradu-uselile-u-potkrovlje-obiteljske-kuce-i-unistile-krovnu-izolaciju\/#primaryimage"},"thumbnailUrl":"https:\/\/radioljubuski.ba\/wp-content\/uploads\/2022\/04\/554F21E0-086A-409D-81E7-CA3BE6474F11.jpeg","datePublished":"2022-04-20T09:40:09+00:00","dateModified":"2022-04-20T09:40:10+00:00","breadcrumb":{"@id":"https:\/\/radioljubuski.ba\/index.php\/2022\/04\/20\/najezda-kuna-u-tomislavgradu-uselile-u-potkrovlje-obiteljske-kuce-i-unistile-krovnu-izolaciju\/#breadcrumb"},"inLanguage":"hr","potentialAction":[{"@type":"ReadAction","target":["https:\/\/radioljubuski.ba\/index.php\/2022\/04\/20\/najezda-kuna-u-tomislavgradu-uselile-u-potkrovlje-obiteljske-kuce-i-unistile-krovnu-izolaciju\/"]}]},{"@type":"ImageObject","inLanguage":"hr","@id":"https:\/\/radioljubuski.ba\/index.php\/2022\/04\/20\/najezda-kuna-u-tomislavgradu-uselile-u-potkrovlje-obiteljske-kuce-i-unistile-krovnu-izolaciju\/#primaryimage","url":"https:\/\/radioljubuski.ba\/wp-content\/uploads\/2022\/04\/554F21E0-086A-409D-81E7-CA3BE6474F11.jpeg","contentUrl":"https:\/\/radioljubuski.ba\/wp-content\/uploads\/2022\/04\/554F21E0-086A-409D-81E7-CA3BE6474F11.jpeg","width":810,"height":540},{"@type":"BreadcrumbList","@id":"https:\/\/radioljubuski.ba\/index.php\/2022\/04\/20\/najezda-kuna-u-tomislavgradu-uselile-u-potkrovlje-obiteljske-kuce-i-unistile-krovnu-izolaciju\/#breadcrumb","itemListElement":[{"@type":"ListItem","position":1,"name":"Po\u010detna stranica","item":"https:\/\/radioljubuski.ba\/"},{"@type":"ListItem","position":2,"name":"Najezda kuna u Tomislavgradu, &#8220;uselile&#8221; u potkrovlje obiteljske ku\u0107e i uni\u0161tile krovnu izolaciju"}]},{"@type":"WebSite","@id":"https:\/\/radioljubuski.ba\/#website","url":"https:\/\/radioljubuski.ba\/","name":"Radio Ljubu\u0161ki","description":"Sun\u010dana frekvencija Hercegovine","publisher":{"@id":"https:\/\/radioljubuski.ba\/#organization"},"potentialAction":[{"@type":"SearchAction","target":{"@type":"EntryPoint","urlTemplate":"https:\/\/radioljubuski.ba\/?s={search_term_string}"},"query-input":{"@type":"PropertyValueSpecification","valueRequired":true,"valueName":"search_term_string"}}],"inLanguage":"hr"},{"@type":"Organization","@id":"https:\/\/radioljubuski.ba\/#organization","name":"Radio Ljubu\u0161ki","url":"https:\/\/radioljubuski.ba\/","logo":{"@type":"ImageObject","inLanguage":"hr","@id":"https:\/\/radioljubuski.ba\/#\/schema\/logo\/image\/","url":"https:\/\/radioljubuski.ba\/wp-content\/uploads\/2021\/02\/cropped-Radio_Ljubuski_logo1.jpg","contentUrl":"https:\/\/radioljubuski.ba\/wp-content\/uploads\/2021\/02\/cropped-Radio_Ljubuski_logo1.jpg","width":512,"height":512,"caption":"Radio Ljubu\u0161ki"},"image":{"@id":"https:\/\/radioljubuski.ba\/#\/schema\/logo\/image\/"},"sameAs":["https:\/\/www.facebook.com\/Radiio-Ljubuski-1490835324566332","https:\/\/x.com\/radioljubuski","https:\/\/hr.linkedin.com\/company\/radio-ljubuski","https:\/\/www.youtube.com\/channel\/UCHYaeO_n0Db3tjNGudGpXyw"]},{"@type":"Person","@id":"https:\/\/radioljubuski.ba\/#\/schema\/person\/19fc700381a780f69665d7956c469e3b","name":"Radio Ljubu\u0161ki"}]}},"_links":{"self":[{"href":"https:\/\/radioljubuski.ba\/index.php\/wp-json\/wp\/v2\/posts\/134386","targetHints":{"allow":["GET"]}}],"collection":[{"href":"https:\/\/radioljubuski.ba\/index.php\/wp-json\/wp\/v2\/posts"}],"about":[{"href":"https:\/\/radioljubuski.ba\/index.php\/wp-json\/wp\/v2\/types\/post"}],"author":[{"embeddable":true,"href":"https:\/\/radioljubuski.ba\/index.php\/wp-json\/wp\/v2\/users\/2"}],"replies":[{"embeddable":true,"href":"https:\/\/radioljubuski.ba\/index.php\/wp-json\/wp\/v2\/comments?post=134386"}],"version-history":[{"count":1,"href":"https:\/\/radioljubuski.ba\/index.php\/wp-json\/wp\/v2\/posts\/134386\/revisions"}],"predecessor-version":[{"id":134388,"href":"https:\/\/radioljubuski.ba\/index.php\/wp-json\/wp\/v2\/posts\/134386\/revisions\/134388"}],"wp:featuredmedia":[{"embeddable":true,"href":"https:\/\/radioljubuski.ba\/index.php\/wp-json\/wp\/v2\/media\/134387"}],"wp:attachment":[{"href":"https:\/\/radioljubuski.ba\/index.php\/wp-json\/wp\/v2\/media?parent=134386"}],"wp:term":[{"taxonomy":"category","embeddable":true,"href":"https:\/\/radioljubuski.ba\/index.php\/wp-json\/wp\/v2\/categories?post=134386"},{"taxonomy":"post_tag","embeddable":true,"href":"https:\/\/radioljubuski.ba\/index.php\/wp-json\/wp\/v2\/tags?post=134386"}],"curies":[{"name":"wp","href":"https:\/\/api.w.org\/{rel}","templated":true}]}}