{"id":134395,"date":"2022-04-20T10:47:37","date_gmt":"2022-04-20T09:47:37","guid":{"rendered":"https:\/\/radioljubuski.ba\/?p=134395"},"modified":"2022-04-20T10:47:39","modified_gmt":"2022-04-20T09:47:39","slug":"luk-zamijenio-duhan-bijeli-luk-iz-hercegovine-jedan-od-najkvalitetnijih-na-svijetu","status":"publish","type":"post","link":"https:\/\/radioljubuski.ba\/index.php\/2022\/04\/20\/luk-zamijenio-duhan-bijeli-luk-iz-hercegovine-jedan-od-najkvalitetnijih-na-svijetu\/","title":{"rendered":"Luk zamijenio duhan: Bijeli luk iz Hercegovine jedan od najkvalitetnijih na svijetu"},"content":{"rendered":"\n<p>Firma \u201cFarmavit\u201c Ljubinje u kojoj nastaju jedinstveni proizvodi od doma\u0107eg bijelog luka uzgojenog na sun\u010danim hercegova\u010dkim poljima, svoje pionirske korake zapo\u010dela je prije tri godine, da bi danas postali lideri u proizvodnji bijelog luka u Bosni i Hercegovini, ali i \u0161ire.<\/p>\n\n\n\n<p>Jedan od zaposlenika ove firme koji je trenutno najodgovorniji za proces proizvodnje bijelog luka Stefan \u0160alvarica rekao je da je taj kraj bio poznat po uzgoju duhana, a danas se tu vi\u0161e uzgaja bijeli luk za kojeg su neka istra\u017eivanja pokazala da je jedan od najkvalitetnijih na svijetu.&nbsp;&nbsp;<\/p>\n\n\n\n<p>Govore\u0107i o razvojnom putu firme \u0160alvarica je istakao da su kroz podr\u0161ku projekta EU4Business uspjeli pobolj\u0161ati uvjete rada i produktivnost, smanjiti tro\u0161kove i ponuditi kupcima jedinstvene proizvode. Unapijre\u0111enjem&nbsp; proizvodnje bijelog luka, podigli su koli\u010dinu otkupa za 10 tona godi\u0161nje.<\/p>\n\n\n\n<p>Projektom financiranim sredstvima Europske unije, ta firma je rije\u0161ila veliki problem izvora toplotne energije, kao i problem vodene pare koja se stvarala u procesu termi\u010dke obrade luka i tako ote\u017eavala rad u proizvodnji.<\/p>\n\n\n\n<p>&#8211; Ventilacijom i klimatizacijom objekta sada se za par minuta rije\u0161imo pare. Tako\u0111er, ranije se veliki dio posla obavljao ru\u010dno a sada uz pomo\u0107 novih strojeva su unaprije\u0111eni i ubrzani procesi punjenja, etiketiranja i zatvaranja tegli &#8211; dodao je \u0160alvarica.<\/p>\n\n\n\n<p>Firma ima vlastite planta\u017ee na kojima uzgaja bijeli luk, ali odre\u0111enu koli\u010dinu otkupljuje od svojih kooperanata s podru\u010dja Hercegovine. Jedan od njih je Milan Slijep\u010devi\u0107 iz Ljubinja, kojem u procesu uzgoja bijelog luka pomo\u0107 pru\u017eaju supruga i majka.<\/p>\n\n\n\n<p>&nbsp;&#8211; Bijeli luk je te\u0161ko uzgajati jer se cijeli proces obavlja ru\u010dno, od sadnje do va\u0111enja. Unato\u010d tome mi smo zadovoljni. Na\u0161 trud se isplati jer imamo zagarantirani otkup i redovnu isplatu &#8211; dodao je Slijep\u010devi\u0107 koji je tako\u0111er zaposlen u firmi \u201cFarmavit\u201d na proizvodnji bijelog luka.<\/p>\n\n\n\n<p>Nakon otkupa, bijeli luk se \u0161alje na analizu prije nego od njega nastanu proizvodi koje na policama supermarketa kupci u Bosni i Hercegovini i van njenih granica pronalaze pod brendom \u201cMiris Hercegovine\u201d.<\/p>\n\n\n\n<p>&nbsp;&#8211; Proizvodimo pastu od bijelog luka i razli\u010dite marinade koje se sastoje od doma\u0107eg bijelog luka potopljenog u za\u010dine, maslinovo i suncokretovo ulje. Uz to, zahvaljuju\u0107i projektu EU4Business sada proizvodimo i takozvani black garlic &#8211; kazao je \u0160alvarica.&nbsp;<\/p>\n\n\n\n<p>Black garlic ili crni \u010de\u0161njak nastaje procesom fermentacije svje\u017eeg bijelog luka. U tom procesu ubrzanog \u201cstarenja\u201d, bijeli luk mijenja boju, karamelizira se i njegova se svojstva poja\u010davaju. Zbog svojih karakteristika, ova je vrsta bijelog luka izuzetno cijenjena i tra\u017eena na svjetskom tr\u017ei\u0161tu. Nabavkom stroja za fermentaciju, firma \u201cFarmavit\u201d je postala jedini proizvo\u0111a\u010d ovog luka u Bosni i Hercegovini i \u0161ire.<\/p>\n\n\n\n<p>Farmavit nastavlja uz planove o novim marinadama, plasmanu crnog \u010de\u0161njaka na me\u0111unarodno tr\u017ei\u0161te i svje\u017eeg bijelog luka.<\/p>\n\n\n\n<p>&nbsp;&#8211; Ulo\u017eili smo dodatna vlastita sredstva u nabavku opreme koja \u0107e nam pomo\u0107i u proizvodnji \u017eelatinskih kapsula punjenih ekstraktom bijelog luka. Mi \u0107emo biti prva firma u regiji i \u0161ire koja \u0107e proizvoditi dijetetske suplemente ovog tipa &#8211; dodao je&nbsp;\u0160alvarica.&nbsp;<\/p>\n\n\n\n<p>Firma \u201cFarmavit\u201d je kroz projekat EU4Business podr\u017eana u iznosu&nbsp; 150.000 KM, dok je vrijednost ukupne investicija bila 300.000 KM. &nbsp;<\/p>\n\n\n\n<p>Trenutno je u okviru projekta EU4AGRI, koji financira Europska unija, otvoren javni poziv za dodjelu bespovratnih sredstava investicijama u prera\u0111iva\u010dke kapacitete i marketing poljoprivredno-prehrambenih proizvoda u Bosni i Hercegovini. &nbsp; &nbsp;<\/p>\n\n\n\n<p>Kroz ovaj javni poziv Europska unija \u0107e podr\u017eati ulaganja u prera\u0111iva\u010dke kapacitete poljoprivredno-prehrambene industrije kroz uvo\u0111enje inovacija i razvoj novih i\/ili unapre\u0111enje postoje\u0107ih proizvoda, marketin\u0161kih alata, te osiguranje kontinuiteta poslovanja i sigurnog i zdravog radnog okru\u017eenja u BiH.<\/p>\n\n\n\n<p>Rok za prijave je 7. lipnja ove godine, a vi\u0161e informacija dostupno je putem web stranice <a href=\"http:\/\/www.eu4agri.ba\/\">www.eu4agri.ba<\/a>.&nbsp;<\/p>\n\n\n\n<p>Projekat EU4AGRI je \u010detverogodi\u0161nja inicijativa (2020-2024) koja ima za cilj modernizaciju poljoprivredno-prehrambenog sektora, otvaranje novih radnih mjesta, kao i zadr\u017eavanje postoje\u0107ih i podr\u017eavanje oporavka od krize izazvane Covid-19 u BiH. Ukupna vrijednost projekta, koji financira Europska unija, iznosi 20,25 milijuna eura, a zajedni\u010dki ga provode i sufinanciraju Razvojni program Ujedinjenih naroda (UNDP) u BiH i \u010ce\u0161ka razvojna agencija (CzDA).&nbsp;<\/p>\n\n\n\n<p>Kroz projekat EU4AGRI do sada je podr\u017eano 45 investicija bh. poljoprivrednika i poduze\u0107a sa investicijama ukupne vrijednosti 10,7 milijuna KM od \u010dega je 6,3 milijuna KM financirala EU, priop\u0107eno je iz UNDP-a.<\/p>\n\n\n\n<p>Izvor: pogled.ba<\/p>\n","protected":false},"excerpt":{"rendered":"<p>Firma \u201cFarmavit\u201c Ljubinje u kojoj nastaju jedinstveni proizvodi od doma\u0107eg bijelog luka uzgojenog na sun\u010danim hercegova\u010dkim poljima, svoje pionirske korake zapo\u010dela je prije tri godine, da bi danas postali lideri u proizvodnji bijelog luka u Bosni i Hercegovini, ali i \u0161ire. Jedan od zaposlenika ove firme koji je trenutno najodgovorniji za proces proizvodnje bijelog luka [&hellip;]<\/p>\n","protected":false},"author":2,"featured_media":134396,"comment_status":"closed","ping_status":"closed","sticky":false,"template":"","format":"standard","meta":{"h5ap_radio_sources":[],"footnotes":""},"categories":[1],"tags":[],"class_list":["post-134395","post","type-post","status-publish","format-standard","has-post-thumbnail","hentry","category-bihiregija"],"yoast_head":"<!-- This site is optimized with the Yoast SEO plugin v27.4 - https:\/\/yoast.com\/product\/yoast-seo-wordpress\/ -->\n<title>Luk zamijenio duhan: Bijeli luk iz Hercegovine jedan od najkvalitetnijih na svijetu - RADIO LJUBU\u0160KI<\/title>\n<meta name=\"robots\" content=\"index, follow, max-snippet:-1, max-image-preview:large, max-video-preview:-1\" \/>\n<link rel=\"canonical\" href=\"https:\/\/radioljubuski.ba\/index.php\/2022\/04\/20\/luk-zamijenio-duhan-bijeli-luk-iz-hercegovine-jedan-od-najkvalitetnijih-na-svijetu\/\" \/>\n<meta property=\"og:locale\" content=\"hr_HR\" \/>\n<meta property=\"og:type\" content=\"article\" \/>\n<meta property=\"og:title\" content=\"Luk zamijenio duhan: Bijeli luk iz Hercegovine jedan od najkvalitetnijih na svijetu - RADIO LJUBU\u0160KI\" \/>\n<meta property=\"og:description\" content=\"Firma \u201cFarmavit\u201c Ljubinje u kojoj nastaju jedinstveni proizvodi od doma\u0107eg bijelog luka uzgojenog na sun\u010danim hercegova\u010dkim poljima, svoje pionirske korake zapo\u010dela je prije tri godine, da bi danas postali lideri u proizvodnji bijelog luka u Bosni i Hercegovini, ali i \u0161ire. Jedan od zaposlenika ove firme koji je trenutno najodgovorniji za proces proizvodnje bijelog luka [&hellip;]\" \/>\n<meta property=\"og:url\" content=\"https:\/\/radioljubuski.ba\/index.php\/2022\/04\/20\/luk-zamijenio-duhan-bijeli-luk-iz-hercegovine-jedan-od-najkvalitetnijih-na-svijetu\/\" \/>\n<meta property=\"og:site_name\" content=\"RADIO LJUBU\u0160KI\" \/>\n<meta property=\"article:publisher\" content=\"https:\/\/www.facebook.com\/Radiio-Ljubuski-1490835324566332\" \/>\n<meta property=\"article:published_time\" content=\"2022-04-20T09:47:37+00:00\" \/>\n<meta property=\"article:modified_time\" content=\"2022-04-20T09:47:39+00:00\" \/>\n<meta property=\"og:image\" content=\"https:\/\/radioljubuski.ba\/wp-content\/uploads\/2022\/04\/8-2022-04-19-15-34-09-farmavit.jpg\" \/>\n\t<meta property=\"og:image:width\" content=\"1000\" \/>\n\t<meta property=\"og:image:height\" content=\"625\" \/>\n\t<meta property=\"og:image:type\" content=\"image\/jpeg\" \/>\n<meta name=\"author\" content=\"Radio Ljubu\u0161ki\" \/>\n<meta name=\"twitter:card\" content=\"summary_large_image\" \/>\n<meta name=\"twitter:creator\" content=\"@radioljubuski\" \/>\n<meta name=\"twitter:site\" content=\"@radioljubuski\" \/>\n<meta name=\"twitter:label1\" content=\"Napisao\/la\" \/>\n\t<meta name=\"twitter:data1\" content=\"Radio Ljubu\u0161ki\" \/>\n\t<meta name=\"twitter:label2\" content=\"Procijenjeno vrijeme \u010ditanja\" \/>\n\t<meta name=\"twitter:data2\" content=\"3 minute\" \/>\n<script type=\"application\/ld+json\" class=\"yoast-schema-graph\">{\"@context\":\"https:\\\/\\\/schema.org\",\"@graph\":[{\"@type\":\"Article\",\"@id\":\"https:\\\/\\\/radioljubuski.ba\\\/index.php\\\/2022\\\/04\\\/20\\\/luk-zamijenio-duhan-bijeli-luk-iz-hercegovine-jedan-od-najkvalitetnijih-na-svijetu\\\/#article\",\"isPartOf\":{\"@id\":\"https:\\\/\\\/radioljubuski.ba\\\/index.php\\\/2022\\\/04\\\/20\\\/luk-zamijenio-duhan-bijeli-luk-iz-hercegovine-jedan-od-najkvalitetnijih-na-svijetu\\\/\"},\"author\":{\"name\":\"Radio Ljubu\u0161ki\",\"@id\":\"https:\\\/\\\/radioljubuski.ba\\\/#\\\/schema\\\/person\\\/19fc700381a780f69665d7956c469e3b\"},\"headline\":\"Luk zamijenio duhan: Bijeli luk iz Hercegovine jedan od najkvalitetnijih na svijetu\",\"datePublished\":\"2022-04-20T09:47:37+00:00\",\"dateModified\":\"2022-04-20T09:47:39+00:00\",\"mainEntityOfPage\":{\"@id\":\"https:\\\/\\\/radioljubuski.ba\\\/index.php\\\/2022\\\/04\\\/20\\\/luk-zamijenio-duhan-bijeli-luk-iz-hercegovine-jedan-od-najkvalitetnijih-na-svijetu\\\/\"},\"wordCount\":770,\"publisher\":{\"@id\":\"https:\\\/\\\/radioljubuski.ba\\\/#organization\"},\"image\":{\"@id\":\"https:\\\/\\\/radioljubuski.ba\\\/index.php\\\/2022\\\/04\\\/20\\\/luk-zamijenio-duhan-bijeli-luk-iz-hercegovine-jedan-od-najkvalitetnijih-na-svijetu\\\/#primaryimage\"},\"thumbnailUrl\":\"https:\\\/\\\/radioljubuski.ba\\\/wp-content\\\/uploads\\\/2022\\\/04\\\/8-2022-04-19-15-34-09-farmavit.jpg\",\"articleSection\":[\"BIH i regija\"],\"inLanguage\":\"hr\"},{\"@type\":\"WebPage\",\"@id\":\"https:\\\/\\\/radioljubuski.ba\\\/index.php\\\/2022\\\/04\\\/20\\\/luk-zamijenio-duhan-bijeli-luk-iz-hercegovine-jedan-od-najkvalitetnijih-na-svijetu\\\/\",\"url\":\"https:\\\/\\\/radioljubuski.ba\\\/index.php\\\/2022\\\/04\\\/20\\\/luk-zamijenio-duhan-bijeli-luk-iz-hercegovine-jedan-od-najkvalitetnijih-na-svijetu\\\/\",\"name\":\"Luk zamijenio duhan: Bijeli luk iz Hercegovine jedan od najkvalitetnijih na svijetu - RADIO LJUBU\u0160KI\",\"isPartOf\":{\"@id\":\"https:\\\/\\\/radioljubuski.ba\\\/#website\"},\"primaryImageOfPage\":{\"@id\":\"https:\\\/\\\/radioljubuski.ba\\\/index.php\\\/2022\\\/04\\\/20\\\/luk-zamijenio-duhan-bijeli-luk-iz-hercegovine-jedan-od-najkvalitetnijih-na-svijetu\\\/#primaryimage\"},\"image\":{\"@id\":\"https:\\\/\\\/radioljubuski.ba\\\/index.php\\\/2022\\\/04\\\/20\\\/luk-zamijenio-duhan-bijeli-luk-iz-hercegovine-jedan-od-najkvalitetnijih-na-svijetu\\\/#primaryimage\"},\"thumbnailUrl\":\"https:\\\/\\\/radioljubuski.ba\\\/wp-content\\\/uploads\\\/2022\\\/04\\\/8-2022-04-19-15-34-09-farmavit.jpg\",\"datePublished\":\"2022-04-20T09:47:37+00:00\",\"dateModified\":\"2022-04-20T09:47:39+00:00\",\"breadcrumb\":{\"@id\":\"https:\\\/\\\/radioljubuski.ba\\\/index.php\\\/2022\\\/04\\\/20\\\/luk-zamijenio-duhan-bijeli-luk-iz-hercegovine-jedan-od-najkvalitetnijih-na-svijetu\\\/#breadcrumb\"},\"inLanguage\":\"hr\",\"potentialAction\":[{\"@type\":\"ReadAction\",\"target\":[\"https:\\\/\\\/radioljubuski.ba\\\/index.php\\\/2022\\\/04\\\/20\\\/luk-zamijenio-duhan-bijeli-luk-iz-hercegovine-jedan-od-najkvalitetnijih-na-svijetu\\\/\"]}]},{\"@type\":\"ImageObject\",\"inLanguage\":\"hr\",\"@id\":\"https:\\\/\\\/radioljubuski.ba\\\/index.php\\\/2022\\\/04\\\/20\\\/luk-zamijenio-duhan-bijeli-luk-iz-hercegovine-jedan-od-najkvalitetnijih-na-svijetu\\\/#primaryimage\",\"url\":\"https:\\\/\\\/radioljubuski.ba\\\/wp-content\\\/uploads\\\/2022\\\/04\\\/8-2022-04-19-15-34-09-farmavit.jpg\",\"contentUrl\":\"https:\\\/\\\/radioljubuski.ba\\\/wp-content\\\/uploads\\\/2022\\\/04\\\/8-2022-04-19-15-34-09-farmavit.jpg\",\"width\":1000,\"height\":625},{\"@type\":\"BreadcrumbList\",\"@id\":\"https:\\\/\\\/radioljubuski.ba\\\/index.php\\\/2022\\\/04\\\/20\\\/luk-zamijenio-duhan-bijeli-luk-iz-hercegovine-jedan-od-najkvalitetnijih-na-svijetu\\\/#breadcrumb\",\"itemListElement\":[{\"@type\":\"ListItem\",\"position\":1,\"name\":\"Po\u010detna stranica\",\"item\":\"https:\\\/\\\/radioljubuski.ba\\\/\"},{\"@type\":\"ListItem\",\"position\":2,\"name\":\"Luk zamijenio duhan: Bijeli luk iz Hercegovine jedan od najkvalitetnijih na svijetu\"}]},{\"@type\":\"WebSite\",\"@id\":\"https:\\\/\\\/radioljubuski.ba\\\/#website\",\"url\":\"https:\\\/\\\/radioljubuski.ba\\\/\",\"name\":\"Radio Ljubu\u0161ki\",\"description\":\"Sun\u010dana frekvencija Hercegovine\",\"publisher\":{\"@id\":\"https:\\\/\\\/radioljubuski.ba\\\/#organization\"},\"potentialAction\":[{\"@type\":\"SearchAction\",\"target\":{\"@type\":\"EntryPoint\",\"urlTemplate\":\"https:\\\/\\\/radioljubuski.ba\\\/?s={search_term_string}\"},\"query-input\":{\"@type\":\"PropertyValueSpecification\",\"valueRequired\":true,\"valueName\":\"search_term_string\"}}],\"inLanguage\":\"hr\"},{\"@type\":\"Organization\",\"@id\":\"https:\\\/\\\/radioljubuski.ba\\\/#organization\",\"name\":\"Radio Ljubu\u0161ki\",\"url\":\"https:\\\/\\\/radioljubuski.ba\\\/\",\"logo\":{\"@type\":\"ImageObject\",\"inLanguage\":\"hr\",\"@id\":\"https:\\\/\\\/radioljubuski.ba\\\/#\\\/schema\\\/logo\\\/image\\\/\",\"url\":\"https:\\\/\\\/radioljubuski.ba\\\/wp-content\\\/uploads\\\/2021\\\/02\\\/cropped-Radio_Ljubuski_logo1.jpg\",\"contentUrl\":\"https:\\\/\\\/radioljubuski.ba\\\/wp-content\\\/uploads\\\/2021\\\/02\\\/cropped-Radio_Ljubuski_logo1.jpg\",\"width\":512,\"height\":512,\"caption\":\"Radio Ljubu\u0161ki\"},\"image\":{\"@id\":\"https:\\\/\\\/radioljubuski.ba\\\/#\\\/schema\\\/logo\\\/image\\\/\"},\"sameAs\":[\"https:\\\/\\\/www.facebook.com\\\/Radiio-Ljubuski-1490835324566332\",\"https:\\\/\\\/x.com\\\/radioljubuski\",\"https:\\\/\\\/hr.linkedin.com\\\/company\\\/radio-ljubuski\",\"https:\\\/\\\/www.youtube.com\\\/channel\\\/UCHYaeO_n0Db3tjNGudGpXyw\"]},{\"@type\":\"Person\",\"@id\":\"https:\\\/\\\/radioljubuski.ba\\\/#\\\/schema\\\/person\\\/19fc700381a780f69665d7956c469e3b\",\"name\":\"Radio Ljubu\u0161ki\"}]}<\/script>\n<!-- \/ Yoast SEO plugin. -->","yoast_head_json":{"title":"Luk zamijenio duhan: Bijeli luk iz Hercegovine jedan od najkvalitetnijih na svijetu - RADIO LJUBU\u0160KI","robots":{"index":"index","follow":"follow","max-snippet":"max-snippet:-1","max-image-preview":"max-image-preview:large","max-video-preview":"max-video-preview:-1"},"canonical":"https:\/\/radioljubuski.ba\/index.php\/2022\/04\/20\/luk-zamijenio-duhan-bijeli-luk-iz-hercegovine-jedan-od-najkvalitetnijih-na-svijetu\/","og_locale":"hr_HR","og_type":"article","og_title":"Luk zamijenio duhan: Bijeli luk iz Hercegovine jedan od najkvalitetnijih na svijetu - RADIO LJUBU\u0160KI","og_description":"Firma \u201cFarmavit\u201c Ljubinje u kojoj nastaju jedinstveni proizvodi od doma\u0107eg bijelog luka uzgojenog na sun\u010danim hercegova\u010dkim poljima, svoje pionirske korake zapo\u010dela je prije tri godine, da bi danas postali lideri u proizvodnji bijelog luka u Bosni i Hercegovini, ali i \u0161ire. Jedan od zaposlenika ove firme koji je trenutno najodgovorniji za proces proizvodnje bijelog luka [&hellip;]","og_url":"https:\/\/radioljubuski.ba\/index.php\/2022\/04\/20\/luk-zamijenio-duhan-bijeli-luk-iz-hercegovine-jedan-od-najkvalitetnijih-na-svijetu\/","og_site_name":"RADIO LJUBU\u0160KI","article_publisher":"https:\/\/www.facebook.com\/Radiio-Ljubuski-1490835324566332","article_published_time":"2022-04-20T09:47:37+00:00","article_modified_time":"2022-04-20T09:47:39+00:00","og_image":[{"width":1000,"height":625,"url":"https:\/\/radioljubuski.ba\/wp-content\/uploads\/2022\/04\/8-2022-04-19-15-34-09-farmavit.jpg","type":"image\/jpeg"}],"author":"Radio Ljubu\u0161ki","twitter_card":"summary_large_image","twitter_creator":"@radioljubuski","twitter_site":"@radioljubuski","twitter_misc":{"Napisao\/la":"Radio Ljubu\u0161ki","Procijenjeno vrijeme \u010ditanja":"3 minute"},"schema":{"@context":"https:\/\/schema.org","@graph":[{"@type":"Article","@id":"https:\/\/radioljubuski.ba\/index.php\/2022\/04\/20\/luk-zamijenio-duhan-bijeli-luk-iz-hercegovine-jedan-od-najkvalitetnijih-na-svijetu\/#article","isPartOf":{"@id":"https:\/\/radioljubuski.ba\/index.php\/2022\/04\/20\/luk-zamijenio-duhan-bijeli-luk-iz-hercegovine-jedan-od-najkvalitetnijih-na-svijetu\/"},"author":{"name":"Radio Ljubu\u0161ki","@id":"https:\/\/radioljubuski.ba\/#\/schema\/person\/19fc700381a780f69665d7956c469e3b"},"headline":"Luk zamijenio duhan: Bijeli luk iz Hercegovine jedan od najkvalitetnijih na svijetu","datePublished":"2022-04-20T09:47:37+00:00","dateModified":"2022-04-20T09:47:39+00:00","mainEntityOfPage":{"@id":"https:\/\/radioljubuski.ba\/index.php\/2022\/04\/20\/luk-zamijenio-duhan-bijeli-luk-iz-hercegovine-jedan-od-najkvalitetnijih-na-svijetu\/"},"wordCount":770,"publisher":{"@id":"https:\/\/radioljubuski.ba\/#organization"},"image":{"@id":"https:\/\/radioljubuski.ba\/index.php\/2022\/04\/20\/luk-zamijenio-duhan-bijeli-luk-iz-hercegovine-jedan-od-najkvalitetnijih-na-svijetu\/#primaryimage"},"thumbnailUrl":"https:\/\/radioljubuski.ba\/wp-content\/uploads\/2022\/04\/8-2022-04-19-15-34-09-farmavit.jpg","articleSection":["BIH i regija"],"inLanguage":"hr"},{"@type":"WebPage","@id":"https:\/\/radioljubuski.ba\/index.php\/2022\/04\/20\/luk-zamijenio-duhan-bijeli-luk-iz-hercegovine-jedan-od-najkvalitetnijih-na-svijetu\/","url":"https:\/\/radioljubuski.ba\/index.php\/2022\/04\/20\/luk-zamijenio-duhan-bijeli-luk-iz-hercegovine-jedan-od-najkvalitetnijih-na-svijetu\/","name":"Luk zamijenio duhan: Bijeli luk iz Hercegovine jedan od najkvalitetnijih na svijetu - RADIO LJUBU\u0160KI","isPartOf":{"@id":"https:\/\/radioljubuski.ba\/#website"},"primaryImageOfPage":{"@id":"https:\/\/radioljubuski.ba\/index.php\/2022\/04\/20\/luk-zamijenio-duhan-bijeli-luk-iz-hercegovine-jedan-od-najkvalitetnijih-na-svijetu\/#primaryimage"},"image":{"@id":"https:\/\/radioljubuski.ba\/index.php\/2022\/04\/20\/luk-zamijenio-duhan-bijeli-luk-iz-hercegovine-jedan-od-najkvalitetnijih-na-svijetu\/#primaryimage"},"thumbnailUrl":"https:\/\/radioljubuski.ba\/wp-content\/uploads\/2022\/04\/8-2022-04-19-15-34-09-farmavit.jpg","datePublished":"2022-04-20T09:47:37+00:00","dateModified":"2022-04-20T09:47:39+00:00","breadcrumb":{"@id":"https:\/\/radioljubuski.ba\/index.php\/2022\/04\/20\/luk-zamijenio-duhan-bijeli-luk-iz-hercegovine-jedan-od-najkvalitetnijih-na-svijetu\/#breadcrumb"},"inLanguage":"hr","potentialAction":[{"@type":"ReadAction","target":["https:\/\/radioljubuski.ba\/index.php\/2022\/04\/20\/luk-zamijenio-duhan-bijeli-luk-iz-hercegovine-jedan-od-najkvalitetnijih-na-svijetu\/"]}]},{"@type":"ImageObject","inLanguage":"hr","@id":"https:\/\/radioljubuski.ba\/index.php\/2022\/04\/20\/luk-zamijenio-duhan-bijeli-luk-iz-hercegovine-jedan-od-najkvalitetnijih-na-svijetu\/#primaryimage","url":"https:\/\/radioljubuski.ba\/wp-content\/uploads\/2022\/04\/8-2022-04-19-15-34-09-farmavit.jpg","contentUrl":"https:\/\/radioljubuski.ba\/wp-content\/uploads\/2022\/04\/8-2022-04-19-15-34-09-farmavit.jpg","width":1000,"height":625},{"@type":"BreadcrumbList","@id":"https:\/\/radioljubuski.ba\/index.php\/2022\/04\/20\/luk-zamijenio-duhan-bijeli-luk-iz-hercegovine-jedan-od-najkvalitetnijih-na-svijetu\/#breadcrumb","itemListElement":[{"@type":"ListItem","position":1,"name":"Po\u010detna stranica","item":"https:\/\/radioljubuski.ba\/"},{"@type":"ListItem","position":2,"name":"Luk zamijenio duhan: Bijeli luk iz Hercegovine jedan od najkvalitetnijih na svijetu"}]},{"@type":"WebSite","@id":"https:\/\/radioljubuski.ba\/#website","url":"https:\/\/radioljubuski.ba\/","name":"Radio Ljubu\u0161ki","description":"Sun\u010dana frekvencija Hercegovine","publisher":{"@id":"https:\/\/radioljubuski.ba\/#organization"},"potentialAction":[{"@type":"SearchAction","target":{"@type":"EntryPoint","urlTemplate":"https:\/\/radioljubuski.ba\/?s={search_term_string}"},"query-input":{"@type":"PropertyValueSpecification","valueRequired":true,"valueName":"search_term_string"}}],"inLanguage":"hr"},{"@type":"Organization","@id":"https:\/\/radioljubuski.ba\/#organization","name":"Radio Ljubu\u0161ki","url":"https:\/\/radioljubuski.ba\/","logo":{"@type":"ImageObject","inLanguage":"hr","@id":"https:\/\/radioljubuski.ba\/#\/schema\/logo\/image\/","url":"https:\/\/radioljubuski.ba\/wp-content\/uploads\/2021\/02\/cropped-Radio_Ljubuski_logo1.jpg","contentUrl":"https:\/\/radioljubuski.ba\/wp-content\/uploads\/2021\/02\/cropped-Radio_Ljubuski_logo1.jpg","width":512,"height":512,"caption":"Radio Ljubu\u0161ki"},"image":{"@id":"https:\/\/radioljubuski.ba\/#\/schema\/logo\/image\/"},"sameAs":["https:\/\/www.facebook.com\/Radiio-Ljubuski-1490835324566332","https:\/\/x.com\/radioljubuski","https:\/\/hr.linkedin.com\/company\/radio-ljubuski","https:\/\/www.youtube.com\/channel\/UCHYaeO_n0Db3tjNGudGpXyw"]},{"@type":"Person","@id":"https:\/\/radioljubuski.ba\/#\/schema\/person\/19fc700381a780f69665d7956c469e3b","name":"Radio Ljubu\u0161ki"}]}},"_links":{"self":[{"href":"https:\/\/radioljubuski.ba\/index.php\/wp-json\/wp\/v2\/posts\/134395","targetHints":{"allow":["GET"]}}],"collection":[{"href":"https:\/\/radioljubuski.ba\/index.php\/wp-json\/wp\/v2\/posts"}],"about":[{"href":"https:\/\/radioljubuski.ba\/index.php\/wp-json\/wp\/v2\/types\/post"}],"author":[{"embeddable":true,"href":"https:\/\/radioljubuski.ba\/index.php\/wp-json\/wp\/v2\/users\/2"}],"replies":[{"embeddable":true,"href":"https:\/\/radioljubuski.ba\/index.php\/wp-json\/wp\/v2\/comments?post=134395"}],"version-history":[{"count":1,"href":"https:\/\/radioljubuski.ba\/index.php\/wp-json\/wp\/v2\/posts\/134395\/revisions"}],"predecessor-version":[{"id":134397,"href":"https:\/\/radioljubuski.ba\/index.php\/wp-json\/wp\/v2\/posts\/134395\/revisions\/134397"}],"wp:featuredmedia":[{"embeddable":true,"href":"https:\/\/radioljubuski.ba\/index.php\/wp-json\/wp\/v2\/media\/134396"}],"wp:attachment":[{"href":"https:\/\/radioljubuski.ba\/index.php\/wp-json\/wp\/v2\/media?parent=134395"}],"wp:term":[{"taxonomy":"category","embeddable":true,"href":"https:\/\/radioljubuski.ba\/index.php\/wp-json\/wp\/v2\/categories?post=134395"},{"taxonomy":"post_tag","embeddable":true,"href":"https:\/\/radioljubuski.ba\/index.php\/wp-json\/wp\/v2\/tags?post=134395"}],"curies":[{"name":"wp","href":"https:\/\/api.w.org\/{rel}","templated":true}]}}