{"id":134476,"date":"2022-04-20T12:45:27","date_gmt":"2022-04-20T11:45:27","guid":{"rendered":"https:\/\/radioljubuski.ba\/?p=134476"},"modified":"2022-04-20T12:45:27","modified_gmt":"2022-04-20T11:45:27","slug":"stipanovic-drugi-jurisic-treci-na-ljestvici-ilca-7","status":"publish","type":"post","link":"https:\/\/radioljubuski.ba\/index.php\/2022\/04\/20\/stipanovic-drugi-jurisic-treci-na-ljestvici-ilca-7\/","title":{"rendered":"Stipanovi\u0107 drugi, Juri\u0161i\u0107 tre\u0107i na ljestvici ILCA 7"},"content":{"rendered":"\n<p>Na novoj World Sailing ljestvici u klasi ILCA 7 (biv\u0161i Laser) hrvatski jedrili\u010dari zauzimaju visoke pozicije &#8211; dvostruki srebrni olimpijac<strong> Ton\u010di Stipanovi\u0107<\/strong> je drugi, a <strong>Filip Juri\u0161i\u0107 <\/strong>tre\u0107i.<\/p>\n\n\n\n<p>Obojica su jedrili\u010dari splitskog JK Mornara, koji s pravom nosi epitet najboljeg kluba na svijetu u ovoj olimpijskoj klasi, pogotovu stoga \u0161to je slu\u017ebeno prvi na ljestvici, Cipranin<strong> Pavlos Kontides<\/strong>, tako\u0111er \u010dlan Mornara.&nbsp;<\/p>\n\n\n\n<p>Iako konkurenti na moru, sva trojica ovih svjetski uspje\u0161nih jedrili\u010dara zajedno treniraju u Splitu, na natjecanja putuju zajedno a kroz prijateljstvo grade svoje uspje\u0161ne sportske pri\u010de i rade budu\u0107e planove. Osim \u0161to se svi pripremaju za sljede\u0107e Olimpijske igre 2024. godine, trenuta\u010dno im je u fokusu Svjetsko prvenstvo koje \u0107e se odr\u017eati u svibnju ove godine u Meksiku.<\/p>\n\n\n\n<p>Ton\u010di Stipanovi\u0107 (36) smatra da \u0107e do Meksika jo\u0161 podi\u0107i svoju spremnost.&nbsp;<\/p>\n\n\n\n<p>&#8211; Kao tim radimo izuzetno naporno i puno, a ova pozicija na ljestvici to i potvr\u0111uje. Nastavljam s pripremama s isklju\u010divim ciljem da budem jo\u0161 bolji, kazao je Ton\u010di, kojeg ove godine o\u010dekuju i pripreme u klasi Zvijezda tako da \u0107e u srpnju nastupiti na Europskom prvenstvu u Kopenhagenu.<\/p>\n\n\n\n<figure class=\"wp-block-image\"><img decoding=\"async\" src=\"https:\/\/api.hrt.hr\/media\/a0\/c2\/740x438-st-tvd2-sport-filip-jurisic-msurjak-frame-450-20211019170611.png\" alt=\"\"\/><figcaption>Filip Juri\u0161i\u0107<\/figcaption><\/figure>\n\n\n\n<p>Pro\u0161la je godina bila iznimno uspje\u0161na za mladog Filipa Juri\u0161i\u0107a (29), a svoje najve\u0107e uspjehe jedrili\u010darske karijere ostvario je broncom na Svjetskom kupu u Medembliku u Nizozemskoj, dok je na Europskom prvenstvu u bugarskoj Varni bio srebrni.<\/p>\n\n\n\n<p>&#8211; Osje\u0107aj je jako lijep i logi\u010dno je da me \u010dini ponosnim. Potvrda je to za rad cijelog na\u0161eg tima a ovako ne\u0161to je do sada uspjelo samo reprezentacijama Australije i Engleske, ka\u017ee Filip Juri\u0161i\u0107.<\/p>\n\n\n\n<div style=\"width: 640px;\" class=\"wp-video\"><video class=\"wp-video-shortcode\" id=\"video-134476-1\" width=\"640\" height=\"360\" preload=\"metadata\" controls=\"controls\"><source type=\"video\/mp4\" src=\"https:\/\/api.hrt.hr\/media\/db\/d2\/pavlos-kontides-20210801201439.mp4?_=1\" \/><a href=\"https:\/\/api.hrt.hr\/media\/db\/d2\/pavlos-kontides-20210801201439.mp4\">https:\/\/api.hrt.hr\/media\/db\/d2\/pavlos-kontides-20210801201439.mp4<\/a><\/video><\/div>\n\n\n\n<p>Pavlos Kontides (32) je \u0161estim mjestom koje je ostvario na Trofeo Sofia Mallorca preuzeo vode\u0107e mjesto World Sailing ljestvice, a Cipranin koji ve\u0107 16 godina redovito trenira u Splitu kao \u010dlan JK Mornar, izrazito je zahvalan treneru Jozi Jakeli\u0107u ali i svojim klupskim kolegama Filipu i Ton\u010diju koji mu, kako sam ka\u017ee, omogu\u0107uju da svi budu jo\u0161 bolji.<\/p>\n\n\n\n<p>&#8211; Bez obzira na to \u0161to sam trenuta\u010dno prvi na ljestvici, najve\u0107a mi je radost \u0161to su odmah uz mene Ton\u010di i Filip. Uspjeh i samo jednog od nas \u2013 uspjeh je za svu trojicu, isti\u010de Pavlos.<\/p>\n\n\n\n<p>&#8211; Ovakav poredak samo je dokaz kontinuiteta vrhunskog rada cijelog tima i naravno da laska, ali i stvara odgovornost za daljnji rad te se nadam da \u0107emo zadr\u017eati te pozicije i do kraja sezone. Sezona je prili\u010dno duga ove godine i prirodno je podijeljena na dva dijela. Svjetsko prvenstvo u Meksiku ozna\u010dava kraj prvog dijela, nakon \u010dega nam slijede dvomjese\u010dne pripreme u Marseilleu gdje \u0107emo trenirati na regatnom polju za Olimpijske igre u Parizu 2024. godine. Sezonu \u0107emo zavr\u0161iti krajem studenog na Europskom prvenstvu koje \u0107e se odr\u017eati u Hyeresu na Azurnoj obali, kazao je<strong> Jozo Jakeli\u0107<\/strong>, dugogodi\u0161nji trener JK Mornar \u010diji uspje\u0161ni rad dokazuje \u010dak dvadeset medalja s europskih i svjetskih prvenstava te Olimpijskih igara.<\/p>\n\n\n\n<p>Ve\u0107 prva sljede\u0107a prilika za jo\u0161 jedno jedrili\u010darsko ostvarenje bit \u0107e od 23. do 30. travnja 2022. godine na Svjetskom kupu u francuskom Hyeresu na Azurnoj obali.&nbsp;<\/p>\n\n\n\n<p>Ina\u010de, na WS ljestvici klase 49er bra\u0107a <strong>\u0160ime <\/strong>i <strong>Mihovil Fantela <\/strong>zauzimaju 24. mjesto, dok je <strong>Elena Vorobjeva <\/strong>\u0161esta u klasi Ilca 6 (biv\u0161i Laser radial).&nbsp;<\/p>\n\n\n\n<p>Izvor:hrt.hr<\/p>\n","protected":false},"excerpt":{"rendered":"<p>Na novoj World Sailing ljestvici u klasi ILCA 7 (biv\u0161i Laser) hrvatski jedrili\u010dari zauzimaju visoke pozicije &#8211; dvostruki srebrni olimpijac Ton\u010di Stipanovi\u0107 je drugi, a Filip Juri\u0161i\u0107 tre\u0107i. Obojica su jedrili\u010dari splitskog JK Mornara, koji s pravom nosi epitet najboljeg kluba na svijetu u ovoj olimpijskoj klasi, pogotovu stoga \u0161to je slu\u017ebeno prvi na ljestvici, [&hellip;]<\/p>\n","protected":false},"author":2,"featured_media":134477,"comment_status":"closed","ping_status":"closed","sticky":false,"template":"","format":"standard","meta":{"h5ap_radio_sources":[],"footnotes":""},"categories":[7],"tags":[],"class_list":["post-134476","post","type-post","status-publish","format-standard","has-post-thumbnail","hentry","category-sport"],"yoast_head":"<!-- This site is optimized with the Yoast SEO plugin v27.4 - https:\/\/yoast.com\/product\/yoast-seo-wordpress\/ -->\n<title>Stipanovi\u0107 drugi, Juri\u0161i\u0107 tre\u0107i na ljestvici ILCA 7 - RADIO LJUBU\u0160KI<\/title>\n<meta name=\"robots\" content=\"index, follow, max-snippet:-1, max-image-preview:large, max-video-preview:-1\" \/>\n<link rel=\"canonical\" href=\"https:\/\/radioljubuski.ba\/index.php\/2022\/04\/20\/stipanovic-drugi-jurisic-treci-na-ljestvici-ilca-7\/\" \/>\n<meta property=\"og:locale\" content=\"hr_HR\" \/>\n<meta property=\"og:type\" content=\"article\" \/>\n<meta property=\"og:title\" content=\"Stipanovi\u0107 drugi, Juri\u0161i\u0107 tre\u0107i na ljestvici ILCA 7 - RADIO LJUBU\u0160KI\" \/>\n<meta property=\"og:description\" content=\"Na novoj World Sailing ljestvici u klasi ILCA 7 (biv\u0161i Laser) hrvatski jedrili\u010dari zauzimaju visoke pozicije &#8211; dvostruki srebrni olimpijac Ton\u010di Stipanovi\u0107 je drugi, a Filip Juri\u0161i\u0107 tre\u0107i. Obojica su jedrili\u010dari splitskog JK Mornara, koji s pravom nosi epitet najboljeg kluba na svijetu u ovoj olimpijskoj klasi, pogotovu stoga \u0161to je slu\u017ebeno prvi na ljestvici, [&hellip;]\" \/>\n<meta property=\"og:url\" content=\"https:\/\/radioljubuski.ba\/index.php\/2022\/04\/20\/stipanovic-drugi-jurisic-treci-na-ljestvici-ilca-7\/\" \/>\n<meta property=\"og:site_name\" content=\"RADIO LJUBU\u0160KI\" \/>\n<meta property=\"article:publisher\" content=\"https:\/\/www.facebook.com\/Radiio-Ljubuski-1490835324566332\" \/>\n<meta property=\"article:published_time\" content=\"2022-04-20T11:45:27+00:00\" \/>\n<meta property=\"og:image\" content=\"https:\/\/radioljubuski.ba\/wp-content\/uploads\/2022\/04\/stipanovic-laser-pxl-180917-18042653-20210702151334.jpg\" \/>\n\t<meta property=\"og:image:width\" content=\"1000\" \/>\n\t<meta property=\"og:image:height\" content=\"600\" \/>\n\t<meta property=\"og:image:type\" content=\"image\/jpeg\" \/>\n<meta name=\"author\" content=\"Radio Ljubu\u0161ki\" \/>\n<meta name=\"twitter:card\" content=\"summary_large_image\" \/>\n<meta name=\"twitter:creator\" content=\"@radioljubuski\" \/>\n<meta name=\"twitter:site\" content=\"@radioljubuski\" \/>\n<meta name=\"twitter:label1\" content=\"Napisao\/la\" \/>\n\t<meta name=\"twitter:data1\" content=\"Radio Ljubu\u0161ki\" \/>\n\t<meta name=\"twitter:label2\" content=\"Procijenjeno vrijeme \u010ditanja\" \/>\n\t<meta name=\"twitter:data2\" content=\"3 minute\" \/>\n<script type=\"application\/ld+json\" class=\"yoast-schema-graph\">{\"@context\":\"https:\\\/\\\/schema.org\",\"@graph\":[{\"@type\":\"Article\",\"@id\":\"https:\\\/\\\/radioljubuski.ba\\\/index.php\\\/2022\\\/04\\\/20\\\/stipanovic-drugi-jurisic-treci-na-ljestvici-ilca-7\\\/#article\",\"isPartOf\":{\"@id\":\"https:\\\/\\\/radioljubuski.ba\\\/index.php\\\/2022\\\/04\\\/20\\\/stipanovic-drugi-jurisic-treci-na-ljestvici-ilca-7\\\/\"},\"author\":{\"name\":\"Radio Ljubu\u0161ki\",\"@id\":\"https:\\\/\\\/radioljubuski.ba\\\/#\\\/schema\\\/person\\\/19fc700381a780f69665d7956c469e3b\"},\"headline\":\"Stipanovi\u0107 drugi, Juri\u0161i\u0107 tre\u0107i na ljestvici ILCA 7\",\"datePublished\":\"2022-04-20T11:45:27+00:00\",\"mainEntityOfPage\":{\"@id\":\"https:\\\/\\\/radioljubuski.ba\\\/index.php\\\/2022\\\/04\\\/20\\\/stipanovic-drugi-jurisic-treci-na-ljestvici-ilca-7\\\/\"},\"wordCount\":587,\"publisher\":{\"@id\":\"https:\\\/\\\/radioljubuski.ba\\\/#organization\"},\"image\":{\"@id\":\"https:\\\/\\\/radioljubuski.ba\\\/index.php\\\/2022\\\/04\\\/20\\\/stipanovic-drugi-jurisic-treci-na-ljestvici-ilca-7\\\/#primaryimage\"},\"thumbnailUrl\":\"https:\\\/\\\/radioljubuski.ba\\\/wp-content\\\/uploads\\\/2022\\\/04\\\/stipanovic-laser-pxl-180917-18042653-20210702151334.jpg\",\"articleSection\":[\"\u0160port\"],\"inLanguage\":\"hr\"},{\"@type\":\"WebPage\",\"@id\":\"https:\\\/\\\/radioljubuski.ba\\\/index.php\\\/2022\\\/04\\\/20\\\/stipanovic-drugi-jurisic-treci-na-ljestvici-ilca-7\\\/\",\"url\":\"https:\\\/\\\/radioljubuski.ba\\\/index.php\\\/2022\\\/04\\\/20\\\/stipanovic-drugi-jurisic-treci-na-ljestvici-ilca-7\\\/\",\"name\":\"Stipanovi\u0107 drugi, Juri\u0161i\u0107 tre\u0107i na ljestvici ILCA 7 - RADIO LJUBU\u0160KI\",\"isPartOf\":{\"@id\":\"https:\\\/\\\/radioljubuski.ba\\\/#website\"},\"primaryImageOfPage\":{\"@id\":\"https:\\\/\\\/radioljubuski.ba\\\/index.php\\\/2022\\\/04\\\/20\\\/stipanovic-drugi-jurisic-treci-na-ljestvici-ilca-7\\\/#primaryimage\"},\"image\":{\"@id\":\"https:\\\/\\\/radioljubuski.ba\\\/index.php\\\/2022\\\/04\\\/20\\\/stipanovic-drugi-jurisic-treci-na-ljestvici-ilca-7\\\/#primaryimage\"},\"thumbnailUrl\":\"https:\\\/\\\/radioljubuski.ba\\\/wp-content\\\/uploads\\\/2022\\\/04\\\/stipanovic-laser-pxl-180917-18042653-20210702151334.jpg\",\"datePublished\":\"2022-04-20T11:45:27+00:00\",\"breadcrumb\":{\"@id\":\"https:\\\/\\\/radioljubuski.ba\\\/index.php\\\/2022\\\/04\\\/20\\\/stipanovic-drugi-jurisic-treci-na-ljestvici-ilca-7\\\/#breadcrumb\"},\"inLanguage\":\"hr\",\"potentialAction\":[{\"@type\":\"ReadAction\",\"target\":[\"https:\\\/\\\/radioljubuski.ba\\\/index.php\\\/2022\\\/04\\\/20\\\/stipanovic-drugi-jurisic-treci-na-ljestvici-ilca-7\\\/\"]}]},{\"@type\":\"ImageObject\",\"inLanguage\":\"hr\",\"@id\":\"https:\\\/\\\/radioljubuski.ba\\\/index.php\\\/2022\\\/04\\\/20\\\/stipanovic-drugi-jurisic-treci-na-ljestvici-ilca-7\\\/#primaryimage\",\"url\":\"https:\\\/\\\/radioljubuski.ba\\\/wp-content\\\/uploads\\\/2022\\\/04\\\/stipanovic-laser-pxl-180917-18042653-20210702151334.jpg\",\"contentUrl\":\"https:\\\/\\\/radioljubuski.ba\\\/wp-content\\\/uploads\\\/2022\\\/04\\\/stipanovic-laser-pxl-180917-18042653-20210702151334.jpg\",\"width\":1000,\"height\":600},{\"@type\":\"BreadcrumbList\",\"@id\":\"https:\\\/\\\/radioljubuski.ba\\\/index.php\\\/2022\\\/04\\\/20\\\/stipanovic-drugi-jurisic-treci-na-ljestvici-ilca-7\\\/#breadcrumb\",\"itemListElement\":[{\"@type\":\"ListItem\",\"position\":1,\"name\":\"Po\u010detna stranica\",\"item\":\"https:\\\/\\\/radioljubuski.ba\\\/\"},{\"@type\":\"ListItem\",\"position\":2,\"name\":\"Stipanovi\u0107 drugi, Juri\u0161i\u0107 tre\u0107i na ljestvici ILCA 7\"}]},{\"@type\":\"WebSite\",\"@id\":\"https:\\\/\\\/radioljubuski.ba\\\/#website\",\"url\":\"https:\\\/\\\/radioljubuski.ba\\\/\",\"name\":\"Radio Ljubu\u0161ki\",\"description\":\"Sun\u010dana frekvencija Hercegovine\",\"publisher\":{\"@id\":\"https:\\\/\\\/radioljubuski.ba\\\/#organization\"},\"potentialAction\":[{\"@type\":\"SearchAction\",\"target\":{\"@type\":\"EntryPoint\",\"urlTemplate\":\"https:\\\/\\\/radioljubuski.ba\\\/?s={search_term_string}\"},\"query-input\":{\"@type\":\"PropertyValueSpecification\",\"valueRequired\":true,\"valueName\":\"search_term_string\"}}],\"inLanguage\":\"hr\"},{\"@type\":\"Organization\",\"@id\":\"https:\\\/\\\/radioljubuski.ba\\\/#organization\",\"name\":\"Radio Ljubu\u0161ki\",\"url\":\"https:\\\/\\\/radioljubuski.ba\\\/\",\"logo\":{\"@type\":\"ImageObject\",\"inLanguage\":\"hr\",\"@id\":\"https:\\\/\\\/radioljubuski.ba\\\/#\\\/schema\\\/logo\\\/image\\\/\",\"url\":\"https:\\\/\\\/radioljubuski.ba\\\/wp-content\\\/uploads\\\/2021\\\/02\\\/cropped-Radio_Ljubuski_logo1.jpg\",\"contentUrl\":\"https:\\\/\\\/radioljubuski.ba\\\/wp-content\\\/uploads\\\/2021\\\/02\\\/cropped-Radio_Ljubuski_logo1.jpg\",\"width\":512,\"height\":512,\"caption\":\"Radio Ljubu\u0161ki\"},\"image\":{\"@id\":\"https:\\\/\\\/radioljubuski.ba\\\/#\\\/schema\\\/logo\\\/image\\\/\"},\"sameAs\":[\"https:\\\/\\\/www.facebook.com\\\/Radiio-Ljubuski-1490835324566332\",\"https:\\\/\\\/x.com\\\/radioljubuski\",\"https:\\\/\\\/hr.linkedin.com\\\/company\\\/radio-ljubuski\",\"https:\\\/\\\/www.youtube.com\\\/channel\\\/UCHYaeO_n0Db3tjNGudGpXyw\"]},{\"@type\":\"Person\",\"@id\":\"https:\\\/\\\/radioljubuski.ba\\\/#\\\/schema\\\/person\\\/19fc700381a780f69665d7956c469e3b\",\"name\":\"Radio Ljubu\u0161ki\"}]}<\/script>\n<!-- \/ Yoast SEO plugin. -->","yoast_head_json":{"title":"Stipanovi\u0107 drugi, Juri\u0161i\u0107 tre\u0107i na ljestvici ILCA 7 - RADIO LJUBU\u0160KI","robots":{"index":"index","follow":"follow","max-snippet":"max-snippet:-1","max-image-preview":"max-image-preview:large","max-video-preview":"max-video-preview:-1"},"canonical":"https:\/\/radioljubuski.ba\/index.php\/2022\/04\/20\/stipanovic-drugi-jurisic-treci-na-ljestvici-ilca-7\/","og_locale":"hr_HR","og_type":"article","og_title":"Stipanovi\u0107 drugi, Juri\u0161i\u0107 tre\u0107i na ljestvici ILCA 7 - RADIO LJUBU\u0160KI","og_description":"Na novoj World Sailing ljestvici u klasi ILCA 7 (biv\u0161i Laser) hrvatski jedrili\u010dari zauzimaju visoke pozicije &#8211; dvostruki srebrni olimpijac Ton\u010di Stipanovi\u0107 je drugi, a Filip Juri\u0161i\u0107 tre\u0107i. Obojica su jedrili\u010dari splitskog JK Mornara, koji s pravom nosi epitet najboljeg kluba na svijetu u ovoj olimpijskoj klasi, pogotovu stoga \u0161to je slu\u017ebeno prvi na ljestvici, [&hellip;]","og_url":"https:\/\/radioljubuski.ba\/index.php\/2022\/04\/20\/stipanovic-drugi-jurisic-treci-na-ljestvici-ilca-7\/","og_site_name":"RADIO LJUBU\u0160KI","article_publisher":"https:\/\/www.facebook.com\/Radiio-Ljubuski-1490835324566332","article_published_time":"2022-04-20T11:45:27+00:00","og_image":[{"width":1000,"height":600,"url":"https:\/\/radioljubuski.ba\/wp-content\/uploads\/2022\/04\/stipanovic-laser-pxl-180917-18042653-20210702151334.jpg","type":"image\/jpeg"}],"author":"Radio Ljubu\u0161ki","twitter_card":"summary_large_image","twitter_creator":"@radioljubuski","twitter_site":"@radioljubuski","twitter_misc":{"Napisao\/la":"Radio Ljubu\u0161ki","Procijenjeno vrijeme \u010ditanja":"3 minute"},"schema":{"@context":"https:\/\/schema.org","@graph":[{"@type":"Article","@id":"https:\/\/radioljubuski.ba\/index.php\/2022\/04\/20\/stipanovic-drugi-jurisic-treci-na-ljestvici-ilca-7\/#article","isPartOf":{"@id":"https:\/\/radioljubuski.ba\/index.php\/2022\/04\/20\/stipanovic-drugi-jurisic-treci-na-ljestvici-ilca-7\/"},"author":{"name":"Radio Ljubu\u0161ki","@id":"https:\/\/radioljubuski.ba\/#\/schema\/person\/19fc700381a780f69665d7956c469e3b"},"headline":"Stipanovi\u0107 drugi, Juri\u0161i\u0107 tre\u0107i na ljestvici ILCA 7","datePublished":"2022-04-20T11:45:27+00:00","mainEntityOfPage":{"@id":"https:\/\/radioljubuski.ba\/index.php\/2022\/04\/20\/stipanovic-drugi-jurisic-treci-na-ljestvici-ilca-7\/"},"wordCount":587,"publisher":{"@id":"https:\/\/radioljubuski.ba\/#organization"},"image":{"@id":"https:\/\/radioljubuski.ba\/index.php\/2022\/04\/20\/stipanovic-drugi-jurisic-treci-na-ljestvici-ilca-7\/#primaryimage"},"thumbnailUrl":"https:\/\/radioljubuski.ba\/wp-content\/uploads\/2022\/04\/stipanovic-laser-pxl-180917-18042653-20210702151334.jpg","articleSection":["\u0160port"],"inLanguage":"hr"},{"@type":"WebPage","@id":"https:\/\/radioljubuski.ba\/index.php\/2022\/04\/20\/stipanovic-drugi-jurisic-treci-na-ljestvici-ilca-7\/","url":"https:\/\/radioljubuski.ba\/index.php\/2022\/04\/20\/stipanovic-drugi-jurisic-treci-na-ljestvici-ilca-7\/","name":"Stipanovi\u0107 drugi, Juri\u0161i\u0107 tre\u0107i na ljestvici ILCA 7 - RADIO LJUBU\u0160KI","isPartOf":{"@id":"https:\/\/radioljubuski.ba\/#website"},"primaryImageOfPage":{"@id":"https:\/\/radioljubuski.ba\/index.php\/2022\/04\/20\/stipanovic-drugi-jurisic-treci-na-ljestvici-ilca-7\/#primaryimage"},"image":{"@id":"https:\/\/radioljubuski.ba\/index.php\/2022\/04\/20\/stipanovic-drugi-jurisic-treci-na-ljestvici-ilca-7\/#primaryimage"},"thumbnailUrl":"https:\/\/radioljubuski.ba\/wp-content\/uploads\/2022\/04\/stipanovic-laser-pxl-180917-18042653-20210702151334.jpg","datePublished":"2022-04-20T11:45:27+00:00","breadcrumb":{"@id":"https:\/\/radioljubuski.ba\/index.php\/2022\/04\/20\/stipanovic-drugi-jurisic-treci-na-ljestvici-ilca-7\/#breadcrumb"},"inLanguage":"hr","potentialAction":[{"@type":"ReadAction","target":["https:\/\/radioljubuski.ba\/index.php\/2022\/04\/20\/stipanovic-drugi-jurisic-treci-na-ljestvici-ilca-7\/"]}]},{"@type":"ImageObject","inLanguage":"hr","@id":"https:\/\/radioljubuski.ba\/index.php\/2022\/04\/20\/stipanovic-drugi-jurisic-treci-na-ljestvici-ilca-7\/#primaryimage","url":"https:\/\/radioljubuski.ba\/wp-content\/uploads\/2022\/04\/stipanovic-laser-pxl-180917-18042653-20210702151334.jpg","contentUrl":"https:\/\/radioljubuski.ba\/wp-content\/uploads\/2022\/04\/stipanovic-laser-pxl-180917-18042653-20210702151334.jpg","width":1000,"height":600},{"@type":"BreadcrumbList","@id":"https:\/\/radioljubuski.ba\/index.php\/2022\/04\/20\/stipanovic-drugi-jurisic-treci-na-ljestvici-ilca-7\/#breadcrumb","itemListElement":[{"@type":"ListItem","position":1,"name":"Po\u010detna stranica","item":"https:\/\/radioljubuski.ba\/"},{"@type":"ListItem","position":2,"name":"Stipanovi\u0107 drugi, Juri\u0161i\u0107 tre\u0107i na ljestvici ILCA 7"}]},{"@type":"WebSite","@id":"https:\/\/radioljubuski.ba\/#website","url":"https:\/\/radioljubuski.ba\/","name":"Radio Ljubu\u0161ki","description":"Sun\u010dana frekvencija Hercegovine","publisher":{"@id":"https:\/\/radioljubuski.ba\/#organization"},"potentialAction":[{"@type":"SearchAction","target":{"@type":"EntryPoint","urlTemplate":"https:\/\/radioljubuski.ba\/?s={search_term_string}"},"query-input":{"@type":"PropertyValueSpecification","valueRequired":true,"valueName":"search_term_string"}}],"inLanguage":"hr"},{"@type":"Organization","@id":"https:\/\/radioljubuski.ba\/#organization","name":"Radio Ljubu\u0161ki","url":"https:\/\/radioljubuski.ba\/","logo":{"@type":"ImageObject","inLanguage":"hr","@id":"https:\/\/radioljubuski.ba\/#\/schema\/logo\/image\/","url":"https:\/\/radioljubuski.ba\/wp-content\/uploads\/2021\/02\/cropped-Radio_Ljubuski_logo1.jpg","contentUrl":"https:\/\/radioljubuski.ba\/wp-content\/uploads\/2021\/02\/cropped-Radio_Ljubuski_logo1.jpg","width":512,"height":512,"caption":"Radio Ljubu\u0161ki"},"image":{"@id":"https:\/\/radioljubuski.ba\/#\/schema\/logo\/image\/"},"sameAs":["https:\/\/www.facebook.com\/Radiio-Ljubuski-1490835324566332","https:\/\/x.com\/radioljubuski","https:\/\/hr.linkedin.com\/company\/radio-ljubuski","https:\/\/www.youtube.com\/channel\/UCHYaeO_n0Db3tjNGudGpXyw"]},{"@type":"Person","@id":"https:\/\/radioljubuski.ba\/#\/schema\/person\/19fc700381a780f69665d7956c469e3b","name":"Radio Ljubu\u0161ki"}]}},"_links":{"self":[{"href":"https:\/\/radioljubuski.ba\/index.php\/wp-json\/wp\/v2\/posts\/134476","targetHints":{"allow":["GET"]}}],"collection":[{"href":"https:\/\/radioljubuski.ba\/index.php\/wp-json\/wp\/v2\/posts"}],"about":[{"href":"https:\/\/radioljubuski.ba\/index.php\/wp-json\/wp\/v2\/types\/post"}],"author":[{"embeddable":true,"href":"https:\/\/radioljubuski.ba\/index.php\/wp-json\/wp\/v2\/users\/2"}],"replies":[{"embeddable":true,"href":"https:\/\/radioljubuski.ba\/index.php\/wp-json\/wp\/v2\/comments?post=134476"}],"version-history":[{"count":1,"href":"https:\/\/radioljubuski.ba\/index.php\/wp-json\/wp\/v2\/posts\/134476\/revisions"}],"predecessor-version":[{"id":134478,"href":"https:\/\/radioljubuski.ba\/index.php\/wp-json\/wp\/v2\/posts\/134476\/revisions\/134478"}],"wp:featuredmedia":[{"embeddable":true,"href":"https:\/\/radioljubuski.ba\/index.php\/wp-json\/wp\/v2\/media\/134477"}],"wp:attachment":[{"href":"https:\/\/radioljubuski.ba\/index.php\/wp-json\/wp\/v2\/media?parent=134476"}],"wp:term":[{"taxonomy":"category","embeddable":true,"href":"https:\/\/radioljubuski.ba\/index.php\/wp-json\/wp\/v2\/categories?post=134476"},{"taxonomy":"post_tag","embeddable":true,"href":"https:\/\/radioljubuski.ba\/index.php\/wp-json\/wp\/v2\/tags?post=134476"}],"curies":[{"name":"wp","href":"https:\/\/api.w.org\/{rel}","templated":true}]}}