{"id":134480,"date":"2022-04-20T12:47:47","date_gmt":"2022-04-20T11:47:47","guid":{"rendered":"https:\/\/radioljubuski.ba\/?p=134480"},"modified":"2022-04-20T12:47:49","modified_gmt":"2022-04-20T11:47:49","slug":"pulic-najavio-oprostaj-ponosan-sam-i-pocascen-sto-ce-to-biti-na-croatia-rallyju","status":"publish","type":"post","link":"https:\/\/radioljubuski.ba\/index.php\/2022\/04\/20\/pulic-najavio-oprostaj-ponosan-sam-i-pocascen-sto-ce-to-biti-na-croatia-rallyju\/","title":{"rendered":"Puli\u0107 najavio opro\u0161taj: Ponosan sam i po\u010da\u0161\u0107en \u0161to \u0107e to biti na Croatia Rallyju"},"content":{"rendered":"\n<p>Dva dana ostalo je do sve\u010danog otvaranja drugog izdanja hrvatske utrke Svjetskog prvenstva u reliju na kojoj \u0107e nastupiti i osam hrvatskih posada. Me\u0111u njima isti\u010de se ime trofejnog automobilista <strong>Nike Puli\u0107a <\/strong>koji ove godine slavi 40 obljetnicu bavljenja auto sportom.<\/p>\n\n\n\n<p>Dok se jedanaestorica veli\u010danstvenih WRC automobila spremaju za Croatia rally, mi smo zavirili u susjedni boks &#8211; me\u0111u vozila grupe WRC 2, 3 i 4. Tamo nas je do\u010dekao doajen Niko Puli\u0107. U bogatoj karijeri osvajao je sve mogu\u0107e trofeje, bio europski prvak na brdu, a WRC utrka na doma\u0107em terenu bit \u0107e sjajna prilika za opro\u0161taj.<\/p>\n\n\n\n<p>&#8211; Trebala je biti lani na prvome, ali evo, dobro je da sam pre\u017eivio tu nesretnu koronu. Ba\u0161 sam na neki na\u010din ponosan i po\u010da\u0161\u0107en da u svojoj dr\u017eavi mogu odvoziti prvenstvo svijeta i nakon 40 godina karijere na toj istoj utrci da se oprostim, rekao je Puli\u0107.&nbsp;<\/p>\n\n\n\n<p>Lete\u0107i Konavljanin nastupit \u0107e u kategoriji WRC 2 sa \u0160koda Fabiom EVO sa suvoza\u010dicom <strong>Aleksandrom Kova\u010di\u0107<\/strong>.&nbsp;<\/p>\n\n\n\n<p>&#8211; Uzbu\u0111eni smo, ne znamo \u0161to nas \u010deka. Brzinci su jako zanimljivi. Ima svega od \u0161irokog, brzog, sporog, uskog, blatnjavog&#8230; Stvarno, jo\u0161 ako ki\u0161a padne onda tek nemamo pojma gdje smo, \u0161to smo, ali sna\u0107i \u0107emo se, rekla je Kova\u010di\u0107.<\/p>\n\n\n\n<p>Puli\u0107 je u me\u0111uvremenu osnovao i Auto klub Konavle gdje se posvetio radu s mladima, a od Croatia rallyja o\u010dekuje ovo: &#8211; Ho\u0107u u\u017eivati, ho\u0107u vidjeti cilj. To mi je stvarno \u017eivotna \u017eelja nakon svih ovih godina. Kako sam maloprije rekao: na Svjetskom prvenstvu do\u0111em preko startne rampe. Ma koji god budem, samo da pro\u0111em preko te startne rampe.&nbsp;<\/p>\n\n\n\n<p>Voza\u010di i ekipe polako dolaze, a pune ruke posla ima i direktor utrke <strong>Slaven Dedi\u0107<\/strong> sa svojom ekipom.<\/p>\n\n\n\n<p>&#8211; Prvi smo covid free rally nakon skoro dvije godine i o\u010dekujemo jako puno gledatelja. O\u010dekujemo oko 350.000. To nas jedino malo pla\u0161i kako \u0107e se sve to odvijati. Spremni smo za nove izazove, spremni smo koliko god mo\u017eemo biti i o\u010dekujemo sjajan spektakl i ove godine, rekao je Dedi\u0107.\u00a0<\/p>\n\n\n\n<div style=\"width: 640px;\" class=\"wp-video\"><video class=\"wp-video-shortcode\" id=\"video-134480-1\" width=\"640\" height=\"360\" preload=\"metadata\" controls=\"controls\"><source type=\"video\/mp4\" src=\"https:\/\/api.hrt.hr\/media\/4c\/3f\/pulic-190422-20220419180655.mp4?_=1\" \/><a href=\"https:\/\/api.hrt.hr\/media\/4c\/3f\/pulic-190422-20220419180655.mp4\">https:\/\/api.hrt.hr\/media\/4c\/3f\/pulic-190422-20220419180655.mp4<\/a><\/video><\/div>\n\n\n\n<p>Od petka od nedjelje ukupno se vozi 20 brzinskih ispita, a 4 najatraktivnija u subotu i nedjelju uklju\u010duju\u0107i i posljednji power stage Zagorska Sela &#8211; Kumrovec mo\u0107i \u0107ete vidjeti u izravnom prijenosu u programu Hrvatske televizije.<\/p>\n\n\n\n<p>Izvor:hrt.hr<\/p>\n","protected":false},"excerpt":{"rendered":"<p>Dva dana ostalo je do sve\u010danog otvaranja drugog izdanja hrvatske utrke Svjetskog prvenstva u reliju na kojoj \u0107e nastupiti i osam hrvatskih posada. Me\u0111u njima isti\u010de se ime trofejnog automobilista Nike Puli\u0107a koji ove godine slavi 40 obljetnicu bavljenja auto sportom. Dok se jedanaestorica veli\u010danstvenih WRC automobila spremaju za Croatia rally, mi smo zavirili u [&hellip;]<\/p>\n","protected":false},"author":2,"featured_media":134483,"comment_status":"closed","ping_status":"closed","sticky":false,"template":"","format":"standard","meta":{"h5ap_radio_sources":[],"footnotes":""},"categories":[7],"tags":[],"class_list":["post-134480","post","type-post","status-publish","format-standard","has-post-thumbnail","hentry","category-sport"],"yoast_head":"<!-- This site is optimized with the Yoast SEO plugin v27.4 - https:\/\/yoast.com\/product\/yoast-seo-wordpress\/ -->\n<title>Puli\u0107 najavio opro\u0161taj: Ponosan sam i po\u010da\u0161\u0107en \u0161to \u0107e to biti na Croatia Rallyju - RADIO LJUBU\u0160KI<\/title>\n<meta name=\"robots\" content=\"index, follow, max-snippet:-1, max-image-preview:large, max-video-preview:-1\" \/>\n<link rel=\"canonical\" href=\"https:\/\/radioljubuski.ba\/index.php\/2022\/04\/20\/pulic-najavio-oprostaj-ponosan-sam-i-pocascen-sto-ce-to-biti-na-croatia-rallyju\/\" \/>\n<meta property=\"og:locale\" content=\"hr_HR\" \/>\n<meta property=\"og:type\" content=\"article\" \/>\n<meta property=\"og:title\" content=\"Puli\u0107 najavio opro\u0161taj: Ponosan sam i po\u010da\u0161\u0107en \u0161to \u0107e to biti na Croatia Rallyju - RADIO LJUBU\u0160KI\" \/>\n<meta property=\"og:description\" content=\"Dva dana ostalo je do sve\u010danog otvaranja drugog izdanja hrvatske utrke Svjetskog prvenstva u reliju na kojoj \u0107e nastupiti i osam hrvatskih posada. Me\u0111u njima isti\u010de se ime trofejnog automobilista Nike Puli\u0107a koji ove godine slavi 40 obljetnicu bavljenja auto sportom. Dok se jedanaestorica veli\u010danstvenih WRC automobila spremaju za Croatia rally, mi smo zavirili u [&hellip;]\" \/>\n<meta property=\"og:url\" content=\"https:\/\/radioljubuski.ba\/index.php\/2022\/04\/20\/pulic-najavio-oprostaj-ponosan-sam-i-pocascen-sto-ce-to-biti-na-croatia-rallyju\/\" \/>\n<meta property=\"og:site_name\" content=\"RADIO LJUBU\u0160KI\" \/>\n<meta property=\"article:publisher\" content=\"https:\/\/www.facebook.com\/Radiio-Ljubuski-1490835324566332\" \/>\n<meta property=\"article:published_time\" content=\"2022-04-20T11:47:47+00:00\" \/>\n<meta property=\"article:modified_time\" content=\"2022-04-20T11:47:49+00:00\" \/>\n<meta property=\"og:image\" content=\"https:\/\/radioljubuski.ba\/wp-content\/uploads\/2022\/04\/NIKO-PULIC.png\" \/>\n\t<meta property=\"og:image:width\" content=\"600\" \/>\n\t<meta property=\"og:image:height\" content=\"318\" \/>\n\t<meta property=\"og:image:type\" content=\"image\/png\" \/>\n<meta name=\"author\" content=\"Radio Ljubu\u0161ki\" \/>\n<meta name=\"twitter:card\" content=\"summary_large_image\" \/>\n<meta name=\"twitter:creator\" content=\"@radioljubuski\" \/>\n<meta name=\"twitter:site\" content=\"@radioljubuski\" \/>\n<meta name=\"twitter:label1\" content=\"Napisao\/la\" \/>\n\t<meta name=\"twitter:data1\" content=\"Radio Ljubu\u0161ki\" \/>\n\t<meta name=\"twitter:label2\" content=\"Procijenjeno vrijeme \u010ditanja\" \/>\n\t<meta name=\"twitter:data2\" content=\"2 minute\" \/>\n<script type=\"application\/ld+json\" class=\"yoast-schema-graph\">{\"@context\":\"https:\\\/\\\/schema.org\",\"@graph\":[{\"@type\":\"Article\",\"@id\":\"https:\\\/\\\/radioljubuski.ba\\\/index.php\\\/2022\\\/04\\\/20\\\/pulic-najavio-oprostaj-ponosan-sam-i-pocascen-sto-ce-to-biti-na-croatia-rallyju\\\/#article\",\"isPartOf\":{\"@id\":\"https:\\\/\\\/radioljubuski.ba\\\/index.php\\\/2022\\\/04\\\/20\\\/pulic-najavio-oprostaj-ponosan-sam-i-pocascen-sto-ce-to-biti-na-croatia-rallyju\\\/\"},\"author\":{\"name\":\"Radio Ljubu\u0161ki\",\"@id\":\"https:\\\/\\\/radioljubuski.ba\\\/#\\\/schema\\\/person\\\/19fc700381a780f69665d7956c469e3b\"},\"headline\":\"Puli\u0107 najavio opro\u0161taj: Ponosan sam i po\u010da\u0161\u0107en \u0161to \u0107e to biti na Croatia Rallyju\",\"datePublished\":\"2022-04-20T11:47:47+00:00\",\"dateModified\":\"2022-04-20T11:47:49+00:00\",\"mainEntityOfPage\":{\"@id\":\"https:\\\/\\\/radioljubuski.ba\\\/index.php\\\/2022\\\/04\\\/20\\\/pulic-najavio-oprostaj-ponosan-sam-i-pocascen-sto-ce-to-biti-na-croatia-rallyju\\\/\"},\"wordCount\":427,\"publisher\":{\"@id\":\"https:\\\/\\\/radioljubuski.ba\\\/#organization\"},\"image\":{\"@id\":\"https:\\\/\\\/radioljubuski.ba\\\/index.php\\\/2022\\\/04\\\/20\\\/pulic-najavio-oprostaj-ponosan-sam-i-pocascen-sto-ce-to-biti-na-croatia-rallyju\\\/#primaryimage\"},\"thumbnailUrl\":\"https:\\\/\\\/radioljubuski.ba\\\/wp-content\\\/uploads\\\/2022\\\/04\\\/NIKO-PULIC.png\",\"articleSection\":[\"\u0160port\"],\"inLanguage\":\"hr\"},{\"@type\":\"WebPage\",\"@id\":\"https:\\\/\\\/radioljubuski.ba\\\/index.php\\\/2022\\\/04\\\/20\\\/pulic-najavio-oprostaj-ponosan-sam-i-pocascen-sto-ce-to-biti-na-croatia-rallyju\\\/\",\"url\":\"https:\\\/\\\/radioljubuski.ba\\\/index.php\\\/2022\\\/04\\\/20\\\/pulic-najavio-oprostaj-ponosan-sam-i-pocascen-sto-ce-to-biti-na-croatia-rallyju\\\/\",\"name\":\"Puli\u0107 najavio opro\u0161taj: Ponosan sam i po\u010da\u0161\u0107en \u0161to \u0107e to biti na Croatia Rallyju - RADIO LJUBU\u0160KI\",\"isPartOf\":{\"@id\":\"https:\\\/\\\/radioljubuski.ba\\\/#website\"},\"primaryImageOfPage\":{\"@id\":\"https:\\\/\\\/radioljubuski.ba\\\/index.php\\\/2022\\\/04\\\/20\\\/pulic-najavio-oprostaj-ponosan-sam-i-pocascen-sto-ce-to-biti-na-croatia-rallyju\\\/#primaryimage\"},\"image\":{\"@id\":\"https:\\\/\\\/radioljubuski.ba\\\/index.php\\\/2022\\\/04\\\/20\\\/pulic-najavio-oprostaj-ponosan-sam-i-pocascen-sto-ce-to-biti-na-croatia-rallyju\\\/#primaryimage\"},\"thumbnailUrl\":\"https:\\\/\\\/radioljubuski.ba\\\/wp-content\\\/uploads\\\/2022\\\/04\\\/NIKO-PULIC.png\",\"datePublished\":\"2022-04-20T11:47:47+00:00\",\"dateModified\":\"2022-04-20T11:47:49+00:00\",\"breadcrumb\":{\"@id\":\"https:\\\/\\\/radioljubuski.ba\\\/index.php\\\/2022\\\/04\\\/20\\\/pulic-najavio-oprostaj-ponosan-sam-i-pocascen-sto-ce-to-biti-na-croatia-rallyju\\\/#breadcrumb\"},\"inLanguage\":\"hr\",\"potentialAction\":[{\"@type\":\"ReadAction\",\"target\":[\"https:\\\/\\\/radioljubuski.ba\\\/index.php\\\/2022\\\/04\\\/20\\\/pulic-najavio-oprostaj-ponosan-sam-i-pocascen-sto-ce-to-biti-na-croatia-rallyju\\\/\"]}]},{\"@type\":\"ImageObject\",\"inLanguage\":\"hr\",\"@id\":\"https:\\\/\\\/radioljubuski.ba\\\/index.php\\\/2022\\\/04\\\/20\\\/pulic-najavio-oprostaj-ponosan-sam-i-pocascen-sto-ce-to-biti-na-croatia-rallyju\\\/#primaryimage\",\"url\":\"https:\\\/\\\/radioljubuski.ba\\\/wp-content\\\/uploads\\\/2022\\\/04\\\/NIKO-PULIC.png\",\"contentUrl\":\"https:\\\/\\\/radioljubuski.ba\\\/wp-content\\\/uploads\\\/2022\\\/04\\\/NIKO-PULIC.png\",\"width\":600,\"height\":318},{\"@type\":\"BreadcrumbList\",\"@id\":\"https:\\\/\\\/radioljubuski.ba\\\/index.php\\\/2022\\\/04\\\/20\\\/pulic-najavio-oprostaj-ponosan-sam-i-pocascen-sto-ce-to-biti-na-croatia-rallyju\\\/#breadcrumb\",\"itemListElement\":[{\"@type\":\"ListItem\",\"position\":1,\"name\":\"Po\u010detna stranica\",\"item\":\"https:\\\/\\\/radioljubuski.ba\\\/\"},{\"@type\":\"ListItem\",\"position\":2,\"name\":\"Puli\u0107 najavio opro\u0161taj: Ponosan sam i po\u010da\u0161\u0107en \u0161to \u0107e to biti na Croatia Rallyju\"}]},{\"@type\":\"WebSite\",\"@id\":\"https:\\\/\\\/radioljubuski.ba\\\/#website\",\"url\":\"https:\\\/\\\/radioljubuski.ba\\\/\",\"name\":\"Radio Ljubu\u0161ki\",\"description\":\"Sun\u010dana frekvencija Hercegovine\",\"publisher\":{\"@id\":\"https:\\\/\\\/radioljubuski.ba\\\/#organization\"},\"potentialAction\":[{\"@type\":\"SearchAction\",\"target\":{\"@type\":\"EntryPoint\",\"urlTemplate\":\"https:\\\/\\\/radioljubuski.ba\\\/?s={search_term_string}\"},\"query-input\":{\"@type\":\"PropertyValueSpecification\",\"valueRequired\":true,\"valueName\":\"search_term_string\"}}],\"inLanguage\":\"hr\"},{\"@type\":\"Organization\",\"@id\":\"https:\\\/\\\/radioljubuski.ba\\\/#organization\",\"name\":\"Radio Ljubu\u0161ki\",\"url\":\"https:\\\/\\\/radioljubuski.ba\\\/\",\"logo\":{\"@type\":\"ImageObject\",\"inLanguage\":\"hr\",\"@id\":\"https:\\\/\\\/radioljubuski.ba\\\/#\\\/schema\\\/logo\\\/image\\\/\",\"url\":\"https:\\\/\\\/radioljubuski.ba\\\/wp-content\\\/uploads\\\/2021\\\/02\\\/cropped-Radio_Ljubuski_logo1.jpg\",\"contentUrl\":\"https:\\\/\\\/radioljubuski.ba\\\/wp-content\\\/uploads\\\/2021\\\/02\\\/cropped-Radio_Ljubuski_logo1.jpg\",\"width\":512,\"height\":512,\"caption\":\"Radio Ljubu\u0161ki\"},\"image\":{\"@id\":\"https:\\\/\\\/radioljubuski.ba\\\/#\\\/schema\\\/logo\\\/image\\\/\"},\"sameAs\":[\"https:\\\/\\\/www.facebook.com\\\/Radiio-Ljubuski-1490835324566332\",\"https:\\\/\\\/x.com\\\/radioljubuski\",\"https:\\\/\\\/hr.linkedin.com\\\/company\\\/radio-ljubuski\",\"https:\\\/\\\/www.youtube.com\\\/channel\\\/UCHYaeO_n0Db3tjNGudGpXyw\"]},{\"@type\":\"Person\",\"@id\":\"https:\\\/\\\/radioljubuski.ba\\\/#\\\/schema\\\/person\\\/19fc700381a780f69665d7956c469e3b\",\"name\":\"Radio Ljubu\u0161ki\"}]}<\/script>\n<!-- \/ Yoast SEO plugin. -->","yoast_head_json":{"title":"Puli\u0107 najavio opro\u0161taj: Ponosan sam i po\u010da\u0161\u0107en \u0161to \u0107e to biti na Croatia Rallyju - RADIO LJUBU\u0160KI","robots":{"index":"index","follow":"follow","max-snippet":"max-snippet:-1","max-image-preview":"max-image-preview:large","max-video-preview":"max-video-preview:-1"},"canonical":"https:\/\/radioljubuski.ba\/index.php\/2022\/04\/20\/pulic-najavio-oprostaj-ponosan-sam-i-pocascen-sto-ce-to-biti-na-croatia-rallyju\/","og_locale":"hr_HR","og_type":"article","og_title":"Puli\u0107 najavio opro\u0161taj: Ponosan sam i po\u010da\u0161\u0107en \u0161to \u0107e to biti na Croatia Rallyju - RADIO LJUBU\u0160KI","og_description":"Dva dana ostalo je do sve\u010danog otvaranja drugog izdanja hrvatske utrke Svjetskog prvenstva u reliju na kojoj \u0107e nastupiti i osam hrvatskih posada. Me\u0111u njima isti\u010de se ime trofejnog automobilista Nike Puli\u0107a koji ove godine slavi 40 obljetnicu bavljenja auto sportom. Dok se jedanaestorica veli\u010danstvenih WRC automobila spremaju za Croatia rally, mi smo zavirili u [&hellip;]","og_url":"https:\/\/radioljubuski.ba\/index.php\/2022\/04\/20\/pulic-najavio-oprostaj-ponosan-sam-i-pocascen-sto-ce-to-biti-na-croatia-rallyju\/","og_site_name":"RADIO LJUBU\u0160KI","article_publisher":"https:\/\/www.facebook.com\/Radiio-Ljubuski-1490835324566332","article_published_time":"2022-04-20T11:47:47+00:00","article_modified_time":"2022-04-20T11:47:49+00:00","og_image":[{"width":600,"height":318,"url":"https:\/\/radioljubuski.ba\/wp-content\/uploads\/2022\/04\/NIKO-PULIC.png","type":"image\/png"}],"author":"Radio Ljubu\u0161ki","twitter_card":"summary_large_image","twitter_creator":"@radioljubuski","twitter_site":"@radioljubuski","twitter_misc":{"Napisao\/la":"Radio Ljubu\u0161ki","Procijenjeno vrijeme \u010ditanja":"2 minute"},"schema":{"@context":"https:\/\/schema.org","@graph":[{"@type":"Article","@id":"https:\/\/radioljubuski.ba\/index.php\/2022\/04\/20\/pulic-najavio-oprostaj-ponosan-sam-i-pocascen-sto-ce-to-biti-na-croatia-rallyju\/#article","isPartOf":{"@id":"https:\/\/radioljubuski.ba\/index.php\/2022\/04\/20\/pulic-najavio-oprostaj-ponosan-sam-i-pocascen-sto-ce-to-biti-na-croatia-rallyju\/"},"author":{"name":"Radio Ljubu\u0161ki","@id":"https:\/\/radioljubuski.ba\/#\/schema\/person\/19fc700381a780f69665d7956c469e3b"},"headline":"Puli\u0107 najavio opro\u0161taj: Ponosan sam i po\u010da\u0161\u0107en \u0161to \u0107e to biti na Croatia Rallyju","datePublished":"2022-04-20T11:47:47+00:00","dateModified":"2022-04-20T11:47:49+00:00","mainEntityOfPage":{"@id":"https:\/\/radioljubuski.ba\/index.php\/2022\/04\/20\/pulic-najavio-oprostaj-ponosan-sam-i-pocascen-sto-ce-to-biti-na-croatia-rallyju\/"},"wordCount":427,"publisher":{"@id":"https:\/\/radioljubuski.ba\/#organization"},"image":{"@id":"https:\/\/radioljubuski.ba\/index.php\/2022\/04\/20\/pulic-najavio-oprostaj-ponosan-sam-i-pocascen-sto-ce-to-biti-na-croatia-rallyju\/#primaryimage"},"thumbnailUrl":"https:\/\/radioljubuski.ba\/wp-content\/uploads\/2022\/04\/NIKO-PULIC.png","articleSection":["\u0160port"],"inLanguage":"hr"},{"@type":"WebPage","@id":"https:\/\/radioljubuski.ba\/index.php\/2022\/04\/20\/pulic-najavio-oprostaj-ponosan-sam-i-pocascen-sto-ce-to-biti-na-croatia-rallyju\/","url":"https:\/\/radioljubuski.ba\/index.php\/2022\/04\/20\/pulic-najavio-oprostaj-ponosan-sam-i-pocascen-sto-ce-to-biti-na-croatia-rallyju\/","name":"Puli\u0107 najavio opro\u0161taj: Ponosan sam i po\u010da\u0161\u0107en \u0161to \u0107e to biti na Croatia Rallyju - RADIO LJUBU\u0160KI","isPartOf":{"@id":"https:\/\/radioljubuski.ba\/#website"},"primaryImageOfPage":{"@id":"https:\/\/radioljubuski.ba\/index.php\/2022\/04\/20\/pulic-najavio-oprostaj-ponosan-sam-i-pocascen-sto-ce-to-biti-na-croatia-rallyju\/#primaryimage"},"image":{"@id":"https:\/\/radioljubuski.ba\/index.php\/2022\/04\/20\/pulic-najavio-oprostaj-ponosan-sam-i-pocascen-sto-ce-to-biti-na-croatia-rallyju\/#primaryimage"},"thumbnailUrl":"https:\/\/radioljubuski.ba\/wp-content\/uploads\/2022\/04\/NIKO-PULIC.png","datePublished":"2022-04-20T11:47:47+00:00","dateModified":"2022-04-20T11:47:49+00:00","breadcrumb":{"@id":"https:\/\/radioljubuski.ba\/index.php\/2022\/04\/20\/pulic-najavio-oprostaj-ponosan-sam-i-pocascen-sto-ce-to-biti-na-croatia-rallyju\/#breadcrumb"},"inLanguage":"hr","potentialAction":[{"@type":"ReadAction","target":["https:\/\/radioljubuski.ba\/index.php\/2022\/04\/20\/pulic-najavio-oprostaj-ponosan-sam-i-pocascen-sto-ce-to-biti-na-croatia-rallyju\/"]}]},{"@type":"ImageObject","inLanguage":"hr","@id":"https:\/\/radioljubuski.ba\/index.php\/2022\/04\/20\/pulic-najavio-oprostaj-ponosan-sam-i-pocascen-sto-ce-to-biti-na-croatia-rallyju\/#primaryimage","url":"https:\/\/radioljubuski.ba\/wp-content\/uploads\/2022\/04\/NIKO-PULIC.png","contentUrl":"https:\/\/radioljubuski.ba\/wp-content\/uploads\/2022\/04\/NIKO-PULIC.png","width":600,"height":318},{"@type":"BreadcrumbList","@id":"https:\/\/radioljubuski.ba\/index.php\/2022\/04\/20\/pulic-najavio-oprostaj-ponosan-sam-i-pocascen-sto-ce-to-biti-na-croatia-rallyju\/#breadcrumb","itemListElement":[{"@type":"ListItem","position":1,"name":"Po\u010detna stranica","item":"https:\/\/radioljubuski.ba\/"},{"@type":"ListItem","position":2,"name":"Puli\u0107 najavio opro\u0161taj: Ponosan sam i po\u010da\u0161\u0107en \u0161to \u0107e to biti na Croatia Rallyju"}]},{"@type":"WebSite","@id":"https:\/\/radioljubuski.ba\/#website","url":"https:\/\/radioljubuski.ba\/","name":"Radio Ljubu\u0161ki","description":"Sun\u010dana frekvencija Hercegovine","publisher":{"@id":"https:\/\/radioljubuski.ba\/#organization"},"potentialAction":[{"@type":"SearchAction","target":{"@type":"EntryPoint","urlTemplate":"https:\/\/radioljubuski.ba\/?s={search_term_string}"},"query-input":{"@type":"PropertyValueSpecification","valueRequired":true,"valueName":"search_term_string"}}],"inLanguage":"hr"},{"@type":"Organization","@id":"https:\/\/radioljubuski.ba\/#organization","name":"Radio Ljubu\u0161ki","url":"https:\/\/radioljubuski.ba\/","logo":{"@type":"ImageObject","inLanguage":"hr","@id":"https:\/\/radioljubuski.ba\/#\/schema\/logo\/image\/","url":"https:\/\/radioljubuski.ba\/wp-content\/uploads\/2021\/02\/cropped-Radio_Ljubuski_logo1.jpg","contentUrl":"https:\/\/radioljubuski.ba\/wp-content\/uploads\/2021\/02\/cropped-Radio_Ljubuski_logo1.jpg","width":512,"height":512,"caption":"Radio Ljubu\u0161ki"},"image":{"@id":"https:\/\/radioljubuski.ba\/#\/schema\/logo\/image\/"},"sameAs":["https:\/\/www.facebook.com\/Radiio-Ljubuski-1490835324566332","https:\/\/x.com\/radioljubuski","https:\/\/hr.linkedin.com\/company\/radio-ljubuski","https:\/\/www.youtube.com\/channel\/UCHYaeO_n0Db3tjNGudGpXyw"]},{"@type":"Person","@id":"https:\/\/radioljubuski.ba\/#\/schema\/person\/19fc700381a780f69665d7956c469e3b","name":"Radio Ljubu\u0161ki"}]}},"_links":{"self":[{"href":"https:\/\/radioljubuski.ba\/index.php\/wp-json\/wp\/v2\/posts\/134480","targetHints":{"allow":["GET"]}}],"collection":[{"href":"https:\/\/radioljubuski.ba\/index.php\/wp-json\/wp\/v2\/posts"}],"about":[{"href":"https:\/\/radioljubuski.ba\/index.php\/wp-json\/wp\/v2\/types\/post"}],"author":[{"embeddable":true,"href":"https:\/\/radioljubuski.ba\/index.php\/wp-json\/wp\/v2\/users\/2"}],"replies":[{"embeddable":true,"href":"https:\/\/radioljubuski.ba\/index.php\/wp-json\/wp\/v2\/comments?post=134480"}],"version-history":[{"count":1,"href":"https:\/\/radioljubuski.ba\/index.php\/wp-json\/wp\/v2\/posts\/134480\/revisions"}],"predecessor-version":[{"id":134484,"href":"https:\/\/radioljubuski.ba\/index.php\/wp-json\/wp\/v2\/posts\/134480\/revisions\/134484"}],"wp:featuredmedia":[{"embeddable":true,"href":"https:\/\/radioljubuski.ba\/index.php\/wp-json\/wp\/v2\/media\/134483"}],"wp:attachment":[{"href":"https:\/\/radioljubuski.ba\/index.php\/wp-json\/wp\/v2\/media?parent=134480"}],"wp:term":[{"taxonomy":"category","embeddable":true,"href":"https:\/\/radioljubuski.ba\/index.php\/wp-json\/wp\/v2\/categories?post=134480"},{"taxonomy":"post_tag","embeddable":true,"href":"https:\/\/radioljubuski.ba\/index.php\/wp-json\/wp\/v2\/tags?post=134480"}],"curies":[{"name":"wp","href":"https:\/\/api.w.org\/{rel}","templated":true}]}}