{"id":134609,"date":"2022-04-20T19:04:28","date_gmt":"2022-04-20T18:04:28","guid":{"rendered":"https:\/\/radioljubuski.ba\/?p=134609"},"modified":"2022-04-20T19:04:29","modified_gmt":"2022-04-20T18:04:29","slug":"nema-predaje-mariupolja-nakon-isteka-ruskog-roka","status":"publish","type":"post","link":"https:\/\/radioljubuski.ba\/index.php\/2022\/04\/20\/nema-predaje-mariupolja-nakon-isteka-ruskog-roka\/","title":{"rendered":"Nema predaje Mariupolja nakon isteka ruskog roka"},"content":{"rendered":"\n<p>Ruski ultimatum ukrajinskim vojnicima u Mariupolju da se predaju ili \u0107e umrijeti istekao je u srijedu popodne bez masovne predaje, no zapovjednik jedinice za koju se vjeruje da jo\u0161 odolijeva napadu na opkoljeni grad rekao je da njegove snage mogu pre\u017eivjeti samo dane ili sate.<\/p>\n\n\n\n<p>Zapovjednik 36. brigade marinaca, jedne od posljednjih jedinica za koju se vjeruje da se dr\u017ei u Mariupolju, zatra\u017eio je me\u0111unarodnu pomo\u0107 za bijeg iz opsade.<\/p>\n\n\n\n<p><br>&#8211; Ovo je na\u0161 apel svijetu. Mo\u017eda na\u0161 posljednji. Mo\u017eda nam je preostalo samo nekoliko dana ili sati, rekao je bojnik&nbsp;Serhij Volina&nbsp;u videu na Facebooku. Neprijateljske jedinice su nekoliko desetaka puta ve\u0107e od na\u0161ih, imaju dominaciju u zraku, u artiljeriji, u kopnenoj vojsci, u opremi i tenkovima.<br><br>Volina, koji je rekao da su u podrumima tvornice zato\u010dene \u017eene i djeca, govorio je ispred bijelog zida u onome \u0161to je zvu\u010dalo kao prostorija puna ljudi.<\/p>\n\n\n\n<p>Ujedinjeni narodi su u srijedu objavili da je broj izbjeglica koje su pobjegle iz Ukrajine od ruske invazije 24. velja\u010de pre\u0161ao pet milijuna. Vi\u0161e od polovice su djeca.<br><br>U ru\u0161evinama Mariupolja, mjestu najte\u017eih borbi i najgore humanitarne katastrofe, Rusija je bombama ga\u0111ala posljednje ukrajinsko upori\u0161te, tvonicu \u010delika Azovstal, objavio je Kijev.<br><br>&#8211; Svijet gleda online ubojstva djece i ostaje nijem, napisao je na Twitteru savjetnik predsjednika&nbsp;Mihailo Podoljak.<\/p>\n\n\n\n<p>Rusija poku\u0161ava preuzeti potpunu kontrolu nad Mariupoljom od prvih dana rata. Njegovo zauzimanje bila bi velika strate\u0161ka nagrada jer bi se time povezao teritorij koji dr\u017ee proruski separatisti na istoku s krimskom regijom koju je Moskva anektirala 2014. godine.<br><br>Ukrajina je objavila planove da \u0107e poslati 90 autobusa da evakuiraju 6000 civila iz Mariupolja, rekav\u0161i da je postigla &#8220;preliminarni sporazum&#8221; s Rusijom po pitanju sigurnosnog koridora, prvi put u nekoliko tjedana.<br><br>No nijedan od tih prethodnih sporazuma nije se proveo na terenu, jer je Moskva blokirala sve konvoje.<\/p>\n\n\n\n<p>Izvor:pogled.ba<\/p>\n","protected":false},"excerpt":{"rendered":"<p>Ruski ultimatum ukrajinskim vojnicima u Mariupolju da se predaju ili \u0107e umrijeti istekao je u srijedu popodne bez masovne predaje, no zapovjednik jedinice za koju se vjeruje da jo\u0161 odolijeva napadu na opkoljeni grad rekao je da njegove snage mogu pre\u017eivjeti samo dane ili sate. Zapovjednik 36. brigade marinaca, jedne od posljednjih jedinica za koju [&hellip;]<\/p>\n","protected":false},"author":2,"featured_media":133969,"comment_status":"closed","ping_status":"closed","sticky":false,"template":"","format":"standard","meta":{"h5ap_radio_sources":[],"footnotes":""},"categories":[1],"tags":[],"class_list":["post-134609","post","type-post","status-publish","format-standard","has-post-thumbnail","hentry","category-bihiregija"],"yoast_head":"<!-- This site is optimized with the Yoast SEO plugin v27.4 - https:\/\/yoast.com\/product\/yoast-seo-wordpress\/ -->\n<title>Nema predaje Mariupolja nakon isteka ruskog roka - RADIO LJUBU\u0160KI<\/title>\n<meta name=\"robots\" content=\"index, follow, max-snippet:-1, max-image-preview:large, max-video-preview:-1\" \/>\n<link rel=\"canonical\" href=\"https:\/\/radioljubuski.ba\/index.php\/2022\/04\/20\/nema-predaje-mariupolja-nakon-isteka-ruskog-roka\/\" \/>\n<meta property=\"og:locale\" content=\"hr_HR\" \/>\n<meta property=\"og:type\" content=\"article\" \/>\n<meta property=\"og:title\" content=\"Nema predaje Mariupolja nakon isteka ruskog roka - RADIO LJUBU\u0160KI\" \/>\n<meta property=\"og:description\" content=\"Ruski ultimatum ukrajinskim vojnicima u Mariupolju da se predaju ili \u0107e umrijeti istekao je u srijedu popodne bez masovne predaje, no zapovjednik jedinice za koju se vjeruje da jo\u0161 odolijeva napadu na opkoljeni grad rekao je da njegove snage mogu pre\u017eivjeti samo dane ili sate. Zapovjednik 36. brigade marinaca, jedne od posljednjih jedinica za koju [&hellip;]\" \/>\n<meta property=\"og:url\" content=\"https:\/\/radioljubuski.ba\/index.php\/2022\/04\/20\/nema-predaje-mariupolja-nakon-isteka-ruskog-roka\/\" \/>\n<meta property=\"og:site_name\" content=\"RADIO LJUBU\u0160KI\" \/>\n<meta property=\"article:publisher\" content=\"https:\/\/www.facebook.com\/Radiio-Ljubuski-1490835324566332\" \/>\n<meta property=\"article:published_time\" content=\"2022-04-20T18:04:28+00:00\" \/>\n<meta property=\"article:modified_time\" content=\"2022-04-20T18:04:29+00:00\" \/>\n<meta property=\"og:image\" content=\"https:\/\/radioljubuski.ba\/wp-content\/uploads\/2022\/04\/t-bk190422-mariupoljborbe-20220419065747.jpg\" \/>\n\t<meta property=\"og:image:width\" content=\"1920\" \/>\n\t<meta property=\"og:image:height\" content=\"1080\" \/>\n\t<meta property=\"og:image:type\" content=\"image\/jpeg\" \/>\n<meta name=\"author\" content=\"Radio Ljubu\u0161ki\" \/>\n<meta name=\"twitter:card\" content=\"summary_large_image\" \/>\n<meta name=\"twitter:creator\" content=\"@radioljubuski\" \/>\n<meta name=\"twitter:site\" content=\"@radioljubuski\" \/>\n<meta name=\"twitter:label1\" content=\"Napisao\/la\" \/>\n\t<meta name=\"twitter:data1\" content=\"Radio Ljubu\u0161ki\" \/>\n\t<meta name=\"twitter:label2\" content=\"Procijenjeno vrijeme \u010ditanja\" \/>\n\t<meta name=\"twitter:data2\" content=\"2 minute\" \/>\n<script type=\"application\/ld+json\" class=\"yoast-schema-graph\">{\"@context\":\"https:\\\/\\\/schema.org\",\"@graph\":[{\"@type\":\"Article\",\"@id\":\"https:\\\/\\\/radioljubuski.ba\\\/index.php\\\/2022\\\/04\\\/20\\\/nema-predaje-mariupolja-nakon-isteka-ruskog-roka\\\/#article\",\"isPartOf\":{\"@id\":\"https:\\\/\\\/radioljubuski.ba\\\/index.php\\\/2022\\\/04\\\/20\\\/nema-predaje-mariupolja-nakon-isteka-ruskog-roka\\\/\"},\"author\":{\"name\":\"Radio Ljubu\u0161ki\",\"@id\":\"https:\\\/\\\/radioljubuski.ba\\\/#\\\/schema\\\/person\\\/19fc700381a780f69665d7956c469e3b\"},\"headline\":\"Nema predaje Mariupolja nakon isteka ruskog roka\",\"datePublished\":\"2022-04-20T18:04:28+00:00\",\"dateModified\":\"2022-04-20T18:04:29+00:00\",\"mainEntityOfPage\":{\"@id\":\"https:\\\/\\\/radioljubuski.ba\\\/index.php\\\/2022\\\/04\\\/20\\\/nema-predaje-mariupolja-nakon-isteka-ruskog-roka\\\/\"},\"wordCount\":331,\"publisher\":{\"@id\":\"https:\\\/\\\/radioljubuski.ba\\\/#organization\"},\"image\":{\"@id\":\"https:\\\/\\\/radioljubuski.ba\\\/index.php\\\/2022\\\/04\\\/20\\\/nema-predaje-mariupolja-nakon-isteka-ruskog-roka\\\/#primaryimage\"},\"thumbnailUrl\":\"https:\\\/\\\/radioljubuski.ba\\\/wp-content\\\/uploads\\\/2022\\\/04\\\/t-bk190422-mariupoljborbe-20220419065747.jpg\",\"articleSection\":[\"BIH i regija\"],\"inLanguage\":\"hr\"},{\"@type\":\"WebPage\",\"@id\":\"https:\\\/\\\/radioljubuski.ba\\\/index.php\\\/2022\\\/04\\\/20\\\/nema-predaje-mariupolja-nakon-isteka-ruskog-roka\\\/\",\"url\":\"https:\\\/\\\/radioljubuski.ba\\\/index.php\\\/2022\\\/04\\\/20\\\/nema-predaje-mariupolja-nakon-isteka-ruskog-roka\\\/\",\"name\":\"Nema predaje Mariupolja nakon isteka ruskog roka - RADIO LJUBU\u0160KI\",\"isPartOf\":{\"@id\":\"https:\\\/\\\/radioljubuski.ba\\\/#website\"},\"primaryImageOfPage\":{\"@id\":\"https:\\\/\\\/radioljubuski.ba\\\/index.php\\\/2022\\\/04\\\/20\\\/nema-predaje-mariupolja-nakon-isteka-ruskog-roka\\\/#primaryimage\"},\"image\":{\"@id\":\"https:\\\/\\\/radioljubuski.ba\\\/index.php\\\/2022\\\/04\\\/20\\\/nema-predaje-mariupolja-nakon-isteka-ruskog-roka\\\/#primaryimage\"},\"thumbnailUrl\":\"https:\\\/\\\/radioljubuski.ba\\\/wp-content\\\/uploads\\\/2022\\\/04\\\/t-bk190422-mariupoljborbe-20220419065747.jpg\",\"datePublished\":\"2022-04-20T18:04:28+00:00\",\"dateModified\":\"2022-04-20T18:04:29+00:00\",\"breadcrumb\":{\"@id\":\"https:\\\/\\\/radioljubuski.ba\\\/index.php\\\/2022\\\/04\\\/20\\\/nema-predaje-mariupolja-nakon-isteka-ruskog-roka\\\/#breadcrumb\"},\"inLanguage\":\"hr\",\"potentialAction\":[{\"@type\":\"ReadAction\",\"target\":[\"https:\\\/\\\/radioljubuski.ba\\\/index.php\\\/2022\\\/04\\\/20\\\/nema-predaje-mariupolja-nakon-isteka-ruskog-roka\\\/\"]}]},{\"@type\":\"ImageObject\",\"inLanguage\":\"hr\",\"@id\":\"https:\\\/\\\/radioljubuski.ba\\\/index.php\\\/2022\\\/04\\\/20\\\/nema-predaje-mariupolja-nakon-isteka-ruskog-roka\\\/#primaryimage\",\"url\":\"https:\\\/\\\/radioljubuski.ba\\\/wp-content\\\/uploads\\\/2022\\\/04\\\/t-bk190422-mariupoljborbe-20220419065747.jpg\",\"contentUrl\":\"https:\\\/\\\/radioljubuski.ba\\\/wp-content\\\/uploads\\\/2022\\\/04\\\/t-bk190422-mariupoljborbe-20220419065747.jpg\",\"width\":1920,\"height\":1080},{\"@type\":\"BreadcrumbList\",\"@id\":\"https:\\\/\\\/radioljubuski.ba\\\/index.php\\\/2022\\\/04\\\/20\\\/nema-predaje-mariupolja-nakon-isteka-ruskog-roka\\\/#breadcrumb\",\"itemListElement\":[{\"@type\":\"ListItem\",\"position\":1,\"name\":\"Po\u010detna stranica\",\"item\":\"https:\\\/\\\/radioljubuski.ba\\\/\"},{\"@type\":\"ListItem\",\"position\":2,\"name\":\"Nema predaje Mariupolja nakon isteka ruskog roka\"}]},{\"@type\":\"WebSite\",\"@id\":\"https:\\\/\\\/radioljubuski.ba\\\/#website\",\"url\":\"https:\\\/\\\/radioljubuski.ba\\\/\",\"name\":\"Radio Ljubu\u0161ki\",\"description\":\"Sun\u010dana frekvencija Hercegovine\",\"publisher\":{\"@id\":\"https:\\\/\\\/radioljubuski.ba\\\/#organization\"},\"potentialAction\":[{\"@type\":\"SearchAction\",\"target\":{\"@type\":\"EntryPoint\",\"urlTemplate\":\"https:\\\/\\\/radioljubuski.ba\\\/?s={search_term_string}\"},\"query-input\":{\"@type\":\"PropertyValueSpecification\",\"valueRequired\":true,\"valueName\":\"search_term_string\"}}],\"inLanguage\":\"hr\"},{\"@type\":\"Organization\",\"@id\":\"https:\\\/\\\/radioljubuski.ba\\\/#organization\",\"name\":\"Radio Ljubu\u0161ki\",\"url\":\"https:\\\/\\\/radioljubuski.ba\\\/\",\"logo\":{\"@type\":\"ImageObject\",\"inLanguage\":\"hr\",\"@id\":\"https:\\\/\\\/radioljubuski.ba\\\/#\\\/schema\\\/logo\\\/image\\\/\",\"url\":\"https:\\\/\\\/radioljubuski.ba\\\/wp-content\\\/uploads\\\/2021\\\/02\\\/cropped-Radio_Ljubuski_logo1.jpg\",\"contentUrl\":\"https:\\\/\\\/radioljubuski.ba\\\/wp-content\\\/uploads\\\/2021\\\/02\\\/cropped-Radio_Ljubuski_logo1.jpg\",\"width\":512,\"height\":512,\"caption\":\"Radio Ljubu\u0161ki\"},\"image\":{\"@id\":\"https:\\\/\\\/radioljubuski.ba\\\/#\\\/schema\\\/logo\\\/image\\\/\"},\"sameAs\":[\"https:\\\/\\\/www.facebook.com\\\/Radiio-Ljubuski-1490835324566332\",\"https:\\\/\\\/x.com\\\/radioljubuski\",\"https:\\\/\\\/hr.linkedin.com\\\/company\\\/radio-ljubuski\",\"https:\\\/\\\/www.youtube.com\\\/channel\\\/UCHYaeO_n0Db3tjNGudGpXyw\"]},{\"@type\":\"Person\",\"@id\":\"https:\\\/\\\/radioljubuski.ba\\\/#\\\/schema\\\/person\\\/19fc700381a780f69665d7956c469e3b\",\"name\":\"Radio Ljubu\u0161ki\"}]}<\/script>\n<!-- \/ Yoast SEO plugin. -->","yoast_head_json":{"title":"Nema predaje Mariupolja nakon isteka ruskog roka - RADIO LJUBU\u0160KI","robots":{"index":"index","follow":"follow","max-snippet":"max-snippet:-1","max-image-preview":"max-image-preview:large","max-video-preview":"max-video-preview:-1"},"canonical":"https:\/\/radioljubuski.ba\/index.php\/2022\/04\/20\/nema-predaje-mariupolja-nakon-isteka-ruskog-roka\/","og_locale":"hr_HR","og_type":"article","og_title":"Nema predaje Mariupolja nakon isteka ruskog roka - RADIO LJUBU\u0160KI","og_description":"Ruski ultimatum ukrajinskim vojnicima u Mariupolju da se predaju ili \u0107e umrijeti istekao je u srijedu popodne bez masovne predaje, no zapovjednik jedinice za koju se vjeruje da jo\u0161 odolijeva napadu na opkoljeni grad rekao je da njegove snage mogu pre\u017eivjeti samo dane ili sate. Zapovjednik 36. brigade marinaca, jedne od posljednjih jedinica za koju [&hellip;]","og_url":"https:\/\/radioljubuski.ba\/index.php\/2022\/04\/20\/nema-predaje-mariupolja-nakon-isteka-ruskog-roka\/","og_site_name":"RADIO LJUBU\u0160KI","article_publisher":"https:\/\/www.facebook.com\/Radiio-Ljubuski-1490835324566332","article_published_time":"2022-04-20T18:04:28+00:00","article_modified_time":"2022-04-20T18:04:29+00:00","og_image":[{"width":1920,"height":1080,"url":"https:\/\/radioljubuski.ba\/wp-content\/uploads\/2022\/04\/t-bk190422-mariupoljborbe-20220419065747.jpg","type":"image\/jpeg"}],"author":"Radio Ljubu\u0161ki","twitter_card":"summary_large_image","twitter_creator":"@radioljubuski","twitter_site":"@radioljubuski","twitter_misc":{"Napisao\/la":"Radio Ljubu\u0161ki","Procijenjeno vrijeme \u010ditanja":"2 minute"},"schema":{"@context":"https:\/\/schema.org","@graph":[{"@type":"Article","@id":"https:\/\/radioljubuski.ba\/index.php\/2022\/04\/20\/nema-predaje-mariupolja-nakon-isteka-ruskog-roka\/#article","isPartOf":{"@id":"https:\/\/radioljubuski.ba\/index.php\/2022\/04\/20\/nema-predaje-mariupolja-nakon-isteka-ruskog-roka\/"},"author":{"name":"Radio Ljubu\u0161ki","@id":"https:\/\/radioljubuski.ba\/#\/schema\/person\/19fc700381a780f69665d7956c469e3b"},"headline":"Nema predaje Mariupolja nakon isteka ruskog roka","datePublished":"2022-04-20T18:04:28+00:00","dateModified":"2022-04-20T18:04:29+00:00","mainEntityOfPage":{"@id":"https:\/\/radioljubuski.ba\/index.php\/2022\/04\/20\/nema-predaje-mariupolja-nakon-isteka-ruskog-roka\/"},"wordCount":331,"publisher":{"@id":"https:\/\/radioljubuski.ba\/#organization"},"image":{"@id":"https:\/\/radioljubuski.ba\/index.php\/2022\/04\/20\/nema-predaje-mariupolja-nakon-isteka-ruskog-roka\/#primaryimage"},"thumbnailUrl":"https:\/\/radioljubuski.ba\/wp-content\/uploads\/2022\/04\/t-bk190422-mariupoljborbe-20220419065747.jpg","articleSection":["BIH i regija"],"inLanguage":"hr"},{"@type":"WebPage","@id":"https:\/\/radioljubuski.ba\/index.php\/2022\/04\/20\/nema-predaje-mariupolja-nakon-isteka-ruskog-roka\/","url":"https:\/\/radioljubuski.ba\/index.php\/2022\/04\/20\/nema-predaje-mariupolja-nakon-isteka-ruskog-roka\/","name":"Nema predaje Mariupolja nakon isteka ruskog roka - RADIO LJUBU\u0160KI","isPartOf":{"@id":"https:\/\/radioljubuski.ba\/#website"},"primaryImageOfPage":{"@id":"https:\/\/radioljubuski.ba\/index.php\/2022\/04\/20\/nema-predaje-mariupolja-nakon-isteka-ruskog-roka\/#primaryimage"},"image":{"@id":"https:\/\/radioljubuski.ba\/index.php\/2022\/04\/20\/nema-predaje-mariupolja-nakon-isteka-ruskog-roka\/#primaryimage"},"thumbnailUrl":"https:\/\/radioljubuski.ba\/wp-content\/uploads\/2022\/04\/t-bk190422-mariupoljborbe-20220419065747.jpg","datePublished":"2022-04-20T18:04:28+00:00","dateModified":"2022-04-20T18:04:29+00:00","breadcrumb":{"@id":"https:\/\/radioljubuski.ba\/index.php\/2022\/04\/20\/nema-predaje-mariupolja-nakon-isteka-ruskog-roka\/#breadcrumb"},"inLanguage":"hr","potentialAction":[{"@type":"ReadAction","target":["https:\/\/radioljubuski.ba\/index.php\/2022\/04\/20\/nema-predaje-mariupolja-nakon-isteka-ruskog-roka\/"]}]},{"@type":"ImageObject","inLanguage":"hr","@id":"https:\/\/radioljubuski.ba\/index.php\/2022\/04\/20\/nema-predaje-mariupolja-nakon-isteka-ruskog-roka\/#primaryimage","url":"https:\/\/radioljubuski.ba\/wp-content\/uploads\/2022\/04\/t-bk190422-mariupoljborbe-20220419065747.jpg","contentUrl":"https:\/\/radioljubuski.ba\/wp-content\/uploads\/2022\/04\/t-bk190422-mariupoljborbe-20220419065747.jpg","width":1920,"height":1080},{"@type":"BreadcrumbList","@id":"https:\/\/radioljubuski.ba\/index.php\/2022\/04\/20\/nema-predaje-mariupolja-nakon-isteka-ruskog-roka\/#breadcrumb","itemListElement":[{"@type":"ListItem","position":1,"name":"Po\u010detna stranica","item":"https:\/\/radioljubuski.ba\/"},{"@type":"ListItem","position":2,"name":"Nema predaje Mariupolja nakon isteka ruskog roka"}]},{"@type":"WebSite","@id":"https:\/\/radioljubuski.ba\/#website","url":"https:\/\/radioljubuski.ba\/","name":"Radio Ljubu\u0161ki","description":"Sun\u010dana frekvencija Hercegovine","publisher":{"@id":"https:\/\/radioljubuski.ba\/#organization"},"potentialAction":[{"@type":"SearchAction","target":{"@type":"EntryPoint","urlTemplate":"https:\/\/radioljubuski.ba\/?s={search_term_string}"},"query-input":{"@type":"PropertyValueSpecification","valueRequired":true,"valueName":"search_term_string"}}],"inLanguage":"hr"},{"@type":"Organization","@id":"https:\/\/radioljubuski.ba\/#organization","name":"Radio Ljubu\u0161ki","url":"https:\/\/radioljubuski.ba\/","logo":{"@type":"ImageObject","inLanguage":"hr","@id":"https:\/\/radioljubuski.ba\/#\/schema\/logo\/image\/","url":"https:\/\/radioljubuski.ba\/wp-content\/uploads\/2021\/02\/cropped-Radio_Ljubuski_logo1.jpg","contentUrl":"https:\/\/radioljubuski.ba\/wp-content\/uploads\/2021\/02\/cropped-Radio_Ljubuski_logo1.jpg","width":512,"height":512,"caption":"Radio Ljubu\u0161ki"},"image":{"@id":"https:\/\/radioljubuski.ba\/#\/schema\/logo\/image\/"},"sameAs":["https:\/\/www.facebook.com\/Radiio-Ljubuski-1490835324566332","https:\/\/x.com\/radioljubuski","https:\/\/hr.linkedin.com\/company\/radio-ljubuski","https:\/\/www.youtube.com\/channel\/UCHYaeO_n0Db3tjNGudGpXyw"]},{"@type":"Person","@id":"https:\/\/radioljubuski.ba\/#\/schema\/person\/19fc700381a780f69665d7956c469e3b","name":"Radio Ljubu\u0161ki"}]}},"_links":{"self":[{"href":"https:\/\/radioljubuski.ba\/index.php\/wp-json\/wp\/v2\/posts\/134609","targetHints":{"allow":["GET"]}}],"collection":[{"href":"https:\/\/radioljubuski.ba\/index.php\/wp-json\/wp\/v2\/posts"}],"about":[{"href":"https:\/\/radioljubuski.ba\/index.php\/wp-json\/wp\/v2\/types\/post"}],"author":[{"embeddable":true,"href":"https:\/\/radioljubuski.ba\/index.php\/wp-json\/wp\/v2\/users\/2"}],"replies":[{"embeddable":true,"href":"https:\/\/radioljubuski.ba\/index.php\/wp-json\/wp\/v2\/comments?post=134609"}],"version-history":[{"count":1,"href":"https:\/\/radioljubuski.ba\/index.php\/wp-json\/wp\/v2\/posts\/134609\/revisions"}],"predecessor-version":[{"id":134611,"href":"https:\/\/radioljubuski.ba\/index.php\/wp-json\/wp\/v2\/posts\/134609\/revisions\/134611"}],"wp:featuredmedia":[{"embeddable":true,"href":"https:\/\/radioljubuski.ba\/index.php\/wp-json\/wp\/v2\/media\/133969"}],"wp:attachment":[{"href":"https:\/\/radioljubuski.ba\/index.php\/wp-json\/wp\/v2\/media?parent=134609"}],"wp:term":[{"taxonomy":"category","embeddable":true,"href":"https:\/\/radioljubuski.ba\/index.php\/wp-json\/wp\/v2\/categories?post=134609"},{"taxonomy":"post_tag","embeddable":true,"href":"https:\/\/radioljubuski.ba\/index.php\/wp-json\/wp\/v2\/tags?post=134609"}],"curies":[{"name":"wp","href":"https:\/\/api.w.org\/{rel}","templated":true}]}}