{"id":13461,"date":"2021-04-16T10:52:29","date_gmt":"2021-04-16T09:52:29","guid":{"rendered":"https:\/\/radioljubuski.ba\/?p=13461"},"modified":"2021-04-16T10:52:29","modified_gmt":"2021-04-16T09:52:29","slug":"u-hrvatskoj-2698-novozarazenih-preminule-44-osobe","status":"publish","type":"post","link":"https:\/\/radioljubuski.ba\/index.php\/2021\/04\/16\/u-hrvatskoj-2698-novozarazenih-preminule-44-osobe\/","title":{"rendered":"U Hrvatskoj 2698 novozara\u017eenih, preminule 44 osobe"},"content":{"rendered":"\n<p>U posljednja 24 sata zabilje\u017eeno je 2698 novih slu\u010dajeva zaraze virusom SARS-CoV-2 te je broj aktivnih slu\u010dajeva u Hrvatskoj danas ukupno 16.053. Me\u0111u njima su 2.003 pacijenta na bolni\u010dkom lije\u010denju, od toga je na respiratoru 186 pacijenata.&nbsp;Preminule su 44 osobe, izvijestio je Nacionalni sto\u017eer civilne za\u0161tite.&nbsp;<\/p>\n\n\n\n<h4 class=\"wp-block-heading\">Priop\u0107enje Nacionalnog sto\u017eera<\/h4>\n\n\n\n<p>11:18<\/p>\n\n\n\n<p>U posljednja 24 sata zabilje\u017eeno je 2698 novih slu\u010dajeva zaraze virusom SARS-CoV-2 te je broj aktivnih slu\u010dajeva u Hrvatskoj danas ukupno 16.053. Me\u0111u njima su 2.003 pacijenta na bolni\u010dkom lije\u010denju, od toga je na respiratoru 186 pacijenata. Preminule su 44 osobe, izvijestio je Nacionalni sto\u017eer civilne za\u0161tite.<br><br>Od 25. velja\u010de 2020., kada je zabilje\u017een prvi slu\u010daj zaraze u Hrvatskoj, do danas ukupno je zabilje\u017eeno 303 598 osoba zara\u017eenih novim koronavirusom, od kojih je 6486 preminulo, ukupno se oporavilo 281 059 osoba od toga 1908 u posljednja 24 sata. U samoizolaciji je trenutno 31 195 osoba. Do danas je ukupno testirana 1 683 651 osoba, od toga 9 233 u posljednja 24 sata.<br><br>Zaklju\u010dno s 15. travnjem utro\u0161eno je 643 834 doza, a cijepljeno je 519 375 osoba. Prvom dozom cijepljene su 393 002 osobe, dok je drugom dozom cijepljeno 124 459 osobe. Za 1 914 osoba nema podataka kojom dozom su cijepljenje.<\/p>\n\n\n\n<h4 class=\"wp-block-heading\">Ministarstvo o anga\u017eiranju dobavlja\u010da za platformu CijepiSe<\/h4>\n\n\n\n<p>10:57<\/p>\n\n\n\n<p>Ministarstvo zdravstva je reagiralo na, kako navode, niz medijskih objava o netransparentnosti i pogodovanju odre\u0111enim dobavlja\u010dima koji su anga\u017eirani u izradi platforme CijepiSe ocijeniv\u0161i te napise tendencioznim.<br><br>&#8211; Tvrtke Ericsson Nikola Tesla, In2 i Cuspis anga\u017eirane su kroz postoje\u0107e ugovore za informacijske podsustave CEZIH-a potpisane po provedenim otvorenim postupcima javne nabave. Komponente platforme CijepiSe su naru\u010dene iz stavke adaptivnih sati u sklopu postoje\u0107ih ugovora, navodi se u priop\u0107enju.<\/p>\n\n\n\n<p><strong>Izvje\u0161\u0107a \u017eupanijskih sto\u017eera&nbsp;<\/strong><strong><br><br>\u25cf <\/strong>U <strong>Gradu Zagrebu <\/strong>zabilje\u017eeno je 619 novih slu\u010daja zaraze<br><strong>\u25cf <\/strong>U<strong> Primorsko-goranskoj \u017eupaniji <\/strong>323 novozara\u017eena, 6 umrlih&nbsp;<br>\u25cf U <strong>Zagreba\u010dkoj \u017eupaniji <\/strong>je 286 novozara\u017eenih osoba<br>\u25cf U <strong>Osje\u010dko-baranjskoj \u017eupaniji <\/strong>143 novozara\u017eena, 2 preminulih<br><strong>\u25cf <\/strong>U <strong>Zadarskoj \u017eupaniji <\/strong>142 su nova slu\u010daja zaraze&nbsp;<br>\u25cf U <strong>Dubrova\u010dko-neretvanskoj \u017eupaniji <\/strong>zabilje\u017eeno je 97 novih slu\u010dajeva<br><strong>\u25cf <\/strong>U<strong> Bjelovarsko-bilogorskoj \u017eupaniji <\/strong>50 novozra\u017eenih, jedan preminuli<br><strong>\u25cf <\/strong>U<strong> Po\u017ee\u0161ko-slavonskoj \u017eupaniji <\/strong>41 je novooboljeli&nbsp;<br>\u25cf U <strong>Koprivni\u010dko-kri\u017eeva\u010dkoj<\/strong>&nbsp;\u017eupaniji 24 su nova slu\u010daja<br><strong>\u25cf <\/strong>U<strong> Sisa\u010dko-moslava\u010dkoj \u017eupaniji <\/strong>19 je novooboljelih<br>\u25cf U <strong>Istarskoj \u017eupaniji<\/strong> potvr\u0111eno je 19 novozara\u017eenih osoba<\/p>\n\n\n\n<h4 class=\"wp-block-heading\">Jednoglasna odluka zagreba\u010dkog sto\u017eera<\/h4>\n\n\n\n<p>09:52<\/p>\n\n\n\n<p>Sto\u017eer civilne za\u0161tite Grada Zagreba, na prijedlog Gradskog ureda za obrazovanje a sukladno epidemiolo\u0161koj situaciji u obrazovnom sustavu, donio je Zaklju\u010dak o organizaciji nastave u osnovnim i srednjim \u0161kolama na podru\u010dju Grada Zagreba u tjednu od 19. do 23. travnja 2021. Sukladno navedenom, nastava \u0107e se odr\u017eavati po sljede\u0107im modelima:<br><br>\u2022 za u\u010denike od 1. do 8. razreda osnovnih \u0161kola, kao i za u\u010denike zavr\u0161nih 4. razreda gimnazija i strukovnih \u0161kola te 5. razreda medicinskih \u0161kola nastava \u0107e se organizirati prema modelu A, odnosno u\u017eivo u \u0161kolama;<\/p>\n\n\n\n<p>\u2022 za u\u010denike preostalih razreda srednjih \u0161kola nastava \u0107e se organizirati prema modelu C, odnosno na daljinu;<br>\u2022 u glazbenim \u0161kolama individualna nastava instrumenta odr\u017eavat \u0107e se prema modelu A za sve u\u010denike.<\/p>\n\n\n\n<h4 class=\"wp-block-heading\">Potrebna i tre\u0107a doza<\/h4>\n\n\n\n<p>08:03<\/p>\n\n\n\n<p>Izvr\u0161ni direktor ameri\u010dke farmaceutske tvrtke Pfizer kazao je kako \u0107e ljudima najvjerojatnije trebati tre\u0107a doza cjepiva protiv koronavirusa 6 do 12 mjeseci od cijepljenja, kao i docjepljivanje svake godine zbog pojave novih varijanti koronavirusa.<br><br>&#8211; Moramo vidjeti kakav \u0107e biti plan cijepljenja i kako \u0107emo to \u010desto trebati &#8211; to trebamo vidjeti. Iznimno je va\u017eno smanjiti broj ljudi koji se mogu zaraziti, rekao je <strong>Albert Bourla <\/strong>za CNBC dodaju\u0107i da \u0107e varijante koronavirusa &#8220;igrati presudnu ulogu&#8221;. Znanstvenici u ovom tenutku ne znaju to\u010dno koliko dugo traje za\u0161tita od cjepiva, a prva istra\u017eivanja pokazuju da je to razdoblje \u0161est mjeseci.<\/p>\n\n\n\n<h4 class=\"wp-block-heading\">Zagreb: Povratak u \u0161kolske klupe<\/h4>\n\n\n\n<p>07:52<\/p>\n\n\n\n<p>Odluka o modelu nastave je u domeni lokalnih sto\u017eera, u ovom slu\u010daju grada Zagreba. Gradski ured za obrazovanje poslao je ju\u010der prijedlog vezan uz model nastave u sljede\u0107em tjednu, a u njemu je predvi\u0111eno da se u \u0161kolske klupe vrate u\u010denici od 5. do 8. razreda osnovne \u0161kole, rekao je Ivica Lovri\u0107, pro\u010delnik Gradskog ureda za obrazovanje grada Zagreba, gostuju\u0107i u emisiji Hrvatskog radija &#8220;U mre\u017ei Prvog&#8221;.<\/p>\n\n\n\n<h4 class=\"wp-block-heading\">Zaklju\u010dci Znanstvenog vije\u0107a<\/h4>\n\n\n\n<p>06:47<\/p>\n\n\n\n<p>Nakon vi\u0161e od dva mjeseca sastao se Vladin Znanstveni savjet i zaklju\u010dio da ne\u0107e biti popu\u0161tanja epidemiolo\u0161kih mjera. U pojedinim lokalnim sredinama danas se o\u010dekuju odluke prema kojem \u0107e modelu u\u010denici pratiti nastavu idu\u0107eg tjedna.<\/p>\n\n\n\n<p>Izvor.hrt.hr<\/p>\n","protected":false},"excerpt":{"rendered":"<p>U posljednja 24 sata zabilje\u017eeno je 2698 novih slu\u010dajeva zaraze virusom SARS-CoV-2 te je broj aktivnih slu\u010dajeva u Hrvatskoj danas ukupno 16.053. Me\u0111u njima su 2.003 pacijenta na bolni\u010dkom lije\u010denju, od toga je na respiratoru 186 pacijenata.&nbsp;Preminule su 44 osobe, izvijestio je Nacionalni sto\u017eer civilne za\u0161tite.&nbsp; Priop\u0107enje Nacionalnog sto\u017eera 11:18 U posljednja 24 sata zabilje\u017eeno [&hellip;]<\/p>\n","protected":false},"author":2,"featured_media":13462,"comment_status":"closed","ping_status":"closed","sticky":false,"template":"","format":"standard","meta":{"h5ap_radio_sources":[],"footnotes":""},"categories":[1],"tags":[],"class_list":["post-13461","post","type-post","status-publish","format-standard","has-post-thumbnail","hentry","category-bihiregija"],"yoast_head":"<!-- This site is optimized with the Yoast SEO plugin v27.5 - https:\/\/yoast.com\/product\/yoast-seo-wordpress\/ -->\n<title>U Hrvatskoj 2698 novozara\u017eenih, preminule 44 osobe - RADIO LJUBU\u0160KI<\/title>\n<meta name=\"robots\" content=\"index, follow, max-snippet:-1, max-image-preview:large, max-video-preview:-1\" \/>\n<link rel=\"canonical\" href=\"https:\/\/radioljubuski.ba\/index.php\/2021\/04\/16\/u-hrvatskoj-2698-novozarazenih-preminule-44-osobe\/\" \/>\n<meta property=\"og:locale\" content=\"hr_HR\" \/>\n<meta property=\"og:type\" content=\"article\" \/>\n<meta property=\"og:title\" content=\"U Hrvatskoj 2698 novozara\u017eenih, preminule 44 osobe - RADIO LJUBU\u0160KI\" \/>\n<meta property=\"og:description\" content=\"U posljednja 24 sata zabilje\u017eeno je 2698 novih slu\u010dajeva zaraze virusom SARS-CoV-2 te je broj aktivnih slu\u010dajeva u Hrvatskoj danas ukupno 16.053. Me\u0111u njima su 2.003 pacijenta na bolni\u010dkom lije\u010denju, od toga je na respiratoru 186 pacijenata.&nbsp;Preminule su 44 osobe, izvijestio je Nacionalni sto\u017eer civilne za\u0161tite.&nbsp; Priop\u0107enje Nacionalnog sto\u017eera 11:18 U posljednja 24 sata zabilje\u017eeno [&hellip;]\" \/>\n<meta property=\"og:url\" content=\"https:\/\/radioljubuski.ba\/index.php\/2021\/04\/16\/u-hrvatskoj-2698-novozarazenih-preminule-44-osobe\/\" \/>\n<meta property=\"og:site_name\" content=\"RADIO LJUBU\u0160KI\" \/>\n<meta property=\"article:publisher\" content=\"https:\/\/www.facebook.com\/Radiio-Ljubuski-1490835324566332\" \/>\n<meta property=\"article:published_time\" content=\"2021-04-16T09:52:29+00:00\" \/>\n<meta property=\"og:image\" content=\"https:\/\/radioljubuski.ba\/wp-content\/uploads\/2021\/04\/33-25.png\" \/>\n\t<meta property=\"og:image:width\" content=\"647\" \/>\n\t<meta property=\"og:image:height\" content=\"360\" \/>\n\t<meta property=\"og:image:type\" content=\"image\/png\" \/>\n<meta name=\"author\" content=\"Radio Ljubu\u0161ki\" \/>\n<meta name=\"twitter:card\" content=\"summary_large_image\" \/>\n<meta name=\"twitter:creator\" content=\"@radioljubuski\" \/>\n<meta name=\"twitter:site\" content=\"@radioljubuski\" \/>\n<meta name=\"twitter:label1\" content=\"Napisao\/la\" \/>\n\t<meta name=\"twitter:data1\" content=\"Radio Ljubu\u0161ki\" \/>\n\t<meta name=\"twitter:label2\" content=\"Procijenjeno vrijeme \u010ditanja\" \/>\n\t<meta name=\"twitter:data2\" content=\"4 minute\" \/>\n<script type=\"application\/ld+json\" class=\"yoast-schema-graph\">{\"@context\":\"https:\\\/\\\/schema.org\",\"@graph\":[{\"@type\":\"Article\",\"@id\":\"https:\\\/\\\/radioljubuski.ba\\\/index.php\\\/2021\\\/04\\\/16\\\/u-hrvatskoj-2698-novozarazenih-preminule-44-osobe\\\/#article\",\"isPartOf\":{\"@id\":\"https:\\\/\\\/radioljubuski.ba\\\/index.php\\\/2021\\\/04\\\/16\\\/u-hrvatskoj-2698-novozarazenih-preminule-44-osobe\\\/\"},\"author\":{\"name\":\"Radio Ljubu\u0161ki\",\"@id\":\"https:\\\/\\\/radioljubuski.ba\\\/#\\\/schema\\\/person\\\/19fc700381a780f69665d7956c469e3b\"},\"headline\":\"U Hrvatskoj 2698 novozara\u017eenih, preminule 44 osobe\",\"datePublished\":\"2021-04-16T09:52:29+00:00\",\"mainEntityOfPage\":{\"@id\":\"https:\\\/\\\/radioljubuski.ba\\\/index.php\\\/2021\\\/04\\\/16\\\/u-hrvatskoj-2698-novozarazenih-preminule-44-osobe\\\/\"},\"wordCount\":750,\"publisher\":{\"@id\":\"https:\\\/\\\/radioljubuski.ba\\\/#organization\"},\"image\":{\"@id\":\"https:\\\/\\\/radioljubuski.ba\\\/index.php\\\/2021\\\/04\\\/16\\\/u-hrvatskoj-2698-novozarazenih-preminule-44-osobe\\\/#primaryimage\"},\"thumbnailUrl\":\"https:\\\/\\\/radioljubuski.ba\\\/wp-content\\\/uploads\\\/2021\\\/04\\\/33-25.png\",\"articleSection\":[\"BIH i regija\"],\"inLanguage\":\"hr\"},{\"@type\":\"WebPage\",\"@id\":\"https:\\\/\\\/radioljubuski.ba\\\/index.php\\\/2021\\\/04\\\/16\\\/u-hrvatskoj-2698-novozarazenih-preminule-44-osobe\\\/\",\"url\":\"https:\\\/\\\/radioljubuski.ba\\\/index.php\\\/2021\\\/04\\\/16\\\/u-hrvatskoj-2698-novozarazenih-preminule-44-osobe\\\/\",\"name\":\"U Hrvatskoj 2698 novozara\u017eenih, preminule 44 osobe - RADIO LJUBU\u0160KI\",\"isPartOf\":{\"@id\":\"https:\\\/\\\/radioljubuski.ba\\\/#website\"},\"primaryImageOfPage\":{\"@id\":\"https:\\\/\\\/radioljubuski.ba\\\/index.php\\\/2021\\\/04\\\/16\\\/u-hrvatskoj-2698-novozarazenih-preminule-44-osobe\\\/#primaryimage\"},\"image\":{\"@id\":\"https:\\\/\\\/radioljubuski.ba\\\/index.php\\\/2021\\\/04\\\/16\\\/u-hrvatskoj-2698-novozarazenih-preminule-44-osobe\\\/#primaryimage\"},\"thumbnailUrl\":\"https:\\\/\\\/radioljubuski.ba\\\/wp-content\\\/uploads\\\/2021\\\/04\\\/33-25.png\",\"datePublished\":\"2021-04-16T09:52:29+00:00\",\"breadcrumb\":{\"@id\":\"https:\\\/\\\/radioljubuski.ba\\\/index.php\\\/2021\\\/04\\\/16\\\/u-hrvatskoj-2698-novozarazenih-preminule-44-osobe\\\/#breadcrumb\"},\"inLanguage\":\"hr\",\"potentialAction\":[{\"@type\":\"ReadAction\",\"target\":[\"https:\\\/\\\/radioljubuski.ba\\\/index.php\\\/2021\\\/04\\\/16\\\/u-hrvatskoj-2698-novozarazenih-preminule-44-osobe\\\/\"]}]},{\"@type\":\"ImageObject\",\"inLanguage\":\"hr\",\"@id\":\"https:\\\/\\\/radioljubuski.ba\\\/index.php\\\/2021\\\/04\\\/16\\\/u-hrvatskoj-2698-novozarazenih-preminule-44-osobe\\\/#primaryimage\",\"url\":\"https:\\\/\\\/radioljubuski.ba\\\/wp-content\\\/uploads\\\/2021\\\/04\\\/33-25.png\",\"contentUrl\":\"https:\\\/\\\/radioljubuski.ba\\\/wp-content\\\/uploads\\\/2021\\\/04\\\/33-25.png\",\"width\":647,\"height\":360},{\"@type\":\"BreadcrumbList\",\"@id\":\"https:\\\/\\\/radioljubuski.ba\\\/index.php\\\/2021\\\/04\\\/16\\\/u-hrvatskoj-2698-novozarazenih-preminule-44-osobe\\\/#breadcrumb\",\"itemListElement\":[{\"@type\":\"ListItem\",\"position\":1,\"name\":\"Po\u010detna stranica\",\"item\":\"https:\\\/\\\/radioljubuski.ba\\\/\"},{\"@type\":\"ListItem\",\"position\":2,\"name\":\"U Hrvatskoj 2698 novozara\u017eenih, preminule 44 osobe\"}]},{\"@type\":\"WebSite\",\"@id\":\"https:\\\/\\\/radioljubuski.ba\\\/#website\",\"url\":\"https:\\\/\\\/radioljubuski.ba\\\/\",\"name\":\"Radio Ljubu\u0161ki\",\"description\":\"Sun\u010dana frekvencija Hercegovine\",\"publisher\":{\"@id\":\"https:\\\/\\\/radioljubuski.ba\\\/#organization\"},\"potentialAction\":[{\"@type\":\"SearchAction\",\"target\":{\"@type\":\"EntryPoint\",\"urlTemplate\":\"https:\\\/\\\/radioljubuski.ba\\\/?s={search_term_string}\"},\"query-input\":{\"@type\":\"PropertyValueSpecification\",\"valueRequired\":true,\"valueName\":\"search_term_string\"}}],\"inLanguage\":\"hr\"},{\"@type\":\"Organization\",\"@id\":\"https:\\\/\\\/radioljubuski.ba\\\/#organization\",\"name\":\"Radio Ljubu\u0161ki\",\"url\":\"https:\\\/\\\/radioljubuski.ba\\\/\",\"logo\":{\"@type\":\"ImageObject\",\"inLanguage\":\"hr\",\"@id\":\"https:\\\/\\\/radioljubuski.ba\\\/#\\\/schema\\\/logo\\\/image\\\/\",\"url\":\"https:\\\/\\\/radioljubuski.ba\\\/wp-content\\\/uploads\\\/2021\\\/02\\\/cropped-Radio_Ljubuski_logo1.jpg\",\"contentUrl\":\"https:\\\/\\\/radioljubuski.ba\\\/wp-content\\\/uploads\\\/2021\\\/02\\\/cropped-Radio_Ljubuski_logo1.jpg\",\"width\":512,\"height\":512,\"caption\":\"Radio Ljubu\u0161ki\"},\"image\":{\"@id\":\"https:\\\/\\\/radioljubuski.ba\\\/#\\\/schema\\\/logo\\\/image\\\/\"},\"sameAs\":[\"https:\\\/\\\/www.facebook.com\\\/Radiio-Ljubuski-1490835324566332\",\"https:\\\/\\\/x.com\\\/radioljubuski\",\"https:\\\/\\\/hr.linkedin.com\\\/company\\\/radio-ljubuski\",\"https:\\\/\\\/www.youtube.com\\\/channel\\\/UCHYaeO_n0Db3tjNGudGpXyw\"]},{\"@type\":\"Person\",\"@id\":\"https:\\\/\\\/radioljubuski.ba\\\/#\\\/schema\\\/person\\\/19fc700381a780f69665d7956c469e3b\",\"name\":\"Radio Ljubu\u0161ki\"}]}<\/script>\n<!-- \/ Yoast SEO plugin. -->","yoast_head_json":{"title":"U Hrvatskoj 2698 novozara\u017eenih, preminule 44 osobe - RADIO LJUBU\u0160KI","robots":{"index":"index","follow":"follow","max-snippet":"max-snippet:-1","max-image-preview":"max-image-preview:large","max-video-preview":"max-video-preview:-1"},"canonical":"https:\/\/radioljubuski.ba\/index.php\/2021\/04\/16\/u-hrvatskoj-2698-novozarazenih-preminule-44-osobe\/","og_locale":"hr_HR","og_type":"article","og_title":"U Hrvatskoj 2698 novozara\u017eenih, preminule 44 osobe - RADIO LJUBU\u0160KI","og_description":"U posljednja 24 sata zabilje\u017eeno je 2698 novih slu\u010dajeva zaraze virusom SARS-CoV-2 te je broj aktivnih slu\u010dajeva u Hrvatskoj danas ukupno 16.053. Me\u0111u njima su 2.003 pacijenta na bolni\u010dkom lije\u010denju, od toga je na respiratoru 186 pacijenata.&nbsp;Preminule su 44 osobe, izvijestio je Nacionalni sto\u017eer civilne za\u0161tite.&nbsp; Priop\u0107enje Nacionalnog sto\u017eera 11:18 U posljednja 24 sata zabilje\u017eeno [&hellip;]","og_url":"https:\/\/radioljubuski.ba\/index.php\/2021\/04\/16\/u-hrvatskoj-2698-novozarazenih-preminule-44-osobe\/","og_site_name":"RADIO LJUBU\u0160KI","article_publisher":"https:\/\/www.facebook.com\/Radiio-Ljubuski-1490835324566332","article_published_time":"2021-04-16T09:52:29+00:00","og_image":[{"width":647,"height":360,"url":"https:\/\/radioljubuski.ba\/wp-content\/uploads\/2021\/04\/33-25.png","type":"image\/png"}],"author":"Radio Ljubu\u0161ki","twitter_card":"summary_large_image","twitter_creator":"@radioljubuski","twitter_site":"@radioljubuski","twitter_misc":{"Napisao\/la":"Radio Ljubu\u0161ki","Procijenjeno vrijeme \u010ditanja":"4 minute"},"schema":{"@context":"https:\/\/schema.org","@graph":[{"@type":"Article","@id":"https:\/\/radioljubuski.ba\/index.php\/2021\/04\/16\/u-hrvatskoj-2698-novozarazenih-preminule-44-osobe\/#article","isPartOf":{"@id":"https:\/\/radioljubuski.ba\/index.php\/2021\/04\/16\/u-hrvatskoj-2698-novozarazenih-preminule-44-osobe\/"},"author":{"name":"Radio Ljubu\u0161ki","@id":"https:\/\/radioljubuski.ba\/#\/schema\/person\/19fc700381a780f69665d7956c469e3b"},"headline":"U Hrvatskoj 2698 novozara\u017eenih, preminule 44 osobe","datePublished":"2021-04-16T09:52:29+00:00","mainEntityOfPage":{"@id":"https:\/\/radioljubuski.ba\/index.php\/2021\/04\/16\/u-hrvatskoj-2698-novozarazenih-preminule-44-osobe\/"},"wordCount":750,"publisher":{"@id":"https:\/\/radioljubuski.ba\/#organization"},"image":{"@id":"https:\/\/radioljubuski.ba\/index.php\/2021\/04\/16\/u-hrvatskoj-2698-novozarazenih-preminule-44-osobe\/#primaryimage"},"thumbnailUrl":"https:\/\/radioljubuski.ba\/wp-content\/uploads\/2021\/04\/33-25.png","articleSection":["BIH i regija"],"inLanguage":"hr"},{"@type":"WebPage","@id":"https:\/\/radioljubuski.ba\/index.php\/2021\/04\/16\/u-hrvatskoj-2698-novozarazenih-preminule-44-osobe\/","url":"https:\/\/radioljubuski.ba\/index.php\/2021\/04\/16\/u-hrvatskoj-2698-novozarazenih-preminule-44-osobe\/","name":"U Hrvatskoj 2698 novozara\u017eenih, preminule 44 osobe - RADIO LJUBU\u0160KI","isPartOf":{"@id":"https:\/\/radioljubuski.ba\/#website"},"primaryImageOfPage":{"@id":"https:\/\/radioljubuski.ba\/index.php\/2021\/04\/16\/u-hrvatskoj-2698-novozarazenih-preminule-44-osobe\/#primaryimage"},"image":{"@id":"https:\/\/radioljubuski.ba\/index.php\/2021\/04\/16\/u-hrvatskoj-2698-novozarazenih-preminule-44-osobe\/#primaryimage"},"thumbnailUrl":"https:\/\/radioljubuski.ba\/wp-content\/uploads\/2021\/04\/33-25.png","datePublished":"2021-04-16T09:52:29+00:00","breadcrumb":{"@id":"https:\/\/radioljubuski.ba\/index.php\/2021\/04\/16\/u-hrvatskoj-2698-novozarazenih-preminule-44-osobe\/#breadcrumb"},"inLanguage":"hr","potentialAction":[{"@type":"ReadAction","target":["https:\/\/radioljubuski.ba\/index.php\/2021\/04\/16\/u-hrvatskoj-2698-novozarazenih-preminule-44-osobe\/"]}]},{"@type":"ImageObject","inLanguage":"hr","@id":"https:\/\/radioljubuski.ba\/index.php\/2021\/04\/16\/u-hrvatskoj-2698-novozarazenih-preminule-44-osobe\/#primaryimage","url":"https:\/\/radioljubuski.ba\/wp-content\/uploads\/2021\/04\/33-25.png","contentUrl":"https:\/\/radioljubuski.ba\/wp-content\/uploads\/2021\/04\/33-25.png","width":647,"height":360},{"@type":"BreadcrumbList","@id":"https:\/\/radioljubuski.ba\/index.php\/2021\/04\/16\/u-hrvatskoj-2698-novozarazenih-preminule-44-osobe\/#breadcrumb","itemListElement":[{"@type":"ListItem","position":1,"name":"Po\u010detna stranica","item":"https:\/\/radioljubuski.ba\/"},{"@type":"ListItem","position":2,"name":"U Hrvatskoj 2698 novozara\u017eenih, preminule 44 osobe"}]},{"@type":"WebSite","@id":"https:\/\/radioljubuski.ba\/#website","url":"https:\/\/radioljubuski.ba\/","name":"Radio Ljubu\u0161ki","description":"Sun\u010dana frekvencija Hercegovine","publisher":{"@id":"https:\/\/radioljubuski.ba\/#organization"},"potentialAction":[{"@type":"SearchAction","target":{"@type":"EntryPoint","urlTemplate":"https:\/\/radioljubuski.ba\/?s={search_term_string}"},"query-input":{"@type":"PropertyValueSpecification","valueRequired":true,"valueName":"search_term_string"}}],"inLanguage":"hr"},{"@type":"Organization","@id":"https:\/\/radioljubuski.ba\/#organization","name":"Radio Ljubu\u0161ki","url":"https:\/\/radioljubuski.ba\/","logo":{"@type":"ImageObject","inLanguage":"hr","@id":"https:\/\/radioljubuski.ba\/#\/schema\/logo\/image\/","url":"https:\/\/radioljubuski.ba\/wp-content\/uploads\/2021\/02\/cropped-Radio_Ljubuski_logo1.jpg","contentUrl":"https:\/\/radioljubuski.ba\/wp-content\/uploads\/2021\/02\/cropped-Radio_Ljubuski_logo1.jpg","width":512,"height":512,"caption":"Radio Ljubu\u0161ki"},"image":{"@id":"https:\/\/radioljubuski.ba\/#\/schema\/logo\/image\/"},"sameAs":["https:\/\/www.facebook.com\/Radiio-Ljubuski-1490835324566332","https:\/\/x.com\/radioljubuski","https:\/\/hr.linkedin.com\/company\/radio-ljubuski","https:\/\/www.youtube.com\/channel\/UCHYaeO_n0Db3tjNGudGpXyw"]},{"@type":"Person","@id":"https:\/\/radioljubuski.ba\/#\/schema\/person\/19fc700381a780f69665d7956c469e3b","name":"Radio Ljubu\u0161ki"}]}},"_links":{"self":[{"href":"https:\/\/radioljubuski.ba\/index.php\/wp-json\/wp\/v2\/posts\/13461","targetHints":{"allow":["GET"]}}],"collection":[{"href":"https:\/\/radioljubuski.ba\/index.php\/wp-json\/wp\/v2\/posts"}],"about":[{"href":"https:\/\/radioljubuski.ba\/index.php\/wp-json\/wp\/v2\/types\/post"}],"author":[{"embeddable":true,"href":"https:\/\/radioljubuski.ba\/index.php\/wp-json\/wp\/v2\/users\/2"}],"replies":[{"embeddable":true,"href":"https:\/\/radioljubuski.ba\/index.php\/wp-json\/wp\/v2\/comments?post=13461"}],"version-history":[{"count":1,"href":"https:\/\/radioljubuski.ba\/index.php\/wp-json\/wp\/v2\/posts\/13461\/revisions"}],"predecessor-version":[{"id":13463,"href":"https:\/\/radioljubuski.ba\/index.php\/wp-json\/wp\/v2\/posts\/13461\/revisions\/13463"}],"wp:featuredmedia":[{"embeddable":true,"href":"https:\/\/radioljubuski.ba\/index.php\/wp-json\/wp\/v2\/media\/13462"}],"wp:attachment":[{"href":"https:\/\/radioljubuski.ba\/index.php\/wp-json\/wp\/v2\/media?parent=13461"}],"wp:term":[{"taxonomy":"category","embeddable":true,"href":"https:\/\/radioljubuski.ba\/index.php\/wp-json\/wp\/v2\/categories?post=13461"},{"taxonomy":"post_tag","embeddable":true,"href":"https:\/\/radioljubuski.ba\/index.php\/wp-json\/wp\/v2\/tags?post=13461"}],"curies":[{"name":"wp","href":"https:\/\/api.w.org\/{rel}","templated":true}]}}