{"id":134637,"date":"2022-04-21T08:42:38","date_gmt":"2022-04-21T07:42:38","guid":{"rendered":"https:\/\/radioljubuski.ba\/?p=134637"},"modified":"2022-04-21T08:42:39","modified_gmt":"2022-04-21T07:42:39","slug":"treba-nam-puna-zatika-da-nam-da-vjetar-u-leda","status":"publish","type":"post","link":"https:\/\/radioljubuski.ba\/index.php\/2022\/04\/21\/treba-nam-puna-zatika-da-nam-da-vjetar-u-leda\/","title":{"rendered":"&#8220;Treba nam puna \u017datika da nam da vjetar u le\u0111a&#8221;"},"content":{"rendered":"\n<p>&#8211; Ovo je utakmica koja je i jednima i drugima zna\u010dila sve, vi\u0161e nama. Dana\u0161nja utakmica nije bila &#8220;mo\u017eda&#8221;, ve\u0107 je dana\u0161nja utakmica bila &#8220;mora\u0161 pobijediti&#8221;, rekao je izbornik hrvatskih rukometa\u0161ica\u00a0<strong>Nenad \u0160o\u0161tari\u0107<\/strong>\u00a0nakon pobjede nad Ukrajinom 26:19 u susretu 5. kola kvalifikacija za EURO 2022.<\/p>\n\n\n\n<p>Hrvatska je odigrala dva razli\u010dita poluvremena. U prvom se dosta mu\u010dila, u drugom je pak bila odli\u010dna.<\/p>\n\n\n\n<p>&#8211; Imali smo proma\u0161aja u startu, znali smo da Ukrajina ne\u0107e nikada odustati jer to nije njihov stil. Ja mogu samo \u010destitati curama na onome \u0161to su pru\u017eile jer su dale sve od sebe.&nbsp;<\/p>\n\n\n\n<p>Hrvatska je stigla na korak do odlaska na to europsku smotru. Za to \u0107e joj trebati pobjeda protiv \u010ce\u0161ke u nedjelju 24. travnja u Pore\u010du.<\/p>\n\n\n\n<p>&#8211; Od ovog trenutka okre\u0107emo se \u010ce\u0161koj. U prvoj utakmici je bilo li-la. Volio bih da zavr\u0161etak bude isti, ali da tijek same utakmice ne bude takav da oni vode pet razlike pa da ih mi lovimo. Jedna vrlo kvalitetna ekipa. Mi vjerujemo u sebe, igramo doma i znamo \u0161to ta utakmica nosi i, kao obi\u010dno, idemo na pobjedu. Treba nam da se \u017datika napuni do vrha i da nam taj vjetar u le\u0111a.\u00a0<\/p>\n\n\n\n<p>Na na\u0161im vratima briljirala je<strong>&nbsp;Ivana Kapitanovi\u0107<\/strong>, koja je na kraju imala \u010dak 17 obrana.<\/p>\n\n\n\n<p>&#8211; Mislim da smo nekako cijelu utakmicu ostali mirni. Bili smo prvo poluvrijeme u egalu, onako na po\u010detku je to malo mo\u017eda bilo emotivno za Ukrajinu. Mi smo mo\u017eda malo pale. Bilo nam je \u017eao, krivo. Mislim da smo u drugom poluvremenu smo tr\u010dale bolje, bile smo agresivnije u obrani i rezultat je oti\u0161ao na na\u0161u stranu i to je to.&nbsp;<\/p>\n\n\n\n<p>Kapitanovi\u0107 je tako\u0111er pozvala navija\u010de da ih podr\u017ee protiv \u010cehinja: &#8211; Ja pozivam sve, nadam se da \u0107emo odigrati ovakvu partiju, bar dva puta drugo poluvrijeme kao \u0161to smo igrali sad ovdje. Jako nam je bitno, vidjeli ste veselili smo se, ali nismo se puno veselili zato \u0161to znao \u0161to nas jo\u0161 \u010deka. Znamo da je \u010ce\u0161ka prekvalitetna ekipa. Ako smo ovdje zapeli, s njima \u0107emo trebati jo\u0161 vi\u0161e zapeti.\u00a0<\/p>\n\n\n\n<p>izvor: hrt.hr<\/p>\n","protected":false},"excerpt":{"rendered":"<p>&#8211; Ovo je utakmica koja je i jednima i drugima zna\u010dila sve, vi\u0161e nama. Dana\u0161nja utakmica nije bila &#8220;mo\u017eda&#8221;, ve\u0107 je dana\u0161nja utakmica bila &#8220;mora\u0161 pobijediti&#8221;, rekao je izbornik hrvatskih rukometa\u0161ica\u00a0Nenad \u0160o\u0161tari\u0107\u00a0nakon pobjede nad Ukrajinom 26:19 u susretu 5. kola kvalifikacija za EURO 2022. Hrvatska je odigrala dva razli\u010dita poluvremena. U prvom se dosta mu\u010dila, [&hellip;]<\/p>\n","protected":false},"author":2,"featured_media":134638,"comment_status":"closed","ping_status":"closed","sticky":false,"template":"","format":"standard","meta":{"h5ap_radio_sources":[],"footnotes":""},"categories":[7],"tags":[],"class_list":["post-134637","post","type-post","status-publish","format-standard","has-post-thumbnail","hentry","category-sport"],"yoast_head":"<!-- This site is optimized with the Yoast SEO plugin v27.4 - https:\/\/yoast.com\/product\/yoast-seo-wordpress\/ -->\n<title>&quot;Treba nam puna \u017datika da nam da vjetar u le\u0111a&quot; - RADIO LJUBU\u0160KI<\/title>\n<meta name=\"robots\" content=\"index, follow, max-snippet:-1, max-image-preview:large, max-video-preview:-1\" \/>\n<link rel=\"canonical\" href=\"https:\/\/radioljubuski.ba\/index.php\/2022\/04\/21\/treba-nam-puna-zatika-da-nam-da-vjetar-u-leda\/\" \/>\n<meta property=\"og:locale\" content=\"hr_HR\" \/>\n<meta property=\"og:type\" content=\"article\" \/>\n<meta property=\"og:title\" content=\"&quot;Treba nam puna \u017datika da nam da vjetar u le\u0111a&quot; - RADIO LJUBU\u0160KI\" \/>\n<meta property=\"og:description\" content=\"&#8211; Ovo je utakmica koja je i jednima i drugima zna\u010dila sve, vi\u0161e nama. Dana\u0161nja utakmica nije bila &#8220;mo\u017eda&#8221;, ve\u0107 je dana\u0161nja utakmica bila &#8220;mora\u0161 pobijediti&#8221;, rekao je izbornik hrvatskih rukometa\u0161ica\u00a0Nenad \u0160o\u0161tari\u0107\u00a0nakon pobjede nad Ukrajinom 26:19 u susretu 5. kola kvalifikacija za EURO 2022. Hrvatska je odigrala dva razli\u010dita poluvremena. U prvom se dosta mu\u010dila, [&hellip;]\" \/>\n<meta property=\"og:url\" content=\"https:\/\/radioljubuski.ba\/index.php\/2022\/04\/21\/treba-nam-puna-zatika-da-nam-da-vjetar-u-leda\/\" \/>\n<meta property=\"og:site_name\" content=\"RADIO LJUBU\u0160KI\" \/>\n<meta property=\"article:publisher\" content=\"https:\/\/www.facebook.com\/Radiio-Ljubuski-1490835324566332\" \/>\n<meta property=\"article:published_time\" content=\"2022-04-21T07:42:38+00:00\" \/>\n<meta property=\"article:modified_time\" content=\"2022-04-21T07:42:39+00:00\" \/>\n<meta property=\"og:image\" content=\"https:\/\/radioljubuski.ba\/wp-content\/uploads\/2022\/04\/zrr.jpg\" \/>\n\t<meta property=\"og:image:width\" content=\"310\" \/>\n\t<meta property=\"og:image:height\" content=\"163\" \/>\n\t<meta property=\"og:image:type\" content=\"image\/jpeg\" \/>\n<meta name=\"author\" content=\"Radio Ljubu\u0161ki\" \/>\n<meta name=\"twitter:card\" content=\"summary_large_image\" \/>\n<meta name=\"twitter:creator\" content=\"@radioljubuski\" \/>\n<meta name=\"twitter:site\" content=\"@radioljubuski\" \/>\n<meta name=\"twitter:label1\" content=\"Napisao\/la\" \/>\n\t<meta name=\"twitter:data1\" content=\"Radio Ljubu\u0161ki\" \/>\n\t<meta name=\"twitter:label2\" content=\"Procijenjeno vrijeme \u010ditanja\" \/>\n\t<meta name=\"twitter:data2\" content=\"2 minute\" \/>\n<script type=\"application\/ld+json\" class=\"yoast-schema-graph\">{\"@context\":\"https:\\\/\\\/schema.org\",\"@graph\":[{\"@type\":\"Article\",\"@id\":\"https:\\\/\\\/radioljubuski.ba\\\/index.php\\\/2022\\\/04\\\/21\\\/treba-nam-puna-zatika-da-nam-da-vjetar-u-leda\\\/#article\",\"isPartOf\":{\"@id\":\"https:\\\/\\\/radioljubuski.ba\\\/index.php\\\/2022\\\/04\\\/21\\\/treba-nam-puna-zatika-da-nam-da-vjetar-u-leda\\\/\"},\"author\":{\"name\":\"Radio Ljubu\u0161ki\",\"@id\":\"https:\\\/\\\/radioljubuski.ba\\\/#\\\/schema\\\/person\\\/19fc700381a780f69665d7956c469e3b\"},\"headline\":\"&#8220;Treba nam puna \u017datika da nam da vjetar u le\u0111a&#8221;\",\"datePublished\":\"2022-04-21T07:42:38+00:00\",\"dateModified\":\"2022-04-21T07:42:39+00:00\",\"mainEntityOfPage\":{\"@id\":\"https:\\\/\\\/radioljubuski.ba\\\/index.php\\\/2022\\\/04\\\/21\\\/treba-nam-puna-zatika-da-nam-da-vjetar-u-leda\\\/\"},\"wordCount\":386,\"publisher\":{\"@id\":\"https:\\\/\\\/radioljubuski.ba\\\/#organization\"},\"image\":{\"@id\":\"https:\\\/\\\/radioljubuski.ba\\\/index.php\\\/2022\\\/04\\\/21\\\/treba-nam-puna-zatika-da-nam-da-vjetar-u-leda\\\/#primaryimage\"},\"thumbnailUrl\":\"https:\\\/\\\/radioljubuski.ba\\\/wp-content\\\/uploads\\\/2022\\\/04\\\/zrr.jpg\",\"articleSection\":[\"\u0160port\"],\"inLanguage\":\"hr\"},{\"@type\":\"WebPage\",\"@id\":\"https:\\\/\\\/radioljubuski.ba\\\/index.php\\\/2022\\\/04\\\/21\\\/treba-nam-puna-zatika-da-nam-da-vjetar-u-leda\\\/\",\"url\":\"https:\\\/\\\/radioljubuski.ba\\\/index.php\\\/2022\\\/04\\\/21\\\/treba-nam-puna-zatika-da-nam-da-vjetar-u-leda\\\/\",\"name\":\"\\\"Treba nam puna \u017datika da nam da vjetar u le\u0111a\\\" - RADIO LJUBU\u0160KI\",\"isPartOf\":{\"@id\":\"https:\\\/\\\/radioljubuski.ba\\\/#website\"},\"primaryImageOfPage\":{\"@id\":\"https:\\\/\\\/radioljubuski.ba\\\/index.php\\\/2022\\\/04\\\/21\\\/treba-nam-puna-zatika-da-nam-da-vjetar-u-leda\\\/#primaryimage\"},\"image\":{\"@id\":\"https:\\\/\\\/radioljubuski.ba\\\/index.php\\\/2022\\\/04\\\/21\\\/treba-nam-puna-zatika-da-nam-da-vjetar-u-leda\\\/#primaryimage\"},\"thumbnailUrl\":\"https:\\\/\\\/radioljubuski.ba\\\/wp-content\\\/uploads\\\/2022\\\/04\\\/zrr.jpg\",\"datePublished\":\"2022-04-21T07:42:38+00:00\",\"dateModified\":\"2022-04-21T07:42:39+00:00\",\"breadcrumb\":{\"@id\":\"https:\\\/\\\/radioljubuski.ba\\\/index.php\\\/2022\\\/04\\\/21\\\/treba-nam-puna-zatika-da-nam-da-vjetar-u-leda\\\/#breadcrumb\"},\"inLanguage\":\"hr\",\"potentialAction\":[{\"@type\":\"ReadAction\",\"target\":[\"https:\\\/\\\/radioljubuski.ba\\\/index.php\\\/2022\\\/04\\\/21\\\/treba-nam-puna-zatika-da-nam-da-vjetar-u-leda\\\/\"]}]},{\"@type\":\"ImageObject\",\"inLanguage\":\"hr\",\"@id\":\"https:\\\/\\\/radioljubuski.ba\\\/index.php\\\/2022\\\/04\\\/21\\\/treba-nam-puna-zatika-da-nam-da-vjetar-u-leda\\\/#primaryimage\",\"url\":\"https:\\\/\\\/radioljubuski.ba\\\/wp-content\\\/uploads\\\/2022\\\/04\\\/zrr.jpg\",\"contentUrl\":\"https:\\\/\\\/radioljubuski.ba\\\/wp-content\\\/uploads\\\/2022\\\/04\\\/zrr.jpg\",\"width\":310,\"height\":163},{\"@type\":\"BreadcrumbList\",\"@id\":\"https:\\\/\\\/radioljubuski.ba\\\/index.php\\\/2022\\\/04\\\/21\\\/treba-nam-puna-zatika-da-nam-da-vjetar-u-leda\\\/#breadcrumb\",\"itemListElement\":[{\"@type\":\"ListItem\",\"position\":1,\"name\":\"Po\u010detna stranica\",\"item\":\"https:\\\/\\\/radioljubuski.ba\\\/\"},{\"@type\":\"ListItem\",\"position\":2,\"name\":\"&#8220;Treba nam puna \u017datika da nam da vjetar u le\u0111a&#8221;\"}]},{\"@type\":\"WebSite\",\"@id\":\"https:\\\/\\\/radioljubuski.ba\\\/#website\",\"url\":\"https:\\\/\\\/radioljubuski.ba\\\/\",\"name\":\"Radio Ljubu\u0161ki\",\"description\":\"Sun\u010dana frekvencija Hercegovine\",\"publisher\":{\"@id\":\"https:\\\/\\\/radioljubuski.ba\\\/#organization\"},\"potentialAction\":[{\"@type\":\"SearchAction\",\"target\":{\"@type\":\"EntryPoint\",\"urlTemplate\":\"https:\\\/\\\/radioljubuski.ba\\\/?s={search_term_string}\"},\"query-input\":{\"@type\":\"PropertyValueSpecification\",\"valueRequired\":true,\"valueName\":\"search_term_string\"}}],\"inLanguage\":\"hr\"},{\"@type\":\"Organization\",\"@id\":\"https:\\\/\\\/radioljubuski.ba\\\/#organization\",\"name\":\"Radio Ljubu\u0161ki\",\"url\":\"https:\\\/\\\/radioljubuski.ba\\\/\",\"logo\":{\"@type\":\"ImageObject\",\"inLanguage\":\"hr\",\"@id\":\"https:\\\/\\\/radioljubuski.ba\\\/#\\\/schema\\\/logo\\\/image\\\/\",\"url\":\"https:\\\/\\\/radioljubuski.ba\\\/wp-content\\\/uploads\\\/2021\\\/02\\\/cropped-Radio_Ljubuski_logo1.jpg\",\"contentUrl\":\"https:\\\/\\\/radioljubuski.ba\\\/wp-content\\\/uploads\\\/2021\\\/02\\\/cropped-Radio_Ljubuski_logo1.jpg\",\"width\":512,\"height\":512,\"caption\":\"Radio Ljubu\u0161ki\"},\"image\":{\"@id\":\"https:\\\/\\\/radioljubuski.ba\\\/#\\\/schema\\\/logo\\\/image\\\/\"},\"sameAs\":[\"https:\\\/\\\/www.facebook.com\\\/Radiio-Ljubuski-1490835324566332\",\"https:\\\/\\\/x.com\\\/radioljubuski\",\"https:\\\/\\\/hr.linkedin.com\\\/company\\\/radio-ljubuski\",\"https:\\\/\\\/www.youtube.com\\\/channel\\\/UCHYaeO_n0Db3tjNGudGpXyw\"]},{\"@type\":\"Person\",\"@id\":\"https:\\\/\\\/radioljubuski.ba\\\/#\\\/schema\\\/person\\\/19fc700381a780f69665d7956c469e3b\",\"name\":\"Radio Ljubu\u0161ki\"}]}<\/script>\n<!-- \/ Yoast SEO plugin. -->","yoast_head_json":{"title":"\"Treba nam puna \u017datika da nam da vjetar u le\u0111a\" - RADIO LJUBU\u0160KI","robots":{"index":"index","follow":"follow","max-snippet":"max-snippet:-1","max-image-preview":"max-image-preview:large","max-video-preview":"max-video-preview:-1"},"canonical":"https:\/\/radioljubuski.ba\/index.php\/2022\/04\/21\/treba-nam-puna-zatika-da-nam-da-vjetar-u-leda\/","og_locale":"hr_HR","og_type":"article","og_title":"\"Treba nam puna \u017datika da nam da vjetar u le\u0111a\" - RADIO LJUBU\u0160KI","og_description":"&#8211; Ovo je utakmica koja je i jednima i drugima zna\u010dila sve, vi\u0161e nama. Dana\u0161nja utakmica nije bila &#8220;mo\u017eda&#8221;, ve\u0107 je dana\u0161nja utakmica bila &#8220;mora\u0161 pobijediti&#8221;, rekao je izbornik hrvatskih rukometa\u0161ica\u00a0Nenad \u0160o\u0161tari\u0107\u00a0nakon pobjede nad Ukrajinom 26:19 u susretu 5. kola kvalifikacija za EURO 2022. Hrvatska je odigrala dva razli\u010dita poluvremena. U prvom se dosta mu\u010dila, [&hellip;]","og_url":"https:\/\/radioljubuski.ba\/index.php\/2022\/04\/21\/treba-nam-puna-zatika-da-nam-da-vjetar-u-leda\/","og_site_name":"RADIO LJUBU\u0160KI","article_publisher":"https:\/\/www.facebook.com\/Radiio-Ljubuski-1490835324566332","article_published_time":"2022-04-21T07:42:38+00:00","article_modified_time":"2022-04-21T07:42:39+00:00","og_image":[{"width":310,"height":163,"url":"https:\/\/radioljubuski.ba\/wp-content\/uploads\/2022\/04\/zrr.jpg","type":"image\/jpeg"}],"author":"Radio Ljubu\u0161ki","twitter_card":"summary_large_image","twitter_creator":"@radioljubuski","twitter_site":"@radioljubuski","twitter_misc":{"Napisao\/la":"Radio Ljubu\u0161ki","Procijenjeno vrijeme \u010ditanja":"2 minute"},"schema":{"@context":"https:\/\/schema.org","@graph":[{"@type":"Article","@id":"https:\/\/radioljubuski.ba\/index.php\/2022\/04\/21\/treba-nam-puna-zatika-da-nam-da-vjetar-u-leda\/#article","isPartOf":{"@id":"https:\/\/radioljubuski.ba\/index.php\/2022\/04\/21\/treba-nam-puna-zatika-da-nam-da-vjetar-u-leda\/"},"author":{"name":"Radio Ljubu\u0161ki","@id":"https:\/\/radioljubuski.ba\/#\/schema\/person\/19fc700381a780f69665d7956c469e3b"},"headline":"&#8220;Treba nam puna \u017datika da nam da vjetar u le\u0111a&#8221;","datePublished":"2022-04-21T07:42:38+00:00","dateModified":"2022-04-21T07:42:39+00:00","mainEntityOfPage":{"@id":"https:\/\/radioljubuski.ba\/index.php\/2022\/04\/21\/treba-nam-puna-zatika-da-nam-da-vjetar-u-leda\/"},"wordCount":386,"publisher":{"@id":"https:\/\/radioljubuski.ba\/#organization"},"image":{"@id":"https:\/\/radioljubuski.ba\/index.php\/2022\/04\/21\/treba-nam-puna-zatika-da-nam-da-vjetar-u-leda\/#primaryimage"},"thumbnailUrl":"https:\/\/radioljubuski.ba\/wp-content\/uploads\/2022\/04\/zrr.jpg","articleSection":["\u0160port"],"inLanguage":"hr"},{"@type":"WebPage","@id":"https:\/\/radioljubuski.ba\/index.php\/2022\/04\/21\/treba-nam-puna-zatika-da-nam-da-vjetar-u-leda\/","url":"https:\/\/radioljubuski.ba\/index.php\/2022\/04\/21\/treba-nam-puna-zatika-da-nam-da-vjetar-u-leda\/","name":"\"Treba nam puna \u017datika da nam da vjetar u le\u0111a\" - RADIO LJUBU\u0160KI","isPartOf":{"@id":"https:\/\/radioljubuski.ba\/#website"},"primaryImageOfPage":{"@id":"https:\/\/radioljubuski.ba\/index.php\/2022\/04\/21\/treba-nam-puna-zatika-da-nam-da-vjetar-u-leda\/#primaryimage"},"image":{"@id":"https:\/\/radioljubuski.ba\/index.php\/2022\/04\/21\/treba-nam-puna-zatika-da-nam-da-vjetar-u-leda\/#primaryimage"},"thumbnailUrl":"https:\/\/radioljubuski.ba\/wp-content\/uploads\/2022\/04\/zrr.jpg","datePublished":"2022-04-21T07:42:38+00:00","dateModified":"2022-04-21T07:42:39+00:00","breadcrumb":{"@id":"https:\/\/radioljubuski.ba\/index.php\/2022\/04\/21\/treba-nam-puna-zatika-da-nam-da-vjetar-u-leda\/#breadcrumb"},"inLanguage":"hr","potentialAction":[{"@type":"ReadAction","target":["https:\/\/radioljubuski.ba\/index.php\/2022\/04\/21\/treba-nam-puna-zatika-da-nam-da-vjetar-u-leda\/"]}]},{"@type":"ImageObject","inLanguage":"hr","@id":"https:\/\/radioljubuski.ba\/index.php\/2022\/04\/21\/treba-nam-puna-zatika-da-nam-da-vjetar-u-leda\/#primaryimage","url":"https:\/\/radioljubuski.ba\/wp-content\/uploads\/2022\/04\/zrr.jpg","contentUrl":"https:\/\/radioljubuski.ba\/wp-content\/uploads\/2022\/04\/zrr.jpg","width":310,"height":163},{"@type":"BreadcrumbList","@id":"https:\/\/radioljubuski.ba\/index.php\/2022\/04\/21\/treba-nam-puna-zatika-da-nam-da-vjetar-u-leda\/#breadcrumb","itemListElement":[{"@type":"ListItem","position":1,"name":"Po\u010detna stranica","item":"https:\/\/radioljubuski.ba\/"},{"@type":"ListItem","position":2,"name":"&#8220;Treba nam puna \u017datika da nam da vjetar u le\u0111a&#8221;"}]},{"@type":"WebSite","@id":"https:\/\/radioljubuski.ba\/#website","url":"https:\/\/radioljubuski.ba\/","name":"Radio Ljubu\u0161ki","description":"Sun\u010dana frekvencija Hercegovine","publisher":{"@id":"https:\/\/radioljubuski.ba\/#organization"},"potentialAction":[{"@type":"SearchAction","target":{"@type":"EntryPoint","urlTemplate":"https:\/\/radioljubuski.ba\/?s={search_term_string}"},"query-input":{"@type":"PropertyValueSpecification","valueRequired":true,"valueName":"search_term_string"}}],"inLanguage":"hr"},{"@type":"Organization","@id":"https:\/\/radioljubuski.ba\/#organization","name":"Radio Ljubu\u0161ki","url":"https:\/\/radioljubuski.ba\/","logo":{"@type":"ImageObject","inLanguage":"hr","@id":"https:\/\/radioljubuski.ba\/#\/schema\/logo\/image\/","url":"https:\/\/radioljubuski.ba\/wp-content\/uploads\/2021\/02\/cropped-Radio_Ljubuski_logo1.jpg","contentUrl":"https:\/\/radioljubuski.ba\/wp-content\/uploads\/2021\/02\/cropped-Radio_Ljubuski_logo1.jpg","width":512,"height":512,"caption":"Radio Ljubu\u0161ki"},"image":{"@id":"https:\/\/radioljubuski.ba\/#\/schema\/logo\/image\/"},"sameAs":["https:\/\/www.facebook.com\/Radiio-Ljubuski-1490835324566332","https:\/\/x.com\/radioljubuski","https:\/\/hr.linkedin.com\/company\/radio-ljubuski","https:\/\/www.youtube.com\/channel\/UCHYaeO_n0Db3tjNGudGpXyw"]},{"@type":"Person","@id":"https:\/\/radioljubuski.ba\/#\/schema\/person\/19fc700381a780f69665d7956c469e3b","name":"Radio Ljubu\u0161ki"}]}},"_links":{"self":[{"href":"https:\/\/radioljubuski.ba\/index.php\/wp-json\/wp\/v2\/posts\/134637","targetHints":{"allow":["GET"]}}],"collection":[{"href":"https:\/\/radioljubuski.ba\/index.php\/wp-json\/wp\/v2\/posts"}],"about":[{"href":"https:\/\/radioljubuski.ba\/index.php\/wp-json\/wp\/v2\/types\/post"}],"author":[{"embeddable":true,"href":"https:\/\/radioljubuski.ba\/index.php\/wp-json\/wp\/v2\/users\/2"}],"replies":[{"embeddable":true,"href":"https:\/\/radioljubuski.ba\/index.php\/wp-json\/wp\/v2\/comments?post=134637"}],"version-history":[{"count":1,"href":"https:\/\/radioljubuski.ba\/index.php\/wp-json\/wp\/v2\/posts\/134637\/revisions"}],"predecessor-version":[{"id":134639,"href":"https:\/\/radioljubuski.ba\/index.php\/wp-json\/wp\/v2\/posts\/134637\/revisions\/134639"}],"wp:featuredmedia":[{"embeddable":true,"href":"https:\/\/radioljubuski.ba\/index.php\/wp-json\/wp\/v2\/media\/134638"}],"wp:attachment":[{"href":"https:\/\/radioljubuski.ba\/index.php\/wp-json\/wp\/v2\/media?parent=134637"}],"wp:term":[{"taxonomy":"category","embeddable":true,"href":"https:\/\/radioljubuski.ba\/index.php\/wp-json\/wp\/v2\/categories?post=134637"},{"taxonomy":"post_tag","embeddable":true,"href":"https:\/\/radioljubuski.ba\/index.php\/wp-json\/wp\/v2\/tags?post=134637"}],"curies":[{"name":"wp","href":"https:\/\/api.w.org\/{rel}","templated":true}]}}