{"id":134646,"date":"2022-04-21T08:59:30","date_gmt":"2022-04-21T07:59:30","guid":{"rendered":"https:\/\/radioljubuski.ba\/?p=134646"},"modified":"2022-04-21T08:59:30","modified_gmt":"2022-04-21T07:59:30","slug":"na-veletrznicu-stigli-prvi-rani-domaci-krumpiri-cijena-230-km-po-kg","status":"publish","type":"post","link":"https:\/\/radioljubuski.ba\/index.php\/2022\/04\/21\/na-veletrznicu-stigli-prvi-rani-domaci-krumpiri-cijena-230-km-po-kg\/","title":{"rendered":"Na veletr\u017enicu stigli prvi rani doma\u0107i krumpiri, cijena 2,30 KM po kg"},"content":{"rendered":"\n<p>Tik uo\u010di blagdana Uskrsa na veletr\u017enicu u Tasov\u010di\u0107ima stigli su prvi rani doma\u0107i krumpiri. Cijena mladog gomolja kretala se oko 2,30 KM po kilogramu, pi\u0161e&nbsp;<a href=\"https:\/\/www.vecernji.ba\/vijesti\/na-veletrznicu-stigli-prvi-rani-domaci-krumpiri-cijena-230-km-po-kg-1580365\">Ve\u010dernji list BiH<\/a>.<\/p>\n\n\n\n<p>Andrija \u010culjak iz Klobuka kod Ljubu\u0161kog, jedan od povrtlara koji je tijekom vremenski nepovoljne druge polovine zime i nepunog prvog proljetnog mjeseca uspio uzgojiti rani krumpir, ranu isporuku popratio je rije\u010dima:<\/p>\n\n\n\n<p>-Ne\u0161to sam u plastenicima grijao, ne\u0161to &#8220;pjenom&#8221; &#8211; agrifolija, pokrivao, a pogodno je i podru\u010dje na kojem sadim, prisojna strana, tako da imam dosta dobre krumpire i na otvorenom. Uspio sam ih za\u0161tititi od mraza, nadam se da ga vi\u0161e ne\u0107e biti, pa \u0107e za najdalje petnaestak dana i oni biti spremni za tr\u017ei\u0161te. Na upit kako je uspio organizirati proizvodnju s obzirom na enormna poskupljenja repromaterijala &#8211; umjetnog gnojiva, goriva&#8230;, kazao je: &#8211; Posadio sam, kao i obi\u010dno, tridesetak duluma (tri hektara, nap. a.). Mi proizvo\u0111a\u010di ne \u010dekamo sezonu kako bismo kupovali gnojivo i ostali repromaterijal pa, kako sam pro\u0161logodi\u0161nji urod rje\u0161avao, tako sam se spremao za novu sezonu. Recimo, umjetno gnojivo imao sam spremljeno prije velikih poskupljenja. Sre\u0107om, sjemenski krumpir nije puno poskupio, pa se nekako taj dio pokrio. Ako se ovako nastavi, problem \u0107e biti idu\u0107a sezona &#8211; zaklju\u010duje ovaj za ju\u017enohercegova\u010dke prilike veliki proizvo\u0111a\u010d povr\u0107a, koji uz krumpire sadi i kupus te druge kulture.<\/p>\n\n\n\n<p>Uglavnom, nakon \u0161to se mjesecima jelo njema\u010dki, manje francuski, a u novije vrijeme mladi egipatski krumpir, kona\u010dno je stigao i rani doma\u0107i. Za sada je u ponudi krumpir iz plastenika s podru\u010dja \u010capljine, Ljubu\u0161kog i Stoca, a za o\u010dekivati je da \u0107e za nepunih mjesec dana doma\u0107ih krumpira kona\u010dno biti dovoljno, \u010dime \u0107e se supstituirati enormni uvoz ovoga povr\u0107a. <\/p>\n\n\n\n<p>Na tr\u017ei\u0161tu bi se uskoro mogao na\u0107i i poznati ljubu\u0161ki rani krumpir koji je posljednjih godina brendiran. <\/p>\n\n\n\n<p>\u010clanovi Poljoprivredne zadruge &#8220;Plodovi zemlje&#8221; iz Ljubu\u0161koga zasadili su, kao i prethodne godine, oko 350 hektara krumpira koji bi se mogao prodavati za 2 KM po kilogramu. Ipak, za doma\u0107e poljoprivrednike jedan od glavnih problema je nemilosrdna konkurencija na tr\u017ei\u0161tu.\u00a0<\/p>\n\n\n\n<p><strong>Izvor: Pogled.ba<\/strong><\/p>\n","protected":false},"excerpt":{"rendered":"<p>Tik uo\u010di blagdana Uskrsa na veletr\u017enicu u Tasov\u010di\u0107ima stigli su prvi rani doma\u0107i krumpiri. Cijena mladog gomolja kretala se oko 2,30 KM po kilogramu, pi\u0161e&nbsp;Ve\u010dernji list BiH. Andrija \u010culjak iz Klobuka kod Ljubu\u0161kog, jedan od povrtlara koji je tijekom vremenski nepovoljne druge polovine zime i nepunog prvog proljetnog mjeseca uspio uzgojiti rani krumpir, ranu isporuku [&hellip;]<\/p>\n","protected":false},"author":2,"featured_media":25858,"comment_status":"closed","ping_status":"closed","sticky":false,"template":"","format":"standard","meta":{"h5ap_radio_sources":[],"footnotes":""},"categories":[1],"tags":[],"class_list":["post-134646","post","type-post","status-publish","format-standard","has-post-thumbnail","hentry","category-bihiregija"],"yoast_head":"<!-- This site is optimized with the Yoast SEO plugin v27.4 - https:\/\/yoast.com\/product\/yoast-seo-wordpress\/ -->\n<title>Na veletr\u017enicu stigli prvi rani doma\u0107i krumpiri, cijena 2,30 KM po kg - RADIO LJUBU\u0160KI<\/title>\n<meta name=\"robots\" content=\"index, follow, max-snippet:-1, max-image-preview:large, max-video-preview:-1\" \/>\n<link rel=\"canonical\" href=\"https:\/\/radioljubuski.ba\/index.php\/2022\/04\/21\/na-veletrznicu-stigli-prvi-rani-domaci-krumpiri-cijena-230-km-po-kg\/\" \/>\n<meta property=\"og:locale\" content=\"hr_HR\" \/>\n<meta property=\"og:type\" content=\"article\" \/>\n<meta property=\"og:title\" content=\"Na veletr\u017enicu stigli prvi rani doma\u0107i krumpiri, cijena 2,30 KM po kg - RADIO LJUBU\u0160KI\" \/>\n<meta property=\"og:description\" content=\"Tik uo\u010di blagdana Uskrsa na veletr\u017enicu u Tasov\u010di\u0107ima stigli su prvi rani doma\u0107i krumpiri. Cijena mladog gomolja kretala se oko 2,30 KM po kilogramu, pi\u0161e&nbsp;Ve\u010dernji list BiH. Andrija \u010culjak iz Klobuka kod Ljubu\u0161kog, jedan od povrtlara koji je tijekom vremenski nepovoljne druge polovine zime i nepunog prvog proljetnog mjeseca uspio uzgojiti rani krumpir, ranu isporuku [&hellip;]\" \/>\n<meta property=\"og:url\" content=\"https:\/\/radioljubuski.ba\/index.php\/2022\/04\/21\/na-veletrznicu-stigli-prvi-rani-domaci-krumpiri-cijena-230-km-po-kg\/\" \/>\n<meta property=\"og:site_name\" content=\"RADIO LJUBU\u0160KI\" \/>\n<meta property=\"article:publisher\" content=\"https:\/\/www.facebook.com\/Radiio-Ljubuski-1490835324566332\" \/>\n<meta property=\"article:published_time\" content=\"2022-04-21T07:59:30+00:00\" \/>\n<meta property=\"og:image\" content=\"https:\/\/radioljubuski.ba\/wp-content\/uploads\/2021\/05\/ljubuski-rani-krumpir-.jpg\" \/>\n\t<meta property=\"og:image:width\" content=\"880\" \/>\n\t<meta property=\"og:image:height\" content=\"495\" \/>\n\t<meta property=\"og:image:type\" content=\"image\/jpeg\" \/>\n<meta name=\"author\" content=\"Radio Ljubu\u0161ki\" \/>\n<meta name=\"twitter:card\" content=\"summary_large_image\" \/>\n<meta name=\"twitter:creator\" content=\"@radioljubuski\" \/>\n<meta name=\"twitter:site\" content=\"@radioljubuski\" \/>\n<meta name=\"twitter:label1\" content=\"Napisao\/la\" \/>\n\t<meta name=\"twitter:data1\" content=\"Radio Ljubu\u0161ki\" \/>\n\t<meta name=\"twitter:label2\" content=\"Procijenjeno vrijeme \u010ditanja\" \/>\n\t<meta name=\"twitter:data2\" content=\"2 minute\" \/>\n<script type=\"application\/ld+json\" class=\"yoast-schema-graph\">{\"@context\":\"https:\\\/\\\/schema.org\",\"@graph\":[{\"@type\":\"Article\",\"@id\":\"https:\\\/\\\/radioljubuski.ba\\\/index.php\\\/2022\\\/04\\\/21\\\/na-veletrznicu-stigli-prvi-rani-domaci-krumpiri-cijena-230-km-po-kg\\\/#article\",\"isPartOf\":{\"@id\":\"https:\\\/\\\/radioljubuski.ba\\\/index.php\\\/2022\\\/04\\\/21\\\/na-veletrznicu-stigli-prvi-rani-domaci-krumpiri-cijena-230-km-po-kg\\\/\"},\"author\":{\"name\":\"Radio Ljubu\u0161ki\",\"@id\":\"https:\\\/\\\/radioljubuski.ba\\\/#\\\/schema\\\/person\\\/19fc700381a780f69665d7956c469e3b\"},\"headline\":\"Na veletr\u017enicu stigli prvi rani doma\u0107i krumpiri, cijena 2,30 KM po kg\",\"datePublished\":\"2022-04-21T07:59:30+00:00\",\"mainEntityOfPage\":{\"@id\":\"https:\\\/\\\/radioljubuski.ba\\\/index.php\\\/2022\\\/04\\\/21\\\/na-veletrznicu-stigli-prvi-rani-domaci-krumpiri-cijena-230-km-po-kg\\\/\"},\"wordCount\":394,\"publisher\":{\"@id\":\"https:\\\/\\\/radioljubuski.ba\\\/#organization\"},\"image\":{\"@id\":\"https:\\\/\\\/radioljubuski.ba\\\/index.php\\\/2022\\\/04\\\/21\\\/na-veletrznicu-stigli-prvi-rani-domaci-krumpiri-cijena-230-km-po-kg\\\/#primaryimage\"},\"thumbnailUrl\":\"https:\\\/\\\/radioljubuski.ba\\\/wp-content\\\/uploads\\\/2021\\\/05\\\/ljubuski-rani-krumpir-.jpg\",\"articleSection\":[\"BIH i regija\"],\"inLanguage\":\"hr\"},{\"@type\":\"WebPage\",\"@id\":\"https:\\\/\\\/radioljubuski.ba\\\/index.php\\\/2022\\\/04\\\/21\\\/na-veletrznicu-stigli-prvi-rani-domaci-krumpiri-cijena-230-km-po-kg\\\/\",\"url\":\"https:\\\/\\\/radioljubuski.ba\\\/index.php\\\/2022\\\/04\\\/21\\\/na-veletrznicu-stigli-prvi-rani-domaci-krumpiri-cijena-230-km-po-kg\\\/\",\"name\":\"Na veletr\u017enicu stigli prvi rani doma\u0107i krumpiri, cijena 2,30 KM po kg - RADIO LJUBU\u0160KI\",\"isPartOf\":{\"@id\":\"https:\\\/\\\/radioljubuski.ba\\\/#website\"},\"primaryImageOfPage\":{\"@id\":\"https:\\\/\\\/radioljubuski.ba\\\/index.php\\\/2022\\\/04\\\/21\\\/na-veletrznicu-stigli-prvi-rani-domaci-krumpiri-cijena-230-km-po-kg\\\/#primaryimage\"},\"image\":{\"@id\":\"https:\\\/\\\/radioljubuski.ba\\\/index.php\\\/2022\\\/04\\\/21\\\/na-veletrznicu-stigli-prvi-rani-domaci-krumpiri-cijena-230-km-po-kg\\\/#primaryimage\"},\"thumbnailUrl\":\"https:\\\/\\\/radioljubuski.ba\\\/wp-content\\\/uploads\\\/2021\\\/05\\\/ljubuski-rani-krumpir-.jpg\",\"datePublished\":\"2022-04-21T07:59:30+00:00\",\"breadcrumb\":{\"@id\":\"https:\\\/\\\/radioljubuski.ba\\\/index.php\\\/2022\\\/04\\\/21\\\/na-veletrznicu-stigli-prvi-rani-domaci-krumpiri-cijena-230-km-po-kg\\\/#breadcrumb\"},\"inLanguage\":\"hr\",\"potentialAction\":[{\"@type\":\"ReadAction\",\"target\":[\"https:\\\/\\\/radioljubuski.ba\\\/index.php\\\/2022\\\/04\\\/21\\\/na-veletrznicu-stigli-prvi-rani-domaci-krumpiri-cijena-230-km-po-kg\\\/\"]}]},{\"@type\":\"ImageObject\",\"inLanguage\":\"hr\",\"@id\":\"https:\\\/\\\/radioljubuski.ba\\\/index.php\\\/2022\\\/04\\\/21\\\/na-veletrznicu-stigli-prvi-rani-domaci-krumpiri-cijena-230-km-po-kg\\\/#primaryimage\",\"url\":\"https:\\\/\\\/radioljubuski.ba\\\/wp-content\\\/uploads\\\/2021\\\/05\\\/ljubuski-rani-krumpir-.jpg\",\"contentUrl\":\"https:\\\/\\\/radioljubuski.ba\\\/wp-content\\\/uploads\\\/2021\\\/05\\\/ljubuski-rani-krumpir-.jpg\",\"width\":880,\"height\":495},{\"@type\":\"BreadcrumbList\",\"@id\":\"https:\\\/\\\/radioljubuski.ba\\\/index.php\\\/2022\\\/04\\\/21\\\/na-veletrznicu-stigli-prvi-rani-domaci-krumpiri-cijena-230-km-po-kg\\\/#breadcrumb\",\"itemListElement\":[{\"@type\":\"ListItem\",\"position\":1,\"name\":\"Po\u010detna stranica\",\"item\":\"https:\\\/\\\/radioljubuski.ba\\\/\"},{\"@type\":\"ListItem\",\"position\":2,\"name\":\"Na veletr\u017enicu stigli prvi rani doma\u0107i krumpiri, cijena 2,30 KM po kg\"}]},{\"@type\":\"WebSite\",\"@id\":\"https:\\\/\\\/radioljubuski.ba\\\/#website\",\"url\":\"https:\\\/\\\/radioljubuski.ba\\\/\",\"name\":\"Radio Ljubu\u0161ki\",\"description\":\"Sun\u010dana frekvencija Hercegovine\",\"publisher\":{\"@id\":\"https:\\\/\\\/radioljubuski.ba\\\/#organization\"},\"potentialAction\":[{\"@type\":\"SearchAction\",\"target\":{\"@type\":\"EntryPoint\",\"urlTemplate\":\"https:\\\/\\\/radioljubuski.ba\\\/?s={search_term_string}\"},\"query-input\":{\"@type\":\"PropertyValueSpecification\",\"valueRequired\":true,\"valueName\":\"search_term_string\"}}],\"inLanguage\":\"hr\"},{\"@type\":\"Organization\",\"@id\":\"https:\\\/\\\/radioljubuski.ba\\\/#organization\",\"name\":\"Radio Ljubu\u0161ki\",\"url\":\"https:\\\/\\\/radioljubuski.ba\\\/\",\"logo\":{\"@type\":\"ImageObject\",\"inLanguage\":\"hr\",\"@id\":\"https:\\\/\\\/radioljubuski.ba\\\/#\\\/schema\\\/logo\\\/image\\\/\",\"url\":\"https:\\\/\\\/radioljubuski.ba\\\/wp-content\\\/uploads\\\/2021\\\/02\\\/cropped-Radio_Ljubuski_logo1.jpg\",\"contentUrl\":\"https:\\\/\\\/radioljubuski.ba\\\/wp-content\\\/uploads\\\/2021\\\/02\\\/cropped-Radio_Ljubuski_logo1.jpg\",\"width\":512,\"height\":512,\"caption\":\"Radio Ljubu\u0161ki\"},\"image\":{\"@id\":\"https:\\\/\\\/radioljubuski.ba\\\/#\\\/schema\\\/logo\\\/image\\\/\"},\"sameAs\":[\"https:\\\/\\\/www.facebook.com\\\/Radiio-Ljubuski-1490835324566332\",\"https:\\\/\\\/x.com\\\/radioljubuski\",\"https:\\\/\\\/hr.linkedin.com\\\/company\\\/radio-ljubuski\",\"https:\\\/\\\/www.youtube.com\\\/channel\\\/UCHYaeO_n0Db3tjNGudGpXyw\"]},{\"@type\":\"Person\",\"@id\":\"https:\\\/\\\/radioljubuski.ba\\\/#\\\/schema\\\/person\\\/19fc700381a780f69665d7956c469e3b\",\"name\":\"Radio Ljubu\u0161ki\"}]}<\/script>\n<!-- \/ Yoast SEO plugin. -->","yoast_head_json":{"title":"Na veletr\u017enicu stigli prvi rani doma\u0107i krumpiri, cijena 2,30 KM po kg - RADIO LJUBU\u0160KI","robots":{"index":"index","follow":"follow","max-snippet":"max-snippet:-1","max-image-preview":"max-image-preview:large","max-video-preview":"max-video-preview:-1"},"canonical":"https:\/\/radioljubuski.ba\/index.php\/2022\/04\/21\/na-veletrznicu-stigli-prvi-rani-domaci-krumpiri-cijena-230-km-po-kg\/","og_locale":"hr_HR","og_type":"article","og_title":"Na veletr\u017enicu stigli prvi rani doma\u0107i krumpiri, cijena 2,30 KM po kg - RADIO LJUBU\u0160KI","og_description":"Tik uo\u010di blagdana Uskrsa na veletr\u017enicu u Tasov\u010di\u0107ima stigli su prvi rani doma\u0107i krumpiri. Cijena mladog gomolja kretala se oko 2,30 KM po kilogramu, pi\u0161e&nbsp;Ve\u010dernji list BiH. Andrija \u010culjak iz Klobuka kod Ljubu\u0161kog, jedan od povrtlara koji je tijekom vremenski nepovoljne druge polovine zime i nepunog prvog proljetnog mjeseca uspio uzgojiti rani krumpir, ranu isporuku [&hellip;]","og_url":"https:\/\/radioljubuski.ba\/index.php\/2022\/04\/21\/na-veletrznicu-stigli-prvi-rani-domaci-krumpiri-cijena-230-km-po-kg\/","og_site_name":"RADIO LJUBU\u0160KI","article_publisher":"https:\/\/www.facebook.com\/Radiio-Ljubuski-1490835324566332","article_published_time":"2022-04-21T07:59:30+00:00","og_image":[{"width":880,"height":495,"url":"https:\/\/radioljubuski.ba\/wp-content\/uploads\/2021\/05\/ljubuski-rani-krumpir-.jpg","type":"image\/jpeg"}],"author":"Radio Ljubu\u0161ki","twitter_card":"summary_large_image","twitter_creator":"@radioljubuski","twitter_site":"@radioljubuski","twitter_misc":{"Napisao\/la":"Radio Ljubu\u0161ki","Procijenjeno vrijeme \u010ditanja":"2 minute"},"schema":{"@context":"https:\/\/schema.org","@graph":[{"@type":"Article","@id":"https:\/\/radioljubuski.ba\/index.php\/2022\/04\/21\/na-veletrznicu-stigli-prvi-rani-domaci-krumpiri-cijena-230-km-po-kg\/#article","isPartOf":{"@id":"https:\/\/radioljubuski.ba\/index.php\/2022\/04\/21\/na-veletrznicu-stigli-prvi-rani-domaci-krumpiri-cijena-230-km-po-kg\/"},"author":{"name":"Radio Ljubu\u0161ki","@id":"https:\/\/radioljubuski.ba\/#\/schema\/person\/19fc700381a780f69665d7956c469e3b"},"headline":"Na veletr\u017enicu stigli prvi rani doma\u0107i krumpiri, cijena 2,30 KM po kg","datePublished":"2022-04-21T07:59:30+00:00","mainEntityOfPage":{"@id":"https:\/\/radioljubuski.ba\/index.php\/2022\/04\/21\/na-veletrznicu-stigli-prvi-rani-domaci-krumpiri-cijena-230-km-po-kg\/"},"wordCount":394,"publisher":{"@id":"https:\/\/radioljubuski.ba\/#organization"},"image":{"@id":"https:\/\/radioljubuski.ba\/index.php\/2022\/04\/21\/na-veletrznicu-stigli-prvi-rani-domaci-krumpiri-cijena-230-km-po-kg\/#primaryimage"},"thumbnailUrl":"https:\/\/radioljubuski.ba\/wp-content\/uploads\/2021\/05\/ljubuski-rani-krumpir-.jpg","articleSection":["BIH i regija"],"inLanguage":"hr"},{"@type":"WebPage","@id":"https:\/\/radioljubuski.ba\/index.php\/2022\/04\/21\/na-veletrznicu-stigli-prvi-rani-domaci-krumpiri-cijena-230-km-po-kg\/","url":"https:\/\/radioljubuski.ba\/index.php\/2022\/04\/21\/na-veletrznicu-stigli-prvi-rani-domaci-krumpiri-cijena-230-km-po-kg\/","name":"Na veletr\u017enicu stigli prvi rani doma\u0107i krumpiri, cijena 2,30 KM po kg - RADIO LJUBU\u0160KI","isPartOf":{"@id":"https:\/\/radioljubuski.ba\/#website"},"primaryImageOfPage":{"@id":"https:\/\/radioljubuski.ba\/index.php\/2022\/04\/21\/na-veletrznicu-stigli-prvi-rani-domaci-krumpiri-cijena-230-km-po-kg\/#primaryimage"},"image":{"@id":"https:\/\/radioljubuski.ba\/index.php\/2022\/04\/21\/na-veletrznicu-stigli-prvi-rani-domaci-krumpiri-cijena-230-km-po-kg\/#primaryimage"},"thumbnailUrl":"https:\/\/radioljubuski.ba\/wp-content\/uploads\/2021\/05\/ljubuski-rani-krumpir-.jpg","datePublished":"2022-04-21T07:59:30+00:00","breadcrumb":{"@id":"https:\/\/radioljubuski.ba\/index.php\/2022\/04\/21\/na-veletrznicu-stigli-prvi-rani-domaci-krumpiri-cijena-230-km-po-kg\/#breadcrumb"},"inLanguage":"hr","potentialAction":[{"@type":"ReadAction","target":["https:\/\/radioljubuski.ba\/index.php\/2022\/04\/21\/na-veletrznicu-stigli-prvi-rani-domaci-krumpiri-cijena-230-km-po-kg\/"]}]},{"@type":"ImageObject","inLanguage":"hr","@id":"https:\/\/radioljubuski.ba\/index.php\/2022\/04\/21\/na-veletrznicu-stigli-prvi-rani-domaci-krumpiri-cijena-230-km-po-kg\/#primaryimage","url":"https:\/\/radioljubuski.ba\/wp-content\/uploads\/2021\/05\/ljubuski-rani-krumpir-.jpg","contentUrl":"https:\/\/radioljubuski.ba\/wp-content\/uploads\/2021\/05\/ljubuski-rani-krumpir-.jpg","width":880,"height":495},{"@type":"BreadcrumbList","@id":"https:\/\/radioljubuski.ba\/index.php\/2022\/04\/21\/na-veletrznicu-stigli-prvi-rani-domaci-krumpiri-cijena-230-km-po-kg\/#breadcrumb","itemListElement":[{"@type":"ListItem","position":1,"name":"Po\u010detna stranica","item":"https:\/\/radioljubuski.ba\/"},{"@type":"ListItem","position":2,"name":"Na veletr\u017enicu stigli prvi rani doma\u0107i krumpiri, cijena 2,30 KM po kg"}]},{"@type":"WebSite","@id":"https:\/\/radioljubuski.ba\/#website","url":"https:\/\/radioljubuski.ba\/","name":"Radio Ljubu\u0161ki","description":"Sun\u010dana frekvencija Hercegovine","publisher":{"@id":"https:\/\/radioljubuski.ba\/#organization"},"potentialAction":[{"@type":"SearchAction","target":{"@type":"EntryPoint","urlTemplate":"https:\/\/radioljubuski.ba\/?s={search_term_string}"},"query-input":{"@type":"PropertyValueSpecification","valueRequired":true,"valueName":"search_term_string"}}],"inLanguage":"hr"},{"@type":"Organization","@id":"https:\/\/radioljubuski.ba\/#organization","name":"Radio Ljubu\u0161ki","url":"https:\/\/radioljubuski.ba\/","logo":{"@type":"ImageObject","inLanguage":"hr","@id":"https:\/\/radioljubuski.ba\/#\/schema\/logo\/image\/","url":"https:\/\/radioljubuski.ba\/wp-content\/uploads\/2021\/02\/cropped-Radio_Ljubuski_logo1.jpg","contentUrl":"https:\/\/radioljubuski.ba\/wp-content\/uploads\/2021\/02\/cropped-Radio_Ljubuski_logo1.jpg","width":512,"height":512,"caption":"Radio Ljubu\u0161ki"},"image":{"@id":"https:\/\/radioljubuski.ba\/#\/schema\/logo\/image\/"},"sameAs":["https:\/\/www.facebook.com\/Radiio-Ljubuski-1490835324566332","https:\/\/x.com\/radioljubuski","https:\/\/hr.linkedin.com\/company\/radio-ljubuski","https:\/\/www.youtube.com\/channel\/UCHYaeO_n0Db3tjNGudGpXyw"]},{"@type":"Person","@id":"https:\/\/radioljubuski.ba\/#\/schema\/person\/19fc700381a780f69665d7956c469e3b","name":"Radio Ljubu\u0161ki"}]}},"_links":{"self":[{"href":"https:\/\/radioljubuski.ba\/index.php\/wp-json\/wp\/v2\/posts\/134646","targetHints":{"allow":["GET"]}}],"collection":[{"href":"https:\/\/radioljubuski.ba\/index.php\/wp-json\/wp\/v2\/posts"}],"about":[{"href":"https:\/\/radioljubuski.ba\/index.php\/wp-json\/wp\/v2\/types\/post"}],"author":[{"embeddable":true,"href":"https:\/\/radioljubuski.ba\/index.php\/wp-json\/wp\/v2\/users\/2"}],"replies":[{"embeddable":true,"href":"https:\/\/radioljubuski.ba\/index.php\/wp-json\/wp\/v2\/comments?post=134646"}],"version-history":[{"count":1,"href":"https:\/\/radioljubuski.ba\/index.php\/wp-json\/wp\/v2\/posts\/134646\/revisions"}],"predecessor-version":[{"id":134647,"href":"https:\/\/radioljubuski.ba\/index.php\/wp-json\/wp\/v2\/posts\/134646\/revisions\/134647"}],"wp:featuredmedia":[{"embeddable":true,"href":"https:\/\/radioljubuski.ba\/index.php\/wp-json\/wp\/v2\/media\/25858"}],"wp:attachment":[{"href":"https:\/\/radioljubuski.ba\/index.php\/wp-json\/wp\/v2\/media?parent=134646"}],"wp:term":[{"taxonomy":"category","embeddable":true,"href":"https:\/\/radioljubuski.ba\/index.php\/wp-json\/wp\/v2\/categories?post=134646"},{"taxonomy":"post_tag","embeddable":true,"href":"https:\/\/radioljubuski.ba\/index.php\/wp-json\/wp\/v2\/tags?post=134646"}],"curies":[{"name":"wp","href":"https:\/\/api.w.org\/{rel}","templated":true}]}}