{"id":134685,"date":"2022-04-21T09:38:32","date_gmt":"2022-04-21T08:38:32","guid":{"rendered":"https:\/\/radioljubuski.ba\/?p=134685"},"modified":"2022-04-21T09:38:33","modified_gmt":"2022-04-21T08:38:33","slug":"sunsi-bez-bookera-u-sljedece-dvije-utakmice","status":"publish","type":"post","link":"https:\/\/radioljubuski.ba\/index.php\/2022\/04\/21\/sunsi-bez-bookera-u-sljedece-dvije-utakmice\/","title":{"rendered":"Sunsi bez Bookera u sljede\u0107e dvije utakmice"},"content":{"rendered":"\n<p>Najbolji igra\u010d najbolje mom\u010dadi liga\u0161kog dijela NBA sezone Phoenix Sunsa <strong>Devin Booker <\/strong>zbog ozljede butnog mi\u0161i\u0107a, koju je zadobio tijekom druge utakmice prvog kruga doigravanja protiv New Orleans Pelicansa, najvjerojatnije \u0107e propustiti tre\u0107i i \u010detvrti dvoboj.<\/p>\n\n\n\n<p>Prema aktualnim procjenama Booker \u0107e morati pauzirati oko tjedan dana.<\/p>\n\n\n\n<p>Booker se ozlijedio u tre\u0107oj \u010detvrtini druge utakmice protiv Pelicansa koju su Sunsi u kona\u010dnici izgubili na svom parketu sa 114-125 pa je sada omjer u pobjedama izjedna\u010den na 1-1, a tre\u0107a i \u010detvrta utakmica igrat \u0107e se u New Orleansu.<\/p>\n\n\n\n<p>&#8211; Ve\u0107 smo igrali bez Bookera i <strong>Chrisa Paula<\/strong>. Ako Book ne\u0107e biti spreman, na njegovo \u0107e mjesto morati usko\u010diti sljede\u0107i igra\u010d s popisa, kazao je trener Sunsa <strong>Monty Williams<\/strong>.<\/p>\n\n\n\n<p>No, i Williams mora biti svjestan kako \u0107e te\u0161ko nadomjestiti Bookerov izostanak, on je do ozljede ubacio 31 ko\u0161 te se \u010dinilo kako \u0107e Sunsi lako povesti s 2-0 u pobjedama.<\/p>\n\n\n\n<p>Ove sezone Booker je propustio 14 utakmica, a bez njega su Sunsi ostvarili u\u010dinak od 8-6, dok su s njim u postavi bili na 56-12.<\/p>\n\n\n\n<p>Mom\u010dad koja prva ostvari \u010detiri pobjede izborit \u0107e prolazak u drugi krug doigravanja.<\/p>\n\n\n\n<p>Izvor:hrt.hr<\/p>\n","protected":false},"excerpt":{"rendered":"<p>Najbolji igra\u010d najbolje mom\u010dadi liga\u0161kog dijela NBA sezone Phoenix Sunsa Devin Booker zbog ozljede butnog mi\u0161i\u0107a, koju je zadobio tijekom druge utakmice prvog kruga doigravanja protiv New Orleans Pelicansa, najvjerojatnije \u0107e propustiti tre\u0107i i \u010detvrti dvoboj. Prema aktualnim procjenama Booker \u0107e morati pauzirati oko tjedan dana. Booker se ozlijedio u tre\u0107oj \u010detvrtini druge utakmice protiv [&hellip;]<\/p>\n","protected":false},"author":2,"featured_media":134686,"comment_status":"closed","ping_status":"closed","sticky":false,"template":"","format":"standard","meta":{"h5ap_radio_sources":[],"footnotes":""},"categories":[7],"tags":[],"class_list":["post-134685","post","type-post","status-publish","format-standard","has-post-thumbnail","hentry","category-sport"],"yoast_head":"<!-- This site is optimized with the Yoast SEO plugin v27.4 - https:\/\/yoast.com\/product\/yoast-seo-wordpress\/ -->\n<title>Sunsi bez Bookera u sljede\u0107e dvije utakmice - RADIO LJUBU\u0160KI<\/title>\n<meta name=\"robots\" content=\"index, follow, max-snippet:-1, max-image-preview:large, max-video-preview:-1\" \/>\n<link rel=\"canonical\" href=\"https:\/\/radioljubuski.ba\/index.php\/2022\/04\/21\/sunsi-bez-bookera-u-sljedece-dvije-utakmice\/\" \/>\n<meta property=\"og:locale\" content=\"hr_HR\" \/>\n<meta property=\"og:type\" content=\"article\" \/>\n<meta property=\"og:title\" content=\"Sunsi bez Bookera u sljede\u0107e dvije utakmice - RADIO LJUBU\u0160KI\" \/>\n<meta property=\"og:description\" content=\"Najbolji igra\u010d najbolje mom\u010dadi liga\u0161kog dijela NBA sezone Phoenix Sunsa Devin Booker zbog ozljede butnog mi\u0161i\u0107a, koju je zadobio tijekom druge utakmice prvog kruga doigravanja protiv New Orleans Pelicansa, najvjerojatnije \u0107e propustiti tre\u0107i i \u010detvrti dvoboj. Prema aktualnim procjenama Booker \u0107e morati pauzirati oko tjedan dana. Booker se ozlijedio u tre\u0107oj \u010detvrtini druge utakmice protiv [&hellip;]\" \/>\n<meta property=\"og:url\" content=\"https:\/\/radioljubuski.ba\/index.php\/2022\/04\/21\/sunsi-bez-bookera-u-sljedece-dvije-utakmice\/\" \/>\n<meta property=\"og:site_name\" content=\"RADIO LJUBU\u0160KI\" \/>\n<meta property=\"article:publisher\" content=\"https:\/\/www.facebook.com\/Radiio-Ljubuski-1490835324566332\" \/>\n<meta property=\"article:published_time\" content=\"2022-04-21T08:38:32+00:00\" \/>\n<meta property=\"article:modified_time\" content=\"2022-04-21T08:38:33+00:00\" \/>\n<meta property=\"og:image\" content=\"https:\/\/radioljubuski.ba\/wp-content\/uploads\/2022\/04\/2022-04-09t042847z-1894675849-mt1usatoday18048466-rtrmadp-3-nba-phoenix-suns-at-utah-jazz-20220420203239.jpg\" \/>\n\t<meta property=\"og:image:width\" content=\"1500\" \/>\n\t<meta property=\"og:image:height\" content=\"1000\" \/>\n\t<meta property=\"og:image:type\" content=\"image\/jpeg\" \/>\n<meta name=\"author\" content=\"Radio Ljubu\u0161ki\" \/>\n<meta name=\"twitter:card\" content=\"summary_large_image\" \/>\n<meta name=\"twitter:creator\" content=\"@radioljubuski\" \/>\n<meta name=\"twitter:site\" content=\"@radioljubuski\" \/>\n<meta name=\"twitter:label1\" content=\"Napisao\/la\" \/>\n\t<meta name=\"twitter:data1\" content=\"Radio Ljubu\u0161ki\" \/>\n\t<meta name=\"twitter:label2\" content=\"Procijenjeno vrijeme \u010ditanja\" \/>\n\t<meta name=\"twitter:data2\" content=\"1 minuta\" \/>\n<script type=\"application\/ld+json\" class=\"yoast-schema-graph\">{\"@context\":\"https:\\\/\\\/schema.org\",\"@graph\":[{\"@type\":\"Article\",\"@id\":\"https:\\\/\\\/radioljubuski.ba\\\/index.php\\\/2022\\\/04\\\/21\\\/sunsi-bez-bookera-u-sljedece-dvije-utakmice\\\/#article\",\"isPartOf\":{\"@id\":\"https:\\\/\\\/radioljubuski.ba\\\/index.php\\\/2022\\\/04\\\/21\\\/sunsi-bez-bookera-u-sljedece-dvije-utakmice\\\/\"},\"author\":{\"name\":\"Radio Ljubu\u0161ki\",\"@id\":\"https:\\\/\\\/radioljubuski.ba\\\/#\\\/schema\\\/person\\\/19fc700381a780f69665d7956c469e3b\"},\"headline\":\"Sunsi bez Bookera u sljede\u0107e dvije utakmice\",\"datePublished\":\"2022-04-21T08:38:32+00:00\",\"dateModified\":\"2022-04-21T08:38:33+00:00\",\"mainEntityOfPage\":{\"@id\":\"https:\\\/\\\/radioljubuski.ba\\\/index.php\\\/2022\\\/04\\\/21\\\/sunsi-bez-bookera-u-sljedece-dvije-utakmice\\\/\"},\"wordCount\":210,\"publisher\":{\"@id\":\"https:\\\/\\\/radioljubuski.ba\\\/#organization\"},\"image\":{\"@id\":\"https:\\\/\\\/radioljubuski.ba\\\/index.php\\\/2022\\\/04\\\/21\\\/sunsi-bez-bookera-u-sljedece-dvije-utakmice\\\/#primaryimage\"},\"thumbnailUrl\":\"https:\\\/\\\/radioljubuski.ba\\\/wp-content\\\/uploads\\\/2022\\\/04\\\/2022-04-09t042847z-1894675849-mt1usatoday18048466-rtrmadp-3-nba-phoenix-suns-at-utah-jazz-20220420203239.jpg\",\"articleSection\":[\"\u0160port\"],\"inLanguage\":\"hr\"},{\"@type\":\"WebPage\",\"@id\":\"https:\\\/\\\/radioljubuski.ba\\\/index.php\\\/2022\\\/04\\\/21\\\/sunsi-bez-bookera-u-sljedece-dvije-utakmice\\\/\",\"url\":\"https:\\\/\\\/radioljubuski.ba\\\/index.php\\\/2022\\\/04\\\/21\\\/sunsi-bez-bookera-u-sljedece-dvije-utakmice\\\/\",\"name\":\"Sunsi bez Bookera u sljede\u0107e dvije utakmice - RADIO LJUBU\u0160KI\",\"isPartOf\":{\"@id\":\"https:\\\/\\\/radioljubuski.ba\\\/#website\"},\"primaryImageOfPage\":{\"@id\":\"https:\\\/\\\/radioljubuski.ba\\\/index.php\\\/2022\\\/04\\\/21\\\/sunsi-bez-bookera-u-sljedece-dvije-utakmice\\\/#primaryimage\"},\"image\":{\"@id\":\"https:\\\/\\\/radioljubuski.ba\\\/index.php\\\/2022\\\/04\\\/21\\\/sunsi-bez-bookera-u-sljedece-dvije-utakmice\\\/#primaryimage\"},\"thumbnailUrl\":\"https:\\\/\\\/radioljubuski.ba\\\/wp-content\\\/uploads\\\/2022\\\/04\\\/2022-04-09t042847z-1894675849-mt1usatoday18048466-rtrmadp-3-nba-phoenix-suns-at-utah-jazz-20220420203239.jpg\",\"datePublished\":\"2022-04-21T08:38:32+00:00\",\"dateModified\":\"2022-04-21T08:38:33+00:00\",\"breadcrumb\":{\"@id\":\"https:\\\/\\\/radioljubuski.ba\\\/index.php\\\/2022\\\/04\\\/21\\\/sunsi-bez-bookera-u-sljedece-dvije-utakmice\\\/#breadcrumb\"},\"inLanguage\":\"hr\",\"potentialAction\":[{\"@type\":\"ReadAction\",\"target\":[\"https:\\\/\\\/radioljubuski.ba\\\/index.php\\\/2022\\\/04\\\/21\\\/sunsi-bez-bookera-u-sljedece-dvije-utakmice\\\/\"]}]},{\"@type\":\"ImageObject\",\"inLanguage\":\"hr\",\"@id\":\"https:\\\/\\\/radioljubuski.ba\\\/index.php\\\/2022\\\/04\\\/21\\\/sunsi-bez-bookera-u-sljedece-dvije-utakmice\\\/#primaryimage\",\"url\":\"https:\\\/\\\/radioljubuski.ba\\\/wp-content\\\/uploads\\\/2022\\\/04\\\/2022-04-09t042847z-1894675849-mt1usatoday18048466-rtrmadp-3-nba-phoenix-suns-at-utah-jazz-20220420203239.jpg\",\"contentUrl\":\"https:\\\/\\\/radioljubuski.ba\\\/wp-content\\\/uploads\\\/2022\\\/04\\\/2022-04-09t042847z-1894675849-mt1usatoday18048466-rtrmadp-3-nba-phoenix-suns-at-utah-jazz-20220420203239.jpg\",\"width\":1500,\"height\":1000},{\"@type\":\"BreadcrumbList\",\"@id\":\"https:\\\/\\\/radioljubuski.ba\\\/index.php\\\/2022\\\/04\\\/21\\\/sunsi-bez-bookera-u-sljedece-dvije-utakmice\\\/#breadcrumb\",\"itemListElement\":[{\"@type\":\"ListItem\",\"position\":1,\"name\":\"Po\u010detna stranica\",\"item\":\"https:\\\/\\\/radioljubuski.ba\\\/\"},{\"@type\":\"ListItem\",\"position\":2,\"name\":\"Sunsi bez Bookera u sljede\u0107e dvije utakmice\"}]},{\"@type\":\"WebSite\",\"@id\":\"https:\\\/\\\/radioljubuski.ba\\\/#website\",\"url\":\"https:\\\/\\\/radioljubuski.ba\\\/\",\"name\":\"Radio Ljubu\u0161ki\",\"description\":\"Sun\u010dana frekvencija Hercegovine\",\"publisher\":{\"@id\":\"https:\\\/\\\/radioljubuski.ba\\\/#organization\"},\"potentialAction\":[{\"@type\":\"SearchAction\",\"target\":{\"@type\":\"EntryPoint\",\"urlTemplate\":\"https:\\\/\\\/radioljubuski.ba\\\/?s={search_term_string}\"},\"query-input\":{\"@type\":\"PropertyValueSpecification\",\"valueRequired\":true,\"valueName\":\"search_term_string\"}}],\"inLanguage\":\"hr\"},{\"@type\":\"Organization\",\"@id\":\"https:\\\/\\\/radioljubuski.ba\\\/#organization\",\"name\":\"Radio Ljubu\u0161ki\",\"url\":\"https:\\\/\\\/radioljubuski.ba\\\/\",\"logo\":{\"@type\":\"ImageObject\",\"inLanguage\":\"hr\",\"@id\":\"https:\\\/\\\/radioljubuski.ba\\\/#\\\/schema\\\/logo\\\/image\\\/\",\"url\":\"https:\\\/\\\/radioljubuski.ba\\\/wp-content\\\/uploads\\\/2021\\\/02\\\/cropped-Radio_Ljubuski_logo1.jpg\",\"contentUrl\":\"https:\\\/\\\/radioljubuski.ba\\\/wp-content\\\/uploads\\\/2021\\\/02\\\/cropped-Radio_Ljubuski_logo1.jpg\",\"width\":512,\"height\":512,\"caption\":\"Radio Ljubu\u0161ki\"},\"image\":{\"@id\":\"https:\\\/\\\/radioljubuski.ba\\\/#\\\/schema\\\/logo\\\/image\\\/\"},\"sameAs\":[\"https:\\\/\\\/www.facebook.com\\\/Radiio-Ljubuski-1490835324566332\",\"https:\\\/\\\/x.com\\\/radioljubuski\",\"https:\\\/\\\/hr.linkedin.com\\\/company\\\/radio-ljubuski\",\"https:\\\/\\\/www.youtube.com\\\/channel\\\/UCHYaeO_n0Db3tjNGudGpXyw\"]},{\"@type\":\"Person\",\"@id\":\"https:\\\/\\\/radioljubuski.ba\\\/#\\\/schema\\\/person\\\/19fc700381a780f69665d7956c469e3b\",\"name\":\"Radio Ljubu\u0161ki\"}]}<\/script>\n<!-- \/ Yoast SEO plugin. -->","yoast_head_json":{"title":"Sunsi bez Bookera u sljede\u0107e dvije utakmice - RADIO LJUBU\u0160KI","robots":{"index":"index","follow":"follow","max-snippet":"max-snippet:-1","max-image-preview":"max-image-preview:large","max-video-preview":"max-video-preview:-1"},"canonical":"https:\/\/radioljubuski.ba\/index.php\/2022\/04\/21\/sunsi-bez-bookera-u-sljedece-dvije-utakmice\/","og_locale":"hr_HR","og_type":"article","og_title":"Sunsi bez Bookera u sljede\u0107e dvije utakmice - RADIO LJUBU\u0160KI","og_description":"Najbolji igra\u010d najbolje mom\u010dadi liga\u0161kog dijela NBA sezone Phoenix Sunsa Devin Booker zbog ozljede butnog mi\u0161i\u0107a, koju je zadobio tijekom druge utakmice prvog kruga doigravanja protiv New Orleans Pelicansa, najvjerojatnije \u0107e propustiti tre\u0107i i \u010detvrti dvoboj. Prema aktualnim procjenama Booker \u0107e morati pauzirati oko tjedan dana. Booker se ozlijedio u tre\u0107oj \u010detvrtini druge utakmice protiv [&hellip;]","og_url":"https:\/\/radioljubuski.ba\/index.php\/2022\/04\/21\/sunsi-bez-bookera-u-sljedece-dvije-utakmice\/","og_site_name":"RADIO LJUBU\u0160KI","article_publisher":"https:\/\/www.facebook.com\/Radiio-Ljubuski-1490835324566332","article_published_time":"2022-04-21T08:38:32+00:00","article_modified_time":"2022-04-21T08:38:33+00:00","og_image":[{"width":1500,"height":1000,"url":"https:\/\/radioljubuski.ba\/wp-content\/uploads\/2022\/04\/2022-04-09t042847z-1894675849-mt1usatoday18048466-rtrmadp-3-nba-phoenix-suns-at-utah-jazz-20220420203239.jpg","type":"image\/jpeg"}],"author":"Radio Ljubu\u0161ki","twitter_card":"summary_large_image","twitter_creator":"@radioljubuski","twitter_site":"@radioljubuski","twitter_misc":{"Napisao\/la":"Radio Ljubu\u0161ki","Procijenjeno vrijeme \u010ditanja":"1 minuta"},"schema":{"@context":"https:\/\/schema.org","@graph":[{"@type":"Article","@id":"https:\/\/radioljubuski.ba\/index.php\/2022\/04\/21\/sunsi-bez-bookera-u-sljedece-dvije-utakmice\/#article","isPartOf":{"@id":"https:\/\/radioljubuski.ba\/index.php\/2022\/04\/21\/sunsi-bez-bookera-u-sljedece-dvije-utakmice\/"},"author":{"name":"Radio Ljubu\u0161ki","@id":"https:\/\/radioljubuski.ba\/#\/schema\/person\/19fc700381a780f69665d7956c469e3b"},"headline":"Sunsi bez Bookera u sljede\u0107e dvije utakmice","datePublished":"2022-04-21T08:38:32+00:00","dateModified":"2022-04-21T08:38:33+00:00","mainEntityOfPage":{"@id":"https:\/\/radioljubuski.ba\/index.php\/2022\/04\/21\/sunsi-bez-bookera-u-sljedece-dvije-utakmice\/"},"wordCount":210,"publisher":{"@id":"https:\/\/radioljubuski.ba\/#organization"},"image":{"@id":"https:\/\/radioljubuski.ba\/index.php\/2022\/04\/21\/sunsi-bez-bookera-u-sljedece-dvije-utakmice\/#primaryimage"},"thumbnailUrl":"https:\/\/radioljubuski.ba\/wp-content\/uploads\/2022\/04\/2022-04-09t042847z-1894675849-mt1usatoday18048466-rtrmadp-3-nba-phoenix-suns-at-utah-jazz-20220420203239.jpg","articleSection":["\u0160port"],"inLanguage":"hr"},{"@type":"WebPage","@id":"https:\/\/radioljubuski.ba\/index.php\/2022\/04\/21\/sunsi-bez-bookera-u-sljedece-dvije-utakmice\/","url":"https:\/\/radioljubuski.ba\/index.php\/2022\/04\/21\/sunsi-bez-bookera-u-sljedece-dvije-utakmice\/","name":"Sunsi bez Bookera u sljede\u0107e dvije utakmice - RADIO LJUBU\u0160KI","isPartOf":{"@id":"https:\/\/radioljubuski.ba\/#website"},"primaryImageOfPage":{"@id":"https:\/\/radioljubuski.ba\/index.php\/2022\/04\/21\/sunsi-bez-bookera-u-sljedece-dvije-utakmice\/#primaryimage"},"image":{"@id":"https:\/\/radioljubuski.ba\/index.php\/2022\/04\/21\/sunsi-bez-bookera-u-sljedece-dvije-utakmice\/#primaryimage"},"thumbnailUrl":"https:\/\/radioljubuski.ba\/wp-content\/uploads\/2022\/04\/2022-04-09t042847z-1894675849-mt1usatoday18048466-rtrmadp-3-nba-phoenix-suns-at-utah-jazz-20220420203239.jpg","datePublished":"2022-04-21T08:38:32+00:00","dateModified":"2022-04-21T08:38:33+00:00","breadcrumb":{"@id":"https:\/\/radioljubuski.ba\/index.php\/2022\/04\/21\/sunsi-bez-bookera-u-sljedece-dvije-utakmice\/#breadcrumb"},"inLanguage":"hr","potentialAction":[{"@type":"ReadAction","target":["https:\/\/radioljubuski.ba\/index.php\/2022\/04\/21\/sunsi-bez-bookera-u-sljedece-dvije-utakmice\/"]}]},{"@type":"ImageObject","inLanguage":"hr","@id":"https:\/\/radioljubuski.ba\/index.php\/2022\/04\/21\/sunsi-bez-bookera-u-sljedece-dvije-utakmice\/#primaryimage","url":"https:\/\/radioljubuski.ba\/wp-content\/uploads\/2022\/04\/2022-04-09t042847z-1894675849-mt1usatoday18048466-rtrmadp-3-nba-phoenix-suns-at-utah-jazz-20220420203239.jpg","contentUrl":"https:\/\/radioljubuski.ba\/wp-content\/uploads\/2022\/04\/2022-04-09t042847z-1894675849-mt1usatoday18048466-rtrmadp-3-nba-phoenix-suns-at-utah-jazz-20220420203239.jpg","width":1500,"height":1000},{"@type":"BreadcrumbList","@id":"https:\/\/radioljubuski.ba\/index.php\/2022\/04\/21\/sunsi-bez-bookera-u-sljedece-dvije-utakmice\/#breadcrumb","itemListElement":[{"@type":"ListItem","position":1,"name":"Po\u010detna stranica","item":"https:\/\/radioljubuski.ba\/"},{"@type":"ListItem","position":2,"name":"Sunsi bez Bookera u sljede\u0107e dvije utakmice"}]},{"@type":"WebSite","@id":"https:\/\/radioljubuski.ba\/#website","url":"https:\/\/radioljubuski.ba\/","name":"Radio Ljubu\u0161ki","description":"Sun\u010dana frekvencija Hercegovine","publisher":{"@id":"https:\/\/radioljubuski.ba\/#organization"},"potentialAction":[{"@type":"SearchAction","target":{"@type":"EntryPoint","urlTemplate":"https:\/\/radioljubuski.ba\/?s={search_term_string}"},"query-input":{"@type":"PropertyValueSpecification","valueRequired":true,"valueName":"search_term_string"}}],"inLanguage":"hr"},{"@type":"Organization","@id":"https:\/\/radioljubuski.ba\/#organization","name":"Radio Ljubu\u0161ki","url":"https:\/\/radioljubuski.ba\/","logo":{"@type":"ImageObject","inLanguage":"hr","@id":"https:\/\/radioljubuski.ba\/#\/schema\/logo\/image\/","url":"https:\/\/radioljubuski.ba\/wp-content\/uploads\/2021\/02\/cropped-Radio_Ljubuski_logo1.jpg","contentUrl":"https:\/\/radioljubuski.ba\/wp-content\/uploads\/2021\/02\/cropped-Radio_Ljubuski_logo1.jpg","width":512,"height":512,"caption":"Radio Ljubu\u0161ki"},"image":{"@id":"https:\/\/radioljubuski.ba\/#\/schema\/logo\/image\/"},"sameAs":["https:\/\/www.facebook.com\/Radiio-Ljubuski-1490835324566332","https:\/\/x.com\/radioljubuski","https:\/\/hr.linkedin.com\/company\/radio-ljubuski","https:\/\/www.youtube.com\/channel\/UCHYaeO_n0Db3tjNGudGpXyw"]},{"@type":"Person","@id":"https:\/\/radioljubuski.ba\/#\/schema\/person\/19fc700381a780f69665d7956c469e3b","name":"Radio Ljubu\u0161ki"}]}},"_links":{"self":[{"href":"https:\/\/radioljubuski.ba\/index.php\/wp-json\/wp\/v2\/posts\/134685","targetHints":{"allow":["GET"]}}],"collection":[{"href":"https:\/\/radioljubuski.ba\/index.php\/wp-json\/wp\/v2\/posts"}],"about":[{"href":"https:\/\/radioljubuski.ba\/index.php\/wp-json\/wp\/v2\/types\/post"}],"author":[{"embeddable":true,"href":"https:\/\/radioljubuski.ba\/index.php\/wp-json\/wp\/v2\/users\/2"}],"replies":[{"embeddable":true,"href":"https:\/\/radioljubuski.ba\/index.php\/wp-json\/wp\/v2\/comments?post=134685"}],"version-history":[{"count":1,"href":"https:\/\/radioljubuski.ba\/index.php\/wp-json\/wp\/v2\/posts\/134685\/revisions"}],"predecessor-version":[{"id":134687,"href":"https:\/\/radioljubuski.ba\/index.php\/wp-json\/wp\/v2\/posts\/134685\/revisions\/134687"}],"wp:featuredmedia":[{"embeddable":true,"href":"https:\/\/radioljubuski.ba\/index.php\/wp-json\/wp\/v2\/media\/134686"}],"wp:attachment":[{"href":"https:\/\/radioljubuski.ba\/index.php\/wp-json\/wp\/v2\/media?parent=134685"}],"wp:term":[{"taxonomy":"category","embeddable":true,"href":"https:\/\/radioljubuski.ba\/index.php\/wp-json\/wp\/v2\/categories?post=134685"},{"taxonomy":"post_tag","embeddable":true,"href":"https:\/\/radioljubuski.ba\/index.php\/wp-json\/wp\/v2\/tags?post=134685"}],"curies":[{"name":"wp","href":"https:\/\/api.w.org\/{rel}","templated":true}]}}