{"id":134694,"date":"2022-04-21T09:44:46","date_gmt":"2022-04-21T08:44:46","guid":{"rendered":"https:\/\/radioljubuski.ba\/?p=134694"},"modified":"2022-04-21T09:44:47","modified_gmt":"2022-04-21T08:44:47","slug":"martic-preokretom-do-drugog-kola-u-istanbulu","status":"publish","type":"post","link":"https:\/\/radioljubuski.ba\/index.php\/2022\/04\/21\/martic-preokretom-do-drugog-kola-u-istanbulu\/","title":{"rendered":"Marti\u0107 preokretom do drugog kola u Istanbulu"},"content":{"rendered":"\n<p>Najbolja hrvatska tenisa\u010dica <strong>Petra Marti\u0107<\/strong> (WTA &#8211; 60.) izborila je plasman u drugo kolo WTA turnira u Istanbulu, gdje je u prvom kolu svladala 4. nositeljicu, Ukrajinku <strong>Anhelinu Kalinjinu<\/strong> sa 3-6, 7-5, 7-6 (5) nakon dva sata i 44 minute.<\/p>\n\n\n\n<p>Jedan lo\u0161 servis-gem ko\u0161tao je Petru prvog seta, a odigrala ga je u osmom gemu. Nakon \u0161to je u prva tri gema na po\u010detnom udarcu izgubila samo jedan poen, hrvatska tenisa\u010dica je izgubila servis osvojiv\u0161i svega jedan poen, a Kalinjina je u sljede\u0107em gemu stvorenu prednost preto\u010dila u osvajanje prvog seta.<br><br>Ukrajinska tenisa\u010dica je bolje otvorila drugi set i povela sa 3-1 te imala jo\u0161 \u010detiri prilike za dvostruki &#8216;break&#8217; u maratonskom petom gemu. Kalinjina je dr\u017eala prednost do 5-3 u drugom setu, a onda je Marti\u0107 nanizala \u010detiri gema uz gubitak od samo \u010detiri poena za izjedna\u010denje od 1-1 u setovima.<\/p>\n\n\n\n<p>Nakon \u0161to su jedna drugoj oduzele servise u tre\u0107em i \u010detvrtom gemu odlu\u010duju\u0107eg seta, Marti\u0107 je &#8216;breakom&#8217; za 5-3 izborila servis za pobjedu. No, ostala je na jednom poenu. Kad je Kalinjina bila u situaciji da servira za produ\u017eetak me\u010da, hrvatska tenisa\u010dica je do\u0161la do me\u010d-lopte, ali je njena bekend paralela bila preduga\u010dka i odnijela tu priliku.<br><br>Kod 6-5 za Marti\u0107 25-godi\u0161nja Ukrajinka ponovno nije imala pravo na gubitak servisa i nije pokleknula. Odvela je me\u010d do odlu\u010duju\u0107eg &#8216;tie-breaka&#8217;.<br><br>Marti\u0107 je povela 4-2 i 5-3, a na 5-4 je sjajnom skra\u0107enom loptom izborila drugu me\u010d-loptu. Nakon iscrpljuju\u0107e duga\u010dke izmjene Kalinjina se jo\u0161 jednom izvukla, ali ne zadugo. Na tre\u0107u me\u010d-loptu, prvu sa servisom, Marti\u0107 je nakon drugog servisa do\u0161la na mre\u017eu i efektnim volejem okon\u010dala me\u010d.<br><br>Najbolja hrvatska tenisa\u010dica \u0107e u 2. kolu igrati protiv 21-godi\u0161nje kvalifikantice <strong>Anastasije Potapove<\/strong> (WTA &#8211; 122.) koja je sa 6-1, 6-4 nadigrala \u010cehinju <strong>Nikolu Bartunkovu<\/strong>.<\/p>\n\n\n\n<p><strong>WTA Istanbul &#8211; 1. kolo:<\/strong><br>Rebecca Peterson (\u0160VE) &#8211; Elise Mertens (BEL\/1) 7-5, 4-1, predaja<\/p>\n\n\n\n<p>Julia Putinceva (KAZ) &#8211; Magda Linette (POLJ) 7-6 (6), 6-4<\/p>\n\n\n\n<p>Lesia Curenko (UKR) &#8211; Anna Karolina Schmiedlova (SLK) 6-0, 6-2<\/p>\n\n\n\n<p>Ajla Tomljanovi\u0107 (AUS\/6) &#8211; Jaimee Fourlis (AUS) 6-1, 6-3<\/p>\n\n\n\n<p>PETRA MARTI\u0106 (HRV) &#8211; Anhelina Kalinjina (UKR\/4) 3-6, 7-5, 7-6 (5)<\/p>\n\n\n\n<p>Anastasia Potapova &#8211; Nikola Bartunkova (\u010cE\u0160) 6-1, 6-4<\/p>\n\n\n\n<p>Varvara Gra\u010deva &#8211; Marie Bouzkova (\u010cE\u0160) 6-3, 7-5<\/p>\n\n\n\n<p>Sara Sorribes Tormo (\u0160PA\/7) &#8211; Wang Qiang (KIN) 6-3, 6-2<\/p>\n\n\n\n<p>Izvor:hrt.hr<\/p>\n","protected":false},"excerpt":{"rendered":"<p>Najbolja hrvatska tenisa\u010dica Petra Marti\u0107 (WTA &#8211; 60.) izborila je plasman u drugo kolo WTA turnira u Istanbulu, gdje je u prvom kolu svladala 4. nositeljicu, Ukrajinku Anhelinu Kalinjinu sa 3-6, 7-5, 7-6 (5) nakon dva sata i 44 minute. Jedan lo\u0161 servis-gem ko\u0161tao je Petru prvog seta, a odigrala ga je u osmom gemu. [&hellip;]<\/p>\n","protected":false},"author":2,"featured_media":12169,"comment_status":"closed","ping_status":"closed","sticky":false,"template":"","format":"standard","meta":{"h5ap_radio_sources":[],"footnotes":""},"categories":[7],"tags":[],"class_list":["post-134694","post","type-post","status-publish","format-standard","has-post-thumbnail","hentry","category-sport"],"yoast_head":"<!-- This site is optimized with the Yoast SEO plugin v27.4 - https:\/\/yoast.com\/product\/yoast-seo-wordpress\/ -->\n<title>Marti\u0107 preokretom do drugog kola u Istanbulu - RADIO LJUBU\u0160KI<\/title>\n<meta name=\"robots\" content=\"index, follow, max-snippet:-1, max-image-preview:large, max-video-preview:-1\" \/>\n<link rel=\"canonical\" href=\"https:\/\/radioljubuski.ba\/index.php\/2022\/04\/21\/martic-preokretom-do-drugog-kola-u-istanbulu\/\" \/>\n<meta property=\"og:locale\" content=\"hr_HR\" \/>\n<meta property=\"og:type\" content=\"article\" \/>\n<meta property=\"og:title\" content=\"Marti\u0107 preokretom do drugog kola u Istanbulu - RADIO LJUBU\u0160KI\" \/>\n<meta property=\"og:description\" content=\"Najbolja hrvatska tenisa\u010dica Petra Marti\u0107 (WTA &#8211; 60.) izborila je plasman u drugo kolo WTA turnira u Istanbulu, gdje je u prvom kolu svladala 4. nositeljicu, Ukrajinku Anhelinu Kalinjinu sa 3-6, 7-5, 7-6 (5) nakon dva sata i 44 minute. Jedan lo\u0161 servis-gem ko\u0161tao je Petru prvog seta, a odigrala ga je u osmom gemu. [&hellip;]\" \/>\n<meta property=\"og:url\" content=\"https:\/\/radioljubuski.ba\/index.php\/2022\/04\/21\/martic-preokretom-do-drugog-kola-u-istanbulu\/\" \/>\n<meta property=\"og:site_name\" content=\"RADIO LJUBU\u0160KI\" \/>\n<meta property=\"article:publisher\" content=\"https:\/\/www.facebook.com\/Radiio-Ljubuski-1490835324566332\" \/>\n<meta property=\"article:published_time\" content=\"2022-04-21T08:44:46+00:00\" \/>\n<meta property=\"article:modified_time\" content=\"2022-04-21T08:44:47+00:00\" \/>\n<meta property=\"og:image\" content=\"https:\/\/radioljubuski.ba\/wp-content\/uploads\/2021\/04\/martic-hrlj.png\" \/>\n\t<meta property=\"og:image:width\" content=\"643\" \/>\n\t<meta property=\"og:image:height\" content=\"362\" \/>\n\t<meta property=\"og:image:type\" content=\"image\/png\" \/>\n<meta name=\"author\" content=\"Radio Ljubu\u0161ki\" \/>\n<meta name=\"twitter:card\" content=\"summary_large_image\" \/>\n<meta name=\"twitter:creator\" content=\"@radioljubuski\" \/>\n<meta name=\"twitter:site\" content=\"@radioljubuski\" \/>\n<meta name=\"twitter:label1\" content=\"Napisao\/la\" \/>\n\t<meta name=\"twitter:data1\" content=\"Radio Ljubu\u0161ki\" \/>\n\t<meta name=\"twitter:label2\" content=\"Procijenjeno vrijeme \u010ditanja\" \/>\n\t<meta name=\"twitter:data2\" content=\"2 minute\" \/>\n<script type=\"application\/ld+json\" class=\"yoast-schema-graph\">{\"@context\":\"https:\\\/\\\/schema.org\",\"@graph\":[{\"@type\":\"Article\",\"@id\":\"https:\\\/\\\/radioljubuski.ba\\\/index.php\\\/2022\\\/04\\\/21\\\/martic-preokretom-do-drugog-kola-u-istanbulu\\\/#article\",\"isPartOf\":{\"@id\":\"https:\\\/\\\/radioljubuski.ba\\\/index.php\\\/2022\\\/04\\\/21\\\/martic-preokretom-do-drugog-kola-u-istanbulu\\\/\"},\"author\":{\"name\":\"Radio Ljubu\u0161ki\",\"@id\":\"https:\\\/\\\/radioljubuski.ba\\\/#\\\/schema\\\/person\\\/19fc700381a780f69665d7956c469e3b\"},\"headline\":\"Marti\u0107 preokretom do drugog kola u Istanbulu\",\"datePublished\":\"2022-04-21T08:44:46+00:00\",\"dateModified\":\"2022-04-21T08:44:47+00:00\",\"mainEntityOfPage\":{\"@id\":\"https:\\\/\\\/radioljubuski.ba\\\/index.php\\\/2022\\\/04\\\/21\\\/martic-preokretom-do-drugog-kola-u-istanbulu\\\/\"},\"wordCount\":409,\"publisher\":{\"@id\":\"https:\\\/\\\/radioljubuski.ba\\\/#organization\"},\"image\":{\"@id\":\"https:\\\/\\\/radioljubuski.ba\\\/index.php\\\/2022\\\/04\\\/21\\\/martic-preokretom-do-drugog-kola-u-istanbulu\\\/#primaryimage\"},\"thumbnailUrl\":\"https:\\\/\\\/radioljubuski.ba\\\/wp-content\\\/uploads\\\/2021\\\/04\\\/martic-hrlj.png\",\"articleSection\":[\"\u0160port\"],\"inLanguage\":\"hr\"},{\"@type\":\"WebPage\",\"@id\":\"https:\\\/\\\/radioljubuski.ba\\\/index.php\\\/2022\\\/04\\\/21\\\/martic-preokretom-do-drugog-kola-u-istanbulu\\\/\",\"url\":\"https:\\\/\\\/radioljubuski.ba\\\/index.php\\\/2022\\\/04\\\/21\\\/martic-preokretom-do-drugog-kola-u-istanbulu\\\/\",\"name\":\"Marti\u0107 preokretom do drugog kola u Istanbulu - RADIO LJUBU\u0160KI\",\"isPartOf\":{\"@id\":\"https:\\\/\\\/radioljubuski.ba\\\/#website\"},\"primaryImageOfPage\":{\"@id\":\"https:\\\/\\\/radioljubuski.ba\\\/index.php\\\/2022\\\/04\\\/21\\\/martic-preokretom-do-drugog-kola-u-istanbulu\\\/#primaryimage\"},\"image\":{\"@id\":\"https:\\\/\\\/radioljubuski.ba\\\/index.php\\\/2022\\\/04\\\/21\\\/martic-preokretom-do-drugog-kola-u-istanbulu\\\/#primaryimage\"},\"thumbnailUrl\":\"https:\\\/\\\/radioljubuski.ba\\\/wp-content\\\/uploads\\\/2021\\\/04\\\/martic-hrlj.png\",\"datePublished\":\"2022-04-21T08:44:46+00:00\",\"dateModified\":\"2022-04-21T08:44:47+00:00\",\"breadcrumb\":{\"@id\":\"https:\\\/\\\/radioljubuski.ba\\\/index.php\\\/2022\\\/04\\\/21\\\/martic-preokretom-do-drugog-kola-u-istanbulu\\\/#breadcrumb\"},\"inLanguage\":\"hr\",\"potentialAction\":[{\"@type\":\"ReadAction\",\"target\":[\"https:\\\/\\\/radioljubuski.ba\\\/index.php\\\/2022\\\/04\\\/21\\\/martic-preokretom-do-drugog-kola-u-istanbulu\\\/\"]}]},{\"@type\":\"ImageObject\",\"inLanguage\":\"hr\",\"@id\":\"https:\\\/\\\/radioljubuski.ba\\\/index.php\\\/2022\\\/04\\\/21\\\/martic-preokretom-do-drugog-kola-u-istanbulu\\\/#primaryimage\",\"url\":\"https:\\\/\\\/radioljubuski.ba\\\/wp-content\\\/uploads\\\/2021\\\/04\\\/martic-hrlj.png\",\"contentUrl\":\"https:\\\/\\\/radioljubuski.ba\\\/wp-content\\\/uploads\\\/2021\\\/04\\\/martic-hrlj.png\",\"width\":643,\"height\":362},{\"@type\":\"BreadcrumbList\",\"@id\":\"https:\\\/\\\/radioljubuski.ba\\\/index.php\\\/2022\\\/04\\\/21\\\/martic-preokretom-do-drugog-kola-u-istanbulu\\\/#breadcrumb\",\"itemListElement\":[{\"@type\":\"ListItem\",\"position\":1,\"name\":\"Po\u010detna stranica\",\"item\":\"https:\\\/\\\/radioljubuski.ba\\\/\"},{\"@type\":\"ListItem\",\"position\":2,\"name\":\"Marti\u0107 preokretom do drugog kola u Istanbulu\"}]},{\"@type\":\"WebSite\",\"@id\":\"https:\\\/\\\/radioljubuski.ba\\\/#website\",\"url\":\"https:\\\/\\\/radioljubuski.ba\\\/\",\"name\":\"Radio Ljubu\u0161ki\",\"description\":\"Sun\u010dana frekvencija Hercegovine\",\"publisher\":{\"@id\":\"https:\\\/\\\/radioljubuski.ba\\\/#organization\"},\"potentialAction\":[{\"@type\":\"SearchAction\",\"target\":{\"@type\":\"EntryPoint\",\"urlTemplate\":\"https:\\\/\\\/radioljubuski.ba\\\/?s={search_term_string}\"},\"query-input\":{\"@type\":\"PropertyValueSpecification\",\"valueRequired\":true,\"valueName\":\"search_term_string\"}}],\"inLanguage\":\"hr\"},{\"@type\":\"Organization\",\"@id\":\"https:\\\/\\\/radioljubuski.ba\\\/#organization\",\"name\":\"Radio Ljubu\u0161ki\",\"url\":\"https:\\\/\\\/radioljubuski.ba\\\/\",\"logo\":{\"@type\":\"ImageObject\",\"inLanguage\":\"hr\",\"@id\":\"https:\\\/\\\/radioljubuski.ba\\\/#\\\/schema\\\/logo\\\/image\\\/\",\"url\":\"https:\\\/\\\/radioljubuski.ba\\\/wp-content\\\/uploads\\\/2021\\\/02\\\/cropped-Radio_Ljubuski_logo1.jpg\",\"contentUrl\":\"https:\\\/\\\/radioljubuski.ba\\\/wp-content\\\/uploads\\\/2021\\\/02\\\/cropped-Radio_Ljubuski_logo1.jpg\",\"width\":512,\"height\":512,\"caption\":\"Radio Ljubu\u0161ki\"},\"image\":{\"@id\":\"https:\\\/\\\/radioljubuski.ba\\\/#\\\/schema\\\/logo\\\/image\\\/\"},\"sameAs\":[\"https:\\\/\\\/www.facebook.com\\\/Radiio-Ljubuski-1490835324566332\",\"https:\\\/\\\/x.com\\\/radioljubuski\",\"https:\\\/\\\/hr.linkedin.com\\\/company\\\/radio-ljubuski\",\"https:\\\/\\\/www.youtube.com\\\/channel\\\/UCHYaeO_n0Db3tjNGudGpXyw\"]},{\"@type\":\"Person\",\"@id\":\"https:\\\/\\\/radioljubuski.ba\\\/#\\\/schema\\\/person\\\/19fc700381a780f69665d7956c469e3b\",\"name\":\"Radio Ljubu\u0161ki\"}]}<\/script>\n<!-- \/ Yoast SEO plugin. -->","yoast_head_json":{"title":"Marti\u0107 preokretom do drugog kola u Istanbulu - RADIO LJUBU\u0160KI","robots":{"index":"index","follow":"follow","max-snippet":"max-snippet:-1","max-image-preview":"max-image-preview:large","max-video-preview":"max-video-preview:-1"},"canonical":"https:\/\/radioljubuski.ba\/index.php\/2022\/04\/21\/martic-preokretom-do-drugog-kola-u-istanbulu\/","og_locale":"hr_HR","og_type":"article","og_title":"Marti\u0107 preokretom do drugog kola u Istanbulu - RADIO LJUBU\u0160KI","og_description":"Najbolja hrvatska tenisa\u010dica Petra Marti\u0107 (WTA &#8211; 60.) izborila je plasman u drugo kolo WTA turnira u Istanbulu, gdje je u prvom kolu svladala 4. nositeljicu, Ukrajinku Anhelinu Kalinjinu sa 3-6, 7-5, 7-6 (5) nakon dva sata i 44 minute. Jedan lo\u0161 servis-gem ko\u0161tao je Petru prvog seta, a odigrala ga je u osmom gemu. [&hellip;]","og_url":"https:\/\/radioljubuski.ba\/index.php\/2022\/04\/21\/martic-preokretom-do-drugog-kola-u-istanbulu\/","og_site_name":"RADIO LJUBU\u0160KI","article_publisher":"https:\/\/www.facebook.com\/Radiio-Ljubuski-1490835324566332","article_published_time":"2022-04-21T08:44:46+00:00","article_modified_time":"2022-04-21T08:44:47+00:00","og_image":[{"width":643,"height":362,"url":"https:\/\/radioljubuski.ba\/wp-content\/uploads\/2021\/04\/martic-hrlj.png","type":"image\/png"}],"author":"Radio Ljubu\u0161ki","twitter_card":"summary_large_image","twitter_creator":"@radioljubuski","twitter_site":"@radioljubuski","twitter_misc":{"Napisao\/la":"Radio Ljubu\u0161ki","Procijenjeno vrijeme \u010ditanja":"2 minute"},"schema":{"@context":"https:\/\/schema.org","@graph":[{"@type":"Article","@id":"https:\/\/radioljubuski.ba\/index.php\/2022\/04\/21\/martic-preokretom-do-drugog-kola-u-istanbulu\/#article","isPartOf":{"@id":"https:\/\/radioljubuski.ba\/index.php\/2022\/04\/21\/martic-preokretom-do-drugog-kola-u-istanbulu\/"},"author":{"name":"Radio Ljubu\u0161ki","@id":"https:\/\/radioljubuski.ba\/#\/schema\/person\/19fc700381a780f69665d7956c469e3b"},"headline":"Marti\u0107 preokretom do drugog kola u Istanbulu","datePublished":"2022-04-21T08:44:46+00:00","dateModified":"2022-04-21T08:44:47+00:00","mainEntityOfPage":{"@id":"https:\/\/radioljubuski.ba\/index.php\/2022\/04\/21\/martic-preokretom-do-drugog-kola-u-istanbulu\/"},"wordCount":409,"publisher":{"@id":"https:\/\/radioljubuski.ba\/#organization"},"image":{"@id":"https:\/\/radioljubuski.ba\/index.php\/2022\/04\/21\/martic-preokretom-do-drugog-kola-u-istanbulu\/#primaryimage"},"thumbnailUrl":"https:\/\/radioljubuski.ba\/wp-content\/uploads\/2021\/04\/martic-hrlj.png","articleSection":["\u0160port"],"inLanguage":"hr"},{"@type":"WebPage","@id":"https:\/\/radioljubuski.ba\/index.php\/2022\/04\/21\/martic-preokretom-do-drugog-kola-u-istanbulu\/","url":"https:\/\/radioljubuski.ba\/index.php\/2022\/04\/21\/martic-preokretom-do-drugog-kola-u-istanbulu\/","name":"Marti\u0107 preokretom do drugog kola u Istanbulu - RADIO LJUBU\u0160KI","isPartOf":{"@id":"https:\/\/radioljubuski.ba\/#website"},"primaryImageOfPage":{"@id":"https:\/\/radioljubuski.ba\/index.php\/2022\/04\/21\/martic-preokretom-do-drugog-kola-u-istanbulu\/#primaryimage"},"image":{"@id":"https:\/\/radioljubuski.ba\/index.php\/2022\/04\/21\/martic-preokretom-do-drugog-kola-u-istanbulu\/#primaryimage"},"thumbnailUrl":"https:\/\/radioljubuski.ba\/wp-content\/uploads\/2021\/04\/martic-hrlj.png","datePublished":"2022-04-21T08:44:46+00:00","dateModified":"2022-04-21T08:44:47+00:00","breadcrumb":{"@id":"https:\/\/radioljubuski.ba\/index.php\/2022\/04\/21\/martic-preokretom-do-drugog-kola-u-istanbulu\/#breadcrumb"},"inLanguage":"hr","potentialAction":[{"@type":"ReadAction","target":["https:\/\/radioljubuski.ba\/index.php\/2022\/04\/21\/martic-preokretom-do-drugog-kola-u-istanbulu\/"]}]},{"@type":"ImageObject","inLanguage":"hr","@id":"https:\/\/radioljubuski.ba\/index.php\/2022\/04\/21\/martic-preokretom-do-drugog-kola-u-istanbulu\/#primaryimage","url":"https:\/\/radioljubuski.ba\/wp-content\/uploads\/2021\/04\/martic-hrlj.png","contentUrl":"https:\/\/radioljubuski.ba\/wp-content\/uploads\/2021\/04\/martic-hrlj.png","width":643,"height":362},{"@type":"BreadcrumbList","@id":"https:\/\/radioljubuski.ba\/index.php\/2022\/04\/21\/martic-preokretom-do-drugog-kola-u-istanbulu\/#breadcrumb","itemListElement":[{"@type":"ListItem","position":1,"name":"Po\u010detna stranica","item":"https:\/\/radioljubuski.ba\/"},{"@type":"ListItem","position":2,"name":"Marti\u0107 preokretom do drugog kola u Istanbulu"}]},{"@type":"WebSite","@id":"https:\/\/radioljubuski.ba\/#website","url":"https:\/\/radioljubuski.ba\/","name":"Radio Ljubu\u0161ki","description":"Sun\u010dana frekvencija Hercegovine","publisher":{"@id":"https:\/\/radioljubuski.ba\/#organization"},"potentialAction":[{"@type":"SearchAction","target":{"@type":"EntryPoint","urlTemplate":"https:\/\/radioljubuski.ba\/?s={search_term_string}"},"query-input":{"@type":"PropertyValueSpecification","valueRequired":true,"valueName":"search_term_string"}}],"inLanguage":"hr"},{"@type":"Organization","@id":"https:\/\/radioljubuski.ba\/#organization","name":"Radio Ljubu\u0161ki","url":"https:\/\/radioljubuski.ba\/","logo":{"@type":"ImageObject","inLanguage":"hr","@id":"https:\/\/radioljubuski.ba\/#\/schema\/logo\/image\/","url":"https:\/\/radioljubuski.ba\/wp-content\/uploads\/2021\/02\/cropped-Radio_Ljubuski_logo1.jpg","contentUrl":"https:\/\/radioljubuski.ba\/wp-content\/uploads\/2021\/02\/cropped-Radio_Ljubuski_logo1.jpg","width":512,"height":512,"caption":"Radio Ljubu\u0161ki"},"image":{"@id":"https:\/\/radioljubuski.ba\/#\/schema\/logo\/image\/"},"sameAs":["https:\/\/www.facebook.com\/Radiio-Ljubuski-1490835324566332","https:\/\/x.com\/radioljubuski","https:\/\/hr.linkedin.com\/company\/radio-ljubuski","https:\/\/www.youtube.com\/channel\/UCHYaeO_n0Db3tjNGudGpXyw"]},{"@type":"Person","@id":"https:\/\/radioljubuski.ba\/#\/schema\/person\/19fc700381a780f69665d7956c469e3b","name":"Radio Ljubu\u0161ki"}]}},"_links":{"self":[{"href":"https:\/\/radioljubuski.ba\/index.php\/wp-json\/wp\/v2\/posts\/134694","targetHints":{"allow":["GET"]}}],"collection":[{"href":"https:\/\/radioljubuski.ba\/index.php\/wp-json\/wp\/v2\/posts"}],"about":[{"href":"https:\/\/radioljubuski.ba\/index.php\/wp-json\/wp\/v2\/types\/post"}],"author":[{"embeddable":true,"href":"https:\/\/radioljubuski.ba\/index.php\/wp-json\/wp\/v2\/users\/2"}],"replies":[{"embeddable":true,"href":"https:\/\/radioljubuski.ba\/index.php\/wp-json\/wp\/v2\/comments?post=134694"}],"version-history":[{"count":1,"href":"https:\/\/radioljubuski.ba\/index.php\/wp-json\/wp\/v2\/posts\/134694\/revisions"}],"predecessor-version":[{"id":134695,"href":"https:\/\/radioljubuski.ba\/index.php\/wp-json\/wp\/v2\/posts\/134694\/revisions\/134695"}],"wp:featuredmedia":[{"embeddable":true,"href":"https:\/\/radioljubuski.ba\/index.php\/wp-json\/wp\/v2\/media\/12169"}],"wp:attachment":[{"href":"https:\/\/radioljubuski.ba\/index.php\/wp-json\/wp\/v2\/media?parent=134694"}],"wp:term":[{"taxonomy":"category","embeddable":true,"href":"https:\/\/radioljubuski.ba\/index.php\/wp-json\/wp\/v2\/categories?post=134694"},{"taxonomy":"post_tag","embeddable":true,"href":"https:\/\/radioljubuski.ba\/index.php\/wp-json\/wp\/v2\/tags?post=134694"}],"curies":[{"name":"wp","href":"https:\/\/api.w.org\/{rel}","templated":true}]}}