{"id":134713,"date":"2022-04-21T10:20:13","date_gmt":"2022-04-21T09:20:13","guid":{"rendered":"https:\/\/radioljubuski.ba\/?p=134713"},"modified":"2022-04-21T10:20:14","modified_gmt":"2022-04-21T09:20:14","slug":"tko-je-narucio-krunicevo-ubojstvo","status":"publish","type":"post","link":"https:\/\/radioljubuski.ba\/index.php\/2022\/04\/21\/tko-je-narucio-krunicevo-ubojstvo\/","title":{"rendered":"Tko je naru\u010dio Kruni\u0107evo ubojstvo?"},"content":{"rendered":"\n<p>Sutra se navr\u0161avaju tri godine od ubojstva banjalu\u010dkog biznismena Slavi\u0161e Kruni\u0107a i njegovog tjelohranitelja \u017darka Pavlovi\u0107a i za to se sudi Benediju \u0110ukanovi\u0107u (42), Emiliju Baldu (53) i Rodoljubu Gaji\u0107u (35).<\/p>\n\n\n\n<p>Me\u0111utim, nalogodavac i motiv ovog brutalnog zlo\u010dina jo\u0161 su nepoznati.<\/p>\n\n\n\n<p>Podsje\u0107amo da su Kruni\u0107 i Pavlovi\u0107 ubijeni 22. travnja 2019. godine u sa\u010deku\u0161i u blizini Kruni\u0107evog imanja u Glamo\u010danima, kod Lakta\u0161a, a tada je ranjen i Goran Ili\u0107, Kruni\u0107ev voza\u010d.<\/p>\n\n\n\n<p>Nakon vi\u0161emjese\u010dne istrage u ovom slu\u010daju je Republi\u010dko javno tu\u017eiteljstvo u prosincu 2019. godine podiglo optu\u017enicu protiv tri osobe.<\/p>\n\n\n\n<p>U ovom slu\u010daju u banjalu\u010dkom Okru\u017enom sudu sudi se prvooptu\u017eenom \u0110ukanovi\u0107u, Baldu, kojeg terete da je bio osmatra\u010d i dojavio kada je Kruni\u0107evo vozilo krenulo u zasjedu, dok Gaji\u0107a, biv\u0161eg radnika &#8220;Sector Securityja&#8221; terete samo za pomaganje.<\/p>\n\n\n\n<p>Kao napada\u010d je ozna\u010den i \u017deljko Kova\u010devi\u0107, koji je ubijen tijekom napada.<\/p>\n\n\n\n<p>Gaji\u0107 je, prema optu\u017enici, Kova\u010devi\u0107u odavao informacije o kretanju i navikama svog \u0161efa Kruni\u0107a kako bi mu zauzvrat Kova\u010devi\u0107 oprostio nov\u010dani dug.<\/p>\n\n\n\n<p>Prilikom napada na Kruni\u0107a i Pavlovi\u0107a, ranjen je i Ili\u0107, voza\u010d automobila u kojem su se vozili, te je tada u razmjeni vatre ubijen Kova\u010devi\u0107, za kojeg se navodi da je jedan od napada\u010da.<\/p>\n\n\n\n<p>Me\u0111utim, u javnosti je lavinu komentara izazvalo svjedo\u010denje vje\u0161taka specijaliste sudske medicine Vede Tuce, koji je u sudu rekao da je Kova\u010devi\u0107 smrtonosnu povredu najvjerovatnije zadobio na drugom mjestu te da je donesen i postavljen na mjesto zlo\u010dina.<\/p>\n\n\n\n<p>Tuco je tada svjedo\u010dio kao vje\u0161tak obrane optu\u017eenog Benedija \u0110ukanovi\u0107a, a tako\u0111er je u svom svjedo\u010denju tvrdio da je Kruni\u0107 ubijen u kabini vozila iz apsolutne blizine, dok je za ranjenog Gorana Ili\u0107a rekao da on nije pogo\u0111en na mjestu voza\u010da.<\/p>\n\n\n\n<p>Podsjetimo, na Kruni\u0107ev d\u017eip ispaljeno je najmanje 36 hitaca pa su Kruni\u0107 i Pavlovi\u0107 na licu mjesta nastradali, dok je Ili\u0107, kako je sam ispri\u010dao pred banjalu\u010dkim Okru\u017enim sudom, ranjen ispao iz auta te zapucao na dvije siluete u mraku.<\/p>\n\n\n\n<p><strong>Izvor: Pogled.ba<\/strong><\/p>\n","protected":false},"excerpt":{"rendered":"<p>Sutra se navr\u0161avaju tri godine od ubojstva banjalu\u010dkog biznismena Slavi\u0161e Kruni\u0107a i njegovog tjelohranitelja \u017darka Pavlovi\u0107a i za to se sudi Benediju \u0110ukanovi\u0107u (42), Emiliju Baldu (53) i Rodoljubu Gaji\u0107u (35). Me\u0111utim, nalogodavac i motiv ovog brutalnog zlo\u010dina jo\u0161 su nepoznati. Podsje\u0107amo da su Kruni\u0107 i Pavlovi\u0107 ubijeni 22. travnja 2019. godine u sa\u010deku\u0161i u [&hellip;]<\/p>\n","protected":false},"author":2,"featured_media":134715,"comment_status":"closed","ping_status":"closed","sticky":false,"template":"","format":"standard","meta":{"h5ap_radio_sources":[],"footnotes":""},"categories":[1],"tags":[],"class_list":["post-134713","post","type-post","status-publish","format-standard","has-post-thumbnail","hentry","category-bihiregija"],"yoast_head":"<!-- This site is optimized with the Yoast SEO plugin v27.4 - https:\/\/yoast.com\/product\/yoast-seo-wordpress\/ -->\n<title>Tko je naru\u010dio Kruni\u0107evo ubojstvo? - RADIO LJUBU\u0160KI<\/title>\n<meta name=\"robots\" content=\"index, follow, max-snippet:-1, max-image-preview:large, max-video-preview:-1\" \/>\n<link rel=\"canonical\" href=\"https:\/\/radioljubuski.ba\/index.php\/2022\/04\/21\/tko-je-narucio-krunicevo-ubojstvo\/\" \/>\n<meta property=\"og:locale\" content=\"hr_HR\" \/>\n<meta property=\"og:type\" content=\"article\" \/>\n<meta property=\"og:title\" content=\"Tko je naru\u010dio Kruni\u0107evo ubojstvo? - RADIO LJUBU\u0160KI\" \/>\n<meta property=\"og:description\" content=\"Sutra se navr\u0161avaju tri godine od ubojstva banjalu\u010dkog biznismena Slavi\u0161e Kruni\u0107a i njegovog tjelohranitelja \u017darka Pavlovi\u0107a i za to se sudi Benediju \u0110ukanovi\u0107u (42), Emiliju Baldu (53) i Rodoljubu Gaji\u0107u (35). Me\u0111utim, nalogodavac i motiv ovog brutalnog zlo\u010dina jo\u0161 su nepoznati. Podsje\u0107amo da su Kruni\u0107 i Pavlovi\u0107 ubijeni 22. travnja 2019. godine u sa\u010deku\u0161i u [&hellip;]\" \/>\n<meta property=\"og:url\" content=\"https:\/\/radioljubuski.ba\/index.php\/2022\/04\/21\/tko-je-narucio-krunicevo-ubojstvo\/\" \/>\n<meta property=\"og:site_name\" content=\"RADIO LJUBU\u0160KI\" \/>\n<meta property=\"article:publisher\" content=\"https:\/\/www.facebook.com\/Radiio-Ljubuski-1490835324566332\" \/>\n<meta property=\"article:published_time\" content=\"2022-04-21T09:20:13+00:00\" \/>\n<meta property=\"article:modified_time\" content=\"2022-04-21T09:20:14+00:00\" \/>\n<meta property=\"og:image\" content=\"https:\/\/radioljubuski.ba\/wp-content\/uploads\/2022\/04\/krunic.jpg\" \/>\n\t<meta property=\"og:image:width\" content=\"1000\" \/>\n\t<meta property=\"og:image:height\" content=\"625\" \/>\n\t<meta property=\"og:image:type\" content=\"image\/jpeg\" \/>\n<meta name=\"author\" content=\"Radio Ljubu\u0161ki\" \/>\n<meta name=\"twitter:card\" content=\"summary_large_image\" \/>\n<meta name=\"twitter:creator\" content=\"@radioljubuski\" \/>\n<meta name=\"twitter:site\" content=\"@radioljubuski\" \/>\n<meta name=\"twitter:label1\" content=\"Napisao\/la\" \/>\n\t<meta name=\"twitter:data1\" content=\"Radio Ljubu\u0161ki\" \/>\n\t<meta name=\"twitter:label2\" content=\"Procijenjeno vrijeme \u010ditanja\" \/>\n\t<meta name=\"twitter:data2\" content=\"2 minute\" \/>\n<script type=\"application\/ld+json\" class=\"yoast-schema-graph\">{\"@context\":\"https:\\\/\\\/schema.org\",\"@graph\":[{\"@type\":\"Article\",\"@id\":\"https:\\\/\\\/radioljubuski.ba\\\/index.php\\\/2022\\\/04\\\/21\\\/tko-je-narucio-krunicevo-ubojstvo\\\/#article\",\"isPartOf\":{\"@id\":\"https:\\\/\\\/radioljubuski.ba\\\/index.php\\\/2022\\\/04\\\/21\\\/tko-je-narucio-krunicevo-ubojstvo\\\/\"},\"author\":{\"name\":\"Radio Ljubu\u0161ki\",\"@id\":\"https:\\\/\\\/radioljubuski.ba\\\/#\\\/schema\\\/person\\\/19fc700381a780f69665d7956c469e3b\"},\"headline\":\"Tko je naru\u010dio Kruni\u0107evo ubojstvo?\",\"datePublished\":\"2022-04-21T09:20:13+00:00\",\"dateModified\":\"2022-04-21T09:20:14+00:00\",\"mainEntityOfPage\":{\"@id\":\"https:\\\/\\\/radioljubuski.ba\\\/index.php\\\/2022\\\/04\\\/21\\\/tko-je-narucio-krunicevo-ubojstvo\\\/\"},\"wordCount\":378,\"publisher\":{\"@id\":\"https:\\\/\\\/radioljubuski.ba\\\/#organization\"},\"image\":{\"@id\":\"https:\\\/\\\/radioljubuski.ba\\\/index.php\\\/2022\\\/04\\\/21\\\/tko-je-narucio-krunicevo-ubojstvo\\\/#primaryimage\"},\"thumbnailUrl\":\"https:\\\/\\\/radioljubuski.ba\\\/wp-content\\\/uploads\\\/2022\\\/04\\\/krunic.jpg\",\"articleSection\":[\"BIH i regija\"],\"inLanguage\":\"hr\"},{\"@type\":\"WebPage\",\"@id\":\"https:\\\/\\\/radioljubuski.ba\\\/index.php\\\/2022\\\/04\\\/21\\\/tko-je-narucio-krunicevo-ubojstvo\\\/\",\"url\":\"https:\\\/\\\/radioljubuski.ba\\\/index.php\\\/2022\\\/04\\\/21\\\/tko-je-narucio-krunicevo-ubojstvo\\\/\",\"name\":\"Tko je naru\u010dio Kruni\u0107evo ubojstvo? - RADIO LJUBU\u0160KI\",\"isPartOf\":{\"@id\":\"https:\\\/\\\/radioljubuski.ba\\\/#website\"},\"primaryImageOfPage\":{\"@id\":\"https:\\\/\\\/radioljubuski.ba\\\/index.php\\\/2022\\\/04\\\/21\\\/tko-je-narucio-krunicevo-ubojstvo\\\/#primaryimage\"},\"image\":{\"@id\":\"https:\\\/\\\/radioljubuski.ba\\\/index.php\\\/2022\\\/04\\\/21\\\/tko-je-narucio-krunicevo-ubojstvo\\\/#primaryimage\"},\"thumbnailUrl\":\"https:\\\/\\\/radioljubuski.ba\\\/wp-content\\\/uploads\\\/2022\\\/04\\\/krunic.jpg\",\"datePublished\":\"2022-04-21T09:20:13+00:00\",\"dateModified\":\"2022-04-21T09:20:14+00:00\",\"breadcrumb\":{\"@id\":\"https:\\\/\\\/radioljubuski.ba\\\/index.php\\\/2022\\\/04\\\/21\\\/tko-je-narucio-krunicevo-ubojstvo\\\/#breadcrumb\"},\"inLanguage\":\"hr\",\"potentialAction\":[{\"@type\":\"ReadAction\",\"target\":[\"https:\\\/\\\/radioljubuski.ba\\\/index.php\\\/2022\\\/04\\\/21\\\/tko-je-narucio-krunicevo-ubojstvo\\\/\"]}]},{\"@type\":\"ImageObject\",\"inLanguage\":\"hr\",\"@id\":\"https:\\\/\\\/radioljubuski.ba\\\/index.php\\\/2022\\\/04\\\/21\\\/tko-je-narucio-krunicevo-ubojstvo\\\/#primaryimage\",\"url\":\"https:\\\/\\\/radioljubuski.ba\\\/wp-content\\\/uploads\\\/2022\\\/04\\\/krunic.jpg\",\"contentUrl\":\"https:\\\/\\\/radioljubuski.ba\\\/wp-content\\\/uploads\\\/2022\\\/04\\\/krunic.jpg\",\"width\":1000,\"height\":625},{\"@type\":\"BreadcrumbList\",\"@id\":\"https:\\\/\\\/radioljubuski.ba\\\/index.php\\\/2022\\\/04\\\/21\\\/tko-je-narucio-krunicevo-ubojstvo\\\/#breadcrumb\",\"itemListElement\":[{\"@type\":\"ListItem\",\"position\":1,\"name\":\"Po\u010detna stranica\",\"item\":\"https:\\\/\\\/radioljubuski.ba\\\/\"},{\"@type\":\"ListItem\",\"position\":2,\"name\":\"Tko je naru\u010dio Kruni\u0107evo ubojstvo?\"}]},{\"@type\":\"WebSite\",\"@id\":\"https:\\\/\\\/radioljubuski.ba\\\/#website\",\"url\":\"https:\\\/\\\/radioljubuski.ba\\\/\",\"name\":\"Radio Ljubu\u0161ki\",\"description\":\"Sun\u010dana frekvencija Hercegovine\",\"publisher\":{\"@id\":\"https:\\\/\\\/radioljubuski.ba\\\/#organization\"},\"potentialAction\":[{\"@type\":\"SearchAction\",\"target\":{\"@type\":\"EntryPoint\",\"urlTemplate\":\"https:\\\/\\\/radioljubuski.ba\\\/?s={search_term_string}\"},\"query-input\":{\"@type\":\"PropertyValueSpecification\",\"valueRequired\":true,\"valueName\":\"search_term_string\"}}],\"inLanguage\":\"hr\"},{\"@type\":\"Organization\",\"@id\":\"https:\\\/\\\/radioljubuski.ba\\\/#organization\",\"name\":\"Radio Ljubu\u0161ki\",\"url\":\"https:\\\/\\\/radioljubuski.ba\\\/\",\"logo\":{\"@type\":\"ImageObject\",\"inLanguage\":\"hr\",\"@id\":\"https:\\\/\\\/radioljubuski.ba\\\/#\\\/schema\\\/logo\\\/image\\\/\",\"url\":\"https:\\\/\\\/radioljubuski.ba\\\/wp-content\\\/uploads\\\/2021\\\/02\\\/cropped-Radio_Ljubuski_logo1.jpg\",\"contentUrl\":\"https:\\\/\\\/radioljubuski.ba\\\/wp-content\\\/uploads\\\/2021\\\/02\\\/cropped-Radio_Ljubuski_logo1.jpg\",\"width\":512,\"height\":512,\"caption\":\"Radio Ljubu\u0161ki\"},\"image\":{\"@id\":\"https:\\\/\\\/radioljubuski.ba\\\/#\\\/schema\\\/logo\\\/image\\\/\"},\"sameAs\":[\"https:\\\/\\\/www.facebook.com\\\/Radiio-Ljubuski-1490835324566332\",\"https:\\\/\\\/x.com\\\/radioljubuski\",\"https:\\\/\\\/hr.linkedin.com\\\/company\\\/radio-ljubuski\",\"https:\\\/\\\/www.youtube.com\\\/channel\\\/UCHYaeO_n0Db3tjNGudGpXyw\"]},{\"@type\":\"Person\",\"@id\":\"https:\\\/\\\/radioljubuski.ba\\\/#\\\/schema\\\/person\\\/19fc700381a780f69665d7956c469e3b\",\"name\":\"Radio Ljubu\u0161ki\"}]}<\/script>\n<!-- \/ Yoast SEO plugin. -->","yoast_head_json":{"title":"Tko je naru\u010dio Kruni\u0107evo ubojstvo? - RADIO LJUBU\u0160KI","robots":{"index":"index","follow":"follow","max-snippet":"max-snippet:-1","max-image-preview":"max-image-preview:large","max-video-preview":"max-video-preview:-1"},"canonical":"https:\/\/radioljubuski.ba\/index.php\/2022\/04\/21\/tko-je-narucio-krunicevo-ubojstvo\/","og_locale":"hr_HR","og_type":"article","og_title":"Tko je naru\u010dio Kruni\u0107evo ubojstvo? - RADIO LJUBU\u0160KI","og_description":"Sutra se navr\u0161avaju tri godine od ubojstva banjalu\u010dkog biznismena Slavi\u0161e Kruni\u0107a i njegovog tjelohranitelja \u017darka Pavlovi\u0107a i za to se sudi Benediju \u0110ukanovi\u0107u (42), Emiliju Baldu (53) i Rodoljubu Gaji\u0107u (35). Me\u0111utim, nalogodavac i motiv ovog brutalnog zlo\u010dina jo\u0161 su nepoznati. Podsje\u0107amo da su Kruni\u0107 i Pavlovi\u0107 ubijeni 22. travnja 2019. godine u sa\u010deku\u0161i u [&hellip;]","og_url":"https:\/\/radioljubuski.ba\/index.php\/2022\/04\/21\/tko-je-narucio-krunicevo-ubojstvo\/","og_site_name":"RADIO LJUBU\u0160KI","article_publisher":"https:\/\/www.facebook.com\/Radiio-Ljubuski-1490835324566332","article_published_time":"2022-04-21T09:20:13+00:00","article_modified_time":"2022-04-21T09:20:14+00:00","og_image":[{"width":1000,"height":625,"url":"https:\/\/radioljubuski.ba\/wp-content\/uploads\/2022\/04\/krunic.jpg","type":"image\/jpeg"}],"author":"Radio Ljubu\u0161ki","twitter_card":"summary_large_image","twitter_creator":"@radioljubuski","twitter_site":"@radioljubuski","twitter_misc":{"Napisao\/la":"Radio Ljubu\u0161ki","Procijenjeno vrijeme \u010ditanja":"2 minute"},"schema":{"@context":"https:\/\/schema.org","@graph":[{"@type":"Article","@id":"https:\/\/radioljubuski.ba\/index.php\/2022\/04\/21\/tko-je-narucio-krunicevo-ubojstvo\/#article","isPartOf":{"@id":"https:\/\/radioljubuski.ba\/index.php\/2022\/04\/21\/tko-je-narucio-krunicevo-ubojstvo\/"},"author":{"name":"Radio Ljubu\u0161ki","@id":"https:\/\/radioljubuski.ba\/#\/schema\/person\/19fc700381a780f69665d7956c469e3b"},"headline":"Tko je naru\u010dio Kruni\u0107evo ubojstvo?","datePublished":"2022-04-21T09:20:13+00:00","dateModified":"2022-04-21T09:20:14+00:00","mainEntityOfPage":{"@id":"https:\/\/radioljubuski.ba\/index.php\/2022\/04\/21\/tko-je-narucio-krunicevo-ubojstvo\/"},"wordCount":378,"publisher":{"@id":"https:\/\/radioljubuski.ba\/#organization"},"image":{"@id":"https:\/\/radioljubuski.ba\/index.php\/2022\/04\/21\/tko-je-narucio-krunicevo-ubojstvo\/#primaryimage"},"thumbnailUrl":"https:\/\/radioljubuski.ba\/wp-content\/uploads\/2022\/04\/krunic.jpg","articleSection":["BIH i regija"],"inLanguage":"hr"},{"@type":"WebPage","@id":"https:\/\/radioljubuski.ba\/index.php\/2022\/04\/21\/tko-je-narucio-krunicevo-ubojstvo\/","url":"https:\/\/radioljubuski.ba\/index.php\/2022\/04\/21\/tko-je-narucio-krunicevo-ubojstvo\/","name":"Tko je naru\u010dio Kruni\u0107evo ubojstvo? - RADIO LJUBU\u0160KI","isPartOf":{"@id":"https:\/\/radioljubuski.ba\/#website"},"primaryImageOfPage":{"@id":"https:\/\/radioljubuski.ba\/index.php\/2022\/04\/21\/tko-je-narucio-krunicevo-ubojstvo\/#primaryimage"},"image":{"@id":"https:\/\/radioljubuski.ba\/index.php\/2022\/04\/21\/tko-je-narucio-krunicevo-ubojstvo\/#primaryimage"},"thumbnailUrl":"https:\/\/radioljubuski.ba\/wp-content\/uploads\/2022\/04\/krunic.jpg","datePublished":"2022-04-21T09:20:13+00:00","dateModified":"2022-04-21T09:20:14+00:00","breadcrumb":{"@id":"https:\/\/radioljubuski.ba\/index.php\/2022\/04\/21\/tko-je-narucio-krunicevo-ubojstvo\/#breadcrumb"},"inLanguage":"hr","potentialAction":[{"@type":"ReadAction","target":["https:\/\/radioljubuski.ba\/index.php\/2022\/04\/21\/tko-je-narucio-krunicevo-ubojstvo\/"]}]},{"@type":"ImageObject","inLanguage":"hr","@id":"https:\/\/radioljubuski.ba\/index.php\/2022\/04\/21\/tko-je-narucio-krunicevo-ubojstvo\/#primaryimage","url":"https:\/\/radioljubuski.ba\/wp-content\/uploads\/2022\/04\/krunic.jpg","contentUrl":"https:\/\/radioljubuski.ba\/wp-content\/uploads\/2022\/04\/krunic.jpg","width":1000,"height":625},{"@type":"BreadcrumbList","@id":"https:\/\/radioljubuski.ba\/index.php\/2022\/04\/21\/tko-je-narucio-krunicevo-ubojstvo\/#breadcrumb","itemListElement":[{"@type":"ListItem","position":1,"name":"Po\u010detna stranica","item":"https:\/\/radioljubuski.ba\/"},{"@type":"ListItem","position":2,"name":"Tko je naru\u010dio Kruni\u0107evo ubojstvo?"}]},{"@type":"WebSite","@id":"https:\/\/radioljubuski.ba\/#website","url":"https:\/\/radioljubuski.ba\/","name":"Radio Ljubu\u0161ki","description":"Sun\u010dana frekvencija Hercegovine","publisher":{"@id":"https:\/\/radioljubuski.ba\/#organization"},"potentialAction":[{"@type":"SearchAction","target":{"@type":"EntryPoint","urlTemplate":"https:\/\/radioljubuski.ba\/?s={search_term_string}"},"query-input":{"@type":"PropertyValueSpecification","valueRequired":true,"valueName":"search_term_string"}}],"inLanguage":"hr"},{"@type":"Organization","@id":"https:\/\/radioljubuski.ba\/#organization","name":"Radio Ljubu\u0161ki","url":"https:\/\/radioljubuski.ba\/","logo":{"@type":"ImageObject","inLanguage":"hr","@id":"https:\/\/radioljubuski.ba\/#\/schema\/logo\/image\/","url":"https:\/\/radioljubuski.ba\/wp-content\/uploads\/2021\/02\/cropped-Radio_Ljubuski_logo1.jpg","contentUrl":"https:\/\/radioljubuski.ba\/wp-content\/uploads\/2021\/02\/cropped-Radio_Ljubuski_logo1.jpg","width":512,"height":512,"caption":"Radio Ljubu\u0161ki"},"image":{"@id":"https:\/\/radioljubuski.ba\/#\/schema\/logo\/image\/"},"sameAs":["https:\/\/www.facebook.com\/Radiio-Ljubuski-1490835324566332","https:\/\/x.com\/radioljubuski","https:\/\/hr.linkedin.com\/company\/radio-ljubuski","https:\/\/www.youtube.com\/channel\/UCHYaeO_n0Db3tjNGudGpXyw"]},{"@type":"Person","@id":"https:\/\/radioljubuski.ba\/#\/schema\/person\/19fc700381a780f69665d7956c469e3b","name":"Radio Ljubu\u0161ki"}]}},"_links":{"self":[{"href":"https:\/\/radioljubuski.ba\/index.php\/wp-json\/wp\/v2\/posts\/134713","targetHints":{"allow":["GET"]}}],"collection":[{"href":"https:\/\/radioljubuski.ba\/index.php\/wp-json\/wp\/v2\/posts"}],"about":[{"href":"https:\/\/radioljubuski.ba\/index.php\/wp-json\/wp\/v2\/types\/post"}],"author":[{"embeddable":true,"href":"https:\/\/radioljubuski.ba\/index.php\/wp-json\/wp\/v2\/users\/2"}],"replies":[{"embeddable":true,"href":"https:\/\/radioljubuski.ba\/index.php\/wp-json\/wp\/v2\/comments?post=134713"}],"version-history":[{"count":1,"href":"https:\/\/radioljubuski.ba\/index.php\/wp-json\/wp\/v2\/posts\/134713\/revisions"}],"predecessor-version":[{"id":134716,"href":"https:\/\/radioljubuski.ba\/index.php\/wp-json\/wp\/v2\/posts\/134713\/revisions\/134716"}],"wp:featuredmedia":[{"embeddable":true,"href":"https:\/\/radioljubuski.ba\/index.php\/wp-json\/wp\/v2\/media\/134715"}],"wp:attachment":[{"href":"https:\/\/radioljubuski.ba\/index.php\/wp-json\/wp\/v2\/media?parent=134713"}],"wp:term":[{"taxonomy":"category","embeddable":true,"href":"https:\/\/radioljubuski.ba\/index.php\/wp-json\/wp\/v2\/categories?post=134713"},{"taxonomy":"post_tag","embeddable":true,"href":"https:\/\/radioljubuski.ba\/index.php\/wp-json\/wp\/v2\/tags?post=134713"}],"curies":[{"name":"wp","href":"https:\/\/api.w.org\/{rel}","templated":true}]}}