{"id":134723,"date":"2022-04-21T10:24:01","date_gmt":"2022-04-21T09:24:01","guid":{"rendered":"https:\/\/radioljubuski.ba\/?p=134723"},"modified":"2022-04-21T10:27:04","modified_gmt":"2022-04-21T09:27:04","slug":"cavara-pogresna-razmisljanja-konacno-se-usmjeravaju-ka-onome-sto-bih-jeste","status":"publish","type":"post","link":"https:\/\/radioljubuski.ba\/index.php\/2022\/04\/21\/cavara-pogresna-razmisljanja-konacno-se-usmjeravaju-ka-onome-sto-bih-jeste\/","title":{"rendered":"\u010cavara: Pogre\u0161na razmi\u0161ljanja kona\u010dno se usmjeravaju ka onome \u0161to BiH jeste"},"content":{"rendered":"\n<p><strong>-Jako je va\u017eno da se mnoge predrasude ili pogre\u0161na razmi\u0161ljanja o BiH napokon usmjeravaju ka onome \u0161to jeste BiH,dr\u017eava tri konstitutivna naroda u kojoj su svim gra\u0111anima osigurana jednaka prava,<\/strong><\/p>\n\n\n\n<p>Ovo je za dnevnik RTV Herceg Bosne rekao predsjednik F BIH Marinko \u010cavara govore\u0107i o Nacrtu izvje\u0161\u0107a o BiH za pro\u0161lu godinu koji je danas predstavljen u EU Parlamentu.<\/p>\n\n\n\n<iframe loading=\"lazy\" title=\"RTV HB | \u010cavara: Pogre\u0161na razmi\u0161ljanja kona\u010dno se usmjeravaju ka onome \u0161to BiH jeste\" width=\"640\" height=\"360\" src=\"https:\/\/www.youtube.com\/embed\/J_bwwYY1zjc?feature=oembed\" frameborder=\"0\" allow=\"accelerometer; autoplay; clipboard-write; encrypted-media; gyroscope; picture-in-picture; web-share\" referrerpolicy=\"strict-origin-when-cross-origin\" allowfullscreen><\/iframe>\n\n\n\n<p>\/HMS\/<\/p>\n","protected":false},"excerpt":{"rendered":"<p>-Jako je va\u017eno da se mnoge predrasude ili pogre\u0161na razmi\u0161ljanja o BiH napokon usmjeravaju ka onome \u0161to jeste BiH,dr\u017eava tri konstitutivna naroda u kojoj su svim gra\u0111anima osigurana jednaka prava, Ovo je za dnevnik RTV Herceg Bosne rekao predsjednik F BIH Marinko \u010cavara govore\u0107i o Nacrtu izvje\u0161\u0107a o BiH za pro\u0161lu godinu koji je danas [&hellip;]<\/p>\n","protected":false},"author":2,"featured_media":0,"comment_status":"closed","ping_status":"closed","sticky":false,"template":"","format":"standard","meta":{"h5ap_radio_sources":[],"footnotes":""},"categories":[1],"tags":[],"class_list":["post-134723","post","type-post","status-publish","format-standard","hentry","category-bihiregija"],"yoast_head":"<!-- This site is optimized with the Yoast SEO plugin v27.4 - https:\/\/yoast.com\/product\/yoast-seo-wordpress\/ -->\n<title>\u010cavara: Pogre\u0161na razmi\u0161ljanja kona\u010dno se usmjeravaju ka onome \u0161to BiH jeste - RADIO LJUBU\u0160KI<\/title>\n<meta name=\"robots\" content=\"index, follow, max-snippet:-1, max-image-preview:large, max-video-preview:-1\" \/>\n<link rel=\"canonical\" href=\"https:\/\/radioljubuski.ba\/index.php\/2022\/04\/21\/cavara-pogresna-razmisljanja-konacno-se-usmjeravaju-ka-onome-sto-bih-jeste\/\" \/>\n<meta property=\"og:locale\" content=\"hr_HR\" \/>\n<meta property=\"og:type\" content=\"article\" \/>\n<meta property=\"og:title\" content=\"\u010cavara: Pogre\u0161na razmi\u0161ljanja kona\u010dno se usmjeravaju ka onome \u0161to BiH jeste - RADIO LJUBU\u0160KI\" \/>\n<meta property=\"og:description\" content=\"-Jako je va\u017eno da se mnoge predrasude ili pogre\u0161na razmi\u0161ljanja o BiH napokon usmjeravaju ka onome \u0161to jeste BiH,dr\u017eava tri konstitutivna naroda u kojoj su svim gra\u0111anima osigurana jednaka prava, Ovo je za dnevnik RTV Herceg Bosne rekao predsjednik F BIH Marinko \u010cavara govore\u0107i o Nacrtu izvje\u0161\u0107a o BiH za pro\u0161lu godinu koji je danas [&hellip;]\" \/>\n<meta property=\"og:url\" content=\"https:\/\/radioljubuski.ba\/index.php\/2022\/04\/21\/cavara-pogresna-razmisljanja-konacno-se-usmjeravaju-ka-onome-sto-bih-jeste\/\" \/>\n<meta property=\"og:site_name\" content=\"RADIO LJUBU\u0160KI\" \/>\n<meta property=\"article:publisher\" content=\"https:\/\/www.facebook.com\/Radiio-Ljubuski-1490835324566332\" \/>\n<meta property=\"article:published_time\" content=\"2022-04-21T09:24:01+00:00\" \/>\n<meta property=\"article:modified_time\" content=\"2022-04-21T09:27:04+00:00\" \/>\n<meta name=\"author\" content=\"Radio Ljubu\u0161ki\" \/>\n<meta name=\"twitter:card\" content=\"summary_large_image\" \/>\n<meta name=\"twitter:creator\" content=\"@radioljubuski\" \/>\n<meta name=\"twitter:site\" content=\"@radioljubuski\" \/>\n<meta name=\"twitter:label1\" content=\"Napisao\/la\" \/>\n\t<meta name=\"twitter:data1\" content=\"Radio Ljubu\u0161ki\" \/>\n\t<meta name=\"twitter:label2\" content=\"Procijenjeno vrijeme \u010ditanja\" \/>\n\t<meta name=\"twitter:data2\" content=\"1 minuta\" \/>\n<script type=\"application\/ld+json\" class=\"yoast-schema-graph\">{\"@context\":\"https:\\\/\\\/schema.org\",\"@graph\":[{\"@type\":\"Article\",\"@id\":\"https:\\\/\\\/radioljubuski.ba\\\/index.php\\\/2022\\\/04\\\/21\\\/cavara-pogresna-razmisljanja-konacno-se-usmjeravaju-ka-onome-sto-bih-jeste\\\/#article\",\"isPartOf\":{\"@id\":\"https:\\\/\\\/radioljubuski.ba\\\/index.php\\\/2022\\\/04\\\/21\\\/cavara-pogresna-razmisljanja-konacno-se-usmjeravaju-ka-onome-sto-bih-jeste\\\/\"},\"author\":{\"name\":\"Radio Ljubu\u0161ki\",\"@id\":\"https:\\\/\\\/radioljubuski.ba\\\/#\\\/schema\\\/person\\\/19fc700381a780f69665d7956c469e3b\"},\"headline\":\"\u010cavara: Pogre\u0161na razmi\u0161ljanja kona\u010dno se usmjeravaju ka onome \u0161to BiH jeste\",\"datePublished\":\"2022-04-21T09:24:01+00:00\",\"dateModified\":\"2022-04-21T09:27:04+00:00\",\"mainEntityOfPage\":{\"@id\":\"https:\\\/\\\/radioljubuski.ba\\\/index.php\\\/2022\\\/04\\\/21\\\/cavara-pogresna-razmisljanja-konacno-se-usmjeravaju-ka-onome-sto-bih-jeste\\\/\"},\"wordCount\":92,\"publisher\":{\"@id\":\"https:\\\/\\\/radioljubuski.ba\\\/#organization\"},\"articleSection\":[\"BIH i regija\"],\"inLanguage\":\"hr\"},{\"@type\":\"WebPage\",\"@id\":\"https:\\\/\\\/radioljubuski.ba\\\/index.php\\\/2022\\\/04\\\/21\\\/cavara-pogresna-razmisljanja-konacno-se-usmjeravaju-ka-onome-sto-bih-jeste\\\/\",\"url\":\"https:\\\/\\\/radioljubuski.ba\\\/index.php\\\/2022\\\/04\\\/21\\\/cavara-pogresna-razmisljanja-konacno-se-usmjeravaju-ka-onome-sto-bih-jeste\\\/\",\"name\":\"\u010cavara: Pogre\u0161na razmi\u0161ljanja kona\u010dno se usmjeravaju ka onome \u0161to BiH jeste - RADIO LJUBU\u0160KI\",\"isPartOf\":{\"@id\":\"https:\\\/\\\/radioljubuski.ba\\\/#website\"},\"datePublished\":\"2022-04-21T09:24:01+00:00\",\"dateModified\":\"2022-04-21T09:27:04+00:00\",\"breadcrumb\":{\"@id\":\"https:\\\/\\\/radioljubuski.ba\\\/index.php\\\/2022\\\/04\\\/21\\\/cavara-pogresna-razmisljanja-konacno-se-usmjeravaju-ka-onome-sto-bih-jeste\\\/#breadcrumb\"},\"inLanguage\":\"hr\",\"potentialAction\":[{\"@type\":\"ReadAction\",\"target\":[\"https:\\\/\\\/radioljubuski.ba\\\/index.php\\\/2022\\\/04\\\/21\\\/cavara-pogresna-razmisljanja-konacno-se-usmjeravaju-ka-onome-sto-bih-jeste\\\/\"]}]},{\"@type\":\"BreadcrumbList\",\"@id\":\"https:\\\/\\\/radioljubuski.ba\\\/index.php\\\/2022\\\/04\\\/21\\\/cavara-pogresna-razmisljanja-konacno-se-usmjeravaju-ka-onome-sto-bih-jeste\\\/#breadcrumb\",\"itemListElement\":[{\"@type\":\"ListItem\",\"position\":1,\"name\":\"Po\u010detna stranica\",\"item\":\"https:\\\/\\\/radioljubuski.ba\\\/\"},{\"@type\":\"ListItem\",\"position\":2,\"name\":\"\u010cavara: Pogre\u0161na razmi\u0161ljanja kona\u010dno se usmjeravaju ka onome \u0161to BiH jeste\"}]},{\"@type\":\"WebSite\",\"@id\":\"https:\\\/\\\/radioljubuski.ba\\\/#website\",\"url\":\"https:\\\/\\\/radioljubuski.ba\\\/\",\"name\":\"Radio Ljubu\u0161ki\",\"description\":\"Sun\u010dana frekvencija Hercegovine\",\"publisher\":{\"@id\":\"https:\\\/\\\/radioljubuski.ba\\\/#organization\"},\"potentialAction\":[{\"@type\":\"SearchAction\",\"target\":{\"@type\":\"EntryPoint\",\"urlTemplate\":\"https:\\\/\\\/radioljubuski.ba\\\/?s={search_term_string}\"},\"query-input\":{\"@type\":\"PropertyValueSpecification\",\"valueRequired\":true,\"valueName\":\"search_term_string\"}}],\"inLanguage\":\"hr\"},{\"@type\":\"Organization\",\"@id\":\"https:\\\/\\\/radioljubuski.ba\\\/#organization\",\"name\":\"Radio Ljubu\u0161ki\",\"url\":\"https:\\\/\\\/radioljubuski.ba\\\/\",\"logo\":{\"@type\":\"ImageObject\",\"inLanguage\":\"hr\",\"@id\":\"https:\\\/\\\/radioljubuski.ba\\\/#\\\/schema\\\/logo\\\/image\\\/\",\"url\":\"https:\\\/\\\/radioljubuski.ba\\\/wp-content\\\/uploads\\\/2021\\\/02\\\/cropped-Radio_Ljubuski_logo1.jpg\",\"contentUrl\":\"https:\\\/\\\/radioljubuski.ba\\\/wp-content\\\/uploads\\\/2021\\\/02\\\/cropped-Radio_Ljubuski_logo1.jpg\",\"width\":512,\"height\":512,\"caption\":\"Radio Ljubu\u0161ki\"},\"image\":{\"@id\":\"https:\\\/\\\/radioljubuski.ba\\\/#\\\/schema\\\/logo\\\/image\\\/\"},\"sameAs\":[\"https:\\\/\\\/www.facebook.com\\\/Radiio-Ljubuski-1490835324566332\",\"https:\\\/\\\/x.com\\\/radioljubuski\",\"https:\\\/\\\/hr.linkedin.com\\\/company\\\/radio-ljubuski\",\"https:\\\/\\\/www.youtube.com\\\/channel\\\/UCHYaeO_n0Db3tjNGudGpXyw\"]},{\"@type\":\"Person\",\"@id\":\"https:\\\/\\\/radioljubuski.ba\\\/#\\\/schema\\\/person\\\/19fc700381a780f69665d7956c469e3b\",\"name\":\"Radio Ljubu\u0161ki\"}]}<\/script>\n<!-- \/ Yoast SEO plugin. -->","yoast_head_json":{"title":"\u010cavara: Pogre\u0161na razmi\u0161ljanja kona\u010dno se usmjeravaju ka onome \u0161to BiH jeste - RADIO LJUBU\u0160KI","robots":{"index":"index","follow":"follow","max-snippet":"max-snippet:-1","max-image-preview":"max-image-preview:large","max-video-preview":"max-video-preview:-1"},"canonical":"https:\/\/radioljubuski.ba\/index.php\/2022\/04\/21\/cavara-pogresna-razmisljanja-konacno-se-usmjeravaju-ka-onome-sto-bih-jeste\/","og_locale":"hr_HR","og_type":"article","og_title":"\u010cavara: Pogre\u0161na razmi\u0161ljanja kona\u010dno se usmjeravaju ka onome \u0161to BiH jeste - RADIO LJUBU\u0160KI","og_description":"-Jako je va\u017eno da se mnoge predrasude ili pogre\u0161na razmi\u0161ljanja o BiH napokon usmjeravaju ka onome \u0161to jeste BiH,dr\u017eava tri konstitutivna naroda u kojoj su svim gra\u0111anima osigurana jednaka prava, Ovo je za dnevnik RTV Herceg Bosne rekao predsjednik F BIH Marinko \u010cavara govore\u0107i o Nacrtu izvje\u0161\u0107a o BiH za pro\u0161lu godinu koji je danas [&hellip;]","og_url":"https:\/\/radioljubuski.ba\/index.php\/2022\/04\/21\/cavara-pogresna-razmisljanja-konacno-se-usmjeravaju-ka-onome-sto-bih-jeste\/","og_site_name":"RADIO LJUBU\u0160KI","article_publisher":"https:\/\/www.facebook.com\/Radiio-Ljubuski-1490835324566332","article_published_time":"2022-04-21T09:24:01+00:00","article_modified_time":"2022-04-21T09:27:04+00:00","author":"Radio Ljubu\u0161ki","twitter_card":"summary_large_image","twitter_creator":"@radioljubuski","twitter_site":"@radioljubuski","twitter_misc":{"Napisao\/la":"Radio Ljubu\u0161ki","Procijenjeno vrijeme \u010ditanja":"1 minuta"},"schema":{"@context":"https:\/\/schema.org","@graph":[{"@type":"Article","@id":"https:\/\/radioljubuski.ba\/index.php\/2022\/04\/21\/cavara-pogresna-razmisljanja-konacno-se-usmjeravaju-ka-onome-sto-bih-jeste\/#article","isPartOf":{"@id":"https:\/\/radioljubuski.ba\/index.php\/2022\/04\/21\/cavara-pogresna-razmisljanja-konacno-se-usmjeravaju-ka-onome-sto-bih-jeste\/"},"author":{"name":"Radio Ljubu\u0161ki","@id":"https:\/\/radioljubuski.ba\/#\/schema\/person\/19fc700381a780f69665d7956c469e3b"},"headline":"\u010cavara: Pogre\u0161na razmi\u0161ljanja kona\u010dno se usmjeravaju ka onome \u0161to BiH jeste","datePublished":"2022-04-21T09:24:01+00:00","dateModified":"2022-04-21T09:27:04+00:00","mainEntityOfPage":{"@id":"https:\/\/radioljubuski.ba\/index.php\/2022\/04\/21\/cavara-pogresna-razmisljanja-konacno-se-usmjeravaju-ka-onome-sto-bih-jeste\/"},"wordCount":92,"publisher":{"@id":"https:\/\/radioljubuski.ba\/#organization"},"articleSection":["BIH i regija"],"inLanguage":"hr"},{"@type":"WebPage","@id":"https:\/\/radioljubuski.ba\/index.php\/2022\/04\/21\/cavara-pogresna-razmisljanja-konacno-se-usmjeravaju-ka-onome-sto-bih-jeste\/","url":"https:\/\/radioljubuski.ba\/index.php\/2022\/04\/21\/cavara-pogresna-razmisljanja-konacno-se-usmjeravaju-ka-onome-sto-bih-jeste\/","name":"\u010cavara: Pogre\u0161na razmi\u0161ljanja kona\u010dno se usmjeravaju ka onome \u0161to BiH jeste - RADIO LJUBU\u0160KI","isPartOf":{"@id":"https:\/\/radioljubuski.ba\/#website"},"datePublished":"2022-04-21T09:24:01+00:00","dateModified":"2022-04-21T09:27:04+00:00","breadcrumb":{"@id":"https:\/\/radioljubuski.ba\/index.php\/2022\/04\/21\/cavara-pogresna-razmisljanja-konacno-se-usmjeravaju-ka-onome-sto-bih-jeste\/#breadcrumb"},"inLanguage":"hr","potentialAction":[{"@type":"ReadAction","target":["https:\/\/radioljubuski.ba\/index.php\/2022\/04\/21\/cavara-pogresna-razmisljanja-konacno-se-usmjeravaju-ka-onome-sto-bih-jeste\/"]}]},{"@type":"BreadcrumbList","@id":"https:\/\/radioljubuski.ba\/index.php\/2022\/04\/21\/cavara-pogresna-razmisljanja-konacno-se-usmjeravaju-ka-onome-sto-bih-jeste\/#breadcrumb","itemListElement":[{"@type":"ListItem","position":1,"name":"Po\u010detna stranica","item":"https:\/\/radioljubuski.ba\/"},{"@type":"ListItem","position":2,"name":"\u010cavara: Pogre\u0161na razmi\u0161ljanja kona\u010dno se usmjeravaju ka onome \u0161to BiH jeste"}]},{"@type":"WebSite","@id":"https:\/\/radioljubuski.ba\/#website","url":"https:\/\/radioljubuski.ba\/","name":"Radio Ljubu\u0161ki","description":"Sun\u010dana frekvencija Hercegovine","publisher":{"@id":"https:\/\/radioljubuski.ba\/#organization"},"potentialAction":[{"@type":"SearchAction","target":{"@type":"EntryPoint","urlTemplate":"https:\/\/radioljubuski.ba\/?s={search_term_string}"},"query-input":{"@type":"PropertyValueSpecification","valueRequired":true,"valueName":"search_term_string"}}],"inLanguage":"hr"},{"@type":"Organization","@id":"https:\/\/radioljubuski.ba\/#organization","name":"Radio Ljubu\u0161ki","url":"https:\/\/radioljubuski.ba\/","logo":{"@type":"ImageObject","inLanguage":"hr","@id":"https:\/\/radioljubuski.ba\/#\/schema\/logo\/image\/","url":"https:\/\/radioljubuski.ba\/wp-content\/uploads\/2021\/02\/cropped-Radio_Ljubuski_logo1.jpg","contentUrl":"https:\/\/radioljubuski.ba\/wp-content\/uploads\/2021\/02\/cropped-Radio_Ljubuski_logo1.jpg","width":512,"height":512,"caption":"Radio Ljubu\u0161ki"},"image":{"@id":"https:\/\/radioljubuski.ba\/#\/schema\/logo\/image\/"},"sameAs":["https:\/\/www.facebook.com\/Radiio-Ljubuski-1490835324566332","https:\/\/x.com\/radioljubuski","https:\/\/hr.linkedin.com\/company\/radio-ljubuski","https:\/\/www.youtube.com\/channel\/UCHYaeO_n0Db3tjNGudGpXyw"]},{"@type":"Person","@id":"https:\/\/radioljubuski.ba\/#\/schema\/person\/19fc700381a780f69665d7956c469e3b","name":"Radio Ljubu\u0161ki"}]}},"_links":{"self":[{"href":"https:\/\/radioljubuski.ba\/index.php\/wp-json\/wp\/v2\/posts\/134723","targetHints":{"allow":["GET"]}}],"collection":[{"href":"https:\/\/radioljubuski.ba\/index.php\/wp-json\/wp\/v2\/posts"}],"about":[{"href":"https:\/\/radioljubuski.ba\/index.php\/wp-json\/wp\/v2\/types\/post"}],"author":[{"embeddable":true,"href":"https:\/\/radioljubuski.ba\/index.php\/wp-json\/wp\/v2\/users\/2"}],"replies":[{"embeddable":true,"href":"https:\/\/radioljubuski.ba\/index.php\/wp-json\/wp\/v2\/comments?post=134723"}],"version-history":[{"count":1,"href":"https:\/\/radioljubuski.ba\/index.php\/wp-json\/wp\/v2\/posts\/134723\/revisions"}],"predecessor-version":[{"id":134724,"href":"https:\/\/radioljubuski.ba\/index.php\/wp-json\/wp\/v2\/posts\/134723\/revisions\/134724"}],"wp:attachment":[{"href":"https:\/\/radioljubuski.ba\/index.php\/wp-json\/wp\/v2\/media?parent=134723"}],"wp:term":[{"taxonomy":"category","embeddable":true,"href":"https:\/\/radioljubuski.ba\/index.php\/wp-json\/wp\/v2\/categories?post=134723"},{"taxonomy":"post_tag","embeddable":true,"href":"https:\/\/radioljubuski.ba\/index.php\/wp-json\/wp\/v2\/tags?post=134723"}],"curies":[{"name":"wp","href":"https:\/\/api.w.org\/{rel}","templated":true}]}}