{"id":134728,"date":"2022-04-21T10:26:47","date_gmt":"2022-04-21T09:26:47","guid":{"rendered":"https:\/\/radioljubuski.ba\/?p=134728"},"modified":"2022-04-21T10:26:48","modified_gmt":"2022-04-21T09:26:48","slug":"draganu-vikicu-izrecena-oslobadajuca-presuda","status":"publish","type":"post","link":"https:\/\/radioljubuski.ba\/index.php\/2022\/04\/21\/draganu-vikicu-izrecena-oslobadajuca-presuda\/","title":{"rendered":"Draganu Viki\u0107u izre\u010dena osloba\u0111aju\u0107a presuda"},"content":{"rendered":"\n<p><strong>Draganu Viki\u0107u, biv\u0161em zapovjedniku Specijalne jedinice Ministarstva unutarnjih poslova Republike BiH, i Jusufu Pu\u0161ini, pomo\u0107niku ministra unutarnjih poslova za uniformiranu policiju Sud Bosne i Hercegovine, jutros je izrekao osloba\u0111aju\u0107u presudu.<\/strong><\/p>\n\n\n\n<p>Optu\u017enica je teretila Dragana Viki\u0107a i Jusufa Pu\u0161inu za po\u010dinjenje kaznenog djela ratni zlo\u010din protiv ratnih zarobljenika iz \u010dlanka 175. stavak 1. to\u010dka a) Kaznenog zakona Bosne i Hercegovine, u vezi s \u010dlankom 180. stavak 2. istog Zakona.<\/p>\n\n\n\n<p>\u201cSnagom dokaza i argumenata danas je ovom presudom skr\u0161en poku\u0161aj izjedna\u010davanja krivnje i nekakve ravnote\u017ee u zlo\u010dinu. Od prvog dana sam bio uvjeren da je Dragan Viki\u0107 nevin \u010dovjek jer sam svjedo\u010dio hrabrosti i \u010dasti tog \u010dovjeka. Stra\u0161no je to \u0161to je \u0161est godina morao da brani ne\u0161to \u0161to je mjerodavno jasno od prvog sata\u201d, rekao je Dragan Miokovi\u0107, umirovljeni sarajevski policajac, koji je do\u0161ao podr\u017eati Dragana Viki\u0107a ispred zgrade Suda BiH, prenose banjalu\u010dke Nezavisne novine.<\/p>\n\n\n\n<p>Dragana Viki\u0107a optu\u017enica Tu\u017eiteljstva BiH je teretila da nije sprije\u010dio ni poduzeo mjere na ka\u017enjavanju podre\u0111enih, jednako kao i Jusufa Pu\u0161inu.<\/p>\n\n\n\n<p>Sud Bosne i Hercegovine u ovom predmetu danas je oslobodio i Nermina Uzunovi\u0107a i Mladena \u010cov\u010di\u0107a, biv\u0161e pripadnike rezervnog sastava policije.<\/p>\n\n\n\n<p>Teretilo ih se za ubojstvo osam zarobljenika, koje je po\u010dinjeno u Velikom parku u Sarajevu 22. travnja 1992. godine.<\/p>\n\n\n\n<p>\/HMS\/<\/p>\n","protected":false},"excerpt":{"rendered":"<p>Draganu Viki\u0107u, biv\u0161em zapovjedniku Specijalne jedinice Ministarstva unutarnjih poslova Republike BiH, i Jusufu Pu\u0161ini, pomo\u0107niku ministra unutarnjih poslova za uniformiranu policiju Sud Bosne i Hercegovine, jutros je izrekao osloba\u0111aju\u0107u presudu. Optu\u017enica je teretila Dragana Viki\u0107a i Jusufa Pu\u0161inu za po\u010dinjenje kaznenog djela ratni zlo\u010din protiv ratnih zarobljenika iz \u010dlanka 175. stavak 1. to\u010dka a) Kaznenog [&hellip;]<\/p>\n","protected":false},"author":2,"featured_media":134729,"comment_status":"closed","ping_status":"closed","sticky":false,"template":"","format":"standard","meta":{"h5ap_radio_sources":[],"footnotes":""},"categories":[1],"tags":[],"class_list":["post-134728","post","type-post","status-publish","format-standard","has-post-thumbnail","hentry","category-bihiregija"],"yoast_head":"<!-- This site is optimized with the Yoast SEO plugin v27.4 - https:\/\/yoast.com\/product\/yoast-seo-wordpress\/ -->\n<title>Draganu Viki\u0107u izre\u010dena osloba\u0111aju\u0107a presuda - RADIO LJUBU\u0160KI<\/title>\n<meta name=\"robots\" content=\"index, follow, max-snippet:-1, max-image-preview:large, max-video-preview:-1\" \/>\n<link rel=\"canonical\" href=\"https:\/\/radioljubuski.ba\/index.php\/2022\/04\/21\/draganu-vikicu-izrecena-oslobadajuca-presuda\/\" \/>\n<meta property=\"og:locale\" content=\"hr_HR\" \/>\n<meta property=\"og:type\" content=\"article\" \/>\n<meta property=\"og:title\" content=\"Draganu Viki\u0107u izre\u010dena osloba\u0111aju\u0107a presuda - RADIO LJUBU\u0160KI\" \/>\n<meta property=\"og:description\" content=\"Draganu Viki\u0107u, biv\u0161em zapovjedniku Specijalne jedinice Ministarstva unutarnjih poslova Republike BiH, i Jusufu Pu\u0161ini, pomo\u0107niku ministra unutarnjih poslova za uniformiranu policiju Sud Bosne i Hercegovine, jutros je izrekao osloba\u0111aju\u0107u presudu. Optu\u017enica je teretila Dragana Viki\u0107a i Jusufa Pu\u0161inu za po\u010dinjenje kaznenog djela ratni zlo\u010din protiv ratnih zarobljenika iz \u010dlanka 175. stavak 1. to\u010dka a) Kaznenog [&hellip;]\" \/>\n<meta property=\"og:url\" content=\"https:\/\/radioljubuski.ba\/index.php\/2022\/04\/21\/draganu-vikicu-izrecena-oslobadajuca-presuda\/\" \/>\n<meta property=\"og:site_name\" content=\"RADIO LJUBU\u0160KI\" \/>\n<meta property=\"article:publisher\" content=\"https:\/\/www.facebook.com\/Radiio-Ljubuski-1490835324566332\" \/>\n<meta property=\"article:published_time\" content=\"2022-04-21T09:26:47+00:00\" \/>\n<meta property=\"article:modified_time\" content=\"2022-04-21T09:26:48+00:00\" \/>\n<meta property=\"og:image\" content=\"https:\/\/radioljubuski.ba\/wp-content\/uploads\/2022\/04\/873x400-2022-04-21T091042.966.jpg\" \/>\n\t<meta property=\"og:image:width\" content=\"750\" \/>\n\t<meta property=\"og:image:height\" content=\"465\" \/>\n\t<meta property=\"og:image:type\" content=\"image\/jpeg\" \/>\n<meta name=\"author\" content=\"Radio Ljubu\u0161ki\" \/>\n<meta name=\"twitter:card\" content=\"summary_large_image\" \/>\n<meta name=\"twitter:creator\" content=\"@radioljubuski\" \/>\n<meta name=\"twitter:site\" content=\"@radioljubuski\" \/>\n<meta name=\"twitter:label1\" content=\"Napisao\/la\" \/>\n\t<meta name=\"twitter:data1\" content=\"Radio Ljubu\u0161ki\" \/>\n\t<meta name=\"twitter:label2\" content=\"Procijenjeno vrijeme \u010ditanja\" \/>\n\t<meta name=\"twitter:data2\" content=\"1 minuta\" \/>\n<script type=\"application\/ld+json\" class=\"yoast-schema-graph\">{\"@context\":\"https:\\\/\\\/schema.org\",\"@graph\":[{\"@type\":\"Article\",\"@id\":\"https:\\\/\\\/radioljubuski.ba\\\/index.php\\\/2022\\\/04\\\/21\\\/draganu-vikicu-izrecena-oslobadajuca-presuda\\\/#article\",\"isPartOf\":{\"@id\":\"https:\\\/\\\/radioljubuski.ba\\\/index.php\\\/2022\\\/04\\\/21\\\/draganu-vikicu-izrecena-oslobadajuca-presuda\\\/\"},\"author\":{\"name\":\"Radio Ljubu\u0161ki\",\"@id\":\"https:\\\/\\\/radioljubuski.ba\\\/#\\\/schema\\\/person\\\/19fc700381a780f69665d7956c469e3b\"},\"headline\":\"Draganu Viki\u0107u izre\u010dena osloba\u0111aju\u0107a presuda\",\"datePublished\":\"2022-04-21T09:26:47+00:00\",\"dateModified\":\"2022-04-21T09:26:48+00:00\",\"mainEntityOfPage\":{\"@id\":\"https:\\\/\\\/radioljubuski.ba\\\/index.php\\\/2022\\\/04\\\/21\\\/draganu-vikicu-izrecena-oslobadajuca-presuda\\\/\"},\"wordCount\":245,\"publisher\":{\"@id\":\"https:\\\/\\\/radioljubuski.ba\\\/#organization\"},\"image\":{\"@id\":\"https:\\\/\\\/radioljubuski.ba\\\/index.php\\\/2022\\\/04\\\/21\\\/draganu-vikicu-izrecena-oslobadajuca-presuda\\\/#primaryimage\"},\"thumbnailUrl\":\"https:\\\/\\\/radioljubuski.ba\\\/wp-content\\\/uploads\\\/2022\\\/04\\\/873x400-2022-04-21T091042.966.jpg\",\"articleSection\":[\"BIH i regija\"],\"inLanguage\":\"hr\"},{\"@type\":\"WebPage\",\"@id\":\"https:\\\/\\\/radioljubuski.ba\\\/index.php\\\/2022\\\/04\\\/21\\\/draganu-vikicu-izrecena-oslobadajuca-presuda\\\/\",\"url\":\"https:\\\/\\\/radioljubuski.ba\\\/index.php\\\/2022\\\/04\\\/21\\\/draganu-vikicu-izrecena-oslobadajuca-presuda\\\/\",\"name\":\"Draganu Viki\u0107u izre\u010dena osloba\u0111aju\u0107a presuda - RADIO LJUBU\u0160KI\",\"isPartOf\":{\"@id\":\"https:\\\/\\\/radioljubuski.ba\\\/#website\"},\"primaryImageOfPage\":{\"@id\":\"https:\\\/\\\/radioljubuski.ba\\\/index.php\\\/2022\\\/04\\\/21\\\/draganu-vikicu-izrecena-oslobadajuca-presuda\\\/#primaryimage\"},\"image\":{\"@id\":\"https:\\\/\\\/radioljubuski.ba\\\/index.php\\\/2022\\\/04\\\/21\\\/draganu-vikicu-izrecena-oslobadajuca-presuda\\\/#primaryimage\"},\"thumbnailUrl\":\"https:\\\/\\\/radioljubuski.ba\\\/wp-content\\\/uploads\\\/2022\\\/04\\\/873x400-2022-04-21T091042.966.jpg\",\"datePublished\":\"2022-04-21T09:26:47+00:00\",\"dateModified\":\"2022-04-21T09:26:48+00:00\",\"breadcrumb\":{\"@id\":\"https:\\\/\\\/radioljubuski.ba\\\/index.php\\\/2022\\\/04\\\/21\\\/draganu-vikicu-izrecena-oslobadajuca-presuda\\\/#breadcrumb\"},\"inLanguage\":\"hr\",\"potentialAction\":[{\"@type\":\"ReadAction\",\"target\":[\"https:\\\/\\\/radioljubuski.ba\\\/index.php\\\/2022\\\/04\\\/21\\\/draganu-vikicu-izrecena-oslobadajuca-presuda\\\/\"]}]},{\"@type\":\"ImageObject\",\"inLanguage\":\"hr\",\"@id\":\"https:\\\/\\\/radioljubuski.ba\\\/index.php\\\/2022\\\/04\\\/21\\\/draganu-vikicu-izrecena-oslobadajuca-presuda\\\/#primaryimage\",\"url\":\"https:\\\/\\\/radioljubuski.ba\\\/wp-content\\\/uploads\\\/2022\\\/04\\\/873x400-2022-04-21T091042.966.jpg\",\"contentUrl\":\"https:\\\/\\\/radioljubuski.ba\\\/wp-content\\\/uploads\\\/2022\\\/04\\\/873x400-2022-04-21T091042.966.jpg\",\"width\":750,\"height\":465},{\"@type\":\"BreadcrumbList\",\"@id\":\"https:\\\/\\\/radioljubuski.ba\\\/index.php\\\/2022\\\/04\\\/21\\\/draganu-vikicu-izrecena-oslobadajuca-presuda\\\/#breadcrumb\",\"itemListElement\":[{\"@type\":\"ListItem\",\"position\":1,\"name\":\"Po\u010detna stranica\",\"item\":\"https:\\\/\\\/radioljubuski.ba\\\/\"},{\"@type\":\"ListItem\",\"position\":2,\"name\":\"Draganu Viki\u0107u izre\u010dena osloba\u0111aju\u0107a presuda\"}]},{\"@type\":\"WebSite\",\"@id\":\"https:\\\/\\\/radioljubuski.ba\\\/#website\",\"url\":\"https:\\\/\\\/radioljubuski.ba\\\/\",\"name\":\"Radio Ljubu\u0161ki\",\"description\":\"Sun\u010dana frekvencija Hercegovine\",\"publisher\":{\"@id\":\"https:\\\/\\\/radioljubuski.ba\\\/#organization\"},\"potentialAction\":[{\"@type\":\"SearchAction\",\"target\":{\"@type\":\"EntryPoint\",\"urlTemplate\":\"https:\\\/\\\/radioljubuski.ba\\\/?s={search_term_string}\"},\"query-input\":{\"@type\":\"PropertyValueSpecification\",\"valueRequired\":true,\"valueName\":\"search_term_string\"}}],\"inLanguage\":\"hr\"},{\"@type\":\"Organization\",\"@id\":\"https:\\\/\\\/radioljubuski.ba\\\/#organization\",\"name\":\"Radio Ljubu\u0161ki\",\"url\":\"https:\\\/\\\/radioljubuski.ba\\\/\",\"logo\":{\"@type\":\"ImageObject\",\"inLanguage\":\"hr\",\"@id\":\"https:\\\/\\\/radioljubuski.ba\\\/#\\\/schema\\\/logo\\\/image\\\/\",\"url\":\"https:\\\/\\\/radioljubuski.ba\\\/wp-content\\\/uploads\\\/2021\\\/02\\\/cropped-Radio_Ljubuski_logo1.jpg\",\"contentUrl\":\"https:\\\/\\\/radioljubuski.ba\\\/wp-content\\\/uploads\\\/2021\\\/02\\\/cropped-Radio_Ljubuski_logo1.jpg\",\"width\":512,\"height\":512,\"caption\":\"Radio Ljubu\u0161ki\"},\"image\":{\"@id\":\"https:\\\/\\\/radioljubuski.ba\\\/#\\\/schema\\\/logo\\\/image\\\/\"},\"sameAs\":[\"https:\\\/\\\/www.facebook.com\\\/Radiio-Ljubuski-1490835324566332\",\"https:\\\/\\\/x.com\\\/radioljubuski\",\"https:\\\/\\\/hr.linkedin.com\\\/company\\\/radio-ljubuski\",\"https:\\\/\\\/www.youtube.com\\\/channel\\\/UCHYaeO_n0Db3tjNGudGpXyw\"]},{\"@type\":\"Person\",\"@id\":\"https:\\\/\\\/radioljubuski.ba\\\/#\\\/schema\\\/person\\\/19fc700381a780f69665d7956c469e3b\",\"name\":\"Radio Ljubu\u0161ki\"}]}<\/script>\n<!-- \/ Yoast SEO plugin. -->","yoast_head_json":{"title":"Draganu Viki\u0107u izre\u010dena osloba\u0111aju\u0107a presuda - RADIO LJUBU\u0160KI","robots":{"index":"index","follow":"follow","max-snippet":"max-snippet:-1","max-image-preview":"max-image-preview:large","max-video-preview":"max-video-preview:-1"},"canonical":"https:\/\/radioljubuski.ba\/index.php\/2022\/04\/21\/draganu-vikicu-izrecena-oslobadajuca-presuda\/","og_locale":"hr_HR","og_type":"article","og_title":"Draganu Viki\u0107u izre\u010dena osloba\u0111aju\u0107a presuda - RADIO LJUBU\u0160KI","og_description":"Draganu Viki\u0107u, biv\u0161em zapovjedniku Specijalne jedinice Ministarstva unutarnjih poslova Republike BiH, i Jusufu Pu\u0161ini, pomo\u0107niku ministra unutarnjih poslova za uniformiranu policiju Sud Bosne i Hercegovine, jutros je izrekao osloba\u0111aju\u0107u presudu. Optu\u017enica je teretila Dragana Viki\u0107a i Jusufa Pu\u0161inu za po\u010dinjenje kaznenog djela ratni zlo\u010din protiv ratnih zarobljenika iz \u010dlanka 175. stavak 1. to\u010dka a) Kaznenog [&hellip;]","og_url":"https:\/\/radioljubuski.ba\/index.php\/2022\/04\/21\/draganu-vikicu-izrecena-oslobadajuca-presuda\/","og_site_name":"RADIO LJUBU\u0160KI","article_publisher":"https:\/\/www.facebook.com\/Radiio-Ljubuski-1490835324566332","article_published_time":"2022-04-21T09:26:47+00:00","article_modified_time":"2022-04-21T09:26:48+00:00","og_image":[{"width":750,"height":465,"url":"https:\/\/radioljubuski.ba\/wp-content\/uploads\/2022\/04\/873x400-2022-04-21T091042.966.jpg","type":"image\/jpeg"}],"author":"Radio Ljubu\u0161ki","twitter_card":"summary_large_image","twitter_creator":"@radioljubuski","twitter_site":"@radioljubuski","twitter_misc":{"Napisao\/la":"Radio Ljubu\u0161ki","Procijenjeno vrijeme \u010ditanja":"1 minuta"},"schema":{"@context":"https:\/\/schema.org","@graph":[{"@type":"Article","@id":"https:\/\/radioljubuski.ba\/index.php\/2022\/04\/21\/draganu-vikicu-izrecena-oslobadajuca-presuda\/#article","isPartOf":{"@id":"https:\/\/radioljubuski.ba\/index.php\/2022\/04\/21\/draganu-vikicu-izrecena-oslobadajuca-presuda\/"},"author":{"name":"Radio Ljubu\u0161ki","@id":"https:\/\/radioljubuski.ba\/#\/schema\/person\/19fc700381a780f69665d7956c469e3b"},"headline":"Draganu Viki\u0107u izre\u010dena osloba\u0111aju\u0107a presuda","datePublished":"2022-04-21T09:26:47+00:00","dateModified":"2022-04-21T09:26:48+00:00","mainEntityOfPage":{"@id":"https:\/\/radioljubuski.ba\/index.php\/2022\/04\/21\/draganu-vikicu-izrecena-oslobadajuca-presuda\/"},"wordCount":245,"publisher":{"@id":"https:\/\/radioljubuski.ba\/#organization"},"image":{"@id":"https:\/\/radioljubuski.ba\/index.php\/2022\/04\/21\/draganu-vikicu-izrecena-oslobadajuca-presuda\/#primaryimage"},"thumbnailUrl":"https:\/\/radioljubuski.ba\/wp-content\/uploads\/2022\/04\/873x400-2022-04-21T091042.966.jpg","articleSection":["BIH i regija"],"inLanguage":"hr"},{"@type":"WebPage","@id":"https:\/\/radioljubuski.ba\/index.php\/2022\/04\/21\/draganu-vikicu-izrecena-oslobadajuca-presuda\/","url":"https:\/\/radioljubuski.ba\/index.php\/2022\/04\/21\/draganu-vikicu-izrecena-oslobadajuca-presuda\/","name":"Draganu Viki\u0107u izre\u010dena osloba\u0111aju\u0107a presuda - RADIO LJUBU\u0160KI","isPartOf":{"@id":"https:\/\/radioljubuski.ba\/#website"},"primaryImageOfPage":{"@id":"https:\/\/radioljubuski.ba\/index.php\/2022\/04\/21\/draganu-vikicu-izrecena-oslobadajuca-presuda\/#primaryimage"},"image":{"@id":"https:\/\/radioljubuski.ba\/index.php\/2022\/04\/21\/draganu-vikicu-izrecena-oslobadajuca-presuda\/#primaryimage"},"thumbnailUrl":"https:\/\/radioljubuski.ba\/wp-content\/uploads\/2022\/04\/873x400-2022-04-21T091042.966.jpg","datePublished":"2022-04-21T09:26:47+00:00","dateModified":"2022-04-21T09:26:48+00:00","breadcrumb":{"@id":"https:\/\/radioljubuski.ba\/index.php\/2022\/04\/21\/draganu-vikicu-izrecena-oslobadajuca-presuda\/#breadcrumb"},"inLanguage":"hr","potentialAction":[{"@type":"ReadAction","target":["https:\/\/radioljubuski.ba\/index.php\/2022\/04\/21\/draganu-vikicu-izrecena-oslobadajuca-presuda\/"]}]},{"@type":"ImageObject","inLanguage":"hr","@id":"https:\/\/radioljubuski.ba\/index.php\/2022\/04\/21\/draganu-vikicu-izrecena-oslobadajuca-presuda\/#primaryimage","url":"https:\/\/radioljubuski.ba\/wp-content\/uploads\/2022\/04\/873x400-2022-04-21T091042.966.jpg","contentUrl":"https:\/\/radioljubuski.ba\/wp-content\/uploads\/2022\/04\/873x400-2022-04-21T091042.966.jpg","width":750,"height":465},{"@type":"BreadcrumbList","@id":"https:\/\/radioljubuski.ba\/index.php\/2022\/04\/21\/draganu-vikicu-izrecena-oslobadajuca-presuda\/#breadcrumb","itemListElement":[{"@type":"ListItem","position":1,"name":"Po\u010detna stranica","item":"https:\/\/radioljubuski.ba\/"},{"@type":"ListItem","position":2,"name":"Draganu Viki\u0107u izre\u010dena osloba\u0111aju\u0107a presuda"}]},{"@type":"WebSite","@id":"https:\/\/radioljubuski.ba\/#website","url":"https:\/\/radioljubuski.ba\/","name":"Radio Ljubu\u0161ki","description":"Sun\u010dana frekvencija Hercegovine","publisher":{"@id":"https:\/\/radioljubuski.ba\/#organization"},"potentialAction":[{"@type":"SearchAction","target":{"@type":"EntryPoint","urlTemplate":"https:\/\/radioljubuski.ba\/?s={search_term_string}"},"query-input":{"@type":"PropertyValueSpecification","valueRequired":true,"valueName":"search_term_string"}}],"inLanguage":"hr"},{"@type":"Organization","@id":"https:\/\/radioljubuski.ba\/#organization","name":"Radio Ljubu\u0161ki","url":"https:\/\/radioljubuski.ba\/","logo":{"@type":"ImageObject","inLanguage":"hr","@id":"https:\/\/radioljubuski.ba\/#\/schema\/logo\/image\/","url":"https:\/\/radioljubuski.ba\/wp-content\/uploads\/2021\/02\/cropped-Radio_Ljubuski_logo1.jpg","contentUrl":"https:\/\/radioljubuski.ba\/wp-content\/uploads\/2021\/02\/cropped-Radio_Ljubuski_logo1.jpg","width":512,"height":512,"caption":"Radio Ljubu\u0161ki"},"image":{"@id":"https:\/\/radioljubuski.ba\/#\/schema\/logo\/image\/"},"sameAs":["https:\/\/www.facebook.com\/Radiio-Ljubuski-1490835324566332","https:\/\/x.com\/radioljubuski","https:\/\/hr.linkedin.com\/company\/radio-ljubuski","https:\/\/www.youtube.com\/channel\/UCHYaeO_n0Db3tjNGudGpXyw"]},{"@type":"Person","@id":"https:\/\/radioljubuski.ba\/#\/schema\/person\/19fc700381a780f69665d7956c469e3b","name":"Radio Ljubu\u0161ki"}]}},"_links":{"self":[{"href":"https:\/\/radioljubuski.ba\/index.php\/wp-json\/wp\/v2\/posts\/134728","targetHints":{"allow":["GET"]}}],"collection":[{"href":"https:\/\/radioljubuski.ba\/index.php\/wp-json\/wp\/v2\/posts"}],"about":[{"href":"https:\/\/radioljubuski.ba\/index.php\/wp-json\/wp\/v2\/types\/post"}],"author":[{"embeddable":true,"href":"https:\/\/radioljubuski.ba\/index.php\/wp-json\/wp\/v2\/users\/2"}],"replies":[{"embeddable":true,"href":"https:\/\/radioljubuski.ba\/index.php\/wp-json\/wp\/v2\/comments?post=134728"}],"version-history":[{"count":1,"href":"https:\/\/radioljubuski.ba\/index.php\/wp-json\/wp\/v2\/posts\/134728\/revisions"}],"predecessor-version":[{"id":134730,"href":"https:\/\/radioljubuski.ba\/index.php\/wp-json\/wp\/v2\/posts\/134728\/revisions\/134730"}],"wp:featuredmedia":[{"embeddable":true,"href":"https:\/\/radioljubuski.ba\/index.php\/wp-json\/wp\/v2\/media\/134729"}],"wp:attachment":[{"href":"https:\/\/radioljubuski.ba\/index.php\/wp-json\/wp\/v2\/media?parent=134728"}],"wp:term":[{"taxonomy":"category","embeddable":true,"href":"https:\/\/radioljubuski.ba\/index.php\/wp-json\/wp\/v2\/categories?post=134728"},{"taxonomy":"post_tag","embeddable":true,"href":"https:\/\/radioljubuski.ba\/index.php\/wp-json\/wp\/v2\/tags?post=134728"}],"curies":[{"name":"wp","href":"https:\/\/api.w.org\/{rel}","templated":true}]}}