{"id":134734,"date":"2022-04-21T10:31:05","date_gmt":"2022-04-21T09:31:05","guid":{"rendered":"https:\/\/radioljubuski.ba\/?p=134734"},"modified":"2022-04-21T10:31:06","modified_gmt":"2022-04-21T09:31:06","slug":"srna-kod-varazdina-udarila-u-djecaka-on-pao-u-kanal-policija-ga-spasila-od-utapanja","status":"publish","type":"post","link":"https:\/\/radioljubuski.ba\/index.php\/2022\/04\/21\/srna-kod-varazdina-udarila-u-djecaka-on-pao-u-kanal-policija-ga-spasila-od-utapanja\/","title":{"rendered":"Srna kod Vara\u017edina udarila u dje\u010daka, on pao u kanal. Policija ga spasila od utapanja"},"content":{"rendered":"\n<p>Sino\u0107 u 20:06 vara\u017edinska policija zaprimila je dojavu 14-godi\u0161nje djevoj\u010dice da se nalazi na obali derivacijskog kanala HE Vara\u017edin kod Svibovca Podravskog i da je njezin 13-godi\u0161nji prijatelj pao u Dravu te da ga ne mogu izvu\u0107i iz vode.<\/p>\n\n\n\n<p>&#8220;Odmah po zaprimanju dojave voditelj smjene je \u017eurno na mjesto doga\u0111aja uputio sve raspolo\u017eive ophodnje Policijske postaje Vara\u017edin, Postaje prometne policije Vara\u017edin i Interventne jedinice policije. Tako\u0111er je o doga\u0111aju \u017eurno izvijestio i Javnu vatrogasnu postrojbu i Zavod za hitnu medicinu Vara\u017edinsku \u017eupanije&#8221;, objavila je policija, prenosi Index.<\/p>\n\n\n\n<p>Policija je djevoj\u010dicu koja je dojavila nesre\u0107u uputila da mobitelom daje svjetlosne znakove policajcima koji dolaze na mjesto doga\u0111aja s ciljem da ih \u0161to prije uo\u010de i po\u010dnu spa\u0161avanje. Dali su joj upute koje je prenijela dje\u010daku u vodi &#8211; da se poku\u0161a dr\u017eati za neki predmet.<\/p>\n\n\n\n<p>Dje\u010dak se dr\u017eao za \u0161pagu, tijelo mu je bilo pod vodom<br><br>&#8220;U 20:15 na mjesto doga\u0111aja &#8211; 100 metara uzvodno od HE Vara\u017edin s ju\u017ene strane derivacijskog kanala na asfaltiranom nasipu \u0161irine 3 metra &#8211; stigla je prva od upu\u0107enih ophodnji, dvojica policijskih slu\u017ebenika Policijske postaje Vara\u017edin. Oni uo\u010davaju kako se dje\u010dak u vodi dr\u017ei za konop, odnosno \u0161pagu koja viri iz asfaltne podloge, a tijelo mu je potopljeno vodom koja te\u010de velikom brzinom nizvodno prema hidrocentrali.<\/p>\n\n\n\n<p>Jedan od policijskih slu\u017ebenika \u017eurno se spu\u0161ta niz kosinu asfaltnog nasipa 6 metara, dok ga drugi policajac osigurava rukama te hvatom za ruku dje\u010daka vade iz vode na nasip, stavljaju ga u policijsko vozilo i pokrivaju vlastitom odje\u0107om da ga ugriju do dolaska medicinske ekipe&#8221;, objavila je policija.<\/p>\n\n\n\n<p>Pas tr\u010dao za srnom, ona udarila u 13-godi\u0161njaka i odbacila ga u kanal<br>&#8220;U 20:30 na mjesto doga\u0111aja stigla je ekipa Zavoda za hitnu medicinu Vara\u017edinske \u017eupanije koja je preuzela pothla\u0111enog dje\u010daka te ga prevezla u Op\u0107u bolnicu Vara\u017edin. Tako\u0111er je o doga\u0111aju obavije\u0161tena majka dje\u010daka, koja je preuzela daljnju skrb o djetetu u bolnici. &nbsp; &nbsp; &nbsp; &nbsp;&nbsp;<\/p>\n\n\n\n<p>Obavljenim razgovorima s djevoj\u010dicom koja je dojavila incident te jo\u0161 dvije djevoj\u010dice u dobi od 13 i 14 godina, utvr\u0111eno je da su one s 13-godi\u0161njakom oko 20 sati \u0161etale po nasipu. U jednom su trenutku u polju nedaleko od derivacijskog kanala ugledali kako pas nepoznatog vlasnika tr\u010di za srnom.<\/p>\n\n\n\n<p>Srna se u jednom trenutku okrenula i po\u010dela tr\u010dati u smjeru nasipa, pri \u010demu je udarila u tijelo 13-godi\u0161njaka, koji je izgubio ravnote\u017eu i od siline udara pao s nasipa u vodu derivacijskog kanala. Dje\u010dak se prilikom pada poku\u0161ao zaustaviti na klizavoj asfaltnoj podlozi kosine nasipa, no nije uspio te je pao u vodu. U tom je trenutku ugledao \u0161pagu za koju se uhvatio i dr\u017eao do dolaska i spa\u0161avanja&#8221;, objavila je policija.<\/p>\n\n\n\n<p><strong>Izvor: Hercegovina.info<\/strong><\/p>\n","protected":false},"excerpt":{"rendered":"<p>Sino\u0107 u 20:06 vara\u017edinska policija zaprimila je dojavu 14-godi\u0161nje djevoj\u010dice da se nalazi na obali derivacijskog kanala HE Vara\u017edin kod Svibovca Podravskog i da je njezin 13-godi\u0161nji prijatelj pao u Dravu te da ga ne mogu izvu\u0107i iz vode. &#8220;Odmah po zaprimanju dojave voditelj smjene je \u017eurno na mjesto doga\u0111aja uputio sve raspolo\u017eive ophodnje Policijske [&hellip;]<\/p>\n","protected":false},"author":2,"featured_media":134735,"comment_status":"closed","ping_status":"closed","sticky":false,"template":"","format":"standard","meta":{"h5ap_radio_sources":[],"footnotes":""},"categories":[1],"tags":[],"class_list":["post-134734","post","type-post","status-publish","format-standard","has-post-thumbnail","hentry","category-bihiregija"],"yoast_head":"<!-- This site is optimized with the Yoast SEO plugin v27.4 - https:\/\/yoast.com\/product\/yoast-seo-wordpress\/ -->\n<title>Srna kod Vara\u017edina udarila u dje\u010daka, on pao u kanal. Policija ga spasila od utapanja - RADIO LJUBU\u0160KI<\/title>\n<meta name=\"robots\" content=\"index, follow, max-snippet:-1, max-image-preview:large, max-video-preview:-1\" \/>\n<link rel=\"canonical\" href=\"https:\/\/radioljubuski.ba\/index.php\/2022\/04\/21\/srna-kod-varazdina-udarila-u-djecaka-on-pao-u-kanal-policija-ga-spasila-od-utapanja\/\" \/>\n<meta property=\"og:locale\" content=\"hr_HR\" \/>\n<meta property=\"og:type\" content=\"article\" \/>\n<meta property=\"og:title\" content=\"Srna kod Vara\u017edina udarila u dje\u010daka, on pao u kanal. Policija ga spasila od utapanja - RADIO LJUBU\u0160KI\" \/>\n<meta property=\"og:description\" content=\"Sino\u0107 u 20:06 vara\u017edinska policija zaprimila je dojavu 14-godi\u0161nje djevoj\u010dice da se nalazi na obali derivacijskog kanala HE Vara\u017edin kod Svibovca Podravskog i da je njezin 13-godi\u0161nji prijatelj pao u Dravu te da ga ne mogu izvu\u0107i iz vode. &#8220;Odmah po zaprimanju dojave voditelj smjene je \u017eurno na mjesto doga\u0111aja uputio sve raspolo\u017eive ophodnje Policijske [&hellip;]\" \/>\n<meta property=\"og:url\" content=\"https:\/\/radioljubuski.ba\/index.php\/2022\/04\/21\/srna-kod-varazdina-udarila-u-djecaka-on-pao-u-kanal-policija-ga-spasila-od-utapanja\/\" \/>\n<meta property=\"og:site_name\" content=\"RADIO LJUBU\u0160KI\" \/>\n<meta property=\"article:publisher\" content=\"https:\/\/www.facebook.com\/Radiio-Ljubuski-1490835324566332\" \/>\n<meta property=\"article:published_time\" content=\"2022-04-21T09:31:05+00:00\" \/>\n<meta property=\"article:modified_time\" content=\"2022-04-21T09:31:06+00:00\" \/>\n<meta property=\"og:image\" content=\"https:\/\/radioljubuski.ba\/wp-content\/uploads\/2022\/04\/rijeka-varazdin.jpg\" \/>\n\t<meta property=\"og:image:width\" content=\"1024\" \/>\n\t<meta property=\"og:image:height\" content=\"576\" \/>\n\t<meta property=\"og:image:type\" content=\"image\/jpeg\" \/>\n<meta name=\"author\" content=\"Radio Ljubu\u0161ki\" \/>\n<meta name=\"twitter:card\" content=\"summary_large_image\" \/>\n<meta name=\"twitter:creator\" content=\"@radioljubuski\" \/>\n<meta name=\"twitter:site\" content=\"@radioljubuski\" \/>\n<meta name=\"twitter:label1\" content=\"Napisao\/la\" \/>\n\t<meta name=\"twitter:data1\" content=\"Radio Ljubu\u0161ki\" \/>\n\t<meta name=\"twitter:label2\" content=\"Procijenjeno vrijeme \u010ditanja\" \/>\n\t<meta name=\"twitter:data2\" content=\"2 minute\" \/>\n<script type=\"application\/ld+json\" class=\"yoast-schema-graph\">{\"@context\":\"https:\\\/\\\/schema.org\",\"@graph\":[{\"@type\":\"Article\",\"@id\":\"https:\\\/\\\/radioljubuski.ba\\\/index.php\\\/2022\\\/04\\\/21\\\/srna-kod-varazdina-udarila-u-djecaka-on-pao-u-kanal-policija-ga-spasila-od-utapanja\\\/#article\",\"isPartOf\":{\"@id\":\"https:\\\/\\\/radioljubuski.ba\\\/index.php\\\/2022\\\/04\\\/21\\\/srna-kod-varazdina-udarila-u-djecaka-on-pao-u-kanal-policija-ga-spasila-od-utapanja\\\/\"},\"author\":{\"name\":\"Radio Ljubu\u0161ki\",\"@id\":\"https:\\\/\\\/radioljubuski.ba\\\/#\\\/schema\\\/person\\\/19fc700381a780f69665d7956c469e3b\"},\"headline\":\"Srna kod Vara\u017edina udarila u dje\u010daka, on pao u kanal. Policija ga spasila od utapanja\",\"datePublished\":\"2022-04-21T09:31:05+00:00\",\"dateModified\":\"2022-04-21T09:31:06+00:00\",\"mainEntityOfPage\":{\"@id\":\"https:\\\/\\\/radioljubuski.ba\\\/index.php\\\/2022\\\/04\\\/21\\\/srna-kod-varazdina-udarila-u-djecaka-on-pao-u-kanal-policija-ga-spasila-od-utapanja\\\/\"},\"wordCount\":516,\"publisher\":{\"@id\":\"https:\\\/\\\/radioljubuski.ba\\\/#organization\"},\"image\":{\"@id\":\"https:\\\/\\\/radioljubuski.ba\\\/index.php\\\/2022\\\/04\\\/21\\\/srna-kod-varazdina-udarila-u-djecaka-on-pao-u-kanal-policija-ga-spasila-od-utapanja\\\/#primaryimage\"},\"thumbnailUrl\":\"https:\\\/\\\/radioljubuski.ba\\\/wp-content\\\/uploads\\\/2022\\\/04\\\/rijeka-varazdin.jpg\",\"articleSection\":[\"BIH i regija\"],\"inLanguage\":\"hr\"},{\"@type\":\"WebPage\",\"@id\":\"https:\\\/\\\/radioljubuski.ba\\\/index.php\\\/2022\\\/04\\\/21\\\/srna-kod-varazdina-udarila-u-djecaka-on-pao-u-kanal-policija-ga-spasila-od-utapanja\\\/\",\"url\":\"https:\\\/\\\/radioljubuski.ba\\\/index.php\\\/2022\\\/04\\\/21\\\/srna-kod-varazdina-udarila-u-djecaka-on-pao-u-kanal-policija-ga-spasila-od-utapanja\\\/\",\"name\":\"Srna kod Vara\u017edina udarila u dje\u010daka, on pao u kanal. Policija ga spasila od utapanja - RADIO LJUBU\u0160KI\",\"isPartOf\":{\"@id\":\"https:\\\/\\\/radioljubuski.ba\\\/#website\"},\"primaryImageOfPage\":{\"@id\":\"https:\\\/\\\/radioljubuski.ba\\\/index.php\\\/2022\\\/04\\\/21\\\/srna-kod-varazdina-udarila-u-djecaka-on-pao-u-kanal-policija-ga-spasila-od-utapanja\\\/#primaryimage\"},\"image\":{\"@id\":\"https:\\\/\\\/radioljubuski.ba\\\/index.php\\\/2022\\\/04\\\/21\\\/srna-kod-varazdina-udarila-u-djecaka-on-pao-u-kanal-policija-ga-spasila-od-utapanja\\\/#primaryimage\"},\"thumbnailUrl\":\"https:\\\/\\\/radioljubuski.ba\\\/wp-content\\\/uploads\\\/2022\\\/04\\\/rijeka-varazdin.jpg\",\"datePublished\":\"2022-04-21T09:31:05+00:00\",\"dateModified\":\"2022-04-21T09:31:06+00:00\",\"breadcrumb\":{\"@id\":\"https:\\\/\\\/radioljubuski.ba\\\/index.php\\\/2022\\\/04\\\/21\\\/srna-kod-varazdina-udarila-u-djecaka-on-pao-u-kanal-policija-ga-spasila-od-utapanja\\\/#breadcrumb\"},\"inLanguage\":\"hr\",\"potentialAction\":[{\"@type\":\"ReadAction\",\"target\":[\"https:\\\/\\\/radioljubuski.ba\\\/index.php\\\/2022\\\/04\\\/21\\\/srna-kod-varazdina-udarila-u-djecaka-on-pao-u-kanal-policija-ga-spasila-od-utapanja\\\/\"]}]},{\"@type\":\"ImageObject\",\"inLanguage\":\"hr\",\"@id\":\"https:\\\/\\\/radioljubuski.ba\\\/index.php\\\/2022\\\/04\\\/21\\\/srna-kod-varazdina-udarila-u-djecaka-on-pao-u-kanal-policija-ga-spasila-od-utapanja\\\/#primaryimage\",\"url\":\"https:\\\/\\\/radioljubuski.ba\\\/wp-content\\\/uploads\\\/2022\\\/04\\\/rijeka-varazdin.jpg\",\"contentUrl\":\"https:\\\/\\\/radioljubuski.ba\\\/wp-content\\\/uploads\\\/2022\\\/04\\\/rijeka-varazdin.jpg\",\"width\":1024,\"height\":576},{\"@type\":\"BreadcrumbList\",\"@id\":\"https:\\\/\\\/radioljubuski.ba\\\/index.php\\\/2022\\\/04\\\/21\\\/srna-kod-varazdina-udarila-u-djecaka-on-pao-u-kanal-policija-ga-spasila-od-utapanja\\\/#breadcrumb\",\"itemListElement\":[{\"@type\":\"ListItem\",\"position\":1,\"name\":\"Po\u010detna stranica\",\"item\":\"https:\\\/\\\/radioljubuski.ba\\\/\"},{\"@type\":\"ListItem\",\"position\":2,\"name\":\"Srna kod Vara\u017edina udarila u dje\u010daka, on pao u kanal. Policija ga spasila od utapanja\"}]},{\"@type\":\"WebSite\",\"@id\":\"https:\\\/\\\/radioljubuski.ba\\\/#website\",\"url\":\"https:\\\/\\\/radioljubuski.ba\\\/\",\"name\":\"Radio Ljubu\u0161ki\",\"description\":\"Sun\u010dana frekvencija Hercegovine\",\"publisher\":{\"@id\":\"https:\\\/\\\/radioljubuski.ba\\\/#organization\"},\"potentialAction\":[{\"@type\":\"SearchAction\",\"target\":{\"@type\":\"EntryPoint\",\"urlTemplate\":\"https:\\\/\\\/radioljubuski.ba\\\/?s={search_term_string}\"},\"query-input\":{\"@type\":\"PropertyValueSpecification\",\"valueRequired\":true,\"valueName\":\"search_term_string\"}}],\"inLanguage\":\"hr\"},{\"@type\":\"Organization\",\"@id\":\"https:\\\/\\\/radioljubuski.ba\\\/#organization\",\"name\":\"Radio Ljubu\u0161ki\",\"url\":\"https:\\\/\\\/radioljubuski.ba\\\/\",\"logo\":{\"@type\":\"ImageObject\",\"inLanguage\":\"hr\",\"@id\":\"https:\\\/\\\/radioljubuski.ba\\\/#\\\/schema\\\/logo\\\/image\\\/\",\"url\":\"https:\\\/\\\/radioljubuski.ba\\\/wp-content\\\/uploads\\\/2021\\\/02\\\/cropped-Radio_Ljubuski_logo1.jpg\",\"contentUrl\":\"https:\\\/\\\/radioljubuski.ba\\\/wp-content\\\/uploads\\\/2021\\\/02\\\/cropped-Radio_Ljubuski_logo1.jpg\",\"width\":512,\"height\":512,\"caption\":\"Radio Ljubu\u0161ki\"},\"image\":{\"@id\":\"https:\\\/\\\/radioljubuski.ba\\\/#\\\/schema\\\/logo\\\/image\\\/\"},\"sameAs\":[\"https:\\\/\\\/www.facebook.com\\\/Radiio-Ljubuski-1490835324566332\",\"https:\\\/\\\/x.com\\\/radioljubuski\",\"https:\\\/\\\/hr.linkedin.com\\\/company\\\/radio-ljubuski\",\"https:\\\/\\\/www.youtube.com\\\/channel\\\/UCHYaeO_n0Db3tjNGudGpXyw\"]},{\"@type\":\"Person\",\"@id\":\"https:\\\/\\\/radioljubuski.ba\\\/#\\\/schema\\\/person\\\/19fc700381a780f69665d7956c469e3b\",\"name\":\"Radio Ljubu\u0161ki\"}]}<\/script>\n<!-- \/ Yoast SEO plugin. -->","yoast_head_json":{"title":"Srna kod Vara\u017edina udarila u dje\u010daka, on pao u kanal. Policija ga spasila od utapanja - RADIO LJUBU\u0160KI","robots":{"index":"index","follow":"follow","max-snippet":"max-snippet:-1","max-image-preview":"max-image-preview:large","max-video-preview":"max-video-preview:-1"},"canonical":"https:\/\/radioljubuski.ba\/index.php\/2022\/04\/21\/srna-kod-varazdina-udarila-u-djecaka-on-pao-u-kanal-policija-ga-spasila-od-utapanja\/","og_locale":"hr_HR","og_type":"article","og_title":"Srna kod Vara\u017edina udarila u dje\u010daka, on pao u kanal. Policija ga spasila od utapanja - RADIO LJUBU\u0160KI","og_description":"Sino\u0107 u 20:06 vara\u017edinska policija zaprimila je dojavu 14-godi\u0161nje djevoj\u010dice da se nalazi na obali derivacijskog kanala HE Vara\u017edin kod Svibovca Podravskog i da je njezin 13-godi\u0161nji prijatelj pao u Dravu te da ga ne mogu izvu\u0107i iz vode. &#8220;Odmah po zaprimanju dojave voditelj smjene je \u017eurno na mjesto doga\u0111aja uputio sve raspolo\u017eive ophodnje Policijske [&hellip;]","og_url":"https:\/\/radioljubuski.ba\/index.php\/2022\/04\/21\/srna-kod-varazdina-udarila-u-djecaka-on-pao-u-kanal-policija-ga-spasila-od-utapanja\/","og_site_name":"RADIO LJUBU\u0160KI","article_publisher":"https:\/\/www.facebook.com\/Radiio-Ljubuski-1490835324566332","article_published_time":"2022-04-21T09:31:05+00:00","article_modified_time":"2022-04-21T09:31:06+00:00","og_image":[{"width":1024,"height":576,"url":"https:\/\/radioljubuski.ba\/wp-content\/uploads\/2022\/04\/rijeka-varazdin.jpg","type":"image\/jpeg"}],"author":"Radio Ljubu\u0161ki","twitter_card":"summary_large_image","twitter_creator":"@radioljubuski","twitter_site":"@radioljubuski","twitter_misc":{"Napisao\/la":"Radio Ljubu\u0161ki","Procijenjeno vrijeme \u010ditanja":"2 minute"},"schema":{"@context":"https:\/\/schema.org","@graph":[{"@type":"Article","@id":"https:\/\/radioljubuski.ba\/index.php\/2022\/04\/21\/srna-kod-varazdina-udarila-u-djecaka-on-pao-u-kanal-policija-ga-spasila-od-utapanja\/#article","isPartOf":{"@id":"https:\/\/radioljubuski.ba\/index.php\/2022\/04\/21\/srna-kod-varazdina-udarila-u-djecaka-on-pao-u-kanal-policija-ga-spasila-od-utapanja\/"},"author":{"name":"Radio Ljubu\u0161ki","@id":"https:\/\/radioljubuski.ba\/#\/schema\/person\/19fc700381a780f69665d7956c469e3b"},"headline":"Srna kod Vara\u017edina udarila u dje\u010daka, on pao u kanal. Policija ga spasila od utapanja","datePublished":"2022-04-21T09:31:05+00:00","dateModified":"2022-04-21T09:31:06+00:00","mainEntityOfPage":{"@id":"https:\/\/radioljubuski.ba\/index.php\/2022\/04\/21\/srna-kod-varazdina-udarila-u-djecaka-on-pao-u-kanal-policija-ga-spasila-od-utapanja\/"},"wordCount":516,"publisher":{"@id":"https:\/\/radioljubuski.ba\/#organization"},"image":{"@id":"https:\/\/radioljubuski.ba\/index.php\/2022\/04\/21\/srna-kod-varazdina-udarila-u-djecaka-on-pao-u-kanal-policija-ga-spasila-od-utapanja\/#primaryimage"},"thumbnailUrl":"https:\/\/radioljubuski.ba\/wp-content\/uploads\/2022\/04\/rijeka-varazdin.jpg","articleSection":["BIH i regija"],"inLanguage":"hr"},{"@type":"WebPage","@id":"https:\/\/radioljubuski.ba\/index.php\/2022\/04\/21\/srna-kod-varazdina-udarila-u-djecaka-on-pao-u-kanal-policija-ga-spasila-od-utapanja\/","url":"https:\/\/radioljubuski.ba\/index.php\/2022\/04\/21\/srna-kod-varazdina-udarila-u-djecaka-on-pao-u-kanal-policija-ga-spasila-od-utapanja\/","name":"Srna kod Vara\u017edina udarila u dje\u010daka, on pao u kanal. Policija ga spasila od utapanja - RADIO LJUBU\u0160KI","isPartOf":{"@id":"https:\/\/radioljubuski.ba\/#website"},"primaryImageOfPage":{"@id":"https:\/\/radioljubuski.ba\/index.php\/2022\/04\/21\/srna-kod-varazdina-udarila-u-djecaka-on-pao-u-kanal-policija-ga-spasila-od-utapanja\/#primaryimage"},"image":{"@id":"https:\/\/radioljubuski.ba\/index.php\/2022\/04\/21\/srna-kod-varazdina-udarila-u-djecaka-on-pao-u-kanal-policija-ga-spasila-od-utapanja\/#primaryimage"},"thumbnailUrl":"https:\/\/radioljubuski.ba\/wp-content\/uploads\/2022\/04\/rijeka-varazdin.jpg","datePublished":"2022-04-21T09:31:05+00:00","dateModified":"2022-04-21T09:31:06+00:00","breadcrumb":{"@id":"https:\/\/radioljubuski.ba\/index.php\/2022\/04\/21\/srna-kod-varazdina-udarila-u-djecaka-on-pao-u-kanal-policija-ga-spasila-od-utapanja\/#breadcrumb"},"inLanguage":"hr","potentialAction":[{"@type":"ReadAction","target":["https:\/\/radioljubuski.ba\/index.php\/2022\/04\/21\/srna-kod-varazdina-udarila-u-djecaka-on-pao-u-kanal-policija-ga-spasila-od-utapanja\/"]}]},{"@type":"ImageObject","inLanguage":"hr","@id":"https:\/\/radioljubuski.ba\/index.php\/2022\/04\/21\/srna-kod-varazdina-udarila-u-djecaka-on-pao-u-kanal-policija-ga-spasila-od-utapanja\/#primaryimage","url":"https:\/\/radioljubuski.ba\/wp-content\/uploads\/2022\/04\/rijeka-varazdin.jpg","contentUrl":"https:\/\/radioljubuski.ba\/wp-content\/uploads\/2022\/04\/rijeka-varazdin.jpg","width":1024,"height":576},{"@type":"BreadcrumbList","@id":"https:\/\/radioljubuski.ba\/index.php\/2022\/04\/21\/srna-kod-varazdina-udarila-u-djecaka-on-pao-u-kanal-policija-ga-spasila-od-utapanja\/#breadcrumb","itemListElement":[{"@type":"ListItem","position":1,"name":"Po\u010detna stranica","item":"https:\/\/radioljubuski.ba\/"},{"@type":"ListItem","position":2,"name":"Srna kod Vara\u017edina udarila u dje\u010daka, on pao u kanal. Policija ga spasila od utapanja"}]},{"@type":"WebSite","@id":"https:\/\/radioljubuski.ba\/#website","url":"https:\/\/radioljubuski.ba\/","name":"Radio Ljubu\u0161ki","description":"Sun\u010dana frekvencija Hercegovine","publisher":{"@id":"https:\/\/radioljubuski.ba\/#organization"},"potentialAction":[{"@type":"SearchAction","target":{"@type":"EntryPoint","urlTemplate":"https:\/\/radioljubuski.ba\/?s={search_term_string}"},"query-input":{"@type":"PropertyValueSpecification","valueRequired":true,"valueName":"search_term_string"}}],"inLanguage":"hr"},{"@type":"Organization","@id":"https:\/\/radioljubuski.ba\/#organization","name":"Radio Ljubu\u0161ki","url":"https:\/\/radioljubuski.ba\/","logo":{"@type":"ImageObject","inLanguage":"hr","@id":"https:\/\/radioljubuski.ba\/#\/schema\/logo\/image\/","url":"https:\/\/radioljubuski.ba\/wp-content\/uploads\/2021\/02\/cropped-Radio_Ljubuski_logo1.jpg","contentUrl":"https:\/\/radioljubuski.ba\/wp-content\/uploads\/2021\/02\/cropped-Radio_Ljubuski_logo1.jpg","width":512,"height":512,"caption":"Radio Ljubu\u0161ki"},"image":{"@id":"https:\/\/radioljubuski.ba\/#\/schema\/logo\/image\/"},"sameAs":["https:\/\/www.facebook.com\/Radiio-Ljubuski-1490835324566332","https:\/\/x.com\/radioljubuski","https:\/\/hr.linkedin.com\/company\/radio-ljubuski","https:\/\/www.youtube.com\/channel\/UCHYaeO_n0Db3tjNGudGpXyw"]},{"@type":"Person","@id":"https:\/\/radioljubuski.ba\/#\/schema\/person\/19fc700381a780f69665d7956c469e3b","name":"Radio Ljubu\u0161ki"}]}},"_links":{"self":[{"href":"https:\/\/radioljubuski.ba\/index.php\/wp-json\/wp\/v2\/posts\/134734","targetHints":{"allow":["GET"]}}],"collection":[{"href":"https:\/\/radioljubuski.ba\/index.php\/wp-json\/wp\/v2\/posts"}],"about":[{"href":"https:\/\/radioljubuski.ba\/index.php\/wp-json\/wp\/v2\/types\/post"}],"author":[{"embeddable":true,"href":"https:\/\/radioljubuski.ba\/index.php\/wp-json\/wp\/v2\/users\/2"}],"replies":[{"embeddable":true,"href":"https:\/\/radioljubuski.ba\/index.php\/wp-json\/wp\/v2\/comments?post=134734"}],"version-history":[{"count":1,"href":"https:\/\/radioljubuski.ba\/index.php\/wp-json\/wp\/v2\/posts\/134734\/revisions"}],"predecessor-version":[{"id":134736,"href":"https:\/\/radioljubuski.ba\/index.php\/wp-json\/wp\/v2\/posts\/134734\/revisions\/134736"}],"wp:featuredmedia":[{"embeddable":true,"href":"https:\/\/radioljubuski.ba\/index.php\/wp-json\/wp\/v2\/media\/134735"}],"wp:attachment":[{"href":"https:\/\/radioljubuski.ba\/index.php\/wp-json\/wp\/v2\/media?parent=134734"}],"wp:term":[{"taxonomy":"category","embeddable":true,"href":"https:\/\/radioljubuski.ba\/index.php\/wp-json\/wp\/v2\/categories?post=134734"},{"taxonomy":"post_tag","embeddable":true,"href":"https:\/\/radioljubuski.ba\/index.php\/wp-json\/wp\/v2\/tags?post=134734"}],"curies":[{"name":"wp","href":"https:\/\/api.w.org\/{rel}","templated":true}]}}