{"id":134740,"date":"2022-04-21T10:37:57","date_gmt":"2022-04-21T09:37:57","guid":{"rendered":"https:\/\/radioljubuski.ba\/?p=134740"},"modified":"2022-04-22T13:35:06","modified_gmt":"2022-04-22T12:35:06","slug":"jela-se-molila-bogu-da-dade-kisu-komunisticki-sudac-ante-peric-je-1952-kaznio-zatvorskom-kaznom-25-dana","status":"publish","type":"post","link":"https:\/\/radioljubuski.ba\/index.php\/2022\/04\/21\/jela-se-molila-bogu-da-dade-kisu-komunisticki-sudac-ante-peric-je-1952-kaznio-zatvorskom-kaznom-25-dana\/","title":{"rendered":"Jela se molila Bogu da dade ki\u0161u, komunisti\u010dki sudac Ante Peri\u0107 je 1952. kaznio zatvorskom kaznom 25 dana"},"content":{"rendered":"\n<p>O kakvim se slobodama i ljudskim pravima radilo u totalitarnoj re\u017eimskoj Titovoj Jugoslaviji najbolje prikazuje apsurdna presuda Jeli Kujund\u017ei\u0107 iz sela Grubina 1952. god., tada kotar Imotski. Osu\u0111ena je zbog toga \u0161to je molila Boga za ki\u0161u.<\/p>\n\n\n\n<p>Dobro znamo kolika je tada bila neima\u0161tina, te gladne godine su najvi\u0161e pogodile seoski puk, jer im je Titov re\u017eim otimao ve\u0107inu poljoprivrednih proizvoda i \u017eivotinja od koji su \u017eivjeli, \u010desto ne ostavljaju\u0107i seoskom puku dovoljno ni da se prehrani. Re\u017eim je otimao i zemlju koju su vrijedne seoske obitelji desetlje\u0107ima kupovale i stvarale generacijama. Jela Kujund\u017ei\u0107 je molila za ki\u0161u da usjevi ne propadnu, da ne umiru od gladi i zbog toga se ka\u017enjavalo! Iz ovog primjera vidimo koliku je surovost prema obi\u010dnom \u010dovjeku pokazivao ovaj komunisti\u010dki re\u017eim.<\/p>\n\n\n\n<p>NARODNI ODBOR KOTARA IMOTSKI<\/p>\n\n\n\n<p>SUDAC ZA PREKR\u0160AJE<\/p>\n\n\n\n<p>BROJ: 1083 1952. godine.<\/p>\n\n\n\n<p>Imotski, dne 12. VI. 1952 godine<\/p>\n\n\n\n<p>Sudac za prekr\u0161aje kao nadle\u017ean organ za vo\u0111enje administrativno kaznenog postupka, temeljem \u010dl. 51. stav. 1. Osnovnog zakona o prekr\u0161ajima, a nakon provedenog postupka protiv:<\/p>\n\n\n\n<p>&nbsp;&nbsp;&nbsp; Kujund\u017ei\u0107 Jele Matine, iz Grubina, ro\u0111ena 1920. pismena, doma\u0107ica, neudata, ku\u0107na zajednica broji tri \u010dlana, slabog imovinskog stanja, od stoke ima 1 kravu, ne ka\u017enjavana<\/p>\n\n\n\n<p>donio je sljede\u0107e:<\/p>\n\n\n\n<p>RJE\u0160ENJE<\/p>\n\n\n\n<p>Kujund\u017ei\u0107 Jela Matina, iz Grubina, kriva je, \u0161to je od 1-10, svibnja ove godine u ku\u0107i Kujund\u017ei\u0107 Ive, vr\u0161ila vjerski obred mole\u0107i se pred narodom da im bog dade ki\u0161u, te da bog obrati gre\u0161nike \u010dime je po\u010dinila prekr\u0161aj \u010dl. 2. to\u010d. 5. zakona o prekr\u0161ajima protiv javnog reda i mira, pak se temeljem \u010dl. 3. to\u010d. 1. istog pravnog popisa<\/p>\n\n\n\n<p>KA\u017dNJAVA<\/p>\n\n\n\n<p>kaznom zatvora u trajanju od 25 (dvadeset pet dana).<\/p>\n\n\n\n<p>Protiv ovog rje\u0161enja ima mjesta \u017ealbi u roku od 8. dana na Vje\u0107e za prekr\u0161aje&nbsp; pri MUP-a NRH-e u Zagrebu, putem ovog suca sa Din.90._taksenih maraka.<\/p>\n\n\n\n<p>Razlozi<\/p>\n\n\n\n<p>Izjavu protiv okrivljene podnijelo je oponomo\u0107stvo dr\u017eavne bezbjednosti za kotara Imotski. U prijavi se navodi da je okrivljena vr\u0161ila obmanu naroda vr\u0161e\u0107i molitve da im bog dade ki\u0161u i obrati gre\u0161nike.<\/p>\n\n\n\n<p>Okrivljena na svom saslu\u0161anju na 31. V.1952. god. priznaje navode u prijavi i brani se. Da je ona, skupa sa Kujund\u017ei\u0107 Ivom, napravila umjetni oltar te da je tu molila da je preporu\u010divala na gore navedeni na\u010din, a da je takav na\u010din molenja uobi\u010dajan u njihovom selu jo\u0161 od ranije.<\/p>\n\n\n\n<p>Sudac nije uva\u017eio navode okrivljene ve\u0107 je dao punu vjerodostojnost prijavi. Okrivljena je morala znati da se nikakvo obmanjivanje naroda sa bilo kojim na\u010dinom ne smije vr\u0161iti jer da je to zakonom zabranjeno. Me\u0111utim to ona nije po\u0161tivala ve\u0107 je samovoljno vr\u0161ila i \u010dak pomagala drugom. Tako\u0111er se ne mo\u017ee uzeti u obzir njezina obrana da ona nije znala da se to ne smije \u010diniti jer kad bi ju je opomenuo Mjesnog NO, a na to ona je i dalje to vr\u0161ila. Radi toga sudac je imenovanu na\u0161ao krivom i za gornji prekr\u0161aj kaznio kako bi ova kazna na istu odgojno djelovala, a tako\u0111er i na ostale.<\/p>\n\n\n\n<p>Kako olak\u0161avaju\u0107u okolnost prilikom izricanja kazne, uzeto je njezino dosada\u0161nje neka\u017enjavanje, a kao ote\u017eavaju\u0107a njezina samovolja na gornji prekr\u0161aj.<\/p>\n\n\n\n<p>SMRT FA\u0160IZMU&nbsp; \u2013&nbsp; SLOBODA NARODU<\/p>\n\n\n\n<figure class=\"wp-block-image\"><img decoding=\"async\" src=\"https:\/\/komunistickizlocini.files.wordpress.com\/2021\/01\/i-zato-su-nam-sudili.jpg?w=546\" alt=\"\" class=\"wp-image-8976\"\/><\/figure>\n\n\n\n<p>O tom obavjest:<\/p>\n\n\n\n<ol class=\"wp-block-list\" type=\"1\"><li>Kujund\u017ei\u0107 Jeli Matinoj iz Grubina znanja radi,<\/li><li>Kotarsko javno tu\u017eila\u0161tvo \u2013 Imotski,<\/li><li>PUP \u2013 kotara Imotski, radi izvr\u0161enja po pravomo\u0107nosti.<\/li><li>Stav.<\/li><\/ol>\n\n\n\n<p>SUDAC ZA PREKR\u0160AJE:<\/p>\n\n\n\n<p>(Ante PERI\u0106)<\/p>\n\n\n\n<p><strong>Autor: Vedran.P\/<a href=\"https:\/\/komunistickizlocini.net\/\">komunistickizlocini.net<\/a><\/strong><\/p>\n\n\n\n<h3 class=\"wp-block-heading\">https:\/\/www.facebook.com\/Hrvatske-%C5%BDrtve-Komun<\/h3>\n\n\n\n<p>Radio Ljubu\u0161ki<\/p>\n","protected":false},"excerpt":{"rendered":"<p>O kakvim se slobodama i ljudskim pravima radilo u totalitarnoj re\u017eimskoj Titovoj Jugoslaviji najbolje prikazuje apsurdna presuda Jeli Kujund\u017ei\u0107 iz sela Grubina 1952. god., tada kotar Imotski. Osu\u0111ena je zbog toga \u0161to je molila Boga za ki\u0161u. Dobro znamo kolika je tada bila neima\u0161tina, te gladne godine su najvi\u0161e pogodile seoski puk, jer im je [&hellip;]<\/p>\n","protected":false},"author":2,"featured_media":134742,"comment_status":"closed","ping_status":"closed","sticky":false,"template":"","format":"standard","meta":{"h5ap_radio_sources":[],"footnotes":""},"categories":[1],"tags":[],"class_list":["post-134740","post","type-post","status-publish","format-standard","has-post-thumbnail","hentry","category-bihiregija"],"yoast_head":"<!-- This site is optimized with the Yoast SEO plugin v27.4 - https:\/\/yoast.com\/product\/yoast-seo-wordpress\/ -->\n<title>Jela se molila Bogu da dade ki\u0161u, komunisti\u010dki sudac Ante Peri\u0107 je 1952. kaznio zatvorskom kaznom 25 dana - RADIO LJUBU\u0160KI<\/title>\n<meta name=\"robots\" content=\"index, follow, max-snippet:-1, max-image-preview:large, max-video-preview:-1\" \/>\n<link rel=\"canonical\" href=\"https:\/\/radioljubuski.ba\/index.php\/2022\/04\/21\/jela-se-molila-bogu-da-dade-kisu-komunisticki-sudac-ante-peric-je-1952-kaznio-zatvorskom-kaznom-25-dana\/\" \/>\n<meta property=\"og:locale\" content=\"hr_HR\" \/>\n<meta property=\"og:type\" content=\"article\" \/>\n<meta property=\"og:title\" content=\"Jela se molila Bogu da dade ki\u0161u, komunisti\u010dki sudac Ante Peri\u0107 je 1952. kaznio zatvorskom kaznom 25 dana - RADIO LJUBU\u0160KI\" \/>\n<meta property=\"og:description\" content=\"O kakvim se slobodama i ljudskim pravima radilo u totalitarnoj re\u017eimskoj Titovoj Jugoslaviji najbolje prikazuje apsurdna presuda Jeli Kujund\u017ei\u0107 iz sela Grubina 1952. god., tada kotar Imotski. Osu\u0111ena je zbog toga \u0161to je molila Boga za ki\u0161u. Dobro znamo kolika je tada bila neima\u0161tina, te gladne godine su najvi\u0161e pogodile seoski puk, jer im je [&hellip;]\" \/>\n<meta property=\"og:url\" content=\"https:\/\/radioljubuski.ba\/index.php\/2022\/04\/21\/jela-se-molila-bogu-da-dade-kisu-komunisticki-sudac-ante-peric-je-1952-kaznio-zatvorskom-kaznom-25-dana\/\" \/>\n<meta property=\"og:site_name\" content=\"RADIO LJUBU\u0160KI\" \/>\n<meta property=\"article:publisher\" content=\"https:\/\/www.facebook.com\/Radiio-Ljubuski-1490835324566332\" \/>\n<meta property=\"article:published_time\" content=\"2022-04-21T09:37:57+00:00\" \/>\n<meta property=\"article:modified_time\" content=\"2022-04-22T12:35:06+00:00\" \/>\n<meta property=\"og:image\" content=\"https:\/\/radioljubuski.ba\/wp-content\/uploads\/2022\/04\/33-14.png\" \/>\n\t<meta property=\"og:image:width\" content=\"352\" \/>\n\t<meta property=\"og:image:height\" content=\"310\" \/>\n\t<meta property=\"og:image:type\" content=\"image\/png\" \/>\n<meta name=\"author\" content=\"Radio Ljubu\u0161ki\" \/>\n<meta name=\"twitter:card\" content=\"summary_large_image\" \/>\n<meta name=\"twitter:creator\" content=\"@radioljubuski\" \/>\n<meta name=\"twitter:site\" content=\"@radioljubuski\" \/>\n<meta name=\"twitter:label1\" content=\"Napisao\/la\" \/>\n\t<meta name=\"twitter:data1\" content=\"Radio Ljubu\u0161ki\" \/>\n\t<meta name=\"twitter:label2\" content=\"Procijenjeno vrijeme \u010ditanja\" \/>\n\t<meta name=\"twitter:data2\" content=\"3 minute\" \/>\n<script type=\"application\/ld+json\" class=\"yoast-schema-graph\">{\"@context\":\"https:\\\/\\\/schema.org\",\"@graph\":[{\"@type\":\"Article\",\"@id\":\"https:\\\/\\\/radioljubuski.ba\\\/index.php\\\/2022\\\/04\\\/21\\\/jela-se-molila-bogu-da-dade-kisu-komunisticki-sudac-ante-peric-je-1952-kaznio-zatvorskom-kaznom-25-dana\\\/#article\",\"isPartOf\":{\"@id\":\"https:\\\/\\\/radioljubuski.ba\\\/index.php\\\/2022\\\/04\\\/21\\\/jela-se-molila-bogu-da-dade-kisu-komunisticki-sudac-ante-peric-je-1952-kaznio-zatvorskom-kaznom-25-dana\\\/\"},\"author\":{\"name\":\"Radio Ljubu\u0161ki\",\"@id\":\"https:\\\/\\\/radioljubuski.ba\\\/#\\\/schema\\\/person\\\/19fc700381a780f69665d7956c469e3b\"},\"headline\":\"Jela se molila Bogu da dade ki\u0161u, komunisti\u010dki sudac Ante Peri\u0107 je 1952. kaznio zatvorskom kaznom 25 dana\",\"datePublished\":\"2022-04-21T09:37:57+00:00\",\"dateModified\":\"2022-04-22T12:35:06+00:00\",\"mainEntityOfPage\":{\"@id\":\"https:\\\/\\\/radioljubuski.ba\\\/index.php\\\/2022\\\/04\\\/21\\\/jela-se-molila-bogu-da-dade-kisu-komunisticki-sudac-ante-peric-je-1952-kaznio-zatvorskom-kaznom-25-dana\\\/\"},\"wordCount\":639,\"publisher\":{\"@id\":\"https:\\\/\\\/radioljubuski.ba\\\/#organization\"},\"image\":{\"@id\":\"https:\\\/\\\/radioljubuski.ba\\\/index.php\\\/2022\\\/04\\\/21\\\/jela-se-molila-bogu-da-dade-kisu-komunisticki-sudac-ante-peric-je-1952-kaznio-zatvorskom-kaznom-25-dana\\\/#primaryimage\"},\"thumbnailUrl\":\"https:\\\/\\\/radioljubuski.ba\\\/wp-content\\\/uploads\\\/2022\\\/04\\\/33-14.png\",\"articleSection\":[\"BIH i regija\"],\"inLanguage\":\"hr\"},{\"@type\":\"WebPage\",\"@id\":\"https:\\\/\\\/radioljubuski.ba\\\/index.php\\\/2022\\\/04\\\/21\\\/jela-se-molila-bogu-da-dade-kisu-komunisticki-sudac-ante-peric-je-1952-kaznio-zatvorskom-kaznom-25-dana\\\/\",\"url\":\"https:\\\/\\\/radioljubuski.ba\\\/index.php\\\/2022\\\/04\\\/21\\\/jela-se-molila-bogu-da-dade-kisu-komunisticki-sudac-ante-peric-je-1952-kaznio-zatvorskom-kaznom-25-dana\\\/\",\"name\":\"Jela se molila Bogu da dade ki\u0161u, komunisti\u010dki sudac Ante Peri\u0107 je 1952. kaznio zatvorskom kaznom 25 dana - RADIO LJUBU\u0160KI\",\"isPartOf\":{\"@id\":\"https:\\\/\\\/radioljubuski.ba\\\/#website\"},\"primaryImageOfPage\":{\"@id\":\"https:\\\/\\\/radioljubuski.ba\\\/index.php\\\/2022\\\/04\\\/21\\\/jela-se-molila-bogu-da-dade-kisu-komunisticki-sudac-ante-peric-je-1952-kaznio-zatvorskom-kaznom-25-dana\\\/#primaryimage\"},\"image\":{\"@id\":\"https:\\\/\\\/radioljubuski.ba\\\/index.php\\\/2022\\\/04\\\/21\\\/jela-se-molila-bogu-da-dade-kisu-komunisticki-sudac-ante-peric-je-1952-kaznio-zatvorskom-kaznom-25-dana\\\/#primaryimage\"},\"thumbnailUrl\":\"https:\\\/\\\/radioljubuski.ba\\\/wp-content\\\/uploads\\\/2022\\\/04\\\/33-14.png\",\"datePublished\":\"2022-04-21T09:37:57+00:00\",\"dateModified\":\"2022-04-22T12:35:06+00:00\",\"breadcrumb\":{\"@id\":\"https:\\\/\\\/radioljubuski.ba\\\/index.php\\\/2022\\\/04\\\/21\\\/jela-se-molila-bogu-da-dade-kisu-komunisticki-sudac-ante-peric-je-1952-kaznio-zatvorskom-kaznom-25-dana\\\/#breadcrumb\"},\"inLanguage\":\"hr\",\"potentialAction\":[{\"@type\":\"ReadAction\",\"target\":[\"https:\\\/\\\/radioljubuski.ba\\\/index.php\\\/2022\\\/04\\\/21\\\/jela-se-molila-bogu-da-dade-kisu-komunisticki-sudac-ante-peric-je-1952-kaznio-zatvorskom-kaznom-25-dana\\\/\"]}]},{\"@type\":\"ImageObject\",\"inLanguage\":\"hr\",\"@id\":\"https:\\\/\\\/radioljubuski.ba\\\/index.php\\\/2022\\\/04\\\/21\\\/jela-se-molila-bogu-da-dade-kisu-komunisticki-sudac-ante-peric-je-1952-kaznio-zatvorskom-kaznom-25-dana\\\/#primaryimage\",\"url\":\"https:\\\/\\\/radioljubuski.ba\\\/wp-content\\\/uploads\\\/2022\\\/04\\\/33-14.png\",\"contentUrl\":\"https:\\\/\\\/radioljubuski.ba\\\/wp-content\\\/uploads\\\/2022\\\/04\\\/33-14.png\",\"width\":352,\"height\":310},{\"@type\":\"BreadcrumbList\",\"@id\":\"https:\\\/\\\/radioljubuski.ba\\\/index.php\\\/2022\\\/04\\\/21\\\/jela-se-molila-bogu-da-dade-kisu-komunisticki-sudac-ante-peric-je-1952-kaznio-zatvorskom-kaznom-25-dana\\\/#breadcrumb\",\"itemListElement\":[{\"@type\":\"ListItem\",\"position\":1,\"name\":\"Po\u010detna stranica\",\"item\":\"https:\\\/\\\/radioljubuski.ba\\\/\"},{\"@type\":\"ListItem\",\"position\":2,\"name\":\"Jela se molila Bogu da dade ki\u0161u, komunisti\u010dki sudac Ante Peri\u0107 je 1952. kaznio zatvorskom kaznom 25 dana\"}]},{\"@type\":\"WebSite\",\"@id\":\"https:\\\/\\\/radioljubuski.ba\\\/#website\",\"url\":\"https:\\\/\\\/radioljubuski.ba\\\/\",\"name\":\"Radio Ljubu\u0161ki\",\"description\":\"Sun\u010dana frekvencija Hercegovine\",\"publisher\":{\"@id\":\"https:\\\/\\\/radioljubuski.ba\\\/#organization\"},\"potentialAction\":[{\"@type\":\"SearchAction\",\"target\":{\"@type\":\"EntryPoint\",\"urlTemplate\":\"https:\\\/\\\/radioljubuski.ba\\\/?s={search_term_string}\"},\"query-input\":{\"@type\":\"PropertyValueSpecification\",\"valueRequired\":true,\"valueName\":\"search_term_string\"}}],\"inLanguage\":\"hr\"},{\"@type\":\"Organization\",\"@id\":\"https:\\\/\\\/radioljubuski.ba\\\/#organization\",\"name\":\"Radio Ljubu\u0161ki\",\"url\":\"https:\\\/\\\/radioljubuski.ba\\\/\",\"logo\":{\"@type\":\"ImageObject\",\"inLanguage\":\"hr\",\"@id\":\"https:\\\/\\\/radioljubuski.ba\\\/#\\\/schema\\\/logo\\\/image\\\/\",\"url\":\"https:\\\/\\\/radioljubuski.ba\\\/wp-content\\\/uploads\\\/2021\\\/02\\\/cropped-Radio_Ljubuski_logo1.jpg\",\"contentUrl\":\"https:\\\/\\\/radioljubuski.ba\\\/wp-content\\\/uploads\\\/2021\\\/02\\\/cropped-Radio_Ljubuski_logo1.jpg\",\"width\":512,\"height\":512,\"caption\":\"Radio Ljubu\u0161ki\"},\"image\":{\"@id\":\"https:\\\/\\\/radioljubuski.ba\\\/#\\\/schema\\\/logo\\\/image\\\/\"},\"sameAs\":[\"https:\\\/\\\/www.facebook.com\\\/Radiio-Ljubuski-1490835324566332\",\"https:\\\/\\\/x.com\\\/radioljubuski\",\"https:\\\/\\\/hr.linkedin.com\\\/company\\\/radio-ljubuski\",\"https:\\\/\\\/www.youtube.com\\\/channel\\\/UCHYaeO_n0Db3tjNGudGpXyw\"]},{\"@type\":\"Person\",\"@id\":\"https:\\\/\\\/radioljubuski.ba\\\/#\\\/schema\\\/person\\\/19fc700381a780f69665d7956c469e3b\",\"name\":\"Radio Ljubu\u0161ki\"}]}<\/script>\n<!-- \/ Yoast SEO plugin. -->","yoast_head_json":{"title":"Jela se molila Bogu da dade ki\u0161u, komunisti\u010dki sudac Ante Peri\u0107 je 1952. kaznio zatvorskom kaznom 25 dana - RADIO LJUBU\u0160KI","robots":{"index":"index","follow":"follow","max-snippet":"max-snippet:-1","max-image-preview":"max-image-preview:large","max-video-preview":"max-video-preview:-1"},"canonical":"https:\/\/radioljubuski.ba\/index.php\/2022\/04\/21\/jela-se-molila-bogu-da-dade-kisu-komunisticki-sudac-ante-peric-je-1952-kaznio-zatvorskom-kaznom-25-dana\/","og_locale":"hr_HR","og_type":"article","og_title":"Jela se molila Bogu da dade ki\u0161u, komunisti\u010dki sudac Ante Peri\u0107 je 1952. kaznio zatvorskom kaznom 25 dana - RADIO LJUBU\u0160KI","og_description":"O kakvim se slobodama i ljudskim pravima radilo u totalitarnoj re\u017eimskoj Titovoj Jugoslaviji najbolje prikazuje apsurdna presuda Jeli Kujund\u017ei\u0107 iz sela Grubina 1952. god., tada kotar Imotski. Osu\u0111ena je zbog toga \u0161to je molila Boga za ki\u0161u. Dobro znamo kolika je tada bila neima\u0161tina, te gladne godine su najvi\u0161e pogodile seoski puk, jer im je [&hellip;]","og_url":"https:\/\/radioljubuski.ba\/index.php\/2022\/04\/21\/jela-se-molila-bogu-da-dade-kisu-komunisticki-sudac-ante-peric-je-1952-kaznio-zatvorskom-kaznom-25-dana\/","og_site_name":"RADIO LJUBU\u0160KI","article_publisher":"https:\/\/www.facebook.com\/Radiio-Ljubuski-1490835324566332","article_published_time":"2022-04-21T09:37:57+00:00","article_modified_time":"2022-04-22T12:35:06+00:00","og_image":[{"width":352,"height":310,"url":"https:\/\/radioljubuski.ba\/wp-content\/uploads\/2022\/04\/33-14.png","type":"image\/png"}],"author":"Radio Ljubu\u0161ki","twitter_card":"summary_large_image","twitter_creator":"@radioljubuski","twitter_site":"@radioljubuski","twitter_misc":{"Napisao\/la":"Radio Ljubu\u0161ki","Procijenjeno vrijeme \u010ditanja":"3 minute"},"schema":{"@context":"https:\/\/schema.org","@graph":[{"@type":"Article","@id":"https:\/\/radioljubuski.ba\/index.php\/2022\/04\/21\/jela-se-molila-bogu-da-dade-kisu-komunisticki-sudac-ante-peric-je-1952-kaznio-zatvorskom-kaznom-25-dana\/#article","isPartOf":{"@id":"https:\/\/radioljubuski.ba\/index.php\/2022\/04\/21\/jela-se-molila-bogu-da-dade-kisu-komunisticki-sudac-ante-peric-je-1952-kaznio-zatvorskom-kaznom-25-dana\/"},"author":{"name":"Radio Ljubu\u0161ki","@id":"https:\/\/radioljubuski.ba\/#\/schema\/person\/19fc700381a780f69665d7956c469e3b"},"headline":"Jela se molila Bogu da dade ki\u0161u, komunisti\u010dki sudac Ante Peri\u0107 je 1952. kaznio zatvorskom kaznom 25 dana","datePublished":"2022-04-21T09:37:57+00:00","dateModified":"2022-04-22T12:35:06+00:00","mainEntityOfPage":{"@id":"https:\/\/radioljubuski.ba\/index.php\/2022\/04\/21\/jela-se-molila-bogu-da-dade-kisu-komunisticki-sudac-ante-peric-je-1952-kaznio-zatvorskom-kaznom-25-dana\/"},"wordCount":639,"publisher":{"@id":"https:\/\/radioljubuski.ba\/#organization"},"image":{"@id":"https:\/\/radioljubuski.ba\/index.php\/2022\/04\/21\/jela-se-molila-bogu-da-dade-kisu-komunisticki-sudac-ante-peric-je-1952-kaznio-zatvorskom-kaznom-25-dana\/#primaryimage"},"thumbnailUrl":"https:\/\/radioljubuski.ba\/wp-content\/uploads\/2022\/04\/33-14.png","articleSection":["BIH i regija"],"inLanguage":"hr"},{"@type":"WebPage","@id":"https:\/\/radioljubuski.ba\/index.php\/2022\/04\/21\/jela-se-molila-bogu-da-dade-kisu-komunisticki-sudac-ante-peric-je-1952-kaznio-zatvorskom-kaznom-25-dana\/","url":"https:\/\/radioljubuski.ba\/index.php\/2022\/04\/21\/jela-se-molila-bogu-da-dade-kisu-komunisticki-sudac-ante-peric-je-1952-kaznio-zatvorskom-kaznom-25-dana\/","name":"Jela se molila Bogu da dade ki\u0161u, komunisti\u010dki sudac Ante Peri\u0107 je 1952. kaznio zatvorskom kaznom 25 dana - RADIO LJUBU\u0160KI","isPartOf":{"@id":"https:\/\/radioljubuski.ba\/#website"},"primaryImageOfPage":{"@id":"https:\/\/radioljubuski.ba\/index.php\/2022\/04\/21\/jela-se-molila-bogu-da-dade-kisu-komunisticki-sudac-ante-peric-je-1952-kaznio-zatvorskom-kaznom-25-dana\/#primaryimage"},"image":{"@id":"https:\/\/radioljubuski.ba\/index.php\/2022\/04\/21\/jela-se-molila-bogu-da-dade-kisu-komunisticki-sudac-ante-peric-je-1952-kaznio-zatvorskom-kaznom-25-dana\/#primaryimage"},"thumbnailUrl":"https:\/\/radioljubuski.ba\/wp-content\/uploads\/2022\/04\/33-14.png","datePublished":"2022-04-21T09:37:57+00:00","dateModified":"2022-04-22T12:35:06+00:00","breadcrumb":{"@id":"https:\/\/radioljubuski.ba\/index.php\/2022\/04\/21\/jela-se-molila-bogu-da-dade-kisu-komunisticki-sudac-ante-peric-je-1952-kaznio-zatvorskom-kaznom-25-dana\/#breadcrumb"},"inLanguage":"hr","potentialAction":[{"@type":"ReadAction","target":["https:\/\/radioljubuski.ba\/index.php\/2022\/04\/21\/jela-se-molila-bogu-da-dade-kisu-komunisticki-sudac-ante-peric-je-1952-kaznio-zatvorskom-kaznom-25-dana\/"]}]},{"@type":"ImageObject","inLanguage":"hr","@id":"https:\/\/radioljubuski.ba\/index.php\/2022\/04\/21\/jela-se-molila-bogu-da-dade-kisu-komunisticki-sudac-ante-peric-je-1952-kaznio-zatvorskom-kaznom-25-dana\/#primaryimage","url":"https:\/\/radioljubuski.ba\/wp-content\/uploads\/2022\/04\/33-14.png","contentUrl":"https:\/\/radioljubuski.ba\/wp-content\/uploads\/2022\/04\/33-14.png","width":352,"height":310},{"@type":"BreadcrumbList","@id":"https:\/\/radioljubuski.ba\/index.php\/2022\/04\/21\/jela-se-molila-bogu-da-dade-kisu-komunisticki-sudac-ante-peric-je-1952-kaznio-zatvorskom-kaznom-25-dana\/#breadcrumb","itemListElement":[{"@type":"ListItem","position":1,"name":"Po\u010detna stranica","item":"https:\/\/radioljubuski.ba\/"},{"@type":"ListItem","position":2,"name":"Jela se molila Bogu da dade ki\u0161u, komunisti\u010dki sudac Ante Peri\u0107 je 1952. kaznio zatvorskom kaznom 25 dana"}]},{"@type":"WebSite","@id":"https:\/\/radioljubuski.ba\/#website","url":"https:\/\/radioljubuski.ba\/","name":"Radio Ljubu\u0161ki","description":"Sun\u010dana frekvencija Hercegovine","publisher":{"@id":"https:\/\/radioljubuski.ba\/#organization"},"potentialAction":[{"@type":"SearchAction","target":{"@type":"EntryPoint","urlTemplate":"https:\/\/radioljubuski.ba\/?s={search_term_string}"},"query-input":{"@type":"PropertyValueSpecification","valueRequired":true,"valueName":"search_term_string"}}],"inLanguage":"hr"},{"@type":"Organization","@id":"https:\/\/radioljubuski.ba\/#organization","name":"Radio Ljubu\u0161ki","url":"https:\/\/radioljubuski.ba\/","logo":{"@type":"ImageObject","inLanguage":"hr","@id":"https:\/\/radioljubuski.ba\/#\/schema\/logo\/image\/","url":"https:\/\/radioljubuski.ba\/wp-content\/uploads\/2021\/02\/cropped-Radio_Ljubuski_logo1.jpg","contentUrl":"https:\/\/radioljubuski.ba\/wp-content\/uploads\/2021\/02\/cropped-Radio_Ljubuski_logo1.jpg","width":512,"height":512,"caption":"Radio Ljubu\u0161ki"},"image":{"@id":"https:\/\/radioljubuski.ba\/#\/schema\/logo\/image\/"},"sameAs":["https:\/\/www.facebook.com\/Radiio-Ljubuski-1490835324566332","https:\/\/x.com\/radioljubuski","https:\/\/hr.linkedin.com\/company\/radio-ljubuski","https:\/\/www.youtube.com\/channel\/UCHYaeO_n0Db3tjNGudGpXyw"]},{"@type":"Person","@id":"https:\/\/radioljubuski.ba\/#\/schema\/person\/19fc700381a780f69665d7956c469e3b","name":"Radio Ljubu\u0161ki"}]}},"_links":{"self":[{"href":"https:\/\/radioljubuski.ba\/index.php\/wp-json\/wp\/v2\/posts\/134740","targetHints":{"allow":["GET"]}}],"collection":[{"href":"https:\/\/radioljubuski.ba\/index.php\/wp-json\/wp\/v2\/posts"}],"about":[{"href":"https:\/\/radioljubuski.ba\/index.php\/wp-json\/wp\/v2\/types\/post"}],"author":[{"embeddable":true,"href":"https:\/\/radioljubuski.ba\/index.php\/wp-json\/wp\/v2\/users\/2"}],"replies":[{"embeddable":true,"href":"https:\/\/radioljubuski.ba\/index.php\/wp-json\/wp\/v2\/comments?post=134740"}],"version-history":[{"count":2,"href":"https:\/\/radioljubuski.ba\/index.php\/wp-json\/wp\/v2\/posts\/134740\/revisions"}],"predecessor-version":[{"id":134747,"href":"https:\/\/radioljubuski.ba\/index.php\/wp-json\/wp\/v2\/posts\/134740\/revisions\/134747"}],"wp:featuredmedia":[{"embeddable":true,"href":"https:\/\/radioljubuski.ba\/index.php\/wp-json\/wp\/v2\/media\/134742"}],"wp:attachment":[{"href":"https:\/\/radioljubuski.ba\/index.php\/wp-json\/wp\/v2\/media?parent=134740"}],"wp:term":[{"taxonomy":"category","embeddable":true,"href":"https:\/\/radioljubuski.ba\/index.php\/wp-json\/wp\/v2\/categories?post=134740"},{"taxonomy":"post_tag","embeddable":true,"href":"https:\/\/radioljubuski.ba\/index.php\/wp-json\/wp\/v2\/tags?post=134740"}],"curies":[{"name":"wp","href":"https:\/\/api.w.org\/{rel}","templated":true}]}}