{"id":134748,"date":"2022-04-21T10:41:07","date_gmt":"2022-04-21T09:41:07","guid":{"rendered":"https:\/\/radioljubuski.ba\/?p=134748"},"modified":"2022-04-21T10:41:08","modified_gmt":"2022-04-21T09:41:08","slug":"preminuo-hrvatski-akademik-roden-u-tomislavgradu","status":"publish","type":"post","link":"https:\/\/radioljubuski.ba\/index.php\/2022\/04\/21\/preminuo-hrvatski-akademik-roden-u-tomislavgradu\/","title":{"rendered":"Preminuo hrvatski akademik ro\u0111en u Tomislavgradu"},"content":{"rendered":"\n<p>Akademik Bo\u017eo Udovi\u010di\u0107, istaknuti hrvatski in\u017eenjer elektrotehnike i stru\u010dnjak za energetiku, redoviti \u010dlan Hrvatske akademije znanosti i umjetnosti, umro je u \u010detvrtak u Zagrebu u 89. godini, priop\u0107ila je Hrvatska akademija znanosti i umjetnosti.<\/p>\n\n\n\n<p>Bo\u017eo Udovi\u010di\u0107 rodio se u Ra\u0161eljkama kod Tomislavgrada 26. rujna 1933. Osnovnu \u0161kolu poha\u0111ao je u Jak\u0161i\u0107u kraj Po\u017eege, a gimnaziju u Po\u017eegi.<\/p>\n\n\n\n<p>Diplomirao je 1959. na Elektrotehni\u010dkom fakultetu u Zagrebu, gdje je predavao od 1959. do 2003., a do 1990. radio u Institutu za elektroprivredu. Doktorirao je 1974. Od 1977. do 2003. predavao je i na Fakultetu elektrotehnike, strojarstva i brodogradnje u Splitu gdje je 1983. izabran za redovitoga profesora, a od 1996. do 2003. predavao je na i Elektrotehni\u010dkom fakultetu u Osijeku<\/p>\n\n\n\n<p>Bio je ministar za energetiku i industriju u prvoj i drugoj vladi Republike Hrvatske od 1990. do 1991., a zatim je do umirovljenja 1998. bio direktor Sektora za energetiku i industriju Gospodarske komore. Za redovitog \u010dlana HAZU, u Razredu za tehni\u010dke znanosti, izabran je 1997., a od 1993. do 2017. bio je predsjednik Znanstvenog vije\u0107a za energetiku HAZU.<\/p>\n\n\n\n<p>Bavio se elektroenergetikom i kompleksnom energetikom, za\u0161titom okoli\u0161a i politi\u010dko-socijalnim stanjem u dru\u0161tvu. Suosniva\u010d je, s akademikom Hrvojem Po\u017earom, u svijetu poznate Zagreba\u010dke energetske \u0161kole. Objavio je mnogobrojne stru\u010dne i znanstvene \u010dlanke, studije i elaborate te vi\u0161e knjiga i ud\u017ebenika.<\/p>\n\n\n\n<p>Glavna djela su mu Elektroenergetika (1983.), Energija i izvori energije (1988.), Energetske pretvorbe i bilance (1988.), Energija i dru\u0161tvo (1988.), Energija i okolina (1989.), Energetika (1993.), Razvitak i energetika (1998.), Statisti u demokraciji, \u010citanka za budu\u0107u povijest (1999.), Moralna praznina u Hrvatskoj (2001.), Energetika i okoli\u0161 u globalizaciji (2002.), Elektroenergetski sustav (2005.), Pad umjesto uspona statisti u demokraciji (II. dio, 2006.) te Nastojao sam biti&#8230;(2007.).<\/p>\n\n\n\n<p>Odlikovan je Spomenicom Domovinskog rata (1992.), Redom hrvatskog trolista (1995.), Redom Danice hrvatske s likom Bla\u017ea Lorkovi\u0107a (1998.), 2003. izabran je za po\u010dasnog gra\u0111anina Po\u017eege, a 2005. za prvog po\u010dasnog gra\u0111anina Op\u0107ine Jak\u0161i\u0107.<\/p>\n\n\n\n<p>Izvor:pogled.ba<\/p>\n","protected":false},"excerpt":{"rendered":"<p>Akademik Bo\u017eo Udovi\u010di\u0107, istaknuti hrvatski in\u017eenjer elektrotehnike i stru\u010dnjak za energetiku, redoviti \u010dlan Hrvatske akademije znanosti i umjetnosti, umro je u \u010detvrtak u Zagrebu u 89. godini, priop\u0107ila je Hrvatska akademija znanosti i umjetnosti. Bo\u017eo Udovi\u010di\u0107 rodio se u Ra\u0161eljkama kod Tomislavgrada 26. rujna 1933. Osnovnu \u0161kolu poha\u0111ao je u Jak\u0161i\u0107u kraj Po\u017eege, a gimnaziju [&hellip;]<\/p>\n","protected":false},"author":2,"featured_media":134751,"comment_status":"closed","ping_status":"closed","sticky":false,"template":"","format":"standard","meta":{"h5ap_radio_sources":[],"footnotes":""},"categories":[1],"tags":[],"class_list":["post-134748","post","type-post","status-publish","format-standard","has-post-thumbnail","hentry","category-bihiregija"],"yoast_head":"<!-- This site is optimized with the Yoast SEO plugin v27.4 - https:\/\/yoast.com\/product\/yoast-seo-wordpress\/ -->\n<title>Preminuo hrvatski akademik ro\u0111en u Tomislavgradu - RADIO LJUBU\u0160KI<\/title>\n<meta name=\"robots\" content=\"index, follow, max-snippet:-1, max-image-preview:large, max-video-preview:-1\" \/>\n<link rel=\"canonical\" href=\"https:\/\/radioljubuski.ba\/index.php\/2022\/04\/21\/preminuo-hrvatski-akademik-roden-u-tomislavgradu\/\" \/>\n<meta property=\"og:locale\" content=\"hr_HR\" \/>\n<meta property=\"og:type\" content=\"article\" \/>\n<meta property=\"og:title\" content=\"Preminuo hrvatski akademik ro\u0111en u Tomislavgradu - RADIO LJUBU\u0160KI\" \/>\n<meta property=\"og:description\" content=\"Akademik Bo\u017eo Udovi\u010di\u0107, istaknuti hrvatski in\u017eenjer elektrotehnike i stru\u010dnjak za energetiku, redoviti \u010dlan Hrvatske akademije znanosti i umjetnosti, umro je u \u010detvrtak u Zagrebu u 89. godini, priop\u0107ila je Hrvatska akademija znanosti i umjetnosti. Bo\u017eo Udovi\u010di\u0107 rodio se u Ra\u0161eljkama kod Tomislavgrada 26. rujna 1933. Osnovnu \u0161kolu poha\u0111ao je u Jak\u0161i\u0107u kraj Po\u017eege, a gimnaziju [&hellip;]\" \/>\n<meta property=\"og:url\" content=\"https:\/\/radioljubuski.ba\/index.php\/2022\/04\/21\/preminuo-hrvatski-akademik-roden-u-tomislavgradu\/\" \/>\n<meta property=\"og:site_name\" content=\"RADIO LJUBU\u0160KI\" \/>\n<meta property=\"article:publisher\" content=\"https:\/\/www.facebook.com\/Radiio-Ljubuski-1490835324566332\" \/>\n<meta property=\"article:published_time\" content=\"2022-04-21T09:41:07+00:00\" \/>\n<meta property=\"article:modified_time\" content=\"2022-04-21T09:41:08+00:00\" \/>\n<meta property=\"og:image\" content=\"https:\/\/radioljubuski.ba\/wp-content\/uploads\/2022\/04\/2-2022-04-21-11-04-54-bozo.jpg\" \/>\n\t<meta property=\"og:image:width\" content=\"1000\" \/>\n\t<meta property=\"og:image:height\" content=\"625\" \/>\n\t<meta property=\"og:image:type\" content=\"image\/jpeg\" \/>\n<meta name=\"author\" content=\"Radio Ljubu\u0161ki\" \/>\n<meta name=\"twitter:card\" content=\"summary_large_image\" \/>\n<meta name=\"twitter:creator\" content=\"@radioljubuski\" \/>\n<meta name=\"twitter:site\" content=\"@radioljubuski\" \/>\n<meta name=\"twitter:label1\" content=\"Napisao\/la\" \/>\n\t<meta name=\"twitter:data1\" content=\"Radio Ljubu\u0161ki\" \/>\n\t<meta name=\"twitter:label2\" content=\"Procijenjeno vrijeme \u010ditanja\" \/>\n\t<meta name=\"twitter:data2\" content=\"2 minute\" \/>\n<script type=\"application\/ld+json\" class=\"yoast-schema-graph\">{\"@context\":\"https:\\\/\\\/schema.org\",\"@graph\":[{\"@type\":\"Article\",\"@id\":\"https:\\\/\\\/radioljubuski.ba\\\/index.php\\\/2022\\\/04\\\/21\\\/preminuo-hrvatski-akademik-roden-u-tomislavgradu\\\/#article\",\"isPartOf\":{\"@id\":\"https:\\\/\\\/radioljubuski.ba\\\/index.php\\\/2022\\\/04\\\/21\\\/preminuo-hrvatski-akademik-roden-u-tomislavgradu\\\/\"},\"author\":{\"name\":\"Radio Ljubu\u0161ki\",\"@id\":\"https:\\\/\\\/radioljubuski.ba\\\/#\\\/schema\\\/person\\\/19fc700381a780f69665d7956c469e3b\"},\"headline\":\"Preminuo hrvatski akademik ro\u0111en u Tomislavgradu\",\"datePublished\":\"2022-04-21T09:41:07+00:00\",\"dateModified\":\"2022-04-21T09:41:08+00:00\",\"mainEntityOfPage\":{\"@id\":\"https:\\\/\\\/radioljubuski.ba\\\/index.php\\\/2022\\\/04\\\/21\\\/preminuo-hrvatski-akademik-roden-u-tomislavgradu\\\/\"},\"wordCount\":325,\"publisher\":{\"@id\":\"https:\\\/\\\/radioljubuski.ba\\\/#organization\"},\"image\":{\"@id\":\"https:\\\/\\\/radioljubuski.ba\\\/index.php\\\/2022\\\/04\\\/21\\\/preminuo-hrvatski-akademik-roden-u-tomislavgradu\\\/#primaryimage\"},\"thumbnailUrl\":\"https:\\\/\\\/radioljubuski.ba\\\/wp-content\\\/uploads\\\/2022\\\/04\\\/2-2022-04-21-11-04-54-bozo.jpg\",\"articleSection\":[\"BIH i regija\"],\"inLanguage\":\"hr\"},{\"@type\":\"WebPage\",\"@id\":\"https:\\\/\\\/radioljubuski.ba\\\/index.php\\\/2022\\\/04\\\/21\\\/preminuo-hrvatski-akademik-roden-u-tomislavgradu\\\/\",\"url\":\"https:\\\/\\\/radioljubuski.ba\\\/index.php\\\/2022\\\/04\\\/21\\\/preminuo-hrvatski-akademik-roden-u-tomislavgradu\\\/\",\"name\":\"Preminuo hrvatski akademik ro\u0111en u Tomislavgradu - RADIO LJUBU\u0160KI\",\"isPartOf\":{\"@id\":\"https:\\\/\\\/radioljubuski.ba\\\/#website\"},\"primaryImageOfPage\":{\"@id\":\"https:\\\/\\\/radioljubuski.ba\\\/index.php\\\/2022\\\/04\\\/21\\\/preminuo-hrvatski-akademik-roden-u-tomislavgradu\\\/#primaryimage\"},\"image\":{\"@id\":\"https:\\\/\\\/radioljubuski.ba\\\/index.php\\\/2022\\\/04\\\/21\\\/preminuo-hrvatski-akademik-roden-u-tomislavgradu\\\/#primaryimage\"},\"thumbnailUrl\":\"https:\\\/\\\/radioljubuski.ba\\\/wp-content\\\/uploads\\\/2022\\\/04\\\/2-2022-04-21-11-04-54-bozo.jpg\",\"datePublished\":\"2022-04-21T09:41:07+00:00\",\"dateModified\":\"2022-04-21T09:41:08+00:00\",\"breadcrumb\":{\"@id\":\"https:\\\/\\\/radioljubuski.ba\\\/index.php\\\/2022\\\/04\\\/21\\\/preminuo-hrvatski-akademik-roden-u-tomislavgradu\\\/#breadcrumb\"},\"inLanguage\":\"hr\",\"potentialAction\":[{\"@type\":\"ReadAction\",\"target\":[\"https:\\\/\\\/radioljubuski.ba\\\/index.php\\\/2022\\\/04\\\/21\\\/preminuo-hrvatski-akademik-roden-u-tomislavgradu\\\/\"]}]},{\"@type\":\"ImageObject\",\"inLanguage\":\"hr\",\"@id\":\"https:\\\/\\\/radioljubuski.ba\\\/index.php\\\/2022\\\/04\\\/21\\\/preminuo-hrvatski-akademik-roden-u-tomislavgradu\\\/#primaryimage\",\"url\":\"https:\\\/\\\/radioljubuski.ba\\\/wp-content\\\/uploads\\\/2022\\\/04\\\/2-2022-04-21-11-04-54-bozo.jpg\",\"contentUrl\":\"https:\\\/\\\/radioljubuski.ba\\\/wp-content\\\/uploads\\\/2022\\\/04\\\/2-2022-04-21-11-04-54-bozo.jpg\",\"width\":1000,\"height\":625},{\"@type\":\"BreadcrumbList\",\"@id\":\"https:\\\/\\\/radioljubuski.ba\\\/index.php\\\/2022\\\/04\\\/21\\\/preminuo-hrvatski-akademik-roden-u-tomislavgradu\\\/#breadcrumb\",\"itemListElement\":[{\"@type\":\"ListItem\",\"position\":1,\"name\":\"Po\u010detna stranica\",\"item\":\"https:\\\/\\\/radioljubuski.ba\\\/\"},{\"@type\":\"ListItem\",\"position\":2,\"name\":\"Preminuo hrvatski akademik ro\u0111en u Tomislavgradu\"}]},{\"@type\":\"WebSite\",\"@id\":\"https:\\\/\\\/radioljubuski.ba\\\/#website\",\"url\":\"https:\\\/\\\/radioljubuski.ba\\\/\",\"name\":\"Radio Ljubu\u0161ki\",\"description\":\"Sun\u010dana frekvencija Hercegovine\",\"publisher\":{\"@id\":\"https:\\\/\\\/radioljubuski.ba\\\/#organization\"},\"potentialAction\":[{\"@type\":\"SearchAction\",\"target\":{\"@type\":\"EntryPoint\",\"urlTemplate\":\"https:\\\/\\\/radioljubuski.ba\\\/?s={search_term_string}\"},\"query-input\":{\"@type\":\"PropertyValueSpecification\",\"valueRequired\":true,\"valueName\":\"search_term_string\"}}],\"inLanguage\":\"hr\"},{\"@type\":\"Organization\",\"@id\":\"https:\\\/\\\/radioljubuski.ba\\\/#organization\",\"name\":\"Radio Ljubu\u0161ki\",\"url\":\"https:\\\/\\\/radioljubuski.ba\\\/\",\"logo\":{\"@type\":\"ImageObject\",\"inLanguage\":\"hr\",\"@id\":\"https:\\\/\\\/radioljubuski.ba\\\/#\\\/schema\\\/logo\\\/image\\\/\",\"url\":\"https:\\\/\\\/radioljubuski.ba\\\/wp-content\\\/uploads\\\/2021\\\/02\\\/cropped-Radio_Ljubuski_logo1.jpg\",\"contentUrl\":\"https:\\\/\\\/radioljubuski.ba\\\/wp-content\\\/uploads\\\/2021\\\/02\\\/cropped-Radio_Ljubuski_logo1.jpg\",\"width\":512,\"height\":512,\"caption\":\"Radio Ljubu\u0161ki\"},\"image\":{\"@id\":\"https:\\\/\\\/radioljubuski.ba\\\/#\\\/schema\\\/logo\\\/image\\\/\"},\"sameAs\":[\"https:\\\/\\\/www.facebook.com\\\/Radiio-Ljubuski-1490835324566332\",\"https:\\\/\\\/x.com\\\/radioljubuski\",\"https:\\\/\\\/hr.linkedin.com\\\/company\\\/radio-ljubuski\",\"https:\\\/\\\/www.youtube.com\\\/channel\\\/UCHYaeO_n0Db3tjNGudGpXyw\"]},{\"@type\":\"Person\",\"@id\":\"https:\\\/\\\/radioljubuski.ba\\\/#\\\/schema\\\/person\\\/19fc700381a780f69665d7956c469e3b\",\"name\":\"Radio Ljubu\u0161ki\"}]}<\/script>\n<!-- \/ Yoast SEO plugin. -->","yoast_head_json":{"title":"Preminuo hrvatski akademik ro\u0111en u Tomislavgradu - RADIO LJUBU\u0160KI","robots":{"index":"index","follow":"follow","max-snippet":"max-snippet:-1","max-image-preview":"max-image-preview:large","max-video-preview":"max-video-preview:-1"},"canonical":"https:\/\/radioljubuski.ba\/index.php\/2022\/04\/21\/preminuo-hrvatski-akademik-roden-u-tomislavgradu\/","og_locale":"hr_HR","og_type":"article","og_title":"Preminuo hrvatski akademik ro\u0111en u Tomislavgradu - RADIO LJUBU\u0160KI","og_description":"Akademik Bo\u017eo Udovi\u010di\u0107, istaknuti hrvatski in\u017eenjer elektrotehnike i stru\u010dnjak za energetiku, redoviti \u010dlan Hrvatske akademije znanosti i umjetnosti, umro je u \u010detvrtak u Zagrebu u 89. godini, priop\u0107ila je Hrvatska akademija znanosti i umjetnosti. Bo\u017eo Udovi\u010di\u0107 rodio se u Ra\u0161eljkama kod Tomislavgrada 26. rujna 1933. Osnovnu \u0161kolu poha\u0111ao je u Jak\u0161i\u0107u kraj Po\u017eege, a gimnaziju [&hellip;]","og_url":"https:\/\/radioljubuski.ba\/index.php\/2022\/04\/21\/preminuo-hrvatski-akademik-roden-u-tomislavgradu\/","og_site_name":"RADIO LJUBU\u0160KI","article_publisher":"https:\/\/www.facebook.com\/Radiio-Ljubuski-1490835324566332","article_published_time":"2022-04-21T09:41:07+00:00","article_modified_time":"2022-04-21T09:41:08+00:00","og_image":[{"width":1000,"height":625,"url":"https:\/\/radioljubuski.ba\/wp-content\/uploads\/2022\/04\/2-2022-04-21-11-04-54-bozo.jpg","type":"image\/jpeg"}],"author":"Radio Ljubu\u0161ki","twitter_card":"summary_large_image","twitter_creator":"@radioljubuski","twitter_site":"@radioljubuski","twitter_misc":{"Napisao\/la":"Radio Ljubu\u0161ki","Procijenjeno vrijeme \u010ditanja":"2 minute"},"schema":{"@context":"https:\/\/schema.org","@graph":[{"@type":"Article","@id":"https:\/\/radioljubuski.ba\/index.php\/2022\/04\/21\/preminuo-hrvatski-akademik-roden-u-tomislavgradu\/#article","isPartOf":{"@id":"https:\/\/radioljubuski.ba\/index.php\/2022\/04\/21\/preminuo-hrvatski-akademik-roden-u-tomislavgradu\/"},"author":{"name":"Radio Ljubu\u0161ki","@id":"https:\/\/radioljubuski.ba\/#\/schema\/person\/19fc700381a780f69665d7956c469e3b"},"headline":"Preminuo hrvatski akademik ro\u0111en u Tomislavgradu","datePublished":"2022-04-21T09:41:07+00:00","dateModified":"2022-04-21T09:41:08+00:00","mainEntityOfPage":{"@id":"https:\/\/radioljubuski.ba\/index.php\/2022\/04\/21\/preminuo-hrvatski-akademik-roden-u-tomislavgradu\/"},"wordCount":325,"publisher":{"@id":"https:\/\/radioljubuski.ba\/#organization"},"image":{"@id":"https:\/\/radioljubuski.ba\/index.php\/2022\/04\/21\/preminuo-hrvatski-akademik-roden-u-tomislavgradu\/#primaryimage"},"thumbnailUrl":"https:\/\/radioljubuski.ba\/wp-content\/uploads\/2022\/04\/2-2022-04-21-11-04-54-bozo.jpg","articleSection":["BIH i regija"],"inLanguage":"hr"},{"@type":"WebPage","@id":"https:\/\/radioljubuski.ba\/index.php\/2022\/04\/21\/preminuo-hrvatski-akademik-roden-u-tomislavgradu\/","url":"https:\/\/radioljubuski.ba\/index.php\/2022\/04\/21\/preminuo-hrvatski-akademik-roden-u-tomislavgradu\/","name":"Preminuo hrvatski akademik ro\u0111en u Tomislavgradu - RADIO LJUBU\u0160KI","isPartOf":{"@id":"https:\/\/radioljubuski.ba\/#website"},"primaryImageOfPage":{"@id":"https:\/\/radioljubuski.ba\/index.php\/2022\/04\/21\/preminuo-hrvatski-akademik-roden-u-tomislavgradu\/#primaryimage"},"image":{"@id":"https:\/\/radioljubuski.ba\/index.php\/2022\/04\/21\/preminuo-hrvatski-akademik-roden-u-tomislavgradu\/#primaryimage"},"thumbnailUrl":"https:\/\/radioljubuski.ba\/wp-content\/uploads\/2022\/04\/2-2022-04-21-11-04-54-bozo.jpg","datePublished":"2022-04-21T09:41:07+00:00","dateModified":"2022-04-21T09:41:08+00:00","breadcrumb":{"@id":"https:\/\/radioljubuski.ba\/index.php\/2022\/04\/21\/preminuo-hrvatski-akademik-roden-u-tomislavgradu\/#breadcrumb"},"inLanguage":"hr","potentialAction":[{"@type":"ReadAction","target":["https:\/\/radioljubuski.ba\/index.php\/2022\/04\/21\/preminuo-hrvatski-akademik-roden-u-tomislavgradu\/"]}]},{"@type":"ImageObject","inLanguage":"hr","@id":"https:\/\/radioljubuski.ba\/index.php\/2022\/04\/21\/preminuo-hrvatski-akademik-roden-u-tomislavgradu\/#primaryimage","url":"https:\/\/radioljubuski.ba\/wp-content\/uploads\/2022\/04\/2-2022-04-21-11-04-54-bozo.jpg","contentUrl":"https:\/\/radioljubuski.ba\/wp-content\/uploads\/2022\/04\/2-2022-04-21-11-04-54-bozo.jpg","width":1000,"height":625},{"@type":"BreadcrumbList","@id":"https:\/\/radioljubuski.ba\/index.php\/2022\/04\/21\/preminuo-hrvatski-akademik-roden-u-tomislavgradu\/#breadcrumb","itemListElement":[{"@type":"ListItem","position":1,"name":"Po\u010detna stranica","item":"https:\/\/radioljubuski.ba\/"},{"@type":"ListItem","position":2,"name":"Preminuo hrvatski akademik ro\u0111en u Tomislavgradu"}]},{"@type":"WebSite","@id":"https:\/\/radioljubuski.ba\/#website","url":"https:\/\/radioljubuski.ba\/","name":"Radio Ljubu\u0161ki","description":"Sun\u010dana frekvencija Hercegovine","publisher":{"@id":"https:\/\/radioljubuski.ba\/#organization"},"potentialAction":[{"@type":"SearchAction","target":{"@type":"EntryPoint","urlTemplate":"https:\/\/radioljubuski.ba\/?s={search_term_string}"},"query-input":{"@type":"PropertyValueSpecification","valueRequired":true,"valueName":"search_term_string"}}],"inLanguage":"hr"},{"@type":"Organization","@id":"https:\/\/radioljubuski.ba\/#organization","name":"Radio Ljubu\u0161ki","url":"https:\/\/radioljubuski.ba\/","logo":{"@type":"ImageObject","inLanguage":"hr","@id":"https:\/\/radioljubuski.ba\/#\/schema\/logo\/image\/","url":"https:\/\/radioljubuski.ba\/wp-content\/uploads\/2021\/02\/cropped-Radio_Ljubuski_logo1.jpg","contentUrl":"https:\/\/radioljubuski.ba\/wp-content\/uploads\/2021\/02\/cropped-Radio_Ljubuski_logo1.jpg","width":512,"height":512,"caption":"Radio Ljubu\u0161ki"},"image":{"@id":"https:\/\/radioljubuski.ba\/#\/schema\/logo\/image\/"},"sameAs":["https:\/\/www.facebook.com\/Radiio-Ljubuski-1490835324566332","https:\/\/x.com\/radioljubuski","https:\/\/hr.linkedin.com\/company\/radio-ljubuski","https:\/\/www.youtube.com\/channel\/UCHYaeO_n0Db3tjNGudGpXyw"]},{"@type":"Person","@id":"https:\/\/radioljubuski.ba\/#\/schema\/person\/19fc700381a780f69665d7956c469e3b","name":"Radio Ljubu\u0161ki"}]}},"_links":{"self":[{"href":"https:\/\/radioljubuski.ba\/index.php\/wp-json\/wp\/v2\/posts\/134748","targetHints":{"allow":["GET"]}}],"collection":[{"href":"https:\/\/radioljubuski.ba\/index.php\/wp-json\/wp\/v2\/posts"}],"about":[{"href":"https:\/\/radioljubuski.ba\/index.php\/wp-json\/wp\/v2\/types\/post"}],"author":[{"embeddable":true,"href":"https:\/\/radioljubuski.ba\/index.php\/wp-json\/wp\/v2\/users\/2"}],"replies":[{"embeddable":true,"href":"https:\/\/radioljubuski.ba\/index.php\/wp-json\/wp\/v2\/comments?post=134748"}],"version-history":[{"count":1,"href":"https:\/\/radioljubuski.ba\/index.php\/wp-json\/wp\/v2\/posts\/134748\/revisions"}],"predecessor-version":[{"id":134752,"href":"https:\/\/radioljubuski.ba\/index.php\/wp-json\/wp\/v2\/posts\/134748\/revisions\/134752"}],"wp:featuredmedia":[{"embeddable":true,"href":"https:\/\/radioljubuski.ba\/index.php\/wp-json\/wp\/v2\/media\/134751"}],"wp:attachment":[{"href":"https:\/\/radioljubuski.ba\/index.php\/wp-json\/wp\/v2\/media?parent=134748"}],"wp:term":[{"taxonomy":"category","embeddable":true,"href":"https:\/\/radioljubuski.ba\/index.php\/wp-json\/wp\/v2\/categories?post=134748"},{"taxonomy":"post_tag","embeddable":true,"href":"https:\/\/radioljubuski.ba\/index.php\/wp-json\/wp\/v2\/tags?post=134748"}],"curies":[{"name":"wp","href":"https:\/\/api.w.org\/{rel}","templated":true}]}}