{"id":134754,"date":"2022-04-21T10:42:19","date_gmt":"2022-04-21T09:42:19","guid":{"rendered":"https:\/\/radioljubuski.ba\/?p=134754"},"modified":"2022-04-21T10:42:20","modified_gmt":"2022-04-21T09:42:20","slug":"na-povrsini-sunca-pojavile-se-nakupine-pjega-koje-mogu-progutati-cijelu-zemlju-a-nasa-in-strucnjak-upozorava-da-jos-nismo-vidjeli-najgore","status":"publish","type":"post","link":"https:\/\/radioljubuski.ba\/index.php\/2022\/04\/21\/na-povrsini-sunca-pojavile-se-nakupine-pjega-koje-mogu-progutati-cijelu-zemlju-a-nasa-in-strucnjak-upozorava-da-jos-nismo-vidjeli-najgore\/","title":{"rendered":"Na povr\u0161ini Sunca pojavile se nakupine pjega koje mogu progutati cijelu Zemlju, a NASA-in stru\u010dnjak upozorava da jo\u0161 nismo vidjeli najgore"},"content":{"rendered":"\n<p>Dvije velike nakupine Sun\u010devih pjega pojavile su se na povr\u0161ini Sunca, nagovje\u0161tavaju\u0107i pove\u0107ane mogu\u0107nosti pojva \u017eivopisnih aurora i potencijalno \u0161tetnih sun\u010devih baklji tijekom nadolaze\u0107ih mjeseci. Neke od sun\u010devih pjega su toliko su velike, da bi mogle progutati cijelu Zemlju.<\/p>\n\n\n\n<p>Poznate kao &#8220;aktivne regije&#8221; 2993 i 2994 (AR2993 i AR2994), \u010dini se da nove nakupine prati i tre\u0107a, koja je jo\u0161 uvijek skrivena iza sjeveroisto\u010dnog dijela Sunca (ili prividnog ruba) i koja je, \u010dini se, uzrokovala sna\u017enu solarnu baklju koja je prije nekoliko dana proma\u0161ila Zemlju.<\/p>\n\n\n\n<p>Svaka se spomenuta nakupina sastoji od nekoliko Sun\u010devih pjega i pokriva podru\u010dje od preko sto milijuna kvadratnih kilometara, \u0161to je mnogo ve\u0107e od promjera Zemlje. Pjege su uzrokovane magnetskim poreme\u0107ajima vidljive Sun\u010deve fotosfere.<\/p>\n\n\n\n<p>Sunce, za razliku od Zemlje, u pravilnim razmacima od 11 godina mijenja svoj magnetski polaritet, pri \u010demu svaki solarni ciklus ima faze niske i visoke aktivnosti. Ciklusi solarne aktivnosti broje se od 1775. godine, kada je po\u010delo opse\u017eno bilje\u017eenje aktivnosti Sun\u010devih pjega. Trenutno se nalazimo u 25. solarnom ciklusu, koji jo\u0161 nije dosegao svoj vrhunac, \u0161to sugerira da \u0107e do\u0107i do jo\u0161 vi\u0161e aktivnosti Sun\u010devih pjega.<\/p>\n\n\n\n<p>Siguran sam da \u0107emo vidjeti ve\u0107e aktivne regije tijekom sljede\u0107ih nekoliko godina. Aktivne regije 2993 i 2994 su srednje veli\u010dine i ne predstavljaju najbolje \u0161to solarni ciklus 25 mo\u017ee proizvesti, rekao je solarni fizi\u010dar Dean Pesnell iz NASA-inog Centra za svemirske letove Goddard za portal Live Science.<\/p>\n\n\n\n<p>Pesnell je rekao da se o\u010dekuje da \u0107e trenutni ciklus dosegnuti svoju maksimalnu aktivnost krajem 2024. ili po\u010detkom 2025. Energija iz aktivnih podru\u010dja mo\u017ee se osloboditi kao zra\u010denje (solarne baklje) i izbacivanje koronalne mase (CME), koje su supervru\u0107e kugle plazme.<\/p>\n\n\n\n<p>Takve sun\u010deve baklje i CME mogu stvoriti prekrasne aurore na Zemlji, ali tako\u0111er mogu predstavljati opasnost za elektri\u010dne mre\u017ee, satelite, komunikacijske mre\u017ee te potencijalno \u010dak i za svemirske putnike izvan za\u0161tite Zemljinog magnetskog polja.<\/p>\n\n\n\n<p>Jan Janssens, stru\u010dnjak za komunikacije u Centru za izvrsnost Solar-Terrestrial u Bruxellesu, rekao je za Live Science da je Sunce ve\u0107 bilo vrlo aktivno tijekom posljednjih nekoliko tjedana i ne o\u010dekuje se da \u0107e uskoro postati manje aktivno.<\/p>\n\n\n\n<p>Pro\u0161log tjedna, Zemlja je za dlaku propustila izbacivanje solarne plazme povezano s ranijom skupinom Sun\u010devih pjega.<\/p>\n\n\n\n<p>Ova situacija je tipi\u010dna u ovoj fazi solarnog ciklusa. Kako solarni ciklus ide prema svom maksimumu, sve slo\u017eenije regije Sun\u010devih pjega postaju vidljive, koje onda mogu proizvesti sun\u010deve baklje, rekao je Janssens.<\/p>\n\n\n\n<p>Zapisi tako\u0111er pokazuju da je trenutna razina Sun\u010deve aktivnosti otprilike ista kao \u0161to je bila tijekom posljednjeg solarnog ciklusa, pa \u010dak ni\u017ea nego \u0161to je bila u ovo vrijeme tijekom dva ciklusa solarne aktivnosti prije toga, rekao je.<\/p>\n\n\n\n<p>Pesnell, koji je projektni znanstvenik za NASA-in Solar Dynamics Observatory (SDO), rekao je da je sna\u017ena baklja klase X1.1 otkrivena u nedjelju (17. travnja) sada izgleda iz tre\u0107e grupe Sun\u010devih pjega koja rotira iza AR2993 i AR2994 na vidljivom disku Sunca.<\/p>\n\n\n\n<p>Znanstvenici dijele solarne baklje u pet klasa, svaka 10 puta sna\u017enija od prethodne &#8211; A, B, C, M i X, prema NASA-i. Svaka kategorija ima devet divizija; a najsna\u017enije baklje X-klase mogu dr\u017eati vi\u0161e od 10 puta ve\u0107u snagu od baklje X1, tako da u teoriji ne postoji ograni\u010denje koliko velike mogu biti \u2013 najsna\u017enije zabilje\u017eene, 2003. godine, preplavile su senzore te su bile klase X28.<\/p>\n\n\n\n<p>Centar za predvi\u0111anje svemirskog vremena Nacionalne uprave za oceane i atmosferu (NOAA) izvijestio je da je puls X-zraka iz nedjeljne baklje X1 izazvao sna\u017eno zamra\u010denje na radio frekvencijama ispod 30 MHz diljem jugoisto\u010dne Azije i Australije.<\/p>\n\n\n\n<p>Isto tako je utvr\u0111eno da \u0107e izba\u010dena koronalna masa (CME) zvjezdanog materijala iz najnovije solarne baklje proma\u0161iti Zemlju.<\/p>\n\n\n\n<p>Me\u0111utim, kada CME utje\u010du na Zemlju, mogu imati ozbiljne posljedice, na primjer, preplaviti elektri\u010dne mre\u017ee ili radio komunikacije, ili \u010dak na\u0161tetiti astronautima u svemiru. Oni tako\u0111er mogu izravno o\u0161tetiti elektroniku satelita i zagrijati plinove gornje atmosfere kako bi prouzro\u010dili pove\u0107an otpor satelita u niskim orbitama.<\/p>\n\n\n\n<p>Baklje i koronalna izbacivanja mase postat \u0107e \u010de\u0161\u0107i tijekom sljede\u0107ih nekoliko godina, podi\u017eu\u0107i razinu opasnosti od sun\u010deve aktivnosti, rekao je Pesnell.<\/p>\n\n\n\n<p>\u010cini se da je do sada suvremeni svijet izbjegavao najgore posljedice solarnih oluja. No, neke od najgorih solarnih baklji u novijem sje\u0107anju, tijekom &#8220;oluja za No\u0107 vje\u0161tica&#8221; 2003. godine, zamra\u010dile su dijelove Europe i Ju\u017ene Afrike na nekoliko sati.<\/p>\n\n\n\n<p>Izvor.pogled.ba<\/p>\n","protected":false},"excerpt":{"rendered":"<p>Dvije velike nakupine Sun\u010devih pjega pojavile su se na povr\u0161ini Sunca, nagovje\u0161tavaju\u0107i pove\u0107ane mogu\u0107nosti pojva \u017eivopisnih aurora i potencijalno \u0161tetnih sun\u010devih baklji tijekom nadolaze\u0107ih mjeseci. Neke od sun\u010devih pjega su toliko su velike, da bi mogle progutati cijelu Zemlju. Poznate kao &#8220;aktivne regije&#8221; 2993 i 2994 (AR2993 i AR2994), \u010dini se da nove nakupine prati [&hellip;]<\/p>\n","protected":false},"author":2,"featured_media":134756,"comment_status":"closed","ping_status":"closed","sticky":false,"template":"","format":"standard","meta":{"h5ap_radio_sources":[],"footnotes":""},"categories":[1],"tags":[],"class_list":["post-134754","post","type-post","status-publish","format-standard","has-post-thumbnail","hentry","category-bihiregija"],"yoast_head":"<!-- This site is optimized with the Yoast SEO plugin v27.4 - https:\/\/yoast.com\/product\/yoast-seo-wordpress\/ -->\n<title>Na povr\u0161ini Sunca pojavile se nakupine pjega koje mogu progutati cijelu Zemlju, a NASA-in stru\u010dnjak upozorava da jo\u0161 nismo vidjeli najgore - RADIO LJUBU\u0160KI<\/title>\n<meta name=\"robots\" content=\"index, follow, max-snippet:-1, max-image-preview:large, max-video-preview:-1\" \/>\n<link rel=\"canonical\" href=\"https:\/\/radioljubuski.ba\/index.php\/2022\/04\/21\/na-povrsini-sunca-pojavile-se-nakupine-pjega-koje-mogu-progutati-cijelu-zemlju-a-nasa-in-strucnjak-upozorava-da-jos-nismo-vidjeli-najgore\/\" \/>\n<meta property=\"og:locale\" content=\"hr_HR\" \/>\n<meta property=\"og:type\" content=\"article\" \/>\n<meta property=\"og:title\" content=\"Na povr\u0161ini Sunca pojavile se nakupine pjega koje mogu progutati cijelu Zemlju, a NASA-in stru\u010dnjak upozorava da jo\u0161 nismo vidjeli najgore - RADIO LJUBU\u0160KI\" \/>\n<meta property=\"og:description\" content=\"Dvije velike nakupine Sun\u010devih pjega pojavile su se na povr\u0161ini Sunca, nagovje\u0161tavaju\u0107i pove\u0107ane mogu\u0107nosti pojva \u017eivopisnih aurora i potencijalno \u0161tetnih sun\u010devih baklji tijekom nadolaze\u0107ih mjeseci. Neke od sun\u010devih pjega su toliko su velike, da bi mogle progutati cijelu Zemlju. Poznate kao &#8220;aktivne regije&#8221; 2993 i 2994 (AR2993 i AR2994), \u010dini se da nove nakupine prati [&hellip;]\" \/>\n<meta property=\"og:url\" content=\"https:\/\/radioljubuski.ba\/index.php\/2022\/04\/21\/na-povrsini-sunca-pojavile-se-nakupine-pjega-koje-mogu-progutati-cijelu-zemlju-a-nasa-in-strucnjak-upozorava-da-jos-nismo-vidjeli-najgore\/\" \/>\n<meta property=\"og:site_name\" content=\"RADIO LJUBU\u0160KI\" \/>\n<meta property=\"article:publisher\" content=\"https:\/\/www.facebook.com\/Radiio-Ljubuski-1490835324566332\" \/>\n<meta property=\"article:published_time\" content=\"2022-04-21T09:42:19+00:00\" \/>\n<meta property=\"article:modified_time\" content=\"2022-04-21T09:42:20+00:00\" \/>\n<meta property=\"og:image\" content=\"https:\/\/radioljubuski.ba\/wp-content\/uploads\/2022\/04\/2-2022-04-21-10-36-33-sunce.jpg\" \/>\n\t<meta property=\"og:image:width\" content=\"1000\" \/>\n\t<meta property=\"og:image:height\" content=\"625\" \/>\n\t<meta property=\"og:image:type\" content=\"image\/jpeg\" \/>\n<meta name=\"author\" content=\"Radio Ljubu\u0161ki\" \/>\n<meta name=\"twitter:card\" content=\"summary_large_image\" \/>\n<meta name=\"twitter:creator\" content=\"@radioljubuski\" \/>\n<meta name=\"twitter:site\" content=\"@radioljubuski\" \/>\n<meta name=\"twitter:label1\" content=\"Napisao\/la\" \/>\n\t<meta name=\"twitter:data1\" content=\"Radio Ljubu\u0161ki\" \/>\n\t<meta name=\"twitter:label2\" content=\"Procijenjeno vrijeme \u010ditanja\" \/>\n\t<meta name=\"twitter:data2\" content=\"4 minute\" \/>\n<script type=\"application\/ld+json\" class=\"yoast-schema-graph\">{\"@context\":\"https:\\\/\\\/schema.org\",\"@graph\":[{\"@type\":\"Article\",\"@id\":\"https:\\\/\\\/radioljubuski.ba\\\/index.php\\\/2022\\\/04\\\/21\\\/na-povrsini-sunca-pojavile-se-nakupine-pjega-koje-mogu-progutati-cijelu-zemlju-a-nasa-in-strucnjak-upozorava-da-jos-nismo-vidjeli-najgore\\\/#article\",\"isPartOf\":{\"@id\":\"https:\\\/\\\/radioljubuski.ba\\\/index.php\\\/2022\\\/04\\\/21\\\/na-povrsini-sunca-pojavile-se-nakupine-pjega-koje-mogu-progutati-cijelu-zemlju-a-nasa-in-strucnjak-upozorava-da-jos-nismo-vidjeli-najgore\\\/\"},\"author\":{\"name\":\"Radio Ljubu\u0161ki\",\"@id\":\"https:\\\/\\\/radioljubuski.ba\\\/#\\\/schema\\\/person\\\/19fc700381a780f69665d7956c469e3b\"},\"headline\":\"Na povr\u0161ini Sunca pojavile se nakupine pjega koje mogu progutati cijelu Zemlju, a NASA-in stru\u010dnjak upozorava da jo\u0161 nismo vidjeli najgore\",\"datePublished\":\"2022-04-21T09:42:19+00:00\",\"dateModified\":\"2022-04-21T09:42:20+00:00\",\"mainEntityOfPage\":{\"@id\":\"https:\\\/\\\/radioljubuski.ba\\\/index.php\\\/2022\\\/04\\\/21\\\/na-povrsini-sunca-pojavile-se-nakupine-pjega-koje-mogu-progutati-cijelu-zemlju-a-nasa-in-strucnjak-upozorava-da-jos-nismo-vidjeli-najgore\\\/\"},\"wordCount\":793,\"publisher\":{\"@id\":\"https:\\\/\\\/radioljubuski.ba\\\/#organization\"},\"image\":{\"@id\":\"https:\\\/\\\/radioljubuski.ba\\\/index.php\\\/2022\\\/04\\\/21\\\/na-povrsini-sunca-pojavile-se-nakupine-pjega-koje-mogu-progutati-cijelu-zemlju-a-nasa-in-strucnjak-upozorava-da-jos-nismo-vidjeli-najgore\\\/#primaryimage\"},\"thumbnailUrl\":\"https:\\\/\\\/radioljubuski.ba\\\/wp-content\\\/uploads\\\/2022\\\/04\\\/2-2022-04-21-10-36-33-sunce.jpg\",\"articleSection\":[\"BIH i regija\"],\"inLanguage\":\"hr\"},{\"@type\":\"WebPage\",\"@id\":\"https:\\\/\\\/radioljubuski.ba\\\/index.php\\\/2022\\\/04\\\/21\\\/na-povrsini-sunca-pojavile-se-nakupine-pjega-koje-mogu-progutati-cijelu-zemlju-a-nasa-in-strucnjak-upozorava-da-jos-nismo-vidjeli-najgore\\\/\",\"url\":\"https:\\\/\\\/radioljubuski.ba\\\/index.php\\\/2022\\\/04\\\/21\\\/na-povrsini-sunca-pojavile-se-nakupine-pjega-koje-mogu-progutati-cijelu-zemlju-a-nasa-in-strucnjak-upozorava-da-jos-nismo-vidjeli-najgore\\\/\",\"name\":\"Na povr\u0161ini Sunca pojavile se nakupine pjega koje mogu progutati cijelu Zemlju, a NASA-in stru\u010dnjak upozorava da jo\u0161 nismo vidjeli najgore - RADIO LJUBU\u0160KI\",\"isPartOf\":{\"@id\":\"https:\\\/\\\/radioljubuski.ba\\\/#website\"},\"primaryImageOfPage\":{\"@id\":\"https:\\\/\\\/radioljubuski.ba\\\/index.php\\\/2022\\\/04\\\/21\\\/na-povrsini-sunca-pojavile-se-nakupine-pjega-koje-mogu-progutati-cijelu-zemlju-a-nasa-in-strucnjak-upozorava-da-jos-nismo-vidjeli-najgore\\\/#primaryimage\"},\"image\":{\"@id\":\"https:\\\/\\\/radioljubuski.ba\\\/index.php\\\/2022\\\/04\\\/21\\\/na-povrsini-sunca-pojavile-se-nakupine-pjega-koje-mogu-progutati-cijelu-zemlju-a-nasa-in-strucnjak-upozorava-da-jos-nismo-vidjeli-najgore\\\/#primaryimage\"},\"thumbnailUrl\":\"https:\\\/\\\/radioljubuski.ba\\\/wp-content\\\/uploads\\\/2022\\\/04\\\/2-2022-04-21-10-36-33-sunce.jpg\",\"datePublished\":\"2022-04-21T09:42:19+00:00\",\"dateModified\":\"2022-04-21T09:42:20+00:00\",\"breadcrumb\":{\"@id\":\"https:\\\/\\\/radioljubuski.ba\\\/index.php\\\/2022\\\/04\\\/21\\\/na-povrsini-sunca-pojavile-se-nakupine-pjega-koje-mogu-progutati-cijelu-zemlju-a-nasa-in-strucnjak-upozorava-da-jos-nismo-vidjeli-najgore\\\/#breadcrumb\"},\"inLanguage\":\"hr\",\"potentialAction\":[{\"@type\":\"ReadAction\",\"target\":[\"https:\\\/\\\/radioljubuski.ba\\\/index.php\\\/2022\\\/04\\\/21\\\/na-povrsini-sunca-pojavile-se-nakupine-pjega-koje-mogu-progutati-cijelu-zemlju-a-nasa-in-strucnjak-upozorava-da-jos-nismo-vidjeli-najgore\\\/\"]}]},{\"@type\":\"ImageObject\",\"inLanguage\":\"hr\",\"@id\":\"https:\\\/\\\/radioljubuski.ba\\\/index.php\\\/2022\\\/04\\\/21\\\/na-povrsini-sunca-pojavile-se-nakupine-pjega-koje-mogu-progutati-cijelu-zemlju-a-nasa-in-strucnjak-upozorava-da-jos-nismo-vidjeli-najgore\\\/#primaryimage\",\"url\":\"https:\\\/\\\/radioljubuski.ba\\\/wp-content\\\/uploads\\\/2022\\\/04\\\/2-2022-04-21-10-36-33-sunce.jpg\",\"contentUrl\":\"https:\\\/\\\/radioljubuski.ba\\\/wp-content\\\/uploads\\\/2022\\\/04\\\/2-2022-04-21-10-36-33-sunce.jpg\",\"width\":1000,\"height\":625},{\"@type\":\"BreadcrumbList\",\"@id\":\"https:\\\/\\\/radioljubuski.ba\\\/index.php\\\/2022\\\/04\\\/21\\\/na-povrsini-sunca-pojavile-se-nakupine-pjega-koje-mogu-progutati-cijelu-zemlju-a-nasa-in-strucnjak-upozorava-da-jos-nismo-vidjeli-najgore\\\/#breadcrumb\",\"itemListElement\":[{\"@type\":\"ListItem\",\"position\":1,\"name\":\"Po\u010detna stranica\",\"item\":\"https:\\\/\\\/radioljubuski.ba\\\/\"},{\"@type\":\"ListItem\",\"position\":2,\"name\":\"Na povr\u0161ini Sunca pojavile se nakupine pjega koje mogu progutati cijelu Zemlju, a NASA-in stru\u010dnjak upozorava da jo\u0161 nismo vidjeli najgore\"}]},{\"@type\":\"WebSite\",\"@id\":\"https:\\\/\\\/radioljubuski.ba\\\/#website\",\"url\":\"https:\\\/\\\/radioljubuski.ba\\\/\",\"name\":\"Radio Ljubu\u0161ki\",\"description\":\"Sun\u010dana frekvencija Hercegovine\",\"publisher\":{\"@id\":\"https:\\\/\\\/radioljubuski.ba\\\/#organization\"},\"potentialAction\":[{\"@type\":\"SearchAction\",\"target\":{\"@type\":\"EntryPoint\",\"urlTemplate\":\"https:\\\/\\\/radioljubuski.ba\\\/?s={search_term_string}\"},\"query-input\":{\"@type\":\"PropertyValueSpecification\",\"valueRequired\":true,\"valueName\":\"search_term_string\"}}],\"inLanguage\":\"hr\"},{\"@type\":\"Organization\",\"@id\":\"https:\\\/\\\/radioljubuski.ba\\\/#organization\",\"name\":\"Radio Ljubu\u0161ki\",\"url\":\"https:\\\/\\\/radioljubuski.ba\\\/\",\"logo\":{\"@type\":\"ImageObject\",\"inLanguage\":\"hr\",\"@id\":\"https:\\\/\\\/radioljubuski.ba\\\/#\\\/schema\\\/logo\\\/image\\\/\",\"url\":\"https:\\\/\\\/radioljubuski.ba\\\/wp-content\\\/uploads\\\/2021\\\/02\\\/cropped-Radio_Ljubuski_logo1.jpg\",\"contentUrl\":\"https:\\\/\\\/radioljubuski.ba\\\/wp-content\\\/uploads\\\/2021\\\/02\\\/cropped-Radio_Ljubuski_logo1.jpg\",\"width\":512,\"height\":512,\"caption\":\"Radio Ljubu\u0161ki\"},\"image\":{\"@id\":\"https:\\\/\\\/radioljubuski.ba\\\/#\\\/schema\\\/logo\\\/image\\\/\"},\"sameAs\":[\"https:\\\/\\\/www.facebook.com\\\/Radiio-Ljubuski-1490835324566332\",\"https:\\\/\\\/x.com\\\/radioljubuski\",\"https:\\\/\\\/hr.linkedin.com\\\/company\\\/radio-ljubuski\",\"https:\\\/\\\/www.youtube.com\\\/channel\\\/UCHYaeO_n0Db3tjNGudGpXyw\"]},{\"@type\":\"Person\",\"@id\":\"https:\\\/\\\/radioljubuski.ba\\\/#\\\/schema\\\/person\\\/19fc700381a780f69665d7956c469e3b\",\"name\":\"Radio Ljubu\u0161ki\"}]}<\/script>\n<!-- \/ Yoast SEO plugin. -->","yoast_head_json":{"title":"Na povr\u0161ini Sunca pojavile se nakupine pjega koje mogu progutati cijelu Zemlju, a NASA-in stru\u010dnjak upozorava da jo\u0161 nismo vidjeli najgore - RADIO LJUBU\u0160KI","robots":{"index":"index","follow":"follow","max-snippet":"max-snippet:-1","max-image-preview":"max-image-preview:large","max-video-preview":"max-video-preview:-1"},"canonical":"https:\/\/radioljubuski.ba\/index.php\/2022\/04\/21\/na-povrsini-sunca-pojavile-se-nakupine-pjega-koje-mogu-progutati-cijelu-zemlju-a-nasa-in-strucnjak-upozorava-da-jos-nismo-vidjeli-najgore\/","og_locale":"hr_HR","og_type":"article","og_title":"Na povr\u0161ini Sunca pojavile se nakupine pjega koje mogu progutati cijelu Zemlju, a NASA-in stru\u010dnjak upozorava da jo\u0161 nismo vidjeli najgore - RADIO LJUBU\u0160KI","og_description":"Dvije velike nakupine Sun\u010devih pjega pojavile su se na povr\u0161ini Sunca, nagovje\u0161tavaju\u0107i pove\u0107ane mogu\u0107nosti pojva \u017eivopisnih aurora i potencijalno \u0161tetnih sun\u010devih baklji tijekom nadolaze\u0107ih mjeseci. Neke od sun\u010devih pjega su toliko su velike, da bi mogle progutati cijelu Zemlju. Poznate kao &#8220;aktivne regije&#8221; 2993 i 2994 (AR2993 i AR2994), \u010dini se da nove nakupine prati [&hellip;]","og_url":"https:\/\/radioljubuski.ba\/index.php\/2022\/04\/21\/na-povrsini-sunca-pojavile-se-nakupine-pjega-koje-mogu-progutati-cijelu-zemlju-a-nasa-in-strucnjak-upozorava-da-jos-nismo-vidjeli-najgore\/","og_site_name":"RADIO LJUBU\u0160KI","article_publisher":"https:\/\/www.facebook.com\/Radiio-Ljubuski-1490835324566332","article_published_time":"2022-04-21T09:42:19+00:00","article_modified_time":"2022-04-21T09:42:20+00:00","og_image":[{"width":1000,"height":625,"url":"https:\/\/radioljubuski.ba\/wp-content\/uploads\/2022\/04\/2-2022-04-21-10-36-33-sunce.jpg","type":"image\/jpeg"}],"author":"Radio Ljubu\u0161ki","twitter_card":"summary_large_image","twitter_creator":"@radioljubuski","twitter_site":"@radioljubuski","twitter_misc":{"Napisao\/la":"Radio Ljubu\u0161ki","Procijenjeno vrijeme \u010ditanja":"4 minute"},"schema":{"@context":"https:\/\/schema.org","@graph":[{"@type":"Article","@id":"https:\/\/radioljubuski.ba\/index.php\/2022\/04\/21\/na-povrsini-sunca-pojavile-se-nakupine-pjega-koje-mogu-progutati-cijelu-zemlju-a-nasa-in-strucnjak-upozorava-da-jos-nismo-vidjeli-najgore\/#article","isPartOf":{"@id":"https:\/\/radioljubuski.ba\/index.php\/2022\/04\/21\/na-povrsini-sunca-pojavile-se-nakupine-pjega-koje-mogu-progutati-cijelu-zemlju-a-nasa-in-strucnjak-upozorava-da-jos-nismo-vidjeli-najgore\/"},"author":{"name":"Radio Ljubu\u0161ki","@id":"https:\/\/radioljubuski.ba\/#\/schema\/person\/19fc700381a780f69665d7956c469e3b"},"headline":"Na povr\u0161ini Sunca pojavile se nakupine pjega koje mogu progutati cijelu Zemlju, a NASA-in stru\u010dnjak upozorava da jo\u0161 nismo vidjeli najgore","datePublished":"2022-04-21T09:42:19+00:00","dateModified":"2022-04-21T09:42:20+00:00","mainEntityOfPage":{"@id":"https:\/\/radioljubuski.ba\/index.php\/2022\/04\/21\/na-povrsini-sunca-pojavile-se-nakupine-pjega-koje-mogu-progutati-cijelu-zemlju-a-nasa-in-strucnjak-upozorava-da-jos-nismo-vidjeli-najgore\/"},"wordCount":793,"publisher":{"@id":"https:\/\/radioljubuski.ba\/#organization"},"image":{"@id":"https:\/\/radioljubuski.ba\/index.php\/2022\/04\/21\/na-povrsini-sunca-pojavile-se-nakupine-pjega-koje-mogu-progutati-cijelu-zemlju-a-nasa-in-strucnjak-upozorava-da-jos-nismo-vidjeli-najgore\/#primaryimage"},"thumbnailUrl":"https:\/\/radioljubuski.ba\/wp-content\/uploads\/2022\/04\/2-2022-04-21-10-36-33-sunce.jpg","articleSection":["BIH i regija"],"inLanguage":"hr"},{"@type":"WebPage","@id":"https:\/\/radioljubuski.ba\/index.php\/2022\/04\/21\/na-povrsini-sunca-pojavile-se-nakupine-pjega-koje-mogu-progutati-cijelu-zemlju-a-nasa-in-strucnjak-upozorava-da-jos-nismo-vidjeli-najgore\/","url":"https:\/\/radioljubuski.ba\/index.php\/2022\/04\/21\/na-povrsini-sunca-pojavile-se-nakupine-pjega-koje-mogu-progutati-cijelu-zemlju-a-nasa-in-strucnjak-upozorava-da-jos-nismo-vidjeli-najgore\/","name":"Na povr\u0161ini Sunca pojavile se nakupine pjega koje mogu progutati cijelu Zemlju, a NASA-in stru\u010dnjak upozorava da jo\u0161 nismo vidjeli najgore - RADIO LJUBU\u0160KI","isPartOf":{"@id":"https:\/\/radioljubuski.ba\/#website"},"primaryImageOfPage":{"@id":"https:\/\/radioljubuski.ba\/index.php\/2022\/04\/21\/na-povrsini-sunca-pojavile-se-nakupine-pjega-koje-mogu-progutati-cijelu-zemlju-a-nasa-in-strucnjak-upozorava-da-jos-nismo-vidjeli-najgore\/#primaryimage"},"image":{"@id":"https:\/\/radioljubuski.ba\/index.php\/2022\/04\/21\/na-povrsini-sunca-pojavile-se-nakupine-pjega-koje-mogu-progutati-cijelu-zemlju-a-nasa-in-strucnjak-upozorava-da-jos-nismo-vidjeli-najgore\/#primaryimage"},"thumbnailUrl":"https:\/\/radioljubuski.ba\/wp-content\/uploads\/2022\/04\/2-2022-04-21-10-36-33-sunce.jpg","datePublished":"2022-04-21T09:42:19+00:00","dateModified":"2022-04-21T09:42:20+00:00","breadcrumb":{"@id":"https:\/\/radioljubuski.ba\/index.php\/2022\/04\/21\/na-povrsini-sunca-pojavile-se-nakupine-pjega-koje-mogu-progutati-cijelu-zemlju-a-nasa-in-strucnjak-upozorava-da-jos-nismo-vidjeli-najgore\/#breadcrumb"},"inLanguage":"hr","potentialAction":[{"@type":"ReadAction","target":["https:\/\/radioljubuski.ba\/index.php\/2022\/04\/21\/na-povrsini-sunca-pojavile-se-nakupine-pjega-koje-mogu-progutati-cijelu-zemlju-a-nasa-in-strucnjak-upozorava-da-jos-nismo-vidjeli-najgore\/"]}]},{"@type":"ImageObject","inLanguage":"hr","@id":"https:\/\/radioljubuski.ba\/index.php\/2022\/04\/21\/na-povrsini-sunca-pojavile-se-nakupine-pjega-koje-mogu-progutati-cijelu-zemlju-a-nasa-in-strucnjak-upozorava-da-jos-nismo-vidjeli-najgore\/#primaryimage","url":"https:\/\/radioljubuski.ba\/wp-content\/uploads\/2022\/04\/2-2022-04-21-10-36-33-sunce.jpg","contentUrl":"https:\/\/radioljubuski.ba\/wp-content\/uploads\/2022\/04\/2-2022-04-21-10-36-33-sunce.jpg","width":1000,"height":625},{"@type":"BreadcrumbList","@id":"https:\/\/radioljubuski.ba\/index.php\/2022\/04\/21\/na-povrsini-sunca-pojavile-se-nakupine-pjega-koje-mogu-progutati-cijelu-zemlju-a-nasa-in-strucnjak-upozorava-da-jos-nismo-vidjeli-najgore\/#breadcrumb","itemListElement":[{"@type":"ListItem","position":1,"name":"Po\u010detna stranica","item":"https:\/\/radioljubuski.ba\/"},{"@type":"ListItem","position":2,"name":"Na povr\u0161ini Sunca pojavile se nakupine pjega koje mogu progutati cijelu Zemlju, a NASA-in stru\u010dnjak upozorava da jo\u0161 nismo vidjeli najgore"}]},{"@type":"WebSite","@id":"https:\/\/radioljubuski.ba\/#website","url":"https:\/\/radioljubuski.ba\/","name":"Radio Ljubu\u0161ki","description":"Sun\u010dana frekvencija Hercegovine","publisher":{"@id":"https:\/\/radioljubuski.ba\/#organization"},"potentialAction":[{"@type":"SearchAction","target":{"@type":"EntryPoint","urlTemplate":"https:\/\/radioljubuski.ba\/?s={search_term_string}"},"query-input":{"@type":"PropertyValueSpecification","valueRequired":true,"valueName":"search_term_string"}}],"inLanguage":"hr"},{"@type":"Organization","@id":"https:\/\/radioljubuski.ba\/#organization","name":"Radio Ljubu\u0161ki","url":"https:\/\/radioljubuski.ba\/","logo":{"@type":"ImageObject","inLanguage":"hr","@id":"https:\/\/radioljubuski.ba\/#\/schema\/logo\/image\/","url":"https:\/\/radioljubuski.ba\/wp-content\/uploads\/2021\/02\/cropped-Radio_Ljubuski_logo1.jpg","contentUrl":"https:\/\/radioljubuski.ba\/wp-content\/uploads\/2021\/02\/cropped-Radio_Ljubuski_logo1.jpg","width":512,"height":512,"caption":"Radio Ljubu\u0161ki"},"image":{"@id":"https:\/\/radioljubuski.ba\/#\/schema\/logo\/image\/"},"sameAs":["https:\/\/www.facebook.com\/Radiio-Ljubuski-1490835324566332","https:\/\/x.com\/radioljubuski","https:\/\/hr.linkedin.com\/company\/radio-ljubuski","https:\/\/www.youtube.com\/channel\/UCHYaeO_n0Db3tjNGudGpXyw"]},{"@type":"Person","@id":"https:\/\/radioljubuski.ba\/#\/schema\/person\/19fc700381a780f69665d7956c469e3b","name":"Radio Ljubu\u0161ki"}]}},"_links":{"self":[{"href":"https:\/\/radioljubuski.ba\/index.php\/wp-json\/wp\/v2\/posts\/134754","targetHints":{"allow":["GET"]}}],"collection":[{"href":"https:\/\/radioljubuski.ba\/index.php\/wp-json\/wp\/v2\/posts"}],"about":[{"href":"https:\/\/radioljubuski.ba\/index.php\/wp-json\/wp\/v2\/types\/post"}],"author":[{"embeddable":true,"href":"https:\/\/radioljubuski.ba\/index.php\/wp-json\/wp\/v2\/users\/2"}],"replies":[{"embeddable":true,"href":"https:\/\/radioljubuski.ba\/index.php\/wp-json\/wp\/v2\/comments?post=134754"}],"version-history":[{"count":1,"href":"https:\/\/radioljubuski.ba\/index.php\/wp-json\/wp\/v2\/posts\/134754\/revisions"}],"predecessor-version":[{"id":134757,"href":"https:\/\/radioljubuski.ba\/index.php\/wp-json\/wp\/v2\/posts\/134754\/revisions\/134757"}],"wp:featuredmedia":[{"embeddable":true,"href":"https:\/\/radioljubuski.ba\/index.php\/wp-json\/wp\/v2\/media\/134756"}],"wp:attachment":[{"href":"https:\/\/radioljubuski.ba\/index.php\/wp-json\/wp\/v2\/media?parent=134754"}],"wp:term":[{"taxonomy":"category","embeddable":true,"href":"https:\/\/radioljubuski.ba\/index.php\/wp-json\/wp\/v2\/categories?post=134754"},{"taxonomy":"post_tag","embeddable":true,"href":"https:\/\/radioljubuski.ba\/index.php\/wp-json\/wp\/v2\/tags?post=134754"}],"curies":[{"name":"wp","href":"https:\/\/api.w.org\/{rel}","templated":true}]}}