{"id":134761,"date":"2022-04-21T10:44:23","date_gmt":"2022-04-21T09:44:23","guid":{"rendered":"https:\/\/radioljubuski.ba\/?p=134761"},"modified":"2022-04-21T10:44:24","modified_gmt":"2022-04-21T09:44:24","slug":"svjetska-banka-upozorava-na-ljudsku-katastrofu-zbog-krize-s-hranom","status":"publish","type":"post","link":"https:\/\/radioljubuski.ba\/index.php\/2022\/04\/21\/svjetska-banka-upozorava-na-ljudsku-katastrofu-zbog-krize-s-hranom\/","title":{"rendered":"Svjetska banka upozorava na &#8216;ljudsku katastrofu&#8217; zbog krize s hranom"},"content":{"rendered":"\n<p>&nbsp;Po rije\u010dima predsjednika Svjetske banke Davida Malpassa, svijet se suo\u010dava s &#8220;ljudskom katastrofom&#8221; zbog krize s hranom, koja je proizi\u0161la iz ruske invazije na Ukrajinu.<\/p>\n\n\n\n<p>U intervjuu za BBC, Malpass, koji vodi instituciju zadu\u017eenu za globalno ubla\u017eavanje siroma\u0161tva, upozorio je da bi rekordni porast cijena hrane mogao &#8220;gurnuti&#8221; stotine miliona ljudi u siroma\u0161tvo i slabiju prehranu, ako se kriza nastavi.<\/p>\n\n\n\n<p>&#8211; To je ljudska katastrofa, \u0161to zna\u010di da prehrana pada. Ali onda to postaje i politi\u010dki izazov za vlade koje ne mogu u\u010diniti ni\u0161ta povodom toga, nisu je uzrokovale, a vide kako cijene rastu &#8211; rekao je Malpass na marginama sastanka MMF-a i Svjetske banke u Washingtonu.<\/p>\n\n\n\n<p>Svjetska banka je izra\u010dunala da bi moglo do\u0107i do ogromnog pove\u0107anja cijena hrane od 37 posto, \u0161to je posebno veliko pove\u0107anje za siroma\u0161ne, koji \u0107e &#8220;manje jesti i imati manje novca za bilo \u0161to drugo, kao \u0161to je \u0161kolovanje. A to zna\u010di da to je stvarno nepravedna vrsta krize. Najvi\u0161e poga\u0111a najsiroma\u0161nije. To je vrijedilo i za Covid&#8221;.<\/p>\n\n\n\n<p>Malpass je naveo da je u svijetu dovoljno hrane da se nahrane svi, a i globalne zalihe su velike prema historijskim standardima, ali morat \u0107e postojati proces dijeljenja ili prodaje kako bi hrana dospjela tamo gdje je potrebna.<\/p>\n\n\n\n<p>Tako\u0111er je nastojao odvratiti zemlje od subvencioniranja proizvodnje ili ograni\u010davanja cijena.<\/p>\n\n\n\n<p>Umjesto toga, Malpass je rekao da fokus treba biti na pove\u0107anju zaliha gnojiva i hrane u cijelom svijetu, uz ciljanu pomo\u0107 za najsiroma\u0161nije.<\/p>\n\n\n\n<p>\u0160ef Svjetske banke tako\u0111er je upozorio na pojavu &#8220;krize unutar krize&#8221; koja proizlazi iz nesposobnosti zemalja u razvoju da servisiraju svoje velike dugove izazvane pandemijom, uslljed porasta cijena hrane i energije.<\/p>\n\n\n\n<p>&#8211; Moramo biti zabrinuti zbog du\u017eni\u010dke krize, a najbolja stvar koju mo\u017eemo u\u010diniti je rano po\u010deti djelovati na pronala\u017eenju na\u010dina za smanjenje tereta duga za zemlje koje imaju neodr\u017eiv dug, jer \u0161to du\u017ee odga\u0111ate, to je gore &#8211; dodao je Malpass.<\/p>\n\n\n\n<p>Izvor.pogled.ba<\/p>\n","protected":false},"excerpt":{"rendered":"<p>&nbsp;Po rije\u010dima predsjednika Svjetske banke Davida Malpassa, svijet se suo\u010dava s &#8220;ljudskom katastrofom&#8221; zbog krize s hranom, koja je proizi\u0161la iz ruske invazije na Ukrajinu. U intervjuu za BBC, Malpass, koji vodi instituciju zadu\u017eenu za globalno ubla\u017eavanje siroma\u0161tva, upozorio je da bi rekordni porast cijena hrane mogao &#8220;gurnuti&#8221; stotine miliona ljudi u siroma\u0161tvo i slabiju [&hellip;]<\/p>\n","protected":false},"author":2,"featured_media":134764,"comment_status":"closed","ping_status":"closed","sticky":false,"template":"","format":"standard","meta":{"h5ap_radio_sources":[],"footnotes":""},"categories":[1],"tags":[],"class_list":["post-134761","post","type-post","status-publish","format-standard","has-post-thumbnail","hentry","category-bihiregija"],"yoast_head":"<!-- This site is optimized with the Yoast SEO plugin v27.4 - https:\/\/yoast.com\/product\/yoast-seo-wordpress\/ -->\n<title>Svjetska banka upozorava na &#039;ljudsku katastrofu&#039; zbog krize s hranom - RADIO LJUBU\u0160KI<\/title>\n<meta name=\"robots\" content=\"index, follow, max-snippet:-1, max-image-preview:large, max-video-preview:-1\" \/>\n<link rel=\"canonical\" href=\"https:\/\/radioljubuski.ba\/index.php\/2022\/04\/21\/svjetska-banka-upozorava-na-ljudsku-katastrofu-zbog-krize-s-hranom\/\" \/>\n<meta property=\"og:locale\" content=\"hr_HR\" \/>\n<meta property=\"og:type\" content=\"article\" \/>\n<meta property=\"og:title\" content=\"Svjetska banka upozorava na &#039;ljudsku katastrofu&#039; zbog krize s hranom - RADIO LJUBU\u0160KI\" \/>\n<meta property=\"og:description\" content=\"&nbsp;Po rije\u010dima predsjednika Svjetske banke Davida Malpassa, svijet se suo\u010dava s &#8220;ljudskom katastrofom&#8221; zbog krize s hranom, koja je proizi\u0161la iz ruske invazije na Ukrajinu. U intervjuu za BBC, Malpass, koji vodi instituciju zadu\u017eenu za globalno ubla\u017eavanje siroma\u0161tva, upozorio je da bi rekordni porast cijena hrane mogao &#8220;gurnuti&#8221; stotine miliona ljudi u siroma\u0161tvo i slabiju [&hellip;]\" \/>\n<meta property=\"og:url\" content=\"https:\/\/radioljubuski.ba\/index.php\/2022\/04\/21\/svjetska-banka-upozorava-na-ljudsku-katastrofu-zbog-krize-s-hranom\/\" \/>\n<meta property=\"og:site_name\" content=\"RADIO LJUBU\u0160KI\" \/>\n<meta property=\"article:publisher\" content=\"https:\/\/www.facebook.com\/Radiio-Ljubuski-1490835324566332\" \/>\n<meta property=\"article:published_time\" content=\"2022-04-21T09:44:23+00:00\" \/>\n<meta property=\"article:modified_time\" content=\"2022-04-21T09:44:24+00:00\" \/>\n<meta property=\"og:image\" content=\"https:\/\/radioljubuski.ba\/wp-content\/uploads\/2022\/04\/8-2022-01-07-12-43-28-HRANA.jpg\" \/>\n\t<meta property=\"og:image:width\" content=\"1000\" \/>\n\t<meta property=\"og:image:height\" content=\"625\" \/>\n\t<meta property=\"og:image:type\" content=\"image\/jpeg\" \/>\n<meta name=\"author\" content=\"Radio Ljubu\u0161ki\" \/>\n<meta name=\"twitter:card\" content=\"summary_large_image\" \/>\n<meta name=\"twitter:creator\" content=\"@radioljubuski\" \/>\n<meta name=\"twitter:site\" content=\"@radioljubuski\" \/>\n<meta name=\"twitter:label1\" content=\"Napisao\/la\" \/>\n\t<meta name=\"twitter:data1\" content=\"Radio Ljubu\u0161ki\" \/>\n\t<meta name=\"twitter:label2\" content=\"Procijenjeno vrijeme \u010ditanja\" \/>\n\t<meta name=\"twitter:data2\" content=\"2 minute\" \/>\n<script type=\"application\/ld+json\" class=\"yoast-schema-graph\">{\"@context\":\"https:\\\/\\\/schema.org\",\"@graph\":[{\"@type\":\"Article\",\"@id\":\"https:\\\/\\\/radioljubuski.ba\\\/index.php\\\/2022\\\/04\\\/21\\\/svjetska-banka-upozorava-na-ljudsku-katastrofu-zbog-krize-s-hranom\\\/#article\",\"isPartOf\":{\"@id\":\"https:\\\/\\\/radioljubuski.ba\\\/index.php\\\/2022\\\/04\\\/21\\\/svjetska-banka-upozorava-na-ljudsku-katastrofu-zbog-krize-s-hranom\\\/\"},\"author\":{\"name\":\"Radio Ljubu\u0161ki\",\"@id\":\"https:\\\/\\\/radioljubuski.ba\\\/#\\\/schema\\\/person\\\/19fc700381a780f69665d7956c469e3b\"},\"headline\":\"Svjetska banka upozorava na &#8216;ljudsku katastrofu&#8217; zbog krize s hranom\",\"datePublished\":\"2022-04-21T09:44:23+00:00\",\"dateModified\":\"2022-04-21T09:44:24+00:00\",\"mainEntityOfPage\":{\"@id\":\"https:\\\/\\\/radioljubuski.ba\\\/index.php\\\/2022\\\/04\\\/21\\\/svjetska-banka-upozorava-na-ljudsku-katastrofu-zbog-krize-s-hranom\\\/\"},\"wordCount\":357,\"publisher\":{\"@id\":\"https:\\\/\\\/radioljubuski.ba\\\/#organization\"},\"image\":{\"@id\":\"https:\\\/\\\/radioljubuski.ba\\\/index.php\\\/2022\\\/04\\\/21\\\/svjetska-banka-upozorava-na-ljudsku-katastrofu-zbog-krize-s-hranom\\\/#primaryimage\"},\"thumbnailUrl\":\"https:\\\/\\\/radioljubuski.ba\\\/wp-content\\\/uploads\\\/2022\\\/04\\\/8-2022-01-07-12-43-28-HRANA.jpg\",\"articleSection\":[\"BIH i regija\"],\"inLanguage\":\"hr\"},{\"@type\":\"WebPage\",\"@id\":\"https:\\\/\\\/radioljubuski.ba\\\/index.php\\\/2022\\\/04\\\/21\\\/svjetska-banka-upozorava-na-ljudsku-katastrofu-zbog-krize-s-hranom\\\/\",\"url\":\"https:\\\/\\\/radioljubuski.ba\\\/index.php\\\/2022\\\/04\\\/21\\\/svjetska-banka-upozorava-na-ljudsku-katastrofu-zbog-krize-s-hranom\\\/\",\"name\":\"Svjetska banka upozorava na 'ljudsku katastrofu' zbog krize s hranom - RADIO LJUBU\u0160KI\",\"isPartOf\":{\"@id\":\"https:\\\/\\\/radioljubuski.ba\\\/#website\"},\"primaryImageOfPage\":{\"@id\":\"https:\\\/\\\/radioljubuski.ba\\\/index.php\\\/2022\\\/04\\\/21\\\/svjetska-banka-upozorava-na-ljudsku-katastrofu-zbog-krize-s-hranom\\\/#primaryimage\"},\"image\":{\"@id\":\"https:\\\/\\\/radioljubuski.ba\\\/index.php\\\/2022\\\/04\\\/21\\\/svjetska-banka-upozorava-na-ljudsku-katastrofu-zbog-krize-s-hranom\\\/#primaryimage\"},\"thumbnailUrl\":\"https:\\\/\\\/radioljubuski.ba\\\/wp-content\\\/uploads\\\/2022\\\/04\\\/8-2022-01-07-12-43-28-HRANA.jpg\",\"datePublished\":\"2022-04-21T09:44:23+00:00\",\"dateModified\":\"2022-04-21T09:44:24+00:00\",\"breadcrumb\":{\"@id\":\"https:\\\/\\\/radioljubuski.ba\\\/index.php\\\/2022\\\/04\\\/21\\\/svjetska-banka-upozorava-na-ljudsku-katastrofu-zbog-krize-s-hranom\\\/#breadcrumb\"},\"inLanguage\":\"hr\",\"potentialAction\":[{\"@type\":\"ReadAction\",\"target\":[\"https:\\\/\\\/radioljubuski.ba\\\/index.php\\\/2022\\\/04\\\/21\\\/svjetska-banka-upozorava-na-ljudsku-katastrofu-zbog-krize-s-hranom\\\/\"]}]},{\"@type\":\"ImageObject\",\"inLanguage\":\"hr\",\"@id\":\"https:\\\/\\\/radioljubuski.ba\\\/index.php\\\/2022\\\/04\\\/21\\\/svjetska-banka-upozorava-na-ljudsku-katastrofu-zbog-krize-s-hranom\\\/#primaryimage\",\"url\":\"https:\\\/\\\/radioljubuski.ba\\\/wp-content\\\/uploads\\\/2022\\\/04\\\/8-2022-01-07-12-43-28-HRANA.jpg\",\"contentUrl\":\"https:\\\/\\\/radioljubuski.ba\\\/wp-content\\\/uploads\\\/2022\\\/04\\\/8-2022-01-07-12-43-28-HRANA.jpg\",\"width\":1000,\"height\":625},{\"@type\":\"BreadcrumbList\",\"@id\":\"https:\\\/\\\/radioljubuski.ba\\\/index.php\\\/2022\\\/04\\\/21\\\/svjetska-banka-upozorava-na-ljudsku-katastrofu-zbog-krize-s-hranom\\\/#breadcrumb\",\"itemListElement\":[{\"@type\":\"ListItem\",\"position\":1,\"name\":\"Po\u010detna stranica\",\"item\":\"https:\\\/\\\/radioljubuski.ba\\\/\"},{\"@type\":\"ListItem\",\"position\":2,\"name\":\"Svjetska banka upozorava na &#8216;ljudsku katastrofu&#8217; zbog krize s hranom\"}]},{\"@type\":\"WebSite\",\"@id\":\"https:\\\/\\\/radioljubuski.ba\\\/#website\",\"url\":\"https:\\\/\\\/radioljubuski.ba\\\/\",\"name\":\"Radio Ljubu\u0161ki\",\"description\":\"Sun\u010dana frekvencija Hercegovine\",\"publisher\":{\"@id\":\"https:\\\/\\\/radioljubuski.ba\\\/#organization\"},\"potentialAction\":[{\"@type\":\"SearchAction\",\"target\":{\"@type\":\"EntryPoint\",\"urlTemplate\":\"https:\\\/\\\/radioljubuski.ba\\\/?s={search_term_string}\"},\"query-input\":{\"@type\":\"PropertyValueSpecification\",\"valueRequired\":true,\"valueName\":\"search_term_string\"}}],\"inLanguage\":\"hr\"},{\"@type\":\"Organization\",\"@id\":\"https:\\\/\\\/radioljubuski.ba\\\/#organization\",\"name\":\"Radio Ljubu\u0161ki\",\"url\":\"https:\\\/\\\/radioljubuski.ba\\\/\",\"logo\":{\"@type\":\"ImageObject\",\"inLanguage\":\"hr\",\"@id\":\"https:\\\/\\\/radioljubuski.ba\\\/#\\\/schema\\\/logo\\\/image\\\/\",\"url\":\"https:\\\/\\\/radioljubuski.ba\\\/wp-content\\\/uploads\\\/2021\\\/02\\\/cropped-Radio_Ljubuski_logo1.jpg\",\"contentUrl\":\"https:\\\/\\\/radioljubuski.ba\\\/wp-content\\\/uploads\\\/2021\\\/02\\\/cropped-Radio_Ljubuski_logo1.jpg\",\"width\":512,\"height\":512,\"caption\":\"Radio Ljubu\u0161ki\"},\"image\":{\"@id\":\"https:\\\/\\\/radioljubuski.ba\\\/#\\\/schema\\\/logo\\\/image\\\/\"},\"sameAs\":[\"https:\\\/\\\/www.facebook.com\\\/Radiio-Ljubuski-1490835324566332\",\"https:\\\/\\\/x.com\\\/radioljubuski\",\"https:\\\/\\\/hr.linkedin.com\\\/company\\\/radio-ljubuski\",\"https:\\\/\\\/www.youtube.com\\\/channel\\\/UCHYaeO_n0Db3tjNGudGpXyw\"]},{\"@type\":\"Person\",\"@id\":\"https:\\\/\\\/radioljubuski.ba\\\/#\\\/schema\\\/person\\\/19fc700381a780f69665d7956c469e3b\",\"name\":\"Radio Ljubu\u0161ki\"}]}<\/script>\n<!-- \/ Yoast SEO plugin. -->","yoast_head_json":{"title":"Svjetska banka upozorava na 'ljudsku katastrofu' zbog krize s hranom - RADIO LJUBU\u0160KI","robots":{"index":"index","follow":"follow","max-snippet":"max-snippet:-1","max-image-preview":"max-image-preview:large","max-video-preview":"max-video-preview:-1"},"canonical":"https:\/\/radioljubuski.ba\/index.php\/2022\/04\/21\/svjetska-banka-upozorava-na-ljudsku-katastrofu-zbog-krize-s-hranom\/","og_locale":"hr_HR","og_type":"article","og_title":"Svjetska banka upozorava na 'ljudsku katastrofu' zbog krize s hranom - RADIO LJUBU\u0160KI","og_description":"&nbsp;Po rije\u010dima predsjednika Svjetske banke Davida Malpassa, svijet se suo\u010dava s &#8220;ljudskom katastrofom&#8221; zbog krize s hranom, koja je proizi\u0161la iz ruske invazije na Ukrajinu. U intervjuu za BBC, Malpass, koji vodi instituciju zadu\u017eenu za globalno ubla\u017eavanje siroma\u0161tva, upozorio je da bi rekordni porast cijena hrane mogao &#8220;gurnuti&#8221; stotine miliona ljudi u siroma\u0161tvo i slabiju [&hellip;]","og_url":"https:\/\/radioljubuski.ba\/index.php\/2022\/04\/21\/svjetska-banka-upozorava-na-ljudsku-katastrofu-zbog-krize-s-hranom\/","og_site_name":"RADIO LJUBU\u0160KI","article_publisher":"https:\/\/www.facebook.com\/Radiio-Ljubuski-1490835324566332","article_published_time":"2022-04-21T09:44:23+00:00","article_modified_time":"2022-04-21T09:44:24+00:00","og_image":[{"width":1000,"height":625,"url":"https:\/\/radioljubuski.ba\/wp-content\/uploads\/2022\/04\/8-2022-01-07-12-43-28-HRANA.jpg","type":"image\/jpeg"}],"author":"Radio Ljubu\u0161ki","twitter_card":"summary_large_image","twitter_creator":"@radioljubuski","twitter_site":"@radioljubuski","twitter_misc":{"Napisao\/la":"Radio Ljubu\u0161ki","Procijenjeno vrijeme \u010ditanja":"2 minute"},"schema":{"@context":"https:\/\/schema.org","@graph":[{"@type":"Article","@id":"https:\/\/radioljubuski.ba\/index.php\/2022\/04\/21\/svjetska-banka-upozorava-na-ljudsku-katastrofu-zbog-krize-s-hranom\/#article","isPartOf":{"@id":"https:\/\/radioljubuski.ba\/index.php\/2022\/04\/21\/svjetska-banka-upozorava-na-ljudsku-katastrofu-zbog-krize-s-hranom\/"},"author":{"name":"Radio Ljubu\u0161ki","@id":"https:\/\/radioljubuski.ba\/#\/schema\/person\/19fc700381a780f69665d7956c469e3b"},"headline":"Svjetska banka upozorava na &#8216;ljudsku katastrofu&#8217; zbog krize s hranom","datePublished":"2022-04-21T09:44:23+00:00","dateModified":"2022-04-21T09:44:24+00:00","mainEntityOfPage":{"@id":"https:\/\/radioljubuski.ba\/index.php\/2022\/04\/21\/svjetska-banka-upozorava-na-ljudsku-katastrofu-zbog-krize-s-hranom\/"},"wordCount":357,"publisher":{"@id":"https:\/\/radioljubuski.ba\/#organization"},"image":{"@id":"https:\/\/radioljubuski.ba\/index.php\/2022\/04\/21\/svjetska-banka-upozorava-na-ljudsku-katastrofu-zbog-krize-s-hranom\/#primaryimage"},"thumbnailUrl":"https:\/\/radioljubuski.ba\/wp-content\/uploads\/2022\/04\/8-2022-01-07-12-43-28-HRANA.jpg","articleSection":["BIH i regija"],"inLanguage":"hr"},{"@type":"WebPage","@id":"https:\/\/radioljubuski.ba\/index.php\/2022\/04\/21\/svjetska-banka-upozorava-na-ljudsku-katastrofu-zbog-krize-s-hranom\/","url":"https:\/\/radioljubuski.ba\/index.php\/2022\/04\/21\/svjetska-banka-upozorava-na-ljudsku-katastrofu-zbog-krize-s-hranom\/","name":"Svjetska banka upozorava na 'ljudsku katastrofu' zbog krize s hranom - RADIO LJUBU\u0160KI","isPartOf":{"@id":"https:\/\/radioljubuski.ba\/#website"},"primaryImageOfPage":{"@id":"https:\/\/radioljubuski.ba\/index.php\/2022\/04\/21\/svjetska-banka-upozorava-na-ljudsku-katastrofu-zbog-krize-s-hranom\/#primaryimage"},"image":{"@id":"https:\/\/radioljubuski.ba\/index.php\/2022\/04\/21\/svjetska-banka-upozorava-na-ljudsku-katastrofu-zbog-krize-s-hranom\/#primaryimage"},"thumbnailUrl":"https:\/\/radioljubuski.ba\/wp-content\/uploads\/2022\/04\/8-2022-01-07-12-43-28-HRANA.jpg","datePublished":"2022-04-21T09:44:23+00:00","dateModified":"2022-04-21T09:44:24+00:00","breadcrumb":{"@id":"https:\/\/radioljubuski.ba\/index.php\/2022\/04\/21\/svjetska-banka-upozorava-na-ljudsku-katastrofu-zbog-krize-s-hranom\/#breadcrumb"},"inLanguage":"hr","potentialAction":[{"@type":"ReadAction","target":["https:\/\/radioljubuski.ba\/index.php\/2022\/04\/21\/svjetska-banka-upozorava-na-ljudsku-katastrofu-zbog-krize-s-hranom\/"]}]},{"@type":"ImageObject","inLanguage":"hr","@id":"https:\/\/radioljubuski.ba\/index.php\/2022\/04\/21\/svjetska-banka-upozorava-na-ljudsku-katastrofu-zbog-krize-s-hranom\/#primaryimage","url":"https:\/\/radioljubuski.ba\/wp-content\/uploads\/2022\/04\/8-2022-01-07-12-43-28-HRANA.jpg","contentUrl":"https:\/\/radioljubuski.ba\/wp-content\/uploads\/2022\/04\/8-2022-01-07-12-43-28-HRANA.jpg","width":1000,"height":625},{"@type":"BreadcrumbList","@id":"https:\/\/radioljubuski.ba\/index.php\/2022\/04\/21\/svjetska-banka-upozorava-na-ljudsku-katastrofu-zbog-krize-s-hranom\/#breadcrumb","itemListElement":[{"@type":"ListItem","position":1,"name":"Po\u010detna stranica","item":"https:\/\/radioljubuski.ba\/"},{"@type":"ListItem","position":2,"name":"Svjetska banka upozorava na &#8216;ljudsku katastrofu&#8217; zbog krize s hranom"}]},{"@type":"WebSite","@id":"https:\/\/radioljubuski.ba\/#website","url":"https:\/\/radioljubuski.ba\/","name":"Radio Ljubu\u0161ki","description":"Sun\u010dana frekvencija Hercegovine","publisher":{"@id":"https:\/\/radioljubuski.ba\/#organization"},"potentialAction":[{"@type":"SearchAction","target":{"@type":"EntryPoint","urlTemplate":"https:\/\/radioljubuski.ba\/?s={search_term_string}"},"query-input":{"@type":"PropertyValueSpecification","valueRequired":true,"valueName":"search_term_string"}}],"inLanguage":"hr"},{"@type":"Organization","@id":"https:\/\/radioljubuski.ba\/#organization","name":"Radio Ljubu\u0161ki","url":"https:\/\/radioljubuski.ba\/","logo":{"@type":"ImageObject","inLanguage":"hr","@id":"https:\/\/radioljubuski.ba\/#\/schema\/logo\/image\/","url":"https:\/\/radioljubuski.ba\/wp-content\/uploads\/2021\/02\/cropped-Radio_Ljubuski_logo1.jpg","contentUrl":"https:\/\/radioljubuski.ba\/wp-content\/uploads\/2021\/02\/cropped-Radio_Ljubuski_logo1.jpg","width":512,"height":512,"caption":"Radio Ljubu\u0161ki"},"image":{"@id":"https:\/\/radioljubuski.ba\/#\/schema\/logo\/image\/"},"sameAs":["https:\/\/www.facebook.com\/Radiio-Ljubuski-1490835324566332","https:\/\/x.com\/radioljubuski","https:\/\/hr.linkedin.com\/company\/radio-ljubuski","https:\/\/www.youtube.com\/channel\/UCHYaeO_n0Db3tjNGudGpXyw"]},{"@type":"Person","@id":"https:\/\/radioljubuski.ba\/#\/schema\/person\/19fc700381a780f69665d7956c469e3b","name":"Radio Ljubu\u0161ki"}]}},"_links":{"self":[{"href":"https:\/\/radioljubuski.ba\/index.php\/wp-json\/wp\/v2\/posts\/134761","targetHints":{"allow":["GET"]}}],"collection":[{"href":"https:\/\/radioljubuski.ba\/index.php\/wp-json\/wp\/v2\/posts"}],"about":[{"href":"https:\/\/radioljubuski.ba\/index.php\/wp-json\/wp\/v2\/types\/post"}],"author":[{"embeddable":true,"href":"https:\/\/radioljubuski.ba\/index.php\/wp-json\/wp\/v2\/users\/2"}],"replies":[{"embeddable":true,"href":"https:\/\/radioljubuski.ba\/index.php\/wp-json\/wp\/v2\/comments?post=134761"}],"version-history":[{"count":1,"href":"https:\/\/radioljubuski.ba\/index.php\/wp-json\/wp\/v2\/posts\/134761\/revisions"}],"predecessor-version":[{"id":134765,"href":"https:\/\/radioljubuski.ba\/index.php\/wp-json\/wp\/v2\/posts\/134761\/revisions\/134765"}],"wp:featuredmedia":[{"embeddable":true,"href":"https:\/\/radioljubuski.ba\/index.php\/wp-json\/wp\/v2\/media\/134764"}],"wp:attachment":[{"href":"https:\/\/radioljubuski.ba\/index.php\/wp-json\/wp\/v2\/media?parent=134761"}],"wp:term":[{"taxonomy":"category","embeddable":true,"href":"https:\/\/radioljubuski.ba\/index.php\/wp-json\/wp\/v2\/categories?post=134761"},{"taxonomy":"post_tag","embeddable":true,"href":"https:\/\/radioljubuski.ba\/index.php\/wp-json\/wp\/v2\/tags?post=134761"}],"curies":[{"name":"wp","href":"https:\/\/api.w.org\/{rel}","templated":true}]}}