{"id":134767,"date":"2022-04-21T10:47:50","date_gmt":"2022-04-21T09:47:50","guid":{"rendered":"https:\/\/radioljubuski.ba\/?p=134767"},"modified":"2022-04-21T10:47:51","modified_gmt":"2022-04-21T09:47:51","slug":"americka-senatorica-dodiku-drago-mi-je-sto-vas-opet-vidim","status":"publish","type":"post","link":"https:\/\/radioljubuski.ba\/index.php\/2022\/04\/21\/americka-senatorica-dodiku-drago-mi-je-sto-vas-opet-vidim\/","title":{"rendered":"Ameri\u010dka senatorica Dodiku: \u201cDrago mi je \u0161to vas opet vidim\u201d"},"content":{"rendered":"\n<p>\u010clanovi Predsjedni\u0161tva Bosne i Hercegovine do\u010dekali su ju\u010der u ovoj dr\u017eavnoj instituciji delegaciju Kongresa Sjedinjenih Ameri\u010dkih Dr\u017eava (SAD).<\/p>\n\n\n\n<p>Delegaciju koju \u010dine senatorica Jeanne Shaheen (demokrata), Chris Murphy (demokrata) i Thom Tillis (republikanac) su do\u010dekala sva tri \u010dlana Predsjedni\u0161tva BiH, \u010dak i Milorad Dodik kojem su uvedene, a zatim i pro\u0161irene sankcije iz SAD-a. Shodno tome, ali i njegovom stavu prema toj zemlji, nije bilo sigurno da \u0107e i on biti u Predsjedni\u0161tvu BiH.<\/p>\n\n\n\n<p>Posebno zanimljiv trenutak u kontekstu sankcija Dodiku, bio je njegov susret i pozdrav sa senatoricom Shaheen koja je i predvodila ameri\u010dke du\u017enosnike.<\/p>\n\n\n\n<p>Naime, prilikom rukovanja i pozdrava, Shaheen je Dodiku rekla da joj je drago \u0161to ga ponovo vidi.<\/p>\n\n\n\n<blockquote class=\"twitter-tweet\"><p lang=\"und\" dir=\"ltr\">Predsjedni\u0161tvo BiH s ameri\u010dkim senatorima. Prisutan i Milorad Dodik. Senatorica <a href=\"https:\/\/twitter.com\/SenatorShaheen?ref_src=twsrc%5Etfw\">@SenatorShaheen<\/a> mu se obratila rije\u010dima &quot;drago mi je da Vas opet vidim&quot; <a href=\"https:\/\/t.co\/o4sbayPeHe\">pic.twitter.com\/o4sbayPeHe<\/a><\/p>&mdash; TV N1 Sarajevo (@N1infoSA) <a href=\"https:\/\/twitter.com\/N1infoSA\/status\/1516725400298270726?ref_src=twsrc%5Etfw\">April 20, 2022<\/a><\/blockquote> <script async src=\"https:\/\/platform.twitter.com\/widgets.js\" charset=\"utf-8\"><\/script> \n\n\n\n<p>Dodik je klimao glavom i imao poprili\u010dno blag osmijeh na licu, ali je uzvratio rukovanjem.<\/p>\n\n\n\n<p>Prvi put se Dodik na ameri\u010dkoj crnoj listi na\u0161ao 2016. godine, a sankcije, izme\u0111u ostalog, podrazumijevaju zabranu putovanja u SAD, kao i blokadu eventualne imovine i ra\u010duna u toj zemlji.<\/p>\n\n\n\n<p>Drugi put su sankcije SAD-a pro\u0161irene Dodiku, a uvedene Alternativnoj televiziji (ATV) iz Banjaluke zbog toga \u0161to je povezana sa Dodikom, to\u010dnije, jer je on u posljednje vrijeme znatno pove\u0107ao financiranje ovog medija.<\/p>\n\n\n\n<p>Senatorka Shaheen je predsjednica Senatskog pododbora za vanjske odnose za Europu i regionalnu sigurnosnu suradnju i vi\u0161a \u010dlanica Senatskog odbora za oru\u017eane snage, a ona i senator Tillis su jo\u0161 i kopredsjedavaju\u0107i NATO posmatra\u010dke grupe Senata.<\/p>\n\n\n\n<p>Podsjetimo i to da su ameri\u010dki senatori preksino\u0107 boravili u Beogradu gdje su razgovarali i sa predsjednikom Srbije Aleksandrom Vu\u010di\u0107em.<\/p>\n\n\n\n<p>Izvor:N1<\/p>\n","protected":false},"excerpt":{"rendered":"<p>\u010clanovi Predsjedni\u0161tva Bosne i Hercegovine do\u010dekali su ju\u010der u ovoj dr\u017eavnoj instituciji delegaciju Kongresa Sjedinjenih Ameri\u010dkih Dr\u017eava (SAD). Delegaciju koju \u010dine senatorica Jeanne Shaheen (demokrata), Chris Murphy (demokrata) i Thom Tillis (republikanac) su do\u010dekala sva tri \u010dlana Predsjedni\u0161tva BiH, \u010dak i Milorad Dodik kojem su uvedene, a zatim i pro\u0161irene sankcije iz SAD-a. Shodno tome, [&hellip;]<\/p>\n","protected":false},"author":2,"featured_media":134770,"comment_status":"closed","ping_status":"closed","sticky":false,"template":"","format":"standard","meta":{"h5ap_radio_sources":[],"footnotes":""},"categories":[1],"tags":[],"class_list":["post-134767","post","type-post","status-publish","format-standard","has-post-thumbnail","hentry","category-bihiregija"],"yoast_head":"<!-- This site is optimized with the Yoast SEO plugin v27.4 - https:\/\/yoast.com\/product\/yoast-seo-wordpress\/ -->\n<title>Ameri\u010dka senatorica Dodiku: \u201cDrago mi je \u0161to vas opet vidim\u201d - RADIO LJUBU\u0160KI<\/title>\n<meta name=\"robots\" content=\"index, follow, max-snippet:-1, max-image-preview:large, max-video-preview:-1\" \/>\n<link rel=\"canonical\" href=\"https:\/\/radioljubuski.ba\/index.php\/2022\/04\/21\/americka-senatorica-dodiku-drago-mi-je-sto-vas-opet-vidim\/\" \/>\n<meta property=\"og:locale\" content=\"hr_HR\" \/>\n<meta property=\"og:type\" content=\"article\" \/>\n<meta property=\"og:title\" content=\"Ameri\u010dka senatorica Dodiku: \u201cDrago mi je \u0161to vas opet vidim\u201d - RADIO LJUBU\u0160KI\" \/>\n<meta property=\"og:description\" content=\"\u010clanovi Predsjedni\u0161tva Bosne i Hercegovine do\u010dekali su ju\u010der u ovoj dr\u017eavnoj instituciji delegaciju Kongresa Sjedinjenih Ameri\u010dkih Dr\u017eava (SAD). Delegaciju koju \u010dine senatorica Jeanne Shaheen (demokrata), Chris Murphy (demokrata) i Thom Tillis (republikanac) su do\u010dekala sva tri \u010dlana Predsjedni\u0161tva BiH, \u010dak i Milorad Dodik kojem su uvedene, a zatim i pro\u0161irene sankcije iz SAD-a. Shodno tome, [&hellip;]\" \/>\n<meta property=\"og:url\" content=\"https:\/\/radioljubuski.ba\/index.php\/2022\/04\/21\/americka-senatorica-dodiku-drago-mi-je-sto-vas-opet-vidim\/\" \/>\n<meta property=\"og:site_name\" content=\"RADIO LJUBU\u0160KI\" \/>\n<meta property=\"article:publisher\" content=\"https:\/\/www.facebook.com\/Radiio-Ljubuski-1490835324566332\" \/>\n<meta property=\"article:published_time\" content=\"2022-04-21T09:47:50+00:00\" \/>\n<meta property=\"article:modified_time\" content=\"2022-04-21T09:47:51+00:00\" \/>\n<meta property=\"og:image\" content=\"https:\/\/radioljubuski.ba\/wp-content\/uploads\/2022\/04\/2-2022-04-20-14-55-10-l_5bccc662bc45b7a2f716ae5703d75b5c.jpg\" \/>\n\t<meta property=\"og:image:width\" content=\"1000\" \/>\n\t<meta property=\"og:image:height\" content=\"625\" \/>\n\t<meta property=\"og:image:type\" content=\"image\/jpeg\" \/>\n<meta name=\"author\" content=\"Radio Ljubu\u0161ki\" \/>\n<meta name=\"twitter:card\" content=\"summary_large_image\" \/>\n<meta name=\"twitter:creator\" content=\"@radioljubuski\" \/>\n<meta name=\"twitter:site\" content=\"@radioljubuski\" \/>\n<meta name=\"twitter:label1\" content=\"Napisao\/la\" \/>\n\t<meta name=\"twitter:data1\" content=\"Radio Ljubu\u0161ki\" \/>\n\t<meta name=\"twitter:label2\" content=\"Procijenjeno vrijeme \u010ditanja\" \/>\n\t<meta name=\"twitter:data2\" content=\"2 minute\" \/>\n<script type=\"application\/ld+json\" class=\"yoast-schema-graph\">{\"@context\":\"https:\\\/\\\/schema.org\",\"@graph\":[{\"@type\":\"Article\",\"@id\":\"https:\\\/\\\/radioljubuski.ba\\\/index.php\\\/2022\\\/04\\\/21\\\/americka-senatorica-dodiku-drago-mi-je-sto-vas-opet-vidim\\\/#article\",\"isPartOf\":{\"@id\":\"https:\\\/\\\/radioljubuski.ba\\\/index.php\\\/2022\\\/04\\\/21\\\/americka-senatorica-dodiku-drago-mi-je-sto-vas-opet-vidim\\\/\"},\"author\":{\"name\":\"Radio Ljubu\u0161ki\",\"@id\":\"https:\\\/\\\/radioljubuski.ba\\\/#\\\/schema\\\/person\\\/19fc700381a780f69665d7956c469e3b\"},\"headline\":\"Ameri\u010dka senatorica Dodiku: \u201cDrago mi je \u0161to vas opet vidim\u201d\",\"datePublished\":\"2022-04-21T09:47:50+00:00\",\"dateModified\":\"2022-04-21T09:47:51+00:00\",\"mainEntityOfPage\":{\"@id\":\"https:\\\/\\\/radioljubuski.ba\\\/index.php\\\/2022\\\/04\\\/21\\\/americka-senatorica-dodiku-drago-mi-je-sto-vas-opet-vidim\\\/\"},\"wordCount\":324,\"publisher\":{\"@id\":\"https:\\\/\\\/radioljubuski.ba\\\/#organization\"},\"image\":{\"@id\":\"https:\\\/\\\/radioljubuski.ba\\\/index.php\\\/2022\\\/04\\\/21\\\/americka-senatorica-dodiku-drago-mi-je-sto-vas-opet-vidim\\\/#primaryimage\"},\"thumbnailUrl\":\"https:\\\/\\\/radioljubuski.ba\\\/wp-content\\\/uploads\\\/2022\\\/04\\\/2-2022-04-20-14-55-10-l_5bccc662bc45b7a2f716ae5703d75b5c.jpg\",\"articleSection\":[\"BIH i regija\"],\"inLanguage\":\"hr\"},{\"@type\":\"WebPage\",\"@id\":\"https:\\\/\\\/radioljubuski.ba\\\/index.php\\\/2022\\\/04\\\/21\\\/americka-senatorica-dodiku-drago-mi-je-sto-vas-opet-vidim\\\/\",\"url\":\"https:\\\/\\\/radioljubuski.ba\\\/index.php\\\/2022\\\/04\\\/21\\\/americka-senatorica-dodiku-drago-mi-je-sto-vas-opet-vidim\\\/\",\"name\":\"Ameri\u010dka senatorica Dodiku: \u201cDrago mi je \u0161to vas opet vidim\u201d - RADIO LJUBU\u0160KI\",\"isPartOf\":{\"@id\":\"https:\\\/\\\/radioljubuski.ba\\\/#website\"},\"primaryImageOfPage\":{\"@id\":\"https:\\\/\\\/radioljubuski.ba\\\/index.php\\\/2022\\\/04\\\/21\\\/americka-senatorica-dodiku-drago-mi-je-sto-vas-opet-vidim\\\/#primaryimage\"},\"image\":{\"@id\":\"https:\\\/\\\/radioljubuski.ba\\\/index.php\\\/2022\\\/04\\\/21\\\/americka-senatorica-dodiku-drago-mi-je-sto-vas-opet-vidim\\\/#primaryimage\"},\"thumbnailUrl\":\"https:\\\/\\\/radioljubuski.ba\\\/wp-content\\\/uploads\\\/2022\\\/04\\\/2-2022-04-20-14-55-10-l_5bccc662bc45b7a2f716ae5703d75b5c.jpg\",\"datePublished\":\"2022-04-21T09:47:50+00:00\",\"dateModified\":\"2022-04-21T09:47:51+00:00\",\"breadcrumb\":{\"@id\":\"https:\\\/\\\/radioljubuski.ba\\\/index.php\\\/2022\\\/04\\\/21\\\/americka-senatorica-dodiku-drago-mi-je-sto-vas-opet-vidim\\\/#breadcrumb\"},\"inLanguage\":\"hr\",\"potentialAction\":[{\"@type\":\"ReadAction\",\"target\":[\"https:\\\/\\\/radioljubuski.ba\\\/index.php\\\/2022\\\/04\\\/21\\\/americka-senatorica-dodiku-drago-mi-je-sto-vas-opet-vidim\\\/\"]}]},{\"@type\":\"ImageObject\",\"inLanguage\":\"hr\",\"@id\":\"https:\\\/\\\/radioljubuski.ba\\\/index.php\\\/2022\\\/04\\\/21\\\/americka-senatorica-dodiku-drago-mi-je-sto-vas-opet-vidim\\\/#primaryimage\",\"url\":\"https:\\\/\\\/radioljubuski.ba\\\/wp-content\\\/uploads\\\/2022\\\/04\\\/2-2022-04-20-14-55-10-l_5bccc662bc45b7a2f716ae5703d75b5c.jpg\",\"contentUrl\":\"https:\\\/\\\/radioljubuski.ba\\\/wp-content\\\/uploads\\\/2022\\\/04\\\/2-2022-04-20-14-55-10-l_5bccc662bc45b7a2f716ae5703d75b5c.jpg\",\"width\":1000,\"height\":625},{\"@type\":\"BreadcrumbList\",\"@id\":\"https:\\\/\\\/radioljubuski.ba\\\/index.php\\\/2022\\\/04\\\/21\\\/americka-senatorica-dodiku-drago-mi-je-sto-vas-opet-vidim\\\/#breadcrumb\",\"itemListElement\":[{\"@type\":\"ListItem\",\"position\":1,\"name\":\"Po\u010detna stranica\",\"item\":\"https:\\\/\\\/radioljubuski.ba\\\/\"},{\"@type\":\"ListItem\",\"position\":2,\"name\":\"Ameri\u010dka senatorica Dodiku: \u201cDrago mi je \u0161to vas opet vidim\u201d\"}]},{\"@type\":\"WebSite\",\"@id\":\"https:\\\/\\\/radioljubuski.ba\\\/#website\",\"url\":\"https:\\\/\\\/radioljubuski.ba\\\/\",\"name\":\"Radio Ljubu\u0161ki\",\"description\":\"Sun\u010dana frekvencija Hercegovine\",\"publisher\":{\"@id\":\"https:\\\/\\\/radioljubuski.ba\\\/#organization\"},\"potentialAction\":[{\"@type\":\"SearchAction\",\"target\":{\"@type\":\"EntryPoint\",\"urlTemplate\":\"https:\\\/\\\/radioljubuski.ba\\\/?s={search_term_string}\"},\"query-input\":{\"@type\":\"PropertyValueSpecification\",\"valueRequired\":true,\"valueName\":\"search_term_string\"}}],\"inLanguage\":\"hr\"},{\"@type\":\"Organization\",\"@id\":\"https:\\\/\\\/radioljubuski.ba\\\/#organization\",\"name\":\"Radio Ljubu\u0161ki\",\"url\":\"https:\\\/\\\/radioljubuski.ba\\\/\",\"logo\":{\"@type\":\"ImageObject\",\"inLanguage\":\"hr\",\"@id\":\"https:\\\/\\\/radioljubuski.ba\\\/#\\\/schema\\\/logo\\\/image\\\/\",\"url\":\"https:\\\/\\\/radioljubuski.ba\\\/wp-content\\\/uploads\\\/2021\\\/02\\\/cropped-Radio_Ljubuski_logo1.jpg\",\"contentUrl\":\"https:\\\/\\\/radioljubuski.ba\\\/wp-content\\\/uploads\\\/2021\\\/02\\\/cropped-Radio_Ljubuski_logo1.jpg\",\"width\":512,\"height\":512,\"caption\":\"Radio Ljubu\u0161ki\"},\"image\":{\"@id\":\"https:\\\/\\\/radioljubuski.ba\\\/#\\\/schema\\\/logo\\\/image\\\/\"},\"sameAs\":[\"https:\\\/\\\/www.facebook.com\\\/Radiio-Ljubuski-1490835324566332\",\"https:\\\/\\\/x.com\\\/radioljubuski\",\"https:\\\/\\\/hr.linkedin.com\\\/company\\\/radio-ljubuski\",\"https:\\\/\\\/www.youtube.com\\\/channel\\\/UCHYaeO_n0Db3tjNGudGpXyw\"]},{\"@type\":\"Person\",\"@id\":\"https:\\\/\\\/radioljubuski.ba\\\/#\\\/schema\\\/person\\\/19fc700381a780f69665d7956c469e3b\",\"name\":\"Radio Ljubu\u0161ki\"}]}<\/script>\n<!-- \/ Yoast SEO plugin. -->","yoast_head_json":{"title":"Ameri\u010dka senatorica Dodiku: \u201cDrago mi je \u0161to vas opet vidim\u201d - RADIO LJUBU\u0160KI","robots":{"index":"index","follow":"follow","max-snippet":"max-snippet:-1","max-image-preview":"max-image-preview:large","max-video-preview":"max-video-preview:-1"},"canonical":"https:\/\/radioljubuski.ba\/index.php\/2022\/04\/21\/americka-senatorica-dodiku-drago-mi-je-sto-vas-opet-vidim\/","og_locale":"hr_HR","og_type":"article","og_title":"Ameri\u010dka senatorica Dodiku: \u201cDrago mi je \u0161to vas opet vidim\u201d - RADIO LJUBU\u0160KI","og_description":"\u010clanovi Predsjedni\u0161tva Bosne i Hercegovine do\u010dekali su ju\u010der u ovoj dr\u017eavnoj instituciji delegaciju Kongresa Sjedinjenih Ameri\u010dkih Dr\u017eava (SAD). Delegaciju koju \u010dine senatorica Jeanne Shaheen (demokrata), Chris Murphy (demokrata) i Thom Tillis (republikanac) su do\u010dekala sva tri \u010dlana Predsjedni\u0161tva BiH, \u010dak i Milorad Dodik kojem su uvedene, a zatim i pro\u0161irene sankcije iz SAD-a. Shodno tome, [&hellip;]","og_url":"https:\/\/radioljubuski.ba\/index.php\/2022\/04\/21\/americka-senatorica-dodiku-drago-mi-je-sto-vas-opet-vidim\/","og_site_name":"RADIO LJUBU\u0160KI","article_publisher":"https:\/\/www.facebook.com\/Radiio-Ljubuski-1490835324566332","article_published_time":"2022-04-21T09:47:50+00:00","article_modified_time":"2022-04-21T09:47:51+00:00","og_image":[{"width":1000,"height":625,"url":"https:\/\/radioljubuski.ba\/wp-content\/uploads\/2022\/04\/2-2022-04-20-14-55-10-l_5bccc662bc45b7a2f716ae5703d75b5c.jpg","type":"image\/jpeg"}],"author":"Radio Ljubu\u0161ki","twitter_card":"summary_large_image","twitter_creator":"@radioljubuski","twitter_site":"@radioljubuski","twitter_misc":{"Napisao\/la":"Radio Ljubu\u0161ki","Procijenjeno vrijeme \u010ditanja":"2 minute"},"schema":{"@context":"https:\/\/schema.org","@graph":[{"@type":"Article","@id":"https:\/\/radioljubuski.ba\/index.php\/2022\/04\/21\/americka-senatorica-dodiku-drago-mi-je-sto-vas-opet-vidim\/#article","isPartOf":{"@id":"https:\/\/radioljubuski.ba\/index.php\/2022\/04\/21\/americka-senatorica-dodiku-drago-mi-je-sto-vas-opet-vidim\/"},"author":{"name":"Radio Ljubu\u0161ki","@id":"https:\/\/radioljubuski.ba\/#\/schema\/person\/19fc700381a780f69665d7956c469e3b"},"headline":"Ameri\u010dka senatorica Dodiku: \u201cDrago mi je \u0161to vas opet vidim\u201d","datePublished":"2022-04-21T09:47:50+00:00","dateModified":"2022-04-21T09:47:51+00:00","mainEntityOfPage":{"@id":"https:\/\/radioljubuski.ba\/index.php\/2022\/04\/21\/americka-senatorica-dodiku-drago-mi-je-sto-vas-opet-vidim\/"},"wordCount":324,"publisher":{"@id":"https:\/\/radioljubuski.ba\/#organization"},"image":{"@id":"https:\/\/radioljubuski.ba\/index.php\/2022\/04\/21\/americka-senatorica-dodiku-drago-mi-je-sto-vas-opet-vidim\/#primaryimage"},"thumbnailUrl":"https:\/\/radioljubuski.ba\/wp-content\/uploads\/2022\/04\/2-2022-04-20-14-55-10-l_5bccc662bc45b7a2f716ae5703d75b5c.jpg","articleSection":["BIH i regija"],"inLanguage":"hr"},{"@type":"WebPage","@id":"https:\/\/radioljubuski.ba\/index.php\/2022\/04\/21\/americka-senatorica-dodiku-drago-mi-je-sto-vas-opet-vidim\/","url":"https:\/\/radioljubuski.ba\/index.php\/2022\/04\/21\/americka-senatorica-dodiku-drago-mi-je-sto-vas-opet-vidim\/","name":"Ameri\u010dka senatorica Dodiku: \u201cDrago mi je \u0161to vas opet vidim\u201d - RADIO LJUBU\u0160KI","isPartOf":{"@id":"https:\/\/radioljubuski.ba\/#website"},"primaryImageOfPage":{"@id":"https:\/\/radioljubuski.ba\/index.php\/2022\/04\/21\/americka-senatorica-dodiku-drago-mi-je-sto-vas-opet-vidim\/#primaryimage"},"image":{"@id":"https:\/\/radioljubuski.ba\/index.php\/2022\/04\/21\/americka-senatorica-dodiku-drago-mi-je-sto-vas-opet-vidim\/#primaryimage"},"thumbnailUrl":"https:\/\/radioljubuski.ba\/wp-content\/uploads\/2022\/04\/2-2022-04-20-14-55-10-l_5bccc662bc45b7a2f716ae5703d75b5c.jpg","datePublished":"2022-04-21T09:47:50+00:00","dateModified":"2022-04-21T09:47:51+00:00","breadcrumb":{"@id":"https:\/\/radioljubuski.ba\/index.php\/2022\/04\/21\/americka-senatorica-dodiku-drago-mi-je-sto-vas-opet-vidim\/#breadcrumb"},"inLanguage":"hr","potentialAction":[{"@type":"ReadAction","target":["https:\/\/radioljubuski.ba\/index.php\/2022\/04\/21\/americka-senatorica-dodiku-drago-mi-je-sto-vas-opet-vidim\/"]}]},{"@type":"ImageObject","inLanguage":"hr","@id":"https:\/\/radioljubuski.ba\/index.php\/2022\/04\/21\/americka-senatorica-dodiku-drago-mi-je-sto-vas-opet-vidim\/#primaryimage","url":"https:\/\/radioljubuski.ba\/wp-content\/uploads\/2022\/04\/2-2022-04-20-14-55-10-l_5bccc662bc45b7a2f716ae5703d75b5c.jpg","contentUrl":"https:\/\/radioljubuski.ba\/wp-content\/uploads\/2022\/04\/2-2022-04-20-14-55-10-l_5bccc662bc45b7a2f716ae5703d75b5c.jpg","width":1000,"height":625},{"@type":"BreadcrumbList","@id":"https:\/\/radioljubuski.ba\/index.php\/2022\/04\/21\/americka-senatorica-dodiku-drago-mi-je-sto-vas-opet-vidim\/#breadcrumb","itemListElement":[{"@type":"ListItem","position":1,"name":"Po\u010detna stranica","item":"https:\/\/radioljubuski.ba\/"},{"@type":"ListItem","position":2,"name":"Ameri\u010dka senatorica Dodiku: \u201cDrago mi je \u0161to vas opet vidim\u201d"}]},{"@type":"WebSite","@id":"https:\/\/radioljubuski.ba\/#website","url":"https:\/\/radioljubuski.ba\/","name":"Radio Ljubu\u0161ki","description":"Sun\u010dana frekvencija Hercegovine","publisher":{"@id":"https:\/\/radioljubuski.ba\/#organization"},"potentialAction":[{"@type":"SearchAction","target":{"@type":"EntryPoint","urlTemplate":"https:\/\/radioljubuski.ba\/?s={search_term_string}"},"query-input":{"@type":"PropertyValueSpecification","valueRequired":true,"valueName":"search_term_string"}}],"inLanguage":"hr"},{"@type":"Organization","@id":"https:\/\/radioljubuski.ba\/#organization","name":"Radio Ljubu\u0161ki","url":"https:\/\/radioljubuski.ba\/","logo":{"@type":"ImageObject","inLanguage":"hr","@id":"https:\/\/radioljubuski.ba\/#\/schema\/logo\/image\/","url":"https:\/\/radioljubuski.ba\/wp-content\/uploads\/2021\/02\/cropped-Radio_Ljubuski_logo1.jpg","contentUrl":"https:\/\/radioljubuski.ba\/wp-content\/uploads\/2021\/02\/cropped-Radio_Ljubuski_logo1.jpg","width":512,"height":512,"caption":"Radio Ljubu\u0161ki"},"image":{"@id":"https:\/\/radioljubuski.ba\/#\/schema\/logo\/image\/"},"sameAs":["https:\/\/www.facebook.com\/Radiio-Ljubuski-1490835324566332","https:\/\/x.com\/radioljubuski","https:\/\/hr.linkedin.com\/company\/radio-ljubuski","https:\/\/www.youtube.com\/channel\/UCHYaeO_n0Db3tjNGudGpXyw"]},{"@type":"Person","@id":"https:\/\/radioljubuski.ba\/#\/schema\/person\/19fc700381a780f69665d7956c469e3b","name":"Radio Ljubu\u0161ki"}]}},"_links":{"self":[{"href":"https:\/\/radioljubuski.ba\/index.php\/wp-json\/wp\/v2\/posts\/134767","targetHints":{"allow":["GET"]}}],"collection":[{"href":"https:\/\/radioljubuski.ba\/index.php\/wp-json\/wp\/v2\/posts"}],"about":[{"href":"https:\/\/radioljubuski.ba\/index.php\/wp-json\/wp\/v2\/types\/post"}],"author":[{"embeddable":true,"href":"https:\/\/radioljubuski.ba\/index.php\/wp-json\/wp\/v2\/users\/2"}],"replies":[{"embeddable":true,"href":"https:\/\/radioljubuski.ba\/index.php\/wp-json\/wp\/v2\/comments?post=134767"}],"version-history":[{"count":1,"href":"https:\/\/radioljubuski.ba\/index.php\/wp-json\/wp\/v2\/posts\/134767\/revisions"}],"predecessor-version":[{"id":134771,"href":"https:\/\/radioljubuski.ba\/index.php\/wp-json\/wp\/v2\/posts\/134767\/revisions\/134771"}],"wp:featuredmedia":[{"embeddable":true,"href":"https:\/\/radioljubuski.ba\/index.php\/wp-json\/wp\/v2\/media\/134770"}],"wp:attachment":[{"href":"https:\/\/radioljubuski.ba\/index.php\/wp-json\/wp\/v2\/media?parent=134767"}],"wp:term":[{"taxonomy":"category","embeddable":true,"href":"https:\/\/radioljubuski.ba\/index.php\/wp-json\/wp\/v2\/categories?post=134767"},{"taxonomy":"post_tag","embeddable":true,"href":"https:\/\/radioljubuski.ba\/index.php\/wp-json\/wp\/v2\/tags?post=134767"}],"curies":[{"name":"wp","href":"https:\/\/api.w.org\/{rel}","templated":true}]}}