{"id":134775,"date":"2022-04-21T10:50:55","date_gmt":"2022-04-21T09:50:55","guid":{"rendered":"https:\/\/radioljubuski.ba\/?p=134775"},"modified":"2022-04-21T10:50:56","modified_gmt":"2022-04-21T09:50:56","slug":"plenkovic-milanovicevu-stetu-za-interese-hrvata-u-bih-nece-isprati-ni-mostarske-kise","status":"publish","type":"post","link":"https:\/\/radioljubuski.ba\/index.php\/2022\/04\/21\/plenkovic-milanovicevu-stetu-za-interese-hrvata-u-bih-nece-isprati-ni-mostarske-kise\/","title":{"rendered":"Plenkovi\u0107: Milanovi\u0107evu \u0161tetu za interese Hrvata u BiH ne\u0107e isprati ni mostarske ki\u0161e"},"content":{"rendered":"\n<p>Andrej Plenkovi\u0107 rekao je u srijedu u Saboru da \u0161tetu koju je interesima Hrvata u BiH napravio Zoran Milanovi\u0107 &#8220;ne\u0107e isprati ni mostarske ki\u0161e&#8221;, poru\u010div\u0161i kako Milanovi\u0107 ne mo\u017ee privoljeti Bo\u0161njake da pristanu na politi\u010dki dogovor i kompromis o promjeni izbornog zakona, prenosi Hina.<\/p>\n\n\n\n<p>Podsjetiv\u0161i kako je Plenkovi\u0107 prije dva mjeseca govorio da do kraja mandata ne\u0107e smijeniti nikoga, a danas se doveo u situaciju da mu Nikola Grmoja kroji Vladu i udara tempo smjene ministara, Nino Raspudi\u0107 (Klub zastupnika Mosta) upitao je dokle se do\u0161lo u izmjenama izbornog zakona u BiH, kako bi Hrvati mogli birati svoje predstavnike.<\/p>\n\n\n\n<p>\u0160tetu koju je Hrvatima u BiH napravio &#8220;karijes s Pantov\u010daka&#8221; ne\u0107e isprati ni mostarske ki\u0161e niti Nijagarini vodopadi<\/p>\n\n\n\n<p>&#8220;To\u010dno, da nije bilo aktivnosti DORH-a u vezi tri \u010dlana Vlade ne bi bilo nikakve rekonstrukcije, ali ja ne mogu odgovarati za stvari koje ljudi rade bez da mi ka\u017eu ili se dogode, a oni su tada bili ne\u0161to drugo u odnosu na ovo \u0161to jesu. Me\u0111utim, postoji na\u010delo presumpcije nevinosti&#8221;, odvratio je Plenkovi\u0107.<\/p>\n\n\n\n<p>Vezano uz BiH poru\u010dio je kako \u0161tetu koju je interesima Hrvata u BiH napravio &#8220;karijes s Pantov\u010daka&#8221;, kada je Bo\u0161njacima rekao &#8220;prvo sapun a onda parfem&#8221;, ne\u0107e isprati ni mostarske ki\u0161e niti Nijagarini vodopadi.<\/p>\n\n\n\n<p>Plenkovi\u0107 je naglasio kako se na takav na\u010din ne mo\u017ee privoljeti Bo\u0161njake da pristanu na politi\u010dki dogovor i kompromis o promjeni izbornog zakona.<\/p>\n\n\n\n<p>&#8220;Mi trpimo \u0161tetu od \u0161teto\u010dine koja zastupa proruske stavove ve\u0107 mjesecima, naziva Ukrajince korumpiranima, on je va\u0161 glavni partner, mecena i sponzor, a vi ste mu jatak u BiH&#8221;, rekao je Plenkovi\u0107 Raspudi\u0107u.<\/p>\n\n\n\n<p>Poru\u010dio je da \u0107e &#8220;Milanovi\u0107, Raspudi\u0107 i male stran\u010dice koje imaju tri vije\u0107nika&#8221;, zagovaraju\u0107i tre\u0107i entitet Hrvate u BiH iz polo\u017eaja majorizirane \u017ertve dovesti u polo\u017eaj krivca odgovornog za blokadu institucija.<\/p>\n\n\n\n<p>Iako je Miro Bulj (Most) u svom zastupni\u010dkom pitanju upozorio da \u0107e voda iz Cetine stanovnicima tog kraja poskupjeti pet puta jer \u0107e za 500 posto poskupjeti struja za pumpne stanice preko kojih dobivaju vodu, Plenkovi\u0107 se vratio na temu polo\u017eaja Hrvata u BiH.<\/p>\n\n\n\n<p>Ustvrdio je kako nema Vlade koja se vi\u0161e zalo\u017eila za Hrvate u BiH od njegove i upitao Raspudi\u0107a \u0161to su on i Milanovi\u0107 napravili za njih, te poru\u010dio da &#8220;ne\u0107e njegovoj Vladi pri\u0161iti da je doprinijela pogor\u0161anju polo\u017eaju Hrvata u BiH.<\/p>\n\n\n\n<p>To je izazvalo vi\u0161e replika, zbog \u010dega su Bulj, Raspudi\u0107, Marija Selak Raspudi\u0107 i Mario Kapulica dobili opomene.<\/p>\n\n\n\n<p>Govore\u0107i o mjerama borbe protiv inflacije Plenkovi\u0107 je, na upit Domagoja Hajdukovi\u0107a (Socijaldemokrati), kazao da dr\u017eava mo\u017ee u\u010diniti puno, ali ne sve i pozvao na pra\u0107enje cijena kako se ne bi dopustilo da netko profitira na ve\u0107oj mar\u017ei. O\u010dekuje da \u0107e se efekt inflacije ispuhati u drugoj polovici godine.&nbsp;<\/p>\n\n\n\n<p>Priziv savjesti ne\u0107emo zabranjivati&nbsp;<\/p>\n\n\n\n<p>GLAS-ova Anka Mrak-Tarita\u0161 u zastupni\u010dkom pitanju upozorila je kako, iako je u Hrvatskoj poba\u010daj legalan, zbog lije\u010dnika koji imaju priziv savjesti postoje bolnice u kojima ga nije mogu\u0107e obaviti.<\/p>\n\n\n\n<p>Napominju\u0107i kako je poba\u010daj legalan, ali svaki lije\u010dnik ima pravo na priziv savjesti na to temeljno ljudsko pitanje, Plenkovi\u0107 je rekao da nemaju mehanizam bilo kakve prisile na priziv savjesti. Ka\u017ee kako mu nije poznato da postoje zdravstvene ustanove u kojima nije mogu\u0107e obaviti poba\u010daj, pa \u0107e to provjeriti.<\/p>\n\n\n\n<p>&#8220;HDZ, kao stranka koja dijeli demokr\u0161\u0107anske vrijednosti, ne\u0107e nikome zabranjivati priziv savjesti&#8221;, poru\u010dio je.&nbsp;<\/p>\n\n\n\n<p>Izvor:pogled.ba<\/p>\n","protected":false},"excerpt":{"rendered":"<p>Andrej Plenkovi\u0107 rekao je u srijedu u Saboru da \u0161tetu koju je interesima Hrvata u BiH napravio Zoran Milanovi\u0107 &#8220;ne\u0107e isprati ni mostarske ki\u0161e&#8221;, poru\u010div\u0161i kako Milanovi\u0107 ne mo\u017ee privoljeti Bo\u0161njake da pristanu na politi\u010dki dogovor i kompromis o promjeni izbornog zakona, prenosi Hina. Podsjetiv\u0161i kako je Plenkovi\u0107 prije dva mjeseca govorio da do kraja [&hellip;]<\/p>\n","protected":false},"author":2,"featured_media":66996,"comment_status":"closed","ping_status":"closed","sticky":false,"template":"","format":"standard","meta":{"h5ap_radio_sources":[],"footnotes":""},"categories":[1],"tags":[],"class_list":["post-134775","post","type-post","status-publish","format-standard","has-post-thumbnail","hentry","category-bihiregija"],"yoast_head":"<!-- This site is optimized with the Yoast SEO plugin v27.4 - https:\/\/yoast.com\/product\/yoast-seo-wordpress\/ -->\n<title>Plenkovi\u0107: Milanovi\u0107evu \u0161tetu za interese Hrvata u BiH ne\u0107e isprati ni mostarske ki\u0161e - RADIO LJUBU\u0160KI<\/title>\n<meta name=\"robots\" content=\"index, follow, max-snippet:-1, max-image-preview:large, max-video-preview:-1\" \/>\n<link rel=\"canonical\" href=\"https:\/\/radioljubuski.ba\/index.php\/2022\/04\/21\/plenkovic-milanovicevu-stetu-za-interese-hrvata-u-bih-nece-isprati-ni-mostarske-kise\/\" \/>\n<meta property=\"og:locale\" content=\"hr_HR\" \/>\n<meta property=\"og:type\" content=\"article\" \/>\n<meta property=\"og:title\" content=\"Plenkovi\u0107: Milanovi\u0107evu \u0161tetu za interese Hrvata u BiH ne\u0107e isprati ni mostarske ki\u0161e - RADIO LJUBU\u0160KI\" \/>\n<meta property=\"og:description\" content=\"Andrej Plenkovi\u0107 rekao je u srijedu u Saboru da \u0161tetu koju je interesima Hrvata u BiH napravio Zoran Milanovi\u0107 &#8220;ne\u0107e isprati ni mostarske ki\u0161e&#8221;, poru\u010div\u0161i kako Milanovi\u0107 ne mo\u017ee privoljeti Bo\u0161njake da pristanu na politi\u010dki dogovor i kompromis o promjeni izbornog zakona, prenosi Hina. Podsjetiv\u0161i kako je Plenkovi\u0107 prije dva mjeseca govorio da do kraja [&hellip;]\" \/>\n<meta property=\"og:url\" content=\"https:\/\/radioljubuski.ba\/index.php\/2022\/04\/21\/plenkovic-milanovicevu-stetu-za-interese-hrvata-u-bih-nece-isprati-ni-mostarske-kise\/\" \/>\n<meta property=\"og:site_name\" content=\"RADIO LJUBU\u0160KI\" \/>\n<meta property=\"article:publisher\" content=\"https:\/\/www.facebook.com\/Radiio-Ljubuski-1490835324566332\" \/>\n<meta property=\"article:published_time\" content=\"2022-04-21T09:50:55+00:00\" \/>\n<meta property=\"article:modified_time\" content=\"2022-04-21T09:50:56+00:00\" \/>\n<meta property=\"og:image\" content=\"https:\/\/radioljubuski.ba\/wp-content\/uploads\/2021\/09\/7-2021-08-26-15-15-25-dvrULpzY_plenkovic_konferencija6_041019.jpg\" \/>\n\t<meta property=\"og:image:width\" content=\"1000\" \/>\n\t<meta property=\"og:image:height\" content=\"625\" \/>\n\t<meta property=\"og:image:type\" content=\"image\/jpeg\" \/>\n<meta name=\"author\" content=\"Radio Ljubu\u0161ki\" \/>\n<meta name=\"twitter:card\" content=\"summary_large_image\" \/>\n<meta name=\"twitter:creator\" content=\"@radioljubuski\" \/>\n<meta name=\"twitter:site\" content=\"@radioljubuski\" \/>\n<meta name=\"twitter:label1\" content=\"Napisao\/la\" \/>\n\t<meta name=\"twitter:data1\" content=\"Radio Ljubu\u0161ki\" \/>\n\t<meta name=\"twitter:label2\" content=\"Procijenjeno vrijeme \u010ditanja\" \/>\n\t<meta name=\"twitter:data2\" content=\"3 minute\" \/>\n<script type=\"application\/ld+json\" class=\"yoast-schema-graph\">{\"@context\":\"https:\\\/\\\/schema.org\",\"@graph\":[{\"@type\":\"Article\",\"@id\":\"https:\\\/\\\/radioljubuski.ba\\\/index.php\\\/2022\\\/04\\\/21\\\/plenkovic-milanovicevu-stetu-za-interese-hrvata-u-bih-nece-isprati-ni-mostarske-kise\\\/#article\",\"isPartOf\":{\"@id\":\"https:\\\/\\\/radioljubuski.ba\\\/index.php\\\/2022\\\/04\\\/21\\\/plenkovic-milanovicevu-stetu-za-interese-hrvata-u-bih-nece-isprati-ni-mostarske-kise\\\/\"},\"author\":{\"name\":\"Radio Ljubu\u0161ki\",\"@id\":\"https:\\\/\\\/radioljubuski.ba\\\/#\\\/schema\\\/person\\\/19fc700381a780f69665d7956c469e3b\"},\"headline\":\"Plenkovi\u0107: Milanovi\u0107evu \u0161tetu za interese Hrvata u BiH ne\u0107e isprati ni mostarske ki\u0161e\",\"datePublished\":\"2022-04-21T09:50:55+00:00\",\"dateModified\":\"2022-04-21T09:50:56+00:00\",\"mainEntityOfPage\":{\"@id\":\"https:\\\/\\\/radioljubuski.ba\\\/index.php\\\/2022\\\/04\\\/21\\\/plenkovic-milanovicevu-stetu-za-interese-hrvata-u-bih-nece-isprati-ni-mostarske-kise\\\/\"},\"wordCount\":631,\"publisher\":{\"@id\":\"https:\\\/\\\/radioljubuski.ba\\\/#organization\"},\"image\":{\"@id\":\"https:\\\/\\\/radioljubuski.ba\\\/index.php\\\/2022\\\/04\\\/21\\\/plenkovic-milanovicevu-stetu-za-interese-hrvata-u-bih-nece-isprati-ni-mostarske-kise\\\/#primaryimage\"},\"thumbnailUrl\":\"https:\\\/\\\/radioljubuski.ba\\\/wp-content\\\/uploads\\\/2021\\\/09\\\/7-2021-08-26-15-15-25-dvrULpzY_plenkovic_konferencija6_041019.jpg\",\"articleSection\":[\"BIH i regija\"],\"inLanguage\":\"hr\"},{\"@type\":\"WebPage\",\"@id\":\"https:\\\/\\\/radioljubuski.ba\\\/index.php\\\/2022\\\/04\\\/21\\\/plenkovic-milanovicevu-stetu-za-interese-hrvata-u-bih-nece-isprati-ni-mostarske-kise\\\/\",\"url\":\"https:\\\/\\\/radioljubuski.ba\\\/index.php\\\/2022\\\/04\\\/21\\\/plenkovic-milanovicevu-stetu-za-interese-hrvata-u-bih-nece-isprati-ni-mostarske-kise\\\/\",\"name\":\"Plenkovi\u0107: Milanovi\u0107evu \u0161tetu za interese Hrvata u BiH ne\u0107e isprati ni mostarske ki\u0161e - RADIO LJUBU\u0160KI\",\"isPartOf\":{\"@id\":\"https:\\\/\\\/radioljubuski.ba\\\/#website\"},\"primaryImageOfPage\":{\"@id\":\"https:\\\/\\\/radioljubuski.ba\\\/index.php\\\/2022\\\/04\\\/21\\\/plenkovic-milanovicevu-stetu-za-interese-hrvata-u-bih-nece-isprati-ni-mostarske-kise\\\/#primaryimage\"},\"image\":{\"@id\":\"https:\\\/\\\/radioljubuski.ba\\\/index.php\\\/2022\\\/04\\\/21\\\/plenkovic-milanovicevu-stetu-za-interese-hrvata-u-bih-nece-isprati-ni-mostarske-kise\\\/#primaryimage\"},\"thumbnailUrl\":\"https:\\\/\\\/radioljubuski.ba\\\/wp-content\\\/uploads\\\/2021\\\/09\\\/7-2021-08-26-15-15-25-dvrULpzY_plenkovic_konferencija6_041019.jpg\",\"datePublished\":\"2022-04-21T09:50:55+00:00\",\"dateModified\":\"2022-04-21T09:50:56+00:00\",\"breadcrumb\":{\"@id\":\"https:\\\/\\\/radioljubuski.ba\\\/index.php\\\/2022\\\/04\\\/21\\\/plenkovic-milanovicevu-stetu-za-interese-hrvata-u-bih-nece-isprati-ni-mostarske-kise\\\/#breadcrumb\"},\"inLanguage\":\"hr\",\"potentialAction\":[{\"@type\":\"ReadAction\",\"target\":[\"https:\\\/\\\/radioljubuski.ba\\\/index.php\\\/2022\\\/04\\\/21\\\/plenkovic-milanovicevu-stetu-za-interese-hrvata-u-bih-nece-isprati-ni-mostarske-kise\\\/\"]}]},{\"@type\":\"ImageObject\",\"inLanguage\":\"hr\",\"@id\":\"https:\\\/\\\/radioljubuski.ba\\\/index.php\\\/2022\\\/04\\\/21\\\/plenkovic-milanovicevu-stetu-za-interese-hrvata-u-bih-nece-isprati-ni-mostarske-kise\\\/#primaryimage\",\"url\":\"https:\\\/\\\/radioljubuski.ba\\\/wp-content\\\/uploads\\\/2021\\\/09\\\/7-2021-08-26-15-15-25-dvrULpzY_plenkovic_konferencija6_041019.jpg\",\"contentUrl\":\"https:\\\/\\\/radioljubuski.ba\\\/wp-content\\\/uploads\\\/2021\\\/09\\\/7-2021-08-26-15-15-25-dvrULpzY_plenkovic_konferencija6_041019.jpg\",\"width\":1000,\"height\":625},{\"@type\":\"BreadcrumbList\",\"@id\":\"https:\\\/\\\/radioljubuski.ba\\\/index.php\\\/2022\\\/04\\\/21\\\/plenkovic-milanovicevu-stetu-za-interese-hrvata-u-bih-nece-isprati-ni-mostarske-kise\\\/#breadcrumb\",\"itemListElement\":[{\"@type\":\"ListItem\",\"position\":1,\"name\":\"Po\u010detna stranica\",\"item\":\"https:\\\/\\\/radioljubuski.ba\\\/\"},{\"@type\":\"ListItem\",\"position\":2,\"name\":\"Plenkovi\u0107: Milanovi\u0107evu \u0161tetu za interese Hrvata u BiH ne\u0107e isprati ni mostarske ki\u0161e\"}]},{\"@type\":\"WebSite\",\"@id\":\"https:\\\/\\\/radioljubuski.ba\\\/#website\",\"url\":\"https:\\\/\\\/radioljubuski.ba\\\/\",\"name\":\"Radio Ljubu\u0161ki\",\"description\":\"Sun\u010dana frekvencija Hercegovine\",\"publisher\":{\"@id\":\"https:\\\/\\\/radioljubuski.ba\\\/#organization\"},\"potentialAction\":[{\"@type\":\"SearchAction\",\"target\":{\"@type\":\"EntryPoint\",\"urlTemplate\":\"https:\\\/\\\/radioljubuski.ba\\\/?s={search_term_string}\"},\"query-input\":{\"@type\":\"PropertyValueSpecification\",\"valueRequired\":true,\"valueName\":\"search_term_string\"}}],\"inLanguage\":\"hr\"},{\"@type\":\"Organization\",\"@id\":\"https:\\\/\\\/radioljubuski.ba\\\/#organization\",\"name\":\"Radio Ljubu\u0161ki\",\"url\":\"https:\\\/\\\/radioljubuski.ba\\\/\",\"logo\":{\"@type\":\"ImageObject\",\"inLanguage\":\"hr\",\"@id\":\"https:\\\/\\\/radioljubuski.ba\\\/#\\\/schema\\\/logo\\\/image\\\/\",\"url\":\"https:\\\/\\\/radioljubuski.ba\\\/wp-content\\\/uploads\\\/2021\\\/02\\\/cropped-Radio_Ljubuski_logo1.jpg\",\"contentUrl\":\"https:\\\/\\\/radioljubuski.ba\\\/wp-content\\\/uploads\\\/2021\\\/02\\\/cropped-Radio_Ljubuski_logo1.jpg\",\"width\":512,\"height\":512,\"caption\":\"Radio Ljubu\u0161ki\"},\"image\":{\"@id\":\"https:\\\/\\\/radioljubuski.ba\\\/#\\\/schema\\\/logo\\\/image\\\/\"},\"sameAs\":[\"https:\\\/\\\/www.facebook.com\\\/Radiio-Ljubuski-1490835324566332\",\"https:\\\/\\\/x.com\\\/radioljubuski\",\"https:\\\/\\\/hr.linkedin.com\\\/company\\\/radio-ljubuski\",\"https:\\\/\\\/www.youtube.com\\\/channel\\\/UCHYaeO_n0Db3tjNGudGpXyw\"]},{\"@type\":\"Person\",\"@id\":\"https:\\\/\\\/radioljubuski.ba\\\/#\\\/schema\\\/person\\\/19fc700381a780f69665d7956c469e3b\",\"name\":\"Radio Ljubu\u0161ki\"}]}<\/script>\n<!-- \/ Yoast SEO plugin. -->","yoast_head_json":{"title":"Plenkovi\u0107: Milanovi\u0107evu \u0161tetu za interese Hrvata u BiH ne\u0107e isprati ni mostarske ki\u0161e - RADIO LJUBU\u0160KI","robots":{"index":"index","follow":"follow","max-snippet":"max-snippet:-1","max-image-preview":"max-image-preview:large","max-video-preview":"max-video-preview:-1"},"canonical":"https:\/\/radioljubuski.ba\/index.php\/2022\/04\/21\/plenkovic-milanovicevu-stetu-za-interese-hrvata-u-bih-nece-isprati-ni-mostarske-kise\/","og_locale":"hr_HR","og_type":"article","og_title":"Plenkovi\u0107: Milanovi\u0107evu \u0161tetu za interese Hrvata u BiH ne\u0107e isprati ni mostarske ki\u0161e - RADIO LJUBU\u0160KI","og_description":"Andrej Plenkovi\u0107 rekao je u srijedu u Saboru da \u0161tetu koju je interesima Hrvata u BiH napravio Zoran Milanovi\u0107 &#8220;ne\u0107e isprati ni mostarske ki\u0161e&#8221;, poru\u010div\u0161i kako Milanovi\u0107 ne mo\u017ee privoljeti Bo\u0161njake da pristanu na politi\u010dki dogovor i kompromis o promjeni izbornog zakona, prenosi Hina. Podsjetiv\u0161i kako je Plenkovi\u0107 prije dva mjeseca govorio da do kraja [&hellip;]","og_url":"https:\/\/radioljubuski.ba\/index.php\/2022\/04\/21\/plenkovic-milanovicevu-stetu-za-interese-hrvata-u-bih-nece-isprati-ni-mostarske-kise\/","og_site_name":"RADIO LJUBU\u0160KI","article_publisher":"https:\/\/www.facebook.com\/Radiio-Ljubuski-1490835324566332","article_published_time":"2022-04-21T09:50:55+00:00","article_modified_time":"2022-04-21T09:50:56+00:00","og_image":[{"width":1000,"height":625,"url":"https:\/\/radioljubuski.ba\/wp-content\/uploads\/2021\/09\/7-2021-08-26-15-15-25-dvrULpzY_plenkovic_konferencija6_041019.jpg","type":"image\/jpeg"}],"author":"Radio Ljubu\u0161ki","twitter_card":"summary_large_image","twitter_creator":"@radioljubuski","twitter_site":"@radioljubuski","twitter_misc":{"Napisao\/la":"Radio Ljubu\u0161ki","Procijenjeno vrijeme \u010ditanja":"3 minute"},"schema":{"@context":"https:\/\/schema.org","@graph":[{"@type":"Article","@id":"https:\/\/radioljubuski.ba\/index.php\/2022\/04\/21\/plenkovic-milanovicevu-stetu-za-interese-hrvata-u-bih-nece-isprati-ni-mostarske-kise\/#article","isPartOf":{"@id":"https:\/\/radioljubuski.ba\/index.php\/2022\/04\/21\/plenkovic-milanovicevu-stetu-za-interese-hrvata-u-bih-nece-isprati-ni-mostarske-kise\/"},"author":{"name":"Radio Ljubu\u0161ki","@id":"https:\/\/radioljubuski.ba\/#\/schema\/person\/19fc700381a780f69665d7956c469e3b"},"headline":"Plenkovi\u0107: Milanovi\u0107evu \u0161tetu za interese Hrvata u BiH ne\u0107e isprati ni mostarske ki\u0161e","datePublished":"2022-04-21T09:50:55+00:00","dateModified":"2022-04-21T09:50:56+00:00","mainEntityOfPage":{"@id":"https:\/\/radioljubuski.ba\/index.php\/2022\/04\/21\/plenkovic-milanovicevu-stetu-za-interese-hrvata-u-bih-nece-isprati-ni-mostarske-kise\/"},"wordCount":631,"publisher":{"@id":"https:\/\/radioljubuski.ba\/#organization"},"image":{"@id":"https:\/\/radioljubuski.ba\/index.php\/2022\/04\/21\/plenkovic-milanovicevu-stetu-za-interese-hrvata-u-bih-nece-isprati-ni-mostarske-kise\/#primaryimage"},"thumbnailUrl":"https:\/\/radioljubuski.ba\/wp-content\/uploads\/2021\/09\/7-2021-08-26-15-15-25-dvrULpzY_plenkovic_konferencija6_041019.jpg","articleSection":["BIH i regija"],"inLanguage":"hr"},{"@type":"WebPage","@id":"https:\/\/radioljubuski.ba\/index.php\/2022\/04\/21\/plenkovic-milanovicevu-stetu-za-interese-hrvata-u-bih-nece-isprati-ni-mostarske-kise\/","url":"https:\/\/radioljubuski.ba\/index.php\/2022\/04\/21\/plenkovic-milanovicevu-stetu-za-interese-hrvata-u-bih-nece-isprati-ni-mostarske-kise\/","name":"Plenkovi\u0107: Milanovi\u0107evu \u0161tetu za interese Hrvata u BiH ne\u0107e isprati ni mostarske ki\u0161e - RADIO LJUBU\u0160KI","isPartOf":{"@id":"https:\/\/radioljubuski.ba\/#website"},"primaryImageOfPage":{"@id":"https:\/\/radioljubuski.ba\/index.php\/2022\/04\/21\/plenkovic-milanovicevu-stetu-za-interese-hrvata-u-bih-nece-isprati-ni-mostarske-kise\/#primaryimage"},"image":{"@id":"https:\/\/radioljubuski.ba\/index.php\/2022\/04\/21\/plenkovic-milanovicevu-stetu-za-interese-hrvata-u-bih-nece-isprati-ni-mostarske-kise\/#primaryimage"},"thumbnailUrl":"https:\/\/radioljubuski.ba\/wp-content\/uploads\/2021\/09\/7-2021-08-26-15-15-25-dvrULpzY_plenkovic_konferencija6_041019.jpg","datePublished":"2022-04-21T09:50:55+00:00","dateModified":"2022-04-21T09:50:56+00:00","breadcrumb":{"@id":"https:\/\/radioljubuski.ba\/index.php\/2022\/04\/21\/plenkovic-milanovicevu-stetu-za-interese-hrvata-u-bih-nece-isprati-ni-mostarske-kise\/#breadcrumb"},"inLanguage":"hr","potentialAction":[{"@type":"ReadAction","target":["https:\/\/radioljubuski.ba\/index.php\/2022\/04\/21\/plenkovic-milanovicevu-stetu-za-interese-hrvata-u-bih-nece-isprati-ni-mostarske-kise\/"]}]},{"@type":"ImageObject","inLanguage":"hr","@id":"https:\/\/radioljubuski.ba\/index.php\/2022\/04\/21\/plenkovic-milanovicevu-stetu-za-interese-hrvata-u-bih-nece-isprati-ni-mostarske-kise\/#primaryimage","url":"https:\/\/radioljubuski.ba\/wp-content\/uploads\/2021\/09\/7-2021-08-26-15-15-25-dvrULpzY_plenkovic_konferencija6_041019.jpg","contentUrl":"https:\/\/radioljubuski.ba\/wp-content\/uploads\/2021\/09\/7-2021-08-26-15-15-25-dvrULpzY_plenkovic_konferencija6_041019.jpg","width":1000,"height":625},{"@type":"BreadcrumbList","@id":"https:\/\/radioljubuski.ba\/index.php\/2022\/04\/21\/plenkovic-milanovicevu-stetu-za-interese-hrvata-u-bih-nece-isprati-ni-mostarske-kise\/#breadcrumb","itemListElement":[{"@type":"ListItem","position":1,"name":"Po\u010detna stranica","item":"https:\/\/radioljubuski.ba\/"},{"@type":"ListItem","position":2,"name":"Plenkovi\u0107: Milanovi\u0107evu \u0161tetu za interese Hrvata u BiH ne\u0107e isprati ni mostarske ki\u0161e"}]},{"@type":"WebSite","@id":"https:\/\/radioljubuski.ba\/#website","url":"https:\/\/radioljubuski.ba\/","name":"Radio Ljubu\u0161ki","description":"Sun\u010dana frekvencija Hercegovine","publisher":{"@id":"https:\/\/radioljubuski.ba\/#organization"},"potentialAction":[{"@type":"SearchAction","target":{"@type":"EntryPoint","urlTemplate":"https:\/\/radioljubuski.ba\/?s={search_term_string}"},"query-input":{"@type":"PropertyValueSpecification","valueRequired":true,"valueName":"search_term_string"}}],"inLanguage":"hr"},{"@type":"Organization","@id":"https:\/\/radioljubuski.ba\/#organization","name":"Radio Ljubu\u0161ki","url":"https:\/\/radioljubuski.ba\/","logo":{"@type":"ImageObject","inLanguage":"hr","@id":"https:\/\/radioljubuski.ba\/#\/schema\/logo\/image\/","url":"https:\/\/radioljubuski.ba\/wp-content\/uploads\/2021\/02\/cropped-Radio_Ljubuski_logo1.jpg","contentUrl":"https:\/\/radioljubuski.ba\/wp-content\/uploads\/2021\/02\/cropped-Radio_Ljubuski_logo1.jpg","width":512,"height":512,"caption":"Radio Ljubu\u0161ki"},"image":{"@id":"https:\/\/radioljubuski.ba\/#\/schema\/logo\/image\/"},"sameAs":["https:\/\/www.facebook.com\/Radiio-Ljubuski-1490835324566332","https:\/\/x.com\/radioljubuski","https:\/\/hr.linkedin.com\/company\/radio-ljubuski","https:\/\/www.youtube.com\/channel\/UCHYaeO_n0Db3tjNGudGpXyw"]},{"@type":"Person","@id":"https:\/\/radioljubuski.ba\/#\/schema\/person\/19fc700381a780f69665d7956c469e3b","name":"Radio Ljubu\u0161ki"}]}},"_links":{"self":[{"href":"https:\/\/radioljubuski.ba\/index.php\/wp-json\/wp\/v2\/posts\/134775","targetHints":{"allow":["GET"]}}],"collection":[{"href":"https:\/\/radioljubuski.ba\/index.php\/wp-json\/wp\/v2\/posts"}],"about":[{"href":"https:\/\/radioljubuski.ba\/index.php\/wp-json\/wp\/v2\/types\/post"}],"author":[{"embeddable":true,"href":"https:\/\/radioljubuski.ba\/index.php\/wp-json\/wp\/v2\/users\/2"}],"replies":[{"embeddable":true,"href":"https:\/\/radioljubuski.ba\/index.php\/wp-json\/wp\/v2\/comments?post=134775"}],"version-history":[{"count":1,"href":"https:\/\/radioljubuski.ba\/index.php\/wp-json\/wp\/v2\/posts\/134775\/revisions"}],"predecessor-version":[{"id":134777,"href":"https:\/\/radioljubuski.ba\/index.php\/wp-json\/wp\/v2\/posts\/134775\/revisions\/134777"}],"wp:featuredmedia":[{"embeddable":true,"href":"https:\/\/radioljubuski.ba\/index.php\/wp-json\/wp\/v2\/media\/66996"}],"wp:attachment":[{"href":"https:\/\/radioljubuski.ba\/index.php\/wp-json\/wp\/v2\/media?parent=134775"}],"wp:term":[{"taxonomy":"category","embeddable":true,"href":"https:\/\/radioljubuski.ba\/index.php\/wp-json\/wp\/v2\/categories?post=134775"},{"taxonomy":"post_tag","embeddable":true,"href":"https:\/\/radioljubuski.ba\/index.php\/wp-json\/wp\/v2\/tags?post=134775"}],"curies":[{"name":"wp","href":"https:\/\/api.w.org\/{rel}","templated":true}]}}