{"id":134793,"date":"2022-04-21T11:00:19","date_gmt":"2022-04-21T10:00:19","guid":{"rendered":"https:\/\/radioljubuski.ba\/?p=134793"},"modified":"2022-04-21T11:00:19","modified_gmt":"2022-04-21T10:00:19","slug":"turkovic-zaustaviti-radikalizaciju-bih-i-regije-po-matrici-iz-ukrajine","status":"publish","type":"post","link":"https:\/\/radioljubuski.ba\/index.php\/2022\/04\/21\/turkovic-zaustaviti-radikalizaciju-bih-i-regije-po-matrici-iz-ukrajine\/","title":{"rendered":"Turkovi\u0107: Zaustaviti radikalizaciju BiH i regije po matrici iz Ukrajine"},"content":{"rendered":"\n<p>Bisera Turkovi\u0107, ministrica vanjskih poslova Bosne i Hercegovine o\u0161tro je osudila prijetnje smr\u0107u visokom predstavniku u Bosni i Hercegovini Christianu Schmidtu izre\u010dene na dana\u0161njem skupu u Banjaluci.&nbsp;<\/p>\n\n\n\n<p>&#8221;\u0160okantne poruke sa demonstracija u Banja Luci! Apsolutno su neprihvatljive prijetnje visokom predstavniku&#8221;, napisala je Turkovi\u0107 na slu\u017ebenom Facebook nalogu, prenosi N1.&nbsp;<\/p>\n\n\n\n<p>Dodala je kako je &#8221;krajnje vrijeme da se zaustavi opasna radikalizacija BiH i regije po matrici iz Ukrajine&#8221;, te jo\u0161 jednom iskazala podr\u0161ku radu OHR-a i visokog predstavnika u BiH.&nbsp;<\/p>\n\n\n\n<p>Podsjetimo, u Banjaluci je danas odr\u017ean skup &#8221;Sloboda&#8221; koji je formalno organizirala Bora\u010dka organizacija Republike Srpske (BORS) nakon odluke visokog predstavnika Christiana Schmidta da suspendira Zakon o nepokretnoj imovini RS. Skup su podr\u017eali predstavnici vlasti ovog entiteta.<\/p>\n\n\n\n<p>Na skupu su upu\u0107ene prijetnje smr\u0107u visokom predstavniku, na \u0161ta ni prisutni predstavnici vlasti nisu reagirali.&nbsp;<\/p>\n\n\n\n<p>Skupina harmonika\u0161a, kako se mo\u017ee vidjeti na videu N1, pjevala je: &#8221;O moj Schmidte, ne ka\u010di se s nama, ubit \u0107e te lole me\u0111u nama&#8221;. Tijekom sknadalozne pjesme Dodik i entitetska predsjednica \u017deljka Cvijanovi\u0107 su se smije\u0161ili.<\/p>\n\n\n\n<p>Potom je, podsjetimo, Milorad Dodik u izjavama za medije naveo kako je ponosan na skup jer &#8221;nije izre\u010dena nijedna uvredljiva rije\u010d&#8221;.&nbsp;<\/p>\n\n\n\n<p>Izvor:pogled.ba<\/p>\n","protected":false},"excerpt":{"rendered":"<p>Bisera Turkovi\u0107, ministrica vanjskih poslova Bosne i Hercegovine o\u0161tro je osudila prijetnje smr\u0107u visokom predstavniku u Bosni i Hercegovini Christianu Schmidtu izre\u010dene na dana\u0161njem skupu u Banjaluci.&nbsp; &#8221;\u0160okantne poruke sa demonstracija u Banja Luci! Apsolutno su neprihvatljive prijetnje visokom predstavniku&#8221;, napisala je Turkovi\u0107 na slu\u017ebenom Facebook nalogu, prenosi N1.&nbsp; Dodala je kako je &#8221;krajnje vrijeme [&hellip;]<\/p>\n","protected":false},"author":2,"featured_media":59370,"comment_status":"closed","ping_status":"closed","sticky":false,"template":"","format":"standard","meta":{"h5ap_radio_sources":[],"footnotes":""},"categories":[1],"tags":[],"class_list":["post-134793","post","type-post","status-publish","format-standard","has-post-thumbnail","hentry","category-bihiregija"],"yoast_head":"<!-- This site is optimized with the Yoast SEO plugin v27.4 - https:\/\/yoast.com\/product\/yoast-seo-wordpress\/ -->\n<title>Turkovi\u0107: Zaustaviti radikalizaciju BiH i regije po matrici iz Ukrajine - RADIO LJUBU\u0160KI<\/title>\n<meta name=\"robots\" content=\"index, follow, max-snippet:-1, max-image-preview:large, max-video-preview:-1\" \/>\n<link rel=\"canonical\" href=\"https:\/\/radioljubuski.ba\/index.php\/2022\/04\/21\/turkovic-zaustaviti-radikalizaciju-bih-i-regije-po-matrici-iz-ukrajine\/\" \/>\n<meta property=\"og:locale\" content=\"hr_HR\" \/>\n<meta property=\"og:type\" content=\"article\" \/>\n<meta property=\"og:title\" content=\"Turkovi\u0107: Zaustaviti radikalizaciju BiH i regije po matrici iz Ukrajine - RADIO LJUBU\u0160KI\" \/>\n<meta property=\"og:description\" content=\"Bisera Turkovi\u0107, ministrica vanjskih poslova Bosne i Hercegovine o\u0161tro je osudila prijetnje smr\u0107u visokom predstavniku u Bosni i Hercegovini Christianu Schmidtu izre\u010dene na dana\u0161njem skupu u Banjaluci.&nbsp; &#8221;\u0160okantne poruke sa demonstracija u Banja Luci! Apsolutno su neprihvatljive prijetnje visokom predstavniku&#8221;, napisala je Turkovi\u0107 na slu\u017ebenom Facebook nalogu, prenosi N1.&nbsp; Dodala je kako je &#8221;krajnje vrijeme [&hellip;]\" \/>\n<meta property=\"og:url\" content=\"https:\/\/radioljubuski.ba\/index.php\/2022\/04\/21\/turkovic-zaustaviti-radikalizaciju-bih-i-regije-po-matrici-iz-ukrajine\/\" \/>\n<meta property=\"og:site_name\" content=\"RADIO LJUBU\u0160KI\" \/>\n<meta property=\"article:publisher\" content=\"https:\/\/www.facebook.com\/Radiio-Ljubuski-1490835324566332\" \/>\n<meta property=\"article:published_time\" content=\"2022-04-21T10:00:19+00:00\" \/>\n<meta property=\"og:image\" content=\"https:\/\/radioljubuski.ba\/wp-content\/uploads\/2021\/08\/bisera_turkovic-e1613122643409.jpg\" \/>\n\t<meta property=\"og:image:width\" content=\"840\" \/>\n\t<meta property=\"og:image:height\" content=\"390\" \/>\n\t<meta property=\"og:image:type\" content=\"image\/jpeg\" \/>\n<meta name=\"author\" content=\"Radio Ljubu\u0161ki\" \/>\n<meta name=\"twitter:card\" content=\"summary_large_image\" \/>\n<meta name=\"twitter:creator\" content=\"@radioljubuski\" \/>\n<meta name=\"twitter:site\" content=\"@radioljubuski\" \/>\n<meta name=\"twitter:label1\" content=\"Napisao\/la\" \/>\n\t<meta name=\"twitter:data1\" content=\"Radio Ljubu\u0161ki\" \/>\n\t<meta name=\"twitter:label2\" content=\"Procijenjeno vrijeme \u010ditanja\" \/>\n\t<meta name=\"twitter:data2\" content=\"1 minuta\" \/>\n<script type=\"application\/ld+json\" class=\"yoast-schema-graph\">{\"@context\":\"https:\\\/\\\/schema.org\",\"@graph\":[{\"@type\":\"Article\",\"@id\":\"https:\\\/\\\/radioljubuski.ba\\\/index.php\\\/2022\\\/04\\\/21\\\/turkovic-zaustaviti-radikalizaciju-bih-i-regije-po-matrici-iz-ukrajine\\\/#article\",\"isPartOf\":{\"@id\":\"https:\\\/\\\/radioljubuski.ba\\\/index.php\\\/2022\\\/04\\\/21\\\/turkovic-zaustaviti-radikalizaciju-bih-i-regije-po-matrici-iz-ukrajine\\\/\"},\"author\":{\"name\":\"Radio Ljubu\u0161ki\",\"@id\":\"https:\\\/\\\/radioljubuski.ba\\\/#\\\/schema\\\/person\\\/19fc700381a780f69665d7956c469e3b\"},\"headline\":\"Turkovi\u0107: Zaustaviti radikalizaciju BiH i regije po matrici iz Ukrajine\",\"datePublished\":\"2022-04-21T10:00:19+00:00\",\"mainEntityOfPage\":{\"@id\":\"https:\\\/\\\/radioljubuski.ba\\\/index.php\\\/2022\\\/04\\\/21\\\/turkovic-zaustaviti-radikalizaciju-bih-i-regije-po-matrici-iz-ukrajine\\\/\"},\"wordCount\":225,\"publisher\":{\"@id\":\"https:\\\/\\\/radioljubuski.ba\\\/#organization\"},\"image\":{\"@id\":\"https:\\\/\\\/radioljubuski.ba\\\/index.php\\\/2022\\\/04\\\/21\\\/turkovic-zaustaviti-radikalizaciju-bih-i-regije-po-matrici-iz-ukrajine\\\/#primaryimage\"},\"thumbnailUrl\":\"https:\\\/\\\/radioljubuski.ba\\\/wp-content\\\/uploads\\\/2021\\\/08\\\/bisera_turkovic-e1613122643409.jpg\",\"articleSection\":[\"BIH i regija\"],\"inLanguage\":\"hr\"},{\"@type\":\"WebPage\",\"@id\":\"https:\\\/\\\/radioljubuski.ba\\\/index.php\\\/2022\\\/04\\\/21\\\/turkovic-zaustaviti-radikalizaciju-bih-i-regije-po-matrici-iz-ukrajine\\\/\",\"url\":\"https:\\\/\\\/radioljubuski.ba\\\/index.php\\\/2022\\\/04\\\/21\\\/turkovic-zaustaviti-radikalizaciju-bih-i-regije-po-matrici-iz-ukrajine\\\/\",\"name\":\"Turkovi\u0107: Zaustaviti radikalizaciju BiH i regije po matrici iz Ukrajine - RADIO LJUBU\u0160KI\",\"isPartOf\":{\"@id\":\"https:\\\/\\\/radioljubuski.ba\\\/#website\"},\"primaryImageOfPage\":{\"@id\":\"https:\\\/\\\/radioljubuski.ba\\\/index.php\\\/2022\\\/04\\\/21\\\/turkovic-zaustaviti-radikalizaciju-bih-i-regije-po-matrici-iz-ukrajine\\\/#primaryimage\"},\"image\":{\"@id\":\"https:\\\/\\\/radioljubuski.ba\\\/index.php\\\/2022\\\/04\\\/21\\\/turkovic-zaustaviti-radikalizaciju-bih-i-regije-po-matrici-iz-ukrajine\\\/#primaryimage\"},\"thumbnailUrl\":\"https:\\\/\\\/radioljubuski.ba\\\/wp-content\\\/uploads\\\/2021\\\/08\\\/bisera_turkovic-e1613122643409.jpg\",\"datePublished\":\"2022-04-21T10:00:19+00:00\",\"breadcrumb\":{\"@id\":\"https:\\\/\\\/radioljubuski.ba\\\/index.php\\\/2022\\\/04\\\/21\\\/turkovic-zaustaviti-radikalizaciju-bih-i-regije-po-matrici-iz-ukrajine\\\/#breadcrumb\"},\"inLanguage\":\"hr\",\"potentialAction\":[{\"@type\":\"ReadAction\",\"target\":[\"https:\\\/\\\/radioljubuski.ba\\\/index.php\\\/2022\\\/04\\\/21\\\/turkovic-zaustaviti-radikalizaciju-bih-i-regije-po-matrici-iz-ukrajine\\\/\"]}]},{\"@type\":\"ImageObject\",\"inLanguage\":\"hr\",\"@id\":\"https:\\\/\\\/radioljubuski.ba\\\/index.php\\\/2022\\\/04\\\/21\\\/turkovic-zaustaviti-radikalizaciju-bih-i-regije-po-matrici-iz-ukrajine\\\/#primaryimage\",\"url\":\"https:\\\/\\\/radioljubuski.ba\\\/wp-content\\\/uploads\\\/2021\\\/08\\\/bisera_turkovic-e1613122643409.jpg\",\"contentUrl\":\"https:\\\/\\\/radioljubuski.ba\\\/wp-content\\\/uploads\\\/2021\\\/08\\\/bisera_turkovic-e1613122643409.jpg\",\"width\":840,\"height\":390},{\"@type\":\"BreadcrumbList\",\"@id\":\"https:\\\/\\\/radioljubuski.ba\\\/index.php\\\/2022\\\/04\\\/21\\\/turkovic-zaustaviti-radikalizaciju-bih-i-regije-po-matrici-iz-ukrajine\\\/#breadcrumb\",\"itemListElement\":[{\"@type\":\"ListItem\",\"position\":1,\"name\":\"Po\u010detna stranica\",\"item\":\"https:\\\/\\\/radioljubuski.ba\\\/\"},{\"@type\":\"ListItem\",\"position\":2,\"name\":\"Turkovi\u0107: Zaustaviti radikalizaciju BiH i regije po matrici iz Ukrajine\"}]},{\"@type\":\"WebSite\",\"@id\":\"https:\\\/\\\/radioljubuski.ba\\\/#website\",\"url\":\"https:\\\/\\\/radioljubuski.ba\\\/\",\"name\":\"Radio Ljubu\u0161ki\",\"description\":\"Sun\u010dana frekvencija Hercegovine\",\"publisher\":{\"@id\":\"https:\\\/\\\/radioljubuski.ba\\\/#organization\"},\"potentialAction\":[{\"@type\":\"SearchAction\",\"target\":{\"@type\":\"EntryPoint\",\"urlTemplate\":\"https:\\\/\\\/radioljubuski.ba\\\/?s={search_term_string}\"},\"query-input\":{\"@type\":\"PropertyValueSpecification\",\"valueRequired\":true,\"valueName\":\"search_term_string\"}}],\"inLanguage\":\"hr\"},{\"@type\":\"Organization\",\"@id\":\"https:\\\/\\\/radioljubuski.ba\\\/#organization\",\"name\":\"Radio Ljubu\u0161ki\",\"url\":\"https:\\\/\\\/radioljubuski.ba\\\/\",\"logo\":{\"@type\":\"ImageObject\",\"inLanguage\":\"hr\",\"@id\":\"https:\\\/\\\/radioljubuski.ba\\\/#\\\/schema\\\/logo\\\/image\\\/\",\"url\":\"https:\\\/\\\/radioljubuski.ba\\\/wp-content\\\/uploads\\\/2021\\\/02\\\/cropped-Radio_Ljubuski_logo1.jpg\",\"contentUrl\":\"https:\\\/\\\/radioljubuski.ba\\\/wp-content\\\/uploads\\\/2021\\\/02\\\/cropped-Radio_Ljubuski_logo1.jpg\",\"width\":512,\"height\":512,\"caption\":\"Radio Ljubu\u0161ki\"},\"image\":{\"@id\":\"https:\\\/\\\/radioljubuski.ba\\\/#\\\/schema\\\/logo\\\/image\\\/\"},\"sameAs\":[\"https:\\\/\\\/www.facebook.com\\\/Radiio-Ljubuski-1490835324566332\",\"https:\\\/\\\/x.com\\\/radioljubuski\",\"https:\\\/\\\/hr.linkedin.com\\\/company\\\/radio-ljubuski\",\"https:\\\/\\\/www.youtube.com\\\/channel\\\/UCHYaeO_n0Db3tjNGudGpXyw\"]},{\"@type\":\"Person\",\"@id\":\"https:\\\/\\\/radioljubuski.ba\\\/#\\\/schema\\\/person\\\/19fc700381a780f69665d7956c469e3b\",\"name\":\"Radio Ljubu\u0161ki\"}]}<\/script>\n<!-- \/ Yoast SEO plugin. -->","yoast_head_json":{"title":"Turkovi\u0107: Zaustaviti radikalizaciju BiH i regije po matrici iz Ukrajine - RADIO LJUBU\u0160KI","robots":{"index":"index","follow":"follow","max-snippet":"max-snippet:-1","max-image-preview":"max-image-preview:large","max-video-preview":"max-video-preview:-1"},"canonical":"https:\/\/radioljubuski.ba\/index.php\/2022\/04\/21\/turkovic-zaustaviti-radikalizaciju-bih-i-regije-po-matrici-iz-ukrajine\/","og_locale":"hr_HR","og_type":"article","og_title":"Turkovi\u0107: Zaustaviti radikalizaciju BiH i regije po matrici iz Ukrajine - RADIO LJUBU\u0160KI","og_description":"Bisera Turkovi\u0107, ministrica vanjskih poslova Bosne i Hercegovine o\u0161tro je osudila prijetnje smr\u0107u visokom predstavniku u Bosni i Hercegovini Christianu Schmidtu izre\u010dene na dana\u0161njem skupu u Banjaluci.&nbsp; &#8221;\u0160okantne poruke sa demonstracija u Banja Luci! Apsolutno su neprihvatljive prijetnje visokom predstavniku&#8221;, napisala je Turkovi\u0107 na slu\u017ebenom Facebook nalogu, prenosi N1.&nbsp; Dodala je kako je &#8221;krajnje vrijeme [&hellip;]","og_url":"https:\/\/radioljubuski.ba\/index.php\/2022\/04\/21\/turkovic-zaustaviti-radikalizaciju-bih-i-regije-po-matrici-iz-ukrajine\/","og_site_name":"RADIO LJUBU\u0160KI","article_publisher":"https:\/\/www.facebook.com\/Radiio-Ljubuski-1490835324566332","article_published_time":"2022-04-21T10:00:19+00:00","og_image":[{"width":840,"height":390,"url":"https:\/\/radioljubuski.ba\/wp-content\/uploads\/2021\/08\/bisera_turkovic-e1613122643409.jpg","type":"image\/jpeg"}],"author":"Radio Ljubu\u0161ki","twitter_card":"summary_large_image","twitter_creator":"@radioljubuski","twitter_site":"@radioljubuski","twitter_misc":{"Napisao\/la":"Radio Ljubu\u0161ki","Procijenjeno vrijeme \u010ditanja":"1 minuta"},"schema":{"@context":"https:\/\/schema.org","@graph":[{"@type":"Article","@id":"https:\/\/radioljubuski.ba\/index.php\/2022\/04\/21\/turkovic-zaustaviti-radikalizaciju-bih-i-regije-po-matrici-iz-ukrajine\/#article","isPartOf":{"@id":"https:\/\/radioljubuski.ba\/index.php\/2022\/04\/21\/turkovic-zaustaviti-radikalizaciju-bih-i-regije-po-matrici-iz-ukrajine\/"},"author":{"name":"Radio Ljubu\u0161ki","@id":"https:\/\/radioljubuski.ba\/#\/schema\/person\/19fc700381a780f69665d7956c469e3b"},"headline":"Turkovi\u0107: Zaustaviti radikalizaciju BiH i regije po matrici iz Ukrajine","datePublished":"2022-04-21T10:00:19+00:00","mainEntityOfPage":{"@id":"https:\/\/radioljubuski.ba\/index.php\/2022\/04\/21\/turkovic-zaustaviti-radikalizaciju-bih-i-regije-po-matrici-iz-ukrajine\/"},"wordCount":225,"publisher":{"@id":"https:\/\/radioljubuski.ba\/#organization"},"image":{"@id":"https:\/\/radioljubuski.ba\/index.php\/2022\/04\/21\/turkovic-zaustaviti-radikalizaciju-bih-i-regije-po-matrici-iz-ukrajine\/#primaryimage"},"thumbnailUrl":"https:\/\/radioljubuski.ba\/wp-content\/uploads\/2021\/08\/bisera_turkovic-e1613122643409.jpg","articleSection":["BIH i regija"],"inLanguage":"hr"},{"@type":"WebPage","@id":"https:\/\/radioljubuski.ba\/index.php\/2022\/04\/21\/turkovic-zaustaviti-radikalizaciju-bih-i-regije-po-matrici-iz-ukrajine\/","url":"https:\/\/radioljubuski.ba\/index.php\/2022\/04\/21\/turkovic-zaustaviti-radikalizaciju-bih-i-regije-po-matrici-iz-ukrajine\/","name":"Turkovi\u0107: Zaustaviti radikalizaciju BiH i regije po matrici iz Ukrajine - RADIO LJUBU\u0160KI","isPartOf":{"@id":"https:\/\/radioljubuski.ba\/#website"},"primaryImageOfPage":{"@id":"https:\/\/radioljubuski.ba\/index.php\/2022\/04\/21\/turkovic-zaustaviti-radikalizaciju-bih-i-regije-po-matrici-iz-ukrajine\/#primaryimage"},"image":{"@id":"https:\/\/radioljubuski.ba\/index.php\/2022\/04\/21\/turkovic-zaustaviti-radikalizaciju-bih-i-regije-po-matrici-iz-ukrajine\/#primaryimage"},"thumbnailUrl":"https:\/\/radioljubuski.ba\/wp-content\/uploads\/2021\/08\/bisera_turkovic-e1613122643409.jpg","datePublished":"2022-04-21T10:00:19+00:00","breadcrumb":{"@id":"https:\/\/radioljubuski.ba\/index.php\/2022\/04\/21\/turkovic-zaustaviti-radikalizaciju-bih-i-regije-po-matrici-iz-ukrajine\/#breadcrumb"},"inLanguage":"hr","potentialAction":[{"@type":"ReadAction","target":["https:\/\/radioljubuski.ba\/index.php\/2022\/04\/21\/turkovic-zaustaviti-radikalizaciju-bih-i-regije-po-matrici-iz-ukrajine\/"]}]},{"@type":"ImageObject","inLanguage":"hr","@id":"https:\/\/radioljubuski.ba\/index.php\/2022\/04\/21\/turkovic-zaustaviti-radikalizaciju-bih-i-regije-po-matrici-iz-ukrajine\/#primaryimage","url":"https:\/\/radioljubuski.ba\/wp-content\/uploads\/2021\/08\/bisera_turkovic-e1613122643409.jpg","contentUrl":"https:\/\/radioljubuski.ba\/wp-content\/uploads\/2021\/08\/bisera_turkovic-e1613122643409.jpg","width":840,"height":390},{"@type":"BreadcrumbList","@id":"https:\/\/radioljubuski.ba\/index.php\/2022\/04\/21\/turkovic-zaustaviti-radikalizaciju-bih-i-regije-po-matrici-iz-ukrajine\/#breadcrumb","itemListElement":[{"@type":"ListItem","position":1,"name":"Po\u010detna stranica","item":"https:\/\/radioljubuski.ba\/"},{"@type":"ListItem","position":2,"name":"Turkovi\u0107: Zaustaviti radikalizaciju BiH i regije po matrici iz Ukrajine"}]},{"@type":"WebSite","@id":"https:\/\/radioljubuski.ba\/#website","url":"https:\/\/radioljubuski.ba\/","name":"Radio Ljubu\u0161ki","description":"Sun\u010dana frekvencija Hercegovine","publisher":{"@id":"https:\/\/radioljubuski.ba\/#organization"},"potentialAction":[{"@type":"SearchAction","target":{"@type":"EntryPoint","urlTemplate":"https:\/\/radioljubuski.ba\/?s={search_term_string}"},"query-input":{"@type":"PropertyValueSpecification","valueRequired":true,"valueName":"search_term_string"}}],"inLanguage":"hr"},{"@type":"Organization","@id":"https:\/\/radioljubuski.ba\/#organization","name":"Radio Ljubu\u0161ki","url":"https:\/\/radioljubuski.ba\/","logo":{"@type":"ImageObject","inLanguage":"hr","@id":"https:\/\/radioljubuski.ba\/#\/schema\/logo\/image\/","url":"https:\/\/radioljubuski.ba\/wp-content\/uploads\/2021\/02\/cropped-Radio_Ljubuski_logo1.jpg","contentUrl":"https:\/\/radioljubuski.ba\/wp-content\/uploads\/2021\/02\/cropped-Radio_Ljubuski_logo1.jpg","width":512,"height":512,"caption":"Radio Ljubu\u0161ki"},"image":{"@id":"https:\/\/radioljubuski.ba\/#\/schema\/logo\/image\/"},"sameAs":["https:\/\/www.facebook.com\/Radiio-Ljubuski-1490835324566332","https:\/\/x.com\/radioljubuski","https:\/\/hr.linkedin.com\/company\/radio-ljubuski","https:\/\/www.youtube.com\/channel\/UCHYaeO_n0Db3tjNGudGpXyw"]},{"@type":"Person","@id":"https:\/\/radioljubuski.ba\/#\/schema\/person\/19fc700381a780f69665d7956c469e3b","name":"Radio Ljubu\u0161ki"}]}},"_links":{"self":[{"href":"https:\/\/radioljubuski.ba\/index.php\/wp-json\/wp\/v2\/posts\/134793","targetHints":{"allow":["GET"]}}],"collection":[{"href":"https:\/\/radioljubuski.ba\/index.php\/wp-json\/wp\/v2\/posts"}],"about":[{"href":"https:\/\/radioljubuski.ba\/index.php\/wp-json\/wp\/v2\/types\/post"}],"author":[{"embeddable":true,"href":"https:\/\/radioljubuski.ba\/index.php\/wp-json\/wp\/v2\/users\/2"}],"replies":[{"embeddable":true,"href":"https:\/\/radioljubuski.ba\/index.php\/wp-json\/wp\/v2\/comments?post=134793"}],"version-history":[{"count":1,"href":"https:\/\/radioljubuski.ba\/index.php\/wp-json\/wp\/v2\/posts\/134793\/revisions"}],"predecessor-version":[{"id":134794,"href":"https:\/\/radioljubuski.ba\/index.php\/wp-json\/wp\/v2\/posts\/134793\/revisions\/134794"}],"wp:featuredmedia":[{"embeddable":true,"href":"https:\/\/radioljubuski.ba\/index.php\/wp-json\/wp\/v2\/media\/59370"}],"wp:attachment":[{"href":"https:\/\/radioljubuski.ba\/index.php\/wp-json\/wp\/v2\/media?parent=134793"}],"wp:term":[{"taxonomy":"category","embeddable":true,"href":"https:\/\/radioljubuski.ba\/index.php\/wp-json\/wp\/v2\/categories?post=134793"},{"taxonomy":"post_tag","embeddable":true,"href":"https:\/\/radioljubuski.ba\/index.php\/wp-json\/wp\/v2\/tags?post=134793"}],"curies":[{"name":"wp","href":"https:\/\/api.w.org\/{rel}","templated":true}]}}