{"id":134811,"date":"2022-04-21T12:05:27","date_gmt":"2022-04-21T11:05:27","guid":{"rendered":"https:\/\/radioljubuski.ba\/?p=134811"},"modified":"2022-04-25T12:42:42","modified_gmt":"2022-04-25T11:42:42","slug":"dom-zdravlja-ljubuski-dobio-novo-sanitetsko-vozilo","status":"publish","type":"post","link":"https:\/\/radioljubuski.ba\/index.php\/2022\/04\/21\/dom-zdravlja-ljubuski-dobio-novo-sanitetsko-vozilo\/","title":{"rendered":"Dom zdravlja Ljubu\u0161ki dobio novo sanitetsko vozilo &#8211; audio i foto"},"content":{"rendered":"\n<p>Ispred Doma zdravlja Ljubu\u0161ki danas je organizirana sve\u010dana primopredaja novog sanitetskog vozila koje je nabavljeno putem sredstava za kapitalne investicije Zavoda za zdravstveno osiguranje \u017dupanije Zapadnohercegova\u010dke.<\/p>\n\n\n\n<p>Klju\u010deve vozila ravnatelju Doma zdravlja dr. Ivanu Landeki uru\u010dio je predstavnik tvrtke MRM Ivan Vidovi\u0107.<\/p>\n\n\n\n<p>\u201e<em>Radi se o Volkswagen Crafteru, 2.0 TDI, vozilu koje \u0107e nam poslu\u017eiti za sanitetski prijevoz na\u0161ih bolesnika, za prijevoz bolesnika iz bolnice u Mostaru i sa drugih lokacija. Po potrebi \u0107e se naravno koristiti i za hitni prijevoz. Vozilo u vrijednosti od oko 101 tisu\u0107u maraka smo nabavili putem sredstava za kapitalne investicije Zavoda za zdravstveno osiguranje na\u0161e \u017eupanije za 2022. godinu. Zahvaljujemo im se na potpori koja nam omogu\u0107uje da korisnicima na\u0161ih usluga, na\u0161im bolesnicima mo\u017eemo pobolj\u0161avati razinu na\u0161ih usluga. Cilj nam je kad prevozimo na\u0161e bolesnike, da auta budu relativno nova, da budu sigurna, da budu redovito odr\u017eavana. To je vrlo va\u017ena stvar za na\u0161 Dom zdravlja, a posebno za na\u0161u Hitnu medicinsku pomo\u0107\u201c, <\/em>izjavio je dr. Landeka nakon sve\u010dane primopredaje.<\/p>\n\n\n\n<p>On je dodao kako je prije nabavke vozila izvr\u0161en postupak javne nabavke.<\/p>\n\n\n\n<p>\u201e<em>S vozilom kojeg smo nabavili pro\u0161le godine u sklopu projekta prekograni\u010dne suradnje, na\u0161 vozni park trenutno zadovoljava sve na\u0161e potrebe, tako da smo zadovoljni da smo uspjeli zavr\u0161iti ovu pri\u010du\u201c,<\/em> dodaje Landeka.<\/p>\n\n\n\n<p>On isti\u010de kako stalno rade na pobolj\u0161avanju uvjeta za pacijente, nabavljaju raznu opremu i ure\u0111uju prostorije.<\/p>\n\n\n\n<p>\u201e<em>Dosad smo sudjelovali u dva projekta prekograni\u010dne suradnje. Kroz te projekte, uz brojne edukacije, brojna pozitivna iskustva iz cijele Europe, uspjeli smo nabaviti i vrijednu medicinsku opremu, od aparata za magnetnu terapiju boli, te aparata za funkcionalnu magnetnu stimulaciju kojeg koristimo na na\u0161oj fizijatriji, do EKG ure\u0111aja i pacijent monitora. Mogu re\u0107i da, \u0161to se ti\u010de opreme, situacija je na zadovoljavaju\u0107oj razini. Velika podr\u0161ka su nam kapitalne investicije Zavoda za zdravstveno osiguranje. Tim sredstvima uspjeli smo izvr\u0161iti nabavku namje\u0161taja za odjele pedijatrije i laboratorija koje smo rekonstruirali u pro\u0161loj godini. Istim sredstvima \u0107emo uvesti i nove sustave grijanja i hla\u0111enja na tim odjelima, i na slu\u017ebi Hitne medicinske pomo\u0107i. To je sustav preko toplinskih pumpi, jedan novi sustav koji je puno funkcionalniji, te ekolo\u0161ki prihvatljiviji. To je u fazi tendera i jako nam je drago da \u0107emo i to zavr\u0161iti do sredine ove godine\u201c, <\/em>rekao je Landeka.<\/p>\n\n\n\n<p>Obja\u0161njava kako nabavljaju i nove aparate za potrebe interne slu\u017ebe i fizijatrije.<\/p>\n\n\n\n<p>\u201e<em>Gledamo da cijelo vrijeme idemo u korak s novim tehnologijama, a opet samo s jednim ciljem, a to je bolja i kvalitetnija usluga za na\u0161e pacijente<\/em>\u201c, zaklju\u010dio je dr. Landeka.<\/p>\n\n\n\n<p>Poslu\u0161ajte izjavu<\/p>\n\n\n\n<iframe src=\"https:\/\/drive.google.com\/file\/d\/1LYaYVJ0jp95KmtbJjMoH35QFRVyEbAi2\/preview\" style=\"width: 100%; height: 100px;\"><\/iframe>\n\n\n\n<iframe loading=\"lazy\" src=\"https:\/\/www.facebook.com\/plugins\/post.php?href=https%3A%2F%2Fwww.facebook.com%2Fpermalink.php%3Fstory_fbid%3D3114844042165444%26id%3D1490835324566332&amp;show_text=true&amp;width=500\" style=\"border:none;overflow:hidden\" scrolling=\"no\" allowfullscreen=\"true\" allow=\"autoplay; clipboard-write; encrypted-media; picture-in-picture; web-share\" width=\"500\" height=\"793\" frameborder=\"0\"><\/iframe>\n\n\n\n<iframe loading=\"lazy\" src=\"https:\/\/www.facebook.com\/plugins\/post.php?href=https%3A%2F%2Fwww.facebook.com%2Fpermalink.php%3Fstory_fbid%3D484088383506059%26id%3D100057147052354&amp;show_text=true&amp;width=500\" style=\"border:none;overflow:hidden\" scrolling=\"no\" allowfullscreen=\"true\" allow=\"autoplay; clipboard-write; encrypted-media; picture-in-picture; web-share\" width=\"500\" height=\"703\" frameborder=\"0\"><\/iframe>\n\n\n\n<p><strong>Ivan Herceg \/ Radio Ljubu\u0161ki<\/strong><\/p>\n","protected":false},"excerpt":{"rendered":"<p>Ispred Doma zdravlja Ljubu\u0161ki danas je organizirana sve\u010dana primopredaja novog sanitetskog vozila koje je nabavljeno putem sredstava za kapitalne investicije Zavoda za zdravstveno osiguranje \u017dupanije Zapadnohercegova\u010dke. Klju\u010deve vozila ravnatelju Doma zdravlja dr. Ivanu Landeki uru\u010dio je predstavnik tvrtke MRM Ivan Vidovi\u0107. \u201eRadi se o Volkswagen Crafteru, 2.0 TDI, vozilu koje \u0107e nam poslu\u017eiti za sanitetski [&hellip;]<\/p>\n","protected":false},"author":2,"featured_media":134812,"comment_status":"closed","ping_status":"closed","sticky":false,"template":"","format":"standard","meta":{"h5ap_radio_sources":[],"footnotes":""},"categories":[8],"tags":[],"class_list":["post-134811","post","type-post","status-publish","format-standard","has-post-thumbnail","hentry","category-rlj-audio"],"yoast_head":"<!-- This site is optimized with the Yoast SEO plugin v27.4 - https:\/\/yoast.com\/product\/yoast-seo-wordpress\/ -->\n<title>Dom zdravlja Ljubu\u0161ki dobio novo sanitetsko vozilo - audio i foto - RADIO LJUBU\u0160KI<\/title>\n<meta name=\"robots\" content=\"index, follow, max-snippet:-1, max-image-preview:large, max-video-preview:-1\" \/>\n<link rel=\"canonical\" href=\"https:\/\/radioljubuski.ba\/index.php\/2022\/04\/21\/dom-zdravlja-ljubuski-dobio-novo-sanitetsko-vozilo\/\" \/>\n<meta property=\"og:locale\" content=\"hr_HR\" \/>\n<meta property=\"og:type\" content=\"article\" \/>\n<meta property=\"og:title\" content=\"Dom zdravlja Ljubu\u0161ki dobio novo sanitetsko vozilo - audio i foto - RADIO LJUBU\u0160KI\" \/>\n<meta property=\"og:description\" content=\"Ispred Doma zdravlja Ljubu\u0161ki danas je organizirana sve\u010dana primopredaja novog sanitetskog vozila koje je nabavljeno putem sredstava za kapitalne investicije Zavoda za zdravstveno osiguranje \u017dupanije Zapadnohercegova\u010dke. Klju\u010deve vozila ravnatelju Doma zdravlja dr. Ivanu Landeki uru\u010dio je predstavnik tvrtke MRM Ivan Vidovi\u0107. \u201eRadi se o Volkswagen Crafteru, 2.0 TDI, vozilu koje \u0107e nam poslu\u017eiti za sanitetski [&hellip;]\" \/>\n<meta property=\"og:url\" content=\"https:\/\/radioljubuski.ba\/index.php\/2022\/04\/21\/dom-zdravlja-ljubuski-dobio-novo-sanitetsko-vozilo\/\" \/>\n<meta property=\"og:site_name\" content=\"RADIO LJUBU\u0160KI\" \/>\n<meta property=\"article:publisher\" content=\"https:\/\/www.facebook.com\/Radiio-Ljubuski-1490835324566332\" \/>\n<meta property=\"article:published_time\" content=\"2022-04-21T11:05:27+00:00\" \/>\n<meta property=\"article:modified_time\" content=\"2022-04-25T11:42:42+00:00\" \/>\n<meta property=\"og:image\" content=\"https:\/\/radioljubuski.ba\/wp-content\/uploads\/2022\/04\/novo-vozilo.jpg\" \/>\n\t<meta property=\"og:image:width\" content=\"960\" \/>\n\t<meta property=\"og:image:height\" content=\"718\" \/>\n\t<meta property=\"og:image:type\" content=\"image\/jpeg\" \/>\n<meta name=\"author\" content=\"Radio Ljubu\u0161ki\" \/>\n<meta name=\"twitter:card\" content=\"summary_large_image\" \/>\n<meta name=\"twitter:creator\" content=\"@radioljubuski\" \/>\n<meta name=\"twitter:site\" content=\"@radioljubuski\" \/>\n<meta name=\"twitter:label1\" content=\"Napisao\/la\" \/>\n\t<meta name=\"twitter:data1\" content=\"Radio Ljubu\u0161ki\" \/>\n\t<meta name=\"twitter:label2\" content=\"Procijenjeno vrijeme \u010ditanja\" \/>\n\t<meta name=\"twitter:data2\" content=\"2 minute\" \/>\n<script type=\"application\/ld+json\" class=\"yoast-schema-graph\">{\"@context\":\"https:\\\/\\\/schema.org\",\"@graph\":[{\"@type\":\"Article\",\"@id\":\"https:\\\/\\\/radioljubuski.ba\\\/index.php\\\/2022\\\/04\\\/21\\\/dom-zdravlja-ljubuski-dobio-novo-sanitetsko-vozilo\\\/#article\",\"isPartOf\":{\"@id\":\"https:\\\/\\\/radioljubuski.ba\\\/index.php\\\/2022\\\/04\\\/21\\\/dom-zdravlja-ljubuski-dobio-novo-sanitetsko-vozilo\\\/\"},\"author\":{\"name\":\"Radio Ljubu\u0161ki\",\"@id\":\"https:\\\/\\\/radioljubuski.ba\\\/#\\\/schema\\\/person\\\/19fc700381a780f69665d7956c469e3b\"},\"headline\":\"Dom zdravlja Ljubu\u0161ki dobio novo sanitetsko vozilo &#8211; audio i foto\",\"datePublished\":\"2022-04-21T11:05:27+00:00\",\"dateModified\":\"2022-04-25T11:42:42+00:00\",\"mainEntityOfPage\":{\"@id\":\"https:\\\/\\\/radioljubuski.ba\\\/index.php\\\/2022\\\/04\\\/21\\\/dom-zdravlja-ljubuski-dobio-novo-sanitetsko-vozilo\\\/\"},\"wordCount\":478,\"publisher\":{\"@id\":\"https:\\\/\\\/radioljubuski.ba\\\/#organization\"},\"image\":{\"@id\":\"https:\\\/\\\/radioljubuski.ba\\\/index.php\\\/2022\\\/04\\\/21\\\/dom-zdravlja-ljubuski-dobio-novo-sanitetsko-vozilo\\\/#primaryimage\"},\"thumbnailUrl\":\"https:\\\/\\\/radioljubuski.ba\\\/wp-content\\\/uploads\\\/2022\\\/04\\\/novo-vozilo.jpg\",\"articleSection\":[\"RLJ Audio\"],\"inLanguage\":\"hr\"},{\"@type\":\"WebPage\",\"@id\":\"https:\\\/\\\/radioljubuski.ba\\\/index.php\\\/2022\\\/04\\\/21\\\/dom-zdravlja-ljubuski-dobio-novo-sanitetsko-vozilo\\\/\",\"url\":\"https:\\\/\\\/radioljubuski.ba\\\/index.php\\\/2022\\\/04\\\/21\\\/dom-zdravlja-ljubuski-dobio-novo-sanitetsko-vozilo\\\/\",\"name\":\"Dom zdravlja Ljubu\u0161ki dobio novo sanitetsko vozilo - audio i foto - RADIO LJUBU\u0160KI\",\"isPartOf\":{\"@id\":\"https:\\\/\\\/radioljubuski.ba\\\/#website\"},\"primaryImageOfPage\":{\"@id\":\"https:\\\/\\\/radioljubuski.ba\\\/index.php\\\/2022\\\/04\\\/21\\\/dom-zdravlja-ljubuski-dobio-novo-sanitetsko-vozilo\\\/#primaryimage\"},\"image\":{\"@id\":\"https:\\\/\\\/radioljubuski.ba\\\/index.php\\\/2022\\\/04\\\/21\\\/dom-zdravlja-ljubuski-dobio-novo-sanitetsko-vozilo\\\/#primaryimage\"},\"thumbnailUrl\":\"https:\\\/\\\/radioljubuski.ba\\\/wp-content\\\/uploads\\\/2022\\\/04\\\/novo-vozilo.jpg\",\"datePublished\":\"2022-04-21T11:05:27+00:00\",\"dateModified\":\"2022-04-25T11:42:42+00:00\",\"breadcrumb\":{\"@id\":\"https:\\\/\\\/radioljubuski.ba\\\/index.php\\\/2022\\\/04\\\/21\\\/dom-zdravlja-ljubuski-dobio-novo-sanitetsko-vozilo\\\/#breadcrumb\"},\"inLanguage\":\"hr\",\"potentialAction\":[{\"@type\":\"ReadAction\",\"target\":[\"https:\\\/\\\/radioljubuski.ba\\\/index.php\\\/2022\\\/04\\\/21\\\/dom-zdravlja-ljubuski-dobio-novo-sanitetsko-vozilo\\\/\"]}]},{\"@type\":\"ImageObject\",\"inLanguage\":\"hr\",\"@id\":\"https:\\\/\\\/radioljubuski.ba\\\/index.php\\\/2022\\\/04\\\/21\\\/dom-zdravlja-ljubuski-dobio-novo-sanitetsko-vozilo\\\/#primaryimage\",\"url\":\"https:\\\/\\\/radioljubuski.ba\\\/wp-content\\\/uploads\\\/2022\\\/04\\\/novo-vozilo.jpg\",\"contentUrl\":\"https:\\\/\\\/radioljubuski.ba\\\/wp-content\\\/uploads\\\/2022\\\/04\\\/novo-vozilo.jpg\",\"width\":960,\"height\":718},{\"@type\":\"BreadcrumbList\",\"@id\":\"https:\\\/\\\/radioljubuski.ba\\\/index.php\\\/2022\\\/04\\\/21\\\/dom-zdravlja-ljubuski-dobio-novo-sanitetsko-vozilo\\\/#breadcrumb\",\"itemListElement\":[{\"@type\":\"ListItem\",\"position\":1,\"name\":\"Po\u010detna stranica\",\"item\":\"https:\\\/\\\/radioljubuski.ba\\\/\"},{\"@type\":\"ListItem\",\"position\":2,\"name\":\"Dom zdravlja Ljubu\u0161ki dobio novo sanitetsko vozilo &#8211; audio i foto\"}]},{\"@type\":\"WebSite\",\"@id\":\"https:\\\/\\\/radioljubuski.ba\\\/#website\",\"url\":\"https:\\\/\\\/radioljubuski.ba\\\/\",\"name\":\"Radio Ljubu\u0161ki\",\"description\":\"Sun\u010dana frekvencija Hercegovine\",\"publisher\":{\"@id\":\"https:\\\/\\\/radioljubuski.ba\\\/#organization\"},\"potentialAction\":[{\"@type\":\"SearchAction\",\"target\":{\"@type\":\"EntryPoint\",\"urlTemplate\":\"https:\\\/\\\/radioljubuski.ba\\\/?s={search_term_string}\"},\"query-input\":{\"@type\":\"PropertyValueSpecification\",\"valueRequired\":true,\"valueName\":\"search_term_string\"}}],\"inLanguage\":\"hr\"},{\"@type\":\"Organization\",\"@id\":\"https:\\\/\\\/radioljubuski.ba\\\/#organization\",\"name\":\"Radio Ljubu\u0161ki\",\"url\":\"https:\\\/\\\/radioljubuski.ba\\\/\",\"logo\":{\"@type\":\"ImageObject\",\"inLanguage\":\"hr\",\"@id\":\"https:\\\/\\\/radioljubuski.ba\\\/#\\\/schema\\\/logo\\\/image\\\/\",\"url\":\"https:\\\/\\\/radioljubuski.ba\\\/wp-content\\\/uploads\\\/2021\\\/02\\\/cropped-Radio_Ljubuski_logo1.jpg\",\"contentUrl\":\"https:\\\/\\\/radioljubuski.ba\\\/wp-content\\\/uploads\\\/2021\\\/02\\\/cropped-Radio_Ljubuski_logo1.jpg\",\"width\":512,\"height\":512,\"caption\":\"Radio Ljubu\u0161ki\"},\"image\":{\"@id\":\"https:\\\/\\\/radioljubuski.ba\\\/#\\\/schema\\\/logo\\\/image\\\/\"},\"sameAs\":[\"https:\\\/\\\/www.facebook.com\\\/Radiio-Ljubuski-1490835324566332\",\"https:\\\/\\\/x.com\\\/radioljubuski\",\"https:\\\/\\\/hr.linkedin.com\\\/company\\\/radio-ljubuski\",\"https:\\\/\\\/www.youtube.com\\\/channel\\\/UCHYaeO_n0Db3tjNGudGpXyw\"]},{\"@type\":\"Person\",\"@id\":\"https:\\\/\\\/radioljubuski.ba\\\/#\\\/schema\\\/person\\\/19fc700381a780f69665d7956c469e3b\",\"name\":\"Radio Ljubu\u0161ki\"}]}<\/script>\n<!-- \/ Yoast SEO plugin. -->","yoast_head_json":{"title":"Dom zdravlja Ljubu\u0161ki dobio novo sanitetsko vozilo - audio i foto - RADIO LJUBU\u0160KI","robots":{"index":"index","follow":"follow","max-snippet":"max-snippet:-1","max-image-preview":"max-image-preview:large","max-video-preview":"max-video-preview:-1"},"canonical":"https:\/\/radioljubuski.ba\/index.php\/2022\/04\/21\/dom-zdravlja-ljubuski-dobio-novo-sanitetsko-vozilo\/","og_locale":"hr_HR","og_type":"article","og_title":"Dom zdravlja Ljubu\u0161ki dobio novo sanitetsko vozilo - audio i foto - RADIO LJUBU\u0160KI","og_description":"Ispred Doma zdravlja Ljubu\u0161ki danas je organizirana sve\u010dana primopredaja novog sanitetskog vozila koje je nabavljeno putem sredstava za kapitalne investicije Zavoda za zdravstveno osiguranje \u017dupanije Zapadnohercegova\u010dke. Klju\u010deve vozila ravnatelju Doma zdravlja dr. Ivanu Landeki uru\u010dio je predstavnik tvrtke MRM Ivan Vidovi\u0107. \u201eRadi se o Volkswagen Crafteru, 2.0 TDI, vozilu koje \u0107e nam poslu\u017eiti za sanitetski [&hellip;]","og_url":"https:\/\/radioljubuski.ba\/index.php\/2022\/04\/21\/dom-zdravlja-ljubuski-dobio-novo-sanitetsko-vozilo\/","og_site_name":"RADIO LJUBU\u0160KI","article_publisher":"https:\/\/www.facebook.com\/Radiio-Ljubuski-1490835324566332","article_published_time":"2022-04-21T11:05:27+00:00","article_modified_time":"2022-04-25T11:42:42+00:00","og_image":[{"width":960,"height":718,"url":"https:\/\/radioljubuski.ba\/wp-content\/uploads\/2022\/04\/novo-vozilo.jpg","type":"image\/jpeg"}],"author":"Radio Ljubu\u0161ki","twitter_card":"summary_large_image","twitter_creator":"@radioljubuski","twitter_site":"@radioljubuski","twitter_misc":{"Napisao\/la":"Radio Ljubu\u0161ki","Procijenjeno vrijeme \u010ditanja":"2 minute"},"schema":{"@context":"https:\/\/schema.org","@graph":[{"@type":"Article","@id":"https:\/\/radioljubuski.ba\/index.php\/2022\/04\/21\/dom-zdravlja-ljubuski-dobio-novo-sanitetsko-vozilo\/#article","isPartOf":{"@id":"https:\/\/radioljubuski.ba\/index.php\/2022\/04\/21\/dom-zdravlja-ljubuski-dobio-novo-sanitetsko-vozilo\/"},"author":{"name":"Radio Ljubu\u0161ki","@id":"https:\/\/radioljubuski.ba\/#\/schema\/person\/19fc700381a780f69665d7956c469e3b"},"headline":"Dom zdravlja Ljubu\u0161ki dobio novo sanitetsko vozilo &#8211; audio i foto","datePublished":"2022-04-21T11:05:27+00:00","dateModified":"2022-04-25T11:42:42+00:00","mainEntityOfPage":{"@id":"https:\/\/radioljubuski.ba\/index.php\/2022\/04\/21\/dom-zdravlja-ljubuski-dobio-novo-sanitetsko-vozilo\/"},"wordCount":478,"publisher":{"@id":"https:\/\/radioljubuski.ba\/#organization"},"image":{"@id":"https:\/\/radioljubuski.ba\/index.php\/2022\/04\/21\/dom-zdravlja-ljubuski-dobio-novo-sanitetsko-vozilo\/#primaryimage"},"thumbnailUrl":"https:\/\/radioljubuski.ba\/wp-content\/uploads\/2022\/04\/novo-vozilo.jpg","articleSection":["RLJ Audio"],"inLanguage":"hr"},{"@type":"WebPage","@id":"https:\/\/radioljubuski.ba\/index.php\/2022\/04\/21\/dom-zdravlja-ljubuski-dobio-novo-sanitetsko-vozilo\/","url":"https:\/\/radioljubuski.ba\/index.php\/2022\/04\/21\/dom-zdravlja-ljubuski-dobio-novo-sanitetsko-vozilo\/","name":"Dom zdravlja Ljubu\u0161ki dobio novo sanitetsko vozilo - audio i foto - RADIO LJUBU\u0160KI","isPartOf":{"@id":"https:\/\/radioljubuski.ba\/#website"},"primaryImageOfPage":{"@id":"https:\/\/radioljubuski.ba\/index.php\/2022\/04\/21\/dom-zdravlja-ljubuski-dobio-novo-sanitetsko-vozilo\/#primaryimage"},"image":{"@id":"https:\/\/radioljubuski.ba\/index.php\/2022\/04\/21\/dom-zdravlja-ljubuski-dobio-novo-sanitetsko-vozilo\/#primaryimage"},"thumbnailUrl":"https:\/\/radioljubuski.ba\/wp-content\/uploads\/2022\/04\/novo-vozilo.jpg","datePublished":"2022-04-21T11:05:27+00:00","dateModified":"2022-04-25T11:42:42+00:00","breadcrumb":{"@id":"https:\/\/radioljubuski.ba\/index.php\/2022\/04\/21\/dom-zdravlja-ljubuski-dobio-novo-sanitetsko-vozilo\/#breadcrumb"},"inLanguage":"hr","potentialAction":[{"@type":"ReadAction","target":["https:\/\/radioljubuski.ba\/index.php\/2022\/04\/21\/dom-zdravlja-ljubuski-dobio-novo-sanitetsko-vozilo\/"]}]},{"@type":"ImageObject","inLanguage":"hr","@id":"https:\/\/radioljubuski.ba\/index.php\/2022\/04\/21\/dom-zdravlja-ljubuski-dobio-novo-sanitetsko-vozilo\/#primaryimage","url":"https:\/\/radioljubuski.ba\/wp-content\/uploads\/2022\/04\/novo-vozilo.jpg","contentUrl":"https:\/\/radioljubuski.ba\/wp-content\/uploads\/2022\/04\/novo-vozilo.jpg","width":960,"height":718},{"@type":"BreadcrumbList","@id":"https:\/\/radioljubuski.ba\/index.php\/2022\/04\/21\/dom-zdravlja-ljubuski-dobio-novo-sanitetsko-vozilo\/#breadcrumb","itemListElement":[{"@type":"ListItem","position":1,"name":"Po\u010detna stranica","item":"https:\/\/radioljubuski.ba\/"},{"@type":"ListItem","position":2,"name":"Dom zdravlja Ljubu\u0161ki dobio novo sanitetsko vozilo &#8211; audio i foto"}]},{"@type":"WebSite","@id":"https:\/\/radioljubuski.ba\/#website","url":"https:\/\/radioljubuski.ba\/","name":"Radio Ljubu\u0161ki","description":"Sun\u010dana frekvencija Hercegovine","publisher":{"@id":"https:\/\/radioljubuski.ba\/#organization"},"potentialAction":[{"@type":"SearchAction","target":{"@type":"EntryPoint","urlTemplate":"https:\/\/radioljubuski.ba\/?s={search_term_string}"},"query-input":{"@type":"PropertyValueSpecification","valueRequired":true,"valueName":"search_term_string"}}],"inLanguage":"hr"},{"@type":"Organization","@id":"https:\/\/radioljubuski.ba\/#organization","name":"Radio Ljubu\u0161ki","url":"https:\/\/radioljubuski.ba\/","logo":{"@type":"ImageObject","inLanguage":"hr","@id":"https:\/\/radioljubuski.ba\/#\/schema\/logo\/image\/","url":"https:\/\/radioljubuski.ba\/wp-content\/uploads\/2021\/02\/cropped-Radio_Ljubuski_logo1.jpg","contentUrl":"https:\/\/radioljubuski.ba\/wp-content\/uploads\/2021\/02\/cropped-Radio_Ljubuski_logo1.jpg","width":512,"height":512,"caption":"Radio Ljubu\u0161ki"},"image":{"@id":"https:\/\/radioljubuski.ba\/#\/schema\/logo\/image\/"},"sameAs":["https:\/\/www.facebook.com\/Radiio-Ljubuski-1490835324566332","https:\/\/x.com\/radioljubuski","https:\/\/hr.linkedin.com\/company\/radio-ljubuski","https:\/\/www.youtube.com\/channel\/UCHYaeO_n0Db3tjNGudGpXyw"]},{"@type":"Person","@id":"https:\/\/radioljubuski.ba\/#\/schema\/person\/19fc700381a780f69665d7956c469e3b","name":"Radio Ljubu\u0161ki"}]}},"_links":{"self":[{"href":"https:\/\/radioljubuski.ba\/index.php\/wp-json\/wp\/v2\/posts\/134811","targetHints":{"allow":["GET"]}}],"collection":[{"href":"https:\/\/radioljubuski.ba\/index.php\/wp-json\/wp\/v2\/posts"}],"about":[{"href":"https:\/\/radioljubuski.ba\/index.php\/wp-json\/wp\/v2\/types\/post"}],"author":[{"embeddable":true,"href":"https:\/\/radioljubuski.ba\/index.php\/wp-json\/wp\/v2\/users\/2"}],"replies":[{"embeddable":true,"href":"https:\/\/radioljubuski.ba\/index.php\/wp-json\/wp\/v2\/comments?post=134811"}],"version-history":[{"count":5,"href":"https:\/\/radioljubuski.ba\/index.php\/wp-json\/wp\/v2\/posts\/134811\/revisions"}],"predecessor-version":[{"id":136031,"href":"https:\/\/radioljubuski.ba\/index.php\/wp-json\/wp\/v2\/posts\/134811\/revisions\/136031"}],"wp:featuredmedia":[{"embeddable":true,"href":"https:\/\/radioljubuski.ba\/index.php\/wp-json\/wp\/v2\/media\/134812"}],"wp:attachment":[{"href":"https:\/\/radioljubuski.ba\/index.php\/wp-json\/wp\/v2\/media?parent=134811"}],"wp:term":[{"taxonomy":"category","embeddable":true,"href":"https:\/\/radioljubuski.ba\/index.php\/wp-json\/wp\/v2\/categories?post=134811"},{"taxonomy":"post_tag","embeddable":true,"href":"https:\/\/radioljubuski.ba\/index.php\/wp-json\/wp\/v2\/tags?post=134811"}],"curies":[{"name":"wp","href":"https:\/\/api.w.org\/{rel}","templated":true}]}}