{"id":134932,"date":"2022-04-21T14:24:27","date_gmt":"2022-04-21T13:24:27","guid":{"rendered":"https:\/\/radioljubuski.ba\/?p=134932"},"modified":"2022-04-21T14:24:28","modified_gmt":"2022-04-21T13:24:28","slug":"hbk-hrvatski-narod-prosao-je-kalvariju-kakvu-sada-prolazi-ukrajinski-narod-ciji-pripadnici-kao-manjina-zive-i-u-hrvatskoj","status":"publish","type":"post","link":"https:\/\/radioljubuski.ba\/index.php\/2022\/04\/21\/hbk-hrvatski-narod-prosao-je-kalvariju-kakvu-sada-prolazi-ukrajinski-narod-ciji-pripadnici-kao-manjina-zive-i-u-hrvatskoj\/","title":{"rendered":"HBK: \u2018Hrvatski narod pro\u0161ao je Kalvariju kakvu sada prolazi ukrajinski narod \u010diji pripadnici kao manjina \u017eive i u Hrvatskoj\u2019"},"content":{"rendered":"\n<p>Izjava \u201ePravednost obvezuje na solidarnost s Golgotom ukrajinskog naroda\u201c Komisije Hrvatske biskupske konferencije \u201eIustitia et pax\u201c o ratu u Ukrajini predstavljena je na konferenciji za medije u srijedu, 20. travnja 2022., u sjedi\u0161tu Hrvatske biskupske konferencije u Zagrebu.<\/p>\n\n\n\n<p>Izjavu su predstavili tajnik Komisije mons. prof. dr. Vladimir Dugali\u0107, dekan KBF-a u \u0110akovu, Sveu\u010dili\u0161ta Josipa Jurja Strossmayera u Osijeku i pro\u010delnik Centra za promicanje socijalnog nauka Crkve HBK-a i \u010dlan Komisije mons. prof. dr. Stjepan Baloban, pro\u010delnik Katedre socijalnog nauka Crkve KBF-a Sveu\u010dili\u0161ta u Zagrebu.<\/p>\n\n\n\n<p><strong>Rat je uvijek zlo<\/strong><\/p>\n\n\n\n<p>Na po\u010detku je mons. Dugali\u0107 prenio pozdrave predsjednika Komisije HBK-a <em>Iustitia et pax<\/em> \u0111akova\u010dko-osje\u010dkog nadbiskupa \u0110ure Hrani\u0107a. Istaknuo je kako je Komisija koja se, kao \u0161to joj ime govori, zala\u017ee za pravdu i mir, imala du\u017enost obratiti se vjernicima i javnosti u vezi s ratom u Ukrajini.<\/p>\n\n\n\n<p>Izjava je podijeljena u pet dijelova: Ugroza mira, Rat je uvijek zlo, Moralne i ekolo\u0161ke dvojbe, Nu\u017enost molitvenog zajedni\u0161tva i Va\u017enost solidarnost i kr\u0161\u0107anske dobrotvornosti.<\/p>\n\n\n\n<p>Dr. Dugali\u0107 napomenuo je da je Komisija, kao tijelo HBK, u izjavi nastojala izbje\u0107i politi\u010dke kvalifikacije, \u0161to prepu\u0161ta diplomaciji i politi\u010darima. Iako, dodao je, mi\u0161ljenja su da je diplomacija zakazala te da se rat mogao izbje\u0107i.<\/p>\n\n\n\n<p><strong>\u201cPro\u017eivljavali smo sli\u010dnu Golgotu\u201d<\/strong><\/p>\n\n\n\n<p>Istaknuo je da \u017eele ostati na tragu pape Franje i njegove geste na Veliki petak, kada su na kri\u017enom putu u rimskom Koloseju, kri\u017e zajedno nosile prijateljice, Ukrajinka i Ruskinja. To podrazumijeva nadila\u017eenje politi\u010dke podjele i razine i promatranje na kr\u0161\u0107anski, evan\u0111eoski na\u010din, tj. vidjeti \u0161to se konkretno mo\u017ee u\u010diniti.<\/p>\n\n\n\n<p>\u201eMislim da kao narod koji je pro\u0161ao ne\u0161to sli\u010dno, jer smo pro\u017eivljavali sli\u010dnu Golgotu: protjerivanje tisu\u0107a civila po nacionalnoj i vjerskoj osnovi, masovne grobnice, svakodnevno bombardiranje gradova i sela, vjerskih i kulturnih objekata, kolodvora, bolnica, \u0161kola, drugih civilnih objekata \u2013 \u0161to se duboko usjeklo u na\u0161e sje\u0107anje i pam\u0107enje \u2013 moramo na osobit na\u010din biti osjetljivi i solidarni s onima koji ne\u0161to sli\u010dno sada trpe\u201c, istaknuo je tajnik Komisije.<\/p>\n\n\n\n<p><strong>Nu\u017ena samoobrana<\/strong><\/p>\n\n\n\n<p>Kazao je da kao Komisija tako\u0111er \u017eele jasno uo\u010diti moralne i ekolo\u0161ke dvojbe koje rat u Ukrajini izaziva. Ustvrdio je da Crkva vi\u0161e ne mo\u017ee opravdavati teoriju o \u201eopravdanom ratu\u201c, s obzirom na to da prije, dok se to moglo, nisu postojali oblici naoru\u017eanja kao danas. Crkva od Drugoga vatikanskog sabora priznaje samo pravo na nu\u017enu samoobranu kada su iscrpljena sva druga nu\u017ena sredstva za obranu vlastitog doma i \u017eivota, dodao je.<\/p>\n\n\n\n<p>\u201eU tom smislu kao komisija jasno da podr\u017eavamo legitimnu i opravdanu pomo\u0107 koja je u ovim okolnostima potrebna ukrajinskom narodu, ali smo isto tako svjesni da to otvara i mnogobrojna politi\u010dka, pravna i eti\u010dka pitanja jer se ova pomo\u0107 mora ostvariti u okvirima razmjernosti i me\u0111unarodnoga humanitarnog prava\u201c, naglasio je mons. Dugali\u0107.<\/p>\n\n\n\n<p><strong>Aktivni dionici mira<\/strong><\/p>\n\n\n\n<p>Mons. Baloban istaknuo je ekumenski vid izjave i naglasio va\u017enost solidarnosti. Posebno je izdvojio poziv Komisije na zajedni\u010dku molitvu: \u201eKao Komisija Hrvatske biskupske konferencije koja promi\u010de pravdu i mir, pozivamo stoga sve vjerske zajednice u Republici Hrvatskoj da zajedno s Katoli\u010dkom Crkvom osude ratna razaranja i ubijanja te da \u0161irom otvore svoja vrata izbjeglicama iz Ukrajine, jer smo pozvani biti aktivni dionici mira, stabilnosti i solidarnosti u hrvatskom dru\u0161tvu.\u201c<\/p>\n\n\n\n<p>Tako\u0111er je pozvao sve vjernike na solidarnost. Objasnio je da solidarnost nije samo izricanje su\u0107uti i dobre volje nego i aktivno djelovanje. Solidarnost je vrlina, ali je i socijalno pona\u0161anje. Pohvalio je pomo\u0107 koju kr\u0161\u0107ani i svi ljudi dobre volje u Hrvatskoj na razne na\u010dine pru\u017eaju Ukrajincima, napose izbjeglicama, koja zahtijeva i odre\u0111eno odricanje.<\/p>\n\n\n\n<p><strong>\u201cGrijeh jest prisutan u svijetu\u201d<\/strong><\/p>\n\n\n\n<p>\u201eKoliko su Europljani spremni danas i\u0107i tako daleko i pomo\u0107i ukrajinskom narodu tako da i pod ekonomskim, gospodarskim vidom osjetimo na svojoj ko\u017ei odre\u0111ene posljedice?\u201c, upitao je. \u201eNe bi se smjelo dogoditi da nam s vremenom postane svejedno\u201c, naglasio je mons. Baloban.<\/p>\n\n\n\n<p>Na kraju se na to nadovezao mons. Dugali\u0107. \u201ePro\u0161loga tjedna smo pro\u017eivjeli Golgotu i Veliki petak. Jednostavno grijeh jest prisutan u svijetu. Taj grijeh \u010dini zlo. Ali nam je Krist pokazao na uskrsnu jutro da samo pra\u0161tanjem i ljubavlju to zlo mo\u017eemo pobijediti. I zato vam \u017eelimo dati glas nade\u201c, poru\u010dio je.<\/p>\n\n\n\n<p><strong>Djelovanje Caritasa<\/strong><\/p>\n\n\n\n<p>Zaklju\u010dio je da se nikako ne smije dopustiti, \u0161to smatra najve\u0107om opasno\u0161\u0107u, da se u strahu za svoj \u017eivotni standard (npr. grijanje u zimi) i zbog nekih osobnih interesa postane ravnodu\u0161an prema stradanjima u Ukrajini. Podsjetio je da je hrvatski narod pro\u0161ao Kalvariju kakvu sada prolazi ukrajinski narod \u010diji pripadnici kao manjina \u017eive i u Hrvatskoj.<\/p>\n\n\n\n<p>Mons. Dugali\u0107 tako\u0111er je izvijestio da je Caritas proteklih dana iz Hrvatske u Ukrajinu poslao nove teglja\u010de s hranom i odje\u0107om. Prenio je da je predsjednik Hrvatskog Caritasa vara\u017edinski biskup Bo\u017ee Rado\u0161 ugodno iznena\u0111en solidarno\u0161\u0107u vjernika koju iskazuju prikupljanjem potrep\u0161tina i nov\u010danih sredstava za pomo\u0107 Ukrajini.<\/p>\n\n\n\n<p><em>Izvor: narod.hr<\/em><\/p>\n","protected":false},"excerpt":{"rendered":"<p>Izjava \u201ePravednost obvezuje na solidarnost s Golgotom ukrajinskog naroda\u201c Komisije Hrvatske biskupske konferencije \u201eIustitia et pax\u201c o ratu u Ukrajini predstavljena je na konferenciji za medije u srijedu, 20. travnja 2022., u sjedi\u0161tu Hrvatske biskupske konferencije u Zagrebu. Izjavu su predstavili tajnik Komisije mons. prof. dr. Vladimir Dugali\u0107, dekan KBF-a u \u0110akovu, Sveu\u010dili\u0161ta Josipa Jurja [&hellip;]<\/p>\n","protected":false},"author":2,"featured_media":134933,"comment_status":"closed","ping_status":"closed","sticky":false,"template":"","format":"standard","meta":{"h5ap_radio_sources":[],"footnotes":""},"categories":[1],"tags":[],"class_list":["post-134932","post","type-post","status-publish","format-standard","has-post-thumbnail","hentry","category-bihiregija"],"yoast_head":"<!-- This site is optimized with the Yoast SEO plugin v27.4 - https:\/\/yoast.com\/product\/yoast-seo-wordpress\/ -->\n<title>HBK: \u2018Hrvatski narod pro\u0161ao je Kalvariju kakvu sada prolazi ukrajinski narod \u010diji pripadnici kao manjina \u017eive i u Hrvatskoj\u2019 - RADIO LJUBU\u0160KI<\/title>\n<meta name=\"robots\" content=\"index, follow, max-snippet:-1, max-image-preview:large, max-video-preview:-1\" \/>\n<link rel=\"canonical\" href=\"https:\/\/radioljubuski.ba\/index.php\/2022\/04\/21\/hbk-hrvatski-narod-prosao-je-kalvariju-kakvu-sada-prolazi-ukrajinski-narod-ciji-pripadnici-kao-manjina-zive-i-u-hrvatskoj\/\" \/>\n<meta property=\"og:locale\" content=\"hr_HR\" \/>\n<meta property=\"og:type\" content=\"article\" \/>\n<meta property=\"og:title\" content=\"HBK: \u2018Hrvatski narod pro\u0161ao je Kalvariju kakvu sada prolazi ukrajinski narod \u010diji pripadnici kao manjina \u017eive i u Hrvatskoj\u2019 - RADIO LJUBU\u0160KI\" \/>\n<meta property=\"og:description\" content=\"Izjava \u201ePravednost obvezuje na solidarnost s Golgotom ukrajinskog naroda\u201c Komisije Hrvatske biskupske konferencije \u201eIustitia et pax\u201c o ratu u Ukrajini predstavljena je na konferenciji za medije u srijedu, 20. travnja 2022., u sjedi\u0161tu Hrvatske biskupske konferencije u Zagrebu. Izjavu su predstavili tajnik Komisije mons. prof. dr. Vladimir Dugali\u0107, dekan KBF-a u \u0110akovu, Sveu\u010dili\u0161ta Josipa Jurja [&hellip;]\" \/>\n<meta property=\"og:url\" content=\"https:\/\/radioljubuski.ba\/index.php\/2022\/04\/21\/hbk-hrvatski-narod-prosao-je-kalvariju-kakvu-sada-prolazi-ukrajinski-narod-ciji-pripadnici-kao-manjina-zive-i-u-hrvatskoj\/\" \/>\n<meta property=\"og:site_name\" content=\"RADIO LJUBU\u0160KI\" \/>\n<meta property=\"article:publisher\" content=\"https:\/\/www.facebook.com\/Radiio-Ljubuski-1490835324566332\" \/>\n<meta property=\"article:published_time\" content=\"2022-04-21T13:24:27+00:00\" \/>\n<meta property=\"article:modified_time\" content=\"2022-04-21T13:24:28+00:00\" \/>\n<meta property=\"og:image\" content=\"https:\/\/radioljubuski.ba\/wp-content\/uploads\/2022\/04\/HN20220420492751-696x487-1.jpg\" \/>\n\t<meta property=\"og:image:width\" content=\"696\" \/>\n\t<meta property=\"og:image:height\" content=\"487\" \/>\n\t<meta property=\"og:image:type\" content=\"image\/jpeg\" \/>\n<meta name=\"author\" content=\"Radio Ljubu\u0161ki\" \/>\n<meta name=\"twitter:card\" content=\"summary_large_image\" \/>\n<meta name=\"twitter:creator\" content=\"@radioljubuski\" \/>\n<meta name=\"twitter:site\" content=\"@radioljubuski\" \/>\n<meta name=\"twitter:label1\" content=\"Napisao\/la\" \/>\n\t<meta name=\"twitter:data1\" content=\"Radio Ljubu\u0161ki\" \/>\n\t<meta name=\"twitter:label2\" content=\"Procijenjeno vrijeme \u010ditanja\" \/>\n\t<meta name=\"twitter:data2\" content=\"4 minute\" \/>\n<script type=\"application\/ld+json\" class=\"yoast-schema-graph\">{\"@context\":\"https:\\\/\\\/schema.org\",\"@graph\":[{\"@type\":\"Article\",\"@id\":\"https:\\\/\\\/radioljubuski.ba\\\/index.php\\\/2022\\\/04\\\/21\\\/hbk-hrvatski-narod-prosao-je-kalvariju-kakvu-sada-prolazi-ukrajinski-narod-ciji-pripadnici-kao-manjina-zive-i-u-hrvatskoj\\\/#article\",\"isPartOf\":{\"@id\":\"https:\\\/\\\/radioljubuski.ba\\\/index.php\\\/2022\\\/04\\\/21\\\/hbk-hrvatski-narod-prosao-je-kalvariju-kakvu-sada-prolazi-ukrajinski-narod-ciji-pripadnici-kao-manjina-zive-i-u-hrvatskoj\\\/\"},\"author\":{\"name\":\"Radio Ljubu\u0161ki\",\"@id\":\"https:\\\/\\\/radioljubuski.ba\\\/#\\\/schema\\\/person\\\/19fc700381a780f69665d7956c469e3b\"},\"headline\":\"HBK: \u2018Hrvatski narod pro\u0161ao je Kalvariju kakvu sada prolazi ukrajinski narod \u010diji pripadnici kao manjina \u017eive i u Hrvatskoj\u2019\",\"datePublished\":\"2022-04-21T13:24:27+00:00\",\"dateModified\":\"2022-04-21T13:24:28+00:00\",\"mainEntityOfPage\":{\"@id\":\"https:\\\/\\\/radioljubuski.ba\\\/index.php\\\/2022\\\/04\\\/21\\\/hbk-hrvatski-narod-prosao-je-kalvariju-kakvu-sada-prolazi-ukrajinski-narod-ciji-pripadnici-kao-manjina-zive-i-u-hrvatskoj\\\/\"},\"wordCount\":887,\"publisher\":{\"@id\":\"https:\\\/\\\/radioljubuski.ba\\\/#organization\"},\"image\":{\"@id\":\"https:\\\/\\\/radioljubuski.ba\\\/index.php\\\/2022\\\/04\\\/21\\\/hbk-hrvatski-narod-prosao-je-kalvariju-kakvu-sada-prolazi-ukrajinski-narod-ciji-pripadnici-kao-manjina-zive-i-u-hrvatskoj\\\/#primaryimage\"},\"thumbnailUrl\":\"https:\\\/\\\/radioljubuski.ba\\\/wp-content\\\/uploads\\\/2022\\\/04\\\/HN20220420492751-696x487-1.jpg\",\"articleSection\":[\"BIH i regija\"],\"inLanguage\":\"hr\"},{\"@type\":\"WebPage\",\"@id\":\"https:\\\/\\\/radioljubuski.ba\\\/index.php\\\/2022\\\/04\\\/21\\\/hbk-hrvatski-narod-prosao-je-kalvariju-kakvu-sada-prolazi-ukrajinski-narod-ciji-pripadnici-kao-manjina-zive-i-u-hrvatskoj\\\/\",\"url\":\"https:\\\/\\\/radioljubuski.ba\\\/index.php\\\/2022\\\/04\\\/21\\\/hbk-hrvatski-narod-prosao-je-kalvariju-kakvu-sada-prolazi-ukrajinski-narod-ciji-pripadnici-kao-manjina-zive-i-u-hrvatskoj\\\/\",\"name\":\"HBK: \u2018Hrvatski narod pro\u0161ao je Kalvariju kakvu sada prolazi ukrajinski narod \u010diji pripadnici kao manjina \u017eive i u Hrvatskoj\u2019 - RADIO LJUBU\u0160KI\",\"isPartOf\":{\"@id\":\"https:\\\/\\\/radioljubuski.ba\\\/#website\"},\"primaryImageOfPage\":{\"@id\":\"https:\\\/\\\/radioljubuski.ba\\\/index.php\\\/2022\\\/04\\\/21\\\/hbk-hrvatski-narod-prosao-je-kalvariju-kakvu-sada-prolazi-ukrajinski-narod-ciji-pripadnici-kao-manjina-zive-i-u-hrvatskoj\\\/#primaryimage\"},\"image\":{\"@id\":\"https:\\\/\\\/radioljubuski.ba\\\/index.php\\\/2022\\\/04\\\/21\\\/hbk-hrvatski-narod-prosao-je-kalvariju-kakvu-sada-prolazi-ukrajinski-narod-ciji-pripadnici-kao-manjina-zive-i-u-hrvatskoj\\\/#primaryimage\"},\"thumbnailUrl\":\"https:\\\/\\\/radioljubuski.ba\\\/wp-content\\\/uploads\\\/2022\\\/04\\\/HN20220420492751-696x487-1.jpg\",\"datePublished\":\"2022-04-21T13:24:27+00:00\",\"dateModified\":\"2022-04-21T13:24:28+00:00\",\"breadcrumb\":{\"@id\":\"https:\\\/\\\/radioljubuski.ba\\\/index.php\\\/2022\\\/04\\\/21\\\/hbk-hrvatski-narod-prosao-je-kalvariju-kakvu-sada-prolazi-ukrajinski-narod-ciji-pripadnici-kao-manjina-zive-i-u-hrvatskoj\\\/#breadcrumb\"},\"inLanguage\":\"hr\",\"potentialAction\":[{\"@type\":\"ReadAction\",\"target\":[\"https:\\\/\\\/radioljubuski.ba\\\/index.php\\\/2022\\\/04\\\/21\\\/hbk-hrvatski-narod-prosao-je-kalvariju-kakvu-sada-prolazi-ukrajinski-narod-ciji-pripadnici-kao-manjina-zive-i-u-hrvatskoj\\\/\"]}]},{\"@type\":\"ImageObject\",\"inLanguage\":\"hr\",\"@id\":\"https:\\\/\\\/radioljubuski.ba\\\/index.php\\\/2022\\\/04\\\/21\\\/hbk-hrvatski-narod-prosao-je-kalvariju-kakvu-sada-prolazi-ukrajinski-narod-ciji-pripadnici-kao-manjina-zive-i-u-hrvatskoj\\\/#primaryimage\",\"url\":\"https:\\\/\\\/radioljubuski.ba\\\/wp-content\\\/uploads\\\/2022\\\/04\\\/HN20220420492751-696x487-1.jpg\",\"contentUrl\":\"https:\\\/\\\/radioljubuski.ba\\\/wp-content\\\/uploads\\\/2022\\\/04\\\/HN20220420492751-696x487-1.jpg\",\"width\":696,\"height\":487},{\"@type\":\"BreadcrumbList\",\"@id\":\"https:\\\/\\\/radioljubuski.ba\\\/index.php\\\/2022\\\/04\\\/21\\\/hbk-hrvatski-narod-prosao-je-kalvariju-kakvu-sada-prolazi-ukrajinski-narod-ciji-pripadnici-kao-manjina-zive-i-u-hrvatskoj\\\/#breadcrumb\",\"itemListElement\":[{\"@type\":\"ListItem\",\"position\":1,\"name\":\"Po\u010detna stranica\",\"item\":\"https:\\\/\\\/radioljubuski.ba\\\/\"},{\"@type\":\"ListItem\",\"position\":2,\"name\":\"HBK: \u2018Hrvatski narod pro\u0161ao je Kalvariju kakvu sada prolazi ukrajinski narod \u010diji pripadnici kao manjina \u017eive i u Hrvatskoj\u2019\"}]},{\"@type\":\"WebSite\",\"@id\":\"https:\\\/\\\/radioljubuski.ba\\\/#website\",\"url\":\"https:\\\/\\\/radioljubuski.ba\\\/\",\"name\":\"Radio Ljubu\u0161ki\",\"description\":\"Sun\u010dana frekvencija Hercegovine\",\"publisher\":{\"@id\":\"https:\\\/\\\/radioljubuski.ba\\\/#organization\"},\"potentialAction\":[{\"@type\":\"SearchAction\",\"target\":{\"@type\":\"EntryPoint\",\"urlTemplate\":\"https:\\\/\\\/radioljubuski.ba\\\/?s={search_term_string}\"},\"query-input\":{\"@type\":\"PropertyValueSpecification\",\"valueRequired\":true,\"valueName\":\"search_term_string\"}}],\"inLanguage\":\"hr\"},{\"@type\":\"Organization\",\"@id\":\"https:\\\/\\\/radioljubuski.ba\\\/#organization\",\"name\":\"Radio Ljubu\u0161ki\",\"url\":\"https:\\\/\\\/radioljubuski.ba\\\/\",\"logo\":{\"@type\":\"ImageObject\",\"inLanguage\":\"hr\",\"@id\":\"https:\\\/\\\/radioljubuski.ba\\\/#\\\/schema\\\/logo\\\/image\\\/\",\"url\":\"https:\\\/\\\/radioljubuski.ba\\\/wp-content\\\/uploads\\\/2021\\\/02\\\/cropped-Radio_Ljubuski_logo1.jpg\",\"contentUrl\":\"https:\\\/\\\/radioljubuski.ba\\\/wp-content\\\/uploads\\\/2021\\\/02\\\/cropped-Radio_Ljubuski_logo1.jpg\",\"width\":512,\"height\":512,\"caption\":\"Radio Ljubu\u0161ki\"},\"image\":{\"@id\":\"https:\\\/\\\/radioljubuski.ba\\\/#\\\/schema\\\/logo\\\/image\\\/\"},\"sameAs\":[\"https:\\\/\\\/www.facebook.com\\\/Radiio-Ljubuski-1490835324566332\",\"https:\\\/\\\/x.com\\\/radioljubuski\",\"https:\\\/\\\/hr.linkedin.com\\\/company\\\/radio-ljubuski\",\"https:\\\/\\\/www.youtube.com\\\/channel\\\/UCHYaeO_n0Db3tjNGudGpXyw\"]},{\"@type\":\"Person\",\"@id\":\"https:\\\/\\\/radioljubuski.ba\\\/#\\\/schema\\\/person\\\/19fc700381a780f69665d7956c469e3b\",\"name\":\"Radio Ljubu\u0161ki\"}]}<\/script>\n<!-- \/ Yoast SEO plugin. -->","yoast_head_json":{"title":"HBK: \u2018Hrvatski narod pro\u0161ao je Kalvariju kakvu sada prolazi ukrajinski narod \u010diji pripadnici kao manjina \u017eive i u Hrvatskoj\u2019 - RADIO LJUBU\u0160KI","robots":{"index":"index","follow":"follow","max-snippet":"max-snippet:-1","max-image-preview":"max-image-preview:large","max-video-preview":"max-video-preview:-1"},"canonical":"https:\/\/radioljubuski.ba\/index.php\/2022\/04\/21\/hbk-hrvatski-narod-prosao-je-kalvariju-kakvu-sada-prolazi-ukrajinski-narod-ciji-pripadnici-kao-manjina-zive-i-u-hrvatskoj\/","og_locale":"hr_HR","og_type":"article","og_title":"HBK: \u2018Hrvatski narod pro\u0161ao je Kalvariju kakvu sada prolazi ukrajinski narod \u010diji pripadnici kao manjina \u017eive i u Hrvatskoj\u2019 - RADIO LJUBU\u0160KI","og_description":"Izjava \u201ePravednost obvezuje na solidarnost s Golgotom ukrajinskog naroda\u201c Komisije Hrvatske biskupske konferencije \u201eIustitia et pax\u201c o ratu u Ukrajini predstavljena je na konferenciji za medije u srijedu, 20. travnja 2022., u sjedi\u0161tu Hrvatske biskupske konferencije u Zagrebu. Izjavu su predstavili tajnik Komisije mons. prof. dr. Vladimir Dugali\u0107, dekan KBF-a u \u0110akovu, Sveu\u010dili\u0161ta Josipa Jurja [&hellip;]","og_url":"https:\/\/radioljubuski.ba\/index.php\/2022\/04\/21\/hbk-hrvatski-narod-prosao-je-kalvariju-kakvu-sada-prolazi-ukrajinski-narod-ciji-pripadnici-kao-manjina-zive-i-u-hrvatskoj\/","og_site_name":"RADIO LJUBU\u0160KI","article_publisher":"https:\/\/www.facebook.com\/Radiio-Ljubuski-1490835324566332","article_published_time":"2022-04-21T13:24:27+00:00","article_modified_time":"2022-04-21T13:24:28+00:00","og_image":[{"width":696,"height":487,"url":"https:\/\/radioljubuski.ba\/wp-content\/uploads\/2022\/04\/HN20220420492751-696x487-1.jpg","type":"image\/jpeg"}],"author":"Radio Ljubu\u0161ki","twitter_card":"summary_large_image","twitter_creator":"@radioljubuski","twitter_site":"@radioljubuski","twitter_misc":{"Napisao\/la":"Radio Ljubu\u0161ki","Procijenjeno vrijeme \u010ditanja":"4 minute"},"schema":{"@context":"https:\/\/schema.org","@graph":[{"@type":"Article","@id":"https:\/\/radioljubuski.ba\/index.php\/2022\/04\/21\/hbk-hrvatski-narod-prosao-je-kalvariju-kakvu-sada-prolazi-ukrajinski-narod-ciji-pripadnici-kao-manjina-zive-i-u-hrvatskoj\/#article","isPartOf":{"@id":"https:\/\/radioljubuski.ba\/index.php\/2022\/04\/21\/hbk-hrvatski-narod-prosao-je-kalvariju-kakvu-sada-prolazi-ukrajinski-narod-ciji-pripadnici-kao-manjina-zive-i-u-hrvatskoj\/"},"author":{"name":"Radio Ljubu\u0161ki","@id":"https:\/\/radioljubuski.ba\/#\/schema\/person\/19fc700381a780f69665d7956c469e3b"},"headline":"HBK: \u2018Hrvatski narod pro\u0161ao je Kalvariju kakvu sada prolazi ukrajinski narod \u010diji pripadnici kao manjina \u017eive i u Hrvatskoj\u2019","datePublished":"2022-04-21T13:24:27+00:00","dateModified":"2022-04-21T13:24:28+00:00","mainEntityOfPage":{"@id":"https:\/\/radioljubuski.ba\/index.php\/2022\/04\/21\/hbk-hrvatski-narod-prosao-je-kalvariju-kakvu-sada-prolazi-ukrajinski-narod-ciji-pripadnici-kao-manjina-zive-i-u-hrvatskoj\/"},"wordCount":887,"publisher":{"@id":"https:\/\/radioljubuski.ba\/#organization"},"image":{"@id":"https:\/\/radioljubuski.ba\/index.php\/2022\/04\/21\/hbk-hrvatski-narod-prosao-je-kalvariju-kakvu-sada-prolazi-ukrajinski-narod-ciji-pripadnici-kao-manjina-zive-i-u-hrvatskoj\/#primaryimage"},"thumbnailUrl":"https:\/\/radioljubuski.ba\/wp-content\/uploads\/2022\/04\/HN20220420492751-696x487-1.jpg","articleSection":["BIH i regija"],"inLanguage":"hr"},{"@type":"WebPage","@id":"https:\/\/radioljubuski.ba\/index.php\/2022\/04\/21\/hbk-hrvatski-narod-prosao-je-kalvariju-kakvu-sada-prolazi-ukrajinski-narod-ciji-pripadnici-kao-manjina-zive-i-u-hrvatskoj\/","url":"https:\/\/radioljubuski.ba\/index.php\/2022\/04\/21\/hbk-hrvatski-narod-prosao-je-kalvariju-kakvu-sada-prolazi-ukrajinski-narod-ciji-pripadnici-kao-manjina-zive-i-u-hrvatskoj\/","name":"HBK: \u2018Hrvatski narod pro\u0161ao je Kalvariju kakvu sada prolazi ukrajinski narod \u010diji pripadnici kao manjina \u017eive i u Hrvatskoj\u2019 - RADIO LJUBU\u0160KI","isPartOf":{"@id":"https:\/\/radioljubuski.ba\/#website"},"primaryImageOfPage":{"@id":"https:\/\/radioljubuski.ba\/index.php\/2022\/04\/21\/hbk-hrvatski-narod-prosao-je-kalvariju-kakvu-sada-prolazi-ukrajinski-narod-ciji-pripadnici-kao-manjina-zive-i-u-hrvatskoj\/#primaryimage"},"image":{"@id":"https:\/\/radioljubuski.ba\/index.php\/2022\/04\/21\/hbk-hrvatski-narod-prosao-je-kalvariju-kakvu-sada-prolazi-ukrajinski-narod-ciji-pripadnici-kao-manjina-zive-i-u-hrvatskoj\/#primaryimage"},"thumbnailUrl":"https:\/\/radioljubuski.ba\/wp-content\/uploads\/2022\/04\/HN20220420492751-696x487-1.jpg","datePublished":"2022-04-21T13:24:27+00:00","dateModified":"2022-04-21T13:24:28+00:00","breadcrumb":{"@id":"https:\/\/radioljubuski.ba\/index.php\/2022\/04\/21\/hbk-hrvatski-narod-prosao-je-kalvariju-kakvu-sada-prolazi-ukrajinski-narod-ciji-pripadnici-kao-manjina-zive-i-u-hrvatskoj\/#breadcrumb"},"inLanguage":"hr","potentialAction":[{"@type":"ReadAction","target":["https:\/\/radioljubuski.ba\/index.php\/2022\/04\/21\/hbk-hrvatski-narod-prosao-je-kalvariju-kakvu-sada-prolazi-ukrajinski-narod-ciji-pripadnici-kao-manjina-zive-i-u-hrvatskoj\/"]}]},{"@type":"ImageObject","inLanguage":"hr","@id":"https:\/\/radioljubuski.ba\/index.php\/2022\/04\/21\/hbk-hrvatski-narod-prosao-je-kalvariju-kakvu-sada-prolazi-ukrajinski-narod-ciji-pripadnici-kao-manjina-zive-i-u-hrvatskoj\/#primaryimage","url":"https:\/\/radioljubuski.ba\/wp-content\/uploads\/2022\/04\/HN20220420492751-696x487-1.jpg","contentUrl":"https:\/\/radioljubuski.ba\/wp-content\/uploads\/2022\/04\/HN20220420492751-696x487-1.jpg","width":696,"height":487},{"@type":"BreadcrumbList","@id":"https:\/\/radioljubuski.ba\/index.php\/2022\/04\/21\/hbk-hrvatski-narod-prosao-je-kalvariju-kakvu-sada-prolazi-ukrajinski-narod-ciji-pripadnici-kao-manjina-zive-i-u-hrvatskoj\/#breadcrumb","itemListElement":[{"@type":"ListItem","position":1,"name":"Po\u010detna stranica","item":"https:\/\/radioljubuski.ba\/"},{"@type":"ListItem","position":2,"name":"HBK: \u2018Hrvatski narod pro\u0161ao je Kalvariju kakvu sada prolazi ukrajinski narod \u010diji pripadnici kao manjina \u017eive i u Hrvatskoj\u2019"}]},{"@type":"WebSite","@id":"https:\/\/radioljubuski.ba\/#website","url":"https:\/\/radioljubuski.ba\/","name":"Radio Ljubu\u0161ki","description":"Sun\u010dana frekvencija Hercegovine","publisher":{"@id":"https:\/\/radioljubuski.ba\/#organization"},"potentialAction":[{"@type":"SearchAction","target":{"@type":"EntryPoint","urlTemplate":"https:\/\/radioljubuski.ba\/?s={search_term_string}"},"query-input":{"@type":"PropertyValueSpecification","valueRequired":true,"valueName":"search_term_string"}}],"inLanguage":"hr"},{"@type":"Organization","@id":"https:\/\/radioljubuski.ba\/#organization","name":"Radio Ljubu\u0161ki","url":"https:\/\/radioljubuski.ba\/","logo":{"@type":"ImageObject","inLanguage":"hr","@id":"https:\/\/radioljubuski.ba\/#\/schema\/logo\/image\/","url":"https:\/\/radioljubuski.ba\/wp-content\/uploads\/2021\/02\/cropped-Radio_Ljubuski_logo1.jpg","contentUrl":"https:\/\/radioljubuski.ba\/wp-content\/uploads\/2021\/02\/cropped-Radio_Ljubuski_logo1.jpg","width":512,"height":512,"caption":"Radio Ljubu\u0161ki"},"image":{"@id":"https:\/\/radioljubuski.ba\/#\/schema\/logo\/image\/"},"sameAs":["https:\/\/www.facebook.com\/Radiio-Ljubuski-1490835324566332","https:\/\/x.com\/radioljubuski","https:\/\/hr.linkedin.com\/company\/radio-ljubuski","https:\/\/www.youtube.com\/channel\/UCHYaeO_n0Db3tjNGudGpXyw"]},{"@type":"Person","@id":"https:\/\/radioljubuski.ba\/#\/schema\/person\/19fc700381a780f69665d7956c469e3b","name":"Radio Ljubu\u0161ki"}]}},"_links":{"self":[{"href":"https:\/\/radioljubuski.ba\/index.php\/wp-json\/wp\/v2\/posts\/134932","targetHints":{"allow":["GET"]}}],"collection":[{"href":"https:\/\/radioljubuski.ba\/index.php\/wp-json\/wp\/v2\/posts"}],"about":[{"href":"https:\/\/radioljubuski.ba\/index.php\/wp-json\/wp\/v2\/types\/post"}],"author":[{"embeddable":true,"href":"https:\/\/radioljubuski.ba\/index.php\/wp-json\/wp\/v2\/users\/2"}],"replies":[{"embeddable":true,"href":"https:\/\/radioljubuski.ba\/index.php\/wp-json\/wp\/v2\/comments?post=134932"}],"version-history":[{"count":1,"href":"https:\/\/radioljubuski.ba\/index.php\/wp-json\/wp\/v2\/posts\/134932\/revisions"}],"predecessor-version":[{"id":134934,"href":"https:\/\/radioljubuski.ba\/index.php\/wp-json\/wp\/v2\/posts\/134932\/revisions\/134934"}],"wp:featuredmedia":[{"embeddable":true,"href":"https:\/\/radioljubuski.ba\/index.php\/wp-json\/wp\/v2\/media\/134933"}],"wp:attachment":[{"href":"https:\/\/radioljubuski.ba\/index.php\/wp-json\/wp\/v2\/media?parent=134932"}],"wp:term":[{"taxonomy":"category","embeddable":true,"href":"https:\/\/radioljubuski.ba\/index.php\/wp-json\/wp\/v2\/categories?post=134932"},{"taxonomy":"post_tag","embeddable":true,"href":"https:\/\/radioljubuski.ba\/index.php\/wp-json\/wp\/v2\/tags?post=134932"}],"curies":[{"name":"wp","href":"https:\/\/api.w.org\/{rel}","templated":true}]}}