{"id":134951,"date":"2022-04-21T15:06:14","date_gmt":"2022-04-21T14:06:14","guid":{"rendered":"https:\/\/radioljubuski.ba\/?p=134951"},"modified":"2022-04-21T15:06:15","modified_gmt":"2022-04-21T14:06:15","slug":"kolnik-pored-male-skole-izgubio-se-u-arhivi-gradske-uprave-sirokog-brijega","status":"publish","type":"post","link":"https:\/\/radioljubuski.ba\/index.php\/2022\/04\/21\/kolnik-pored-male-skole-izgubio-se-u-arhivi-gradske-uprave-sirokog-brijega\/","title":{"rendered":"Kolnik pored Male \u0161kole izgubio se u \u201carhivi\u201d gradske uprave \u0160irokog Brijega"},"content":{"rendered":"\n<h5 class=\"wp-block-heading\">Kako isti\u010du iz Hrvatske republikanske strane \u0160iroki Brijeg, sredinom pro\u0161le godine na sjednici Gradskog vije\u0107a \u0160irokog Brijega uputili su inicijativu za izgradnjom nogostupa do \u201cMale \u0161kole\u201d u du\u017eini od 500 metara.<\/h5>\n\n\n\n<p>Vladaju\u0107i uporno izbjegavaju <strong>odgovoriti na njihovu inicijativu<\/strong>, pa su povodom toga poslali <strong>priop\u0107enje koje prenosimo u cijelosti.<\/strong><\/p>\n\n\n\n<p><em>Ve\u0107 nekoliko mjeseci&nbsp;vladaju\u0107i su uporno izbjegavali odgovoriti na inicijativu HRS-a <\/em><strong><em>iz nama nepoznatih razloga<\/em><\/strong><em>, svjesno kr\u0161e\u0107i Pravilnik o radu Gradskog vije\u0107a koji propisuje kako se mora <\/em><strong><em>odgovoriti na vije\u0107ni\u010dka pitanja<\/em><\/strong><em>\/inicijative u roku od 30 dana.<\/em><\/p>\n\n\n\n<p><em>Uzimaju\u0107i u obzir kako odgovor <\/em><strong><em>u propisanom roku<\/em><\/strong><em> nismo dobili, ponovili smo pitanje na sljede\u0107im sjednicama te dobili obe\u0107anje kako \u0107e radovi na spomenutom nogostupu <\/em><strong><em>krenuti uskoro?<\/em><\/strong><\/p>\n\n\n\n<p><em>Krajem godine napokon su krenuli radovi koje su <\/em><strong><em>mje\u0161tani MZ Desna obala<\/em><\/strong><em> \u010dekali du\u017ee vrijeme, a pri tome se vodstvo spomenute MZ godinama <\/em><strong><em>oglu\u0161ivalo na upite<\/em><\/strong><em> mje\u0161tana o lo\u0161em prilazu \u0161koli.<\/em><\/p>\n\n\n\n<p><em>Kada su <\/em><strong><em>pri kraju pro\u0161le godine<\/em><\/strong><em> radovi nogostupa s lijeve strane, u du\u017eini od 30-ak metara, bili pri kraju, dobili smo obe\u0107anje na Gradskom vije\u0107u od <\/em><strong><em>predstavnika gradskih institucija<\/em><\/strong><em> kako \u0107e se nastaviti sa izgradnjom desne strane nogostupa i to \u010dim se zavr\u0161i sa lijevom stranom.<\/em><\/p>\n\n\n\n<p><em>Od spomenutog obe\u0107anja pro\u0161lo je <\/em><strong><em>vi\u0161e od \u010detiri mjeseca<\/em><\/strong><em>, a pokretanje nastavka radova nije ni na vidiku. Mo\u017eda se predmet <\/em><strong><em>izgubio u \u201cladicama\u201d<\/em><\/strong><em> gradske uprave pod oznakom \u201cOBE\u0106ANO-NEISPUNJENO\u201d?<\/em><\/p>\n\n\n\n<p><em>Zbog silne papirologije <\/em><strong><em>birokratskog aparata gradske uprave<\/em><\/strong><em>, a koju, \u010dini se, najvi\u0161e gomilaju pusta i neispunjen obe\u0107anja, vlastodr\u0161cima dajemo <\/em><strong><em>vremena od nekoliko dana<\/em><\/strong><em> da prona\u0111u i pro\u010ditaju navedene fragmente kako sve ne bi ostalo na onoj: \u201cobe\u0107anje- ludom radovanje?\u201d<\/em><\/p>\n\n\n\n<p><em>Tako\u0111er, mo\u017eda prona\u0111u i <\/em><strong><em>davno zastarjeli predmet<\/em><\/strong><em> \u201cNogostup kod Soptinih ku\u0107a\u201d pa i taj predmet u isto vrijeme rije\u0161e, ali mo\u017eda je malo i <\/em><strong><em>previ\u0161e to od njih o\u010dekivati<\/em><\/strong><em> u ovom trenutku<\/em>, stoji u priop\u0107enju GOHRS \u0160iroki Brijeg.<\/p>\n\n\n\n<p>izvor: <strong>(www.jabuka.tv)<\/strong><\/p>\n","protected":false},"excerpt":{"rendered":"<p>Kako isti\u010du iz Hrvatske republikanske strane \u0160iroki Brijeg, sredinom pro\u0161le godine na sjednici Gradskog vije\u0107a \u0160irokog Brijega uputili su inicijativu za izgradnjom nogostupa do \u201cMale \u0161kole\u201d u du\u017eini od 500 metara. Vladaju\u0107i uporno izbjegavaju odgovoriti na njihovu inicijativu, pa su povodom toga poslali priop\u0107enje koje prenosimo u cijelosti. Ve\u0107 nekoliko mjeseci&nbsp;vladaju\u0107i su uporno izbjegavali odgovoriti [&hellip;]<\/p>\n","protected":false},"author":2,"featured_media":134952,"comment_status":"closed","ping_status":"closed","sticky":false,"template":"","format":"standard","meta":{"h5ap_radio_sources":[],"footnotes":""},"categories":[1],"tags":[],"class_list":["post-134951","post","type-post","status-publish","format-standard","has-post-thumbnail","hentry","category-bihiregija"],"yoast_head":"<!-- This site is optimized with the Yoast SEO plugin v27.4 - https:\/\/yoast.com\/product\/yoast-seo-wordpress\/ -->\n<title>Kolnik pored Male \u0161kole izgubio se u \u201carhivi\u201d gradske uprave \u0160irokog Brijega - RADIO LJUBU\u0160KI<\/title>\n<meta name=\"robots\" content=\"index, follow, max-snippet:-1, max-image-preview:large, max-video-preview:-1\" \/>\n<link rel=\"canonical\" href=\"https:\/\/radioljubuski.ba\/index.php\/2022\/04\/21\/kolnik-pored-male-skole-izgubio-se-u-arhivi-gradske-uprave-sirokog-brijega\/\" \/>\n<meta property=\"og:locale\" content=\"hr_HR\" \/>\n<meta property=\"og:type\" content=\"article\" \/>\n<meta property=\"og:title\" content=\"Kolnik pored Male \u0161kole izgubio se u \u201carhivi\u201d gradske uprave \u0160irokog Brijega - RADIO LJUBU\u0160KI\" \/>\n<meta property=\"og:description\" content=\"Kako isti\u010du iz Hrvatske republikanske strane \u0160iroki Brijeg, sredinom pro\u0161le godine na sjednici Gradskog vije\u0107a \u0160irokog Brijega uputili su inicijativu za izgradnjom nogostupa do \u201cMale \u0161kole\u201d u du\u017eini od 500 metara. Vladaju\u0107i uporno izbjegavaju odgovoriti na njihovu inicijativu, pa su povodom toga poslali priop\u0107enje koje prenosimo u cijelosti. Ve\u0107 nekoliko mjeseci&nbsp;vladaju\u0107i su uporno izbjegavali odgovoriti [&hellip;]\" \/>\n<meta property=\"og:url\" content=\"https:\/\/radioljubuski.ba\/index.php\/2022\/04\/21\/kolnik-pored-male-skole-izgubio-se-u-arhivi-gradske-uprave-sirokog-brijega\/\" \/>\n<meta property=\"og:site_name\" content=\"RADIO LJUBU\u0160KI\" \/>\n<meta property=\"article:publisher\" content=\"https:\/\/www.facebook.com\/Radiio-Ljubuski-1490835324566332\" \/>\n<meta property=\"article:published_time\" content=\"2022-04-21T14:06:14+00:00\" \/>\n<meta property=\"article:modified_time\" content=\"2022-04-21T14:06:15+00:00\" \/>\n<meta property=\"og:image\" content=\"https:\/\/radioljubuski.ba\/wp-content\/uploads\/2022\/04\/hrs-nogostup-1.jpg\" \/>\n\t<meta property=\"og:image:width\" content=\"810\" \/>\n\t<meta property=\"og:image:height\" content=\"455\" \/>\n\t<meta property=\"og:image:type\" content=\"image\/jpeg\" \/>\n<meta name=\"author\" content=\"Radio Ljubu\u0161ki\" \/>\n<meta name=\"twitter:card\" content=\"summary_large_image\" \/>\n<meta name=\"twitter:creator\" content=\"@radioljubuski\" \/>\n<meta name=\"twitter:site\" content=\"@radioljubuski\" \/>\n<meta name=\"twitter:label1\" content=\"Napisao\/la\" \/>\n\t<meta name=\"twitter:data1\" content=\"Radio Ljubu\u0161ki\" \/>\n\t<meta name=\"twitter:label2\" content=\"Procijenjeno vrijeme \u010ditanja\" \/>\n\t<meta name=\"twitter:data2\" content=\"2 minute\" \/>\n<script type=\"application\/ld+json\" class=\"yoast-schema-graph\">{\"@context\":\"https:\\\/\\\/schema.org\",\"@graph\":[{\"@type\":\"Article\",\"@id\":\"https:\\\/\\\/radioljubuski.ba\\\/index.php\\\/2022\\\/04\\\/21\\\/kolnik-pored-male-skole-izgubio-se-u-arhivi-gradske-uprave-sirokog-brijega\\\/#article\",\"isPartOf\":{\"@id\":\"https:\\\/\\\/radioljubuski.ba\\\/index.php\\\/2022\\\/04\\\/21\\\/kolnik-pored-male-skole-izgubio-se-u-arhivi-gradske-uprave-sirokog-brijega\\\/\"},\"author\":{\"name\":\"Radio Ljubu\u0161ki\",\"@id\":\"https:\\\/\\\/radioljubuski.ba\\\/#\\\/schema\\\/person\\\/19fc700381a780f69665d7956c469e3b\"},\"headline\":\"Kolnik pored Male \u0161kole izgubio se u \u201carhivi\u201d gradske uprave \u0160irokog Brijega\",\"datePublished\":\"2022-04-21T14:06:14+00:00\",\"dateModified\":\"2022-04-21T14:06:15+00:00\",\"mainEntityOfPage\":{\"@id\":\"https:\\\/\\\/radioljubuski.ba\\\/index.php\\\/2022\\\/04\\\/21\\\/kolnik-pored-male-skole-izgubio-se-u-arhivi-gradske-uprave-sirokog-brijega\\\/\"},\"wordCount\":354,\"publisher\":{\"@id\":\"https:\\\/\\\/radioljubuski.ba\\\/#organization\"},\"image\":{\"@id\":\"https:\\\/\\\/radioljubuski.ba\\\/index.php\\\/2022\\\/04\\\/21\\\/kolnik-pored-male-skole-izgubio-se-u-arhivi-gradske-uprave-sirokog-brijega\\\/#primaryimage\"},\"thumbnailUrl\":\"https:\\\/\\\/radioljubuski.ba\\\/wp-content\\\/uploads\\\/2022\\\/04\\\/hrs-nogostup-1.jpg\",\"articleSection\":[\"BIH i regija\"],\"inLanguage\":\"hr\"},{\"@type\":\"WebPage\",\"@id\":\"https:\\\/\\\/radioljubuski.ba\\\/index.php\\\/2022\\\/04\\\/21\\\/kolnik-pored-male-skole-izgubio-se-u-arhivi-gradske-uprave-sirokog-brijega\\\/\",\"url\":\"https:\\\/\\\/radioljubuski.ba\\\/index.php\\\/2022\\\/04\\\/21\\\/kolnik-pored-male-skole-izgubio-se-u-arhivi-gradske-uprave-sirokog-brijega\\\/\",\"name\":\"Kolnik pored Male \u0161kole izgubio se u \u201carhivi\u201d gradske uprave \u0160irokog Brijega - RADIO LJUBU\u0160KI\",\"isPartOf\":{\"@id\":\"https:\\\/\\\/radioljubuski.ba\\\/#website\"},\"primaryImageOfPage\":{\"@id\":\"https:\\\/\\\/radioljubuski.ba\\\/index.php\\\/2022\\\/04\\\/21\\\/kolnik-pored-male-skole-izgubio-se-u-arhivi-gradske-uprave-sirokog-brijega\\\/#primaryimage\"},\"image\":{\"@id\":\"https:\\\/\\\/radioljubuski.ba\\\/index.php\\\/2022\\\/04\\\/21\\\/kolnik-pored-male-skole-izgubio-se-u-arhivi-gradske-uprave-sirokog-brijega\\\/#primaryimage\"},\"thumbnailUrl\":\"https:\\\/\\\/radioljubuski.ba\\\/wp-content\\\/uploads\\\/2022\\\/04\\\/hrs-nogostup-1.jpg\",\"datePublished\":\"2022-04-21T14:06:14+00:00\",\"dateModified\":\"2022-04-21T14:06:15+00:00\",\"breadcrumb\":{\"@id\":\"https:\\\/\\\/radioljubuski.ba\\\/index.php\\\/2022\\\/04\\\/21\\\/kolnik-pored-male-skole-izgubio-se-u-arhivi-gradske-uprave-sirokog-brijega\\\/#breadcrumb\"},\"inLanguage\":\"hr\",\"potentialAction\":[{\"@type\":\"ReadAction\",\"target\":[\"https:\\\/\\\/radioljubuski.ba\\\/index.php\\\/2022\\\/04\\\/21\\\/kolnik-pored-male-skole-izgubio-se-u-arhivi-gradske-uprave-sirokog-brijega\\\/\"]}]},{\"@type\":\"ImageObject\",\"inLanguage\":\"hr\",\"@id\":\"https:\\\/\\\/radioljubuski.ba\\\/index.php\\\/2022\\\/04\\\/21\\\/kolnik-pored-male-skole-izgubio-se-u-arhivi-gradske-uprave-sirokog-brijega\\\/#primaryimage\",\"url\":\"https:\\\/\\\/radioljubuski.ba\\\/wp-content\\\/uploads\\\/2022\\\/04\\\/hrs-nogostup-1.jpg\",\"contentUrl\":\"https:\\\/\\\/radioljubuski.ba\\\/wp-content\\\/uploads\\\/2022\\\/04\\\/hrs-nogostup-1.jpg\",\"width\":810,\"height\":455},{\"@type\":\"BreadcrumbList\",\"@id\":\"https:\\\/\\\/radioljubuski.ba\\\/index.php\\\/2022\\\/04\\\/21\\\/kolnik-pored-male-skole-izgubio-se-u-arhivi-gradske-uprave-sirokog-brijega\\\/#breadcrumb\",\"itemListElement\":[{\"@type\":\"ListItem\",\"position\":1,\"name\":\"Po\u010detna stranica\",\"item\":\"https:\\\/\\\/radioljubuski.ba\\\/\"},{\"@type\":\"ListItem\",\"position\":2,\"name\":\"Kolnik pored Male \u0161kole izgubio se u \u201carhivi\u201d gradske uprave \u0160irokog Brijega\"}]},{\"@type\":\"WebSite\",\"@id\":\"https:\\\/\\\/radioljubuski.ba\\\/#website\",\"url\":\"https:\\\/\\\/radioljubuski.ba\\\/\",\"name\":\"Radio Ljubu\u0161ki\",\"description\":\"Sun\u010dana frekvencija Hercegovine\",\"publisher\":{\"@id\":\"https:\\\/\\\/radioljubuski.ba\\\/#organization\"},\"potentialAction\":[{\"@type\":\"SearchAction\",\"target\":{\"@type\":\"EntryPoint\",\"urlTemplate\":\"https:\\\/\\\/radioljubuski.ba\\\/?s={search_term_string}\"},\"query-input\":{\"@type\":\"PropertyValueSpecification\",\"valueRequired\":true,\"valueName\":\"search_term_string\"}}],\"inLanguage\":\"hr\"},{\"@type\":\"Organization\",\"@id\":\"https:\\\/\\\/radioljubuski.ba\\\/#organization\",\"name\":\"Radio Ljubu\u0161ki\",\"url\":\"https:\\\/\\\/radioljubuski.ba\\\/\",\"logo\":{\"@type\":\"ImageObject\",\"inLanguage\":\"hr\",\"@id\":\"https:\\\/\\\/radioljubuski.ba\\\/#\\\/schema\\\/logo\\\/image\\\/\",\"url\":\"https:\\\/\\\/radioljubuski.ba\\\/wp-content\\\/uploads\\\/2021\\\/02\\\/cropped-Radio_Ljubuski_logo1.jpg\",\"contentUrl\":\"https:\\\/\\\/radioljubuski.ba\\\/wp-content\\\/uploads\\\/2021\\\/02\\\/cropped-Radio_Ljubuski_logo1.jpg\",\"width\":512,\"height\":512,\"caption\":\"Radio Ljubu\u0161ki\"},\"image\":{\"@id\":\"https:\\\/\\\/radioljubuski.ba\\\/#\\\/schema\\\/logo\\\/image\\\/\"},\"sameAs\":[\"https:\\\/\\\/www.facebook.com\\\/Radiio-Ljubuski-1490835324566332\",\"https:\\\/\\\/x.com\\\/radioljubuski\",\"https:\\\/\\\/hr.linkedin.com\\\/company\\\/radio-ljubuski\",\"https:\\\/\\\/www.youtube.com\\\/channel\\\/UCHYaeO_n0Db3tjNGudGpXyw\"]},{\"@type\":\"Person\",\"@id\":\"https:\\\/\\\/radioljubuski.ba\\\/#\\\/schema\\\/person\\\/19fc700381a780f69665d7956c469e3b\",\"name\":\"Radio Ljubu\u0161ki\"}]}<\/script>\n<!-- \/ Yoast SEO plugin. -->","yoast_head_json":{"title":"Kolnik pored Male \u0161kole izgubio se u \u201carhivi\u201d gradske uprave \u0160irokog Brijega - RADIO LJUBU\u0160KI","robots":{"index":"index","follow":"follow","max-snippet":"max-snippet:-1","max-image-preview":"max-image-preview:large","max-video-preview":"max-video-preview:-1"},"canonical":"https:\/\/radioljubuski.ba\/index.php\/2022\/04\/21\/kolnik-pored-male-skole-izgubio-se-u-arhivi-gradske-uprave-sirokog-brijega\/","og_locale":"hr_HR","og_type":"article","og_title":"Kolnik pored Male \u0161kole izgubio se u \u201carhivi\u201d gradske uprave \u0160irokog Brijega - RADIO LJUBU\u0160KI","og_description":"Kako isti\u010du iz Hrvatske republikanske strane \u0160iroki Brijeg, sredinom pro\u0161le godine na sjednici Gradskog vije\u0107a \u0160irokog Brijega uputili su inicijativu za izgradnjom nogostupa do \u201cMale \u0161kole\u201d u du\u017eini od 500 metara. Vladaju\u0107i uporno izbjegavaju odgovoriti na njihovu inicijativu, pa su povodom toga poslali priop\u0107enje koje prenosimo u cijelosti. Ve\u0107 nekoliko mjeseci&nbsp;vladaju\u0107i su uporno izbjegavali odgovoriti [&hellip;]","og_url":"https:\/\/radioljubuski.ba\/index.php\/2022\/04\/21\/kolnik-pored-male-skole-izgubio-se-u-arhivi-gradske-uprave-sirokog-brijega\/","og_site_name":"RADIO LJUBU\u0160KI","article_publisher":"https:\/\/www.facebook.com\/Radiio-Ljubuski-1490835324566332","article_published_time":"2022-04-21T14:06:14+00:00","article_modified_time":"2022-04-21T14:06:15+00:00","og_image":[{"width":810,"height":455,"url":"https:\/\/radioljubuski.ba\/wp-content\/uploads\/2022\/04\/hrs-nogostup-1.jpg","type":"image\/jpeg"}],"author":"Radio Ljubu\u0161ki","twitter_card":"summary_large_image","twitter_creator":"@radioljubuski","twitter_site":"@radioljubuski","twitter_misc":{"Napisao\/la":"Radio Ljubu\u0161ki","Procijenjeno vrijeme \u010ditanja":"2 minute"},"schema":{"@context":"https:\/\/schema.org","@graph":[{"@type":"Article","@id":"https:\/\/radioljubuski.ba\/index.php\/2022\/04\/21\/kolnik-pored-male-skole-izgubio-se-u-arhivi-gradske-uprave-sirokog-brijega\/#article","isPartOf":{"@id":"https:\/\/radioljubuski.ba\/index.php\/2022\/04\/21\/kolnik-pored-male-skole-izgubio-se-u-arhivi-gradske-uprave-sirokog-brijega\/"},"author":{"name":"Radio Ljubu\u0161ki","@id":"https:\/\/radioljubuski.ba\/#\/schema\/person\/19fc700381a780f69665d7956c469e3b"},"headline":"Kolnik pored Male \u0161kole izgubio se u \u201carhivi\u201d gradske uprave \u0160irokog Brijega","datePublished":"2022-04-21T14:06:14+00:00","dateModified":"2022-04-21T14:06:15+00:00","mainEntityOfPage":{"@id":"https:\/\/radioljubuski.ba\/index.php\/2022\/04\/21\/kolnik-pored-male-skole-izgubio-se-u-arhivi-gradske-uprave-sirokog-brijega\/"},"wordCount":354,"publisher":{"@id":"https:\/\/radioljubuski.ba\/#organization"},"image":{"@id":"https:\/\/radioljubuski.ba\/index.php\/2022\/04\/21\/kolnik-pored-male-skole-izgubio-se-u-arhivi-gradske-uprave-sirokog-brijega\/#primaryimage"},"thumbnailUrl":"https:\/\/radioljubuski.ba\/wp-content\/uploads\/2022\/04\/hrs-nogostup-1.jpg","articleSection":["BIH i regija"],"inLanguage":"hr"},{"@type":"WebPage","@id":"https:\/\/radioljubuski.ba\/index.php\/2022\/04\/21\/kolnik-pored-male-skole-izgubio-se-u-arhivi-gradske-uprave-sirokog-brijega\/","url":"https:\/\/radioljubuski.ba\/index.php\/2022\/04\/21\/kolnik-pored-male-skole-izgubio-se-u-arhivi-gradske-uprave-sirokog-brijega\/","name":"Kolnik pored Male \u0161kole izgubio se u \u201carhivi\u201d gradske uprave \u0160irokog Brijega - RADIO LJUBU\u0160KI","isPartOf":{"@id":"https:\/\/radioljubuski.ba\/#website"},"primaryImageOfPage":{"@id":"https:\/\/radioljubuski.ba\/index.php\/2022\/04\/21\/kolnik-pored-male-skole-izgubio-se-u-arhivi-gradske-uprave-sirokog-brijega\/#primaryimage"},"image":{"@id":"https:\/\/radioljubuski.ba\/index.php\/2022\/04\/21\/kolnik-pored-male-skole-izgubio-se-u-arhivi-gradske-uprave-sirokog-brijega\/#primaryimage"},"thumbnailUrl":"https:\/\/radioljubuski.ba\/wp-content\/uploads\/2022\/04\/hrs-nogostup-1.jpg","datePublished":"2022-04-21T14:06:14+00:00","dateModified":"2022-04-21T14:06:15+00:00","breadcrumb":{"@id":"https:\/\/radioljubuski.ba\/index.php\/2022\/04\/21\/kolnik-pored-male-skole-izgubio-se-u-arhivi-gradske-uprave-sirokog-brijega\/#breadcrumb"},"inLanguage":"hr","potentialAction":[{"@type":"ReadAction","target":["https:\/\/radioljubuski.ba\/index.php\/2022\/04\/21\/kolnik-pored-male-skole-izgubio-se-u-arhivi-gradske-uprave-sirokog-brijega\/"]}]},{"@type":"ImageObject","inLanguage":"hr","@id":"https:\/\/radioljubuski.ba\/index.php\/2022\/04\/21\/kolnik-pored-male-skole-izgubio-se-u-arhivi-gradske-uprave-sirokog-brijega\/#primaryimage","url":"https:\/\/radioljubuski.ba\/wp-content\/uploads\/2022\/04\/hrs-nogostup-1.jpg","contentUrl":"https:\/\/radioljubuski.ba\/wp-content\/uploads\/2022\/04\/hrs-nogostup-1.jpg","width":810,"height":455},{"@type":"BreadcrumbList","@id":"https:\/\/radioljubuski.ba\/index.php\/2022\/04\/21\/kolnik-pored-male-skole-izgubio-se-u-arhivi-gradske-uprave-sirokog-brijega\/#breadcrumb","itemListElement":[{"@type":"ListItem","position":1,"name":"Po\u010detna stranica","item":"https:\/\/radioljubuski.ba\/"},{"@type":"ListItem","position":2,"name":"Kolnik pored Male \u0161kole izgubio se u \u201carhivi\u201d gradske uprave \u0160irokog Brijega"}]},{"@type":"WebSite","@id":"https:\/\/radioljubuski.ba\/#website","url":"https:\/\/radioljubuski.ba\/","name":"Radio Ljubu\u0161ki","description":"Sun\u010dana frekvencija Hercegovine","publisher":{"@id":"https:\/\/radioljubuski.ba\/#organization"},"potentialAction":[{"@type":"SearchAction","target":{"@type":"EntryPoint","urlTemplate":"https:\/\/radioljubuski.ba\/?s={search_term_string}"},"query-input":{"@type":"PropertyValueSpecification","valueRequired":true,"valueName":"search_term_string"}}],"inLanguage":"hr"},{"@type":"Organization","@id":"https:\/\/radioljubuski.ba\/#organization","name":"Radio Ljubu\u0161ki","url":"https:\/\/radioljubuski.ba\/","logo":{"@type":"ImageObject","inLanguage":"hr","@id":"https:\/\/radioljubuski.ba\/#\/schema\/logo\/image\/","url":"https:\/\/radioljubuski.ba\/wp-content\/uploads\/2021\/02\/cropped-Radio_Ljubuski_logo1.jpg","contentUrl":"https:\/\/radioljubuski.ba\/wp-content\/uploads\/2021\/02\/cropped-Radio_Ljubuski_logo1.jpg","width":512,"height":512,"caption":"Radio Ljubu\u0161ki"},"image":{"@id":"https:\/\/radioljubuski.ba\/#\/schema\/logo\/image\/"},"sameAs":["https:\/\/www.facebook.com\/Radiio-Ljubuski-1490835324566332","https:\/\/x.com\/radioljubuski","https:\/\/hr.linkedin.com\/company\/radio-ljubuski","https:\/\/www.youtube.com\/channel\/UCHYaeO_n0Db3tjNGudGpXyw"]},{"@type":"Person","@id":"https:\/\/radioljubuski.ba\/#\/schema\/person\/19fc700381a780f69665d7956c469e3b","name":"Radio Ljubu\u0161ki"}]}},"_links":{"self":[{"href":"https:\/\/radioljubuski.ba\/index.php\/wp-json\/wp\/v2\/posts\/134951","targetHints":{"allow":["GET"]}}],"collection":[{"href":"https:\/\/radioljubuski.ba\/index.php\/wp-json\/wp\/v2\/posts"}],"about":[{"href":"https:\/\/radioljubuski.ba\/index.php\/wp-json\/wp\/v2\/types\/post"}],"author":[{"embeddable":true,"href":"https:\/\/radioljubuski.ba\/index.php\/wp-json\/wp\/v2\/users\/2"}],"replies":[{"embeddable":true,"href":"https:\/\/radioljubuski.ba\/index.php\/wp-json\/wp\/v2\/comments?post=134951"}],"version-history":[{"count":1,"href":"https:\/\/radioljubuski.ba\/index.php\/wp-json\/wp\/v2\/posts\/134951\/revisions"}],"predecessor-version":[{"id":134953,"href":"https:\/\/radioljubuski.ba\/index.php\/wp-json\/wp\/v2\/posts\/134951\/revisions\/134953"}],"wp:featuredmedia":[{"embeddable":true,"href":"https:\/\/radioljubuski.ba\/index.php\/wp-json\/wp\/v2\/media\/134952"}],"wp:attachment":[{"href":"https:\/\/radioljubuski.ba\/index.php\/wp-json\/wp\/v2\/media?parent=134951"}],"wp:term":[{"taxonomy":"category","embeddable":true,"href":"https:\/\/radioljubuski.ba\/index.php\/wp-json\/wp\/v2\/categories?post=134951"},{"taxonomy":"post_tag","embeddable":true,"href":"https:\/\/radioljubuski.ba\/index.php\/wp-json\/wp\/v2\/tags?post=134951"}],"curies":[{"name":"wp","href":"https:\/\/api.w.org\/{rel}","templated":true}]}}