{"id":134957,"date":"2022-04-21T15:09:08","date_gmt":"2022-04-21T14:09:08","guid":{"rendered":"https:\/\/radioljubuski.ba\/?p=134957"},"modified":"2022-04-21T15:09:09","modified_gmt":"2022-04-21T14:09:09","slug":"sutra-u-mostar-stizu-zastupnici-u-europskom-parlamentu-iz-pet-zemalja","status":"publish","type":"post","link":"https:\/\/radioljubuski.ba\/index.php\/2022\/04\/21\/sutra-u-mostar-stizu-zastupnici-u-europskom-parlamentu-iz-pet-zemalja\/","title":{"rendered":"Sutra u Mostar sti\u017eu zastupnici u Europskom parlamentu iz pet zemalja"},"content":{"rendered":"\n<p><strong>Sutra, petak, 22.4. u Mostaru \u0107e boraviti brojno izaslanstvo EU Parlamenta. U 10.00 sati u galeriji Hrvatskog doma Herceg Stjepan Kosa\u010da oni \u0107e gostovati na panel diskusiji na temu odnosa EU i BiH, priop\u0107eno je iz Hrvatske republikanske stranke, prenosi Hrvatski Medijski Servis.<\/strong><\/p>\n\n\n\n<p>Panel diskusija je osmi\u0161ljena na na\u010din da \u0107e svaki od prisutnih zastupnika EU Parlamenta odr\u017eati kratki govor te biti na raspolaganju za pitanja prisutnih. Nakon pitanja publike, izaslanstvo \u0107e biti na raspolaganju za pitanja novinara, oko 11 sati.<\/p>\n\n\n\n<p>Panel diskusija je u potpunosti otvorena za javnost, tako da \u0107e svi zainteresirani mediji mo\u0107i snimati govore zastupnika a kasnije postavljati pitanja.<\/p>\n\n\n\n<p>Izaslanstvo \u010dine:<\/p>\n\n\n\n<p>Ladislav Il\u010di\u0107, zastupnik u EU Parlamentu (Hrvatska)<br>Hermann Tertsch, zastupnik u EU Parlamentu (\u0160panjolska)<br>Ryszard Czarnecki, zastupnik u EU Parlamentu (Poljska)<br>Bogdan Rzonca, zastupnik u EU Parlamentu (Poljska)<br>Carlo Fidanza, zastupnik u EU Parlamentu (Italija)<\/p>\n\n\n\n<p>Dawid Nahajowski, koordinator grupacije ECR-a (Poljska)<br>Martin Filipov, koordinator grupacije ECR-a (Bugarska)<br><br><\/p>\n\n\n\n<p>\/HMS\/<\/p>\n","protected":false},"excerpt":{"rendered":"<p>Sutra, petak, 22.4. u Mostaru \u0107e boraviti brojno izaslanstvo EU Parlamenta. U 10.00 sati u galeriji Hrvatskog doma Herceg Stjepan Kosa\u010da oni \u0107e gostovati na panel diskusiji na temu odnosa EU i BiH, priop\u0107eno je iz Hrvatske republikanske stranke, prenosi Hrvatski Medijski Servis. Panel diskusija je osmi\u0161ljena na na\u010din da \u0107e svaki od prisutnih zastupnika [&hellip;]<\/p>\n","protected":false},"author":2,"featured_media":134958,"comment_status":"closed","ping_status":"closed","sticky":false,"template":"","format":"standard","meta":{"h5ap_radio_sources":[],"footnotes":""},"categories":[1],"tags":[],"class_list":["post-134957","post","type-post","status-publish","format-standard","has-post-thumbnail","hentry","category-bihiregija"],"yoast_head":"<!-- This site is optimized with the Yoast SEO plugin v27.4 - https:\/\/yoast.com\/product\/yoast-seo-wordpress\/ -->\n<title>Sutra u Mostar sti\u017eu zastupnici u Europskom parlamentu iz pet zemalja - RADIO LJUBU\u0160KI<\/title>\n<meta name=\"robots\" content=\"index, follow, max-snippet:-1, max-image-preview:large, max-video-preview:-1\" \/>\n<link rel=\"canonical\" href=\"https:\/\/radioljubuski.ba\/index.php\/2022\/04\/21\/sutra-u-mostar-stizu-zastupnici-u-europskom-parlamentu-iz-pet-zemalja\/\" \/>\n<meta property=\"og:locale\" content=\"hr_HR\" \/>\n<meta property=\"og:type\" content=\"article\" \/>\n<meta property=\"og:title\" content=\"Sutra u Mostar sti\u017eu zastupnici u Europskom parlamentu iz pet zemalja - RADIO LJUBU\u0160KI\" \/>\n<meta property=\"og:description\" content=\"Sutra, petak, 22.4. u Mostaru \u0107e boraviti brojno izaslanstvo EU Parlamenta. U 10.00 sati u galeriji Hrvatskog doma Herceg Stjepan Kosa\u010da oni \u0107e gostovati na panel diskusiji na temu odnosa EU i BiH, priop\u0107eno je iz Hrvatske republikanske stranke, prenosi Hrvatski Medijski Servis. Panel diskusija je osmi\u0161ljena na na\u010din da \u0107e svaki od prisutnih zastupnika [&hellip;]\" \/>\n<meta property=\"og:url\" content=\"https:\/\/radioljubuski.ba\/index.php\/2022\/04\/21\/sutra-u-mostar-stizu-zastupnici-u-europskom-parlamentu-iz-pet-zemalja\/\" \/>\n<meta property=\"og:site_name\" content=\"RADIO LJUBU\u0160KI\" \/>\n<meta property=\"article:publisher\" content=\"https:\/\/www.facebook.com\/Radiio-Ljubuski-1490835324566332\" \/>\n<meta property=\"article:published_time\" content=\"2022-04-21T14:09:08+00:00\" \/>\n<meta property=\"article:modified_time\" content=\"2022-04-21T14:09:09+00:00\" \/>\n<meta property=\"og:image\" content=\"https:\/\/radioljubuski.ba\/wp-content\/uploads\/2022\/04\/eu-parlament.jpg\" \/>\n\t<meta property=\"og:image:width\" content=\"500\" \/>\n\t<meta property=\"og:image:height\" content=\"375\" \/>\n\t<meta property=\"og:image:type\" content=\"image\/jpeg\" \/>\n<meta name=\"author\" content=\"Radio Ljubu\u0161ki\" \/>\n<meta name=\"twitter:card\" content=\"summary_large_image\" \/>\n<meta name=\"twitter:creator\" content=\"@radioljubuski\" \/>\n<meta name=\"twitter:site\" content=\"@radioljubuski\" \/>\n<meta name=\"twitter:label1\" content=\"Napisao\/la\" \/>\n\t<meta name=\"twitter:data1\" content=\"Radio Ljubu\u0161ki\" \/>\n\t<meta name=\"twitter:label2\" content=\"Procijenjeno vrijeme \u010ditanja\" \/>\n\t<meta name=\"twitter:data2\" content=\"1 minuta\" \/>\n<script type=\"application\/ld+json\" class=\"yoast-schema-graph\">{\"@context\":\"https:\\\/\\\/schema.org\",\"@graph\":[{\"@type\":\"Article\",\"@id\":\"https:\\\/\\\/radioljubuski.ba\\\/index.php\\\/2022\\\/04\\\/21\\\/sutra-u-mostar-stizu-zastupnici-u-europskom-parlamentu-iz-pet-zemalja\\\/#article\",\"isPartOf\":{\"@id\":\"https:\\\/\\\/radioljubuski.ba\\\/index.php\\\/2022\\\/04\\\/21\\\/sutra-u-mostar-stizu-zastupnici-u-europskom-parlamentu-iz-pet-zemalja\\\/\"},\"author\":{\"name\":\"Radio Ljubu\u0161ki\",\"@id\":\"https:\\\/\\\/radioljubuski.ba\\\/#\\\/schema\\\/person\\\/19fc700381a780f69665d7956c469e3b\"},\"headline\":\"Sutra u Mostar sti\u017eu zastupnici u Europskom parlamentu iz pet zemalja\",\"datePublished\":\"2022-04-21T14:09:08+00:00\",\"dateModified\":\"2022-04-21T14:09:09+00:00\",\"mainEntityOfPage\":{\"@id\":\"https:\\\/\\\/radioljubuski.ba\\\/index.php\\\/2022\\\/04\\\/21\\\/sutra-u-mostar-stizu-zastupnici-u-europskom-parlamentu-iz-pet-zemalja\\\/\"},\"wordCount\":169,\"publisher\":{\"@id\":\"https:\\\/\\\/radioljubuski.ba\\\/#organization\"},\"image\":{\"@id\":\"https:\\\/\\\/radioljubuski.ba\\\/index.php\\\/2022\\\/04\\\/21\\\/sutra-u-mostar-stizu-zastupnici-u-europskom-parlamentu-iz-pet-zemalja\\\/#primaryimage\"},\"thumbnailUrl\":\"https:\\\/\\\/radioljubuski.ba\\\/wp-content\\\/uploads\\\/2022\\\/04\\\/eu-parlament.jpg\",\"articleSection\":[\"BIH i regija\"],\"inLanguage\":\"hr\"},{\"@type\":\"WebPage\",\"@id\":\"https:\\\/\\\/radioljubuski.ba\\\/index.php\\\/2022\\\/04\\\/21\\\/sutra-u-mostar-stizu-zastupnici-u-europskom-parlamentu-iz-pet-zemalja\\\/\",\"url\":\"https:\\\/\\\/radioljubuski.ba\\\/index.php\\\/2022\\\/04\\\/21\\\/sutra-u-mostar-stizu-zastupnici-u-europskom-parlamentu-iz-pet-zemalja\\\/\",\"name\":\"Sutra u Mostar sti\u017eu zastupnici u Europskom parlamentu iz pet zemalja - RADIO LJUBU\u0160KI\",\"isPartOf\":{\"@id\":\"https:\\\/\\\/radioljubuski.ba\\\/#website\"},\"primaryImageOfPage\":{\"@id\":\"https:\\\/\\\/radioljubuski.ba\\\/index.php\\\/2022\\\/04\\\/21\\\/sutra-u-mostar-stizu-zastupnici-u-europskom-parlamentu-iz-pet-zemalja\\\/#primaryimage\"},\"image\":{\"@id\":\"https:\\\/\\\/radioljubuski.ba\\\/index.php\\\/2022\\\/04\\\/21\\\/sutra-u-mostar-stizu-zastupnici-u-europskom-parlamentu-iz-pet-zemalja\\\/#primaryimage\"},\"thumbnailUrl\":\"https:\\\/\\\/radioljubuski.ba\\\/wp-content\\\/uploads\\\/2022\\\/04\\\/eu-parlament.jpg\",\"datePublished\":\"2022-04-21T14:09:08+00:00\",\"dateModified\":\"2022-04-21T14:09:09+00:00\",\"breadcrumb\":{\"@id\":\"https:\\\/\\\/radioljubuski.ba\\\/index.php\\\/2022\\\/04\\\/21\\\/sutra-u-mostar-stizu-zastupnici-u-europskom-parlamentu-iz-pet-zemalja\\\/#breadcrumb\"},\"inLanguage\":\"hr\",\"potentialAction\":[{\"@type\":\"ReadAction\",\"target\":[\"https:\\\/\\\/radioljubuski.ba\\\/index.php\\\/2022\\\/04\\\/21\\\/sutra-u-mostar-stizu-zastupnici-u-europskom-parlamentu-iz-pet-zemalja\\\/\"]}]},{\"@type\":\"ImageObject\",\"inLanguage\":\"hr\",\"@id\":\"https:\\\/\\\/radioljubuski.ba\\\/index.php\\\/2022\\\/04\\\/21\\\/sutra-u-mostar-stizu-zastupnici-u-europskom-parlamentu-iz-pet-zemalja\\\/#primaryimage\",\"url\":\"https:\\\/\\\/radioljubuski.ba\\\/wp-content\\\/uploads\\\/2022\\\/04\\\/eu-parlament.jpg\",\"contentUrl\":\"https:\\\/\\\/radioljubuski.ba\\\/wp-content\\\/uploads\\\/2022\\\/04\\\/eu-parlament.jpg\",\"width\":500,\"height\":375},{\"@type\":\"BreadcrumbList\",\"@id\":\"https:\\\/\\\/radioljubuski.ba\\\/index.php\\\/2022\\\/04\\\/21\\\/sutra-u-mostar-stizu-zastupnici-u-europskom-parlamentu-iz-pet-zemalja\\\/#breadcrumb\",\"itemListElement\":[{\"@type\":\"ListItem\",\"position\":1,\"name\":\"Po\u010detna stranica\",\"item\":\"https:\\\/\\\/radioljubuski.ba\\\/\"},{\"@type\":\"ListItem\",\"position\":2,\"name\":\"Sutra u Mostar sti\u017eu zastupnici u Europskom parlamentu iz pet zemalja\"}]},{\"@type\":\"WebSite\",\"@id\":\"https:\\\/\\\/radioljubuski.ba\\\/#website\",\"url\":\"https:\\\/\\\/radioljubuski.ba\\\/\",\"name\":\"Radio Ljubu\u0161ki\",\"description\":\"Sun\u010dana frekvencija Hercegovine\",\"publisher\":{\"@id\":\"https:\\\/\\\/radioljubuski.ba\\\/#organization\"},\"potentialAction\":[{\"@type\":\"SearchAction\",\"target\":{\"@type\":\"EntryPoint\",\"urlTemplate\":\"https:\\\/\\\/radioljubuski.ba\\\/?s={search_term_string}\"},\"query-input\":{\"@type\":\"PropertyValueSpecification\",\"valueRequired\":true,\"valueName\":\"search_term_string\"}}],\"inLanguage\":\"hr\"},{\"@type\":\"Organization\",\"@id\":\"https:\\\/\\\/radioljubuski.ba\\\/#organization\",\"name\":\"Radio Ljubu\u0161ki\",\"url\":\"https:\\\/\\\/radioljubuski.ba\\\/\",\"logo\":{\"@type\":\"ImageObject\",\"inLanguage\":\"hr\",\"@id\":\"https:\\\/\\\/radioljubuski.ba\\\/#\\\/schema\\\/logo\\\/image\\\/\",\"url\":\"https:\\\/\\\/radioljubuski.ba\\\/wp-content\\\/uploads\\\/2021\\\/02\\\/cropped-Radio_Ljubuski_logo1.jpg\",\"contentUrl\":\"https:\\\/\\\/radioljubuski.ba\\\/wp-content\\\/uploads\\\/2021\\\/02\\\/cropped-Radio_Ljubuski_logo1.jpg\",\"width\":512,\"height\":512,\"caption\":\"Radio Ljubu\u0161ki\"},\"image\":{\"@id\":\"https:\\\/\\\/radioljubuski.ba\\\/#\\\/schema\\\/logo\\\/image\\\/\"},\"sameAs\":[\"https:\\\/\\\/www.facebook.com\\\/Radiio-Ljubuski-1490835324566332\",\"https:\\\/\\\/x.com\\\/radioljubuski\",\"https:\\\/\\\/hr.linkedin.com\\\/company\\\/radio-ljubuski\",\"https:\\\/\\\/www.youtube.com\\\/channel\\\/UCHYaeO_n0Db3tjNGudGpXyw\"]},{\"@type\":\"Person\",\"@id\":\"https:\\\/\\\/radioljubuski.ba\\\/#\\\/schema\\\/person\\\/19fc700381a780f69665d7956c469e3b\",\"name\":\"Radio Ljubu\u0161ki\"}]}<\/script>\n<!-- \/ Yoast SEO plugin. -->","yoast_head_json":{"title":"Sutra u Mostar sti\u017eu zastupnici u Europskom parlamentu iz pet zemalja - RADIO LJUBU\u0160KI","robots":{"index":"index","follow":"follow","max-snippet":"max-snippet:-1","max-image-preview":"max-image-preview:large","max-video-preview":"max-video-preview:-1"},"canonical":"https:\/\/radioljubuski.ba\/index.php\/2022\/04\/21\/sutra-u-mostar-stizu-zastupnici-u-europskom-parlamentu-iz-pet-zemalja\/","og_locale":"hr_HR","og_type":"article","og_title":"Sutra u Mostar sti\u017eu zastupnici u Europskom parlamentu iz pet zemalja - RADIO LJUBU\u0160KI","og_description":"Sutra, petak, 22.4. u Mostaru \u0107e boraviti brojno izaslanstvo EU Parlamenta. U 10.00 sati u galeriji Hrvatskog doma Herceg Stjepan Kosa\u010da oni \u0107e gostovati na panel diskusiji na temu odnosa EU i BiH, priop\u0107eno je iz Hrvatske republikanske stranke, prenosi Hrvatski Medijski Servis. Panel diskusija je osmi\u0161ljena na na\u010din da \u0107e svaki od prisutnih zastupnika [&hellip;]","og_url":"https:\/\/radioljubuski.ba\/index.php\/2022\/04\/21\/sutra-u-mostar-stizu-zastupnici-u-europskom-parlamentu-iz-pet-zemalja\/","og_site_name":"RADIO LJUBU\u0160KI","article_publisher":"https:\/\/www.facebook.com\/Radiio-Ljubuski-1490835324566332","article_published_time":"2022-04-21T14:09:08+00:00","article_modified_time":"2022-04-21T14:09:09+00:00","og_image":[{"width":500,"height":375,"url":"https:\/\/radioljubuski.ba\/wp-content\/uploads\/2022\/04\/eu-parlament.jpg","type":"image\/jpeg"}],"author":"Radio Ljubu\u0161ki","twitter_card":"summary_large_image","twitter_creator":"@radioljubuski","twitter_site":"@radioljubuski","twitter_misc":{"Napisao\/la":"Radio Ljubu\u0161ki","Procijenjeno vrijeme \u010ditanja":"1 minuta"},"schema":{"@context":"https:\/\/schema.org","@graph":[{"@type":"Article","@id":"https:\/\/radioljubuski.ba\/index.php\/2022\/04\/21\/sutra-u-mostar-stizu-zastupnici-u-europskom-parlamentu-iz-pet-zemalja\/#article","isPartOf":{"@id":"https:\/\/radioljubuski.ba\/index.php\/2022\/04\/21\/sutra-u-mostar-stizu-zastupnici-u-europskom-parlamentu-iz-pet-zemalja\/"},"author":{"name":"Radio Ljubu\u0161ki","@id":"https:\/\/radioljubuski.ba\/#\/schema\/person\/19fc700381a780f69665d7956c469e3b"},"headline":"Sutra u Mostar sti\u017eu zastupnici u Europskom parlamentu iz pet zemalja","datePublished":"2022-04-21T14:09:08+00:00","dateModified":"2022-04-21T14:09:09+00:00","mainEntityOfPage":{"@id":"https:\/\/radioljubuski.ba\/index.php\/2022\/04\/21\/sutra-u-mostar-stizu-zastupnici-u-europskom-parlamentu-iz-pet-zemalja\/"},"wordCount":169,"publisher":{"@id":"https:\/\/radioljubuski.ba\/#organization"},"image":{"@id":"https:\/\/radioljubuski.ba\/index.php\/2022\/04\/21\/sutra-u-mostar-stizu-zastupnici-u-europskom-parlamentu-iz-pet-zemalja\/#primaryimage"},"thumbnailUrl":"https:\/\/radioljubuski.ba\/wp-content\/uploads\/2022\/04\/eu-parlament.jpg","articleSection":["BIH i regija"],"inLanguage":"hr"},{"@type":"WebPage","@id":"https:\/\/radioljubuski.ba\/index.php\/2022\/04\/21\/sutra-u-mostar-stizu-zastupnici-u-europskom-parlamentu-iz-pet-zemalja\/","url":"https:\/\/radioljubuski.ba\/index.php\/2022\/04\/21\/sutra-u-mostar-stizu-zastupnici-u-europskom-parlamentu-iz-pet-zemalja\/","name":"Sutra u Mostar sti\u017eu zastupnici u Europskom parlamentu iz pet zemalja - RADIO LJUBU\u0160KI","isPartOf":{"@id":"https:\/\/radioljubuski.ba\/#website"},"primaryImageOfPage":{"@id":"https:\/\/radioljubuski.ba\/index.php\/2022\/04\/21\/sutra-u-mostar-stizu-zastupnici-u-europskom-parlamentu-iz-pet-zemalja\/#primaryimage"},"image":{"@id":"https:\/\/radioljubuski.ba\/index.php\/2022\/04\/21\/sutra-u-mostar-stizu-zastupnici-u-europskom-parlamentu-iz-pet-zemalja\/#primaryimage"},"thumbnailUrl":"https:\/\/radioljubuski.ba\/wp-content\/uploads\/2022\/04\/eu-parlament.jpg","datePublished":"2022-04-21T14:09:08+00:00","dateModified":"2022-04-21T14:09:09+00:00","breadcrumb":{"@id":"https:\/\/radioljubuski.ba\/index.php\/2022\/04\/21\/sutra-u-mostar-stizu-zastupnici-u-europskom-parlamentu-iz-pet-zemalja\/#breadcrumb"},"inLanguage":"hr","potentialAction":[{"@type":"ReadAction","target":["https:\/\/radioljubuski.ba\/index.php\/2022\/04\/21\/sutra-u-mostar-stizu-zastupnici-u-europskom-parlamentu-iz-pet-zemalja\/"]}]},{"@type":"ImageObject","inLanguage":"hr","@id":"https:\/\/radioljubuski.ba\/index.php\/2022\/04\/21\/sutra-u-mostar-stizu-zastupnici-u-europskom-parlamentu-iz-pet-zemalja\/#primaryimage","url":"https:\/\/radioljubuski.ba\/wp-content\/uploads\/2022\/04\/eu-parlament.jpg","contentUrl":"https:\/\/radioljubuski.ba\/wp-content\/uploads\/2022\/04\/eu-parlament.jpg","width":500,"height":375},{"@type":"BreadcrumbList","@id":"https:\/\/radioljubuski.ba\/index.php\/2022\/04\/21\/sutra-u-mostar-stizu-zastupnici-u-europskom-parlamentu-iz-pet-zemalja\/#breadcrumb","itemListElement":[{"@type":"ListItem","position":1,"name":"Po\u010detna stranica","item":"https:\/\/radioljubuski.ba\/"},{"@type":"ListItem","position":2,"name":"Sutra u Mostar sti\u017eu zastupnici u Europskom parlamentu iz pet zemalja"}]},{"@type":"WebSite","@id":"https:\/\/radioljubuski.ba\/#website","url":"https:\/\/radioljubuski.ba\/","name":"Radio Ljubu\u0161ki","description":"Sun\u010dana frekvencija Hercegovine","publisher":{"@id":"https:\/\/radioljubuski.ba\/#organization"},"potentialAction":[{"@type":"SearchAction","target":{"@type":"EntryPoint","urlTemplate":"https:\/\/radioljubuski.ba\/?s={search_term_string}"},"query-input":{"@type":"PropertyValueSpecification","valueRequired":true,"valueName":"search_term_string"}}],"inLanguage":"hr"},{"@type":"Organization","@id":"https:\/\/radioljubuski.ba\/#organization","name":"Radio Ljubu\u0161ki","url":"https:\/\/radioljubuski.ba\/","logo":{"@type":"ImageObject","inLanguage":"hr","@id":"https:\/\/radioljubuski.ba\/#\/schema\/logo\/image\/","url":"https:\/\/radioljubuski.ba\/wp-content\/uploads\/2021\/02\/cropped-Radio_Ljubuski_logo1.jpg","contentUrl":"https:\/\/radioljubuski.ba\/wp-content\/uploads\/2021\/02\/cropped-Radio_Ljubuski_logo1.jpg","width":512,"height":512,"caption":"Radio Ljubu\u0161ki"},"image":{"@id":"https:\/\/radioljubuski.ba\/#\/schema\/logo\/image\/"},"sameAs":["https:\/\/www.facebook.com\/Radiio-Ljubuski-1490835324566332","https:\/\/x.com\/radioljubuski","https:\/\/hr.linkedin.com\/company\/radio-ljubuski","https:\/\/www.youtube.com\/channel\/UCHYaeO_n0Db3tjNGudGpXyw"]},{"@type":"Person","@id":"https:\/\/radioljubuski.ba\/#\/schema\/person\/19fc700381a780f69665d7956c469e3b","name":"Radio Ljubu\u0161ki"}]}},"_links":{"self":[{"href":"https:\/\/radioljubuski.ba\/index.php\/wp-json\/wp\/v2\/posts\/134957","targetHints":{"allow":["GET"]}}],"collection":[{"href":"https:\/\/radioljubuski.ba\/index.php\/wp-json\/wp\/v2\/posts"}],"about":[{"href":"https:\/\/radioljubuski.ba\/index.php\/wp-json\/wp\/v2\/types\/post"}],"author":[{"embeddable":true,"href":"https:\/\/radioljubuski.ba\/index.php\/wp-json\/wp\/v2\/users\/2"}],"replies":[{"embeddable":true,"href":"https:\/\/radioljubuski.ba\/index.php\/wp-json\/wp\/v2\/comments?post=134957"}],"version-history":[{"count":1,"href":"https:\/\/radioljubuski.ba\/index.php\/wp-json\/wp\/v2\/posts\/134957\/revisions"}],"predecessor-version":[{"id":134959,"href":"https:\/\/radioljubuski.ba\/index.php\/wp-json\/wp\/v2\/posts\/134957\/revisions\/134959"}],"wp:featuredmedia":[{"embeddable":true,"href":"https:\/\/radioljubuski.ba\/index.php\/wp-json\/wp\/v2\/media\/134958"}],"wp:attachment":[{"href":"https:\/\/radioljubuski.ba\/index.php\/wp-json\/wp\/v2\/media?parent=134957"}],"wp:term":[{"taxonomy":"category","embeddable":true,"href":"https:\/\/radioljubuski.ba\/index.php\/wp-json\/wp\/v2\/categories?post=134957"},{"taxonomy":"post_tag","embeddable":true,"href":"https:\/\/radioljubuski.ba\/index.php\/wp-json\/wp\/v2\/tags?post=134957"}],"curies":[{"name":"wp","href":"https:\/\/api.w.org\/{rel}","templated":true}]}}