{"id":134960,"date":"2022-04-21T15:10:42","date_gmt":"2022-04-21T14:10:42","guid":{"rendered":"https:\/\/radioljubuski.ba\/?p=134960"},"modified":"2022-04-21T15:10:42","modified_gmt":"2022-04-21T14:10:42","slug":"komentar-josipa-vricka-misli-li-izetbegovic-ii-da-su-dzamije-nase-kasarne","status":"publish","type":"post","link":"https:\/\/radioljubuski.ba\/index.php\/2022\/04\/21\/komentar-josipa-vricka-misli-li-izetbegovic-ii-da-su-dzamije-nase-kasarne\/","title":{"rendered":"Komentar Josipa Vri\u010dka: Misli (li) Izetbegovi\u0107 II. da su d\u017eamije \u201ena\u0161e kasarne\u201c?!"},"content":{"rendered":"\n<p><strong>Bilo je to prije gotovo \u010detvrt stolje\u0107a kada je istambulski gradona\u010delnik egzaltirano zapojio: (i) \u201cmunare su na\u0161a koplja\u201d i svr\u0161io u zatvoru. Danas njegov sarajevski (dvostruki!) kum vazi da dok su d\u017eamije pune, on mirno spava. I zavr\u0161it \u0107e u \u2013 Predsjedni\u0161tvu BiH. O tempora, o mores!<\/strong><\/p>\n\n\n\n<p><strong>Pi\u0161e: <\/strong><em><strong>Josip Vri\u010dko<\/strong><\/em><strong>, <a href=\"https:\/\/www.nedjelja.ba\/hr\/nek-se-zna\/misli-li-izetbegovic-ii-da-su-dzamije-nase-kasarne\/24988\">Katoli\u010dki tjednik<\/a><\/strong><\/p>\n\n\n\n<p>Prije nekoliko godina na Facebooku je postavljena fotografija Bakira Izetbegovi\u0107a kako obavlja namaz u jednoj d\u017eamiji u Bosanskoj Krajini, a \u0161to su onda prenijeli i neki, ponajvi\u0161e SDA-u skloni, mediji. I, jasno, javili su se brojni esdeaovci hvale\u0107i svoga predsjednika \u2013 osvjedo\u010deno dobrog muslimana!<\/p>\n\n\n\n<p>Bilo je, me\u0111utim, i onih koji su u svemu vidjeli \u2013 re\u017eiju. \u0160tovi\u0161e, tuzlanski novinar i knji\u017eevnik Fatmir Alispahi\u0107 stru\u010dno je analizirao kako je uop\u0107e nastao taj, gotovo svakome muslimanu, dirljiv prizor \u2013 slika kako Alijin jedinac sam, u praznoj d\u017eamiji, obavlja molitvu.<\/p>\n\n\n\n<p><strong>Dobro u\u0161timani musliman(i)<\/strong><\/p>\n\n\n\n<p>Fotograf se, veli, morao dobro u\u0161timati kako bi iz donjeg rakursa snimio ovu fotografiju. Uz to, dr\u017ei kako je Bakir mogao naknadno reagirati i zamoliti da se ne objavljuje ta \u201etrivijalizacija njegova namaza\u201c. Kako to, dakako, Izetbegovi\u0107u mla\u0111em nije palo (ni) blizu pameti, Alispahi\u0107 zaklju\u010duje: \u201e\u2026\u010cinjenica kako SDA-ovci masovno dijele ovaj fotos \u2013 kao trijumf (pseudo)erdonizacije bo\u0161nja\u010dke politike \u2013 pokazuje kako ni oni ne razlikuju vjeru od estrade, odnosno da d\u017eamiju vide kao politi\u010dku pozornicu.\u201c<\/p>\n\n\n\n<p>\u010cemu, dakle, ova pri\u010da (razmjerno) starostavna \u2013 danas? Iz naftalina ju je, naime, izvadio Izetbegovi\u0107 II. \u2013 osobno. U mjesecu je, evo, ramazanu duboko zagazio u podru\u010dje, kazalo bi se neko\u0107, op\u0107enarodne obrane i dru\u0161tvene samoza\u0161tite. \u201e\u2026Mi jesmo vjernici i nas je vjera spasila. I dokle god su pune d\u017eamije mladih ljudi i dokle god stotine tisu\u0107a ljudi posti dobrovoljno, no\u0107i se di\u017eu\u2026 ja nisam zabrinut za ovu zemlju\u201c, kazao je u ramazanskom programu TV Hayat.<\/p>\n\n\n\n<p><strong>Kako je Erdogana ubila prejaka rije\u010d<\/strong><\/p>\n\n\n\n<p>I koliko god me je prvi u Bo\u0161njaka podsjetio na davnu Alispahi\u0107evu analizu jedne d\u017eamijske fotografije, jednako toliko, ako ne i vi\u0161e, u sje\u0107anje mi je prizvao omiljenu pjesmu Recepa Tayyipa Erdo\u011fana: D\u017eamije su na\u0161e kasarne\/ kubat na\u0161i \u0161titovi, munare su na\u0161a koplja a klanja\u010di na\u0161i vojnici\/ Ovo je sveta vojska koja \u010duva na\u0161u vjeru\/ Allahu ekber, Allahu ekber.<\/p>\n\n\n\n<p>Bilo je to 1998., a tada\u0161nji je mladi (i perspektivni) istambulski gradona\u010delnik osu\u0111en na 10 mjeseci zatvora zbog poticanja vjerske mr\u017enje. Odle\u017eao je, dodu\u0161e, samo \u010detiri mjeseca, ali te se mrlje dugo nije mogao rije\u0161iti. Kada je njegova stranka Pravde i razvoja 2002. pobijedila na parlamentarnim izborima, njemu je, zbog zatvorske kazne, zabranjeno raditi u parlamentu, ili pak obna\u0161ati premijersku du\u017enost. No krajem te godine, u prosincu ustavnim je amandmanom ta odredba promijenjena \u2013 Erdo\u011fan je 14. svibnja 2003. sjeo u premijersku fotelju i od tada traje njegov \u2013 \u201esultanat\u201c\u2026 A mo\u017ee i bez navodnika! (Uzgred, ovovremeni je turski sultan nekoliko puta Ustav prilago\u0111avao svojim golemim ambicijama.)<\/p>\n\n\n\n<p>Vratimo se, me\u0111utim, Erdoganovu bo\u0161nja\u010dkom pokloniku. Kumu, \u0161tovi\u0161e! Izetbegovi\u0107evo padanje u (ramazanski) sevdah prili\u010dno nezgodno je koindiciralo sa svjedo\u010denjem Aleksandra Vu\u010di\u0107a kako mu je turski predsjednik obe\u0107ao da \u0107e im Turska preko reda isporu\u010diti Bayraktare \u2013 \u010duveni dron, ponos turske vojne industrije.<\/p>\n\n\n\n<p><strong>Ima jedan, ima jedan!<\/strong><\/p>\n\n\n\n<p>Nije ta koincidencija promaknula Denisu Be\u0107irevi\u0107u: \u201eIma li ijedan predsjednik dr\u017eave ili stranke u Europi koji zbog punih crkava i d\u017eamija misli da mu je dr\u017eava sigurna? Ima li ijedan predsjednik dr\u017eave ili stranke u Africi i u Aziji da to izjavljuje\u201c, zapitao je rezignirano (ali i retori\u010dki) taj SDP-ov delegat u Domu naroda Parlamentarne skup\u0161tine BiH, prave\u0107i istovremeno paralelu izme\u0111u onoga \u0161to govori \u2013 i radi! \u2013 srbijanski predsjednik glede sigurnosti Srbije.<\/p>\n\n\n\n<p>Be\u0107irevi\u0107 je, ina\u010de, biv\u0161i, ali i potencijalni pretendent za bo\u0161nja\u010dku fotelju u troglavom bh. kolektivnom rukovodstvu. Ne vjerujem, jer takvo je ozra\u010dje, kako \u0107e mu ova opaska glede Izetbegovi\u0107eva hayatovskog parafraziranja Erdoganove (stare) pjesme donijeti koji glas. Prije \u0107e militarizacija d\u017eamija (i vjernika\u2026) pogurati ramazanskog poetu, koji se, dakako, ve\u0107 sprema kako bi po tre\u0107i put sjeo u (mitsku) Alijinu fotelju u Titinoj 16. Koju mu je u proteklom mandatu \u010duvao vjerni, ali neuvjerljivi \u0160efik D\u017eaferovi\u0107.<\/p>\n\n\n\n<p>Ba\u0161ka d\u017eamije, ba\u0161ka dronovi<\/p>\n\n\n\n<p>Naime, ba\u0161 kao \u0161to su svojevremeno na dru\u0161tvenim mre\u017eama uvijek spremni esdeaovci veli\u010dali kraji\u0161koga (usamljenog) klanja\u010da, tako su se iz istih redova na zadnje noge propeli i nakon \u0161to je Be\u0107irevi\u0107 (o)sporio kako su \u201ed\u017eamije na\u0161e kasarne\u201c\u2026 poglavito dokle god se Srbi naoru\u017eavaju \u2013 do zuba, kazao bi Erdoganov ramazanski pregovara\u010d, koji, vidjeli smo, preko veze nabavlja dronove. Kod Bakirova kuma!<\/p>\n\n\n\n<p>No u toj bespogovornoj obrani lika i djela predsjednika ima i pokoji autogol. \u201e\u2026 I da, kad smo kod turskih dronova, podsjetio bih i Denisa i druge du\u0161ebri\u017enike, koji su se danas raspisali, da je ba\u0161 Bakir Izetbegovi\u0107 od 2016. vjen\u010dani kum Selcuka Bayraktara, zeta predsjednika Turske Erdo\u011fana i direktora private kompanije Bajkar Makina, koja je razvila sad ve\u0107 \u010duveni dron Bayraktar TB2\u201d, uhvatio je mu\u0161tuluk zastpunik SDA u Skup\u0161tini \u017dupanije Sarajevo Haris Zahiragi\u0107, odgovaraju\u0107i istovremeno (i) na Be\u0107irevi\u0107evo pitanje: Ima li ijedan predsjednik dr\u017eave ili stranke u Europi koji zbog punih crkava i d\u017eamija misli da mu je dr\u017eava sigurna. Ima, dakle, Erdogan! Svjedo\u010di o tomu, dakako, politi\u010dki \u017eivotopis turskog predsjednika. Ipak \u2013 osim u d\u017eamije, uzda se kum Tayyip i u \u2013 dronove\u2026 i jednu od najja\u010dih vojski na svijetu.<\/p>\n\n\n\n<p>(Mada, u maloj sam, ipak, dvojbi. Nisam (vi\u0161e), naime, na\u010disto. Je li nas Izetbegovi\u0107 I. ostavio Tur\u010dinu u amanet zbog d\u017eamija ili zbog vojske?)<\/p>\n\n\n\n<p><strong>Temeljno rasipanje<\/strong><\/p>\n\n\n\n<p>A \u0161to smo, zapravo, doznali iz ove obrane neobranjivoga?! Ponajprije to da Izetbegovi\u0107a i Erdogana, osim teze kako d\u017eamija glavu \u010duva, ve\u017ee i dvostruko kumstvo. Dosada je \u0161ira javnost znala (samo) kako je brat Recep vjen\u010dani kum Bakirovoj miljenici Jasmini. Kadli\u2026 to kumstvo traje jo\u0161 od 2016. I budu\u0107i da nam je evo esdeaovski mla\u0111ahni juri\u0161nik otkrio kako je kum Selcuk \u201eizmislio\u201c glasoviti turski dron, moglo bi se pomisliti kako je Izetbegovi\u0107 II. slijedio logiku da je kum na zemlji ono \u0161to je Bog na nebu. Bit \u0107e, dakle, dronova!<\/p>\n\n\n\n<p>Me\u0111utim, dronova biti ne\u0107e. Ili \u0161to bi kazao jedan zloglasni Vu\u010di\u0107ev pred\u0161anik: Malo morgen! Strategija obrane prvoga u Bo\u0161njaka temelji se uglavnom na onoj Erdoganovoj pjesmi i punim d\u017eamija, \u0161to, dakako, priziva (staru) pri\u010du o temeljnom narodu. I \u0161to, kako je ovih dana primijetio Mladen Ivani\u0107, sumnjivim licima progla\u0161ava sve one koji ne idu u d\u017eamiju. A idu, primjerice, u crkvu.<\/p>\n\n\n\n<p>Uostalom, u svome ramazanskom vazu dvostruki turski kum veli: \u201eVezivno tkivo Bosne i Hercegovine su Bo\u0161njaci, da nema Bo\u0161njaka ne znam do kad bi Bosna potrajala, a vezivno tkivno unutar Bo\u0161njaka je vjera. Da nema vjere mi bi[smo] polako izgubili identitet i rasuli se, ako bi[smo] se mi rasuli rasula bi se i zemlja.\u201d<\/p>\n\n\n\n<p>A \u0161to bi, ne\u0161to si mislim, (tek) bilo da nema Izetbegovi\u0107a II.?!<\/p>\n\n\n\n<p>\/HMS\/<\/p>\n","protected":false},"excerpt":{"rendered":"<p>Bilo je to prije gotovo \u010detvrt stolje\u0107a kada je istambulski gradona\u010delnik egzaltirano zapojio: (i) \u201cmunare su na\u0161a koplja\u201d i svr\u0161io u zatvoru. Danas njegov sarajevski (dvostruki!) kum vazi da dok su d\u017eamije pune, on mirno spava. I zavr\u0161it \u0107e u \u2013 Predsjedni\u0161tvu BiH. O tempora, o mores! Pi\u0161e: Josip Vri\u010dko, Katoli\u010dki tjednik Prije nekoliko godina [&hellip;]<\/p>\n","protected":false},"author":2,"featured_media":134961,"comment_status":"closed","ping_status":"closed","sticky":false,"template":"","format":"standard","meta":{"h5ap_radio_sources":[],"footnotes":""},"categories":[1],"tags":[],"class_list":["post-134960","post","type-post","status-publish","format-standard","has-post-thumbnail","hentry","category-bihiregija"],"yoast_head":"<!-- This site is optimized with the Yoast SEO plugin v27.4 - https:\/\/yoast.com\/product\/yoast-seo-wordpress\/ -->\n<title>Komentar Josipa Vri\u010dka: Misli (li) Izetbegovi\u0107 II. da su d\u017eamije \u201ena\u0161e kasarne\u201c?! - RADIO LJUBU\u0160KI<\/title>\n<meta name=\"robots\" content=\"index, follow, max-snippet:-1, max-image-preview:large, max-video-preview:-1\" \/>\n<link rel=\"canonical\" href=\"https:\/\/radioljubuski.ba\/index.php\/2022\/04\/21\/komentar-josipa-vricka-misli-li-izetbegovic-ii-da-su-dzamije-nase-kasarne\/\" \/>\n<meta property=\"og:locale\" content=\"hr_HR\" \/>\n<meta property=\"og:type\" content=\"article\" \/>\n<meta property=\"og:title\" content=\"Komentar Josipa Vri\u010dka: Misli (li) Izetbegovi\u0107 II. da su d\u017eamije \u201ena\u0161e kasarne\u201c?! - RADIO LJUBU\u0160KI\" \/>\n<meta property=\"og:description\" content=\"Bilo je to prije gotovo \u010detvrt stolje\u0107a kada je istambulski gradona\u010delnik egzaltirano zapojio: (i) \u201cmunare su na\u0161a koplja\u201d i svr\u0161io u zatvoru. Danas njegov sarajevski (dvostruki!) kum vazi da dok su d\u017eamije pune, on mirno spava. I zavr\u0161it \u0107e u \u2013 Predsjedni\u0161tvu BiH. O tempora, o mores! Pi\u0161e: Josip Vri\u010dko, Katoli\u010dki tjednik Prije nekoliko godina [&hellip;]\" \/>\n<meta property=\"og:url\" content=\"https:\/\/radioljubuski.ba\/index.php\/2022\/04\/21\/komentar-josipa-vricka-misli-li-izetbegovic-ii-da-su-dzamije-nase-kasarne\/\" \/>\n<meta property=\"og:site_name\" content=\"RADIO LJUBU\u0160KI\" \/>\n<meta property=\"article:publisher\" content=\"https:\/\/www.facebook.com\/Radiio-Ljubuski-1490835324566332\" \/>\n<meta property=\"article:published_time\" content=\"2022-04-21T14:10:42+00:00\" \/>\n<meta property=\"og:image\" content=\"https:\/\/radioljubuski.ba\/wp-content\/uploads\/2022\/04\/phpThumb_cache_nedjelja.ba__src696f2d5df571771b5543ff66fe8f9bca_par237e4a9ca0b8b807a10bf3329368f378_dat1650457944.jpeg\" \/>\n\t<meta property=\"og:image:width\" content=\"800\" \/>\n\t<meta property=\"og:image:height\" content=\"450\" \/>\n\t<meta property=\"og:image:type\" content=\"image\/jpeg\" \/>\n<meta name=\"author\" content=\"Radio Ljubu\u0161ki\" \/>\n<meta name=\"twitter:card\" content=\"summary_large_image\" \/>\n<meta name=\"twitter:creator\" content=\"@radioljubuski\" \/>\n<meta name=\"twitter:site\" content=\"@radioljubuski\" \/>\n<meta name=\"twitter:label1\" content=\"Napisao\/la\" \/>\n\t<meta name=\"twitter:data1\" content=\"Radio Ljubu\u0161ki\" \/>\n\t<meta name=\"twitter:label2\" content=\"Procijenjeno vrijeme \u010ditanja\" \/>\n\t<meta name=\"twitter:data2\" content=\"5 minuta\" \/>\n<script type=\"application\/ld+json\" class=\"yoast-schema-graph\">{\"@context\":\"https:\\\/\\\/schema.org\",\"@graph\":[{\"@type\":\"Article\",\"@id\":\"https:\\\/\\\/radioljubuski.ba\\\/index.php\\\/2022\\\/04\\\/21\\\/komentar-josipa-vricka-misli-li-izetbegovic-ii-da-su-dzamije-nase-kasarne\\\/#article\",\"isPartOf\":{\"@id\":\"https:\\\/\\\/radioljubuski.ba\\\/index.php\\\/2022\\\/04\\\/21\\\/komentar-josipa-vricka-misli-li-izetbegovic-ii-da-su-dzamije-nase-kasarne\\\/\"},\"author\":{\"name\":\"Radio Ljubu\u0161ki\",\"@id\":\"https:\\\/\\\/radioljubuski.ba\\\/#\\\/schema\\\/person\\\/19fc700381a780f69665d7956c469e3b\"},\"headline\":\"Komentar Josipa Vri\u010dka: Misli (li) Izetbegovi\u0107 II. da su d\u017eamije \u201ena\u0161e kasarne\u201c?!\",\"datePublished\":\"2022-04-21T14:10:42+00:00\",\"mainEntityOfPage\":{\"@id\":\"https:\\\/\\\/radioljubuski.ba\\\/index.php\\\/2022\\\/04\\\/21\\\/komentar-josipa-vricka-misli-li-izetbegovic-ii-da-su-dzamije-nase-kasarne\\\/\"},\"wordCount\":1247,\"publisher\":{\"@id\":\"https:\\\/\\\/radioljubuski.ba\\\/#organization\"},\"image\":{\"@id\":\"https:\\\/\\\/radioljubuski.ba\\\/index.php\\\/2022\\\/04\\\/21\\\/komentar-josipa-vricka-misli-li-izetbegovic-ii-da-su-dzamije-nase-kasarne\\\/#primaryimage\"},\"thumbnailUrl\":\"https:\\\/\\\/radioljubuski.ba\\\/wp-content\\\/uploads\\\/2022\\\/04\\\/phpThumb_cache_nedjelja.ba__src696f2d5df571771b5543ff66fe8f9bca_par237e4a9ca0b8b807a10bf3329368f378_dat1650457944.jpeg\",\"articleSection\":[\"BIH i regija\"],\"inLanguage\":\"hr\"},{\"@type\":\"WebPage\",\"@id\":\"https:\\\/\\\/radioljubuski.ba\\\/index.php\\\/2022\\\/04\\\/21\\\/komentar-josipa-vricka-misli-li-izetbegovic-ii-da-su-dzamije-nase-kasarne\\\/\",\"url\":\"https:\\\/\\\/radioljubuski.ba\\\/index.php\\\/2022\\\/04\\\/21\\\/komentar-josipa-vricka-misli-li-izetbegovic-ii-da-su-dzamije-nase-kasarne\\\/\",\"name\":\"Komentar Josipa Vri\u010dka: Misli (li) Izetbegovi\u0107 II. da su d\u017eamije \u201ena\u0161e kasarne\u201c?! - RADIO LJUBU\u0160KI\",\"isPartOf\":{\"@id\":\"https:\\\/\\\/radioljubuski.ba\\\/#website\"},\"primaryImageOfPage\":{\"@id\":\"https:\\\/\\\/radioljubuski.ba\\\/index.php\\\/2022\\\/04\\\/21\\\/komentar-josipa-vricka-misli-li-izetbegovic-ii-da-su-dzamije-nase-kasarne\\\/#primaryimage\"},\"image\":{\"@id\":\"https:\\\/\\\/radioljubuski.ba\\\/index.php\\\/2022\\\/04\\\/21\\\/komentar-josipa-vricka-misli-li-izetbegovic-ii-da-su-dzamije-nase-kasarne\\\/#primaryimage\"},\"thumbnailUrl\":\"https:\\\/\\\/radioljubuski.ba\\\/wp-content\\\/uploads\\\/2022\\\/04\\\/phpThumb_cache_nedjelja.ba__src696f2d5df571771b5543ff66fe8f9bca_par237e4a9ca0b8b807a10bf3329368f378_dat1650457944.jpeg\",\"datePublished\":\"2022-04-21T14:10:42+00:00\",\"breadcrumb\":{\"@id\":\"https:\\\/\\\/radioljubuski.ba\\\/index.php\\\/2022\\\/04\\\/21\\\/komentar-josipa-vricka-misli-li-izetbegovic-ii-da-su-dzamije-nase-kasarne\\\/#breadcrumb\"},\"inLanguage\":\"hr\",\"potentialAction\":[{\"@type\":\"ReadAction\",\"target\":[\"https:\\\/\\\/radioljubuski.ba\\\/index.php\\\/2022\\\/04\\\/21\\\/komentar-josipa-vricka-misli-li-izetbegovic-ii-da-su-dzamije-nase-kasarne\\\/\"]}]},{\"@type\":\"ImageObject\",\"inLanguage\":\"hr\",\"@id\":\"https:\\\/\\\/radioljubuski.ba\\\/index.php\\\/2022\\\/04\\\/21\\\/komentar-josipa-vricka-misli-li-izetbegovic-ii-da-su-dzamije-nase-kasarne\\\/#primaryimage\",\"url\":\"https:\\\/\\\/radioljubuski.ba\\\/wp-content\\\/uploads\\\/2022\\\/04\\\/phpThumb_cache_nedjelja.ba__src696f2d5df571771b5543ff66fe8f9bca_par237e4a9ca0b8b807a10bf3329368f378_dat1650457944.jpeg\",\"contentUrl\":\"https:\\\/\\\/radioljubuski.ba\\\/wp-content\\\/uploads\\\/2022\\\/04\\\/phpThumb_cache_nedjelja.ba__src696f2d5df571771b5543ff66fe8f9bca_par237e4a9ca0b8b807a10bf3329368f378_dat1650457944.jpeg\",\"width\":800,\"height\":450},{\"@type\":\"BreadcrumbList\",\"@id\":\"https:\\\/\\\/radioljubuski.ba\\\/index.php\\\/2022\\\/04\\\/21\\\/komentar-josipa-vricka-misli-li-izetbegovic-ii-da-su-dzamije-nase-kasarne\\\/#breadcrumb\",\"itemListElement\":[{\"@type\":\"ListItem\",\"position\":1,\"name\":\"Po\u010detna stranica\",\"item\":\"https:\\\/\\\/radioljubuski.ba\\\/\"},{\"@type\":\"ListItem\",\"position\":2,\"name\":\"Komentar Josipa Vri\u010dka: Misli (li) Izetbegovi\u0107 II. da su d\u017eamije \u201ena\u0161e kasarne\u201c?!\"}]},{\"@type\":\"WebSite\",\"@id\":\"https:\\\/\\\/radioljubuski.ba\\\/#website\",\"url\":\"https:\\\/\\\/radioljubuski.ba\\\/\",\"name\":\"Radio Ljubu\u0161ki\",\"description\":\"Sun\u010dana frekvencija Hercegovine\",\"publisher\":{\"@id\":\"https:\\\/\\\/radioljubuski.ba\\\/#organization\"},\"potentialAction\":[{\"@type\":\"SearchAction\",\"target\":{\"@type\":\"EntryPoint\",\"urlTemplate\":\"https:\\\/\\\/radioljubuski.ba\\\/?s={search_term_string}\"},\"query-input\":{\"@type\":\"PropertyValueSpecification\",\"valueRequired\":true,\"valueName\":\"search_term_string\"}}],\"inLanguage\":\"hr\"},{\"@type\":\"Organization\",\"@id\":\"https:\\\/\\\/radioljubuski.ba\\\/#organization\",\"name\":\"Radio Ljubu\u0161ki\",\"url\":\"https:\\\/\\\/radioljubuski.ba\\\/\",\"logo\":{\"@type\":\"ImageObject\",\"inLanguage\":\"hr\",\"@id\":\"https:\\\/\\\/radioljubuski.ba\\\/#\\\/schema\\\/logo\\\/image\\\/\",\"url\":\"https:\\\/\\\/radioljubuski.ba\\\/wp-content\\\/uploads\\\/2021\\\/02\\\/cropped-Radio_Ljubuski_logo1.jpg\",\"contentUrl\":\"https:\\\/\\\/radioljubuski.ba\\\/wp-content\\\/uploads\\\/2021\\\/02\\\/cropped-Radio_Ljubuski_logo1.jpg\",\"width\":512,\"height\":512,\"caption\":\"Radio Ljubu\u0161ki\"},\"image\":{\"@id\":\"https:\\\/\\\/radioljubuski.ba\\\/#\\\/schema\\\/logo\\\/image\\\/\"},\"sameAs\":[\"https:\\\/\\\/www.facebook.com\\\/Radiio-Ljubuski-1490835324566332\",\"https:\\\/\\\/x.com\\\/radioljubuski\",\"https:\\\/\\\/hr.linkedin.com\\\/company\\\/radio-ljubuski\",\"https:\\\/\\\/www.youtube.com\\\/channel\\\/UCHYaeO_n0Db3tjNGudGpXyw\"]},{\"@type\":\"Person\",\"@id\":\"https:\\\/\\\/radioljubuski.ba\\\/#\\\/schema\\\/person\\\/19fc700381a780f69665d7956c469e3b\",\"name\":\"Radio Ljubu\u0161ki\"}]}<\/script>\n<!-- \/ Yoast SEO plugin. -->","yoast_head_json":{"title":"Komentar Josipa Vri\u010dka: Misli (li) Izetbegovi\u0107 II. da su d\u017eamije \u201ena\u0161e kasarne\u201c?! - RADIO LJUBU\u0160KI","robots":{"index":"index","follow":"follow","max-snippet":"max-snippet:-1","max-image-preview":"max-image-preview:large","max-video-preview":"max-video-preview:-1"},"canonical":"https:\/\/radioljubuski.ba\/index.php\/2022\/04\/21\/komentar-josipa-vricka-misli-li-izetbegovic-ii-da-su-dzamije-nase-kasarne\/","og_locale":"hr_HR","og_type":"article","og_title":"Komentar Josipa Vri\u010dka: Misli (li) Izetbegovi\u0107 II. da su d\u017eamije \u201ena\u0161e kasarne\u201c?! - RADIO LJUBU\u0160KI","og_description":"Bilo je to prije gotovo \u010detvrt stolje\u0107a kada je istambulski gradona\u010delnik egzaltirano zapojio: (i) \u201cmunare su na\u0161a koplja\u201d i svr\u0161io u zatvoru. Danas njegov sarajevski (dvostruki!) kum vazi da dok su d\u017eamije pune, on mirno spava. I zavr\u0161it \u0107e u \u2013 Predsjedni\u0161tvu BiH. O tempora, o mores! Pi\u0161e: Josip Vri\u010dko, Katoli\u010dki tjednik Prije nekoliko godina [&hellip;]","og_url":"https:\/\/radioljubuski.ba\/index.php\/2022\/04\/21\/komentar-josipa-vricka-misli-li-izetbegovic-ii-da-su-dzamije-nase-kasarne\/","og_site_name":"RADIO LJUBU\u0160KI","article_publisher":"https:\/\/www.facebook.com\/Radiio-Ljubuski-1490835324566332","article_published_time":"2022-04-21T14:10:42+00:00","og_image":[{"width":800,"height":450,"url":"https:\/\/radioljubuski.ba\/wp-content\/uploads\/2022\/04\/phpThumb_cache_nedjelja.ba__src696f2d5df571771b5543ff66fe8f9bca_par237e4a9ca0b8b807a10bf3329368f378_dat1650457944.jpeg","type":"image\/jpeg"}],"author":"Radio Ljubu\u0161ki","twitter_card":"summary_large_image","twitter_creator":"@radioljubuski","twitter_site":"@radioljubuski","twitter_misc":{"Napisao\/la":"Radio Ljubu\u0161ki","Procijenjeno vrijeme \u010ditanja":"5 minuta"},"schema":{"@context":"https:\/\/schema.org","@graph":[{"@type":"Article","@id":"https:\/\/radioljubuski.ba\/index.php\/2022\/04\/21\/komentar-josipa-vricka-misli-li-izetbegovic-ii-da-su-dzamije-nase-kasarne\/#article","isPartOf":{"@id":"https:\/\/radioljubuski.ba\/index.php\/2022\/04\/21\/komentar-josipa-vricka-misli-li-izetbegovic-ii-da-su-dzamije-nase-kasarne\/"},"author":{"name":"Radio Ljubu\u0161ki","@id":"https:\/\/radioljubuski.ba\/#\/schema\/person\/19fc700381a780f69665d7956c469e3b"},"headline":"Komentar Josipa Vri\u010dka: Misli (li) Izetbegovi\u0107 II. da su d\u017eamije \u201ena\u0161e kasarne\u201c?!","datePublished":"2022-04-21T14:10:42+00:00","mainEntityOfPage":{"@id":"https:\/\/radioljubuski.ba\/index.php\/2022\/04\/21\/komentar-josipa-vricka-misli-li-izetbegovic-ii-da-su-dzamije-nase-kasarne\/"},"wordCount":1247,"publisher":{"@id":"https:\/\/radioljubuski.ba\/#organization"},"image":{"@id":"https:\/\/radioljubuski.ba\/index.php\/2022\/04\/21\/komentar-josipa-vricka-misli-li-izetbegovic-ii-da-su-dzamije-nase-kasarne\/#primaryimage"},"thumbnailUrl":"https:\/\/radioljubuski.ba\/wp-content\/uploads\/2022\/04\/phpThumb_cache_nedjelja.ba__src696f2d5df571771b5543ff66fe8f9bca_par237e4a9ca0b8b807a10bf3329368f378_dat1650457944.jpeg","articleSection":["BIH i regija"],"inLanguage":"hr"},{"@type":"WebPage","@id":"https:\/\/radioljubuski.ba\/index.php\/2022\/04\/21\/komentar-josipa-vricka-misli-li-izetbegovic-ii-da-su-dzamije-nase-kasarne\/","url":"https:\/\/radioljubuski.ba\/index.php\/2022\/04\/21\/komentar-josipa-vricka-misli-li-izetbegovic-ii-da-su-dzamije-nase-kasarne\/","name":"Komentar Josipa Vri\u010dka: Misli (li) Izetbegovi\u0107 II. da su d\u017eamije \u201ena\u0161e kasarne\u201c?! - RADIO LJUBU\u0160KI","isPartOf":{"@id":"https:\/\/radioljubuski.ba\/#website"},"primaryImageOfPage":{"@id":"https:\/\/radioljubuski.ba\/index.php\/2022\/04\/21\/komentar-josipa-vricka-misli-li-izetbegovic-ii-da-su-dzamije-nase-kasarne\/#primaryimage"},"image":{"@id":"https:\/\/radioljubuski.ba\/index.php\/2022\/04\/21\/komentar-josipa-vricka-misli-li-izetbegovic-ii-da-su-dzamije-nase-kasarne\/#primaryimage"},"thumbnailUrl":"https:\/\/radioljubuski.ba\/wp-content\/uploads\/2022\/04\/phpThumb_cache_nedjelja.ba__src696f2d5df571771b5543ff66fe8f9bca_par237e4a9ca0b8b807a10bf3329368f378_dat1650457944.jpeg","datePublished":"2022-04-21T14:10:42+00:00","breadcrumb":{"@id":"https:\/\/radioljubuski.ba\/index.php\/2022\/04\/21\/komentar-josipa-vricka-misli-li-izetbegovic-ii-da-su-dzamije-nase-kasarne\/#breadcrumb"},"inLanguage":"hr","potentialAction":[{"@type":"ReadAction","target":["https:\/\/radioljubuski.ba\/index.php\/2022\/04\/21\/komentar-josipa-vricka-misli-li-izetbegovic-ii-da-su-dzamije-nase-kasarne\/"]}]},{"@type":"ImageObject","inLanguage":"hr","@id":"https:\/\/radioljubuski.ba\/index.php\/2022\/04\/21\/komentar-josipa-vricka-misli-li-izetbegovic-ii-da-su-dzamije-nase-kasarne\/#primaryimage","url":"https:\/\/radioljubuski.ba\/wp-content\/uploads\/2022\/04\/phpThumb_cache_nedjelja.ba__src696f2d5df571771b5543ff66fe8f9bca_par237e4a9ca0b8b807a10bf3329368f378_dat1650457944.jpeg","contentUrl":"https:\/\/radioljubuski.ba\/wp-content\/uploads\/2022\/04\/phpThumb_cache_nedjelja.ba__src696f2d5df571771b5543ff66fe8f9bca_par237e4a9ca0b8b807a10bf3329368f378_dat1650457944.jpeg","width":800,"height":450},{"@type":"BreadcrumbList","@id":"https:\/\/radioljubuski.ba\/index.php\/2022\/04\/21\/komentar-josipa-vricka-misli-li-izetbegovic-ii-da-su-dzamije-nase-kasarne\/#breadcrumb","itemListElement":[{"@type":"ListItem","position":1,"name":"Po\u010detna stranica","item":"https:\/\/radioljubuski.ba\/"},{"@type":"ListItem","position":2,"name":"Komentar Josipa Vri\u010dka: Misli (li) Izetbegovi\u0107 II. da su d\u017eamije \u201ena\u0161e kasarne\u201c?!"}]},{"@type":"WebSite","@id":"https:\/\/radioljubuski.ba\/#website","url":"https:\/\/radioljubuski.ba\/","name":"Radio Ljubu\u0161ki","description":"Sun\u010dana frekvencija Hercegovine","publisher":{"@id":"https:\/\/radioljubuski.ba\/#organization"},"potentialAction":[{"@type":"SearchAction","target":{"@type":"EntryPoint","urlTemplate":"https:\/\/radioljubuski.ba\/?s={search_term_string}"},"query-input":{"@type":"PropertyValueSpecification","valueRequired":true,"valueName":"search_term_string"}}],"inLanguage":"hr"},{"@type":"Organization","@id":"https:\/\/radioljubuski.ba\/#organization","name":"Radio Ljubu\u0161ki","url":"https:\/\/radioljubuski.ba\/","logo":{"@type":"ImageObject","inLanguage":"hr","@id":"https:\/\/radioljubuski.ba\/#\/schema\/logo\/image\/","url":"https:\/\/radioljubuski.ba\/wp-content\/uploads\/2021\/02\/cropped-Radio_Ljubuski_logo1.jpg","contentUrl":"https:\/\/radioljubuski.ba\/wp-content\/uploads\/2021\/02\/cropped-Radio_Ljubuski_logo1.jpg","width":512,"height":512,"caption":"Radio Ljubu\u0161ki"},"image":{"@id":"https:\/\/radioljubuski.ba\/#\/schema\/logo\/image\/"},"sameAs":["https:\/\/www.facebook.com\/Radiio-Ljubuski-1490835324566332","https:\/\/x.com\/radioljubuski","https:\/\/hr.linkedin.com\/company\/radio-ljubuski","https:\/\/www.youtube.com\/channel\/UCHYaeO_n0Db3tjNGudGpXyw"]},{"@type":"Person","@id":"https:\/\/radioljubuski.ba\/#\/schema\/person\/19fc700381a780f69665d7956c469e3b","name":"Radio Ljubu\u0161ki"}]}},"_links":{"self":[{"href":"https:\/\/radioljubuski.ba\/index.php\/wp-json\/wp\/v2\/posts\/134960","targetHints":{"allow":["GET"]}}],"collection":[{"href":"https:\/\/radioljubuski.ba\/index.php\/wp-json\/wp\/v2\/posts"}],"about":[{"href":"https:\/\/radioljubuski.ba\/index.php\/wp-json\/wp\/v2\/types\/post"}],"author":[{"embeddable":true,"href":"https:\/\/radioljubuski.ba\/index.php\/wp-json\/wp\/v2\/users\/2"}],"replies":[{"embeddable":true,"href":"https:\/\/radioljubuski.ba\/index.php\/wp-json\/wp\/v2\/comments?post=134960"}],"version-history":[{"count":1,"href":"https:\/\/radioljubuski.ba\/index.php\/wp-json\/wp\/v2\/posts\/134960\/revisions"}],"predecessor-version":[{"id":134962,"href":"https:\/\/radioljubuski.ba\/index.php\/wp-json\/wp\/v2\/posts\/134960\/revisions\/134962"}],"wp:featuredmedia":[{"embeddable":true,"href":"https:\/\/radioljubuski.ba\/index.php\/wp-json\/wp\/v2\/media\/134961"}],"wp:attachment":[{"href":"https:\/\/radioljubuski.ba\/index.php\/wp-json\/wp\/v2\/media?parent=134960"}],"wp:term":[{"taxonomy":"category","embeddable":true,"href":"https:\/\/radioljubuski.ba\/index.php\/wp-json\/wp\/v2\/categories?post=134960"},{"taxonomy":"post_tag","embeddable":true,"href":"https:\/\/radioljubuski.ba\/index.php\/wp-json\/wp\/v2\/tags?post=134960"}],"curies":[{"name":"wp","href":"https:\/\/api.w.org\/{rel}","templated":true}]}}