{"id":135016,"date":"2022-04-22T08:13:28","date_gmt":"2022-04-22T07:13:28","guid":{"rendered":"https:\/\/radioljubuski.ba\/?p=135016"},"modified":"2022-04-22T08:13:29","modified_gmt":"2022-04-22T07:13:29","slug":"zbog-ljubavi-se-odrekla-milijuna-i-titule-princeze-a-evo-sto-sada-radi","status":"publish","type":"post","link":"https:\/\/radioljubuski.ba\/index.php\/2022\/04\/22\/zbog-ljubavi-se-odrekla-milijuna-i-titule-princeze-a-evo-sto-sada-radi\/","title":{"rendered":"Zbog ljubavi se odrekla milijuna i titule princeze, a evo \u0161to sada radi"},"content":{"rendered":"\n<p>Biv\u0161a japanska princeza Mako Komuro navodno radi kao volonterka u njujor\u0161kom Muzeju umjetnosti Metropolitan i to nakon \u0161to se odrekla svoje titule i 1,3 milijuna dolara, jer se udala za kolegu s fakulteta u kojeg se zaljubila. 30-godi\u0161nja Mako brine o azijskoj zbirci umjetnina kultnog muzeja, poma\u017eu\u0107i u sastavljanju izlo\u017ebe slika inspiriranih \u017eivotom redovnika iz 13. stolje\u0107a koji je uveo budizam u Japan, prenosi Japan Times.<\/p>\n\n\n\n<p><strong>Platila cijenu<\/strong><\/p>\n\n\n\n<p>Muzej je ina\u010de udaljen tek 10 minuta vo\u017enje od luksuznog jednosobnog stana u Hell\u2019s Kitchenu koji dijeli sa suprugom i odvjetnikom Keijem Komurom. Par je bio zaru\u010den osam godina prije nego \u0161to su se vjen\u010dali pro\u0161log listopada na maloj gra\u0111anskoj ceremoniji u Tokiju, a ona je tu cijenu skupo platila. Naime, samo mu\u0161ki \u010dlanovi japanske carske obitelji smiju stupiti u brak s osobama koje nisu njezini \u010dlanovi, a Makina odluka da se uda iz ljubavi zna\u010dila je da joj je titula princeze oduzeta i da njeni mu\u0161ki potomci ne\u0107e biti u liniji naslje\u0111ivanja trona carstva. Mako i Kei upoznali su se 2013. kada su oboje studirali na Me\u0111unarodnom kr\u0161\u0107anskom sveu\u010dili\u0161tu, gdje je ona studirala umjetnost i kulturnu ba\u0161tinu, a nastavila je raditi kao posebna istra\u017eiva\u010dica u Muzeju Sveu\u010dili\u0161ta u Tokiju.<\/p>\n\n\n\n<p><strong>Odbila novac<\/strong><\/p>\n\n\n\n<p>Zbog njihova vjen\u010danja odr\u017ean je i prosvjed, a nezadovoljni gra\u0111ani Japana bunili su se protiv njihova braka. Ne\u0107akinji japanskog cara zbog svega \u0161to se doga\u0111alo dijagnosticiran je PTSP, no nikada nije odustala od toga da se uda za ljubav svog \u017eivota, iako je zbog toga ostala bez gotovo svega. Japanska kraljevska obitelj svojim \u017eenskim \u010dlanicama daje po milijun dolara kada napuste obitelj, a obi\u010daj je da se tim \u010dinom odri\u010du i svih svojih kraljevskih titula. Mako je novac odbila te je postala prva \u010dlanica tamo\u0161nje kraljevske obitelji koja je odbila sve povlastice koje joj obitelj nudi. Princeza je unuka biv\u0161eg cara Akihita od Japana, koji je abdicirao 2019. godine te ga je na tronu naslijedio njegov sin Naruhito, \u010dija je Mako ne\u0107akinja. Sa svojim novope\u010denim suprugom Mako je jo\u0161 od srednjo\u0161kolskih dana, a zbog kontroverznog braka jer Kei nije iz kraljevske obitelji, ve\u0107 pu\u010danin, vjen\u010danje su odga\u0111ali nekoliko godina.<\/p>\n\n\n\n<p>Izvor: <strong>Vrisak.info<\/strong><\/p>\n","protected":false},"excerpt":{"rendered":"<p>Biv\u0161a japanska princeza Mako Komuro navodno radi kao volonterka u njujor\u0161kom Muzeju umjetnosti Metropolitan i to nakon \u0161to se odrekla svoje titule i 1,3 milijuna dolara, jer se udala za kolegu s fakulteta u kojeg se zaljubila. 30-godi\u0161nja Mako brine o azijskoj zbirci umjetnina kultnog muzeja, poma\u017eu\u0107i u sastavljanju izlo\u017ebe slika inspiriranih \u017eivotom redovnika iz [&hellip;]<\/p>\n","protected":false},"author":2,"featured_media":0,"comment_status":"closed","ping_status":"closed","sticky":false,"template":"","format":"standard","meta":{"h5ap_radio_sources":[],"footnotes":""},"categories":[1],"tags":[],"class_list":["post-135016","post","type-post","status-publish","format-standard","hentry","category-bihiregija"],"yoast_head":"<!-- This site is optimized with the Yoast SEO plugin v27.4 - https:\/\/yoast.com\/product\/yoast-seo-wordpress\/ -->\n<title>Zbog ljubavi se odrekla milijuna i titule princeze, a evo \u0161to sada radi - RADIO LJUBU\u0160KI<\/title>\n<meta name=\"robots\" content=\"index, follow, max-snippet:-1, max-image-preview:large, max-video-preview:-1\" \/>\n<link rel=\"canonical\" href=\"https:\/\/radioljubuski.ba\/index.php\/2022\/04\/22\/zbog-ljubavi-se-odrekla-milijuna-i-titule-princeze-a-evo-sto-sada-radi\/\" \/>\n<meta property=\"og:locale\" content=\"hr_HR\" \/>\n<meta property=\"og:type\" content=\"article\" \/>\n<meta property=\"og:title\" content=\"Zbog ljubavi se odrekla milijuna i titule princeze, a evo \u0161to sada radi - RADIO LJUBU\u0160KI\" \/>\n<meta property=\"og:description\" content=\"Biv\u0161a japanska princeza Mako Komuro navodno radi kao volonterka u njujor\u0161kom Muzeju umjetnosti Metropolitan i to nakon \u0161to se odrekla svoje titule i 1,3 milijuna dolara, jer se udala za kolegu s fakulteta u kojeg se zaljubila. 30-godi\u0161nja Mako brine o azijskoj zbirci umjetnina kultnog muzeja, poma\u017eu\u0107i u sastavljanju izlo\u017ebe slika inspiriranih \u017eivotom redovnika iz [&hellip;]\" \/>\n<meta property=\"og:url\" content=\"https:\/\/radioljubuski.ba\/index.php\/2022\/04\/22\/zbog-ljubavi-se-odrekla-milijuna-i-titule-princeze-a-evo-sto-sada-radi\/\" \/>\n<meta property=\"og:site_name\" content=\"RADIO LJUBU\u0160KI\" \/>\n<meta property=\"article:publisher\" content=\"https:\/\/www.facebook.com\/Radiio-Ljubuski-1490835324566332\" \/>\n<meta property=\"article:published_time\" content=\"2022-04-22T07:13:28+00:00\" \/>\n<meta property=\"article:modified_time\" content=\"2022-04-22T07:13:29+00:00\" \/>\n<meta property=\"og:image\" content=\"https:\/\/radioljubuski.ba\/wp-content\/uploads\/2022\/04\/mako.jpg\" \/>\n\t<meta property=\"og:image:width\" content=\"1024\" \/>\n\t<meta property=\"og:image:height\" content=\"771\" \/>\n\t<meta property=\"og:image:type\" content=\"image\/jpeg\" \/>\n<meta name=\"author\" content=\"Radio Ljubu\u0161ki\" \/>\n<meta name=\"twitter:card\" content=\"summary_large_image\" \/>\n<meta name=\"twitter:creator\" content=\"@radioljubuski\" \/>\n<meta name=\"twitter:site\" content=\"@radioljubuski\" \/>\n<meta name=\"twitter:label1\" content=\"Napisao\/la\" \/>\n\t<meta name=\"twitter:data1\" content=\"Radio Ljubu\u0161ki\" \/>\n\t<meta name=\"twitter:label2\" content=\"Procijenjeno vrijeme \u010ditanja\" \/>\n\t<meta name=\"twitter:data2\" content=\"2 minute\" \/>\n<script type=\"application\/ld+json\" class=\"yoast-schema-graph\">{\"@context\":\"https:\\\/\\\/schema.org\",\"@graph\":[{\"@type\":\"Article\",\"@id\":\"https:\\\/\\\/radioljubuski.ba\\\/index.php\\\/2022\\\/04\\\/22\\\/zbog-ljubavi-se-odrekla-milijuna-i-titule-princeze-a-evo-sto-sada-radi\\\/#article\",\"isPartOf\":{\"@id\":\"https:\\\/\\\/radioljubuski.ba\\\/index.php\\\/2022\\\/04\\\/22\\\/zbog-ljubavi-se-odrekla-milijuna-i-titule-princeze-a-evo-sto-sada-radi\\\/\"},\"author\":{\"name\":\"Radio Ljubu\u0161ki\",\"@id\":\"https:\\\/\\\/radioljubuski.ba\\\/#\\\/schema\\\/person\\\/19fc700381a780f69665d7956c469e3b\"},\"headline\":\"Zbog ljubavi se odrekla milijuna i titule princeze, a evo \u0161to sada radi\",\"datePublished\":\"2022-04-22T07:13:28+00:00\",\"dateModified\":\"2022-04-22T07:13:29+00:00\",\"mainEntityOfPage\":{\"@id\":\"https:\\\/\\\/radioljubuski.ba\\\/index.php\\\/2022\\\/04\\\/22\\\/zbog-ljubavi-se-odrekla-milijuna-i-titule-princeze-a-evo-sto-sada-radi\\\/\"},\"wordCount\":403,\"publisher\":{\"@id\":\"https:\\\/\\\/radioljubuski.ba\\\/#organization\"},\"articleSection\":[\"BIH i regija\"],\"inLanguage\":\"hr\"},{\"@type\":\"WebPage\",\"@id\":\"https:\\\/\\\/radioljubuski.ba\\\/index.php\\\/2022\\\/04\\\/22\\\/zbog-ljubavi-se-odrekla-milijuna-i-titule-princeze-a-evo-sto-sada-radi\\\/\",\"url\":\"https:\\\/\\\/radioljubuski.ba\\\/index.php\\\/2022\\\/04\\\/22\\\/zbog-ljubavi-se-odrekla-milijuna-i-titule-princeze-a-evo-sto-sada-radi\\\/\",\"name\":\"Zbog ljubavi se odrekla milijuna i titule princeze, a evo \u0161to sada radi - RADIO LJUBU\u0160KI\",\"isPartOf\":{\"@id\":\"https:\\\/\\\/radioljubuski.ba\\\/#website\"},\"datePublished\":\"2022-04-22T07:13:28+00:00\",\"dateModified\":\"2022-04-22T07:13:29+00:00\",\"breadcrumb\":{\"@id\":\"https:\\\/\\\/radioljubuski.ba\\\/index.php\\\/2022\\\/04\\\/22\\\/zbog-ljubavi-se-odrekla-milijuna-i-titule-princeze-a-evo-sto-sada-radi\\\/#breadcrumb\"},\"inLanguage\":\"hr\",\"potentialAction\":[{\"@type\":\"ReadAction\",\"target\":[\"https:\\\/\\\/radioljubuski.ba\\\/index.php\\\/2022\\\/04\\\/22\\\/zbog-ljubavi-se-odrekla-milijuna-i-titule-princeze-a-evo-sto-sada-radi\\\/\"]}]},{\"@type\":\"BreadcrumbList\",\"@id\":\"https:\\\/\\\/radioljubuski.ba\\\/index.php\\\/2022\\\/04\\\/22\\\/zbog-ljubavi-se-odrekla-milijuna-i-titule-princeze-a-evo-sto-sada-radi\\\/#breadcrumb\",\"itemListElement\":[{\"@type\":\"ListItem\",\"position\":1,\"name\":\"Po\u010detna stranica\",\"item\":\"https:\\\/\\\/radioljubuski.ba\\\/\"},{\"@type\":\"ListItem\",\"position\":2,\"name\":\"Zbog ljubavi se odrekla milijuna i titule princeze, a evo \u0161to sada radi\"}]},{\"@type\":\"WebSite\",\"@id\":\"https:\\\/\\\/radioljubuski.ba\\\/#website\",\"url\":\"https:\\\/\\\/radioljubuski.ba\\\/\",\"name\":\"Radio Ljubu\u0161ki\",\"description\":\"Sun\u010dana frekvencija Hercegovine\",\"publisher\":{\"@id\":\"https:\\\/\\\/radioljubuski.ba\\\/#organization\"},\"potentialAction\":[{\"@type\":\"SearchAction\",\"target\":{\"@type\":\"EntryPoint\",\"urlTemplate\":\"https:\\\/\\\/radioljubuski.ba\\\/?s={search_term_string}\"},\"query-input\":{\"@type\":\"PropertyValueSpecification\",\"valueRequired\":true,\"valueName\":\"search_term_string\"}}],\"inLanguage\":\"hr\"},{\"@type\":\"Organization\",\"@id\":\"https:\\\/\\\/radioljubuski.ba\\\/#organization\",\"name\":\"Radio Ljubu\u0161ki\",\"url\":\"https:\\\/\\\/radioljubuski.ba\\\/\",\"logo\":{\"@type\":\"ImageObject\",\"inLanguage\":\"hr\",\"@id\":\"https:\\\/\\\/radioljubuski.ba\\\/#\\\/schema\\\/logo\\\/image\\\/\",\"url\":\"https:\\\/\\\/radioljubuski.ba\\\/wp-content\\\/uploads\\\/2021\\\/02\\\/cropped-Radio_Ljubuski_logo1.jpg\",\"contentUrl\":\"https:\\\/\\\/radioljubuski.ba\\\/wp-content\\\/uploads\\\/2021\\\/02\\\/cropped-Radio_Ljubuski_logo1.jpg\",\"width\":512,\"height\":512,\"caption\":\"Radio Ljubu\u0161ki\"},\"image\":{\"@id\":\"https:\\\/\\\/radioljubuski.ba\\\/#\\\/schema\\\/logo\\\/image\\\/\"},\"sameAs\":[\"https:\\\/\\\/www.facebook.com\\\/Radiio-Ljubuski-1490835324566332\",\"https:\\\/\\\/x.com\\\/radioljubuski\",\"https:\\\/\\\/hr.linkedin.com\\\/company\\\/radio-ljubuski\",\"https:\\\/\\\/www.youtube.com\\\/channel\\\/UCHYaeO_n0Db3tjNGudGpXyw\"]},{\"@type\":\"Person\",\"@id\":\"https:\\\/\\\/radioljubuski.ba\\\/#\\\/schema\\\/person\\\/19fc700381a780f69665d7956c469e3b\",\"name\":\"Radio Ljubu\u0161ki\"}]}<\/script>\n<!-- \/ Yoast SEO plugin. -->","yoast_head_json":{"title":"Zbog ljubavi se odrekla milijuna i titule princeze, a evo \u0161to sada radi - RADIO LJUBU\u0160KI","robots":{"index":"index","follow":"follow","max-snippet":"max-snippet:-1","max-image-preview":"max-image-preview:large","max-video-preview":"max-video-preview:-1"},"canonical":"https:\/\/radioljubuski.ba\/index.php\/2022\/04\/22\/zbog-ljubavi-se-odrekla-milijuna-i-titule-princeze-a-evo-sto-sada-radi\/","og_locale":"hr_HR","og_type":"article","og_title":"Zbog ljubavi se odrekla milijuna i titule princeze, a evo \u0161to sada radi - RADIO LJUBU\u0160KI","og_description":"Biv\u0161a japanska princeza Mako Komuro navodno radi kao volonterka u njujor\u0161kom Muzeju umjetnosti Metropolitan i to nakon \u0161to se odrekla svoje titule i 1,3 milijuna dolara, jer se udala za kolegu s fakulteta u kojeg se zaljubila. 30-godi\u0161nja Mako brine o azijskoj zbirci umjetnina kultnog muzeja, poma\u017eu\u0107i u sastavljanju izlo\u017ebe slika inspiriranih \u017eivotom redovnika iz [&hellip;]","og_url":"https:\/\/radioljubuski.ba\/index.php\/2022\/04\/22\/zbog-ljubavi-se-odrekla-milijuna-i-titule-princeze-a-evo-sto-sada-radi\/","og_site_name":"RADIO LJUBU\u0160KI","article_publisher":"https:\/\/www.facebook.com\/Radiio-Ljubuski-1490835324566332","article_published_time":"2022-04-22T07:13:28+00:00","article_modified_time":"2022-04-22T07:13:29+00:00","og_image":[{"width":1024,"height":771,"url":"https:\/\/radioljubuski.ba\/wp-content\/uploads\/2022\/04\/mako.jpg","type":"image\/jpeg"}],"author":"Radio Ljubu\u0161ki","twitter_card":"summary_large_image","twitter_creator":"@radioljubuski","twitter_site":"@radioljubuski","twitter_misc":{"Napisao\/la":"Radio Ljubu\u0161ki","Procijenjeno vrijeme \u010ditanja":"2 minute"},"schema":{"@context":"https:\/\/schema.org","@graph":[{"@type":"Article","@id":"https:\/\/radioljubuski.ba\/index.php\/2022\/04\/22\/zbog-ljubavi-se-odrekla-milijuna-i-titule-princeze-a-evo-sto-sada-radi\/#article","isPartOf":{"@id":"https:\/\/radioljubuski.ba\/index.php\/2022\/04\/22\/zbog-ljubavi-se-odrekla-milijuna-i-titule-princeze-a-evo-sto-sada-radi\/"},"author":{"name":"Radio Ljubu\u0161ki","@id":"https:\/\/radioljubuski.ba\/#\/schema\/person\/19fc700381a780f69665d7956c469e3b"},"headline":"Zbog ljubavi se odrekla milijuna i titule princeze, a evo \u0161to sada radi","datePublished":"2022-04-22T07:13:28+00:00","dateModified":"2022-04-22T07:13:29+00:00","mainEntityOfPage":{"@id":"https:\/\/radioljubuski.ba\/index.php\/2022\/04\/22\/zbog-ljubavi-se-odrekla-milijuna-i-titule-princeze-a-evo-sto-sada-radi\/"},"wordCount":403,"publisher":{"@id":"https:\/\/radioljubuski.ba\/#organization"},"articleSection":["BIH i regija"],"inLanguage":"hr"},{"@type":"WebPage","@id":"https:\/\/radioljubuski.ba\/index.php\/2022\/04\/22\/zbog-ljubavi-se-odrekla-milijuna-i-titule-princeze-a-evo-sto-sada-radi\/","url":"https:\/\/radioljubuski.ba\/index.php\/2022\/04\/22\/zbog-ljubavi-se-odrekla-milijuna-i-titule-princeze-a-evo-sto-sada-radi\/","name":"Zbog ljubavi se odrekla milijuna i titule princeze, a evo \u0161to sada radi - RADIO LJUBU\u0160KI","isPartOf":{"@id":"https:\/\/radioljubuski.ba\/#website"},"datePublished":"2022-04-22T07:13:28+00:00","dateModified":"2022-04-22T07:13:29+00:00","breadcrumb":{"@id":"https:\/\/radioljubuski.ba\/index.php\/2022\/04\/22\/zbog-ljubavi-se-odrekla-milijuna-i-titule-princeze-a-evo-sto-sada-radi\/#breadcrumb"},"inLanguage":"hr","potentialAction":[{"@type":"ReadAction","target":["https:\/\/radioljubuski.ba\/index.php\/2022\/04\/22\/zbog-ljubavi-se-odrekla-milijuna-i-titule-princeze-a-evo-sto-sada-radi\/"]}]},{"@type":"BreadcrumbList","@id":"https:\/\/radioljubuski.ba\/index.php\/2022\/04\/22\/zbog-ljubavi-se-odrekla-milijuna-i-titule-princeze-a-evo-sto-sada-radi\/#breadcrumb","itemListElement":[{"@type":"ListItem","position":1,"name":"Po\u010detna stranica","item":"https:\/\/radioljubuski.ba\/"},{"@type":"ListItem","position":2,"name":"Zbog ljubavi se odrekla milijuna i titule princeze, a evo \u0161to sada radi"}]},{"@type":"WebSite","@id":"https:\/\/radioljubuski.ba\/#website","url":"https:\/\/radioljubuski.ba\/","name":"Radio Ljubu\u0161ki","description":"Sun\u010dana frekvencija Hercegovine","publisher":{"@id":"https:\/\/radioljubuski.ba\/#organization"},"potentialAction":[{"@type":"SearchAction","target":{"@type":"EntryPoint","urlTemplate":"https:\/\/radioljubuski.ba\/?s={search_term_string}"},"query-input":{"@type":"PropertyValueSpecification","valueRequired":true,"valueName":"search_term_string"}}],"inLanguage":"hr"},{"@type":"Organization","@id":"https:\/\/radioljubuski.ba\/#organization","name":"Radio Ljubu\u0161ki","url":"https:\/\/radioljubuski.ba\/","logo":{"@type":"ImageObject","inLanguage":"hr","@id":"https:\/\/radioljubuski.ba\/#\/schema\/logo\/image\/","url":"https:\/\/radioljubuski.ba\/wp-content\/uploads\/2021\/02\/cropped-Radio_Ljubuski_logo1.jpg","contentUrl":"https:\/\/radioljubuski.ba\/wp-content\/uploads\/2021\/02\/cropped-Radio_Ljubuski_logo1.jpg","width":512,"height":512,"caption":"Radio Ljubu\u0161ki"},"image":{"@id":"https:\/\/radioljubuski.ba\/#\/schema\/logo\/image\/"},"sameAs":["https:\/\/www.facebook.com\/Radiio-Ljubuski-1490835324566332","https:\/\/x.com\/radioljubuski","https:\/\/hr.linkedin.com\/company\/radio-ljubuski","https:\/\/www.youtube.com\/channel\/UCHYaeO_n0Db3tjNGudGpXyw"]},{"@type":"Person","@id":"https:\/\/radioljubuski.ba\/#\/schema\/person\/19fc700381a780f69665d7956c469e3b","name":"Radio Ljubu\u0161ki"}]}},"_links":{"self":[{"href":"https:\/\/radioljubuski.ba\/index.php\/wp-json\/wp\/v2\/posts\/135016","targetHints":{"allow":["GET"]}}],"collection":[{"href":"https:\/\/radioljubuski.ba\/index.php\/wp-json\/wp\/v2\/posts"}],"about":[{"href":"https:\/\/radioljubuski.ba\/index.php\/wp-json\/wp\/v2\/types\/post"}],"author":[{"embeddable":true,"href":"https:\/\/radioljubuski.ba\/index.php\/wp-json\/wp\/v2\/users\/2"}],"replies":[{"embeddable":true,"href":"https:\/\/radioljubuski.ba\/index.php\/wp-json\/wp\/v2\/comments?post=135016"}],"version-history":[{"count":1,"href":"https:\/\/radioljubuski.ba\/index.php\/wp-json\/wp\/v2\/posts\/135016\/revisions"}],"predecessor-version":[{"id":135018,"href":"https:\/\/radioljubuski.ba\/index.php\/wp-json\/wp\/v2\/posts\/135016\/revisions\/135018"}],"wp:attachment":[{"href":"https:\/\/radioljubuski.ba\/index.php\/wp-json\/wp\/v2\/media?parent=135016"}],"wp:term":[{"taxonomy":"category","embeddable":true,"href":"https:\/\/radioljubuski.ba\/index.php\/wp-json\/wp\/v2\/categories?post=135016"},{"taxonomy":"post_tag","embeddable":true,"href":"https:\/\/radioljubuski.ba\/index.php\/wp-json\/wp\/v2\/tags?post=135016"}],"curies":[{"name":"wp","href":"https:\/\/api.w.org\/{rel}","templated":true}]}}