{"id":135071,"date":"2022-04-22T10:13:05","date_gmt":"2022-04-22T09:13:05","guid":{"rendered":"https:\/\/radioljubuski.ba\/?p=135071"},"modified":"2022-04-22T10:13:06","modified_gmt":"2022-04-22T09:13:06","slug":"u-20-dana-dvaput-se-zarazila-koronom","status":"publish","type":"post","link":"https:\/\/radioljubuski.ba\/index.php\/2022\/04\/22\/u-20-dana-dvaput-se-zarazila-koronom\/","title":{"rendered":"U 20 dana, dvaput se zarazila koronom"},"content":{"rendered":"\n<p>Tridesetjednogodi\u0161nja \u0161panjolska zdravstvena radnica koronavirusom se zarazila dvaput u roku od 20 dana, \u0161to je dosad najkra\u0107i poznati razmak izme\u0111u dviju infekcija, tvrde \u0161panjolski znanstvenici.<\/p>\n\n\n\n<p>Testiranja su pokazala da se \u0160panjolka zarazila dvjema razli\u010ditim varijantama \u2013 deltom krajem prosinca i zatim omikronom u sije\u010dnju.<\/p>\n\n\n\n<p>To je dokaz da se, premda ste ranije preboljeli covid-19 i nakon toga ponovno mo\u017eete zaraziti, \u010dak i ako ste u potpunosti cijepljeni, upozoravaju istra\u017eiva\u010di.<\/p>\n\n\n\n<p>Da bi se govorilo o reinfekciji u Ujedinjenom Kraljevstvu treba pro\u0107i 90 dana izme\u0111u dvaju pozitivnih testova.<\/p>\n\n\n\n<p>Na temelju takve definicije, zdravstveni du\u017enosnici vjeruju da je do po\u010detka aprila gotovo 900.000 ljudi potencijalno dvaput zara\u017eeno koronavirusom.<\/p>\n\n\n\n<p>Te\u0161ko je odrediti to\u010dan broj dvaput zara\u017eenih, jer se samo sekvencioniranjem \u010ditavog genoma mo\u017ee potvrditi da su infekcije uzrokovane razli\u010ditim sojevima virusa, a kod vrlo malo pozitivnih testova primjenjuje se i ovaj postupak.<\/p>\n\n\n\n<p>Nakon prvoga pozitivnog PCR testa kod \u0160panjolke se nisu razvili nikakvi simptomi bolesti, no manje od tri tjedna nakon toga po\u010dela je ka\u0161ljati i dobila je temperaturu zbog \u010dega se podvrgnula jo\u0161 jednome testiranju.<\/p>\n\n\n\n<p>Daljnja analiza testova pokazala je da je pacijentica bila zara\u017eena s dva razli\u010dita soja koronavirusa.<\/p>\n\n\n\n<p>U prezentaciji na Europskom kongresu klini\u010dke mikrobiologije i zaraznih bolesti, autorica studije dr. Gemma Recio je kazala kako ovaj jedinstveni slu\u010daj ukazuje na to da omikron mo\u017ee \u201cizbje\u0107i prethodno ste\u010deni imunitet, bez obzira na to je li ste\u010den prirodnom zarazom ostalim varijantama koronavirusa ili cjepivima\u201d.<\/p>\n\n\n\n<p>\u201cDrugim rije\u010dima, ljudi koji su preboljeli covid-19 ne mogu biti u potpunosti sigurni da su za\u0161ti\u0107eni od ponovne infekcije, \u010dak i ako su u potpunosti cijepljeni\u201d, dodala je.<\/p>\n\n\n\n<p>\u201cUnato\u010d tomu, \u010dini se da i ranija infekcija ostalim varijantama koronavirusa i cijepljenje djelomi\u010dno \u0161tite od razvoja te\u017eeg oblika bolesti i hospitalizacije u osoba koje su se zarazile omikronom\u201d, rekla dr. Recio s Instituta Catala de Salut u \u0161panjolskoj Tarragoni.<\/p>\n\n\n\n<p>Istaknula je da je va\u017eno pratiti ponovne infekcije me\u0111u potpuno cijepljenim osobama, \u0161to \u0107e pridonijeti potrazi za varijantama koje izbjegavaju cjepivo.<\/p>\n\n\n\n<p>Reinfekcije koronavirusom naglo su porasle u prosincu 2021. nakon \u0161to se pojavila puno zaraznija varijanta omikron, a uo\u010den je jo\u0161 jedan porast broja zara\u017eenih kada se po\u010detkom o\u017eujka pojavila ne\u0161to druga\u010dija verzija nazvana BA.2.<\/p>\n\n\n\n<p>Prije toga je jedan posto svih slu\u010dajeva zaraze evidentiranih u Ujedinjenom Kraljevstvu bio evidentiran kao druga infekcija, no to je sada poraslo na 11 posto.<\/p>\n\n\n\n<p>Ve\u0107ina ljudi \u0107e vjerojatno biti zara\u017eena alfa ili delta varijantom te \u0107e se potom ponovno inficirati zaraznijim omikronom.<\/p>\n\n\n\n<p>Znanstvenici predvi\u0111aju da \u0107e na kraju svi preboljeti covid dvaput, a neki vjerojatno i vi\u0161e puta tijekom \u017eivota.<\/p>\n\n\n\n<p>Izvor:pogled.ba<\/p>\n","protected":false},"excerpt":{"rendered":"<p>Tridesetjednogodi\u0161nja \u0161panjolska zdravstvena radnica koronavirusom se zarazila dvaput u roku od 20 dana, \u0161to je dosad najkra\u0107i poznati razmak izme\u0111u dviju infekcija, tvrde \u0161panjolski znanstvenici. Testiranja su pokazala da se \u0160panjolka zarazila dvjema razli\u010ditim varijantama \u2013 deltom krajem prosinca i zatim omikronom u sije\u010dnju. To je dokaz da se, premda ste ranije preboljeli covid-19 i [&hellip;]<\/p>\n","protected":false},"author":2,"featured_media":135072,"comment_status":"closed","ping_status":"closed","sticky":false,"template":"","format":"standard","meta":{"h5ap_radio_sources":[],"footnotes":""},"categories":[1],"tags":[],"class_list":["post-135071","post","type-post","status-publish","format-standard","has-post-thumbnail","hentry","category-bihiregija"],"yoast_head":"<!-- This site is optimized with the Yoast SEO plugin v27.4 - https:\/\/yoast.com\/product\/yoast-seo-wordpress\/ -->\n<title>U 20 dana, dvaput se zarazila koronom - RADIO LJUBU\u0160KI<\/title>\n<meta name=\"robots\" content=\"index, follow, max-snippet:-1, max-image-preview:large, max-video-preview:-1\" \/>\n<link rel=\"canonical\" href=\"https:\/\/radioljubuski.ba\/index.php\/2022\/04\/22\/u-20-dana-dvaput-se-zarazila-koronom\/\" \/>\n<meta property=\"og:locale\" content=\"hr_HR\" \/>\n<meta property=\"og:type\" content=\"article\" \/>\n<meta property=\"og:title\" content=\"U 20 dana, dvaput se zarazila koronom - RADIO LJUBU\u0160KI\" \/>\n<meta property=\"og:description\" content=\"Tridesetjednogodi\u0161nja \u0161panjolska zdravstvena radnica koronavirusom se zarazila dvaput u roku od 20 dana, \u0161to je dosad najkra\u0107i poznati razmak izme\u0111u dviju infekcija, tvrde \u0161panjolski znanstvenici. Testiranja su pokazala da se \u0160panjolka zarazila dvjema razli\u010ditim varijantama \u2013 deltom krajem prosinca i zatim omikronom u sije\u010dnju. To je dokaz da se, premda ste ranije preboljeli covid-19 i [&hellip;]\" \/>\n<meta property=\"og:url\" content=\"https:\/\/radioljubuski.ba\/index.php\/2022\/04\/22\/u-20-dana-dvaput-se-zarazila-koronom\/\" \/>\n<meta property=\"og:site_name\" content=\"RADIO LJUBU\u0160KI\" \/>\n<meta property=\"article:publisher\" content=\"https:\/\/www.facebook.com\/Radiio-Ljubuski-1490835324566332\" \/>\n<meta property=\"article:published_time\" content=\"2022-04-22T09:13:05+00:00\" \/>\n<meta property=\"article:modified_time\" content=\"2022-04-22T09:13:06+00:00\" \/>\n<meta property=\"og:image\" content=\"https:\/\/radioljubuski.ba\/wp-content\/uploads\/2022\/04\/3-2022-04-21-16-21-48-1645093409-glavobolja-koronavirus-900x600-1.jpg\" \/>\n\t<meta property=\"og:image:width\" content=\"1000\" \/>\n\t<meta property=\"og:image:height\" content=\"625\" \/>\n\t<meta property=\"og:image:type\" content=\"image\/jpeg\" \/>\n<meta name=\"author\" content=\"Radio Ljubu\u0161ki\" \/>\n<meta name=\"twitter:card\" content=\"summary_large_image\" \/>\n<meta name=\"twitter:creator\" content=\"@radioljubuski\" \/>\n<meta name=\"twitter:site\" content=\"@radioljubuski\" \/>\n<meta name=\"twitter:label1\" content=\"Napisao\/la\" \/>\n\t<meta name=\"twitter:data1\" content=\"Radio Ljubu\u0161ki\" \/>\n\t<meta name=\"twitter:label2\" content=\"Procijenjeno vrijeme \u010ditanja\" \/>\n\t<meta name=\"twitter:data2\" content=\"2 minute\" \/>\n<script type=\"application\/ld+json\" class=\"yoast-schema-graph\">{\"@context\":\"https:\\\/\\\/schema.org\",\"@graph\":[{\"@type\":\"Article\",\"@id\":\"https:\\\/\\\/radioljubuski.ba\\\/index.php\\\/2022\\\/04\\\/22\\\/u-20-dana-dvaput-se-zarazila-koronom\\\/#article\",\"isPartOf\":{\"@id\":\"https:\\\/\\\/radioljubuski.ba\\\/index.php\\\/2022\\\/04\\\/22\\\/u-20-dana-dvaput-se-zarazila-koronom\\\/\"},\"author\":{\"name\":\"Radio Ljubu\u0161ki\",\"@id\":\"https:\\\/\\\/radioljubuski.ba\\\/#\\\/schema\\\/person\\\/19fc700381a780f69665d7956c469e3b\"},\"headline\":\"U 20 dana, dvaput se zarazila koronom\",\"datePublished\":\"2022-04-22T09:13:05+00:00\",\"dateModified\":\"2022-04-22T09:13:06+00:00\",\"mainEntityOfPage\":{\"@id\":\"https:\\\/\\\/radioljubuski.ba\\\/index.php\\\/2022\\\/04\\\/22\\\/u-20-dana-dvaput-se-zarazila-koronom\\\/\"},\"wordCount\":465,\"publisher\":{\"@id\":\"https:\\\/\\\/radioljubuski.ba\\\/#organization\"},\"image\":{\"@id\":\"https:\\\/\\\/radioljubuski.ba\\\/index.php\\\/2022\\\/04\\\/22\\\/u-20-dana-dvaput-se-zarazila-koronom\\\/#primaryimage\"},\"thumbnailUrl\":\"https:\\\/\\\/radioljubuski.ba\\\/wp-content\\\/uploads\\\/2022\\\/04\\\/3-2022-04-21-16-21-48-1645093409-glavobolja-koronavirus-900x600-1.jpg\",\"articleSection\":[\"BIH i regija\"],\"inLanguage\":\"hr\"},{\"@type\":\"WebPage\",\"@id\":\"https:\\\/\\\/radioljubuski.ba\\\/index.php\\\/2022\\\/04\\\/22\\\/u-20-dana-dvaput-se-zarazila-koronom\\\/\",\"url\":\"https:\\\/\\\/radioljubuski.ba\\\/index.php\\\/2022\\\/04\\\/22\\\/u-20-dana-dvaput-se-zarazila-koronom\\\/\",\"name\":\"U 20 dana, dvaput se zarazila koronom - RADIO LJUBU\u0160KI\",\"isPartOf\":{\"@id\":\"https:\\\/\\\/radioljubuski.ba\\\/#website\"},\"primaryImageOfPage\":{\"@id\":\"https:\\\/\\\/radioljubuski.ba\\\/index.php\\\/2022\\\/04\\\/22\\\/u-20-dana-dvaput-se-zarazila-koronom\\\/#primaryimage\"},\"image\":{\"@id\":\"https:\\\/\\\/radioljubuski.ba\\\/index.php\\\/2022\\\/04\\\/22\\\/u-20-dana-dvaput-se-zarazila-koronom\\\/#primaryimage\"},\"thumbnailUrl\":\"https:\\\/\\\/radioljubuski.ba\\\/wp-content\\\/uploads\\\/2022\\\/04\\\/3-2022-04-21-16-21-48-1645093409-glavobolja-koronavirus-900x600-1.jpg\",\"datePublished\":\"2022-04-22T09:13:05+00:00\",\"dateModified\":\"2022-04-22T09:13:06+00:00\",\"breadcrumb\":{\"@id\":\"https:\\\/\\\/radioljubuski.ba\\\/index.php\\\/2022\\\/04\\\/22\\\/u-20-dana-dvaput-se-zarazila-koronom\\\/#breadcrumb\"},\"inLanguage\":\"hr\",\"potentialAction\":[{\"@type\":\"ReadAction\",\"target\":[\"https:\\\/\\\/radioljubuski.ba\\\/index.php\\\/2022\\\/04\\\/22\\\/u-20-dana-dvaput-se-zarazila-koronom\\\/\"]}]},{\"@type\":\"ImageObject\",\"inLanguage\":\"hr\",\"@id\":\"https:\\\/\\\/radioljubuski.ba\\\/index.php\\\/2022\\\/04\\\/22\\\/u-20-dana-dvaput-se-zarazila-koronom\\\/#primaryimage\",\"url\":\"https:\\\/\\\/radioljubuski.ba\\\/wp-content\\\/uploads\\\/2022\\\/04\\\/3-2022-04-21-16-21-48-1645093409-glavobolja-koronavirus-900x600-1.jpg\",\"contentUrl\":\"https:\\\/\\\/radioljubuski.ba\\\/wp-content\\\/uploads\\\/2022\\\/04\\\/3-2022-04-21-16-21-48-1645093409-glavobolja-koronavirus-900x600-1.jpg\",\"width\":1000,\"height\":625},{\"@type\":\"BreadcrumbList\",\"@id\":\"https:\\\/\\\/radioljubuski.ba\\\/index.php\\\/2022\\\/04\\\/22\\\/u-20-dana-dvaput-se-zarazila-koronom\\\/#breadcrumb\",\"itemListElement\":[{\"@type\":\"ListItem\",\"position\":1,\"name\":\"Po\u010detna stranica\",\"item\":\"https:\\\/\\\/radioljubuski.ba\\\/\"},{\"@type\":\"ListItem\",\"position\":2,\"name\":\"U 20 dana, dvaput se zarazila koronom\"}]},{\"@type\":\"WebSite\",\"@id\":\"https:\\\/\\\/radioljubuski.ba\\\/#website\",\"url\":\"https:\\\/\\\/radioljubuski.ba\\\/\",\"name\":\"Radio Ljubu\u0161ki\",\"description\":\"Sun\u010dana frekvencija Hercegovine\",\"publisher\":{\"@id\":\"https:\\\/\\\/radioljubuski.ba\\\/#organization\"},\"potentialAction\":[{\"@type\":\"SearchAction\",\"target\":{\"@type\":\"EntryPoint\",\"urlTemplate\":\"https:\\\/\\\/radioljubuski.ba\\\/?s={search_term_string}\"},\"query-input\":{\"@type\":\"PropertyValueSpecification\",\"valueRequired\":true,\"valueName\":\"search_term_string\"}}],\"inLanguage\":\"hr\"},{\"@type\":\"Organization\",\"@id\":\"https:\\\/\\\/radioljubuski.ba\\\/#organization\",\"name\":\"Radio Ljubu\u0161ki\",\"url\":\"https:\\\/\\\/radioljubuski.ba\\\/\",\"logo\":{\"@type\":\"ImageObject\",\"inLanguage\":\"hr\",\"@id\":\"https:\\\/\\\/radioljubuski.ba\\\/#\\\/schema\\\/logo\\\/image\\\/\",\"url\":\"https:\\\/\\\/radioljubuski.ba\\\/wp-content\\\/uploads\\\/2021\\\/02\\\/cropped-Radio_Ljubuski_logo1.jpg\",\"contentUrl\":\"https:\\\/\\\/radioljubuski.ba\\\/wp-content\\\/uploads\\\/2021\\\/02\\\/cropped-Radio_Ljubuski_logo1.jpg\",\"width\":512,\"height\":512,\"caption\":\"Radio Ljubu\u0161ki\"},\"image\":{\"@id\":\"https:\\\/\\\/radioljubuski.ba\\\/#\\\/schema\\\/logo\\\/image\\\/\"},\"sameAs\":[\"https:\\\/\\\/www.facebook.com\\\/Radiio-Ljubuski-1490835324566332\",\"https:\\\/\\\/x.com\\\/radioljubuski\",\"https:\\\/\\\/hr.linkedin.com\\\/company\\\/radio-ljubuski\",\"https:\\\/\\\/www.youtube.com\\\/channel\\\/UCHYaeO_n0Db3tjNGudGpXyw\"]},{\"@type\":\"Person\",\"@id\":\"https:\\\/\\\/radioljubuski.ba\\\/#\\\/schema\\\/person\\\/19fc700381a780f69665d7956c469e3b\",\"name\":\"Radio Ljubu\u0161ki\"}]}<\/script>\n<!-- \/ Yoast SEO plugin. -->","yoast_head_json":{"title":"U 20 dana, dvaput se zarazila koronom - RADIO LJUBU\u0160KI","robots":{"index":"index","follow":"follow","max-snippet":"max-snippet:-1","max-image-preview":"max-image-preview:large","max-video-preview":"max-video-preview:-1"},"canonical":"https:\/\/radioljubuski.ba\/index.php\/2022\/04\/22\/u-20-dana-dvaput-se-zarazila-koronom\/","og_locale":"hr_HR","og_type":"article","og_title":"U 20 dana, dvaput se zarazila koronom - RADIO LJUBU\u0160KI","og_description":"Tridesetjednogodi\u0161nja \u0161panjolska zdravstvena radnica koronavirusom se zarazila dvaput u roku od 20 dana, \u0161to je dosad najkra\u0107i poznati razmak izme\u0111u dviju infekcija, tvrde \u0161panjolski znanstvenici. Testiranja su pokazala da se \u0160panjolka zarazila dvjema razli\u010ditim varijantama \u2013 deltom krajem prosinca i zatim omikronom u sije\u010dnju. To je dokaz da se, premda ste ranije preboljeli covid-19 i [&hellip;]","og_url":"https:\/\/radioljubuski.ba\/index.php\/2022\/04\/22\/u-20-dana-dvaput-se-zarazila-koronom\/","og_site_name":"RADIO LJUBU\u0160KI","article_publisher":"https:\/\/www.facebook.com\/Radiio-Ljubuski-1490835324566332","article_published_time":"2022-04-22T09:13:05+00:00","article_modified_time":"2022-04-22T09:13:06+00:00","og_image":[{"width":1000,"height":625,"url":"https:\/\/radioljubuski.ba\/wp-content\/uploads\/2022\/04\/3-2022-04-21-16-21-48-1645093409-glavobolja-koronavirus-900x600-1.jpg","type":"image\/jpeg"}],"author":"Radio Ljubu\u0161ki","twitter_card":"summary_large_image","twitter_creator":"@radioljubuski","twitter_site":"@radioljubuski","twitter_misc":{"Napisao\/la":"Radio Ljubu\u0161ki","Procijenjeno vrijeme \u010ditanja":"2 minute"},"schema":{"@context":"https:\/\/schema.org","@graph":[{"@type":"Article","@id":"https:\/\/radioljubuski.ba\/index.php\/2022\/04\/22\/u-20-dana-dvaput-se-zarazila-koronom\/#article","isPartOf":{"@id":"https:\/\/radioljubuski.ba\/index.php\/2022\/04\/22\/u-20-dana-dvaput-se-zarazila-koronom\/"},"author":{"name":"Radio Ljubu\u0161ki","@id":"https:\/\/radioljubuski.ba\/#\/schema\/person\/19fc700381a780f69665d7956c469e3b"},"headline":"U 20 dana, dvaput se zarazila koronom","datePublished":"2022-04-22T09:13:05+00:00","dateModified":"2022-04-22T09:13:06+00:00","mainEntityOfPage":{"@id":"https:\/\/radioljubuski.ba\/index.php\/2022\/04\/22\/u-20-dana-dvaput-se-zarazila-koronom\/"},"wordCount":465,"publisher":{"@id":"https:\/\/radioljubuski.ba\/#organization"},"image":{"@id":"https:\/\/radioljubuski.ba\/index.php\/2022\/04\/22\/u-20-dana-dvaput-se-zarazila-koronom\/#primaryimage"},"thumbnailUrl":"https:\/\/radioljubuski.ba\/wp-content\/uploads\/2022\/04\/3-2022-04-21-16-21-48-1645093409-glavobolja-koronavirus-900x600-1.jpg","articleSection":["BIH i regija"],"inLanguage":"hr"},{"@type":"WebPage","@id":"https:\/\/radioljubuski.ba\/index.php\/2022\/04\/22\/u-20-dana-dvaput-se-zarazila-koronom\/","url":"https:\/\/radioljubuski.ba\/index.php\/2022\/04\/22\/u-20-dana-dvaput-se-zarazila-koronom\/","name":"U 20 dana, dvaput se zarazila koronom - RADIO LJUBU\u0160KI","isPartOf":{"@id":"https:\/\/radioljubuski.ba\/#website"},"primaryImageOfPage":{"@id":"https:\/\/radioljubuski.ba\/index.php\/2022\/04\/22\/u-20-dana-dvaput-se-zarazila-koronom\/#primaryimage"},"image":{"@id":"https:\/\/radioljubuski.ba\/index.php\/2022\/04\/22\/u-20-dana-dvaput-se-zarazila-koronom\/#primaryimage"},"thumbnailUrl":"https:\/\/radioljubuski.ba\/wp-content\/uploads\/2022\/04\/3-2022-04-21-16-21-48-1645093409-glavobolja-koronavirus-900x600-1.jpg","datePublished":"2022-04-22T09:13:05+00:00","dateModified":"2022-04-22T09:13:06+00:00","breadcrumb":{"@id":"https:\/\/radioljubuski.ba\/index.php\/2022\/04\/22\/u-20-dana-dvaput-se-zarazila-koronom\/#breadcrumb"},"inLanguage":"hr","potentialAction":[{"@type":"ReadAction","target":["https:\/\/radioljubuski.ba\/index.php\/2022\/04\/22\/u-20-dana-dvaput-se-zarazila-koronom\/"]}]},{"@type":"ImageObject","inLanguage":"hr","@id":"https:\/\/radioljubuski.ba\/index.php\/2022\/04\/22\/u-20-dana-dvaput-se-zarazila-koronom\/#primaryimage","url":"https:\/\/radioljubuski.ba\/wp-content\/uploads\/2022\/04\/3-2022-04-21-16-21-48-1645093409-glavobolja-koronavirus-900x600-1.jpg","contentUrl":"https:\/\/radioljubuski.ba\/wp-content\/uploads\/2022\/04\/3-2022-04-21-16-21-48-1645093409-glavobolja-koronavirus-900x600-1.jpg","width":1000,"height":625},{"@type":"BreadcrumbList","@id":"https:\/\/radioljubuski.ba\/index.php\/2022\/04\/22\/u-20-dana-dvaput-se-zarazila-koronom\/#breadcrumb","itemListElement":[{"@type":"ListItem","position":1,"name":"Po\u010detna stranica","item":"https:\/\/radioljubuski.ba\/"},{"@type":"ListItem","position":2,"name":"U 20 dana, dvaput se zarazila koronom"}]},{"@type":"WebSite","@id":"https:\/\/radioljubuski.ba\/#website","url":"https:\/\/radioljubuski.ba\/","name":"Radio Ljubu\u0161ki","description":"Sun\u010dana frekvencija Hercegovine","publisher":{"@id":"https:\/\/radioljubuski.ba\/#organization"},"potentialAction":[{"@type":"SearchAction","target":{"@type":"EntryPoint","urlTemplate":"https:\/\/radioljubuski.ba\/?s={search_term_string}"},"query-input":{"@type":"PropertyValueSpecification","valueRequired":true,"valueName":"search_term_string"}}],"inLanguage":"hr"},{"@type":"Organization","@id":"https:\/\/radioljubuski.ba\/#organization","name":"Radio Ljubu\u0161ki","url":"https:\/\/radioljubuski.ba\/","logo":{"@type":"ImageObject","inLanguage":"hr","@id":"https:\/\/radioljubuski.ba\/#\/schema\/logo\/image\/","url":"https:\/\/radioljubuski.ba\/wp-content\/uploads\/2021\/02\/cropped-Radio_Ljubuski_logo1.jpg","contentUrl":"https:\/\/radioljubuski.ba\/wp-content\/uploads\/2021\/02\/cropped-Radio_Ljubuski_logo1.jpg","width":512,"height":512,"caption":"Radio Ljubu\u0161ki"},"image":{"@id":"https:\/\/radioljubuski.ba\/#\/schema\/logo\/image\/"},"sameAs":["https:\/\/www.facebook.com\/Radiio-Ljubuski-1490835324566332","https:\/\/x.com\/radioljubuski","https:\/\/hr.linkedin.com\/company\/radio-ljubuski","https:\/\/www.youtube.com\/channel\/UCHYaeO_n0Db3tjNGudGpXyw"]},{"@type":"Person","@id":"https:\/\/radioljubuski.ba\/#\/schema\/person\/19fc700381a780f69665d7956c469e3b","name":"Radio Ljubu\u0161ki"}]}},"_links":{"self":[{"href":"https:\/\/radioljubuski.ba\/index.php\/wp-json\/wp\/v2\/posts\/135071","targetHints":{"allow":["GET"]}}],"collection":[{"href":"https:\/\/radioljubuski.ba\/index.php\/wp-json\/wp\/v2\/posts"}],"about":[{"href":"https:\/\/radioljubuski.ba\/index.php\/wp-json\/wp\/v2\/types\/post"}],"author":[{"embeddable":true,"href":"https:\/\/radioljubuski.ba\/index.php\/wp-json\/wp\/v2\/users\/2"}],"replies":[{"embeddable":true,"href":"https:\/\/radioljubuski.ba\/index.php\/wp-json\/wp\/v2\/comments?post=135071"}],"version-history":[{"count":1,"href":"https:\/\/radioljubuski.ba\/index.php\/wp-json\/wp\/v2\/posts\/135071\/revisions"}],"predecessor-version":[{"id":135073,"href":"https:\/\/radioljubuski.ba\/index.php\/wp-json\/wp\/v2\/posts\/135071\/revisions\/135073"}],"wp:featuredmedia":[{"embeddable":true,"href":"https:\/\/radioljubuski.ba\/index.php\/wp-json\/wp\/v2\/media\/135072"}],"wp:attachment":[{"href":"https:\/\/radioljubuski.ba\/index.php\/wp-json\/wp\/v2\/media?parent=135071"}],"wp:term":[{"taxonomy":"category","embeddable":true,"href":"https:\/\/radioljubuski.ba\/index.php\/wp-json\/wp\/v2\/categories?post=135071"},{"taxonomy":"post_tag","embeddable":true,"href":"https:\/\/radioljubuski.ba\/index.php\/wp-json\/wp\/v2\/tags?post=135071"}],"curies":[{"name":"wp","href":"https:\/\/api.w.org\/{rel}","templated":true}]}}