{"id":135100,"date":"2022-04-22T10:24:58","date_gmt":"2022-04-22T09:24:58","guid":{"rendered":"https:\/\/radioljubuski.ba\/?p=135100"},"modified":"2022-04-22T10:24:59","modified_gmt":"2022-04-22T09:24:59","slug":"u-40-godina-postojanja-prodano-vise-od-14-milijuna-opel-corsi","status":"publish","type":"post","link":"https:\/\/radioljubuski.ba\/index.php\/2022\/04\/22\/u-40-godina-postojanja-prodano-vise-od-14-milijuna-opel-corsi\/","title":{"rendered":"U 40 godina postojanja prodano vi\u0161e od 14 milijuna Opel Corsi"},"content":{"rendered":"\n<p>Opel Corsa iz temelja je&nbsp;promijenila klasu malih automobila&nbsp;kada se pojavila 1982. godine, a danas, u svojoj \u0161estoj generaciji, tra\u017eenija je nego ikad.<\/p>\n\n\n\n<p>Pro\u0161le godine trenuta\u010dna je Corsa bila&nbsp;najpopularniji mali automobil u Njema\u010dkoj&nbsp;i najprodavaniji automobil u Ujedinjenom Kraljevstvu.<\/p>\n\n\n\n<p>Baterijska elektri\u010dna Opel Corsa-e osvojila je nagradu&nbsp;\u201eZlatni volan 2020.\u201d&nbsp;i ve\u0107 sada \u010dini oko jednu \u010detvrtinu prodaje Corse. Ali da bi se u potpunosti razumjela popularnost Corse od njezina predstavljanja 1982., najprije treba pogledati&nbsp;drugi uspje\u0161an model&nbsp;s amblemom Blitz \u2013 Opel Kadett.<\/p>\n\n\n\n<p>Mali automobil zami\u0161ljen i izra\u0111en kako bi se&nbsp;mobilnost pribli\u017eila ve\u0107em broju&nbsp;ljudi u vrijeme kada je vo\u017enja automobila jo\u0161 uvijek bila luksuz. Zatim su kroz desetlje\u0107a kupci brzo postali pronicljiviji kako se njihovo blagostanje pove\u0107avalo.&nbsp;Mali Kadett postao je ve\u0107i&nbsp;i sna\u017eniji u drugoj polovici 20. stolje\u0107a, pribli\u017eavaju\u0107i se&nbsp;kompaktnoj klasi&nbsp;svakom novom verzijom.<\/p>\n\n\n\n<p>Time je otvoren prostor za&nbsp;R\u00fcsselsheimov klasi\u010dni&nbsp;ulazni model.<\/p>\n\n\n\n<p>Zato je bilo vrijeme za novi, zaista mali automobil \u2013 vrijeme za Corsu.&nbsp;Novi mali model&nbsp;prvi je put izi\u0161ao s proizvodne trake u jesen 1982. u novoizgra\u0111enoj&nbsp;tvornici automobila u Zaragozi&nbsp;i odmah je krenuo putem da postane bestseler za Opel.<\/p>\n\n\n\n<p>Do danas \u2013&nbsp;40 godina nakon predstavljanja&nbsp;\u2013 vi\u0161e od 14 milijuna primjeraka&nbsp;napustilo je tvornice, od kojih je ve\u0107ina proizvedena u Zaragozi i Eisenachu. Taj je uspjeh postignut zahvaljuju\u0107i&nbsp;brojnim vrhunskim tehnologijama&nbsp;koje su predstavljene u raznim generacijama Corse i koje su prije bile dostupne samo u vi\u0161im klasama vozila.<\/p>\n\n\n\n<p>To uklju\u010duje&nbsp;sustave za sigurnost i pomo\u0107&nbsp;voza\u010du poput sustava ABS i zra\u010dnih jastuka, kao i prednje kamere s pokazateljem udaljenosti, prepoznavanja prometnih znakova i pomo\u0107i za ostanak u voznoj traci te, odnedavno,&nbsp;prilagodljivih svjetala&nbsp;bez zasljepljivanja Intelli-Lux LED\u00ae Matrix.<\/p>\n\n\n\n<p>Sada u svojoj \u0161estoj generaciji,&nbsp;najprodavaniji mali automobil&nbsp;pokazuje koliko je prikladan za budu\u0107nost. Od 2019. tako\u0111er je i prvi put bez emisija: kao baterijska elektri\u010dna Opel Corsa-e.<\/p>\n\n\n\n<p>Izvor:jabuka.tv<\/p>\n","protected":false},"excerpt":{"rendered":"<p>Opel Corsa iz temelja je&nbsp;promijenila klasu malih automobila&nbsp;kada se pojavila 1982. godine, a danas, u svojoj \u0161estoj generaciji, tra\u017eenija je nego ikad. Pro\u0161le godine trenuta\u010dna je Corsa bila&nbsp;najpopularniji mali automobil u Njema\u010dkoj&nbsp;i najprodavaniji automobil u Ujedinjenom Kraljevstvu. Baterijska elektri\u010dna Opel Corsa-e osvojila je nagradu&nbsp;\u201eZlatni volan 2020.\u201d&nbsp;i ve\u0107 sada \u010dini oko jednu \u010detvrtinu prodaje Corse. Ali [&hellip;]<\/p>\n","protected":false},"author":2,"featured_media":135101,"comment_status":"closed","ping_status":"closed","sticky":false,"template":"","format":"standard","meta":{"h5ap_radio_sources":[],"footnotes":""},"categories":[1],"tags":[],"class_list":["post-135100","post","type-post","status-publish","format-standard","has-post-thumbnail","hentry","category-bihiregija"],"yoast_head":"<!-- This site is optimized with the Yoast SEO plugin v27.4 - https:\/\/yoast.com\/product\/yoast-seo-wordpress\/ -->\n<title>U 40 godina postojanja prodano vi\u0161e od 14 milijuna Opel Corsi - RADIO LJUBU\u0160KI<\/title>\n<meta name=\"robots\" content=\"index, follow, max-snippet:-1, max-image-preview:large, max-video-preview:-1\" \/>\n<link rel=\"canonical\" href=\"https:\/\/radioljubuski.ba\/index.php\/2022\/04\/22\/u-40-godina-postojanja-prodano-vise-od-14-milijuna-opel-corsi\/\" \/>\n<meta property=\"og:locale\" content=\"hr_HR\" \/>\n<meta property=\"og:type\" content=\"article\" \/>\n<meta property=\"og:title\" content=\"U 40 godina postojanja prodano vi\u0161e od 14 milijuna Opel Corsi - RADIO LJUBU\u0160KI\" \/>\n<meta property=\"og:description\" content=\"Opel Corsa iz temelja je&nbsp;promijenila klasu malih automobila&nbsp;kada se pojavila 1982. godine, a danas, u svojoj \u0161estoj generaciji, tra\u017eenija je nego ikad. Pro\u0161le godine trenuta\u010dna je Corsa bila&nbsp;najpopularniji mali automobil u Njema\u010dkoj&nbsp;i najprodavaniji automobil u Ujedinjenom Kraljevstvu. Baterijska elektri\u010dna Opel Corsa-e osvojila je nagradu&nbsp;\u201eZlatni volan 2020.\u201d&nbsp;i ve\u0107 sada \u010dini oko jednu \u010detvrtinu prodaje Corse. Ali [&hellip;]\" \/>\n<meta property=\"og:url\" content=\"https:\/\/radioljubuski.ba\/index.php\/2022\/04\/22\/u-40-godina-postojanja-prodano-vise-od-14-milijuna-opel-corsi\/\" \/>\n<meta property=\"og:site_name\" content=\"RADIO LJUBU\u0160KI\" \/>\n<meta property=\"article:publisher\" content=\"https:\/\/www.facebook.com\/Radiio-Ljubuski-1490835324566332\" \/>\n<meta property=\"article:published_time\" content=\"2022-04-22T09:24:58+00:00\" \/>\n<meta property=\"article:modified_time\" content=\"2022-04-22T09:24:59+00:00\" \/>\n<meta property=\"og:image\" content=\"https:\/\/radioljubuski.ba\/wp-content\/uploads\/2022\/04\/10-2022-04-21-18-50-24-opel-corsa-1.jpg\" \/>\n\t<meta property=\"og:image:width\" content=\"1000\" \/>\n\t<meta property=\"og:image:height\" content=\"625\" \/>\n\t<meta property=\"og:image:type\" content=\"image\/jpeg\" \/>\n<meta name=\"author\" content=\"Radio Ljubu\u0161ki\" \/>\n<meta name=\"twitter:card\" content=\"summary_large_image\" \/>\n<meta name=\"twitter:creator\" content=\"@radioljubuski\" \/>\n<meta name=\"twitter:site\" content=\"@radioljubuski\" \/>\n<meta name=\"twitter:label1\" content=\"Napisao\/la\" \/>\n\t<meta name=\"twitter:data1\" content=\"Radio Ljubu\u0161ki\" \/>\n\t<meta name=\"twitter:label2\" content=\"Procijenjeno vrijeme \u010ditanja\" \/>\n\t<meta name=\"twitter:data2\" content=\"2 minute\" \/>\n<script type=\"application\/ld+json\" class=\"yoast-schema-graph\">{\"@context\":\"https:\\\/\\\/schema.org\",\"@graph\":[{\"@type\":\"Article\",\"@id\":\"https:\\\/\\\/radioljubuski.ba\\\/index.php\\\/2022\\\/04\\\/22\\\/u-40-godina-postojanja-prodano-vise-od-14-milijuna-opel-corsi\\\/#article\",\"isPartOf\":{\"@id\":\"https:\\\/\\\/radioljubuski.ba\\\/index.php\\\/2022\\\/04\\\/22\\\/u-40-godina-postojanja-prodano-vise-od-14-milijuna-opel-corsi\\\/\"},\"author\":{\"name\":\"Radio Ljubu\u0161ki\",\"@id\":\"https:\\\/\\\/radioljubuski.ba\\\/#\\\/schema\\\/person\\\/19fc700381a780f69665d7956c469e3b\"},\"headline\":\"U 40 godina postojanja prodano vi\u0161e od 14 milijuna Opel Corsi\",\"datePublished\":\"2022-04-22T09:24:58+00:00\",\"dateModified\":\"2022-04-22T09:24:59+00:00\",\"mainEntityOfPage\":{\"@id\":\"https:\\\/\\\/radioljubuski.ba\\\/index.php\\\/2022\\\/04\\\/22\\\/u-40-godina-postojanja-prodano-vise-od-14-milijuna-opel-corsi\\\/\"},\"wordCount\":375,\"publisher\":{\"@id\":\"https:\\\/\\\/radioljubuski.ba\\\/#organization\"},\"image\":{\"@id\":\"https:\\\/\\\/radioljubuski.ba\\\/index.php\\\/2022\\\/04\\\/22\\\/u-40-godina-postojanja-prodano-vise-od-14-milijuna-opel-corsi\\\/#primaryimage\"},\"thumbnailUrl\":\"https:\\\/\\\/radioljubuski.ba\\\/wp-content\\\/uploads\\\/2022\\\/04\\\/10-2022-04-21-18-50-24-opel-corsa-1.jpg\",\"articleSection\":[\"BIH i regija\"],\"inLanguage\":\"hr\"},{\"@type\":\"WebPage\",\"@id\":\"https:\\\/\\\/radioljubuski.ba\\\/index.php\\\/2022\\\/04\\\/22\\\/u-40-godina-postojanja-prodano-vise-od-14-milijuna-opel-corsi\\\/\",\"url\":\"https:\\\/\\\/radioljubuski.ba\\\/index.php\\\/2022\\\/04\\\/22\\\/u-40-godina-postojanja-prodano-vise-od-14-milijuna-opel-corsi\\\/\",\"name\":\"U 40 godina postojanja prodano vi\u0161e od 14 milijuna Opel Corsi - RADIO LJUBU\u0160KI\",\"isPartOf\":{\"@id\":\"https:\\\/\\\/radioljubuski.ba\\\/#website\"},\"primaryImageOfPage\":{\"@id\":\"https:\\\/\\\/radioljubuski.ba\\\/index.php\\\/2022\\\/04\\\/22\\\/u-40-godina-postojanja-prodano-vise-od-14-milijuna-opel-corsi\\\/#primaryimage\"},\"image\":{\"@id\":\"https:\\\/\\\/radioljubuski.ba\\\/index.php\\\/2022\\\/04\\\/22\\\/u-40-godina-postojanja-prodano-vise-od-14-milijuna-opel-corsi\\\/#primaryimage\"},\"thumbnailUrl\":\"https:\\\/\\\/radioljubuski.ba\\\/wp-content\\\/uploads\\\/2022\\\/04\\\/10-2022-04-21-18-50-24-opel-corsa-1.jpg\",\"datePublished\":\"2022-04-22T09:24:58+00:00\",\"dateModified\":\"2022-04-22T09:24:59+00:00\",\"breadcrumb\":{\"@id\":\"https:\\\/\\\/radioljubuski.ba\\\/index.php\\\/2022\\\/04\\\/22\\\/u-40-godina-postojanja-prodano-vise-od-14-milijuna-opel-corsi\\\/#breadcrumb\"},\"inLanguage\":\"hr\",\"potentialAction\":[{\"@type\":\"ReadAction\",\"target\":[\"https:\\\/\\\/radioljubuski.ba\\\/index.php\\\/2022\\\/04\\\/22\\\/u-40-godina-postojanja-prodano-vise-od-14-milijuna-opel-corsi\\\/\"]}]},{\"@type\":\"ImageObject\",\"inLanguage\":\"hr\",\"@id\":\"https:\\\/\\\/radioljubuski.ba\\\/index.php\\\/2022\\\/04\\\/22\\\/u-40-godina-postojanja-prodano-vise-od-14-milijuna-opel-corsi\\\/#primaryimage\",\"url\":\"https:\\\/\\\/radioljubuski.ba\\\/wp-content\\\/uploads\\\/2022\\\/04\\\/10-2022-04-21-18-50-24-opel-corsa-1.jpg\",\"contentUrl\":\"https:\\\/\\\/radioljubuski.ba\\\/wp-content\\\/uploads\\\/2022\\\/04\\\/10-2022-04-21-18-50-24-opel-corsa-1.jpg\",\"width\":1000,\"height\":625},{\"@type\":\"BreadcrumbList\",\"@id\":\"https:\\\/\\\/radioljubuski.ba\\\/index.php\\\/2022\\\/04\\\/22\\\/u-40-godina-postojanja-prodano-vise-od-14-milijuna-opel-corsi\\\/#breadcrumb\",\"itemListElement\":[{\"@type\":\"ListItem\",\"position\":1,\"name\":\"Po\u010detna stranica\",\"item\":\"https:\\\/\\\/radioljubuski.ba\\\/\"},{\"@type\":\"ListItem\",\"position\":2,\"name\":\"U 40 godina postojanja prodano vi\u0161e od 14 milijuna Opel Corsi\"}]},{\"@type\":\"WebSite\",\"@id\":\"https:\\\/\\\/radioljubuski.ba\\\/#website\",\"url\":\"https:\\\/\\\/radioljubuski.ba\\\/\",\"name\":\"Radio Ljubu\u0161ki\",\"description\":\"Sun\u010dana frekvencija Hercegovine\",\"publisher\":{\"@id\":\"https:\\\/\\\/radioljubuski.ba\\\/#organization\"},\"potentialAction\":[{\"@type\":\"SearchAction\",\"target\":{\"@type\":\"EntryPoint\",\"urlTemplate\":\"https:\\\/\\\/radioljubuski.ba\\\/?s={search_term_string}\"},\"query-input\":{\"@type\":\"PropertyValueSpecification\",\"valueRequired\":true,\"valueName\":\"search_term_string\"}}],\"inLanguage\":\"hr\"},{\"@type\":\"Organization\",\"@id\":\"https:\\\/\\\/radioljubuski.ba\\\/#organization\",\"name\":\"Radio Ljubu\u0161ki\",\"url\":\"https:\\\/\\\/radioljubuski.ba\\\/\",\"logo\":{\"@type\":\"ImageObject\",\"inLanguage\":\"hr\",\"@id\":\"https:\\\/\\\/radioljubuski.ba\\\/#\\\/schema\\\/logo\\\/image\\\/\",\"url\":\"https:\\\/\\\/radioljubuski.ba\\\/wp-content\\\/uploads\\\/2021\\\/02\\\/cropped-Radio_Ljubuski_logo1.jpg\",\"contentUrl\":\"https:\\\/\\\/radioljubuski.ba\\\/wp-content\\\/uploads\\\/2021\\\/02\\\/cropped-Radio_Ljubuski_logo1.jpg\",\"width\":512,\"height\":512,\"caption\":\"Radio Ljubu\u0161ki\"},\"image\":{\"@id\":\"https:\\\/\\\/radioljubuski.ba\\\/#\\\/schema\\\/logo\\\/image\\\/\"},\"sameAs\":[\"https:\\\/\\\/www.facebook.com\\\/Radiio-Ljubuski-1490835324566332\",\"https:\\\/\\\/x.com\\\/radioljubuski\",\"https:\\\/\\\/hr.linkedin.com\\\/company\\\/radio-ljubuski\",\"https:\\\/\\\/www.youtube.com\\\/channel\\\/UCHYaeO_n0Db3tjNGudGpXyw\"]},{\"@type\":\"Person\",\"@id\":\"https:\\\/\\\/radioljubuski.ba\\\/#\\\/schema\\\/person\\\/19fc700381a780f69665d7956c469e3b\",\"name\":\"Radio Ljubu\u0161ki\"}]}<\/script>\n<!-- \/ Yoast SEO plugin. -->","yoast_head_json":{"title":"U 40 godina postojanja prodano vi\u0161e od 14 milijuna Opel Corsi - RADIO LJUBU\u0160KI","robots":{"index":"index","follow":"follow","max-snippet":"max-snippet:-1","max-image-preview":"max-image-preview:large","max-video-preview":"max-video-preview:-1"},"canonical":"https:\/\/radioljubuski.ba\/index.php\/2022\/04\/22\/u-40-godina-postojanja-prodano-vise-od-14-milijuna-opel-corsi\/","og_locale":"hr_HR","og_type":"article","og_title":"U 40 godina postojanja prodano vi\u0161e od 14 milijuna Opel Corsi - RADIO LJUBU\u0160KI","og_description":"Opel Corsa iz temelja je&nbsp;promijenila klasu malih automobila&nbsp;kada se pojavila 1982. godine, a danas, u svojoj \u0161estoj generaciji, tra\u017eenija je nego ikad. Pro\u0161le godine trenuta\u010dna je Corsa bila&nbsp;najpopularniji mali automobil u Njema\u010dkoj&nbsp;i najprodavaniji automobil u Ujedinjenom Kraljevstvu. Baterijska elektri\u010dna Opel Corsa-e osvojila je nagradu&nbsp;\u201eZlatni volan 2020.\u201d&nbsp;i ve\u0107 sada \u010dini oko jednu \u010detvrtinu prodaje Corse. Ali [&hellip;]","og_url":"https:\/\/radioljubuski.ba\/index.php\/2022\/04\/22\/u-40-godina-postojanja-prodano-vise-od-14-milijuna-opel-corsi\/","og_site_name":"RADIO LJUBU\u0160KI","article_publisher":"https:\/\/www.facebook.com\/Radiio-Ljubuski-1490835324566332","article_published_time":"2022-04-22T09:24:58+00:00","article_modified_time":"2022-04-22T09:24:59+00:00","og_image":[{"width":1000,"height":625,"url":"https:\/\/radioljubuski.ba\/wp-content\/uploads\/2022\/04\/10-2022-04-21-18-50-24-opel-corsa-1.jpg","type":"image\/jpeg"}],"author":"Radio Ljubu\u0161ki","twitter_card":"summary_large_image","twitter_creator":"@radioljubuski","twitter_site":"@radioljubuski","twitter_misc":{"Napisao\/la":"Radio Ljubu\u0161ki","Procijenjeno vrijeme \u010ditanja":"2 minute"},"schema":{"@context":"https:\/\/schema.org","@graph":[{"@type":"Article","@id":"https:\/\/radioljubuski.ba\/index.php\/2022\/04\/22\/u-40-godina-postojanja-prodano-vise-od-14-milijuna-opel-corsi\/#article","isPartOf":{"@id":"https:\/\/radioljubuski.ba\/index.php\/2022\/04\/22\/u-40-godina-postojanja-prodano-vise-od-14-milijuna-opel-corsi\/"},"author":{"name":"Radio Ljubu\u0161ki","@id":"https:\/\/radioljubuski.ba\/#\/schema\/person\/19fc700381a780f69665d7956c469e3b"},"headline":"U 40 godina postojanja prodano vi\u0161e od 14 milijuna Opel Corsi","datePublished":"2022-04-22T09:24:58+00:00","dateModified":"2022-04-22T09:24:59+00:00","mainEntityOfPage":{"@id":"https:\/\/radioljubuski.ba\/index.php\/2022\/04\/22\/u-40-godina-postojanja-prodano-vise-od-14-milijuna-opel-corsi\/"},"wordCount":375,"publisher":{"@id":"https:\/\/radioljubuski.ba\/#organization"},"image":{"@id":"https:\/\/radioljubuski.ba\/index.php\/2022\/04\/22\/u-40-godina-postojanja-prodano-vise-od-14-milijuna-opel-corsi\/#primaryimage"},"thumbnailUrl":"https:\/\/radioljubuski.ba\/wp-content\/uploads\/2022\/04\/10-2022-04-21-18-50-24-opel-corsa-1.jpg","articleSection":["BIH i regija"],"inLanguage":"hr"},{"@type":"WebPage","@id":"https:\/\/radioljubuski.ba\/index.php\/2022\/04\/22\/u-40-godina-postojanja-prodano-vise-od-14-milijuna-opel-corsi\/","url":"https:\/\/radioljubuski.ba\/index.php\/2022\/04\/22\/u-40-godina-postojanja-prodano-vise-od-14-milijuna-opel-corsi\/","name":"U 40 godina postojanja prodano vi\u0161e od 14 milijuna Opel Corsi - RADIO LJUBU\u0160KI","isPartOf":{"@id":"https:\/\/radioljubuski.ba\/#website"},"primaryImageOfPage":{"@id":"https:\/\/radioljubuski.ba\/index.php\/2022\/04\/22\/u-40-godina-postojanja-prodano-vise-od-14-milijuna-opel-corsi\/#primaryimage"},"image":{"@id":"https:\/\/radioljubuski.ba\/index.php\/2022\/04\/22\/u-40-godina-postojanja-prodano-vise-od-14-milijuna-opel-corsi\/#primaryimage"},"thumbnailUrl":"https:\/\/radioljubuski.ba\/wp-content\/uploads\/2022\/04\/10-2022-04-21-18-50-24-opel-corsa-1.jpg","datePublished":"2022-04-22T09:24:58+00:00","dateModified":"2022-04-22T09:24:59+00:00","breadcrumb":{"@id":"https:\/\/radioljubuski.ba\/index.php\/2022\/04\/22\/u-40-godina-postojanja-prodano-vise-od-14-milijuna-opel-corsi\/#breadcrumb"},"inLanguage":"hr","potentialAction":[{"@type":"ReadAction","target":["https:\/\/radioljubuski.ba\/index.php\/2022\/04\/22\/u-40-godina-postojanja-prodano-vise-od-14-milijuna-opel-corsi\/"]}]},{"@type":"ImageObject","inLanguage":"hr","@id":"https:\/\/radioljubuski.ba\/index.php\/2022\/04\/22\/u-40-godina-postojanja-prodano-vise-od-14-milijuna-opel-corsi\/#primaryimage","url":"https:\/\/radioljubuski.ba\/wp-content\/uploads\/2022\/04\/10-2022-04-21-18-50-24-opel-corsa-1.jpg","contentUrl":"https:\/\/radioljubuski.ba\/wp-content\/uploads\/2022\/04\/10-2022-04-21-18-50-24-opel-corsa-1.jpg","width":1000,"height":625},{"@type":"BreadcrumbList","@id":"https:\/\/radioljubuski.ba\/index.php\/2022\/04\/22\/u-40-godina-postojanja-prodano-vise-od-14-milijuna-opel-corsi\/#breadcrumb","itemListElement":[{"@type":"ListItem","position":1,"name":"Po\u010detna stranica","item":"https:\/\/radioljubuski.ba\/"},{"@type":"ListItem","position":2,"name":"U 40 godina postojanja prodano vi\u0161e od 14 milijuna Opel Corsi"}]},{"@type":"WebSite","@id":"https:\/\/radioljubuski.ba\/#website","url":"https:\/\/radioljubuski.ba\/","name":"Radio Ljubu\u0161ki","description":"Sun\u010dana frekvencija Hercegovine","publisher":{"@id":"https:\/\/radioljubuski.ba\/#organization"},"potentialAction":[{"@type":"SearchAction","target":{"@type":"EntryPoint","urlTemplate":"https:\/\/radioljubuski.ba\/?s={search_term_string}"},"query-input":{"@type":"PropertyValueSpecification","valueRequired":true,"valueName":"search_term_string"}}],"inLanguage":"hr"},{"@type":"Organization","@id":"https:\/\/radioljubuski.ba\/#organization","name":"Radio Ljubu\u0161ki","url":"https:\/\/radioljubuski.ba\/","logo":{"@type":"ImageObject","inLanguage":"hr","@id":"https:\/\/radioljubuski.ba\/#\/schema\/logo\/image\/","url":"https:\/\/radioljubuski.ba\/wp-content\/uploads\/2021\/02\/cropped-Radio_Ljubuski_logo1.jpg","contentUrl":"https:\/\/radioljubuski.ba\/wp-content\/uploads\/2021\/02\/cropped-Radio_Ljubuski_logo1.jpg","width":512,"height":512,"caption":"Radio Ljubu\u0161ki"},"image":{"@id":"https:\/\/radioljubuski.ba\/#\/schema\/logo\/image\/"},"sameAs":["https:\/\/www.facebook.com\/Radiio-Ljubuski-1490835324566332","https:\/\/x.com\/radioljubuski","https:\/\/hr.linkedin.com\/company\/radio-ljubuski","https:\/\/www.youtube.com\/channel\/UCHYaeO_n0Db3tjNGudGpXyw"]},{"@type":"Person","@id":"https:\/\/radioljubuski.ba\/#\/schema\/person\/19fc700381a780f69665d7956c469e3b","name":"Radio Ljubu\u0161ki"}]}},"_links":{"self":[{"href":"https:\/\/radioljubuski.ba\/index.php\/wp-json\/wp\/v2\/posts\/135100","targetHints":{"allow":["GET"]}}],"collection":[{"href":"https:\/\/radioljubuski.ba\/index.php\/wp-json\/wp\/v2\/posts"}],"about":[{"href":"https:\/\/radioljubuski.ba\/index.php\/wp-json\/wp\/v2\/types\/post"}],"author":[{"embeddable":true,"href":"https:\/\/radioljubuski.ba\/index.php\/wp-json\/wp\/v2\/users\/2"}],"replies":[{"embeddable":true,"href":"https:\/\/radioljubuski.ba\/index.php\/wp-json\/wp\/v2\/comments?post=135100"}],"version-history":[{"count":1,"href":"https:\/\/radioljubuski.ba\/index.php\/wp-json\/wp\/v2\/posts\/135100\/revisions"}],"predecessor-version":[{"id":135102,"href":"https:\/\/radioljubuski.ba\/index.php\/wp-json\/wp\/v2\/posts\/135100\/revisions\/135102"}],"wp:featuredmedia":[{"embeddable":true,"href":"https:\/\/radioljubuski.ba\/index.php\/wp-json\/wp\/v2\/media\/135101"}],"wp:attachment":[{"href":"https:\/\/radioljubuski.ba\/index.php\/wp-json\/wp\/v2\/media?parent=135100"}],"wp:term":[{"taxonomy":"category","embeddable":true,"href":"https:\/\/radioljubuski.ba\/index.php\/wp-json\/wp\/v2\/categories?post=135100"},{"taxonomy":"post_tag","embeddable":true,"href":"https:\/\/radioljubuski.ba\/index.php\/wp-json\/wp\/v2\/tags?post=135100"}],"curies":[{"name":"wp","href":"https:\/\/api.w.org\/{rel}","templated":true}]}}